{"id":36282,"date":"2025-02-24T08:19:06","date_gmt":"2025-02-24T07:19:06","guid":{"rendered":"https:\/\/www.markt-kom.com\/?p=230868"},"modified":"2025-02-24T07:36:25","modified_gmt":"2025-02-24T06:36:25","slug":"jerome-rueff-wird-chief-client-officer-bei-valencia","status":"publish","type":"post","link":"https:\/\/www.organisator.ch\/fr\/marketing\/2025-02-24\/jerome-rueff-wird-chief-client-officer-bei-valencia\/","title":{"rendered":"J\u00e9r\u00f4me Rueff devient Chief Client Officer chez Valencia"},"content":{"rendered":"<figure id=\"attachment_230869\" class=\"wp-caption aligncenter\" style=\"width: 1200px;\" aria-describedby=\"caption-attachment-230869\"><a href=\"https:\/\/www.markt-kom.com\/wp-content\/uploads\/2025\/02\/ma-valencia-jerome-rueff.jpg\"><img class=\"size-full wp-image-230869\" src=\"https:\/\/www.markt-kom.com\/wp-content\/uploads\/2025\/02\/ma-valencia-jerome-rueff.jpg\" sizes=\"(max-width: 1200px) 100vw, 1200px\" srcset=\"https:\/\/www.markt-kom.com\/wp-content\/uploads\/2025\/02\/ma-valencia-jerome-rueff.jpg 1200w, https:\/\/www.markt-kom.com\/wp-content\/uploads\/2025\/02\/ma-valencia-jerome-rueff-600x450.jpg 600w, https:\/\/www.markt-kom.com\/wp-content\/uploads\/2025\/02\/ma-valencia-jerome-rueff-1024x768.jpg 1024w, https:\/\/www.markt-kom.com\/wp-content\/uploads\/2025\/02\/ma-valencia-jerome-rueff-768x576.jpg 768w, https:\/\/www.markt-kom.com\/wp-content\/uploads\/2025\/02\/ma-valencia-jerome-rueff-16x12.jpg 16w, https:\/\/www.markt-kom.com\/wp-content\/uploads\/2025\/02\/ma-valencia-jerome-rueff-233x175.jpg 233w, https:\/\/www.markt-kom.com\/wp-content\/uploads\/2025\/02\/ma-valencia-jerome-rueff-467x350.jpg 467w, https:\/\/www.markt-kom.com\/wp-content\/uploads\/2025\/02\/ma-valencia-jerome-rueff-1000x750.jpg 1000w\" alt=\"\" width=\"1200\" height=\"900\" \/><\/a>\r\n<figcaption id=\"caption-attachment-230869\" class=\"wp-caption-text\">(Image : zVg.)<\/figcaption>\r\n<\/figure>\r\n<p>J\u00e9r\u00f4me Rueff \u00e9tait derni\u00e8rement Brand Portfolio Director chez Feldschl\u00f6sschen Getr\u00e4nke \/ Carlsberg Breweries. Dans cette fonction, il \u00e9tait responsable du d\u00e9veloppement strat\u00e9gique et de la gestion du march\u00e9 des marques Feldschl\u00f6sschen et Cardinal et dirigeait une \u00e9quipe d'experts en marketing. En outre, Rueff dispose d'un savoir-faire dans le commerce de d\u00e9tail suisse et d'une profonde compr\u00e9hension des m\u00e9canismes de march\u00e9 et des canaux de distribution sp\u00e9cifiques.<\/p>\r\n<p>Rueff a commenc\u00e9 sa carri\u00e8re apr\u00e8s des \u00e9tudes d'\u00e9conomie \u00e0 l'universit\u00e9 de B\u00e2le et un master en marketing international et gestion strat\u00e9gique \u00e0 l'universit\u00e9 d'Uppsala en Su\u00e8de. En plus de 20 ans, il a acquis une vaste exp\u00e9rience dans l'industrie des produits de grande consommation et des boissons, notamment en occupant diff\u00e9rentes fonctions nationales et internationales au sein du groupe Carlsberg.<\/p>\r\n<p>En tant que Chief Client Officer, J\u00e9r\u00f4me Rueff vient renforcer la direction de Valencia autour de Michael Gerber (CEO), Tommy Schilling (Chief Creative Officer) et Christian Frey (Chief Operating Officer). Ensemble, ils poursuivront le d\u00e9veloppement strat\u00e9gique et op\u00e9rationnel de l'agence, en s'appuyant notamment sur la \"vaste exp\u00e9rience de Rueff en mati\u00e8re de strat\u00e9gie de marque, d'innovation et de d\u00e9veloppement commercial\", selon le communiqu\u00e9. Il se concentrera sur le renforcement du positionnement de Valencia en tant qu'agence la plus centr\u00e9e sur le client en Suisse et veillera \u00e0 ce que les besoins des clients soient toujours au centre des pr\u00e9occupations.<\/p>","protected":false},"excerpt":{"rendered":"<p>L'agence b\u00e2loise Valencia Kommunikation accueille J\u00e9r\u00f4me Rueff en tant que Chief Client Officer (CCO) et int\u00e8gre ainsi la direction. \u00c2g\u00e9 de 46 ans, il a d'abord travaill\u00e9 chez Feldschl\u00f6sschen.<\/p>","protected":false},"author":8,"featured_media":0,"comment_status":"closed","ping_status":"closed","sticky":false,"template":"","format":"standard","meta":{"_acf_changed":false,"_yoast_wpseo_focuskw":"J\u00e9r\u00f4me Rueff","_yoast_wpseo_metadesc":"Valencia Kommunikation: J\u00e9r\u00f4me Rueff, ehemaliger Feldschl\u00f6sschen-Manager, wird neuer CCO und st\u00e4rkt das F\u00fchrungsteam.","articlekey":"","footnotes":""},"categories":[29],"tags":[4345,2853,4704],"class_list":["post-36282","post","type-post","status-publish","format-standard","hentry","category-marketing","tag-business","tag-jobchange","tag-valencia-kommunikation"],"acf":[],"yoast_head":"<!-- This site is optimized with the Yoast SEO plugin v27.5 - https:\/\/yoast.com\/product\/yoast-seo-wordpress\/ -->\n<title>J\u00e9r\u00f4me Rueff wird Chief Client Officer bei Valencia - Organisator<\/title>\n<meta name=\"description\" content=\"Valencia Kommunikation: J\u00e9r\u00f4me Rueff, ehemaliger Feldschl\u00f6sschen-Manager, wird neuer CCO und st\u00e4rkt das F\u00fchrungsteam.\" \/>\n<meta name=\"robots\" content=\"index, follow, max-snippet:-1, max-image-preview:large, max-video-preview:-1\" \/>\n<link rel=\"canonical\" href=\"https:\/\/www.organisator.ch\/fr\/marketing\/2025-02-24\/jerome-rueff-wird-chief-client-officer-bei-valencia\/\" \/>\n<meta property=\"og:locale\" content=\"fr_FR\" \/>\n<meta property=\"og:type\" content=\"article\" \/>\n<meta property=\"og:title\" content=\"J\u00e9r\u00f4me Rueff wird Chief Client Officer bei Valencia - Organisator\" \/>\n<meta property=\"og:description\" content=\"Valencia Kommunikation: J\u00e9r\u00f4me Rueff, ehemaliger Feldschl\u00f6sschen-Manager, wird neuer CCO und st\u00e4rkt das F\u00fchrungsteam.\" \/>\n<meta property=\"og:url\" content=\"https:\/\/www.organisator.ch\/fr\/marketing\/2025-02-24\/jerome-rueff-wird-chief-client-officer-bei-valencia\/\" \/>\n<meta property=\"og:site_name\" content=\"Organisator\" \/>\n<meta property=\"article:publisher\" content=\"https:\/\/www.facebook.com\/OrganisatorFachmagazin\" \/>\n<meta property=\"article:published_time\" content=\"2025-02-24T07:19:06+00:00\" \/>\n<meta name=\"author\" content=\"galledia\" \/>\n<meta name=\"twitter:card\" content=\"summary_large_image\" \/>\n<meta name=\"twitter:creator\" content=\"@admin\" \/>\n<script type=\"application\/ld+json\" class=\"yoast-schema-graph\">{\"@context\":\"https:\\\/\\\/schema.org\",\"@graph\":[{\"@type\":\"Article\",\"@id\":\"https:\\\/\\\/www.organisator.ch\\\/marketing\\\/2025-02-24\\\/jerome-rueff-wird-chief-client-officer-bei-valencia\\\/#article\",\"isPartOf\":{\"@id\":\"https:\\\/\\\/www.organisator.ch\\\/marketing\\\/2025-02-24\\\/jerome-rueff-wird-chief-client-officer-bei-valencia\\\/\"},\"author\":{\"name\":\"galledia\",\"@id\":\"https:\\\/\\\/www.organisator.ch\\\/#\\\/schema\\\/person\\\/4e51799071cd2dd1232ac003643ef5f0\"},\"headline\":\"J\u00e9r\u00f4me Rueff wird Chief Client Officer bei Valencia\",\"datePublished\":\"2025-02-24T07:19:06+00:00\",\"mainEntityOfPage\":{\"@id\":\"https:\\\/\\\/www.organisator.ch\\\/marketing\\\/2025-02-24\\\/jerome-rueff-wird-chief-client-officer-bei-valencia\\\/\"},\"wordCount\":225,\"publisher\":{\"@id\":\"https:\\\/\\\/www.organisator.ch\\\/#organization\"},\"image\":{\"@id\":\"https:\\\/\\\/www.organisator.ch\\\/marketing\\\/2025-02-24\\\/jerome-rueff-wird-chief-client-officer-bei-valencia\\\/#primaryimage\"},\"thumbnailUrl\":\"https:\\\/\\\/www.markt-kom.com\\\/wp-content\\\/uploads\\\/2025\\\/02\\\/ma-valencia-jerome-rueff.jpg\",\"keywords\":[\"Business\",\"Jobchange\",\"Valencia Kommunikation\"],\"articleSection\":[\"MARKETING\"],\"inLanguage\":\"fr-FR\"},{\"@type\":\"WebPage\",\"@id\":\"https:\\\/\\\/www.organisator.ch\\\/marketing\\\/2025-02-24\\\/jerome-rueff-wird-chief-client-officer-bei-valencia\\\/\",\"url\":\"https:\\\/\\\/www.organisator.ch\\\/marketing\\\/2025-02-24\\\/jerome-rueff-wird-chief-client-officer-bei-valencia\\\/\",\"name\":\"J\u00e9r\u00f4me Rueff wird Chief Client Officer bei Valencia - Organisator\",\"isPartOf\":{\"@id\":\"https:\\\/\\\/www.organisator.ch\\\/#website\"},\"primaryImageOfPage\":{\"@id\":\"https:\\\/\\\/www.organisator.ch\\\/marketing\\\/2025-02-24\\\/jerome-rueff-wird-chief-client-officer-bei-valencia\\\/#primaryimage\"},\"image\":{\"@id\":\"https:\\\/\\\/www.organisator.ch\\\/marketing\\\/2025-02-24\\\/jerome-rueff-wird-chief-client-officer-bei-valencia\\\/#primaryimage\"},\"thumbnailUrl\":\"https:\\\/\\\/www.markt-kom.com\\\/wp-content\\\/uploads\\\/2025\\\/02\\\/ma-valencia-jerome-rueff.jpg\",\"datePublished\":\"2025-02-24T07:19:06+00:00\",\"description\":\"Valencia Kommunikation: J\u00e9r\u00f4me Rueff, ehemaliger Feldschl\u00f6sschen-Manager, wird neuer CCO und st\u00e4rkt das F\u00fchrungsteam.\",\"breadcrumb\":{\"@id\":\"https:\\\/\\\/www.organisator.ch\\\/marketing\\\/2025-02-24\\\/jerome-rueff-wird-chief-client-officer-bei-valencia\\\/#breadcrumb\"},\"inLanguage\":\"fr-FR\",\"potentialAction\":[{\"@type\":\"ReadAction\",\"target\":[\"https:\\\/\\\/www.organisator.ch\\\/marketing\\\/2025-02-24\\\/jerome-rueff-wird-chief-client-officer-bei-valencia\\\/\"]}]},{\"@type\":\"ImageObject\",\"inLanguage\":\"fr-FR\",\"@id\":\"https:\\\/\\\/www.organisator.ch\\\/marketing\\\/2025-02-24\\\/jerome-rueff-wird-chief-client-officer-bei-valencia\\\/#primaryimage\",\"url\":\"https:\\\/\\\/www.markt-kom.com\\\/wp-content\\\/uploads\\\/2025\\\/02\\\/ma-valencia-jerome-rueff.jpg\",\"contentUrl\":\"https:\\\/\\\/www.markt-kom.com\\\/wp-content\\\/uploads\\\/2025\\\/02\\\/ma-valencia-jerome-rueff.jpg\"},{\"@type\":\"BreadcrumbList\",\"@id\":\"https:\\\/\\\/www.organisator.ch\\\/marketing\\\/2025-02-24\\\/jerome-rueff-wird-chief-client-officer-bei-valencia\\\/#breadcrumb\",\"itemListElement\":[{\"@type\":\"ListItem\",\"position\":1,\"name\":\"Home\",\"item\":\"https:\\\/\\\/www.organisator.ch\\\/\"},{\"@type\":\"ListItem\",\"position\":2,\"name\":\"J\u00e9r\u00f4me Rueff wird Chief Client Officer bei Valencia\"}]},{\"@type\":\"WebSite\",\"@id\":\"https:\\\/\\\/www.organisator.ch\\\/#website\",\"url\":\"https:\\\/\\\/www.organisator.ch\\\/\",\"name\":\"Organisator\",\"description\":\"Kompetent. Praxisnah. Der ORGANISATOR bereitet in 10 Ausgaben pro Jahr die wesentlichen Themen f\u00fcr F\u00fchrungskr\u00e4fte von KMU auf.\",\"publisher\":{\"@id\":\"https:\\\/\\\/www.organisator.ch\\\/#organization\"},\"potentialAction\":[{\"@type\":\"SearchAction\",\"target\":{\"@type\":\"EntryPoint\",\"urlTemplate\":\"https:\\\/\\\/www.organisator.ch\\\/?s={search_term_string}\"},\"query-input\":{\"@type\":\"PropertyValueSpecification\",\"valueRequired\":true,\"valueName\":\"search_term_string\"}}],\"inLanguage\":\"fr-FR\"},{\"@type\":\"Organization\",\"@id\":\"https:\\\/\\\/www.organisator.ch\\\/#organization\",\"name\":\"Organisator\",\"url\":\"https:\\\/\\\/www.organisator.ch\\\/\",\"logo\":{\"@type\":\"ImageObject\",\"inLanguage\":\"fr-FR\",\"@id\":\"https:\\\/\\\/www.organisator.ch\\\/#\\\/schema\\\/logo\\\/image\\\/\",\"url\":\"https:\\\/\\\/www.organisator.ch\\\/wp-content\\\/uploads\\\/2022\\\/01\\\/Logo_Organisator_Website.png\",\"contentUrl\":\"https:\\\/\\\/www.organisator.ch\\\/wp-content\\\/uploads\\\/2022\\\/01\\\/Logo_Organisator_Website.png\",\"width\":800,\"height\":77,\"caption\":\"Organisator\"},\"image\":{\"@id\":\"https:\\\/\\\/www.organisator.ch\\\/#\\\/schema\\\/logo\\\/image\\\/\"},\"sameAs\":[\"https:\\\/\\\/www.facebook.com\\\/OrganisatorFachmagazin\",\"https:\\\/\\\/www.linkedin.com\\\/showcase\\\/organisator-das-magazin-fr-kmu\",\"https:\\\/\\\/www.xing.com\\\/news\\\/pages\\\/organisator-ch-695\",\"https:\\\/\\\/www.youtube.com\\\/channel\\\/UCGP2Sq0iWaZwT3BdIAQFYpw\"]},{\"@type\":\"Person\",\"@id\":\"https:\\\/\\\/www.organisator.ch\\\/#\\\/schema\\\/person\\\/4e51799071cd2dd1232ac003643ef5f0\",\"name\":\"galledia\",\"image\":{\"@type\":\"ImageObject\",\"inLanguage\":\"fr-FR\",\"@id\":\"https:\\\/\\\/secure.gravatar.com\\\/avatar\\\/78a7f90c01fc2bfc875782a0d4922b37cde2cf184ce347b91316d23cd7f69a36?s=96&d=mm&r=g\",\"url\":\"https:\\\/\\\/secure.gravatar.com\\\/avatar\\\/78a7f90c01fc2bfc875782a0d4922b37cde2cf184ce347b91316d23cd7f69a36?s=96&d=mm&r=g\",\"contentUrl\":\"https:\\\/\\\/secure.gravatar.com\\\/avatar\\\/78a7f90c01fc2bfc875782a0d4922b37cde2cf184ce347b91316d23cd7f69a36?s=96&d=mm&r=g\",\"caption\":\"galledia\"},\"sameAs\":[\"https:\\\/\\\/x.com\\\/admin\"],\"url\":\"https:\\\/\\\/www.organisator.ch\\\/fr\\\/author\\\/galledia\\\/\"}]}<\/script>\n<!-- \/ Yoast SEO plugin. -->","yoast_head_json":{"title":"J\u00e9r\u00f4me Rueff nomm\u00e9 Chief Client Officer chez Valencia - Organisateur","description":"Valencia Kommunikation : J\u00e9r\u00f4me Rueff, ancien manager de Feldschl\u00f6sschen, devient le nouveau CCO et renforce l'\u00e9quipe de direction.","robots":{"index":"index","follow":"follow","max-snippet":"max-snippet:-1","max-image-preview":"max-image-preview:large","max-video-preview":"max-video-preview:-1"},"canonical":"https:\/\/www.organisator.ch\/fr\/marketing\/2025-02-24\/jerome-rueff-wird-chief-client-officer-bei-valencia\/","og_locale":"fr_FR","og_type":"article","og_title":"J\u00e9r\u00f4me Rueff wird Chief Client Officer bei Valencia - Organisator","og_description":"Valencia Kommunikation: J\u00e9r\u00f4me Rueff, ehemaliger Feldschl\u00f6sschen-Manager, wird neuer CCO und st\u00e4rkt das F\u00fchrungsteam.","og_url":"https:\/\/www.organisator.ch\/fr\/marketing\/2025-02-24\/jerome-rueff-wird-chief-client-officer-bei-valencia\/","og_site_name":"Organisator","article_publisher":"https:\/\/www.facebook.com\/OrganisatorFachmagazin","article_published_time":"2025-02-24T07:19:06+00:00","author":"galledia","twitter_card":"summary_large_image","twitter_creator":"@admin","schema":{"@context":"https:\/\/schema.org","@graph":[{"@type":"Article","@id":"https:\/\/www.organisator.ch\/marketing\/2025-02-24\/jerome-rueff-wird-chief-client-officer-bei-valencia\/#article","isPartOf":{"@id":"https:\/\/www.organisator.ch\/marketing\/2025-02-24\/jerome-rueff-wird-chief-client-officer-bei-valencia\/"},"author":{"name":"galledia","@id":"https:\/\/www.organisator.ch\/#\/schema\/person\/4e51799071cd2dd1232ac003643ef5f0"},"headline":"J\u00e9r\u00f4me Rueff wird Chief Client Officer bei Valencia","datePublished":"2025-02-24T07:19:06+00:00","mainEntityOfPage":{"@id":"https:\/\/www.organisator.ch\/marketing\/2025-02-24\/jerome-rueff-wird-chief-client-officer-bei-valencia\/"},"wordCount":225,"publisher":{"@id":"https:\/\/www.organisator.ch\/#organization"},"image":{"@id":"https:\/\/www.organisator.ch\/marketing\/2025-02-24\/jerome-rueff-wird-chief-client-officer-bei-valencia\/#primaryimage"},"thumbnailUrl":"https:\/\/www.markt-kom.com\/wp-content\/uploads\/2025\/02\/ma-valencia-jerome-rueff.jpg","keywords":["Business","Jobchange","Valencia Kommunikation"],"articleSection":["MARKETING"],"inLanguage":"fr-FR"},{"@type":"WebPage","@id":"https:\/\/www.organisator.ch\/marketing\/2025-02-24\/jerome-rueff-wird-chief-client-officer-bei-valencia\/","url":"https:\/\/www.organisator.ch\/marketing\/2025-02-24\/jerome-rueff-wird-chief-client-officer-bei-valencia\/","name":"J\u00e9r\u00f4me Rueff nomm\u00e9 Chief Client Officer chez Valencia - Organisateur","isPartOf":{"@id":"https:\/\/www.organisator.ch\/#website"},"primaryImageOfPage":{"@id":"https:\/\/www.organisator.ch\/marketing\/2025-02-24\/jerome-rueff-wird-chief-client-officer-bei-valencia\/#primaryimage"},"image":{"@id":"https:\/\/www.organisator.ch\/marketing\/2025-02-24\/jerome-rueff-wird-chief-client-officer-bei-valencia\/#primaryimage"},"thumbnailUrl":"https:\/\/www.markt-kom.com\/wp-content\/uploads\/2025\/02\/ma-valencia-jerome-rueff.jpg","datePublished":"2025-02-24T07:19:06+00:00","description":"Valencia Kommunikation : J\u00e9r\u00f4me Rueff, ancien manager de Feldschl\u00f6sschen, devient le nouveau CCO et renforce l'\u00e9quipe de direction.","breadcrumb":{"@id":"https:\/\/www.organisator.ch\/marketing\/2025-02-24\/jerome-rueff-wird-chief-client-officer-bei-valencia\/#breadcrumb"},"inLanguage":"fr-FR","potentialAction":[{"@type":"ReadAction","target":["https:\/\/www.organisator.ch\/marketing\/2025-02-24\/jerome-rueff-wird-chief-client-officer-bei-valencia\/"]}]},{"@type":"ImageObject","inLanguage":"fr-FR","@id":"https:\/\/www.organisator.ch\/marketing\/2025-02-24\/jerome-rueff-wird-chief-client-officer-bei-valencia\/#primaryimage","url":"https:\/\/www.markt-kom.com\/wp-content\/uploads\/2025\/02\/ma-valencia-jerome-rueff.jpg","contentUrl":"https:\/\/www.markt-kom.com\/wp-content\/uploads\/2025\/02\/ma-valencia-jerome-rueff.jpg"},{"@type":"BreadcrumbList","@id":"https:\/\/www.organisator.ch\/marketing\/2025-02-24\/jerome-rueff-wird-chief-client-officer-bei-valencia\/#breadcrumb","itemListElement":[{"@type":"ListItem","position":1,"name":"Home","item":"https:\/\/www.organisator.ch\/"},{"@type":"ListItem","position":2,"name":"J\u00e9r\u00f4me Rueff wird Chief Client Officer bei Valencia"}]},{"@type":"WebSite","@id":"https:\/\/www.organisator.ch\/#website","url":"https:\/\/www.organisator.ch\/","name":"Organisateur","description":"Comp\u00e9tence et comp\u00e9tence. Proches de la pratique. L'ORGANISATEUR pr\u00e9pare 10 num\u00e9ros par an sur les th\u00e8mes essentiels pour les dirigeants de PME.","publisher":{"@id":"https:\/\/www.organisator.ch\/#organization"},"potentialAction":[{"@type":"SearchAction","target":{"@type":"EntryPoint","urlTemplate":"https:\/\/www.organisator.ch\/?s={search_term_string}"},"query-input":{"@type":"PropertyValueSpecification","valueRequired":true,"valueName":"search_term_string"}}],"inLanguage":"fr-FR"},{"@type":"Organization","@id":"https:\/\/www.organisator.ch\/#organization","name":"Organisateur","url":"https:\/\/www.organisator.ch\/","logo":{"@type":"ImageObject","inLanguage":"fr-FR","@id":"https:\/\/www.organisator.ch\/#\/schema\/logo\/image\/","url":"https:\/\/www.organisator.ch\/wp-content\/uploads\/2022\/01\/Logo_Organisator_Website.png","contentUrl":"https:\/\/www.organisator.ch\/wp-content\/uploads\/2022\/01\/Logo_Organisator_Website.png","width":800,"height":77,"caption":"Organisator"},"image":{"@id":"https:\/\/www.organisator.ch\/#\/schema\/logo\/image\/"},"sameAs":["https:\/\/www.facebook.com\/OrganisatorFachmagazin","https:\/\/www.linkedin.com\/showcase\/organisator-das-magazin-fr-kmu","https:\/\/www.xing.com\/news\/pages\/organisator-ch-695","https:\/\/www.youtube.com\/channel\/UCGP2Sq0iWaZwT3BdIAQFYpw"]},{"@type":"Person","@id":"https:\/\/www.organisator.ch\/#\/schema\/person\/4e51799071cd2dd1232ac003643ef5f0","name":"galledia","image":{"@type":"ImageObject","inLanguage":"fr-FR","@id":"https:\/\/secure.gravatar.com\/avatar\/78a7f90c01fc2bfc875782a0d4922b37cde2cf184ce347b91316d23cd7f69a36?s=96&d=mm&r=g","url":"https:\/\/secure.gravatar.com\/avatar\/78a7f90c01fc2bfc875782a0d4922b37cde2cf184ce347b91316d23cd7f69a36?s=96&d=mm&r=g","contentUrl":"https:\/\/secure.gravatar.com\/avatar\/78a7f90c01fc2bfc875782a0d4922b37cde2cf184ce347b91316d23cd7f69a36?s=96&d=mm&r=g","caption":"galledia"},"sameAs":["https:\/\/x.com\/admin"],"url":"https:\/\/www.organisator.ch\/fr\/author\/galledia\/"}]}},"_links":{"self":[{"href":"https:\/\/www.organisator.ch\/fr\/wp-json\/wp\/v2\/posts\/36282","targetHints":{"allow":["GET"]}}],"collection":[{"href":"https:\/\/www.organisator.ch\/fr\/wp-json\/wp\/v2\/posts"}],"about":[{"href":"https:\/\/www.organisator.ch\/fr\/wp-json\/wp\/v2\/types\/post"}],"author":[{"embeddable":true,"href":"https:\/\/www.organisator.ch\/fr\/wp-json\/wp\/v2\/users\/8"}],"replies":[{"embeddable":true,"href":"https:\/\/www.organisator.ch\/fr\/wp-json\/wp\/v2\/comments?post=36282"}],"version-history":[{"count":5,"href":"https:\/\/www.organisator.ch\/fr\/wp-json\/wp\/v2\/posts\/36282\/revisions"}],"predecessor-version":[{"id":36302,"href":"https:\/\/www.organisator.ch\/fr\/wp-json\/wp\/v2\/posts\/36282\/revisions\/36302"}],"wp:attachment":[{"href":"https:\/\/www.organisator.ch\/fr\/wp-json\/wp\/v2\/media?parent=36282"}],"wp:term":[{"taxonomy":"category","embeddable":true,"href":"https:\/\/www.organisator.ch\/fr\/wp-json\/wp\/v2\/categories?post=36282"},{"taxonomy":"post_tag","embeddable":true,"href":"https:\/\/www.organisator.ch\/fr\/wp-json\/wp\/v2\/tags?post=36282"}],"curies":[{"name":"wp","href":"https:\/\/api.w.org\/{rel}","templated":true}]}}