{"id":36286,"date":"2025-02-24T07:35:15","date_gmt":"2025-02-24T06:35:15","guid":{"rendered":"https:\/\/www.markt-kom.com\/?p=230871"},"modified":"2025-02-24T07:35:07","modified_gmt":"2025-02-24T06:35:07","slug":"mediatonic-erneut-an-der-spitze-des-recma-rankings","status":"publish","type":"post","link":"https:\/\/www.organisator.ch\/fr\/marketing\/2025-02-24\/mediatonic-erneut-an-der-spitze-des-recma-rankings\/","title":{"rendered":"Mediatonic \u00e0 nouveau en t\u00eate du classement Recma"},"content":{"rendered":"<figure id=\"attachment_230873\" class=\"wp-caption aligncenter\" style=\"width: 905px;\" aria-describedby=\"caption-attachment-230873\"><a href=\"https:\/\/www.markt-kom.com\/wp-content\/uploads\/2025\/02\/mediatonic-management-muk-zvg.png\"><img class=\"size-full wp-image-230873\" src=\"https:\/\/www.markt-kom.com\/wp-content\/uploads\/2025\/02\/mediatonic-management-muk-zvg.png\" sizes=\"(max-width: 905px) 100vw, 905px\" srcset=\"https:\/\/www.markt-kom.com\/wp-content\/uploads\/2025\/02\/mediatonic-management-muk-zvg.png 905w, https:\/\/www.markt-kom.com\/wp-content\/uploads\/2025\/02\/mediatonic-management-muk-zvg-600x401.png 600w, https:\/\/www.markt-kom.com\/wp-content\/uploads\/2025\/02\/mediatonic-management-muk-zvg-768x513.png 768w, https:\/\/www.markt-kom.com\/wp-content\/uploads\/2025\/02\/mediatonic-management-muk-zvg-18x12.png 18w, https:\/\/www.markt-kom.com\/wp-content\/uploads\/2025\/02\/mediatonic-management-muk-zvg-262x175.png 262w, https:\/\/www.markt-kom.com\/wp-content\/uploads\/2025\/02\/mediatonic-management-muk-zvg-524x350.png 524w\" alt=\"\" width=\"905\" height=\"605\" \/><\/a>\r\n<figcaption id=\"caption-attachment-230873\" class=\"wp-caption-text\">Le management de Mediatonic (de g. \u00e0 dr.) : Claudia Schroeter, co-owner &amp; Head of TV, Marco Rose, co-owner &amp; Head of Strategy, Christian-Kumar Meier, Head of Transformation, Chris Fluckiger, Founder &amp; CEO, Joey Allegro, Financial Officer, Julie Rossi, co-owner &amp; Head of HR and Administration, Matthieu Robert, co-owner &amp; Head of Digital. (Image : zVg.)<\/figcaption>\r\n<\/figure>\r\n<p>Le site <a href=\"https:\/\/www.recma.com\/\" rel=\"noopener\">Soci\u00e9t\u00e9 de recherche \u00e9valuant le secteur des agences de presse Recma<\/a> a \u00e9t\u00e9 fond\u00e9e en 1991 et s'est sp\u00e9cialis\u00e9e dans l'\u00e9valuation et l'analyse des agences de presse dans une soixantaine de pays.<\/p>\r\n<p>Le classement international tient compte non seulement du chiffre d'affaires et de la taille des agences m\u00e9dias, mais aussi et surtout de facteurs tels que les relations de longue date avec les clients, la part de sp\u00e9cialistes dans les strat\u00e9gies m\u00e9dias ax\u00e9es sur les donn\u00e9es et le positionnement sur le march\u00e9.<\/p>\r\n<p>Chris Fluckiger, CEO et fondateur de Mediatonic, voit dans ce nouveau classement une confirmation de la strat\u00e9gie de l'agence : \"Notre position de t\u00eate dans le classement Recma montre que le succ\u00e8s durable ne d\u00e9pend pas uniquement des capacit\u00e9s technologiques. C'est la combinaison de comp\u00e9tences num\u00e9riques, d'expertise humaine et de partenariats \u00e0 long terme qui fait la diff\u00e9rence\".<\/p>\r\n<p>Le paysage m\u00e9diatique suisse est en pleine mutation et les strat\u00e9gies num\u00e9riques gagnent en importance. Dans ce contexte, Mediatonic mise sur une combinaison d'analyses ax\u00e9es sur les donn\u00e9es et de conseils personnalis\u00e9s. Avec cette approche, l'agence veut continuer \u00e0 combiner stabilit\u00e9 et innovation afin de guider ses clients de mani\u00e8re optimale dans le monde changeant des m\u00e9dias.<\/p>","protected":false},"excerpt":{"rendered":"<p>Dans le dernier \"Recma Media agency profile classification Quali-pack Switzerland\", l'agence genevoise Mediatonic occupe la premi\u00e8re place pour la quatri\u00e8me fois cons\u00e9cutive.<\/p>","protected":false},"author":8,"featured_media":0,"comment_status":"closed","ping_status":"closed","sticky":false,"template":"","format":"standard","meta":{"_acf_changed":false,"_yoast_wpseo_focuskw":"Recma-Ranking","_yoast_wpseo_metadesc":"Genfer Agentur Mediatonic: Vierter Spitzenplatz im Recma-Ranking dank digitaler Kompetenz und starker Partnerschaften.","articlekey":"","footnotes":""},"categories":[29],"tags":[4345,2867,5111],"class_list":["post-36286","post","type-post","status-publish","format-standard","hentry","category-marketing","tag-business","tag-mediatonic","tag-recma"],"acf":[],"yoast_head":"<!-- This site is optimized with the Yoast SEO plugin v27.4 - https:\/\/yoast.com\/product\/yoast-seo-wordpress\/ -->\n<title>Mediatonic erneut an der Spitze des Recma-Rankings - Organisator<\/title>\n<meta name=\"description\" content=\"Genfer Agentur Mediatonic: Vierter Spitzenplatz im Recma-Ranking dank digitaler Kompetenz und starker Partnerschaften.\" \/>\n<meta name=\"robots\" content=\"index, follow, max-snippet:-1, max-image-preview:large, max-video-preview:-1\" \/>\n<link rel=\"canonical\" href=\"https:\/\/www.organisator.ch\/fr\/marketing\/2025-02-24\/mediatonic-erneut-an-der-spitze-des-recma-rankings\/\" \/>\n<meta property=\"og:locale\" content=\"fr_FR\" \/>\n<meta property=\"og:type\" content=\"article\" \/>\n<meta property=\"og:title\" content=\"Mediatonic erneut an der Spitze des Recma-Rankings - Organisator\" \/>\n<meta property=\"og:description\" content=\"Genfer Agentur Mediatonic: Vierter Spitzenplatz im Recma-Ranking dank digitaler Kompetenz und starker Partnerschaften.\" \/>\n<meta property=\"og:url\" content=\"https:\/\/www.organisator.ch\/fr\/marketing\/2025-02-24\/mediatonic-erneut-an-der-spitze-des-recma-rankings\/\" \/>\n<meta property=\"og:site_name\" content=\"Organisator\" \/>\n<meta property=\"article:publisher\" content=\"https:\/\/www.facebook.com\/OrganisatorFachmagazin\" \/>\n<meta property=\"article:published_time\" content=\"2025-02-24T06:35:15+00:00\" \/>\n<meta name=\"author\" content=\"galledia\" \/>\n<meta name=\"twitter:card\" content=\"summary_large_image\" \/>\n<meta name=\"twitter:creator\" content=\"@admin\" \/>\n<script type=\"application\/ld+json\" class=\"yoast-schema-graph\">{\"@context\":\"https:\\\/\\\/schema.org\",\"@graph\":[{\"@type\":\"Article\",\"@id\":\"https:\\\/\\\/www.organisator.ch\\\/marketing\\\/2025-02-24\\\/mediatonic-erneut-an-der-spitze-des-recma-rankings\\\/#article\",\"isPartOf\":{\"@id\":\"https:\\\/\\\/www.organisator.ch\\\/marketing\\\/2025-02-24\\\/mediatonic-erneut-an-der-spitze-des-recma-rankings\\\/\"},\"author\":{\"name\":\"galledia\",\"@id\":\"https:\\\/\\\/www.organisator.ch\\\/#\\\/schema\\\/person\\\/4e51799071cd2dd1232ac003643ef5f0\"},\"headline\":\"Mediatonic erneut an der Spitze des Recma-Rankings\",\"datePublished\":\"2025-02-24T06:35:15+00:00\",\"mainEntityOfPage\":{\"@id\":\"https:\\\/\\\/www.organisator.ch\\\/marketing\\\/2025-02-24\\\/mediatonic-erneut-an-der-spitze-des-recma-rankings\\\/\"},\"wordCount\":221,\"publisher\":{\"@id\":\"https:\\\/\\\/www.organisator.ch\\\/#organization\"},\"image\":{\"@id\":\"https:\\\/\\\/www.organisator.ch\\\/marketing\\\/2025-02-24\\\/mediatonic-erneut-an-der-spitze-des-recma-rankings\\\/#primaryimage\"},\"thumbnailUrl\":\"https:\\\/\\\/www.markt-kom.com\\\/wp-content\\\/uploads\\\/2025\\\/02\\\/mediatonic-management-muk-zvg.png\",\"keywords\":[\"Business\",\"Mediatonic\",\"Recma\"],\"articleSection\":[\"MARKETING\"],\"inLanguage\":\"fr-FR\"},{\"@type\":\"WebPage\",\"@id\":\"https:\\\/\\\/www.organisator.ch\\\/marketing\\\/2025-02-24\\\/mediatonic-erneut-an-der-spitze-des-recma-rankings\\\/\",\"url\":\"https:\\\/\\\/www.organisator.ch\\\/marketing\\\/2025-02-24\\\/mediatonic-erneut-an-der-spitze-des-recma-rankings\\\/\",\"name\":\"Mediatonic erneut an der Spitze des Recma-Rankings - Organisator\",\"isPartOf\":{\"@id\":\"https:\\\/\\\/www.organisator.ch\\\/#website\"},\"primaryImageOfPage\":{\"@id\":\"https:\\\/\\\/www.organisator.ch\\\/marketing\\\/2025-02-24\\\/mediatonic-erneut-an-der-spitze-des-recma-rankings\\\/#primaryimage\"},\"image\":{\"@id\":\"https:\\\/\\\/www.organisator.ch\\\/marketing\\\/2025-02-24\\\/mediatonic-erneut-an-der-spitze-des-recma-rankings\\\/#primaryimage\"},\"thumbnailUrl\":\"https:\\\/\\\/www.markt-kom.com\\\/wp-content\\\/uploads\\\/2025\\\/02\\\/mediatonic-management-muk-zvg.png\",\"datePublished\":\"2025-02-24T06:35:15+00:00\",\"description\":\"Genfer Agentur Mediatonic: Vierter Spitzenplatz im Recma-Ranking dank digitaler Kompetenz und starker Partnerschaften.\",\"breadcrumb\":{\"@id\":\"https:\\\/\\\/www.organisator.ch\\\/marketing\\\/2025-02-24\\\/mediatonic-erneut-an-der-spitze-des-recma-rankings\\\/#breadcrumb\"},\"inLanguage\":\"fr-FR\",\"potentialAction\":[{\"@type\":\"ReadAction\",\"target\":[\"https:\\\/\\\/www.organisator.ch\\\/marketing\\\/2025-02-24\\\/mediatonic-erneut-an-der-spitze-des-recma-rankings\\\/\"]}]},{\"@type\":\"ImageObject\",\"inLanguage\":\"fr-FR\",\"@id\":\"https:\\\/\\\/www.organisator.ch\\\/marketing\\\/2025-02-24\\\/mediatonic-erneut-an-der-spitze-des-recma-rankings\\\/#primaryimage\",\"url\":\"https:\\\/\\\/www.markt-kom.com\\\/wp-content\\\/uploads\\\/2025\\\/02\\\/mediatonic-management-muk-zvg.png\",\"contentUrl\":\"https:\\\/\\\/www.markt-kom.com\\\/wp-content\\\/uploads\\\/2025\\\/02\\\/mediatonic-management-muk-zvg.png\"},{\"@type\":\"BreadcrumbList\",\"@id\":\"https:\\\/\\\/www.organisator.ch\\\/marketing\\\/2025-02-24\\\/mediatonic-erneut-an-der-spitze-des-recma-rankings\\\/#breadcrumb\",\"itemListElement\":[{\"@type\":\"ListItem\",\"position\":1,\"name\":\"Home\",\"item\":\"https:\\\/\\\/www.organisator.ch\\\/\"},{\"@type\":\"ListItem\",\"position\":2,\"name\":\"Mediatonic erneut an der Spitze des Recma-Rankings\"}]},{\"@type\":\"WebSite\",\"@id\":\"https:\\\/\\\/www.organisator.ch\\\/#website\",\"url\":\"https:\\\/\\\/www.organisator.ch\\\/\",\"name\":\"Organisator\",\"description\":\"Kompetent. Praxisnah. Der ORGANISATOR bereitet in 10 Ausgaben pro Jahr die wesentlichen Themen f\u00fcr F\u00fchrungskr\u00e4fte von KMU auf.\",\"publisher\":{\"@id\":\"https:\\\/\\\/www.organisator.ch\\\/#organization\"},\"potentialAction\":[{\"@type\":\"SearchAction\",\"target\":{\"@type\":\"EntryPoint\",\"urlTemplate\":\"https:\\\/\\\/www.organisator.ch\\\/?s={search_term_string}\"},\"query-input\":{\"@type\":\"PropertyValueSpecification\",\"valueRequired\":true,\"valueName\":\"search_term_string\"}}],\"inLanguage\":\"fr-FR\"},{\"@type\":\"Organization\",\"@id\":\"https:\\\/\\\/www.organisator.ch\\\/#organization\",\"name\":\"Organisator\",\"url\":\"https:\\\/\\\/www.organisator.ch\\\/\",\"logo\":{\"@type\":\"ImageObject\",\"inLanguage\":\"fr-FR\",\"@id\":\"https:\\\/\\\/www.organisator.ch\\\/#\\\/schema\\\/logo\\\/image\\\/\",\"url\":\"https:\\\/\\\/www.organisator.ch\\\/wp-content\\\/uploads\\\/2022\\\/01\\\/Logo_Organisator_Website.png\",\"contentUrl\":\"https:\\\/\\\/www.organisator.ch\\\/wp-content\\\/uploads\\\/2022\\\/01\\\/Logo_Organisator_Website.png\",\"width\":800,\"height\":77,\"caption\":\"Organisator\"},\"image\":{\"@id\":\"https:\\\/\\\/www.organisator.ch\\\/#\\\/schema\\\/logo\\\/image\\\/\"},\"sameAs\":[\"https:\\\/\\\/www.facebook.com\\\/OrganisatorFachmagazin\",\"https:\\\/\\\/www.linkedin.com\\\/showcase\\\/organisator-das-magazin-fr-kmu\",\"https:\\\/\\\/www.xing.com\\\/news\\\/pages\\\/organisator-ch-695\",\"https:\\\/\\\/www.youtube.com\\\/channel\\\/UCGP2Sq0iWaZwT3BdIAQFYpw\"]},{\"@type\":\"Person\",\"@id\":\"https:\\\/\\\/www.organisator.ch\\\/#\\\/schema\\\/person\\\/4e51799071cd2dd1232ac003643ef5f0\",\"name\":\"galledia\",\"image\":{\"@type\":\"ImageObject\",\"inLanguage\":\"fr-FR\",\"@id\":\"https:\\\/\\\/secure.gravatar.com\\\/avatar\\\/78a7f90c01fc2bfc875782a0d4922b37cde2cf184ce347b91316d23cd7f69a36?s=96&d=mm&r=g\",\"url\":\"https:\\\/\\\/secure.gravatar.com\\\/avatar\\\/78a7f90c01fc2bfc875782a0d4922b37cde2cf184ce347b91316d23cd7f69a36?s=96&d=mm&r=g\",\"contentUrl\":\"https:\\\/\\\/secure.gravatar.com\\\/avatar\\\/78a7f90c01fc2bfc875782a0d4922b37cde2cf184ce347b91316d23cd7f69a36?s=96&d=mm&r=g\",\"caption\":\"galledia\"},\"sameAs\":[\"https:\\\/\\\/x.com\\\/admin\"],\"url\":\"https:\\\/\\\/www.organisator.ch\\\/fr\\\/author\\\/galledia\\\/\"}]}<\/script>\n<!-- \/ Yoast SEO plugin. -->","yoast_head_json":{"title":"Mediatonic \u00e0 nouveau en t\u00eate du classement Recma - Organisateur","description":"Agence genevoise Mediatonic : quatri\u00e8me place dans le classement Recma gr\u00e2ce \u00e0 ses comp\u00e9tences num\u00e9riques et \u00e0 ses solides partenariats.","robots":{"index":"index","follow":"follow","max-snippet":"max-snippet:-1","max-image-preview":"max-image-preview:large","max-video-preview":"max-video-preview:-1"},"canonical":"https:\/\/www.organisator.ch\/fr\/marketing\/2025-02-24\/mediatonic-erneut-an-der-spitze-des-recma-rankings\/","og_locale":"fr_FR","og_type":"article","og_title":"Mediatonic erneut an der Spitze des Recma-Rankings - Organisator","og_description":"Genfer Agentur Mediatonic: Vierter Spitzenplatz im Recma-Ranking dank digitaler Kompetenz und starker Partnerschaften.","og_url":"https:\/\/www.organisator.ch\/fr\/marketing\/2025-02-24\/mediatonic-erneut-an-der-spitze-des-recma-rankings\/","og_site_name":"Organisator","article_publisher":"https:\/\/www.facebook.com\/OrganisatorFachmagazin","article_published_time":"2025-02-24T06:35:15+00:00","author":"galledia","twitter_card":"summary_large_image","twitter_creator":"@admin","schema":{"@context":"https:\/\/schema.org","@graph":[{"@type":"Article","@id":"https:\/\/www.organisator.ch\/marketing\/2025-02-24\/mediatonic-erneut-an-der-spitze-des-recma-rankings\/#article","isPartOf":{"@id":"https:\/\/www.organisator.ch\/marketing\/2025-02-24\/mediatonic-erneut-an-der-spitze-des-recma-rankings\/"},"author":{"name":"galledia","@id":"https:\/\/www.organisator.ch\/#\/schema\/person\/4e51799071cd2dd1232ac003643ef5f0"},"headline":"Mediatonic erneut an der Spitze des Recma-Rankings","datePublished":"2025-02-24T06:35:15+00:00","mainEntityOfPage":{"@id":"https:\/\/www.organisator.ch\/marketing\/2025-02-24\/mediatonic-erneut-an-der-spitze-des-recma-rankings\/"},"wordCount":221,"publisher":{"@id":"https:\/\/www.organisator.ch\/#organization"},"image":{"@id":"https:\/\/www.organisator.ch\/marketing\/2025-02-24\/mediatonic-erneut-an-der-spitze-des-recma-rankings\/#primaryimage"},"thumbnailUrl":"https:\/\/www.markt-kom.com\/wp-content\/uploads\/2025\/02\/mediatonic-management-muk-zvg.png","keywords":["Business","Mediatonic","Recma"],"articleSection":["MARKETING"],"inLanguage":"fr-FR"},{"@type":"WebPage","@id":"https:\/\/www.organisator.ch\/marketing\/2025-02-24\/mediatonic-erneut-an-der-spitze-des-recma-rankings\/","url":"https:\/\/www.organisator.ch\/marketing\/2025-02-24\/mediatonic-erneut-an-der-spitze-des-recma-rankings\/","name":"Mediatonic \u00e0 nouveau en t\u00eate du classement Recma - Organisateur","isPartOf":{"@id":"https:\/\/www.organisator.ch\/#website"},"primaryImageOfPage":{"@id":"https:\/\/www.organisator.ch\/marketing\/2025-02-24\/mediatonic-erneut-an-der-spitze-des-recma-rankings\/#primaryimage"},"image":{"@id":"https:\/\/www.organisator.ch\/marketing\/2025-02-24\/mediatonic-erneut-an-der-spitze-des-recma-rankings\/#primaryimage"},"thumbnailUrl":"https:\/\/www.markt-kom.com\/wp-content\/uploads\/2025\/02\/mediatonic-management-muk-zvg.png","datePublished":"2025-02-24T06:35:15+00:00","description":"Agence genevoise Mediatonic : quatri\u00e8me place dans le classement Recma gr\u00e2ce \u00e0 ses comp\u00e9tences num\u00e9riques et \u00e0 ses solides partenariats.","breadcrumb":{"@id":"https:\/\/www.organisator.ch\/marketing\/2025-02-24\/mediatonic-erneut-an-der-spitze-des-recma-rankings\/#breadcrumb"},"inLanguage":"fr-FR","potentialAction":[{"@type":"ReadAction","target":["https:\/\/www.organisator.ch\/marketing\/2025-02-24\/mediatonic-erneut-an-der-spitze-des-recma-rankings\/"]}]},{"@type":"ImageObject","inLanguage":"fr-FR","@id":"https:\/\/www.organisator.ch\/marketing\/2025-02-24\/mediatonic-erneut-an-der-spitze-des-recma-rankings\/#primaryimage","url":"https:\/\/www.markt-kom.com\/wp-content\/uploads\/2025\/02\/mediatonic-management-muk-zvg.png","contentUrl":"https:\/\/www.markt-kom.com\/wp-content\/uploads\/2025\/02\/mediatonic-management-muk-zvg.png"},{"@type":"BreadcrumbList","@id":"https:\/\/www.organisator.ch\/marketing\/2025-02-24\/mediatonic-erneut-an-der-spitze-des-recma-rankings\/#breadcrumb","itemListElement":[{"@type":"ListItem","position":1,"name":"Home","item":"https:\/\/www.organisator.ch\/"},{"@type":"ListItem","position":2,"name":"Mediatonic erneut an der Spitze des Recma-Rankings"}]},{"@type":"WebSite","@id":"https:\/\/www.organisator.ch\/#website","url":"https:\/\/www.organisator.ch\/","name":"Organisateur","description":"Comp\u00e9tence et comp\u00e9tence. Proches de la pratique. L'ORGANISATEUR pr\u00e9pare 10 num\u00e9ros par an sur les th\u00e8mes essentiels pour les dirigeants de PME.","publisher":{"@id":"https:\/\/www.organisator.ch\/#organization"},"potentialAction":[{"@type":"SearchAction","target":{"@type":"EntryPoint","urlTemplate":"https:\/\/www.organisator.ch\/?s={search_term_string}"},"query-input":{"@type":"PropertyValueSpecification","valueRequired":true,"valueName":"search_term_string"}}],"inLanguage":"fr-FR"},{"@type":"Organization","@id":"https:\/\/www.organisator.ch\/#organization","name":"Organisateur","url":"https:\/\/www.organisator.ch\/","logo":{"@type":"ImageObject","inLanguage":"fr-FR","@id":"https:\/\/www.organisator.ch\/#\/schema\/logo\/image\/","url":"https:\/\/www.organisator.ch\/wp-content\/uploads\/2022\/01\/Logo_Organisator_Website.png","contentUrl":"https:\/\/www.organisator.ch\/wp-content\/uploads\/2022\/01\/Logo_Organisator_Website.png","width":800,"height":77,"caption":"Organisator"},"image":{"@id":"https:\/\/www.organisator.ch\/#\/schema\/logo\/image\/"},"sameAs":["https:\/\/www.facebook.com\/OrganisatorFachmagazin","https:\/\/www.linkedin.com\/showcase\/organisator-das-magazin-fr-kmu","https:\/\/www.xing.com\/news\/pages\/organisator-ch-695","https:\/\/www.youtube.com\/channel\/UCGP2Sq0iWaZwT3BdIAQFYpw"]},{"@type":"Person","@id":"https:\/\/www.organisator.ch\/#\/schema\/person\/4e51799071cd2dd1232ac003643ef5f0","name":"galledia","image":{"@type":"ImageObject","inLanguage":"fr-FR","@id":"https:\/\/secure.gravatar.com\/avatar\/78a7f90c01fc2bfc875782a0d4922b37cde2cf184ce347b91316d23cd7f69a36?s=96&d=mm&r=g","url":"https:\/\/secure.gravatar.com\/avatar\/78a7f90c01fc2bfc875782a0d4922b37cde2cf184ce347b91316d23cd7f69a36?s=96&d=mm&r=g","contentUrl":"https:\/\/secure.gravatar.com\/avatar\/78a7f90c01fc2bfc875782a0d4922b37cde2cf184ce347b91316d23cd7f69a36?s=96&d=mm&r=g","caption":"galledia"},"sameAs":["https:\/\/x.com\/admin"],"url":"https:\/\/www.organisator.ch\/fr\/author\/galledia\/"}]}},"_links":{"self":[{"href":"https:\/\/www.organisator.ch\/fr\/wp-json\/wp\/v2\/posts\/36286","targetHints":{"allow":["GET"]}}],"collection":[{"href":"https:\/\/www.organisator.ch\/fr\/wp-json\/wp\/v2\/posts"}],"about":[{"href":"https:\/\/www.organisator.ch\/fr\/wp-json\/wp\/v2\/types\/post"}],"author":[{"embeddable":true,"href":"https:\/\/www.organisator.ch\/fr\/wp-json\/wp\/v2\/users\/8"}],"replies":[{"embeddable":true,"href":"https:\/\/www.organisator.ch\/fr\/wp-json\/wp\/v2\/comments?post=36286"}],"version-history":[{"count":3,"href":"https:\/\/www.organisator.ch\/fr\/wp-json\/wp\/v2\/posts\/36286\/revisions"}],"predecessor-version":[{"id":36296,"href":"https:\/\/www.organisator.ch\/fr\/wp-json\/wp\/v2\/posts\/36286\/revisions\/36296"}],"wp:attachment":[{"href":"https:\/\/www.organisator.ch\/fr\/wp-json\/wp\/v2\/media?parent=36286"}],"wp:term":[{"taxonomy":"category","embeddable":true,"href":"https:\/\/www.organisator.ch\/fr\/wp-json\/wp\/v2\/categories?post=36286"},{"taxonomy":"post_tag","embeddable":true,"href":"https:\/\/www.organisator.ch\/fr\/wp-json\/wp\/v2\/tags?post=36286"}],"curies":[{"name":"wp","href":"https:\/\/api.w.org\/{rel}","templated":true}]}}