{"id":363,"date":"2016-11-22T14:38:29","date_gmt":"2016-11-22T13:38:29","guid":{"rendered":"http:\/\/dev.organisator.ch\/?p=363"},"modified":"2016-11-22T14:38:29","modified_gmt":"2016-11-22T13:38:29","slug":"bilaterale-vertraege-wichtig-fuer-eine-offene-schweiz","status":"publish","type":"post","link":"https:\/\/www.organisator.ch\/fr\/allgemein\/2016-11-22\/bilaterale-vertraege-wichtig-fuer-eine-offene-schweiz\/","title":{"rendered":"Les accords bilat\u00e9raux sont importants pour une Suisse ouverte"},"content":{"rendered":"<figure id=\"attachment_364\" aria-describedby=\"caption-attachment-364\" style=\"width: 500px\" class=\"wp-caption alignnone\"><img loading=\"lazy\" decoding=\"async\" class=\"size-full wp-image-364\" src=\"https:\/\/www.organisator.ch\/wp-content\/uploads\/2016\/12\/Bilaterale-Vertraege-wichtig-fuer-eine-offene-Schweiz-organisator.jpg\" alt=\"\" width=\"500\" height=\"333\" srcset=\"https:\/\/www.organisator.ch\/wp-content\/uploads\/2016\/12\/Bilaterale-Vertraege-wichtig-fuer-eine-offene-Schweiz-organisator.jpg 500w, https:\/\/www.organisator.ch\/wp-content\/uploads\/2016\/12\/Bilaterale-Vertraege-wichtig-fuer-eine-offene-Schweiz-organisator-16x12.jpg 16w, https:\/\/www.organisator.ch\/wp-content\/uploads\/2016\/12\/Bilaterale-Vertraege-wichtig-fuer-eine-offene-Schweiz-organisator-263x175.jpg 263w, https:\/\/www.organisator.ch\/wp-content\/uploads\/2016\/12\/Bilaterale-Vertraege-wichtig-fuer-eine-offene-Schweiz-organisator-300x200.jpg 300w\" sizes=\"auto, (max-width: 500px) 100vw, 500px\" \/><figcaption id=\"caption-attachment-364\" class=\"wp-caption-text\">Selon la Chambre de commerce de Zurich, Zurich repr\u00e9sente l'ouverture sur le monde et la rentabilit\u00e9 de toute la Suisse. (Image : depositphotos_lightpoet)<\/figcaption><\/figure>\n<blockquote><p>Google Suisse, mais aussi la PME des sciences de la vie InSphero AG \u00e0 Schlieren, ont soulign\u00e9 l'importance d'universit\u00e9s remarquables et reli\u00e9es entre elles au niveau international, ainsi que la possibilit\u00e9 de recruter des sp\u00e9cialistes.<\/p><\/blockquote>\n<p>La Suisse est aujourd'hui connect\u00e9e \u00e9conomiquement, politiquement et culturellement autour du globe, mais surtout en Europe. De nombreuses entreprises nationales font avancer l'innovation et cr\u00e9ent des emplois s\u00fbrs, car elles profitent de cette ouverture. Les accords bilat\u00e9raux avec l'UE sont un \u00e9l\u00e9ment central de cette structure.<\/p>\n<p>Ils ne sont pas seulement d\u00e9cisifs pour l'\u00e9conomie d'exportation, mais aussi pour le site de recherche suisse. En effet, gr\u00e2ce \u00e0 ces contrats, la Suisse est reli\u00e9e au r\u00e9seau europ\u00e9en de recherche, unique au monde. \"Toutefois\", souligne la Chambre de commerce de Zurich, \"ce rattachement est sous pression depuis l'acceptation de l'initiative sur l'immigration en f\u00e9vrier 2014\".<\/p>\n<p><strong>Relations suisses \u00a0<\/strong><\/p>\n<p>Des repr\u00e9sentants de la science et de l'\u00e9conomie ont discut\u00e9 aujourd'hui de l'importance de ces accords pour l'\u00e9conomie et la recherche dans le cadre de la soir\u00e9e \"Ouverture \u00e9conomique - Suisse quo vadis ?\" organis\u00e9e par la Chambre de commerce de Zurich en collaboration avec Interpharma, swissuniversities et stark+vernetzt (economiesuisse).<\/p>\n<p>Tous ont soulign\u00e9 l'importance des accords bilat\u00e9raux avec l'UE : le pr\u00e9sident national de Novartis, Andr\u00e9 Wyss, a expliqu\u00e9 dans son discours d'introduction pourquoi l'industrie pharmaceutique suisse, qui r\u00e9alise plus de la moiti\u00e9 de son chiffre d'affaires \u00e0 l'\u00e9tranger en Europe, est tributaire de relations ouvertes avec l'UE : \"Perdre l'acc\u00e8s non bureaucratique au march\u00e9 europ\u00e9en et \u00e0 la main-d'\u0153uvre sp\u00e9cialis\u00e9e europ\u00e9enne serait extr\u00eamement douloureux pour nous tous, notamment parce que l'\u00e9conomie est \u00e9galement sous pression dans d'autres domaines\".<\/p>\n<p>Le pr\u00e9sident du conseil d'administration de Roche, Christoph Franz, a soulign\u00e9 qu'avec les accords bilat\u00e9raux, la Suisse avait \"le beurre et l'argent du beurre\" : A savoir, \u00e0 la fois une base solide pour de bonnes relations commerciales avec les 28 Etats membres de l'UE et l'ind\u00e9pendance politique vis-\u00e0-vis de l'UE.  Michael O. Hengartner, recteur de l'Universit\u00e9 de Zurich, a soulign\u00e9 l'importance de la coop\u00e9ration avec l'UE dans le domaine de la recherche pour le paysage universitaire suisse.<\/p>\n<p><strong>Important pour la science<\/strong><\/p>\n<p>Michael O. Hengartner : \"Pour pouvoir continuer \u00e0 jouer dans la Ligue des champions de la recherche, il faut \u00eatre reli\u00e9 aux programmes de recherche europ\u00e9ens\". Patrick Warnking, Country Director de Google Suisse, et Jan Lichtenberg, cofondateur et CEO de la PME des sciences de la vie InSphero AG \u00e0 Schlieren, ont soulign\u00e9 l'importance d'universit\u00e9s remarquables et en r\u00e9seau international ainsi que la possibilit\u00e9 de recruter des sp\u00e9cialistes pour leurs entreprises, \u00e9galement \u00e0 l'\u00e9tranger.<\/p>\n<p>La directrice de la Chambre de commerce de Zurich, Regine Sauter, a illustr\u00e9 \u00e0 quel point Zurich est un exemple de l'internationalit\u00e9 de l'\u00e9conomie suisse : \"Cette ouverture est un facteur important de l'attractivit\u00e9 du site de Zurich\".<\/p>\n<p>L'\u00e9conomie et la science continueront \u00e0 s'engager avec motivation pour faire comprendre aux citoyens suisses la valeur et l'importance de relations commerciales ouvertes pour la Suisse.<\/p>\n<p><a href=\"http:\/\/www.zhk.ch\" target=\"_blank\" rel=\"noreferrer noopener\" data-cke-saved-href=\"http:\/\/www.zhk.ch\">www.zhk.ch<\/a><\/p>","protected":false},"excerpt":{"rendered":"<p>Google Schweiz, aber auch die Life Science-KMU InSphero AG in Schlieren betonten die Wichtigkeit herausragender und international vernetzter Universit\u00e4ten sowie die M\u00f6glichkeit zur Rekrutierung von Spezialistinnen und Spezialisten. Die Schweiz ist heute wirtschaftlich, politisch und kulturell rund um den Globus, aber besonders in Europa vernetzt. Zahlreiche heimische Unternehmen treiben die Innovation voran und schaffen sichere [&hellip;]<\/p>\n","protected":false},"author":1,"featured_media":364,"comment_status":"open","ping_status":"open","sticky":false,"template":"","format":"standard","meta":{"_acf_changed":false,"_yoast_wpseo_focuskw":"Bilaterale Vertr\u00e4ge","_yoast_wpseo_metadesc":"Vertreter aus Wissenschaft und Wirtschaft haben \u00fcber die Bedeutung internationaler Vernetztheit und der bilateralen Vertr\u00e4ge mit der EU diskutiert.","articlekey":"","footnotes":""},"categories":[1],"tags":[218,533],"class_list":["post-363","post","type-post","status-publish","format-standard","has-post-thumbnail","hentry","category-allgemein","tag-forschung","tag-wissenschaft"],"acf":[],"yoast_head":"<!-- This site is optimized with the Yoast SEO plugin v27.5 - https:\/\/yoast.com\/product\/yoast-seo-wordpress\/ -->\n<title>Bilaterale Vertr\u00e4ge wichtig f\u00fcr eine offene Schweiz - Organisator<\/title>\n<meta name=\"description\" content=\"Vertreter aus Wissenschaft und Wirtschaft haben \u00fcber die Bedeutung internationaler Vernetztheit und der bilateralen Vertr\u00e4ge mit der EU diskutiert.\" \/>\n<meta name=\"robots\" content=\"index, follow, max-snippet:-1, max-image-preview:large, max-video-preview:-1\" \/>\n<link rel=\"canonical\" href=\"https:\/\/www.organisator.ch\/fr\/general\/2016-11-22\/bilaterale-vertraege-wichtig-fuer-eine-offene-schweiz\/\" \/>\n<meta property=\"og:locale\" content=\"fr_FR\" \/>\n<meta property=\"og:type\" content=\"article\" \/>\n<meta property=\"og:title\" content=\"Bilaterale Vertr\u00e4ge wichtig f\u00fcr eine offene Schweiz - Organisator\" \/>\n<meta property=\"og:description\" content=\"Vertreter aus Wissenschaft und Wirtschaft haben \u00fcber die Bedeutung internationaler Vernetztheit und der bilateralen Vertr\u00e4ge mit der EU diskutiert.\" \/>\n<meta property=\"og:url\" content=\"https:\/\/www.organisator.ch\/fr\/general\/2016-11-22\/bilaterale-vertraege-wichtig-fuer-eine-offene-schweiz\/\" \/>\n<meta property=\"og:site_name\" content=\"Organisator\" \/>\n<meta property=\"article:publisher\" content=\"https:\/\/www.facebook.com\/OrganisatorFachmagazin\" \/>\n<meta property=\"article:published_time\" content=\"2016-11-22T13:38:29+00:00\" \/>\n<meta property=\"og:image\" content=\"https:\/\/www.organisator.ch\/wp-content\/uploads\/2016\/12\/Bilaterale-Vertraege-wichtig-fuer-eine-offene-Schweiz-organisator.jpg\" \/>\n\t<meta property=\"og:image:width\" content=\"500\" \/>\n\t<meta property=\"og:image:height\" content=\"333\" \/>\n\t<meta property=\"og:image:type\" content=\"image\/jpeg\" \/>\n<meta name=\"author\" content=\"admin\" \/>\n<meta name=\"twitter:card\" content=\"summary_large_image\" \/>\n<script type=\"application\/ld+json\" class=\"yoast-schema-graph\">{\"@context\":\"https:\\\/\\\/schema.org\",\"@graph\":[{\"@type\":\"Article\",\"@id\":\"https:\\\/\\\/www.organisator.ch\\\/it\\\/generale\\\/2016-11-22\\\/bilaterale-vertraege-wichtig-fuer-eine-offene-schweiz\\\/#article\",\"isPartOf\":{\"@id\":\"https:\\\/\\\/www.organisator.ch\\\/it\\\/generale\\\/2016-11-22\\\/bilaterale-vertraege-wichtig-fuer-eine-offene-schweiz\\\/\"},\"author\":{\"name\":\"admin\",\"@id\":\"https:\\\/\\\/www.organisator.ch\\\/#\\\/schema\\\/person\\\/aa2bace6c5c5aad60102004a50c4eb1c\"},\"headline\":\"Bilaterale Vertr\u00e4ge wichtig f\u00fcr eine offene Schweiz\",\"datePublished\":\"2016-11-22T13:38:29+00:00\",\"mainEntityOfPage\":{\"@id\":\"https:\\\/\\\/www.organisator.ch\\\/it\\\/generale\\\/2016-11-22\\\/bilaterale-vertraege-wichtig-fuer-eine-offene-schweiz\\\/\"},\"wordCount\":507,\"commentCount\":0,\"publisher\":{\"@id\":\"https:\\\/\\\/www.organisator.ch\\\/#organization\"},\"image\":{\"@id\":\"https:\\\/\\\/www.organisator.ch\\\/it\\\/generale\\\/2016-11-22\\\/bilaterale-vertraege-wichtig-fuer-eine-offene-schweiz\\\/#primaryimage\"},\"thumbnailUrl\":\"https:\\\/\\\/www.organisator.ch\\\/wp-content\\\/uploads\\\/2016\\\/12\\\/Bilaterale-Vertraege-wichtig-fuer-eine-offene-Schweiz-organisator.jpg\",\"keywords\":[\"Forschung\",\"Wissenschaft\"],\"articleSection\":[\"Allgemein\"],\"inLanguage\":\"fr-FR\"},{\"@type\":\"WebPage\",\"@id\":\"https:\\\/\\\/www.organisator.ch\\\/it\\\/generale\\\/2016-11-22\\\/bilaterale-vertraege-wichtig-fuer-eine-offene-schweiz\\\/\",\"url\":\"https:\\\/\\\/www.organisator.ch\\\/it\\\/generale\\\/2016-11-22\\\/bilaterale-vertraege-wichtig-fuer-eine-offene-schweiz\\\/\",\"name\":\"Bilaterale Vertr\u00e4ge wichtig f\u00fcr eine offene Schweiz - Organisator\",\"isPartOf\":{\"@id\":\"https:\\\/\\\/www.organisator.ch\\\/#website\"},\"primaryImageOfPage\":{\"@id\":\"https:\\\/\\\/www.organisator.ch\\\/it\\\/generale\\\/2016-11-22\\\/bilaterale-vertraege-wichtig-fuer-eine-offene-schweiz\\\/#primaryimage\"},\"image\":{\"@id\":\"https:\\\/\\\/www.organisator.ch\\\/it\\\/generale\\\/2016-11-22\\\/bilaterale-vertraege-wichtig-fuer-eine-offene-schweiz\\\/#primaryimage\"},\"thumbnailUrl\":\"https:\\\/\\\/www.organisator.ch\\\/wp-content\\\/uploads\\\/2016\\\/12\\\/Bilaterale-Vertraege-wichtig-fuer-eine-offene-Schweiz-organisator.jpg\",\"datePublished\":\"2016-11-22T13:38:29+00:00\",\"description\":\"Vertreter aus Wissenschaft und Wirtschaft haben \u00fcber die Bedeutung internationaler Vernetztheit und der bilateralen Vertr\u00e4ge mit der EU diskutiert.\",\"breadcrumb\":{\"@id\":\"https:\\\/\\\/www.organisator.ch\\\/it\\\/generale\\\/2016-11-22\\\/bilaterale-vertraege-wichtig-fuer-eine-offene-schweiz\\\/#breadcrumb\"},\"inLanguage\":\"fr-FR\",\"potentialAction\":[{\"@type\":\"ReadAction\",\"target\":[\"https:\\\/\\\/www.organisator.ch\\\/it\\\/generale\\\/2016-11-22\\\/bilaterale-vertraege-wichtig-fuer-eine-offene-schweiz\\\/\"]}]},{\"@type\":\"ImageObject\",\"inLanguage\":\"fr-FR\",\"@id\":\"https:\\\/\\\/www.organisator.ch\\\/it\\\/generale\\\/2016-11-22\\\/bilaterale-vertraege-wichtig-fuer-eine-offene-schweiz\\\/#primaryimage\",\"url\":\"https:\\\/\\\/www.organisator.ch\\\/wp-content\\\/uploads\\\/2016\\\/12\\\/Bilaterale-Vertraege-wichtig-fuer-eine-offene-Schweiz-organisator.jpg\",\"contentUrl\":\"https:\\\/\\\/www.organisator.ch\\\/wp-content\\\/uploads\\\/2016\\\/12\\\/Bilaterale-Vertraege-wichtig-fuer-eine-offene-Schweiz-organisator.jpg\",\"width\":500,\"height\":333,\"caption\":\"Laut der Z\u00fcrcher Handelskammer repr\u00e4sentiert Z\u00fcrich die Weltoffenheit und Wirtschaftlichkeit der gesamten Schweiz. (Bild: depositphotos_lightpoet)\"},{\"@type\":\"BreadcrumbList\",\"@id\":\"https:\\\/\\\/www.organisator.ch\\\/it\\\/generale\\\/2016-11-22\\\/bilaterale-vertraege-wichtig-fuer-eine-offene-schweiz\\\/#breadcrumb\",\"itemListElement\":[{\"@type\":\"ListItem\",\"position\":1,\"name\":\"Home\",\"item\":\"https:\\\/\\\/www.organisator.ch\\\/\"},{\"@type\":\"ListItem\",\"position\":2,\"name\":\"Bilaterale Vertr\u00e4ge wichtig f\u00fcr eine offene Schweiz\"}]},{\"@type\":\"WebSite\",\"@id\":\"https:\\\/\\\/www.organisator.ch\\\/#website\",\"url\":\"https:\\\/\\\/www.organisator.ch\\\/\",\"name\":\"Organisator\",\"description\":\"Kompetent. Praxisnah. Der ORGANISATOR bereitet in 10 Ausgaben pro Jahr die wesentlichen Themen f\u00fcr F\u00fchrungskr\u00e4fte von KMU auf.\",\"publisher\":{\"@id\":\"https:\\\/\\\/www.organisator.ch\\\/#organization\"},\"potentialAction\":[{\"@type\":\"SearchAction\",\"target\":{\"@type\":\"EntryPoint\",\"urlTemplate\":\"https:\\\/\\\/www.organisator.ch\\\/?s={search_term_string}\"},\"query-input\":{\"@type\":\"PropertyValueSpecification\",\"valueRequired\":true,\"valueName\":\"search_term_string\"}}],\"inLanguage\":\"fr-FR\"},{\"@type\":\"Organization\",\"@id\":\"https:\\\/\\\/www.organisator.ch\\\/#organization\",\"name\":\"Organisator\",\"url\":\"https:\\\/\\\/www.organisator.ch\\\/\",\"logo\":{\"@type\":\"ImageObject\",\"inLanguage\":\"fr-FR\",\"@id\":\"https:\\\/\\\/www.organisator.ch\\\/#\\\/schema\\\/logo\\\/image\\\/\",\"url\":\"https:\\\/\\\/www.organisator.ch\\\/wp-content\\\/uploads\\\/2022\\\/01\\\/Logo_Organisator_Website.png\",\"contentUrl\":\"https:\\\/\\\/www.organisator.ch\\\/wp-content\\\/uploads\\\/2022\\\/01\\\/Logo_Organisator_Website.png\",\"width\":800,\"height\":77,\"caption\":\"Organisator\"},\"image\":{\"@id\":\"https:\\\/\\\/www.organisator.ch\\\/#\\\/schema\\\/logo\\\/image\\\/\"},\"sameAs\":[\"https:\\\/\\\/www.facebook.com\\\/OrganisatorFachmagazin\",\"https:\\\/\\\/www.linkedin.com\\\/showcase\\\/organisator-das-magazin-fr-kmu\",\"https:\\\/\\\/www.xing.com\\\/news\\\/pages\\\/organisator-ch-695\",\"https:\\\/\\\/www.youtube.com\\\/channel\\\/UCGP2Sq0iWaZwT3BdIAQFYpw\"]},{\"@type\":\"Person\",\"@id\":\"https:\\\/\\\/www.organisator.ch\\\/#\\\/schema\\\/person\\\/aa2bace6c5c5aad60102004a50c4eb1c\",\"name\":\"admin\",\"image\":{\"@type\":\"ImageObject\",\"inLanguage\":\"fr-FR\",\"@id\":\"https:\\\/\\\/secure.gravatar.com\\\/avatar\\\/ae2f4d718e6c49043e314ce431e7e645d646302a24a5ef5a8bc8e3f5a032e319?s=96&d=mm&r=g\",\"url\":\"https:\\\/\\\/secure.gravatar.com\\\/avatar\\\/ae2f4d718e6c49043e314ce431e7e645d646302a24a5ef5a8bc8e3f5a032e319?s=96&d=mm&r=g\",\"contentUrl\":\"https:\\\/\\\/secure.gravatar.com\\\/avatar\\\/ae2f4d718e6c49043e314ce431e7e645d646302a24a5ef5a8bc8e3f5a032e319?s=96&d=mm&r=g\",\"caption\":\"admin\"},\"sameAs\":[\"https:\\\/\\\/www.organisator.ch\"],\"url\":\"https:\\\/\\\/www.organisator.ch\\\/fr\\\/author\\\/admin\\\/\"}]}<\/script>\n<!-- \/ Yoast SEO plugin. -->","yoast_head_json":{"title":"Les accords bilat\u00e9raux sont importants pour une Suisse ouverte - Organisateur","description":"Des repr\u00e9sentants des milieux scientifiques et \u00e9conomiques ont discut\u00e9 de l'importance des r\u00e9seaux internationaux et des accords bilat\u00e9raux avec l'UE.","robots":{"index":"index","follow":"follow","max-snippet":"max-snippet:-1","max-image-preview":"max-image-preview:large","max-video-preview":"max-video-preview:-1"},"canonical":"https:\/\/www.organisator.ch\/fr\/general\/2016-11-22\/bilaterale-vertraege-wichtig-fuer-eine-offene-schweiz\/","og_locale":"fr_FR","og_type":"article","og_title":"Bilaterale Vertr\u00e4ge wichtig f\u00fcr eine offene Schweiz - Organisator","og_description":"Vertreter aus Wissenschaft und Wirtschaft haben \u00fcber die Bedeutung internationaler Vernetztheit und der bilateralen Vertr\u00e4ge mit der EU diskutiert.","og_url":"https:\/\/www.organisator.ch\/fr\/general\/2016-11-22\/bilaterale-vertraege-wichtig-fuer-eine-offene-schweiz\/","og_site_name":"Organisator","article_publisher":"https:\/\/www.facebook.com\/OrganisatorFachmagazin","article_published_time":"2016-11-22T13:38:29+00:00","og_image":[{"width":500,"height":333,"url":"https:\/\/www.organisator.ch\/wp-content\/uploads\/2016\/12\/Bilaterale-Vertraege-wichtig-fuer-eine-offene-Schweiz-organisator.jpg","type":"image\/jpeg"}],"author":"admin","twitter_card":"summary_large_image","schema":{"@context":"https:\/\/schema.org","@graph":[{"@type":"Article","@id":"https:\/\/www.organisator.ch\/it\/generale\/2016-11-22\/bilaterale-vertraege-wichtig-fuer-eine-offene-schweiz\/#article","isPartOf":{"@id":"https:\/\/www.organisator.ch\/it\/generale\/2016-11-22\/bilaterale-vertraege-wichtig-fuer-eine-offene-schweiz\/"},"author":{"name":"admin","@id":"https:\/\/www.organisator.ch\/#\/schema\/person\/aa2bace6c5c5aad60102004a50c4eb1c"},"headline":"Bilaterale Vertr\u00e4ge wichtig f\u00fcr eine offene Schweiz","datePublished":"2016-11-22T13:38:29+00:00","mainEntityOfPage":{"@id":"https:\/\/www.organisator.ch\/it\/generale\/2016-11-22\/bilaterale-vertraege-wichtig-fuer-eine-offene-schweiz\/"},"wordCount":507,"commentCount":0,"publisher":{"@id":"https:\/\/www.organisator.ch\/#organization"},"image":{"@id":"https:\/\/www.organisator.ch\/it\/generale\/2016-11-22\/bilaterale-vertraege-wichtig-fuer-eine-offene-schweiz\/#primaryimage"},"thumbnailUrl":"https:\/\/www.organisator.ch\/wp-content\/uploads\/2016\/12\/Bilaterale-Vertraege-wichtig-fuer-eine-offene-Schweiz-organisator.jpg","keywords":["Forschung","Wissenschaft"],"articleSection":["Allgemein"],"inLanguage":"fr-FR"},{"@type":"WebPage","@id":"https:\/\/www.organisator.ch\/it\/generale\/2016-11-22\/bilaterale-vertraege-wichtig-fuer-eine-offene-schweiz\/","url":"https:\/\/www.organisator.ch\/it\/generale\/2016-11-22\/bilaterale-vertraege-wichtig-fuer-eine-offene-schweiz\/","name":"Les accords bilat\u00e9raux sont importants pour une Suisse ouverte - Organisateur","isPartOf":{"@id":"https:\/\/www.organisator.ch\/#website"},"primaryImageOfPage":{"@id":"https:\/\/www.organisator.ch\/it\/generale\/2016-11-22\/bilaterale-vertraege-wichtig-fuer-eine-offene-schweiz\/#primaryimage"},"image":{"@id":"https:\/\/www.organisator.ch\/it\/generale\/2016-11-22\/bilaterale-vertraege-wichtig-fuer-eine-offene-schweiz\/#primaryimage"},"thumbnailUrl":"https:\/\/www.organisator.ch\/wp-content\/uploads\/2016\/12\/Bilaterale-Vertraege-wichtig-fuer-eine-offene-Schweiz-organisator.jpg","datePublished":"2016-11-22T13:38:29+00:00","description":"Des repr\u00e9sentants des milieux scientifiques et \u00e9conomiques ont discut\u00e9 de l'importance des r\u00e9seaux internationaux et des accords bilat\u00e9raux avec l'UE.","breadcrumb":{"@id":"https:\/\/www.organisator.ch\/it\/generale\/2016-11-22\/bilaterale-vertraege-wichtig-fuer-eine-offene-schweiz\/#breadcrumb"},"inLanguage":"fr-FR","potentialAction":[{"@type":"ReadAction","target":["https:\/\/www.organisator.ch\/it\/generale\/2016-11-22\/bilaterale-vertraege-wichtig-fuer-eine-offene-schweiz\/"]}]},{"@type":"ImageObject","inLanguage":"fr-FR","@id":"https:\/\/www.organisator.ch\/it\/generale\/2016-11-22\/bilaterale-vertraege-wichtig-fuer-eine-offene-schweiz\/#primaryimage","url":"https:\/\/www.organisator.ch\/wp-content\/uploads\/2016\/12\/Bilaterale-Vertraege-wichtig-fuer-eine-offene-Schweiz-organisator.jpg","contentUrl":"https:\/\/www.organisator.ch\/wp-content\/uploads\/2016\/12\/Bilaterale-Vertraege-wichtig-fuer-eine-offene-Schweiz-organisator.jpg","width":500,"height":333,"caption":"Laut der Z\u00fcrcher Handelskammer repr\u00e4sentiert Z\u00fcrich die Weltoffenheit und Wirtschaftlichkeit der gesamten Schweiz. (Bild: depositphotos_lightpoet)"},{"@type":"BreadcrumbList","@id":"https:\/\/www.organisator.ch\/it\/generale\/2016-11-22\/bilaterale-vertraege-wichtig-fuer-eine-offene-schweiz\/#breadcrumb","itemListElement":[{"@type":"ListItem","position":1,"name":"Home","item":"https:\/\/www.organisator.ch\/"},{"@type":"ListItem","position":2,"name":"Bilaterale Vertr\u00e4ge wichtig f\u00fcr eine offene Schweiz"}]},{"@type":"WebSite","@id":"https:\/\/www.organisator.ch\/#website","url":"https:\/\/www.organisator.ch\/","name":"Organisateur","description":"Comp\u00e9tence et comp\u00e9tence. Proches de la pratique. L'ORGANISATEUR pr\u00e9pare 10 num\u00e9ros par an sur les th\u00e8mes essentiels pour les dirigeants de PME.","publisher":{"@id":"https:\/\/www.organisator.ch\/#organization"},"potentialAction":[{"@type":"SearchAction","target":{"@type":"EntryPoint","urlTemplate":"https:\/\/www.organisator.ch\/?s={search_term_string}"},"query-input":{"@type":"PropertyValueSpecification","valueRequired":true,"valueName":"search_term_string"}}],"inLanguage":"fr-FR"},{"@type":"Organization","@id":"https:\/\/www.organisator.ch\/#organization","name":"Organisateur","url":"https:\/\/www.organisator.ch\/","logo":{"@type":"ImageObject","inLanguage":"fr-FR","@id":"https:\/\/www.organisator.ch\/#\/schema\/logo\/image\/","url":"https:\/\/www.organisator.ch\/wp-content\/uploads\/2022\/01\/Logo_Organisator_Website.png","contentUrl":"https:\/\/www.organisator.ch\/wp-content\/uploads\/2022\/01\/Logo_Organisator_Website.png","width":800,"height":77,"caption":"Organisator"},"image":{"@id":"https:\/\/www.organisator.ch\/#\/schema\/logo\/image\/"},"sameAs":["https:\/\/www.facebook.com\/OrganisatorFachmagazin","https:\/\/www.linkedin.com\/showcase\/organisator-das-magazin-fr-kmu","https:\/\/www.xing.com\/news\/pages\/organisator-ch-695","https:\/\/www.youtube.com\/channel\/UCGP2Sq0iWaZwT3BdIAQFYpw"]},{"@type":"Person","@id":"https:\/\/www.organisator.ch\/#\/schema\/person\/aa2bace6c5c5aad60102004a50c4eb1c","name":"admin","image":{"@type":"ImageObject","inLanguage":"fr-FR","@id":"https:\/\/secure.gravatar.com\/avatar\/ae2f4d718e6c49043e314ce431e7e645d646302a24a5ef5a8bc8e3f5a032e319?s=96&d=mm&r=g","url":"https:\/\/secure.gravatar.com\/avatar\/ae2f4d718e6c49043e314ce431e7e645d646302a24a5ef5a8bc8e3f5a032e319?s=96&d=mm&r=g","contentUrl":"https:\/\/secure.gravatar.com\/avatar\/ae2f4d718e6c49043e314ce431e7e645d646302a24a5ef5a8bc8e3f5a032e319?s=96&d=mm&r=g","caption":"admin"},"sameAs":["https:\/\/www.organisator.ch"],"url":"https:\/\/www.organisator.ch\/fr\/author\/admin\/"}]}},"_links":{"self":[{"href":"https:\/\/www.organisator.ch\/fr\/wp-json\/wp\/v2\/posts\/363","targetHints":{"allow":["GET"]}}],"collection":[{"href":"https:\/\/www.organisator.ch\/fr\/wp-json\/wp\/v2\/posts"}],"about":[{"href":"https:\/\/www.organisator.ch\/fr\/wp-json\/wp\/v2\/types\/post"}],"author":[{"embeddable":true,"href":"https:\/\/www.organisator.ch\/fr\/wp-json\/wp\/v2\/users\/1"}],"replies":[{"embeddable":true,"href":"https:\/\/www.organisator.ch\/fr\/wp-json\/wp\/v2\/comments?post=363"}],"version-history":[{"count":0,"href":"https:\/\/www.organisator.ch\/fr\/wp-json\/wp\/v2\/posts\/363\/revisions"}],"wp:featuredmedia":[{"embeddable":true,"href":"https:\/\/www.organisator.ch\/fr\/wp-json\/wp\/v2\/media\/364"}],"wp:attachment":[{"href":"https:\/\/www.organisator.ch\/fr\/wp-json\/wp\/v2\/media?parent=363"}],"wp:term":[{"taxonomy":"category","embeddable":true,"href":"https:\/\/www.organisator.ch\/fr\/wp-json\/wp\/v2\/categories?post=363"},{"taxonomy":"post_tag","embeddable":true,"href":"https:\/\/www.organisator.ch\/fr\/wp-json\/wp\/v2\/tags?post=363"}],"curies":[{"name":"wp","href":"https:\/\/api.w.org\/{rel}","templated":true}]}}