{"id":3638,"date":"2021-01-06T16:29:36","date_gmt":"2021-01-06T15:29:36","guid":{"rendered":"https:\/\/www.umweltperspektiven.ch\/?p=3638"},"modified":"2021-01-06T16:29:36","modified_gmt":"2021-01-06T15:29:36","slug":"swiss-safety-center-mit-neuem-ceo","status":"publish","type":"post","link":"https:\/\/www.organisator.ch\/fr\/allgemein\/2021-01-06\/swiss-safety-center-mit-neuem-ceo\/","title":{"rendered":"Swiss Safety Center a un nouveau CEO"},"content":{"rendered":"<figure id=\"attachment_3639\" aria-describedby=\"caption-attachment-3639\" style=\"width: 495px\" class=\"wp-caption alignnone\"><img loading=\"lazy\" decoding=\"async\" class=\"wp-image-3639\" src=\"\/\/www.umweltperspektiven.ch\/wp-content\/uploads\/2021\/01\/Elisabetta_Carrea_bearbeitet-1.jpg\" alt=\"\" width=\"495\" height=\"537\" \/><figcaption id=\"caption-attachment-3639\" class=\"wp-caption-text\">Elisabetta Carrea, est nomm\u00e9e CEO de Swiss Safety Center AG. Image : zVg<\/figcaption><\/figure>\n<p>Elisabetta Carrea a \u00e9t\u00e9 nomm\u00e9e CEO de Swiss Safety Center AG par le conseil d'administration \u00e0 compter du 1er janvier 2021, comme l'entreprise l'a communiqu\u00e9 aujourd'hui. Elle prend imm\u00e9diatement la direction g\u00e9n\u00e9rale de l'entreprise et succ\u00e8de \u00e0 Raffael Schubiger.<\/p>\n<p>Schubiger, directeur de l'ASIT, devient, selon les informations fournies, pr\u00e9sident du conseil d'administration de Swiss Safety Center AG et se concentrera \u00e0 l'avenir sur la direction et l'orientation strat\u00e9giques du groupe d'entreprises, compos\u00e9 de l'ASIT Association suisse d'inspection technique et de Swiss Safety Center AG.<\/p>\n<p><strong>Depuis 2018 chez Swiss Safety Center AG<\/strong><\/p>\n<p>Elisabetta Carrea a rejoint Swiss Safety Center AG en mars 2018 et a dirig\u00e9 avec succ\u00e8s le secteur d'activit\u00e9 Expertise Services avec ses prestations et ses qualifications dans les domaines de la protection contre les incendies, de la s\u00e9curit\u00e9 environnementale, de la s\u00e9curit\u00e9 au travail et de la gestion int\u00e9grale des risques. Cette ing\u00e9nieure en proc\u00e9d\u00e9s, titulaire d'un doctorat, dispose notamment d'une longue exp\u00e9rience en tant que chef de projet et dans la gestion du personnel dans la construction d'installations et le secteur de l'\u00e9nergie au sein de groupes suisses et internationaux. Les collaborateurs, la croissance du march\u00e9 et les innovations li\u00e9es \u00e0 la num\u00e9risation et \u00e0 l'industrie 4.0 sont au c\u0153ur de sa nouvelle mission, comme l'indique le communiqu\u00e9 de presse final.<\/p>\n<p><em>Source :\u00a0<a href=\"\/\/www.safetycenter.ch\/\">Swiss Safety Center AG<\/a><\/em><\/p>\n<p>&nbsp;<\/p>","protected":false},"excerpt":{"rendered":"<p>Elisabetta Carrea ist per 1. Januar 2021 durch den Verwaltungsrat zum CEO der Swiss Safety Center AG ernannt worden, wie das Unternehmen heute mitgeteilt hat. Sie \u00fcbernimmt per sofort die Gesamtleitung des Unternehmens und folgt auf Raffael Schubiger. Schubiger, Direktor des SVTI, wird laut Angaben Verwaltungsratspr\u00e4sident der Swiss Safety Center AG und konzentriert sich zuk\u00fcnftig [&hellip;]<\/p>\n","protected":false},"author":6,"featured_media":3639,"comment_status":"closed","ping_status":"closed","sticky":false,"template":"","format":"standard","meta":{"_acf_changed":false,"_yoast_wpseo_focuskw":"Elisabetta Carrea","_yoast_wpseo_metadesc":"Elisabetta Carrea heisst die Nachfolgerin von Raffael Schubiger als CEO der Swiss Safety Center AG. Schubiger bleibt Direktor des SVTI.","articlekey":"","footnotes":""},"categories":[1],"tags":[904,1043,1973,2252,2262],"class_list":["post-3638","post","type-post","status-publish","format-standard","has-post-thumbnail","hentry","category-allgemein","tag-ceo","tag-elisabetta-carrea","tag-raffael-schubiger","tag-svti","tag-swiss-safety-center-ag"],"acf":[],"yoast_head":"<!-- This site is optimized with the Yoast SEO plugin v27.5 - https:\/\/yoast.com\/product\/yoast-seo-wordpress\/ -->\n<title>Swiss Safety Center mit neuem CEO - Organisator<\/title>\n<meta name=\"description\" content=\"Elisabetta Carrea heisst die Nachfolgerin von Raffael Schubiger als CEO der Swiss Safety Center AG. Schubiger bleibt Direktor des SVTI.\" \/>\n<meta name=\"robots\" content=\"index, follow, max-snippet:-1, max-image-preview:large, max-video-preview:-1\" \/>\n<link rel=\"canonical\" href=\"https:\/\/www.organisator.ch\/fr\/general\/2021-01-06\/swiss-safety-center-mit-neuem-ceo\/\" \/>\n<meta property=\"og:locale\" content=\"fr_FR\" \/>\n<meta property=\"og:type\" content=\"article\" \/>\n<meta property=\"og:title\" content=\"Swiss Safety Center mit neuem CEO - Organisator\" \/>\n<meta property=\"og:description\" content=\"Elisabetta Carrea heisst die Nachfolgerin von Raffael Schubiger als CEO der Swiss Safety Center AG. Schubiger bleibt Direktor des SVTI.\" \/>\n<meta property=\"og:url\" content=\"https:\/\/www.organisator.ch\/fr\/general\/2021-01-06\/swiss-safety-center-mit-neuem-ceo\/\" \/>\n<meta property=\"og:site_name\" content=\"Organisator\" \/>\n<meta property=\"article:publisher\" content=\"https:\/\/www.facebook.com\/OrganisatorFachmagazin\" \/>\n<meta property=\"article:published_time\" content=\"2021-01-06T15:29:36+00:00\" \/>\n<meta property=\"og:image\" content=\"https:\/\/www.organisator.ch\/wp-content\/uploads\/2021\/01\/Elisabetta_Carrea_bearbeitet-1-scaled.jpg\" \/>\n\t<meta property=\"og:image:width\" content=\"2359\" \/>\n\t<meta property=\"og:image:height\" content=\"2560\" \/>\n\t<meta property=\"og:image:type\" content=\"image\/jpeg\" \/>\n<meta name=\"author\" content=\"roger.straessle\" \/>\n<meta name=\"twitter:card\" content=\"summary_large_image\" \/>\n<script type=\"application\/ld+json\" class=\"yoast-schema-graph\">{\"@context\":\"https:\\\/\\\/schema.org\",\"@graph\":[{\"@type\":\"Article\",\"@id\":\"https:\\\/\\\/www.organisator.ch\\\/en\\\/general\\\/2021-01-06\\\/swiss-safety-center-mit-neuem-ceo\\\/#article\",\"isPartOf\":{\"@id\":\"https:\\\/\\\/www.organisator.ch\\\/en\\\/general\\\/2021-01-06\\\/swiss-safety-center-mit-neuem-ceo\\\/\"},\"author\":{\"name\":\"roger.straessle\",\"@id\":\"https:\\\/\\\/www.organisator.ch\\\/#\\\/schema\\\/person\\\/a800b8c54e208b160517a7dcc323161d\"},\"headline\":\"Swiss Safety Center mit neuem CEO\",\"datePublished\":\"2021-01-06T15:29:36+00:00\",\"mainEntityOfPage\":{\"@id\":\"https:\\\/\\\/www.organisator.ch\\\/en\\\/general\\\/2021-01-06\\\/swiss-safety-center-mit-neuem-ceo\\\/\"},\"wordCount\":205,\"publisher\":{\"@id\":\"https:\\\/\\\/www.organisator.ch\\\/#organization\"},\"image\":{\"@id\":\"https:\\\/\\\/www.organisator.ch\\\/en\\\/general\\\/2021-01-06\\\/swiss-safety-center-mit-neuem-ceo\\\/#primaryimage\"},\"thumbnailUrl\":\"https:\\\/\\\/www.organisator.ch\\\/wp-content\\\/uploads\\\/2021\\\/01\\\/Elisabetta_Carrea_bearbeitet-1-scaled.jpg\",\"keywords\":[\"CEO\",\"Elisabetta Carrea\",\"Raffael Schubiger\",\"SVTI\",\"Swiss Safety Center AG\"],\"articleSection\":[\"Allgemein\"],\"inLanguage\":\"fr-FR\"},{\"@type\":\"WebPage\",\"@id\":\"https:\\\/\\\/www.organisator.ch\\\/en\\\/general\\\/2021-01-06\\\/swiss-safety-center-mit-neuem-ceo\\\/\",\"url\":\"https:\\\/\\\/www.organisator.ch\\\/en\\\/general\\\/2021-01-06\\\/swiss-safety-center-mit-neuem-ceo\\\/\",\"name\":\"Swiss Safety Center mit neuem CEO - Organisator\",\"isPartOf\":{\"@id\":\"https:\\\/\\\/www.organisator.ch\\\/#website\"},\"primaryImageOfPage\":{\"@id\":\"https:\\\/\\\/www.organisator.ch\\\/en\\\/general\\\/2021-01-06\\\/swiss-safety-center-mit-neuem-ceo\\\/#primaryimage\"},\"image\":{\"@id\":\"https:\\\/\\\/www.organisator.ch\\\/en\\\/general\\\/2021-01-06\\\/swiss-safety-center-mit-neuem-ceo\\\/#primaryimage\"},\"thumbnailUrl\":\"https:\\\/\\\/www.organisator.ch\\\/wp-content\\\/uploads\\\/2021\\\/01\\\/Elisabetta_Carrea_bearbeitet-1-scaled.jpg\",\"datePublished\":\"2021-01-06T15:29:36+00:00\",\"description\":\"Elisabetta Carrea heisst die Nachfolgerin von Raffael Schubiger als CEO der Swiss Safety Center AG. Schubiger bleibt Direktor des SVTI.\",\"breadcrumb\":{\"@id\":\"https:\\\/\\\/www.organisator.ch\\\/en\\\/general\\\/2021-01-06\\\/swiss-safety-center-mit-neuem-ceo\\\/#breadcrumb\"},\"inLanguage\":\"fr-FR\",\"potentialAction\":[{\"@type\":\"ReadAction\",\"target\":[\"https:\\\/\\\/www.organisator.ch\\\/en\\\/general\\\/2021-01-06\\\/swiss-safety-center-mit-neuem-ceo\\\/\"]}]},{\"@type\":\"ImageObject\",\"inLanguage\":\"fr-FR\",\"@id\":\"https:\\\/\\\/www.organisator.ch\\\/en\\\/general\\\/2021-01-06\\\/swiss-safety-center-mit-neuem-ceo\\\/#primaryimage\",\"url\":\"https:\\\/\\\/www.organisator.ch\\\/wp-content\\\/uploads\\\/2021\\\/01\\\/Elisabetta_Carrea_bearbeitet-1-scaled.jpg\",\"contentUrl\":\"https:\\\/\\\/www.organisator.ch\\\/wp-content\\\/uploads\\\/2021\\\/01\\\/Elisabetta_Carrea_bearbeitet-1-scaled.jpg\",\"width\":2359,\"height\":2560,\"caption\":\"Elisabetta Carrea, wird zum CEO der Swiss Safety Center AG. Bild: zVg\"},{\"@type\":\"BreadcrumbList\",\"@id\":\"https:\\\/\\\/www.organisator.ch\\\/en\\\/general\\\/2021-01-06\\\/swiss-safety-center-mit-neuem-ceo\\\/#breadcrumb\",\"itemListElement\":[{\"@type\":\"ListItem\",\"position\":1,\"name\":\"Home\",\"item\":\"https:\\\/\\\/www.organisator.ch\\\/\"},{\"@type\":\"ListItem\",\"position\":2,\"name\":\"Swiss Safety Center mit neuem CEO\"}]},{\"@type\":\"WebSite\",\"@id\":\"https:\\\/\\\/www.organisator.ch\\\/#website\",\"url\":\"https:\\\/\\\/www.organisator.ch\\\/\",\"name\":\"Organisator\",\"description\":\"Kompetent. Praxisnah. Der ORGANISATOR bereitet in 10 Ausgaben pro Jahr die wesentlichen Themen f\u00fcr F\u00fchrungskr\u00e4fte von KMU auf.\",\"publisher\":{\"@id\":\"https:\\\/\\\/www.organisator.ch\\\/#organization\"},\"potentialAction\":[{\"@type\":\"SearchAction\",\"target\":{\"@type\":\"EntryPoint\",\"urlTemplate\":\"https:\\\/\\\/www.organisator.ch\\\/?s={search_term_string}\"},\"query-input\":{\"@type\":\"PropertyValueSpecification\",\"valueRequired\":true,\"valueName\":\"search_term_string\"}}],\"inLanguage\":\"fr-FR\"},{\"@type\":\"Organization\",\"@id\":\"https:\\\/\\\/www.organisator.ch\\\/#organization\",\"name\":\"Organisator\",\"url\":\"https:\\\/\\\/www.organisator.ch\\\/\",\"logo\":{\"@type\":\"ImageObject\",\"inLanguage\":\"fr-FR\",\"@id\":\"https:\\\/\\\/www.organisator.ch\\\/#\\\/schema\\\/logo\\\/image\\\/\",\"url\":\"https:\\\/\\\/www.organisator.ch\\\/wp-content\\\/uploads\\\/2022\\\/01\\\/Logo_Organisator_Website.png\",\"contentUrl\":\"https:\\\/\\\/www.organisator.ch\\\/wp-content\\\/uploads\\\/2022\\\/01\\\/Logo_Organisator_Website.png\",\"width\":800,\"height\":77,\"caption\":\"Organisator\"},\"image\":{\"@id\":\"https:\\\/\\\/www.organisator.ch\\\/#\\\/schema\\\/logo\\\/image\\\/\"},\"sameAs\":[\"https:\\\/\\\/www.facebook.com\\\/OrganisatorFachmagazin\",\"https:\\\/\\\/www.linkedin.com\\\/showcase\\\/organisator-das-magazin-fr-kmu\",\"https:\\\/\\\/www.xing.com\\\/news\\\/pages\\\/organisator-ch-695\",\"https:\\\/\\\/www.youtube.com\\\/channel\\\/UCGP2Sq0iWaZwT3BdIAQFYpw\"]},{\"@type\":\"Person\",\"@id\":\"https:\\\/\\\/www.organisator.ch\\\/#\\\/schema\\\/person\\\/a800b8c54e208b160517a7dcc323161d\",\"name\":\"roger.straessle\",\"image\":{\"@type\":\"ImageObject\",\"inLanguage\":\"fr-FR\",\"@id\":\"https:\\\/\\\/secure.gravatar.com\\\/avatar\\\/?s=96&d=mm&r=g\",\"url\":\"https:\\\/\\\/secure.gravatar.com\\\/avatar\\\/?s=96&d=mm&r=g\",\"contentUrl\":\"https:\\\/\\\/secure.gravatar.com\\\/avatar\\\/?s=96&d=mm&r=g\",\"caption\":\"roger.straessle\"},\"url\":\"https:\\\/\\\/www.organisator.ch\\\/fr\\\/author\\\/roger-straessle\\\/\"}]}<\/script>\n<!-- \/ Yoast SEO plugin. -->","yoast_head_json":{"title":"Le Swiss Safety Center a un nouveau CEO - Organisateur","description":"Elisabetta Carrea est le successeur de Raffael Schubiger au poste de CEO de Swiss Safety Center SA. Schubiger reste directeur de l'ASIT.","robots":{"index":"index","follow":"follow","max-snippet":"max-snippet:-1","max-image-preview":"max-image-preview:large","max-video-preview":"max-video-preview:-1"},"canonical":"https:\/\/www.organisator.ch\/fr\/general\/2021-01-06\/swiss-safety-center-mit-neuem-ceo\/","og_locale":"fr_FR","og_type":"article","og_title":"Swiss Safety Center mit neuem CEO - Organisator","og_description":"Elisabetta Carrea heisst die Nachfolgerin von Raffael Schubiger als CEO der Swiss Safety Center AG. Schubiger bleibt Direktor des SVTI.","og_url":"https:\/\/www.organisator.ch\/fr\/general\/2021-01-06\/swiss-safety-center-mit-neuem-ceo\/","og_site_name":"Organisator","article_publisher":"https:\/\/www.facebook.com\/OrganisatorFachmagazin","article_published_time":"2021-01-06T15:29:36+00:00","og_image":[{"width":2359,"height":2560,"url":"https:\/\/www.organisator.ch\/wp-content\/uploads\/2021\/01\/Elisabetta_Carrea_bearbeitet-1-scaled.jpg","type":"image\/jpeg"}],"author":"roger.straessle","twitter_card":"summary_large_image","schema":{"@context":"https:\/\/schema.org","@graph":[{"@type":"Article","@id":"https:\/\/www.organisator.ch\/en\/general\/2021-01-06\/swiss-safety-center-mit-neuem-ceo\/#article","isPartOf":{"@id":"https:\/\/www.organisator.ch\/en\/general\/2021-01-06\/swiss-safety-center-mit-neuem-ceo\/"},"author":{"name":"roger.straessle","@id":"https:\/\/www.organisator.ch\/#\/schema\/person\/a800b8c54e208b160517a7dcc323161d"},"headline":"Swiss Safety Center mit neuem CEO","datePublished":"2021-01-06T15:29:36+00:00","mainEntityOfPage":{"@id":"https:\/\/www.organisator.ch\/en\/general\/2021-01-06\/swiss-safety-center-mit-neuem-ceo\/"},"wordCount":205,"publisher":{"@id":"https:\/\/www.organisator.ch\/#organization"},"image":{"@id":"https:\/\/www.organisator.ch\/en\/general\/2021-01-06\/swiss-safety-center-mit-neuem-ceo\/#primaryimage"},"thumbnailUrl":"https:\/\/www.organisator.ch\/wp-content\/uploads\/2021\/01\/Elisabetta_Carrea_bearbeitet-1-scaled.jpg","keywords":["CEO","Elisabetta Carrea","Raffael Schubiger","SVTI","Swiss Safety Center AG"],"articleSection":["Allgemein"],"inLanguage":"fr-FR"},{"@type":"WebPage","@id":"https:\/\/www.organisator.ch\/en\/general\/2021-01-06\/swiss-safety-center-mit-neuem-ceo\/","url":"https:\/\/www.organisator.ch\/en\/general\/2021-01-06\/swiss-safety-center-mit-neuem-ceo\/","name":"Le Swiss Safety Center a un nouveau CEO - Organisateur","isPartOf":{"@id":"https:\/\/www.organisator.ch\/#website"},"primaryImageOfPage":{"@id":"https:\/\/www.organisator.ch\/en\/general\/2021-01-06\/swiss-safety-center-mit-neuem-ceo\/#primaryimage"},"image":{"@id":"https:\/\/www.organisator.ch\/en\/general\/2021-01-06\/swiss-safety-center-mit-neuem-ceo\/#primaryimage"},"thumbnailUrl":"https:\/\/www.organisator.ch\/wp-content\/uploads\/2021\/01\/Elisabetta_Carrea_bearbeitet-1-scaled.jpg","datePublished":"2021-01-06T15:29:36+00:00","description":"Elisabetta Carrea est le successeur de Raffael Schubiger au poste de CEO de Swiss Safety Center SA. Schubiger reste directeur de l'ASIT.","breadcrumb":{"@id":"https:\/\/www.organisator.ch\/en\/general\/2021-01-06\/swiss-safety-center-mit-neuem-ceo\/#breadcrumb"},"inLanguage":"fr-FR","potentialAction":[{"@type":"ReadAction","target":["https:\/\/www.organisator.ch\/en\/general\/2021-01-06\/swiss-safety-center-mit-neuem-ceo\/"]}]},{"@type":"ImageObject","inLanguage":"fr-FR","@id":"https:\/\/www.organisator.ch\/en\/general\/2021-01-06\/swiss-safety-center-mit-neuem-ceo\/#primaryimage","url":"https:\/\/www.organisator.ch\/wp-content\/uploads\/2021\/01\/Elisabetta_Carrea_bearbeitet-1-scaled.jpg","contentUrl":"https:\/\/www.organisator.ch\/wp-content\/uploads\/2021\/01\/Elisabetta_Carrea_bearbeitet-1-scaled.jpg","width":2359,"height":2560,"caption":"Elisabetta Carrea, wird zum CEO der Swiss Safety Center AG. Bild: zVg"},{"@type":"BreadcrumbList","@id":"https:\/\/www.organisator.ch\/en\/general\/2021-01-06\/swiss-safety-center-mit-neuem-ceo\/#breadcrumb","itemListElement":[{"@type":"ListItem","position":1,"name":"Home","item":"https:\/\/www.organisator.ch\/"},{"@type":"ListItem","position":2,"name":"Swiss Safety Center mit neuem CEO"}]},{"@type":"WebSite","@id":"https:\/\/www.organisator.ch\/#website","url":"https:\/\/www.organisator.ch\/","name":"Organisateur","description":"Comp\u00e9tence et comp\u00e9tence. Proches de la pratique. L'ORGANISATEUR pr\u00e9pare 10 num\u00e9ros par an sur les th\u00e8mes essentiels pour les dirigeants de PME.","publisher":{"@id":"https:\/\/www.organisator.ch\/#organization"},"potentialAction":[{"@type":"SearchAction","target":{"@type":"EntryPoint","urlTemplate":"https:\/\/www.organisator.ch\/?s={search_term_string}"},"query-input":{"@type":"PropertyValueSpecification","valueRequired":true,"valueName":"search_term_string"}}],"inLanguage":"fr-FR"},{"@type":"Organization","@id":"https:\/\/www.organisator.ch\/#organization","name":"Organisateur","url":"https:\/\/www.organisator.ch\/","logo":{"@type":"ImageObject","inLanguage":"fr-FR","@id":"https:\/\/www.organisator.ch\/#\/schema\/logo\/image\/","url":"https:\/\/www.organisator.ch\/wp-content\/uploads\/2022\/01\/Logo_Organisator_Website.png","contentUrl":"https:\/\/www.organisator.ch\/wp-content\/uploads\/2022\/01\/Logo_Organisator_Website.png","width":800,"height":77,"caption":"Organisator"},"image":{"@id":"https:\/\/www.organisator.ch\/#\/schema\/logo\/image\/"},"sameAs":["https:\/\/www.facebook.com\/OrganisatorFachmagazin","https:\/\/www.linkedin.com\/showcase\/organisator-das-magazin-fr-kmu","https:\/\/www.xing.com\/news\/pages\/organisator-ch-695","https:\/\/www.youtube.com\/channel\/UCGP2Sq0iWaZwT3BdIAQFYpw"]},{"@type":"Person","@id":"https:\/\/www.organisator.ch\/#\/schema\/person\/a800b8c54e208b160517a7dcc323161d","name":"roger.straessle","image":{"@type":"ImageObject","inLanguage":"fr-FR","@id":"https:\/\/secure.gravatar.com\/avatar\/?s=96&d=mm&r=g","url":"https:\/\/secure.gravatar.com\/avatar\/?s=96&d=mm&r=g","contentUrl":"https:\/\/secure.gravatar.com\/avatar\/?s=96&d=mm&r=g","caption":"roger.straessle"},"url":"https:\/\/www.organisator.ch\/fr\/author\/roger-straessle\/"}]}},"_links":{"self":[{"href":"https:\/\/www.organisator.ch\/fr\/wp-json\/wp\/v2\/posts\/3638","targetHints":{"allow":["GET"]}}],"collection":[{"href":"https:\/\/www.organisator.ch\/fr\/wp-json\/wp\/v2\/posts"}],"about":[{"href":"https:\/\/www.organisator.ch\/fr\/wp-json\/wp\/v2\/types\/post"}],"author":[{"embeddable":true,"href":"https:\/\/www.organisator.ch\/fr\/wp-json\/wp\/v2\/users\/6"}],"replies":[{"embeddable":true,"href":"https:\/\/www.organisator.ch\/fr\/wp-json\/wp\/v2\/comments?post=3638"}],"version-history":[{"count":0,"href":"https:\/\/www.organisator.ch\/fr\/wp-json\/wp\/v2\/posts\/3638\/revisions"}],"wp:featuredmedia":[{"embeddable":true,"href":"https:\/\/www.organisator.ch\/fr\/wp-json\/wp\/v2\/media\/3639"}],"wp:attachment":[{"href":"https:\/\/www.organisator.ch\/fr\/wp-json\/wp\/v2\/media?parent=3638"}],"wp:term":[{"taxonomy":"category","embeddable":true,"href":"https:\/\/www.organisator.ch\/fr\/wp-json\/wp\/v2\/categories?post=3638"},{"taxonomy":"post_tag","embeddable":true,"href":"https:\/\/www.organisator.ch\/fr\/wp-json\/wp\/v2\/tags?post=3638"}],"curies":[{"name":"wp","href":"https:\/\/api.w.org\/{rel}","templated":true}]}}