{"id":36403,"date":"2025-02-26T10:20:23","date_gmt":"2025-02-26T09:20:23","guid":{"rendered":"https:\/\/www.organisator.ch\/?p=36403"},"modified":"2025-02-26T09:54:58","modified_gmt":"2025-02-26T08:54:58","slug":"schwere-zeiten-fuer-die-mem-branche-halten-an","status":"publish","type":"post","link":"https:\/\/www.organisator.ch\/fr\/management\/2025-02-26\/schwere-zeiten-fuer-die-mem-branche-halten-an\/","title":{"rendered":"Les temps difficiles continuent pour la branche MEM"},"content":{"rendered":"<figure id=\"attachment_36405\" aria-describedby=\"caption-attachment-36405\" style=\"width: 680px\" class=\"wp-caption alignnone\"><img loading=\"lazy\" decoding=\"async\" class=\"size-full wp-image-36405\" src=\"https:\/\/www.organisator.ch\/wp-content\/uploads\/2025\/02\/Swissmechanic_Bild1_ps.jpg\" alt=\"\" width=\"680\" height=\"454\" srcset=\"https:\/\/www.organisator.ch\/wp-content\/uploads\/2025\/02\/Swissmechanic_Bild1_ps.jpg 680w, https:\/\/www.organisator.ch\/wp-content\/uploads\/2025\/02\/Swissmechanic_Bild1_ps-18x12.jpg 18w, https:\/\/www.organisator.ch\/wp-content\/uploads\/2025\/02\/Swissmechanic_Bild1_ps-375x250.jpg 375w, https:\/\/www.organisator.ch\/wp-content\/uploads\/2025\/02\/Swissmechanic_Bild1_ps-524x350.jpg 524w\" sizes=\"auto, (max-width: 680px) 100vw, 680px\" \/><figcaption id=\"caption-attachment-36405\" class=\"wp-caption-text\">L'indice du climat des affaires PME-MEM de Swissmechanic r\u00e9v\u00e8le une situation tendue dans la branche MEM. Les investissements restent difficiles. (Image : www.depositphotos.com)<\/figcaption><\/figure>\n<p>Pr\u00e8s de 60 % des entreprises interrog\u00e9es ont signal\u00e9 des baisses de commandes. Seules 18 % des entreprises ont enregistr\u00e9 une hausse de leur chiffre d'affaires. La majorit\u00e9 des entreprises ne voient pas d'am\u00e9lioration rapide de la situation. Plus de 500 entreprises ont particip\u00e9 \u00e0 l'enqu\u00eate trimestrielle - un nombre tr\u00e8s \u00e9lev\u00e9, ce qui est r\u00e9jouissant.<\/p>\n<p>La probl\u00e9matique persistante des marges reste particuli\u00e8rement pesante : 51 % des entreprises font \u00e9tat de marges stagnantes ou n\u00e9gatives. Les co\u00fbts de production restent \u00e9lev\u00e9s, alors que les prix de vente ne peuvent souvent pas augmenter dans les m\u00eames proportions. Un autre probl\u00e8me central est la volont\u00e9 d'investissement fortement limit\u00e9e : 27 % des entreprises indiquent que les restrictions financi\u00e8res emp\u00eachent les investissements (en novembre 2024, elles \u00e9taient 25 %).<\/p>\n<h3><strong>Les investissements restent difficiles<\/strong><\/h3>\n<p>L'incertitude qui r\u00e8gne sur les march\u00e9s se refl\u00e8te \u00e9galement dans la propension \u00e0 investir. La situation devient particuli\u00e8rement critique pour les petites entreprises qui, en raison de l'\u00e9rosion des marges, ont des difficult\u00e9s \u00e0 mobiliser des fonds propres et \u00e0 s'assurer une base de financement solide. Seules 26 % des entreprises pr\u00e9voient d'augmenter leurs capacit\u00e9s de production l'ann\u00e9e prochaine, ce qui p\u00e8se sur l'\u00e9volution \u00e0 long terme du secteur.<\/p>\n<figure id=\"attachment_36406\" aria-describedby=\"caption-attachment-36406\" style=\"width: 680px\" class=\"wp-caption alignnone\"><img loading=\"lazy\" decoding=\"async\" class=\"size-full wp-image-36406\" src=\"https:\/\/www.organisator.ch\/wp-content\/uploads\/2025\/02\/Swissmechanic_Bild2_ps.jpg\" alt=\"\" width=\"680\" height=\"458\" srcset=\"https:\/\/www.organisator.ch\/wp-content\/uploads\/2025\/02\/Swissmechanic_Bild2_ps.jpg 680w, https:\/\/www.organisator.ch\/wp-content\/uploads\/2025\/02\/Swissmechanic_Bild2_ps-18x12.jpg 18w, https:\/\/www.organisator.ch\/wp-content\/uploads\/2025\/02\/Swissmechanic_Bild2_ps-375x253.jpg 375w, https:\/\/www.organisator.ch\/wp-content\/uploads\/2025\/02\/Swissmechanic_Bild2_ps-520x350.jpg 520w\" sizes=\"auto, (max-width: 680px) 100vw, 680px\" \/><figcaption id=\"caption-attachment-36406\" class=\"wp-caption-text\">Source : BAK Economics, enqu\u00eate trimestrielle Swissmechanic<\/figcaption><\/figure>\n<h3><strong>Perspectives d'avenir : Pas de reprise rapide en vue<\/strong><\/h3>\n<p>Malgr\u00e9 une l\u00e9g\u00e8re stabilisation du climat des affaires, peu d'entreprises s'attendent \u00e0 une am\u00e9lioration rapide. Seules 14 % des entreprises estiment que la situation s'am\u00e9liorera nettement au cours des trois prochains mois. Les fortes incertitudes qui p\u00e8sent sur l'\u00e9conomie mondiale, associ\u00e9es aux d\u00e9fis structurels du secteur, indiquent que l'\u00e9volution restera difficile.<\/p>\n<p>Swissmechanic demande aux politiques et aux organisations \u00e9conomiques d'am\u00e9liorer les conditions-cadres pour la branche MEM et de soutenir les PME afin de garantir leur comp\u00e9titivit\u00e9 et de renforcer leur capacit\u00e9 d'investissement - par exemple en simplifiant les r\u00e9glementations.<\/p>\n<p><em><a href=\"https:\/\/www.swissmechanic.ch\/home\/gad_source\/1\/gclid\/cjwkcaialpu9bhajeiwa5ndsa3xj3brdhhdyzgxgee3sx21qwktnu0fdgdzropvi0bsr_ryi8jc1kbocuraqavd_bwe\">Plus d'informations<\/a><\/em><\/p>","protected":false},"excerpt":{"rendered":"<p>L'indice du climat des affaires PME-MEM de Swissmechanic pour f\u00e9vrier 2025 montre toujours une situation tendue dans l'industrie des machines, des \u00e9quipements \u00e9lectriques et des m\u00e9taux (MEM). Depuis plus de 18 mois, le climat des affaires se situe dans la zone n\u00e9gative, une situation aggrav\u00e9e par la faiblesse de la demande \u00e9trang\u00e8re, la force du franc suisse et la hausse des co\u00fbts de production.<\/p>","protected":false},"author":80,"featured_media":36405,"comment_status":"closed","ping_status":"closed","sticky":false,"template":"","format":"standard","meta":{"_acf_changed":false,"_yoast_wpseo_focuskw":"Gesch\u00e4ftsklimaindex","_yoast_wpseo_metadesc":"Der Swissmechanic KMU-MEM-Gesch\u00e4ftsklimaindex zeigt eine angespannte Lage in der MEM-Branche. Investitionen bleiben schwierig.","articlekey":"","footnotes":""},"categories":[28],"tags":[4627,301,4406,2712,424],"class_list":["post-36403","post","type-post","status-publish","format-standard","has-post-thumbnail","hentry","category-management","tag-geschaeftsklima","tag-kmu","tag-kmu-mem","tag-mem-branche","tag-schweiz"],"acf":[],"yoast_head":"<!-- This site is optimized with the Yoast SEO plugin v27.5 - https:\/\/yoast.com\/product\/yoast-seo-wordpress\/ -->\n<title>Schwere Zeiten f\u00fcr die MEM-Branche halten an - Organisator<\/title>\n<meta name=\"description\" content=\"Der Swissmechanic KMU-MEM-Gesch\u00e4ftsklimaindex zeigt eine angespannte Lage in der MEM-Branche. Investitionen bleiben schwierig.\" \/>\n<meta name=\"robots\" content=\"index, follow, max-snippet:-1, max-image-preview:large, max-video-preview:-1\" \/>\n<link rel=\"canonical\" href=\"https:\/\/www.organisator.ch\/fr\/gestion-2\/2025-02-26\/schwere-zeiten-fuer-die-mem-branche-halten-an\/\" \/>\n<meta property=\"og:locale\" content=\"fr_FR\" \/>\n<meta property=\"og:type\" content=\"article\" \/>\n<meta property=\"og:title\" content=\"Schwere Zeiten f\u00fcr die MEM-Branche halten an\" \/>\n<meta property=\"og:description\" content=\"Der Swissmechanic KMU-MEM-Gesch\u00e4ftsklimaindex zeigt eine angespannte Lage in der MEM-Branche. Investitionen bleiben schwierig.\" \/>\n<meta property=\"og:url\" content=\"https:\/\/www.organisator.ch\/fr\/gestion-2\/2025-02-26\/schwere-zeiten-fuer-die-mem-branche-halten-an\/\" \/>\n<meta property=\"og:site_name\" content=\"Organisator\" \/>\n<meta property=\"article:publisher\" content=\"https:\/\/www.facebook.com\/OrganisatorFachmagazin\" \/>\n<meta property=\"article:published_time\" content=\"2025-02-26T09:20:23+00:00\" \/>\n<meta property=\"og:image\" content=\"https:\/\/www.organisator.ch\/wp-content\/uploads\/2025\/02\/Swissmechanic_Bild1_ps.jpg\" \/>\n\t<meta property=\"og:image:width\" content=\"680\" \/>\n\t<meta property=\"og:image:height\" content=\"454\" \/>\n\t<meta property=\"og:image:type\" content=\"image\/jpeg\" \/>\n<meta name=\"author\" content=\"Dzana Muminovic\" \/>\n<meta name=\"twitter:card\" content=\"summary_large_image\" \/>\n<meta name=\"twitter:title\" content=\"Schwere Zeiten f\u00fcr die MEM-Branche halten an\" \/>\n<meta name=\"twitter:description\" content=\"Der #Swissmechanic #KMU-#MEM-#Gesch\u00e4ftsklimaindex zeigt eine angespannte Lage in der MEM-Branche. #Investitionen bleiben schwierig.\" \/>\n<meta name=\"twitter:image\" content=\"https:\/\/www.organisator.ch\/wp-content\/uploads\/2025\/02\/Swissmechanic_Bild1_ps.jpg\" \/>\n<script type=\"application\/ld+json\" class=\"yoast-schema-graph\">{\"@context\":\"https:\\\/\\\/schema.org\",\"@graph\":[{\"@type\":\"Article\",\"@id\":\"https:\\\/\\\/www.organisator.ch\\\/management\\\/2025-02-26\\\/schwere-zeiten-fuer-die-mem-branche-halten-an\\\/#article\",\"isPartOf\":{\"@id\":\"https:\\\/\\\/www.organisator.ch\\\/management\\\/2025-02-26\\\/schwere-zeiten-fuer-die-mem-branche-halten-an\\\/\"},\"author\":{\"name\":\"Dzana Muminovic\",\"@id\":\"https:\\\/\\\/www.organisator.ch\\\/#\\\/schema\\\/person\\\/afccda3a71c06d4be2ed9100dd163db7\"},\"headline\":\"Schwere Zeiten f\u00fcr die MEM-Branche halten an\",\"datePublished\":\"2025-02-26T09:20:23+00:00\",\"mainEntityOfPage\":{\"@id\":\"https:\\\/\\\/www.organisator.ch\\\/management\\\/2025-02-26\\\/schwere-zeiten-fuer-die-mem-branche-halten-an\\\/\"},\"wordCount\":298,\"publisher\":{\"@id\":\"https:\\\/\\\/www.organisator.ch\\\/#organization\"},\"image\":{\"@id\":\"https:\\\/\\\/www.organisator.ch\\\/management\\\/2025-02-26\\\/schwere-zeiten-fuer-die-mem-branche-halten-an\\\/#primaryimage\"},\"thumbnailUrl\":\"https:\\\/\\\/www.organisator.ch\\\/wp-content\\\/uploads\\\/2025\\\/02\\\/Swissmechanic_Bild1_ps.jpg\",\"keywords\":[\"Gesch\u00e4ftsklima\",\"KMU\",\"KMU-MEM\",\"MEM-Branche\",\"Schweiz\"],\"articleSection\":[\"MANAGEMENT\"],\"inLanguage\":\"fr-FR\"},{\"@type\":\"WebPage\",\"@id\":\"https:\\\/\\\/www.organisator.ch\\\/management\\\/2025-02-26\\\/schwere-zeiten-fuer-die-mem-branche-halten-an\\\/\",\"url\":\"https:\\\/\\\/www.organisator.ch\\\/management\\\/2025-02-26\\\/schwere-zeiten-fuer-die-mem-branche-halten-an\\\/\",\"name\":\"Schwere Zeiten f\u00fcr die MEM-Branche halten an - Organisator\",\"isPartOf\":{\"@id\":\"https:\\\/\\\/www.organisator.ch\\\/#website\"},\"primaryImageOfPage\":{\"@id\":\"https:\\\/\\\/www.organisator.ch\\\/management\\\/2025-02-26\\\/schwere-zeiten-fuer-die-mem-branche-halten-an\\\/#primaryimage\"},\"image\":{\"@id\":\"https:\\\/\\\/www.organisator.ch\\\/management\\\/2025-02-26\\\/schwere-zeiten-fuer-die-mem-branche-halten-an\\\/#primaryimage\"},\"thumbnailUrl\":\"https:\\\/\\\/www.organisator.ch\\\/wp-content\\\/uploads\\\/2025\\\/02\\\/Swissmechanic_Bild1_ps.jpg\",\"datePublished\":\"2025-02-26T09:20:23+00:00\",\"description\":\"Der Swissmechanic KMU-MEM-Gesch\u00e4ftsklimaindex zeigt eine angespannte Lage in der MEM-Branche. Investitionen bleiben schwierig.\",\"breadcrumb\":{\"@id\":\"https:\\\/\\\/www.organisator.ch\\\/management\\\/2025-02-26\\\/schwere-zeiten-fuer-die-mem-branche-halten-an\\\/#breadcrumb\"},\"inLanguage\":\"fr-FR\",\"potentialAction\":[{\"@type\":\"ReadAction\",\"target\":[\"https:\\\/\\\/www.organisator.ch\\\/management\\\/2025-02-26\\\/schwere-zeiten-fuer-die-mem-branche-halten-an\\\/\"]}]},{\"@type\":\"ImageObject\",\"inLanguage\":\"fr-FR\",\"@id\":\"https:\\\/\\\/www.organisator.ch\\\/management\\\/2025-02-26\\\/schwere-zeiten-fuer-die-mem-branche-halten-an\\\/#primaryimage\",\"url\":\"https:\\\/\\\/www.organisator.ch\\\/wp-content\\\/uploads\\\/2025\\\/02\\\/Swissmechanic_Bild1_ps.jpg\",\"contentUrl\":\"https:\\\/\\\/www.organisator.ch\\\/wp-content\\\/uploads\\\/2025\\\/02\\\/Swissmechanic_Bild1_ps.jpg\",\"width\":680,\"height\":454,\"caption\":\"Der Swissmechanic KMU-MEM-Gesch\u00e4ftsklimaindex zeigt eine angespannte Lage in der MEM-Branche. Investitionen bleiben schwierig. (Bild: www.depositphotos.com)\"},{\"@type\":\"BreadcrumbList\",\"@id\":\"https:\\\/\\\/www.organisator.ch\\\/management\\\/2025-02-26\\\/schwere-zeiten-fuer-die-mem-branche-halten-an\\\/#breadcrumb\",\"itemListElement\":[{\"@type\":\"ListItem\",\"position\":1,\"name\":\"Home\",\"item\":\"https:\\\/\\\/www.organisator.ch\\\/\"},{\"@type\":\"ListItem\",\"position\":2,\"name\":\"Schwere Zeiten f\u00fcr die MEM-Branche halten an\"}]},{\"@type\":\"WebSite\",\"@id\":\"https:\\\/\\\/www.organisator.ch\\\/#website\",\"url\":\"https:\\\/\\\/www.organisator.ch\\\/\",\"name\":\"Organisator\",\"description\":\"Kompetent. Praxisnah. Der ORGANISATOR bereitet in 10 Ausgaben pro Jahr die wesentlichen Themen f\u00fcr F\u00fchrungskr\u00e4fte von KMU auf.\",\"publisher\":{\"@id\":\"https:\\\/\\\/www.organisator.ch\\\/#organization\"},\"potentialAction\":[{\"@type\":\"SearchAction\",\"target\":{\"@type\":\"EntryPoint\",\"urlTemplate\":\"https:\\\/\\\/www.organisator.ch\\\/?s={search_term_string}\"},\"query-input\":{\"@type\":\"PropertyValueSpecification\",\"valueRequired\":true,\"valueName\":\"search_term_string\"}}],\"inLanguage\":\"fr-FR\"},{\"@type\":\"Organization\",\"@id\":\"https:\\\/\\\/www.organisator.ch\\\/#organization\",\"name\":\"Organisator\",\"url\":\"https:\\\/\\\/www.organisator.ch\\\/\",\"logo\":{\"@type\":\"ImageObject\",\"inLanguage\":\"fr-FR\",\"@id\":\"https:\\\/\\\/www.organisator.ch\\\/#\\\/schema\\\/logo\\\/image\\\/\",\"url\":\"https:\\\/\\\/www.organisator.ch\\\/wp-content\\\/uploads\\\/2022\\\/01\\\/Logo_Organisator_Website.png\",\"contentUrl\":\"https:\\\/\\\/www.organisator.ch\\\/wp-content\\\/uploads\\\/2022\\\/01\\\/Logo_Organisator_Website.png\",\"width\":800,\"height\":77,\"caption\":\"Organisator\"},\"image\":{\"@id\":\"https:\\\/\\\/www.organisator.ch\\\/#\\\/schema\\\/logo\\\/image\\\/\"},\"sameAs\":[\"https:\\\/\\\/www.facebook.com\\\/OrganisatorFachmagazin\",\"https:\\\/\\\/www.linkedin.com\\\/showcase\\\/organisator-das-magazin-fr-kmu\",\"https:\\\/\\\/www.xing.com\\\/news\\\/pages\\\/organisator-ch-695\",\"https:\\\/\\\/www.youtube.com\\\/channel\\\/UCGP2Sq0iWaZwT3BdIAQFYpw\"]},{\"@type\":\"Person\",\"@id\":\"https:\\\/\\\/www.organisator.ch\\\/#\\\/schema\\\/person\\\/afccda3a71c06d4be2ed9100dd163db7\",\"name\":\"Dzana Muminovic\",\"image\":{\"@type\":\"ImageObject\",\"inLanguage\":\"fr-FR\",\"@id\":\"https:\\\/\\\/secure.gravatar.com\\\/avatar\\\/909c5c71aff4b38e88686f2ab2f1ba152571f394f41ed8bae431ea56ced93050?s=96&d=mm&r=g\",\"url\":\"https:\\\/\\\/secure.gravatar.com\\\/avatar\\\/909c5c71aff4b38e88686f2ab2f1ba152571f394f41ed8bae431ea56ced93050?s=96&d=mm&r=g\",\"contentUrl\":\"https:\\\/\\\/secure.gravatar.com\\\/avatar\\\/909c5c71aff4b38e88686f2ab2f1ba152571f394f41ed8bae431ea56ced93050?s=96&d=mm&r=g\",\"caption\":\"Dzana Muminovic\"},\"url\":\"https:\\\/\\\/www.organisator.ch\\\/fr\\\/author\\\/dzana-muminovic\\\/\"}]}<\/script>\n<!-- \/ Yoast SEO plugin. -->","yoast_head_json":{"title":"Les temps difficiles continuent pour la branche MEM - Organisateur","description":"L'indice du climat des affaires PME-MEM de Swissmechanic r\u00e9v\u00e8le une situation tendue dans la branche MEM. Les investissements restent difficiles.","robots":{"index":"index","follow":"follow","max-snippet":"max-snippet:-1","max-image-preview":"max-image-preview:large","max-video-preview":"max-video-preview:-1"},"canonical":"https:\/\/www.organisator.ch\/fr\/gestion-2\/2025-02-26\/schwere-zeiten-fuer-die-mem-branche-halten-an\/","og_locale":"fr_FR","og_type":"article","og_title":"Schwere Zeiten f\u00fcr die MEM-Branche halten an","og_description":"Der Swissmechanic KMU-MEM-Gesch\u00e4ftsklimaindex zeigt eine angespannte Lage in der MEM-Branche. Investitionen bleiben schwierig.","og_url":"https:\/\/www.organisator.ch\/fr\/gestion-2\/2025-02-26\/schwere-zeiten-fuer-die-mem-branche-halten-an\/","og_site_name":"Organisator","article_publisher":"https:\/\/www.facebook.com\/OrganisatorFachmagazin","article_published_time":"2025-02-26T09:20:23+00:00","og_image":[{"width":680,"height":454,"url":"https:\/\/www.organisator.ch\/wp-content\/uploads\/2025\/02\/Swissmechanic_Bild1_ps.jpg","type":"image\/jpeg"}],"author":"Dzana Muminovic","twitter_card":"summary_large_image","twitter_title":"Schwere Zeiten f\u00fcr die MEM-Branche halten an","twitter_description":"Der #Swissmechanic #KMU-#MEM-#Gesch\u00e4ftsklimaindex zeigt eine angespannte Lage in der MEM-Branche. #Investitionen bleiben schwierig.","twitter_image":"https:\/\/www.organisator.ch\/wp-content\/uploads\/2025\/02\/Swissmechanic_Bild1_ps.jpg","schema":{"@context":"https:\/\/schema.org","@graph":[{"@type":"Article","@id":"https:\/\/www.organisator.ch\/management\/2025-02-26\/schwere-zeiten-fuer-die-mem-branche-halten-an\/#article","isPartOf":{"@id":"https:\/\/www.organisator.ch\/management\/2025-02-26\/schwere-zeiten-fuer-die-mem-branche-halten-an\/"},"author":{"name":"Dzana Muminovic","@id":"https:\/\/www.organisator.ch\/#\/schema\/person\/afccda3a71c06d4be2ed9100dd163db7"},"headline":"Schwere Zeiten f\u00fcr die MEM-Branche halten an","datePublished":"2025-02-26T09:20:23+00:00","mainEntityOfPage":{"@id":"https:\/\/www.organisator.ch\/management\/2025-02-26\/schwere-zeiten-fuer-die-mem-branche-halten-an\/"},"wordCount":298,"publisher":{"@id":"https:\/\/www.organisator.ch\/#organization"},"image":{"@id":"https:\/\/www.organisator.ch\/management\/2025-02-26\/schwere-zeiten-fuer-die-mem-branche-halten-an\/#primaryimage"},"thumbnailUrl":"https:\/\/www.organisator.ch\/wp-content\/uploads\/2025\/02\/Swissmechanic_Bild1_ps.jpg","keywords":["Gesch\u00e4ftsklima","KMU","KMU-MEM","MEM-Branche","Schweiz"],"articleSection":["MANAGEMENT"],"inLanguage":"fr-FR"},{"@type":"WebPage","@id":"https:\/\/www.organisator.ch\/management\/2025-02-26\/schwere-zeiten-fuer-die-mem-branche-halten-an\/","url":"https:\/\/www.organisator.ch\/management\/2025-02-26\/schwere-zeiten-fuer-die-mem-branche-halten-an\/","name":"Les temps difficiles continuent pour la branche MEM - Organisateur","isPartOf":{"@id":"https:\/\/www.organisator.ch\/#website"},"primaryImageOfPage":{"@id":"https:\/\/www.organisator.ch\/management\/2025-02-26\/schwere-zeiten-fuer-die-mem-branche-halten-an\/#primaryimage"},"image":{"@id":"https:\/\/www.organisator.ch\/management\/2025-02-26\/schwere-zeiten-fuer-die-mem-branche-halten-an\/#primaryimage"},"thumbnailUrl":"https:\/\/www.organisator.ch\/wp-content\/uploads\/2025\/02\/Swissmechanic_Bild1_ps.jpg","datePublished":"2025-02-26T09:20:23+00:00","description":"L'indice du climat des affaires PME-MEM de Swissmechanic r\u00e9v\u00e8le une situation tendue dans la branche MEM. Les investissements restent difficiles.","breadcrumb":{"@id":"https:\/\/www.organisator.ch\/management\/2025-02-26\/schwere-zeiten-fuer-die-mem-branche-halten-an\/#breadcrumb"},"inLanguage":"fr-FR","potentialAction":[{"@type":"ReadAction","target":["https:\/\/www.organisator.ch\/management\/2025-02-26\/schwere-zeiten-fuer-die-mem-branche-halten-an\/"]}]},{"@type":"ImageObject","inLanguage":"fr-FR","@id":"https:\/\/www.organisator.ch\/management\/2025-02-26\/schwere-zeiten-fuer-die-mem-branche-halten-an\/#primaryimage","url":"https:\/\/www.organisator.ch\/wp-content\/uploads\/2025\/02\/Swissmechanic_Bild1_ps.jpg","contentUrl":"https:\/\/www.organisator.ch\/wp-content\/uploads\/2025\/02\/Swissmechanic_Bild1_ps.jpg","width":680,"height":454,"caption":"Der Swissmechanic KMU-MEM-Gesch\u00e4ftsklimaindex zeigt eine angespannte Lage in der MEM-Branche. Investitionen bleiben schwierig. (Bild: www.depositphotos.com)"},{"@type":"BreadcrumbList","@id":"https:\/\/www.organisator.ch\/management\/2025-02-26\/schwere-zeiten-fuer-die-mem-branche-halten-an\/#breadcrumb","itemListElement":[{"@type":"ListItem","position":1,"name":"Home","item":"https:\/\/www.organisator.ch\/"},{"@type":"ListItem","position":2,"name":"Schwere Zeiten f\u00fcr die MEM-Branche halten an"}]},{"@type":"WebSite","@id":"https:\/\/www.organisator.ch\/#website","url":"https:\/\/www.organisator.ch\/","name":"Organisateur","description":"Comp\u00e9tence et comp\u00e9tence. Proches de la pratique. L'ORGANISATEUR pr\u00e9pare 10 num\u00e9ros par an sur les th\u00e8mes essentiels pour les dirigeants de PME.","publisher":{"@id":"https:\/\/www.organisator.ch\/#organization"},"potentialAction":[{"@type":"SearchAction","target":{"@type":"EntryPoint","urlTemplate":"https:\/\/www.organisator.ch\/?s={search_term_string}"},"query-input":{"@type":"PropertyValueSpecification","valueRequired":true,"valueName":"search_term_string"}}],"inLanguage":"fr-FR"},{"@type":"Organization","@id":"https:\/\/www.organisator.ch\/#organization","name":"Organisateur","url":"https:\/\/www.organisator.ch\/","logo":{"@type":"ImageObject","inLanguage":"fr-FR","@id":"https:\/\/www.organisator.ch\/#\/schema\/logo\/image\/","url":"https:\/\/www.organisator.ch\/wp-content\/uploads\/2022\/01\/Logo_Organisator_Website.png","contentUrl":"https:\/\/www.organisator.ch\/wp-content\/uploads\/2022\/01\/Logo_Organisator_Website.png","width":800,"height":77,"caption":"Organisator"},"image":{"@id":"https:\/\/www.organisator.ch\/#\/schema\/logo\/image\/"},"sameAs":["https:\/\/www.facebook.com\/OrganisatorFachmagazin","https:\/\/www.linkedin.com\/showcase\/organisator-das-magazin-fr-kmu","https:\/\/www.xing.com\/news\/pages\/organisator-ch-695","https:\/\/www.youtube.com\/channel\/UCGP2Sq0iWaZwT3BdIAQFYpw"]},{"@type":"Person","@id":"https:\/\/www.organisator.ch\/#\/schema\/person\/afccda3a71c06d4be2ed9100dd163db7","name":"Dzana Muminovic","image":{"@type":"ImageObject","inLanguage":"fr-FR","@id":"https:\/\/secure.gravatar.com\/avatar\/909c5c71aff4b38e88686f2ab2f1ba152571f394f41ed8bae431ea56ced93050?s=96&d=mm&r=g","url":"https:\/\/secure.gravatar.com\/avatar\/909c5c71aff4b38e88686f2ab2f1ba152571f394f41ed8bae431ea56ced93050?s=96&d=mm&r=g","contentUrl":"https:\/\/secure.gravatar.com\/avatar\/909c5c71aff4b38e88686f2ab2f1ba152571f394f41ed8bae431ea56ced93050?s=96&d=mm&r=g","caption":"Dzana Muminovic"},"url":"https:\/\/www.organisator.ch\/fr\/author\/dzana-muminovic\/"}]}},"_links":{"self":[{"href":"https:\/\/www.organisator.ch\/fr\/wp-json\/wp\/v2\/posts\/36403","targetHints":{"allow":["GET"]}}],"collection":[{"href":"https:\/\/www.organisator.ch\/fr\/wp-json\/wp\/v2\/posts"}],"about":[{"href":"https:\/\/www.organisator.ch\/fr\/wp-json\/wp\/v2\/types\/post"}],"author":[{"embeddable":true,"href":"https:\/\/www.organisator.ch\/fr\/wp-json\/wp\/v2\/users\/80"}],"replies":[{"embeddable":true,"href":"https:\/\/www.organisator.ch\/fr\/wp-json\/wp\/v2\/comments?post=36403"}],"version-history":[{"count":3,"href":"https:\/\/www.organisator.ch\/fr\/wp-json\/wp\/v2\/posts\/36403\/revisions"}],"predecessor-version":[{"id":36446,"href":"https:\/\/www.organisator.ch\/fr\/wp-json\/wp\/v2\/posts\/36403\/revisions\/36446"}],"wp:featuredmedia":[{"embeddable":true,"href":"https:\/\/www.organisator.ch\/fr\/wp-json\/wp\/v2\/media\/36405"}],"wp:attachment":[{"href":"https:\/\/www.organisator.ch\/fr\/wp-json\/wp\/v2\/media?parent=36403"}],"wp:term":[{"taxonomy":"category","embeddable":true,"href":"https:\/\/www.organisator.ch\/fr\/wp-json\/wp\/v2\/categories?post=36403"},{"taxonomy":"post_tag","embeddable":true,"href":"https:\/\/www.organisator.ch\/fr\/wp-json\/wp\/v2\/tags?post=36403"}],"curies":[{"name":"wp","href":"https:\/\/api.w.org\/{rel}","templated":true}]}}