{"id":3641,"date":"2018-05-23T14:00:45","date_gmt":"2018-05-23T12:00:45","guid":{"rendered":"https:\/\/www.organisator.ch\/?p=3641"},"modified":"2018-05-23T14:00:45","modified_gmt":"2018-05-23T12:00:45","slug":"award-fuer-innovative-hr-projekte-in-der-schweiz-lanciert-eingabefrist-laeuft","status":"publish","type":"post","link":"https:\/\/www.organisator.ch\/fr\/human-resources\/hrm\/2018-05-23\/award-fuer-innovative-hr-projekte-in-der-schweiz-lanciert-eingabefrist-laeuft\/","title":{"rendered":"Lancement de l'Award pour les projets RH innovants en Suisse - le d\u00e9lai d'inscription est ouvert"},"content":{"rendered":"<figure id=\"attachment_3642\" aria-describedby=\"caption-attachment-3642\" style=\"width: 640px\" class=\"wp-caption alignnone\"><img loading=\"lazy\" decoding=\"async\" class=\"size-full wp-image-3642\" src=\"https:\/\/www.organisator.ch\/wp-content\/uploads\/2018\/05\/Award-fuer-innovative-HR-Projekte-in-der-Schweiz-lanciert-Eingabefrist-laeuft_Organisator.jpg\" alt=\"\" width=\"640\" height=\"319\" srcset=\"https:\/\/www.organisator.ch\/wp-content\/uploads\/2018\/05\/Award-fuer-innovative-HR-Projekte-in-der-Schweiz-lanciert-Eingabefrist-laeuft_Organisator.jpg 640w, https:\/\/www.organisator.ch\/wp-content\/uploads\/2018\/05\/Award-fuer-innovative-HR-Projekte-in-der-Schweiz-lanciert-Eingabefrist-laeuft_Organisator-16x8.jpg 16w, https:\/\/www.organisator.ch\/wp-content\/uploads\/2018\/05\/Award-fuer-innovative-HR-Projekte-in-der-Schweiz-lanciert-Eingabefrist-laeuft_Organisator-351x175.jpg 351w, https:\/\/www.organisator.ch\/wp-content\/uploads\/2018\/05\/Award-fuer-innovative-HR-Projekte-in-der-Schweiz-lanciert-Eingabefrist-laeuft_Organisator-300x150.jpg 300w\" sizes=\"auto, (max-width: 640px) 100vw, 640px\" \/><figcaption id=\"caption-attachment-3642\" class=\"wp-caption-text\">L'inHR Award vise \u00e0 r\u00e9compenser les projets RH innovants.<\/figcaption><\/figure>\n<p>Le passage d'un march\u00e9 d'employeurs \u00e0 un march\u00e9 de candidats, les nouvelles plates-formes, la mani\u00e8re d'attirer et de retenir de nouveaux collaborateurs ou la p\u00e9nurie de main-d'\u0153uvre qualifi\u00e9e qui pr\u00e9vaut exigent beaucoup des entreprises suisses et de leurs services RH. Les nouvelles technologies telles que l'intelligence artificielle, les chatbots ou la r\u00e9alit\u00e9 augment\u00e9e en font \u00e9galement partie. Pour survivre dans cet environnement en constante \u00e9volution, les organisations doivent se r\u00e9orienter en permanence tout en int\u00e9grant l'innovation, la cr\u00e9ativit\u00e9 et le courage de sortir des sentiers battus dans le quotidien des RH.<\/p>\n<h2>R\u00e9compenser les projets RH porteurs d'avenir<\/h2>\n<p>C'est dans ce contexte que les experts RH de Deloitte Suisse, SAP Suisse, NZZ et l'Universit\u00e9 de Saint-Gall lancent un prix r\u00e9compensant les projets et initiatives RH innovants en Suisse. Son objectif premier : identifier et mettre en lumi\u00e8re les personnes et les \u00e9quipes qui font \u0153uvre de pionnier avec des projets RH nouveaux et cr\u00e9atifs, et encourager l'\u00e9change entre les professionnels des RH. Le moyen pour y parvenir : les inHR Awards (\"RH innovantes\"), qui seront dor\u00e9navant d\u00e9cern\u00e9s une fois par an pour r\u00e9compenser des prestations RH exceptionnelles. \"Avec les inHR awards, nous voulons donner un visage au monde du travail de demain et surtout une plate-forme aux personnes cr\u00e9atives et innovantes qui font un travail de pionnier dans le domaine des RH. Il y en a beaucoup ! Mais pour cela, il faut une nouvelle d\u00e9finition de ce que signifie fa\u00e7onner l'avenir du travail. Certaines entreprises, mais pas encore toutes, se penchent d\u00e9j\u00e0 sur les d\u00e9fis et les opportunit\u00e9s que rec\u00e8le le monde du travail de demain. Il convient de rendre hommage dans ce cadre \u00e0 ces initiatives porteuses d'avenir\", d\u00e9clare \u00e0 ce sujet Matthias Thalmann, partenaire dans le domaine du Human Capital Consulting, Deloitte Suisse. Et Enrico Palumbo, directeur des ressources humaines et membre de la direction de SAP (Suisse) SA, d'ajouter : \"Les d\u00e9veloppements actuels sont passionnants et stimulants : la num\u00e9risation ne modifie pas seulement les mod\u00e8les commerciaux et les processus, elle a \u00e9galement un impact sur la mani\u00e8re dont nous concevons le leadership et sur ce que les collaborateurs attendent de la gestion des talents. Ceux qui font bouger les choses dans ce domaine avec des id\u00e9es fra\u00eeches et de nouvelles approches m\u00e9ritent d'\u00eatre mis sous les feux de la rampe\".<\/p>\n<h2>Trois cat\u00e9gories<\/h2>\n<p>Les inHR awards sont d\u00e9cern\u00e9s dans trois cat\u00e9gories :<\/p>\n<ul>\n<li>Talent, Diversit\u00e9 &amp; Inclusion r\u00e9compense les id\u00e9es, mesures et projets pour une gestion des talents orient\u00e9e vers l'avenir,<\/li>\n<li>Le nouveau travail caract\u00e9rise les pratiques, les processus et les programmes qui redessinent le travail, l'environnement de travail et la collaboration,<\/li>\n<li>HR (R)Evolution distingue les approches et les initiatives qui \u00e9largissent et red\u00e9finissent le r\u00f4le et l'identit\u00e9 des ressources humaines.<\/li>\n<\/ul>\n<p>Antoinette Weibel, directrice de l'Institut de recherche sur le travail et les environnements de travail de l'Universit\u00e9 de Saint-Gall, s'exprime comme suit sur les motivations du nouveau prix : \"Nous souhaitons r\u00e9compenser les h\u00e9ros RH du quotidien. Des \u00e9quipes RH qui, avec beaucoup de courage, ouvrent la porte \u00e0 l'avenir du travail. Que ce soit en faisant avancer l'inclusion, en soutenant le travail agile ou en coupant les vieilles ficelles d'une programmation RH industrialis\u00e9e. Nous recherchons avant tout des \u00e9quipes RH qui repensent courageusement la gestion du personnel, car nous sommes convaincus que les Resourceful Humans ont besoin du cadre ad\u00e9quat pour s'\u00e9panouir\".<\/p>\n<h2>Expertise en mati\u00e8re de conseil, de technologie, de recherche et de communication<\/h2>\n<p>Un jury \u00e9value les projets soumis selon quatre crit\u00e8res. Outre le degr\u00e9 d'innovation d'un projet soumis, il \u00e9value d'une part son utilit\u00e9 pour l'organisation et sa pertinence pour d'autres cercles, et d'autre part sa mise en \u0153uvre concr\u00e8te et les mesures d'accompagnement qui l'accompagnent. La description et la pr\u00e9sentation du projet soumis constituent le quatri\u00e8me crit\u00e8re. Le jury est compos\u00e9 du cercle des initiateurs. Le jury est donc compos\u00e9 d'experts en mati\u00e8re de conseil, de technologie, de recherche et de communication. Petra Feigl-F\u00e4ssler, directrice des RH et membre de la direction de l'entreprise, NZZ Mediengruppe : \"Nous avons besoin d'\u00e9quipes RH souveraines qui, gr\u00e2ce \u00e0 des approches innovantes et efficaces, contribuent \u00e0 fa\u00e7onner l'environnement de travail dans leurs entreprises de mani\u00e8re \u00e0 ce que les collaborateurs et les organisations puissent faire face positivement aux changements, r\u00e9pondre aux exigences et d\u00e9velopper pleinement leur potentiel. Le prix inHR r\u00e9compensera ces \u00e9quipes tout en offrant une plateforme aux autres \u00e9quipes RH pour apprendre et d\u00e9velopper leurs id\u00e9es\".<\/p>\n<h2>Date limite de candidature : 31 juillet 2018 - Remise des prix en octobre<\/h2>\n<p>Sont admis au concours les projets RH d'entreprises et d'organisations ayant leur si\u00e8ge en Suisse. Le d\u00e9lai de candidature est fix\u00e9 au 31 juillet 2018. Les formulaires de candidature et de plus amples informations sur le inHR award sont disponibles \u00e0 l'adresse suivante <a href=\"http:\/\/www.inhraward.ch\">www.inhraward.ch<\/a>. La remise des inHR awards aura lieu le 25 octobre 2018 \u00e0 Zurich. Outre la c\u00e9r\u00e9monie de remise des prix, l'\u00e9v\u00e9nement mettra l'accent sur la mise en r\u00e9seau des invit\u00e9s et l'apprentissage mutuel. Les prix qui attendent les \u00e9quipes gagnantes s'inscrivent \u00e9galement dans cet esprit. Outre une journ\u00e9e d'impulsion commune pour l'\u00e9change avec des experts th\u00e9matiques, chaque \u00e9quipe gagnante recevra un atelier de r\u00e9flexion sur le design taill\u00e9 sur mesure pour discuter des d\u00e9fis et des questions sp\u00e9cifiques \u00e0 l'organisation.<\/p>\n<p><em>Source : <a href=\"http:\/\/www.deloitte.com\/ch\/about\">Deloitte<\/a><\/em><\/p>","protected":false},"excerpt":{"rendered":"<p>Der Wandel von einem Arbeitgeber- zu einem Bewerbermarkt, neue Plattformen, die Art und Weise wie neue Mitarbeitende gewonnen und gehalten werden oder der vorherrschende Fachkr\u00e4ftemangel fordert Schweizer Unternehmen und deren HR-Abteilungen viel ab. Dazu z\u00e4hlen auch neue Technologien wie K\u00fcnstliche Intelligenz, Chatbots oder Augmented Reality. Um in diesem schnelllebigen Umfeld zu bestehen, m\u00fcssen sich Organisationen [&hellip;]<\/p>\n","protected":false},"author":4,"featured_media":3642,"comment_status":"open","ping_status":"open","sticky":false,"template":"","format":"standard","meta":{"_acf_changed":false,"_yoast_wpseo_focuskw":"HR-Projekte","_yoast_wpseo_metadesc":"Um innovativen und zukunftsweisenden HR-Projekten in der Schweiz eine Plattform zu geben, haben Deloitte Schweiz, die Neue Z\u00fcrcher Zeitung, SAP Schweiz und die Universit\u00e4t St. Gallen einen Award f\u00fcr die Schweizer HR-Community ins Leben gerufen.","articlekey":"","footnotes":""},"categories":[26],"tags":[66,254,334,379],"class_list":["post-3641","post","type-post","status-publish","format-standard","has-post-thumbnail","hentry","category-hrm","tag-awards","tag-hrm","tag-management","tag-personalauswahl"],"acf":[],"yoast_head":"<!-- This site is optimized with the Yoast SEO plugin v27.4 - https:\/\/yoast.com\/product\/yoast-seo-wordpress\/ -->\n<title>Award f\u00fcr innovative HR-Projekte in der Schweiz lanciert - Eingabefrist l\u00e4uft - Organisator<\/title>\n<meta name=\"description\" content=\"Um innovativen und zukunftsweisenden HR-Projekten in der Schweiz eine Plattform zu geben, haben Deloitte Schweiz, die Neue Z\u00fcrcher Zeitung, SAP Schweiz und die Universit\u00e4t St. Gallen einen Award f\u00fcr die Schweizer HR-Community ins Leben gerufen.\" \/>\n<meta name=\"robots\" content=\"index, follow, max-snippet:-1, max-image-preview:large, max-video-preview:-1\" \/>\n<link rel=\"canonical\" href=\"https:\/\/www.organisator.ch\/fr\/ressources-humaines\/hrm\/2018-05-23\/award-fuer-innovative-hr-projekte-in-der-schweiz-lanciert-eingabefrist-laeuft\/\" \/>\n<meta property=\"og:locale\" content=\"fr_FR\" \/>\n<meta property=\"og:type\" content=\"article\" \/>\n<meta property=\"og:title\" content=\"Award f\u00fcr innovative HR-Projekte in der Schweiz lanciert - Eingabefrist l\u00e4uft\" \/>\n<meta property=\"og:description\" content=\"Um innovativen und zukunftsweisenden #HR-Projekten in der Schweiz eine Plattform zu geben, haben Deloitte Schweiz, die Neue Z\u00fcrcher Zeitung, SAP Schweiz und die Universit\u00e4t St. Gallen einen #Award f\u00fcr die Schweizer #HR-Community ins Leben gerufen.\" \/>\n<meta property=\"og:url\" content=\"https:\/\/www.organisator.ch\/fr\/ressources-humaines\/hrm\/2018-05-23\/award-fuer-innovative-hr-projekte-in-der-schweiz-lanciert-eingabefrist-laeuft\/\" \/>\n<meta property=\"og:site_name\" content=\"Organisator\" \/>\n<meta property=\"article:publisher\" content=\"https:\/\/www.facebook.com\/OrganisatorFachmagazin\" \/>\n<meta property=\"article:published_time\" content=\"2018-05-23T12:00:45+00:00\" \/>\n<meta property=\"og:image\" content=\"https:\/\/www.organisator.ch\/wp-content\/uploads\/2018\/05\/Award-fuer-innovative-HR-Projekte-in-der-Schweiz-lanciert-Eingabefrist-laeuft_Organisator.jpg\" \/>\n\t<meta property=\"og:image:width\" content=\"640\" \/>\n\t<meta property=\"og:image:height\" content=\"319\" \/>\n\t<meta property=\"og:image:type\" content=\"image\/jpeg\" \/>\n<meta name=\"author\" content=\"thomas.berner\" \/>\n<meta name=\"twitter:card\" content=\"summary_large_image\" \/>\n<meta name=\"twitter:title\" content=\"#Award f\u00fcr innovative #HR-Projekte in der Schweiz lanciert - Eingabefrist l\u00e4uft\" \/>\n<meta name=\"twitter:description\" content=\"Um innovativen und zukunftsweisenden #HR-Projekten in der Schweiz eine Plattform zu geben, haben Deloitte Schweiz, die Neue Z\u00fcrcher Zeitung, SAP Schweiz und die Universit\u00e4t St. Gallen einen #Award f\u00fcr die Schweizer #HR-Community ins Leben gerufen.\" \/>\n<meta name=\"twitter:image\" content=\"https:\/\/www.organisator.ch\/wp-content\/uploads\/2018\/05\/Award-f\u00fcr-innovative-HR-Projekte-in-der-Schweiz-lanciert-Eingabefrist-l\u00e4uft_Organisator.jpg\" \/>\n<script type=\"application\/ld+json\" class=\"yoast-schema-graph\">{\"@context\":\"https:\\\/\\\/schema.org\",\"@graph\":[{\"@type\":\"Article\",\"@id\":\"https:\\\/\\\/www.organisator.ch\\\/human-resources\\\/hrm\\\/2018-05-23\\\/award-fuer-innovative-hr-projekte-in-der-schweiz-lanciert-eingabefrist-laeuft\\\/#article\",\"isPartOf\":{\"@id\":\"https:\\\/\\\/www.organisator.ch\\\/human-resources\\\/hrm\\\/2018-05-23\\\/award-fuer-innovative-hr-projekte-in-der-schweiz-lanciert-eingabefrist-laeuft\\\/\"},\"author\":{\"name\":\"thomas.berner\",\"@id\":\"https:\\\/\\\/www.organisator.ch\\\/#\\\/schema\\\/person\\\/6f650f90b2842cd4c0cc334b4e36f67e\"},\"headline\":\"Award f\u00fcr innovative HR-Projekte in der Schweiz lanciert &#8211; Eingabefrist l\u00e4uft\",\"datePublished\":\"2018-05-23T12:00:45+00:00\",\"mainEntityOfPage\":{\"@id\":\"https:\\\/\\\/www.organisator.ch\\\/human-resources\\\/hrm\\\/2018-05-23\\\/award-fuer-innovative-hr-projekte-in-der-schweiz-lanciert-eingabefrist-laeuft\\\/\"},\"wordCount\":778,\"commentCount\":0,\"publisher\":{\"@id\":\"https:\\\/\\\/www.organisator.ch\\\/#organization\"},\"image\":{\"@id\":\"https:\\\/\\\/www.organisator.ch\\\/human-resources\\\/hrm\\\/2018-05-23\\\/award-fuer-innovative-hr-projekte-in-der-schweiz-lanciert-eingabefrist-laeuft\\\/#primaryimage\"},\"thumbnailUrl\":\"https:\\\/\\\/www.organisator.ch\\\/wp-content\\\/uploads\\\/2018\\\/05\\\/Award-fuer-innovative-HR-Projekte-in-der-Schweiz-lanciert-Eingabefrist-laeuft_Organisator.jpg\",\"keywords\":[\"Awards\",\"HRM\",\"Management\",\"Personalauswahl\"],\"articleSection\":[\"HRM\"],\"inLanguage\":\"fr-FR\"},{\"@type\":\"WebPage\",\"@id\":\"https:\\\/\\\/www.organisator.ch\\\/human-resources\\\/hrm\\\/2018-05-23\\\/award-fuer-innovative-hr-projekte-in-der-schweiz-lanciert-eingabefrist-laeuft\\\/\",\"url\":\"https:\\\/\\\/www.organisator.ch\\\/human-resources\\\/hrm\\\/2018-05-23\\\/award-fuer-innovative-hr-projekte-in-der-schweiz-lanciert-eingabefrist-laeuft\\\/\",\"name\":\"Award f\u00fcr innovative HR-Projekte in der Schweiz lanciert - Eingabefrist l\u00e4uft - Organisator\",\"isPartOf\":{\"@id\":\"https:\\\/\\\/www.organisator.ch\\\/#website\"},\"primaryImageOfPage\":{\"@id\":\"https:\\\/\\\/www.organisator.ch\\\/human-resources\\\/hrm\\\/2018-05-23\\\/award-fuer-innovative-hr-projekte-in-der-schweiz-lanciert-eingabefrist-laeuft\\\/#primaryimage\"},\"image\":{\"@id\":\"https:\\\/\\\/www.organisator.ch\\\/human-resources\\\/hrm\\\/2018-05-23\\\/award-fuer-innovative-hr-projekte-in-der-schweiz-lanciert-eingabefrist-laeuft\\\/#primaryimage\"},\"thumbnailUrl\":\"https:\\\/\\\/www.organisator.ch\\\/wp-content\\\/uploads\\\/2018\\\/05\\\/Award-fuer-innovative-HR-Projekte-in-der-Schweiz-lanciert-Eingabefrist-laeuft_Organisator.jpg\",\"datePublished\":\"2018-05-23T12:00:45+00:00\",\"description\":\"Um innovativen und zukunftsweisenden HR-Projekten in der Schweiz eine Plattform zu geben, haben Deloitte Schweiz, die Neue Z\u00fcrcher Zeitung, SAP Schweiz und die Universit\u00e4t St. Gallen einen Award f\u00fcr die Schweizer HR-Community ins Leben gerufen.\",\"breadcrumb\":{\"@id\":\"https:\\\/\\\/www.organisator.ch\\\/human-resources\\\/hrm\\\/2018-05-23\\\/award-fuer-innovative-hr-projekte-in-der-schweiz-lanciert-eingabefrist-laeuft\\\/#breadcrumb\"},\"inLanguage\":\"fr-FR\",\"potentialAction\":[{\"@type\":\"ReadAction\",\"target\":[\"https:\\\/\\\/www.organisator.ch\\\/human-resources\\\/hrm\\\/2018-05-23\\\/award-fuer-innovative-hr-projekte-in-der-schweiz-lanciert-eingabefrist-laeuft\\\/\"]}]},{\"@type\":\"ImageObject\",\"inLanguage\":\"fr-FR\",\"@id\":\"https:\\\/\\\/www.organisator.ch\\\/human-resources\\\/hrm\\\/2018-05-23\\\/award-fuer-innovative-hr-projekte-in-der-schweiz-lanciert-eingabefrist-laeuft\\\/#primaryimage\",\"url\":\"https:\\\/\\\/www.organisator.ch\\\/wp-content\\\/uploads\\\/2018\\\/05\\\/Award-fuer-innovative-HR-Projekte-in-der-Schweiz-lanciert-Eingabefrist-laeuft_Organisator.jpg\",\"contentUrl\":\"https:\\\/\\\/www.organisator.ch\\\/wp-content\\\/uploads\\\/2018\\\/05\\\/Award-fuer-innovative-HR-Projekte-in-der-Schweiz-lanciert-Eingabefrist-laeuft_Organisator.jpg\",\"width\":640,\"height\":319,\"caption\":\"Mit dem inHR Award sollen innovative HR-Projekte gew\u00fcrdigt werden.\"},{\"@type\":\"BreadcrumbList\",\"@id\":\"https:\\\/\\\/www.organisator.ch\\\/human-resources\\\/hrm\\\/2018-05-23\\\/award-fuer-innovative-hr-projekte-in-der-schweiz-lanciert-eingabefrist-laeuft\\\/#breadcrumb\",\"itemListElement\":[{\"@type\":\"ListItem\",\"position\":1,\"name\":\"Home\",\"item\":\"https:\\\/\\\/www.organisator.ch\\\/\"},{\"@type\":\"ListItem\",\"position\":2,\"name\":\"Award f\u00fcr innovative HR-Projekte in der Schweiz lanciert &#8211; Eingabefrist l\u00e4uft\"}]},{\"@type\":\"WebSite\",\"@id\":\"https:\\\/\\\/www.organisator.ch\\\/#website\",\"url\":\"https:\\\/\\\/www.organisator.ch\\\/\",\"name\":\"Organisator\",\"description\":\"Kompetent. Praxisnah. Der ORGANISATOR bereitet in 10 Ausgaben pro Jahr die wesentlichen Themen f\u00fcr F\u00fchrungskr\u00e4fte von KMU auf.\",\"publisher\":{\"@id\":\"https:\\\/\\\/www.organisator.ch\\\/#organization\"},\"potentialAction\":[{\"@type\":\"SearchAction\",\"target\":{\"@type\":\"EntryPoint\",\"urlTemplate\":\"https:\\\/\\\/www.organisator.ch\\\/?s={search_term_string}\"},\"query-input\":{\"@type\":\"PropertyValueSpecification\",\"valueRequired\":true,\"valueName\":\"search_term_string\"}}],\"inLanguage\":\"fr-FR\"},{\"@type\":\"Organization\",\"@id\":\"https:\\\/\\\/www.organisator.ch\\\/#organization\",\"name\":\"Organisator\",\"url\":\"https:\\\/\\\/www.organisator.ch\\\/\",\"logo\":{\"@type\":\"ImageObject\",\"inLanguage\":\"fr-FR\",\"@id\":\"https:\\\/\\\/www.organisator.ch\\\/#\\\/schema\\\/logo\\\/image\\\/\",\"url\":\"https:\\\/\\\/www.organisator.ch\\\/wp-content\\\/uploads\\\/2022\\\/01\\\/Logo_Organisator_Website.png\",\"contentUrl\":\"https:\\\/\\\/www.organisator.ch\\\/wp-content\\\/uploads\\\/2022\\\/01\\\/Logo_Organisator_Website.png\",\"width\":800,\"height\":77,\"caption\":\"Organisator\"},\"image\":{\"@id\":\"https:\\\/\\\/www.organisator.ch\\\/#\\\/schema\\\/logo\\\/image\\\/\"},\"sameAs\":[\"https:\\\/\\\/www.facebook.com\\\/OrganisatorFachmagazin\",\"https:\\\/\\\/www.linkedin.com\\\/showcase\\\/organisator-das-magazin-fr-kmu\",\"https:\\\/\\\/www.xing.com\\\/news\\\/pages\\\/organisator-ch-695\",\"https:\\\/\\\/www.youtube.com\\\/channel\\\/UCGP2Sq0iWaZwT3BdIAQFYpw\"]},{\"@type\":\"Person\",\"@id\":\"https:\\\/\\\/www.organisator.ch\\\/#\\\/schema\\\/person\\\/6f650f90b2842cd4c0cc334b4e36f67e\",\"name\":\"thomas.berner\",\"image\":{\"@type\":\"ImageObject\",\"inLanguage\":\"fr-FR\",\"@id\":\"https:\\\/\\\/secure.gravatar.com\\\/avatar\\\/ac5001d2a36cb6c6cd3e50789007ffca834b477b74a2144564522e944eabff61?s=96&d=mm&r=g\",\"url\":\"https:\\\/\\\/secure.gravatar.com\\\/avatar\\\/ac5001d2a36cb6c6cd3e50789007ffca834b477b74a2144564522e944eabff61?s=96&d=mm&r=g\",\"contentUrl\":\"https:\\\/\\\/secure.gravatar.com\\\/avatar\\\/ac5001d2a36cb6c6cd3e50789007ffca834b477b74a2144564522e944eabff61?s=96&d=mm&r=g\",\"caption\":\"thomas.berner\"},\"url\":\"https:\\\/\\\/www.organisator.ch\\\/fr\\\/author\\\/thomas-berner\\\/\"}]}<\/script>\n<!-- \/ Yoast SEO plugin. -->","yoast_head_json":{"title":"Lancement de l'Award pour les projets RH innovants en Suisse - D\u00e9lai de d\u00e9p\u00f4t des dossiers - Organisateur","description":"Afin de donner une plate-forme aux projets RH innovants et porteurs d'avenir en Suisse, Deloitte Suisse, la Neue Z\u00fcrcher Zeitung, SAP Suisse et l'Universit\u00e9 de Saint-Gall ont cr\u00e9\u00e9 un prix pour la communaut\u00e9 RH suisse.","robots":{"index":"index","follow":"follow","max-snippet":"max-snippet:-1","max-image-preview":"max-image-preview:large","max-video-preview":"max-video-preview:-1"},"canonical":"https:\/\/www.organisator.ch\/fr\/ressources-humaines\/hrm\/2018-05-23\/award-fuer-innovative-hr-projekte-in-der-schweiz-lanciert-eingabefrist-laeuft\/","og_locale":"fr_FR","og_type":"article","og_title":"Award f\u00fcr innovative HR-Projekte in der Schweiz lanciert - Eingabefrist l\u00e4uft","og_description":"Um innovativen und zukunftsweisenden #HR-Projekten in der Schweiz eine Plattform zu geben, haben Deloitte Schweiz, die Neue Z\u00fcrcher Zeitung, SAP Schweiz und die Universit\u00e4t St. Gallen einen #Award f\u00fcr die Schweizer #HR-Community ins Leben gerufen.","og_url":"https:\/\/www.organisator.ch\/fr\/ressources-humaines\/hrm\/2018-05-23\/award-fuer-innovative-hr-projekte-in-der-schweiz-lanciert-eingabefrist-laeuft\/","og_site_name":"Organisator","article_publisher":"https:\/\/www.facebook.com\/OrganisatorFachmagazin","article_published_time":"2018-05-23T12:00:45+00:00","og_image":[{"width":640,"height":319,"url":"https:\/\/www.organisator.ch\/wp-content\/uploads\/2018\/05\/Award-fuer-innovative-HR-Projekte-in-der-Schweiz-lanciert-Eingabefrist-laeuft_Organisator.jpg","type":"image\/jpeg"}],"author":"thomas.berner","twitter_card":"summary_large_image","twitter_title":"#Award f\u00fcr innovative #HR-Projekte in der Schweiz lanciert - Eingabefrist l\u00e4uft","twitter_description":"Um innovativen und zukunftsweisenden #HR-Projekten in der Schweiz eine Plattform zu geben, haben Deloitte Schweiz, die Neue Z\u00fcrcher Zeitung, SAP Schweiz und die Universit\u00e4t St. Gallen einen #Award f\u00fcr die Schweizer #HR-Community ins Leben gerufen.","twitter_image":"https:\/\/www.organisator.ch\/wp-content\/uploads\/2018\/05\/Award-f\u00fcr-innovative-HR-Projekte-in-der-Schweiz-lanciert-Eingabefrist-l\u00e4uft_Organisator.jpg","schema":{"@context":"https:\/\/schema.org","@graph":[{"@type":"Article","@id":"https:\/\/www.organisator.ch\/human-resources\/hrm\/2018-05-23\/award-fuer-innovative-hr-projekte-in-der-schweiz-lanciert-eingabefrist-laeuft\/#article","isPartOf":{"@id":"https:\/\/www.organisator.ch\/human-resources\/hrm\/2018-05-23\/award-fuer-innovative-hr-projekte-in-der-schweiz-lanciert-eingabefrist-laeuft\/"},"author":{"name":"thomas.berner","@id":"https:\/\/www.organisator.ch\/#\/schema\/person\/6f650f90b2842cd4c0cc334b4e36f67e"},"headline":"Award f\u00fcr innovative HR-Projekte in der Schweiz lanciert &#8211; Eingabefrist l\u00e4uft","datePublished":"2018-05-23T12:00:45+00:00","mainEntityOfPage":{"@id":"https:\/\/www.organisator.ch\/human-resources\/hrm\/2018-05-23\/award-fuer-innovative-hr-projekte-in-der-schweiz-lanciert-eingabefrist-laeuft\/"},"wordCount":778,"commentCount":0,"publisher":{"@id":"https:\/\/www.organisator.ch\/#organization"},"image":{"@id":"https:\/\/www.organisator.ch\/human-resources\/hrm\/2018-05-23\/award-fuer-innovative-hr-projekte-in-der-schweiz-lanciert-eingabefrist-laeuft\/#primaryimage"},"thumbnailUrl":"https:\/\/www.organisator.ch\/wp-content\/uploads\/2018\/05\/Award-fuer-innovative-HR-Projekte-in-der-Schweiz-lanciert-Eingabefrist-laeuft_Organisator.jpg","keywords":["Awards","HRM","Management","Personalauswahl"],"articleSection":["HRM"],"inLanguage":"fr-FR"},{"@type":"WebPage","@id":"https:\/\/www.organisator.ch\/human-resources\/hrm\/2018-05-23\/award-fuer-innovative-hr-projekte-in-der-schweiz-lanciert-eingabefrist-laeuft\/","url":"https:\/\/www.organisator.ch\/human-resources\/hrm\/2018-05-23\/award-fuer-innovative-hr-projekte-in-der-schweiz-lanciert-eingabefrist-laeuft\/","name":"Lancement de l'Award pour les projets RH innovants en Suisse - D\u00e9lai de d\u00e9p\u00f4t des dossiers - Organisateur","isPartOf":{"@id":"https:\/\/www.organisator.ch\/#website"},"primaryImageOfPage":{"@id":"https:\/\/www.organisator.ch\/human-resources\/hrm\/2018-05-23\/award-fuer-innovative-hr-projekte-in-der-schweiz-lanciert-eingabefrist-laeuft\/#primaryimage"},"image":{"@id":"https:\/\/www.organisator.ch\/human-resources\/hrm\/2018-05-23\/award-fuer-innovative-hr-projekte-in-der-schweiz-lanciert-eingabefrist-laeuft\/#primaryimage"},"thumbnailUrl":"https:\/\/www.organisator.ch\/wp-content\/uploads\/2018\/05\/Award-fuer-innovative-HR-Projekte-in-der-Schweiz-lanciert-Eingabefrist-laeuft_Organisator.jpg","datePublished":"2018-05-23T12:00:45+00:00","description":"Afin de donner une plate-forme aux projets RH innovants et porteurs d'avenir en Suisse, Deloitte Suisse, la Neue Z\u00fcrcher Zeitung, SAP Suisse et l'Universit\u00e9 de Saint-Gall ont cr\u00e9\u00e9 un prix pour la communaut\u00e9 RH suisse.","breadcrumb":{"@id":"https:\/\/www.organisator.ch\/human-resources\/hrm\/2018-05-23\/award-fuer-innovative-hr-projekte-in-der-schweiz-lanciert-eingabefrist-laeuft\/#breadcrumb"},"inLanguage":"fr-FR","potentialAction":[{"@type":"ReadAction","target":["https:\/\/www.organisator.ch\/human-resources\/hrm\/2018-05-23\/award-fuer-innovative-hr-projekte-in-der-schweiz-lanciert-eingabefrist-laeuft\/"]}]},{"@type":"ImageObject","inLanguage":"fr-FR","@id":"https:\/\/www.organisator.ch\/human-resources\/hrm\/2018-05-23\/award-fuer-innovative-hr-projekte-in-der-schweiz-lanciert-eingabefrist-laeuft\/#primaryimage","url":"https:\/\/www.organisator.ch\/wp-content\/uploads\/2018\/05\/Award-fuer-innovative-HR-Projekte-in-der-Schweiz-lanciert-Eingabefrist-laeuft_Organisator.jpg","contentUrl":"https:\/\/www.organisator.ch\/wp-content\/uploads\/2018\/05\/Award-fuer-innovative-HR-Projekte-in-der-Schweiz-lanciert-Eingabefrist-laeuft_Organisator.jpg","width":640,"height":319,"caption":"Mit dem inHR Award sollen innovative HR-Projekte gew\u00fcrdigt werden."},{"@type":"BreadcrumbList","@id":"https:\/\/www.organisator.ch\/human-resources\/hrm\/2018-05-23\/award-fuer-innovative-hr-projekte-in-der-schweiz-lanciert-eingabefrist-laeuft\/#breadcrumb","itemListElement":[{"@type":"ListItem","position":1,"name":"Home","item":"https:\/\/www.organisator.ch\/"},{"@type":"ListItem","position":2,"name":"Award f\u00fcr innovative HR-Projekte in der Schweiz lanciert &#8211; Eingabefrist l\u00e4uft"}]},{"@type":"WebSite","@id":"https:\/\/www.organisator.ch\/#website","url":"https:\/\/www.organisator.ch\/","name":"Organisateur","description":"Comp\u00e9tence et comp\u00e9tence. Proches de la pratique. L'ORGANISATEUR pr\u00e9pare 10 num\u00e9ros par an sur les th\u00e8mes essentiels pour les dirigeants de PME.","publisher":{"@id":"https:\/\/www.organisator.ch\/#organization"},"potentialAction":[{"@type":"SearchAction","target":{"@type":"EntryPoint","urlTemplate":"https:\/\/www.organisator.ch\/?s={search_term_string}"},"query-input":{"@type":"PropertyValueSpecification","valueRequired":true,"valueName":"search_term_string"}}],"inLanguage":"fr-FR"},{"@type":"Organization","@id":"https:\/\/www.organisator.ch\/#organization","name":"Organisateur","url":"https:\/\/www.organisator.ch\/","logo":{"@type":"ImageObject","inLanguage":"fr-FR","@id":"https:\/\/www.organisator.ch\/#\/schema\/logo\/image\/","url":"https:\/\/www.organisator.ch\/wp-content\/uploads\/2022\/01\/Logo_Organisator_Website.png","contentUrl":"https:\/\/www.organisator.ch\/wp-content\/uploads\/2022\/01\/Logo_Organisator_Website.png","width":800,"height":77,"caption":"Organisator"},"image":{"@id":"https:\/\/www.organisator.ch\/#\/schema\/logo\/image\/"},"sameAs":["https:\/\/www.facebook.com\/OrganisatorFachmagazin","https:\/\/www.linkedin.com\/showcase\/organisator-das-magazin-fr-kmu","https:\/\/www.xing.com\/news\/pages\/organisator-ch-695","https:\/\/www.youtube.com\/channel\/UCGP2Sq0iWaZwT3BdIAQFYpw"]},{"@type":"Person","@id":"https:\/\/www.organisator.ch\/#\/schema\/person\/6f650f90b2842cd4c0cc334b4e36f67e","name":"thomas.berner","image":{"@type":"ImageObject","inLanguage":"fr-FR","@id":"https:\/\/secure.gravatar.com\/avatar\/ac5001d2a36cb6c6cd3e50789007ffca834b477b74a2144564522e944eabff61?s=96&d=mm&r=g","url":"https:\/\/secure.gravatar.com\/avatar\/ac5001d2a36cb6c6cd3e50789007ffca834b477b74a2144564522e944eabff61?s=96&d=mm&r=g","contentUrl":"https:\/\/secure.gravatar.com\/avatar\/ac5001d2a36cb6c6cd3e50789007ffca834b477b74a2144564522e944eabff61?s=96&d=mm&r=g","caption":"thomas.berner"},"url":"https:\/\/www.organisator.ch\/fr\/author\/thomas-berner\/"}]}},"_links":{"self":[{"href":"https:\/\/www.organisator.ch\/fr\/wp-json\/wp\/v2\/posts\/3641","targetHints":{"allow":["GET"]}}],"collection":[{"href":"https:\/\/www.organisator.ch\/fr\/wp-json\/wp\/v2\/posts"}],"about":[{"href":"https:\/\/www.organisator.ch\/fr\/wp-json\/wp\/v2\/types\/post"}],"author":[{"embeddable":true,"href":"https:\/\/www.organisator.ch\/fr\/wp-json\/wp\/v2\/users\/4"}],"replies":[{"embeddable":true,"href":"https:\/\/www.organisator.ch\/fr\/wp-json\/wp\/v2\/comments?post=3641"}],"version-history":[{"count":0,"href":"https:\/\/www.organisator.ch\/fr\/wp-json\/wp\/v2\/posts\/3641\/revisions"}],"wp:featuredmedia":[{"embeddable":true,"href":"https:\/\/www.organisator.ch\/fr\/wp-json\/wp\/v2\/media\/3642"}],"wp:attachment":[{"href":"https:\/\/www.organisator.ch\/fr\/wp-json\/wp\/v2\/media?parent=3641"}],"wp:term":[{"taxonomy":"category","embeddable":true,"href":"https:\/\/www.organisator.ch\/fr\/wp-json\/wp\/v2\/categories?post=3641"},{"taxonomy":"post_tag","embeddable":true,"href":"https:\/\/www.organisator.ch\/fr\/wp-json\/wp\/v2\/tags?post=3641"}],"curies":[{"name":"wp","href":"https:\/\/api.w.org\/{rel}","templated":true}]}}