{"id":36413,"date":"2025-02-26T14:10:51","date_gmt":"2025-02-26T13:10:51","guid":{"rendered":"https:\/\/www.m-q.ch\/?p=21137"},"modified":"2025-02-26T14:06:31","modified_gmt":"2025-02-26T13:06:31","slug":"ersthelfer-mit-einem-bein-schon-im-gefaengnis","status":"publish","type":"post","link":"https:\/\/www.organisator.ch\/fr\/operational-excellence\/2025-02-26\/ersthelfer-mit-einem-bein-schon-im-gefaengnis\/","title":{"rendered":"Premiers intervenants - d\u00e9j\u00e0 un pied en prison ?"},"content":{"rendered":"<figure id=\"attachment_21139\" class=\"wp-caption alignnone\" style=\"width: 680px;\" aria-describedby=\"caption-attachment-21139\"><img class=\"size-full wp-image-21139\" src=\"https:\/\/www.m-q.ch\/wp-content\/uploads\/2025\/02\/ES_Bild1_ps.jpg\" sizes=\"(max-width: 680px) 100vw, 680px\" srcset=\"https:\/\/www.m-q.ch\/wp-content\/uploads\/2025\/02\/ES_Bild1_ps.jpg 680w, https:\/\/www.m-q.ch\/wp-content\/uploads\/2025\/02\/ES_Bild1_ps-18x12.jpg 18w, https:\/\/www.m-q.ch\/wp-content\/uploads\/2025\/02\/ES_Bild1_ps-375x250.jpg 375w, https:\/\/www.m-q.ch\/wp-content\/uploads\/2025\/02\/ES_Bild1_ps-524x350.jpg 524w\" alt=\"\" width=\"680\" height=\"454\" \/>\r\n<figcaption id=\"caption-attachment-21139\" class=\"wp-caption-text\">Le Symposium des premiers secours 2025 aborde les aspects juridiques des premiers secours, des interventions de la police \u00e0 la distribution de m\u00e9dicaments. (Photo : Jonas Weibel \/ Symposium des premiers secours)<\/figcaption>\r\n<\/figure>\r\n<p>Les questions juridiques pr\u00e9occupent plus d'un secouriste. Il y a la peur de faire quelque chose de mal et d'\u00eatre poursuivi pour cela. Mais il y a aussi le doute sur ce qui est permis et ce qui ne l'est pas. Et parfois, les mythes les plus divers entrent en jeu.<\/p>\r\n<p>Le cinqui\u00e8me symposium sur les premiers secours, qui se tiendra le 8 novembre 2025 au KKL Luzern, sera consacr\u00e9 \u00e0 de tels aspects juridiques des premiers secours et vise \u00e0 fournir une s\u00e9curit\u00e9 et une orientation sur ces questions.<\/p>\r\n<h3><strong>Sur le lieu de l'accident : ce que veulent la police et le parquet<\/strong><\/h3>\r\n<p>Michael Muther est le chef de la police de s\u00e9curit\u00e9 du Sud et ouvrira le symposium des premiers secours de cette ann\u00e9e. Il souhaite expliquer aux participants comment la police intervient sur le lieu d'un accident et comment l'aider au mieux. \"Je sais \u00e0 quel point le travail des secouristes est important\", dit-il. \"Dans mon expos\u00e9, j'aborderai la mani\u00e8re dont nous pensons en tant que police et comment nous pouvons optimiser la collaboration avec les secouristes\".<\/p>\r\n<p>Il abordera \u00e9galement les points importants pour l'\u00e9tablissement des preuves, la mani\u00e8re de r\u00e9soudre les conflits entre la conservation des preuves et les premiers secours et ce que les secouristes doivent savoir pour traiter avec la police et le procureur sur le lieu de l'accident.<\/p>\r\n<h3><strong>M\u00e9dias : ce que veulent les journalistes<\/strong><\/h3>\r\n<p>Souvent sur les lieux d'un accident : les journalistes. Ils n'h\u00e9sitent pas \u00e0 pi\u00e9tiner dans une zone dangereuse, \u00e0 se mettre en travers du chemin et \u00e0 provoquer des d\u00e9clarations des premiers intervenants qu'ils ne devraient pas faire. Alors comment g\u00e9rer ces maudits journalistes ?<\/p>\r\n<p>Kay Schubert, formateur en m\u00e9dias et journaliste de longue date, s'est pench\u00e9 sur ce sujet. \"De nombreux secouristes sont agac\u00e9s par les journalistes sur place qui veulent faire un reportage\", dit-il. \"Comment r\u00e9agir correctement lorsqu'on est film\u00e9 sans qu'on le demande ou qu'un journaliste pose des questions d\u00e9licates ? Dans mon expos\u00e9, je transmettrai les choses \u00e0 faire et \u00e0 ne pas faire les plus importantes et les plus pratiques dans les relations avec les journalistes\".<\/p>\r\n<h3><strong>M\u00e9dicaments : ce que veut la loi sur les produits th\u00e9rapeutiques<\/strong><\/h3>\r\n<p>Pouvons-nous ou ne pouvons-nous pas ? La distribution de m\u00e9dicaments est un sujet d\u00e9licat. Elle est en outre trait\u00e9e de mani\u00e8re l\u00e9g\u00e8rement diff\u00e9rente d'un canton \u00e0 l'autre, et l'affaire des vignettes de m\u00e9dicaments peut encore pr\u00eater \u00e0 confusion. Il y a aussi des entreprises qui, par le biais de r\u00e8glements de comp\u00e9tences, obtiennent l'un ou l'autre assortiment de m\u00e9dicaments dans le service sanitaire de l'entreprise. Mais \u00e0 quel point est-ce l\u00e9gal ?<\/p>\r\n<p>Rudolf Hauri est l'un de ceux qui le savent. Le m\u00e9decin cantonal du canton de Zoug et ancien pr\u00e9sident de l'Association des m\u00e9decins cantonaux veut \u00e9clairer les participants dans son expos\u00e9 : \"Je vais leur montrer ce qu'ils peuvent faire, ce qu'ils peuvent faire et ce qu'ils doivent faire\", dit-il.<\/p>\r\n<h3>Premiers secours derri\u00e8re les barreaux<\/h3>\r\n<p>Celui qui prodigue les premiers secours ne risque donc pas de se retrouver derri\u00e8re les barreaux. Et si c'est le cas, ce sera tout au plus en tant que secouriste - car dans une prison aussi, il faut se pr\u00e9parer aux urgences. Quelles sont les particularit\u00e9s, quels sont les sc\u00e9narios, comment une prison organise-t-elle son 'service sanitaire d'entreprise' et que se passe-t-il lorsque le secouriste ne peut pas intervenir ?<\/p>\r\n<p>Le service d'aide sociale doit-il \u00eatre appel\u00e9 en prison - et veut-il en sortir ?<\/p>\r\n<p>C'est ce que Marcel Ruf, directeur de l'\u00e9tablissement p\u00e9nitentiaire de Lenzbourg, aborde dans son expos\u00e9 final. \"Nous avons des murs, des cl\u00f4tures et des portes ferm\u00e9es\", dit-il, \"mais nous devons aussi pouvoir apporter les premiers secours dans un d\u00e9lai raisonnable et faire venir des organisations d'urgence en prison\".<\/p>\r\n<h3><strong>Nouveau dans la Luzernersaal - et avec Donat Hofer comme pr\u00e9sentateur<\/strong><\/h3>\r\n<p>Le Symposium des premiers secours 2025 promet donc une fois de plus une foule de contenus passionnants et s'adresse \u00e0 tous les secouristes, qu'ils soient d\u00e9butants, avanc\u00e9s ou professionnels, qu'il s'agisse de samaritains, de sanitaires d'entreprise, de charg\u00e9s de s\u00e9curit\u00e9, de particuliers ou d'organisations \u00e0 feu bleu. Comme d'habitude, une heure est pr\u00e9vue pour chaque expos\u00e9, ce qui laisse beaucoup de place aux questions et aux discussions - et tous les expos\u00e9s seront traduits simultan\u00e9ment en fran\u00e7ais.<\/p>\r\n<p>L'environnement sera moins familier. Certes, le symposium des premiers secours reste au KKL Luzern, mais apr\u00e8s quatre \u00e9ditions r\u00e9ussies dans l'auditorium, il d\u00e9m\u00e9nage dans la plus grande salle de Lucerne. Et les participants seront accompagn\u00e9s tout au long de la journ\u00e9e par une nouvelle t\u00eate : Donat Hofer animera le symposium des premiers secours 2025. Il est bien connu de nombreux t\u00e9l\u00e9spectateurs pour ses apparitions passionnantes et empathiques dans les \u00e9missions \"Reporter\" ou \"rec.\" et, depuis quelque temps, on peut \u00e9galement l'entendre \u00e0 la radio dans l'\u00e9mission \"Focus\" - et maintenant donc le 8 novembre 2025 au symposium des premiers secours. \"Nous sommes tr\u00e8s heureux d'avoir pu enthousiasmer Donat pour cette t\u00e2che et de l'avoir gagn\u00e9\", d\u00e9clare Stefan K\u00fchnis, pr\u00e9sident de l'Association suisse des sanitaires d'entreprise (ASSE).<\/p>\r\n<h3><strong>Points de formation continue et programme-cadre et valeurs ajout\u00e9es<\/strong><\/h3>\r\n<p>L'\u00e9v\u00e9nement commun de l'ASFS et d'IVF Hartmann a eu lieu pour la premi\u00e8re fois en 2021 et s'est rapidement transform\u00e9 en une histoire \u00e0 succ\u00e8s. Les organisateurs accordent \u00e9galement une importance particuli\u00e8re au programme-cadre et \u00e0 d'autres valeurs ajout\u00e9es :<\/p>\r\n<p>Par exemple<\/p>\r\n<ul>\r\n\t<li>Apr\u00e8s chaque expos\u00e9, il reste beaucoup de temps et d'espace pour poser des questions aux intervenants.<\/li>\r\n\t<li>Les pauses seront l'occasion de discuter et d'entretenir son r\u00e9seau. En outre, quelque 25 exposants pr\u00e9senteront leurs produits, cours ou autres services.<\/li>\r\n\t<li>Toutes les conf\u00e9rences seront traduites simultan\u00e9ment de l'allemand vers le fran\u00e7ais.<\/li>\r\n\t<li>3,5 heures sont prises en compte pour le certificat IAS et 2 points de formation continue SSST sont attribu\u00e9s.<\/li>\r\n<\/ul>\r\n<p><em><a href=\"https:\/\/www.ersthelfersymposium.ch\/index.php\/anmeldung\">Possibilit\u00e9s d'inscription<\/a> (date limite d'inscription : 30.09.2025) et <a href=\"https:\/\/www.ersthelfersymposium.ch\/\">plus d'informations<\/a><\/em><\/p>\n<p class=\"syndicated-attribution\">Cet article est paru initialement sur m-q.ch - <a href=\"https:\/\/www.m-q.ch\/de\/ersthelfer-mit-einem-bein-schon-im-gefaengnis\/\" target=\"_blank\">https:\/\/www.m-q.ch\/de\/ersthelfer-mit-einem-bein-schon-im-gefaengnis\/<\/a><\/p>","protected":false},"excerpt":{"rendered":"<p>Il existe de nombreux aspects juridiques li\u00e9s aux premiers secours : le comportement sur le lieu de l'accident, l'utilisation des m\u00e9dias, la distribution de m\u00e9dicaments et bien d'autres choses encore. Le chemin de la prison est certes improbable pour les secouristes. Mais comment les premiers secours sont-ils organis\u00e9s dans une prison ? C'est \u00e0 ces questions que r\u00e9pondra le symposium des premiers secours 2025 du 8 novembre 2025.<\/p>","protected":false},"author":80,"featured_media":0,"comment_status":"closed","ping_status":"closed","sticky":false,"template":"","format":"standard","meta":{"_acf_changed":false,"_yoast_wpseo_focuskw":"Ersthelfer Symposium 2025","_yoast_wpseo_metadesc":"Das Ersthelfer Symposium 2025 thematisiert rechtliche Aspekte der Ersten Hilfe, von Polizeieins\u00e4tzen bis zur Medikamentenabgabe.","articlekey":"","footnotes":""},"categories":[582],"tags":[3496,4692,1677,418,424,5129],"class_list":["post-36413","post","type-post","status-publish","format-standard","hentry","category-operational-excellence","tag-erste-hilfe","tag-ersthelfer-symposium","tag-medien","tag-risikomanagement","tag-schweiz","tag-unfall"],"acf":[],"yoast_head":"<!-- This site is optimized with the Yoast SEO plugin v27.5 - https:\/\/yoast.com\/product\/yoast-seo-wordpress\/ -->\n<title>Ersthelfer \u2013 mit einem Bein schon im Gef\u00e4ngnis? - Organisator<\/title>\n<meta name=\"description\" content=\"Das Ersthelfer Symposium 2025 thematisiert rechtliche Aspekte der Ersten Hilfe, von Polizeieins\u00e4tzen bis zur Medikamentenabgabe.\" \/>\n<meta name=\"robots\" content=\"index, follow, max-snippet:-1, max-image-preview:large, max-video-preview:-1\" \/>\n<link rel=\"canonical\" href=\"https:\/\/www.organisator.ch\/fr\/excellence-operationnelle\/2025-02-26\/ersthelfer-mit-einem-bein-schon-im-gefaengnis\/\" \/>\n<meta property=\"og:locale\" content=\"fr_FR\" \/>\n<meta property=\"og:type\" content=\"article\" \/>\n<meta property=\"og:title\" content=\"Ersthelfer \u2013 mit einem Bein schon im Gef\u00e4ngnis? - Organisator\" \/>\n<meta property=\"og:description\" content=\"Das Ersthelfer Symposium 2025 thematisiert rechtliche Aspekte der Ersten Hilfe, von Polizeieins\u00e4tzen bis zur Medikamentenabgabe.\" \/>\n<meta property=\"og:url\" content=\"https:\/\/www.organisator.ch\/fr\/excellence-operationnelle\/2025-02-26\/ersthelfer-mit-einem-bein-schon-im-gefaengnis\/\" \/>\n<meta property=\"og:site_name\" content=\"Organisator\" \/>\n<meta property=\"article:publisher\" content=\"https:\/\/www.facebook.com\/OrganisatorFachmagazin\" \/>\n<meta property=\"article:published_time\" content=\"2025-02-26T13:10:51+00:00\" \/>\n<meta name=\"author\" content=\"Dzana Muminovic\" \/>\n<meta name=\"twitter:card\" content=\"summary_large_image\" \/>\n<script type=\"application\/ld+json\" class=\"yoast-schema-graph\">{\"@context\":\"https:\\\/\\\/schema.org\",\"@graph\":[{\"@type\":\"Article\",\"@id\":\"https:\\\/\\\/www.organisator.ch\\\/operational-excellence\\\/2025-02-26\\\/ersthelfer-mit-einem-bein-schon-im-gefaengnis\\\/#article\",\"isPartOf\":{\"@id\":\"https:\\\/\\\/www.organisator.ch\\\/operational-excellence\\\/2025-02-26\\\/ersthelfer-mit-einem-bein-schon-im-gefaengnis\\\/\"},\"author\":{\"name\":\"Dzana Muminovic\",\"@id\":\"https:\\\/\\\/www.organisator.ch\\\/#\\\/schema\\\/person\\\/afccda3a71c06d4be2ed9100dd163db7\"},\"headline\":\"Ersthelfer \u2013 mit einem Bein schon im Gef\u00e4ngnis?\",\"datePublished\":\"2025-02-26T13:10:51+00:00\",\"mainEntityOfPage\":{\"@id\":\"https:\\\/\\\/www.organisator.ch\\\/operational-excellence\\\/2025-02-26\\\/ersthelfer-mit-einem-bein-schon-im-gefaengnis\\\/\"},\"wordCount\":848,\"publisher\":{\"@id\":\"https:\\\/\\\/www.organisator.ch\\\/#organization\"},\"image\":{\"@id\":\"https:\\\/\\\/www.organisator.ch\\\/operational-excellence\\\/2025-02-26\\\/ersthelfer-mit-einem-bein-schon-im-gefaengnis\\\/#primaryimage\"},\"thumbnailUrl\":\"https:\\\/\\\/www.m-q.ch\\\/wp-content\\\/uploads\\\/2025\\\/02\\\/ES_Bild1_ps.jpg\",\"keywords\":[\"Erste Hilfe\",\"Ersthelfer Symposium\",\"Medien\",\"Risikomanagement\",\"Schweiz\",\"Unfall\"],\"articleSection\":[\"OPERATIONAL EXCELLENCE\"],\"inLanguage\":\"fr-FR\"},{\"@type\":\"WebPage\",\"@id\":\"https:\\\/\\\/www.organisator.ch\\\/operational-excellence\\\/2025-02-26\\\/ersthelfer-mit-einem-bein-schon-im-gefaengnis\\\/\",\"url\":\"https:\\\/\\\/www.organisator.ch\\\/operational-excellence\\\/2025-02-26\\\/ersthelfer-mit-einem-bein-schon-im-gefaengnis\\\/\",\"name\":\"Ersthelfer \u2013 mit einem Bein schon im Gef\u00e4ngnis? - Organisator\",\"isPartOf\":{\"@id\":\"https:\\\/\\\/www.organisator.ch\\\/#website\"},\"primaryImageOfPage\":{\"@id\":\"https:\\\/\\\/www.organisator.ch\\\/operational-excellence\\\/2025-02-26\\\/ersthelfer-mit-einem-bein-schon-im-gefaengnis\\\/#primaryimage\"},\"image\":{\"@id\":\"https:\\\/\\\/www.organisator.ch\\\/operational-excellence\\\/2025-02-26\\\/ersthelfer-mit-einem-bein-schon-im-gefaengnis\\\/#primaryimage\"},\"thumbnailUrl\":\"https:\\\/\\\/www.m-q.ch\\\/wp-content\\\/uploads\\\/2025\\\/02\\\/ES_Bild1_ps.jpg\",\"datePublished\":\"2025-02-26T13:10:51+00:00\",\"description\":\"Das Ersthelfer Symposium 2025 thematisiert rechtliche Aspekte der Ersten Hilfe, von Polizeieins\u00e4tzen bis zur Medikamentenabgabe.\",\"breadcrumb\":{\"@id\":\"https:\\\/\\\/www.organisator.ch\\\/operational-excellence\\\/2025-02-26\\\/ersthelfer-mit-einem-bein-schon-im-gefaengnis\\\/#breadcrumb\"},\"inLanguage\":\"fr-FR\",\"potentialAction\":[{\"@type\":\"ReadAction\",\"target\":[\"https:\\\/\\\/www.organisator.ch\\\/operational-excellence\\\/2025-02-26\\\/ersthelfer-mit-einem-bein-schon-im-gefaengnis\\\/\"]}]},{\"@type\":\"ImageObject\",\"inLanguage\":\"fr-FR\",\"@id\":\"https:\\\/\\\/www.organisator.ch\\\/operational-excellence\\\/2025-02-26\\\/ersthelfer-mit-einem-bein-schon-im-gefaengnis\\\/#primaryimage\",\"url\":\"https:\\\/\\\/www.m-q.ch\\\/wp-content\\\/uploads\\\/2025\\\/02\\\/ES_Bild1_ps.jpg\",\"contentUrl\":\"https:\\\/\\\/www.m-q.ch\\\/wp-content\\\/uploads\\\/2025\\\/02\\\/ES_Bild1_ps.jpg\"},{\"@type\":\"BreadcrumbList\",\"@id\":\"https:\\\/\\\/www.organisator.ch\\\/operational-excellence\\\/2025-02-26\\\/ersthelfer-mit-einem-bein-schon-im-gefaengnis\\\/#breadcrumb\",\"itemListElement\":[{\"@type\":\"ListItem\",\"position\":1,\"name\":\"Home\",\"item\":\"https:\\\/\\\/www.organisator.ch\\\/\"},{\"@type\":\"ListItem\",\"position\":2,\"name\":\"Ersthelfer \u2013 mit einem Bein schon im Gef\u00e4ngnis?\"}]},{\"@type\":\"WebSite\",\"@id\":\"https:\\\/\\\/www.organisator.ch\\\/#website\",\"url\":\"https:\\\/\\\/www.organisator.ch\\\/\",\"name\":\"Organisator\",\"description\":\"Kompetent. Praxisnah. Der ORGANISATOR bereitet in 10 Ausgaben pro Jahr die wesentlichen Themen f\u00fcr F\u00fchrungskr\u00e4fte von KMU auf.\",\"publisher\":{\"@id\":\"https:\\\/\\\/www.organisator.ch\\\/#organization\"},\"potentialAction\":[{\"@type\":\"SearchAction\",\"target\":{\"@type\":\"EntryPoint\",\"urlTemplate\":\"https:\\\/\\\/www.organisator.ch\\\/?s={search_term_string}\"},\"query-input\":{\"@type\":\"PropertyValueSpecification\",\"valueRequired\":true,\"valueName\":\"search_term_string\"}}],\"inLanguage\":\"fr-FR\"},{\"@type\":\"Organization\",\"@id\":\"https:\\\/\\\/www.organisator.ch\\\/#organization\",\"name\":\"Organisator\",\"url\":\"https:\\\/\\\/www.organisator.ch\\\/\",\"logo\":{\"@type\":\"ImageObject\",\"inLanguage\":\"fr-FR\",\"@id\":\"https:\\\/\\\/www.organisator.ch\\\/#\\\/schema\\\/logo\\\/image\\\/\",\"url\":\"https:\\\/\\\/www.organisator.ch\\\/wp-content\\\/uploads\\\/2022\\\/01\\\/Logo_Organisator_Website.png\",\"contentUrl\":\"https:\\\/\\\/www.organisator.ch\\\/wp-content\\\/uploads\\\/2022\\\/01\\\/Logo_Organisator_Website.png\",\"width\":800,\"height\":77,\"caption\":\"Organisator\"},\"image\":{\"@id\":\"https:\\\/\\\/www.organisator.ch\\\/#\\\/schema\\\/logo\\\/image\\\/\"},\"sameAs\":[\"https:\\\/\\\/www.facebook.com\\\/OrganisatorFachmagazin\",\"https:\\\/\\\/www.linkedin.com\\\/showcase\\\/organisator-das-magazin-fr-kmu\",\"https:\\\/\\\/www.xing.com\\\/news\\\/pages\\\/organisator-ch-695\",\"https:\\\/\\\/www.youtube.com\\\/channel\\\/UCGP2Sq0iWaZwT3BdIAQFYpw\"]},{\"@type\":\"Person\",\"@id\":\"https:\\\/\\\/www.organisator.ch\\\/#\\\/schema\\\/person\\\/afccda3a71c06d4be2ed9100dd163db7\",\"name\":\"Dzana Muminovic\",\"image\":{\"@type\":\"ImageObject\",\"inLanguage\":\"fr-FR\",\"@id\":\"https:\\\/\\\/secure.gravatar.com\\\/avatar\\\/909c5c71aff4b38e88686f2ab2f1ba152571f394f41ed8bae431ea56ced93050?s=96&d=mm&r=g\",\"url\":\"https:\\\/\\\/secure.gravatar.com\\\/avatar\\\/909c5c71aff4b38e88686f2ab2f1ba152571f394f41ed8bae431ea56ced93050?s=96&d=mm&r=g\",\"contentUrl\":\"https:\\\/\\\/secure.gravatar.com\\\/avatar\\\/909c5c71aff4b38e88686f2ab2f1ba152571f394f41ed8bae431ea56ced93050?s=96&d=mm&r=g\",\"caption\":\"Dzana Muminovic\"},\"url\":\"https:\\\/\\\/www.organisator.ch\\\/fr\\\/author\\\/dzana-muminovic\\\/\"}]}<\/script>\n<!-- \/ Yoast SEO plugin. -->","yoast_head_json":{"title":"Premiers intervenants - d\u00e9j\u00e0 un pied en prison ? - Organisateur","description":"Le Symposium des premiers secours 2025 aborde les aspects juridiques des premiers secours, des interventions de la police \u00e0 la distribution de m\u00e9dicaments.","robots":{"index":"index","follow":"follow","max-snippet":"max-snippet:-1","max-image-preview":"max-image-preview:large","max-video-preview":"max-video-preview:-1"},"canonical":"https:\/\/www.organisator.ch\/fr\/excellence-operationnelle\/2025-02-26\/ersthelfer-mit-einem-bein-schon-im-gefaengnis\/","og_locale":"fr_FR","og_type":"article","og_title":"Ersthelfer \u2013 mit einem Bein schon im Gef\u00e4ngnis? - Organisator","og_description":"Das Ersthelfer Symposium 2025 thematisiert rechtliche Aspekte der Ersten Hilfe, von Polizeieins\u00e4tzen bis zur Medikamentenabgabe.","og_url":"https:\/\/www.organisator.ch\/fr\/excellence-operationnelle\/2025-02-26\/ersthelfer-mit-einem-bein-schon-im-gefaengnis\/","og_site_name":"Organisator","article_publisher":"https:\/\/www.facebook.com\/OrganisatorFachmagazin","article_published_time":"2025-02-26T13:10:51+00:00","author":"Dzana Muminovic","twitter_card":"summary_large_image","schema":{"@context":"https:\/\/schema.org","@graph":[{"@type":"Article","@id":"https:\/\/www.organisator.ch\/operational-excellence\/2025-02-26\/ersthelfer-mit-einem-bein-schon-im-gefaengnis\/#article","isPartOf":{"@id":"https:\/\/www.organisator.ch\/operational-excellence\/2025-02-26\/ersthelfer-mit-einem-bein-schon-im-gefaengnis\/"},"author":{"name":"Dzana Muminovic","@id":"https:\/\/www.organisator.ch\/#\/schema\/person\/afccda3a71c06d4be2ed9100dd163db7"},"headline":"Ersthelfer \u2013 mit einem Bein schon im Gef\u00e4ngnis?","datePublished":"2025-02-26T13:10:51+00:00","mainEntityOfPage":{"@id":"https:\/\/www.organisator.ch\/operational-excellence\/2025-02-26\/ersthelfer-mit-einem-bein-schon-im-gefaengnis\/"},"wordCount":848,"publisher":{"@id":"https:\/\/www.organisator.ch\/#organization"},"image":{"@id":"https:\/\/www.organisator.ch\/operational-excellence\/2025-02-26\/ersthelfer-mit-einem-bein-schon-im-gefaengnis\/#primaryimage"},"thumbnailUrl":"https:\/\/www.m-q.ch\/wp-content\/uploads\/2025\/02\/ES_Bild1_ps.jpg","keywords":["Erste Hilfe","Ersthelfer Symposium","Medien","Risikomanagement","Schweiz","Unfall"],"articleSection":["OPERATIONAL EXCELLENCE"],"inLanguage":"fr-FR"},{"@type":"WebPage","@id":"https:\/\/www.organisator.ch\/operational-excellence\/2025-02-26\/ersthelfer-mit-einem-bein-schon-im-gefaengnis\/","url":"https:\/\/www.organisator.ch\/operational-excellence\/2025-02-26\/ersthelfer-mit-einem-bein-schon-im-gefaengnis\/","name":"Premiers intervenants - d\u00e9j\u00e0 un pied en prison ? - Organisateur","isPartOf":{"@id":"https:\/\/www.organisator.ch\/#website"},"primaryImageOfPage":{"@id":"https:\/\/www.organisator.ch\/operational-excellence\/2025-02-26\/ersthelfer-mit-einem-bein-schon-im-gefaengnis\/#primaryimage"},"image":{"@id":"https:\/\/www.organisator.ch\/operational-excellence\/2025-02-26\/ersthelfer-mit-einem-bein-schon-im-gefaengnis\/#primaryimage"},"thumbnailUrl":"https:\/\/www.m-q.ch\/wp-content\/uploads\/2025\/02\/ES_Bild1_ps.jpg","datePublished":"2025-02-26T13:10:51+00:00","description":"Le Symposium des premiers secours 2025 aborde les aspects juridiques des premiers secours, des interventions de la police \u00e0 la distribution de m\u00e9dicaments.","breadcrumb":{"@id":"https:\/\/www.organisator.ch\/operational-excellence\/2025-02-26\/ersthelfer-mit-einem-bein-schon-im-gefaengnis\/#breadcrumb"},"inLanguage":"fr-FR","potentialAction":[{"@type":"ReadAction","target":["https:\/\/www.organisator.ch\/operational-excellence\/2025-02-26\/ersthelfer-mit-einem-bein-schon-im-gefaengnis\/"]}]},{"@type":"ImageObject","inLanguage":"fr-FR","@id":"https:\/\/www.organisator.ch\/operational-excellence\/2025-02-26\/ersthelfer-mit-einem-bein-schon-im-gefaengnis\/#primaryimage","url":"https:\/\/www.m-q.ch\/wp-content\/uploads\/2025\/02\/ES_Bild1_ps.jpg","contentUrl":"https:\/\/www.m-q.ch\/wp-content\/uploads\/2025\/02\/ES_Bild1_ps.jpg"},{"@type":"BreadcrumbList","@id":"https:\/\/www.organisator.ch\/operational-excellence\/2025-02-26\/ersthelfer-mit-einem-bein-schon-im-gefaengnis\/#breadcrumb","itemListElement":[{"@type":"ListItem","position":1,"name":"Home","item":"https:\/\/www.organisator.ch\/"},{"@type":"ListItem","position":2,"name":"Ersthelfer \u2013 mit einem Bein schon im Gef\u00e4ngnis?"}]},{"@type":"WebSite","@id":"https:\/\/www.organisator.ch\/#website","url":"https:\/\/www.organisator.ch\/","name":"Organisateur","description":"Comp\u00e9tence et comp\u00e9tence. Proches de la pratique. L'ORGANISATEUR pr\u00e9pare 10 num\u00e9ros par an sur les th\u00e8mes essentiels pour les dirigeants de PME.","publisher":{"@id":"https:\/\/www.organisator.ch\/#organization"},"potentialAction":[{"@type":"SearchAction","target":{"@type":"EntryPoint","urlTemplate":"https:\/\/www.organisator.ch\/?s={search_term_string}"},"query-input":{"@type":"PropertyValueSpecification","valueRequired":true,"valueName":"search_term_string"}}],"inLanguage":"fr-FR"},{"@type":"Organization","@id":"https:\/\/www.organisator.ch\/#organization","name":"Organisateur","url":"https:\/\/www.organisator.ch\/","logo":{"@type":"ImageObject","inLanguage":"fr-FR","@id":"https:\/\/www.organisator.ch\/#\/schema\/logo\/image\/","url":"https:\/\/www.organisator.ch\/wp-content\/uploads\/2022\/01\/Logo_Organisator_Website.png","contentUrl":"https:\/\/www.organisator.ch\/wp-content\/uploads\/2022\/01\/Logo_Organisator_Website.png","width":800,"height":77,"caption":"Organisator"},"image":{"@id":"https:\/\/www.organisator.ch\/#\/schema\/logo\/image\/"},"sameAs":["https:\/\/www.facebook.com\/OrganisatorFachmagazin","https:\/\/www.linkedin.com\/showcase\/organisator-das-magazin-fr-kmu","https:\/\/www.xing.com\/news\/pages\/organisator-ch-695","https:\/\/www.youtube.com\/channel\/UCGP2Sq0iWaZwT3BdIAQFYpw"]},{"@type":"Person","@id":"https:\/\/www.organisator.ch\/#\/schema\/person\/afccda3a71c06d4be2ed9100dd163db7","name":"Dzana Muminovic","image":{"@type":"ImageObject","inLanguage":"fr-FR","@id":"https:\/\/secure.gravatar.com\/avatar\/909c5c71aff4b38e88686f2ab2f1ba152571f394f41ed8bae431ea56ced93050?s=96&d=mm&r=g","url":"https:\/\/secure.gravatar.com\/avatar\/909c5c71aff4b38e88686f2ab2f1ba152571f394f41ed8bae431ea56ced93050?s=96&d=mm&r=g","contentUrl":"https:\/\/secure.gravatar.com\/avatar\/909c5c71aff4b38e88686f2ab2f1ba152571f394f41ed8bae431ea56ced93050?s=96&d=mm&r=g","caption":"Dzana Muminovic"},"url":"https:\/\/www.organisator.ch\/fr\/author\/dzana-muminovic\/"}]}},"_links":{"self":[{"href":"https:\/\/www.organisator.ch\/fr\/wp-json\/wp\/v2\/posts\/36413","targetHints":{"allow":["GET"]}}],"collection":[{"href":"https:\/\/www.organisator.ch\/fr\/wp-json\/wp\/v2\/posts"}],"about":[{"href":"https:\/\/www.organisator.ch\/fr\/wp-json\/wp\/v2\/types\/post"}],"author":[{"embeddable":true,"href":"https:\/\/www.organisator.ch\/fr\/wp-json\/wp\/v2\/users\/80"}],"replies":[{"embeddable":true,"href":"https:\/\/www.organisator.ch\/fr\/wp-json\/wp\/v2\/comments?post=36413"}],"version-history":[{"count":5,"href":"https:\/\/www.organisator.ch\/fr\/wp-json\/wp\/v2\/posts\/36413\/revisions"}],"predecessor-version":[{"id":36444,"href":"https:\/\/www.organisator.ch\/fr\/wp-json\/wp\/v2\/posts\/36413\/revisions\/36444"}],"wp:attachment":[{"href":"https:\/\/www.organisator.ch\/fr\/wp-json\/wp\/v2\/media?parent=36413"}],"wp:term":[{"taxonomy":"category","embeddable":true,"href":"https:\/\/www.organisator.ch\/fr\/wp-json\/wp\/v2\/categories?post=36413"},{"taxonomy":"post_tag","embeddable":true,"href":"https:\/\/www.organisator.ch\/fr\/wp-json\/wp\/v2\/tags?post=36413"}],"curies":[{"name":"wp","href":"https:\/\/api.w.org\/{rel}","templated":true}]}}