{"id":36421,"date":"2025-03-03T12:05:07","date_gmt":"2025-03-03T11:05:07","guid":{"rendered":"https:\/\/www.markt-kom.com\/?p=231080"},"modified":"2025-03-03T12:04:36","modified_gmt":"2025-03-03T11:04:36","slug":"fe-agentur-und-the-hall-schliessen-strategische-partnerschaft","status":"publish","type":"post","link":"https:\/\/www.organisator.ch\/fr\/marketing\/2025-03-03\/fe-agentur-und-the-hall-schliessen-strategische-partnerschaft\/","title":{"rendered":"L'agence Fe et The Hall concluent un partenariat strat\u00e9gique"},"content":{"rendered":"<p><a href=\"https:\/\/www.markt-kom.com\/wp-content\/uploads\/2025\/02\/echogroup.jpg\"><img class=\"aligncenter size-full wp-image-231081\" src=\"https:\/\/www.markt-kom.com\/wp-content\/uploads\/2025\/02\/echogroup.jpg\" sizes=\"(max-width: 1200px) 100vw, 1200px\" srcset=\"https:\/\/www.markt-kom.com\/wp-content\/uploads\/2025\/02\/echogroup.jpg 1200w, https:\/\/www.markt-kom.com\/wp-content\/uploads\/2025\/02\/echogroup-600x450.jpg 600w, https:\/\/www.markt-kom.com\/wp-content\/uploads\/2025\/02\/echogroup-1024x768.jpg 1024w, https:\/\/www.markt-kom.com\/wp-content\/uploads\/2025\/02\/echogroup-768x576.jpg 768w, https:\/\/www.markt-kom.com\/wp-content\/uploads\/2025\/02\/echogroup-16x12.jpg 16w, https:\/\/www.markt-kom.com\/wp-content\/uploads\/2025\/02\/echogroup-233x175.jpg 233w, https:\/\/www.markt-kom.com\/wp-content\/uploads\/2025\/02\/echogroup-467x350.jpg 467w, https:\/\/www.markt-kom.com\/wp-content\/uploads\/2025\/02\/echogroup-1000x750.jpg 1000w\" alt=\"\" width=\"1200\" height=\"900\" \/><\/a><\/p>\r\n<p>Avec son offre, le Groupe Echo veut s'adresser aux entreprises qui souhaitent positionner durablement leur marque et la faire vivre \u00e0 travers des \u00e9v\u00e9nements innovants. The Hall, en tant que lieu d'\u00e9v\u00e9nement \u00e9tabli, apporte l'infrastructure pour les \u00e9v\u00e9nements physiques, hybrides et num\u00e9riques, tandis que l'agence Fe, avec des sites \u00e0 Baden, Zurich Stettbach et D\u00fcsseldorf, se compose de trois business units : Branding, Campagnes et Corporate Events. Les deux organisations continueront d'exister de mani\u00e8re ind\u00e9pendante.<\/p>\r\n<p>\"Avec Echo Group, nous cr\u00e9ons une offre unique en son genre, qui associe de mani\u00e8re transparente des mesures de marketing et d'\u00e9v\u00e9nementiel\", d\u00e9clare Dominic Fontijn, co-CEO du nouveau groupe et cofondateur de l'agence Fe. Christian Mathys, CEO de The Hall, ajoute : \"Notre partenariat regroupe le d\u00e9veloppement de concepts et le lieu d'\u00e9v\u00e9nements - nous \u00e9tablissons ainsi de nouveaux crit\u00e8res\". En r\u00e9sum\u00e9, la client\u00e8le devrait b\u00e9n\u00e9ficier d'une offre \u00e0 360 degr\u00e9s, comprenant une strat\u00e9gie et une expertise globales, une communication de marque rigoureuse et des exp\u00e9riences innovantes.<\/p>\r\n<p>\u00c0 partir de mars 2025, le groupe Echo lancera ses propres formats d'\u00e9v\u00e9nements \u00e0 The Hall. La s\u00e9rie \"Echo Originals\" vise \u00e0 d\u00e9montrer le savoir-faire du groupe. Au programme, entre autres, la s\u00e9rie de keynotes \"Denkwiese25\" le 7 mars, un concert live de \"Sing mein Song\" le 11 avril ainsi que des \u00e9v\u00e9nements de com\u00e9die et de gospel tout au long de l'ann\u00e9e.<\/p>","protected":false},"excerpt":{"rendered":"<p>L'agence Fe et le lieu \u00e9v\u00e9nementiel The Hall \u00e0 D\u00fcbendorf forment un nouveau partenariat strat\u00e9gique sous le nom de Groupe Echo. Le nouveau groupe r\u00e9unit sous un m\u00eame toit la strat\u00e9gie de marque, la cr\u00e9ativit\u00e9 et l'infrastructure \u00e9v\u00e9nementielle. L'objectif est d'accompagner les entreprises de mani\u00e8re globale dans leurs pr\u00e9sentations de marque - de la conception \u00e0 la r\u00e9alisation.<\/p>","protected":false},"author":8,"featured_media":0,"comment_status":"closed","ping_status":"closed","sticky":false,"template":"","format":"standard","meta":{"_acf_changed":false,"_yoast_wpseo_focuskw":"Echo Group","_yoast_wpseo_metadesc":"Die Echo Group vereint Markenstrategie, Kreativit\u00e4t und Eventinfrastruktur f\u00fcr ganzheitliche Markenauftritte und innovative Events.","articlekey":"","footnotes":""},"categories":[29],"tags":[4345,5130,4001,5131],"class_list":["post-36421","post","type-post","status-publish","format-standard","hentry","category-marketing","tag-business","tag-echo-group","tag-fe-agentur","tag-the-hall"],"acf":[],"yoast_head":"<!-- This site is optimized with the Yoast SEO plugin v27.5 - https:\/\/yoast.com\/product\/yoast-seo-wordpress\/ -->\n<title>Fe Agentur und The Hall schliessen strategische Partnerschaft - Organisator<\/title>\n<meta name=\"description\" content=\"Die Echo Group vereint Markenstrategie, Kreativit\u00e4t und Eventinfrastruktur f\u00fcr ganzheitliche Markenauftritte und innovative Events.\" \/>\n<meta name=\"robots\" content=\"index, follow, max-snippet:-1, max-image-preview:large, max-video-preview:-1\" \/>\n<link rel=\"canonical\" href=\"https:\/\/www.organisator.ch\/fr\/marketing\/2025-03-03\/fe-agentur-und-the-hall-schliessen-strategische-partnerschaft\/\" \/>\n<meta property=\"og:locale\" content=\"fr_FR\" \/>\n<meta property=\"og:type\" content=\"article\" \/>\n<meta property=\"og:title\" content=\"Fe Agentur und The Hall schliessen strategische Partnerschaft - Organisator\" \/>\n<meta property=\"og:description\" content=\"Die Echo Group vereint Markenstrategie, Kreativit\u00e4t und Eventinfrastruktur f\u00fcr ganzheitliche Markenauftritte und innovative Events.\" \/>\n<meta property=\"og:url\" content=\"https:\/\/www.organisator.ch\/fr\/marketing\/2025-03-03\/fe-agentur-und-the-hall-schliessen-strategische-partnerschaft\/\" \/>\n<meta property=\"og:site_name\" content=\"Organisator\" \/>\n<meta property=\"article:publisher\" content=\"https:\/\/www.facebook.com\/OrganisatorFachmagazin\" \/>\n<meta property=\"article:published_time\" content=\"2025-03-03T11:05:07+00:00\" \/>\n<meta name=\"author\" content=\"galledia\" \/>\n<meta name=\"twitter:card\" content=\"summary_large_image\" \/>\n<meta name=\"twitter:creator\" content=\"@admin\" \/>\n<script type=\"application\/ld+json\" class=\"yoast-schema-graph\">{\"@context\":\"https:\\\/\\\/schema.org\",\"@graph\":[{\"@type\":\"Article\",\"@id\":\"https:\\\/\\\/www.organisator.ch\\\/marketing\\\/2025-03-03\\\/fe-agentur-und-the-hall-schliessen-strategische-partnerschaft\\\/#article\",\"isPartOf\":{\"@id\":\"https:\\\/\\\/www.organisator.ch\\\/marketing\\\/2025-03-03\\\/fe-agentur-und-the-hall-schliessen-strategische-partnerschaft\\\/\"},\"author\":{\"name\":\"galledia\",\"@id\":\"https:\\\/\\\/www.organisator.ch\\\/#\\\/schema\\\/person\\\/4e51799071cd2dd1232ac003643ef5f0\"},\"headline\":\"Fe Agentur und The Hall schliessen strategische Partnerschaft\",\"datePublished\":\"2025-03-03T11:05:07+00:00\",\"mainEntityOfPage\":{\"@id\":\"https:\\\/\\\/www.organisator.ch\\\/marketing\\\/2025-03-03\\\/fe-agentur-und-the-hall-schliessen-strategische-partnerschaft\\\/\"},\"wordCount\":198,\"publisher\":{\"@id\":\"https:\\\/\\\/www.organisator.ch\\\/#organization\"},\"image\":{\"@id\":\"https:\\\/\\\/www.organisator.ch\\\/marketing\\\/2025-03-03\\\/fe-agentur-und-the-hall-schliessen-strategische-partnerschaft\\\/#primaryimage\"},\"thumbnailUrl\":\"https:\\\/\\\/www.markt-kom.com\\\/wp-content\\\/uploads\\\/2025\\\/02\\\/echogroup.jpg\",\"keywords\":[\"Business\",\"Echo Group\",\"Fe Agentur\",\"The Hall\"],\"articleSection\":[\"MARKETING\"],\"inLanguage\":\"fr-FR\"},{\"@type\":\"WebPage\",\"@id\":\"https:\\\/\\\/www.organisator.ch\\\/marketing\\\/2025-03-03\\\/fe-agentur-und-the-hall-schliessen-strategische-partnerschaft\\\/\",\"url\":\"https:\\\/\\\/www.organisator.ch\\\/marketing\\\/2025-03-03\\\/fe-agentur-und-the-hall-schliessen-strategische-partnerschaft\\\/\",\"name\":\"Fe Agentur und The Hall schliessen strategische Partnerschaft - Organisator\",\"isPartOf\":{\"@id\":\"https:\\\/\\\/www.organisator.ch\\\/#website\"},\"primaryImageOfPage\":{\"@id\":\"https:\\\/\\\/www.organisator.ch\\\/marketing\\\/2025-03-03\\\/fe-agentur-und-the-hall-schliessen-strategische-partnerschaft\\\/#primaryimage\"},\"image\":{\"@id\":\"https:\\\/\\\/www.organisator.ch\\\/marketing\\\/2025-03-03\\\/fe-agentur-und-the-hall-schliessen-strategische-partnerschaft\\\/#primaryimage\"},\"thumbnailUrl\":\"https:\\\/\\\/www.markt-kom.com\\\/wp-content\\\/uploads\\\/2025\\\/02\\\/echogroup.jpg\",\"datePublished\":\"2025-03-03T11:05:07+00:00\",\"description\":\"Die Echo Group vereint Markenstrategie, Kreativit\u00e4t und Eventinfrastruktur f\u00fcr ganzheitliche Markenauftritte und innovative Events.\",\"breadcrumb\":{\"@id\":\"https:\\\/\\\/www.organisator.ch\\\/marketing\\\/2025-03-03\\\/fe-agentur-und-the-hall-schliessen-strategische-partnerschaft\\\/#breadcrumb\"},\"inLanguage\":\"fr-FR\",\"potentialAction\":[{\"@type\":\"ReadAction\",\"target\":[\"https:\\\/\\\/www.organisator.ch\\\/marketing\\\/2025-03-03\\\/fe-agentur-und-the-hall-schliessen-strategische-partnerschaft\\\/\"]}]},{\"@type\":\"ImageObject\",\"inLanguage\":\"fr-FR\",\"@id\":\"https:\\\/\\\/www.organisator.ch\\\/marketing\\\/2025-03-03\\\/fe-agentur-und-the-hall-schliessen-strategische-partnerschaft\\\/#primaryimage\",\"url\":\"https:\\\/\\\/www.markt-kom.com\\\/wp-content\\\/uploads\\\/2025\\\/02\\\/echogroup.jpg\",\"contentUrl\":\"https:\\\/\\\/www.markt-kom.com\\\/wp-content\\\/uploads\\\/2025\\\/02\\\/echogroup.jpg\"},{\"@type\":\"BreadcrumbList\",\"@id\":\"https:\\\/\\\/www.organisator.ch\\\/marketing\\\/2025-03-03\\\/fe-agentur-und-the-hall-schliessen-strategische-partnerschaft\\\/#breadcrumb\",\"itemListElement\":[{\"@type\":\"ListItem\",\"position\":1,\"name\":\"Home\",\"item\":\"https:\\\/\\\/www.organisator.ch\\\/\"},{\"@type\":\"ListItem\",\"position\":2,\"name\":\"Fe Agentur und The Hall schliessen strategische Partnerschaft\"}]},{\"@type\":\"WebSite\",\"@id\":\"https:\\\/\\\/www.organisator.ch\\\/#website\",\"url\":\"https:\\\/\\\/www.organisator.ch\\\/\",\"name\":\"Organisator\",\"description\":\"Kompetent. Praxisnah. Der ORGANISATOR bereitet in 10 Ausgaben pro Jahr die wesentlichen Themen f\u00fcr F\u00fchrungskr\u00e4fte von KMU auf.\",\"publisher\":{\"@id\":\"https:\\\/\\\/www.organisator.ch\\\/#organization\"},\"potentialAction\":[{\"@type\":\"SearchAction\",\"target\":{\"@type\":\"EntryPoint\",\"urlTemplate\":\"https:\\\/\\\/www.organisator.ch\\\/?s={search_term_string}\"},\"query-input\":{\"@type\":\"PropertyValueSpecification\",\"valueRequired\":true,\"valueName\":\"search_term_string\"}}],\"inLanguage\":\"fr-FR\"},{\"@type\":\"Organization\",\"@id\":\"https:\\\/\\\/www.organisator.ch\\\/#organization\",\"name\":\"Organisator\",\"url\":\"https:\\\/\\\/www.organisator.ch\\\/\",\"logo\":{\"@type\":\"ImageObject\",\"inLanguage\":\"fr-FR\",\"@id\":\"https:\\\/\\\/www.organisator.ch\\\/#\\\/schema\\\/logo\\\/image\\\/\",\"url\":\"https:\\\/\\\/www.organisator.ch\\\/wp-content\\\/uploads\\\/2022\\\/01\\\/Logo_Organisator_Website.png\",\"contentUrl\":\"https:\\\/\\\/www.organisator.ch\\\/wp-content\\\/uploads\\\/2022\\\/01\\\/Logo_Organisator_Website.png\",\"width\":800,\"height\":77,\"caption\":\"Organisator\"},\"image\":{\"@id\":\"https:\\\/\\\/www.organisator.ch\\\/#\\\/schema\\\/logo\\\/image\\\/\"},\"sameAs\":[\"https:\\\/\\\/www.facebook.com\\\/OrganisatorFachmagazin\",\"https:\\\/\\\/www.linkedin.com\\\/showcase\\\/organisator-das-magazin-fr-kmu\",\"https:\\\/\\\/www.xing.com\\\/news\\\/pages\\\/organisator-ch-695\",\"https:\\\/\\\/www.youtube.com\\\/channel\\\/UCGP2Sq0iWaZwT3BdIAQFYpw\"]},{\"@type\":\"Person\",\"@id\":\"https:\\\/\\\/www.organisator.ch\\\/#\\\/schema\\\/person\\\/4e51799071cd2dd1232ac003643ef5f0\",\"name\":\"galledia\",\"image\":{\"@type\":\"ImageObject\",\"inLanguage\":\"fr-FR\",\"@id\":\"https:\\\/\\\/secure.gravatar.com\\\/avatar\\\/78a7f90c01fc2bfc875782a0d4922b37cde2cf184ce347b91316d23cd7f69a36?s=96&d=mm&r=g\",\"url\":\"https:\\\/\\\/secure.gravatar.com\\\/avatar\\\/78a7f90c01fc2bfc875782a0d4922b37cde2cf184ce347b91316d23cd7f69a36?s=96&d=mm&r=g\",\"contentUrl\":\"https:\\\/\\\/secure.gravatar.com\\\/avatar\\\/78a7f90c01fc2bfc875782a0d4922b37cde2cf184ce347b91316d23cd7f69a36?s=96&d=mm&r=g\",\"caption\":\"galledia\"},\"sameAs\":[\"https:\\\/\\\/x.com\\\/admin\"],\"url\":\"https:\\\/\\\/www.organisator.ch\\\/fr\\\/author\\\/galledia\\\/\"}]}<\/script>\n<!-- \/ Yoast SEO plugin. -->","yoast_head_json":{"title":"L'agence Fe et The Hall concluent un partenariat strat\u00e9gique - Organisateur","description":"Le groupe Echo allie strat\u00e9gie de marque, cr\u00e9ativit\u00e9 et infrastructure \u00e9v\u00e9nementielle pour des pr\u00e9sentations de marque globales et des \u00e9v\u00e9nements innovants.","robots":{"index":"index","follow":"follow","max-snippet":"max-snippet:-1","max-image-preview":"max-image-preview:large","max-video-preview":"max-video-preview:-1"},"canonical":"https:\/\/www.organisator.ch\/fr\/marketing\/2025-03-03\/fe-agentur-und-the-hall-schliessen-strategische-partnerschaft\/","og_locale":"fr_FR","og_type":"article","og_title":"Fe Agentur und The Hall schliessen strategische Partnerschaft - Organisator","og_description":"Die Echo Group vereint Markenstrategie, Kreativit\u00e4t und Eventinfrastruktur f\u00fcr ganzheitliche Markenauftritte und innovative Events.","og_url":"https:\/\/www.organisator.ch\/fr\/marketing\/2025-03-03\/fe-agentur-und-the-hall-schliessen-strategische-partnerschaft\/","og_site_name":"Organisator","article_publisher":"https:\/\/www.facebook.com\/OrganisatorFachmagazin","article_published_time":"2025-03-03T11:05:07+00:00","author":"galledia","twitter_card":"summary_large_image","twitter_creator":"@admin","schema":{"@context":"https:\/\/schema.org","@graph":[{"@type":"Article","@id":"https:\/\/www.organisator.ch\/marketing\/2025-03-03\/fe-agentur-und-the-hall-schliessen-strategische-partnerschaft\/#article","isPartOf":{"@id":"https:\/\/www.organisator.ch\/marketing\/2025-03-03\/fe-agentur-und-the-hall-schliessen-strategische-partnerschaft\/"},"author":{"name":"galledia","@id":"https:\/\/www.organisator.ch\/#\/schema\/person\/4e51799071cd2dd1232ac003643ef5f0"},"headline":"Fe Agentur und The Hall schliessen strategische Partnerschaft","datePublished":"2025-03-03T11:05:07+00:00","mainEntityOfPage":{"@id":"https:\/\/www.organisator.ch\/marketing\/2025-03-03\/fe-agentur-und-the-hall-schliessen-strategische-partnerschaft\/"},"wordCount":198,"publisher":{"@id":"https:\/\/www.organisator.ch\/#organization"},"image":{"@id":"https:\/\/www.organisator.ch\/marketing\/2025-03-03\/fe-agentur-und-the-hall-schliessen-strategische-partnerschaft\/#primaryimage"},"thumbnailUrl":"https:\/\/www.markt-kom.com\/wp-content\/uploads\/2025\/02\/echogroup.jpg","keywords":["Business","Echo Group","Fe Agentur","The Hall"],"articleSection":["MARKETING"],"inLanguage":"fr-FR"},{"@type":"WebPage","@id":"https:\/\/www.organisator.ch\/marketing\/2025-03-03\/fe-agentur-und-the-hall-schliessen-strategische-partnerschaft\/","url":"https:\/\/www.organisator.ch\/marketing\/2025-03-03\/fe-agentur-und-the-hall-schliessen-strategische-partnerschaft\/","name":"L'agence Fe et The Hall concluent un partenariat strat\u00e9gique - Organisateur","isPartOf":{"@id":"https:\/\/www.organisator.ch\/#website"},"primaryImageOfPage":{"@id":"https:\/\/www.organisator.ch\/marketing\/2025-03-03\/fe-agentur-und-the-hall-schliessen-strategische-partnerschaft\/#primaryimage"},"image":{"@id":"https:\/\/www.organisator.ch\/marketing\/2025-03-03\/fe-agentur-und-the-hall-schliessen-strategische-partnerschaft\/#primaryimage"},"thumbnailUrl":"https:\/\/www.markt-kom.com\/wp-content\/uploads\/2025\/02\/echogroup.jpg","datePublished":"2025-03-03T11:05:07+00:00","description":"Le groupe Echo allie strat\u00e9gie de marque, cr\u00e9ativit\u00e9 et infrastructure \u00e9v\u00e9nementielle pour des pr\u00e9sentations de marque globales et des \u00e9v\u00e9nements innovants.","breadcrumb":{"@id":"https:\/\/www.organisator.ch\/marketing\/2025-03-03\/fe-agentur-und-the-hall-schliessen-strategische-partnerschaft\/#breadcrumb"},"inLanguage":"fr-FR","potentialAction":[{"@type":"ReadAction","target":["https:\/\/www.organisator.ch\/marketing\/2025-03-03\/fe-agentur-und-the-hall-schliessen-strategische-partnerschaft\/"]}]},{"@type":"ImageObject","inLanguage":"fr-FR","@id":"https:\/\/www.organisator.ch\/marketing\/2025-03-03\/fe-agentur-und-the-hall-schliessen-strategische-partnerschaft\/#primaryimage","url":"https:\/\/www.markt-kom.com\/wp-content\/uploads\/2025\/02\/echogroup.jpg","contentUrl":"https:\/\/www.markt-kom.com\/wp-content\/uploads\/2025\/02\/echogroup.jpg"},{"@type":"BreadcrumbList","@id":"https:\/\/www.organisator.ch\/marketing\/2025-03-03\/fe-agentur-und-the-hall-schliessen-strategische-partnerschaft\/#breadcrumb","itemListElement":[{"@type":"ListItem","position":1,"name":"Home","item":"https:\/\/www.organisator.ch\/"},{"@type":"ListItem","position":2,"name":"Fe Agentur und The Hall schliessen strategische Partnerschaft"}]},{"@type":"WebSite","@id":"https:\/\/www.organisator.ch\/#website","url":"https:\/\/www.organisator.ch\/","name":"Organisateur","description":"Comp\u00e9tence et comp\u00e9tence. Proches de la pratique. L'ORGANISATEUR pr\u00e9pare 10 num\u00e9ros par an sur les th\u00e8mes essentiels pour les dirigeants de PME.","publisher":{"@id":"https:\/\/www.organisator.ch\/#organization"},"potentialAction":[{"@type":"SearchAction","target":{"@type":"EntryPoint","urlTemplate":"https:\/\/www.organisator.ch\/?s={search_term_string}"},"query-input":{"@type":"PropertyValueSpecification","valueRequired":true,"valueName":"search_term_string"}}],"inLanguage":"fr-FR"},{"@type":"Organization","@id":"https:\/\/www.organisator.ch\/#organization","name":"Organisateur","url":"https:\/\/www.organisator.ch\/","logo":{"@type":"ImageObject","inLanguage":"fr-FR","@id":"https:\/\/www.organisator.ch\/#\/schema\/logo\/image\/","url":"https:\/\/www.organisator.ch\/wp-content\/uploads\/2022\/01\/Logo_Organisator_Website.png","contentUrl":"https:\/\/www.organisator.ch\/wp-content\/uploads\/2022\/01\/Logo_Organisator_Website.png","width":800,"height":77,"caption":"Organisator"},"image":{"@id":"https:\/\/www.organisator.ch\/#\/schema\/logo\/image\/"},"sameAs":["https:\/\/www.facebook.com\/OrganisatorFachmagazin","https:\/\/www.linkedin.com\/showcase\/organisator-das-magazin-fr-kmu","https:\/\/www.xing.com\/news\/pages\/organisator-ch-695","https:\/\/www.youtube.com\/channel\/UCGP2Sq0iWaZwT3BdIAQFYpw"]},{"@type":"Person","@id":"https:\/\/www.organisator.ch\/#\/schema\/person\/4e51799071cd2dd1232ac003643ef5f0","name":"galledia","image":{"@type":"ImageObject","inLanguage":"fr-FR","@id":"https:\/\/secure.gravatar.com\/avatar\/78a7f90c01fc2bfc875782a0d4922b37cde2cf184ce347b91316d23cd7f69a36?s=96&d=mm&r=g","url":"https:\/\/secure.gravatar.com\/avatar\/78a7f90c01fc2bfc875782a0d4922b37cde2cf184ce347b91316d23cd7f69a36?s=96&d=mm&r=g","contentUrl":"https:\/\/secure.gravatar.com\/avatar\/78a7f90c01fc2bfc875782a0d4922b37cde2cf184ce347b91316d23cd7f69a36?s=96&d=mm&r=g","caption":"galledia"},"sameAs":["https:\/\/x.com\/admin"],"url":"https:\/\/www.organisator.ch\/fr\/author\/galledia\/"}]}},"_links":{"self":[{"href":"https:\/\/www.organisator.ch\/fr\/wp-json\/wp\/v2\/posts\/36421","targetHints":{"allow":["GET"]}}],"collection":[{"href":"https:\/\/www.organisator.ch\/fr\/wp-json\/wp\/v2\/posts"}],"about":[{"href":"https:\/\/www.organisator.ch\/fr\/wp-json\/wp\/v2\/types\/post"}],"author":[{"embeddable":true,"href":"https:\/\/www.organisator.ch\/fr\/wp-json\/wp\/v2\/users\/8"}],"replies":[{"embeddable":true,"href":"https:\/\/www.organisator.ch\/fr\/wp-json\/wp\/v2\/comments?post=36421"}],"version-history":[{"count":5,"href":"https:\/\/www.organisator.ch\/fr\/wp-json\/wp\/v2\/posts\/36421\/revisions"}],"predecessor-version":[{"id":36562,"href":"https:\/\/www.organisator.ch\/fr\/wp-json\/wp\/v2\/posts\/36421\/revisions\/36562"}],"wp:attachment":[{"href":"https:\/\/www.organisator.ch\/fr\/wp-json\/wp\/v2\/media?parent=36421"}],"wp:term":[{"taxonomy":"category","embeddable":true,"href":"https:\/\/www.organisator.ch\/fr\/wp-json\/wp\/v2\/categories?post=36421"},{"taxonomy":"post_tag","embeddable":true,"href":"https:\/\/www.organisator.ch\/fr\/wp-json\/wp\/v2\/tags?post=36421"}],"curies":[{"name":"wp","href":"https:\/\/api.w.org\/{rel}","templated":true}]}}