{"id":36431,"date":"2025-02-27T07:30:09","date_gmt":"2025-02-27T06:30:09","guid":{"rendered":"https:\/\/www.markt-kom.com\/?p=231084"},"modified":"2025-02-27T07:20:15","modified_gmt":"2025-02-27T06:20:15","slug":"andre-caradonna-wird-neuer-leiter-marketing-am-maz-in-luzern","status":"publish","type":"post","link":"https:\/\/www.organisator.ch\/fr\/marketing\/2025-02-27\/andre-caradonna-wird-neuer-leiter-marketing-am-maz-in-luzern\/","title":{"rendered":"Andr\u00e9 Caradonna devient le nouveau responsable du marketing au Maz \u00e0 Lucerne"},"content":{"rendered":"<figure id=\"attachment_231085\" class=\"wp-caption aligncenter\" style=\"width: 1200px;\" aria-describedby=\"caption-attachment-231085\"><a href=\"https:\/\/www.markt-kom.com\/wp-content\/uploads\/2025\/02\/Andre-Caradonna.jpg\"><img class=\"size-full wp-image-231085\" src=\"https:\/\/www.markt-kom.com\/wp-content\/uploads\/2025\/02\/Andre-Caradonna.jpg\" sizes=\"(max-width: 1200px) 100vw, 1200px\" srcset=\"https:\/\/www.markt-kom.com\/wp-content\/uploads\/2025\/02\/Andre-Caradonna.jpg 1200w, https:\/\/www.markt-kom.com\/wp-content\/uploads\/2025\/02\/Andre-Caradonna-600x450.jpg 600w, https:\/\/www.markt-kom.com\/wp-content\/uploads\/2025\/02\/Andre-Caradonna-1024x768.jpg 1024w, https:\/\/www.markt-kom.com\/wp-content\/uploads\/2025\/02\/Andre-Caradonna-768x576.jpg 768w, https:\/\/www.markt-kom.com\/wp-content\/uploads\/2025\/02\/Andre-Caradonna-16x12.jpg 16w, https:\/\/www.markt-kom.com\/wp-content\/uploads\/2025\/02\/Andre-Caradonna-233x175.jpg 233w, https:\/\/www.markt-kom.com\/wp-content\/uploads\/2025\/02\/Andre-Caradonna-467x350.jpg 467w, https:\/\/www.markt-kom.com\/wp-content\/uploads\/2025\/02\/Andre-Caradonna-1000x750.jpg 1000w\" alt=\"\" width=\"1200\" height=\"900\" \/><\/a>\r\n<figcaption id=\"caption-attachment-231085\" class=\"wp-caption-text\">(Image : zVg.)<\/figcaption>\r\n<\/figure>\r\n<p>Dans le cadre de ses fonctions, Andr\u00e9 Caradonna est responsable du d\u00e9veloppement strat\u00e9gique et op\u00e9rationnel des activit\u00e9s de marketing du Maz. Avec lui, le positionnement de l'institution en tant que centre de formation de premier plan pour le journalisme et la communication devrait \u00eatre encore renforc\u00e9.<\/p>\r\n<p>\"Nous sommes tr\u00e8s heureux d'accueillir Andr\u00e9 Caradonna avec sa grande expertise technique et son exp\u00e9rience du marketing. Nous misons sur un marketing moderne et cibl\u00e9 afin d'accro\u00eetre encore notre port\u00e9e et notre impact dans le domaine de l'\u00e9ducation\", a d\u00e9clar\u00e9 Martina Fehr, CEO de Maz, cit\u00e9e dans un communiqu\u00e9.<\/p>\r\n<p>Caradonna a \u00e9tudi\u00e9 les sciences des m\u00e9dias et de la communication, le journalisme et la sociologie \u00e0 l'universit\u00e9 de Fribourg. Il a ensuite travaill\u00e9 plusieurs ann\u00e9es dans diff\u00e9rentes agences avant de passer du c\u00f4t\u00e9 des entreprises. Chez Swisscom, il a \u00e9t\u00e9 responsable des relations publiques et du sponsoring pour la client\u00e8le commerciale, tandis que chez Bernexpo Groupe, il \u00e9tait responsable de la communication d'entreprise et de produits. Il a \u00e9galement travaill\u00e9 pour le groupe Insel et Ender Diagnostics, o\u00f9 il occupait le poste de directeur de la communication et du marketing.<\/p>\r\n<p>Andr\u00e9 Caradonna assumera ses nouvelles fonctions au Maz \u00e0 80%. Parall\u00e8lement, il reste actif en tant que \"KreativAgent Caradonna\" et soutient les entreprises avec des concepts et des projets de marketing.<\/p>","protected":false},"excerpt":{"rendered":"<p>Le centre de comp\u00e9tence pour le journalisme et la communication Maz accueille Andr\u00e9 Caradonna en tant que nouveau responsable du marketing \u00e0 partir de d\u00e9but mars 2025. Il succ\u00e8de \u00e0 Victoria Arnold.<\/p>","protected":false},"author":8,"featured_media":0,"comment_status":"closed","ping_status":"closed","sticky":false,"template":"","format":"standard","meta":{"_acf_changed":false,"_yoast_wpseo_focuskw":"Andr\u00e9 Caradonna","_yoast_wpseo_metadesc":"Andr\u00e9 Caradonna wird neuer Leiter Marketing am Maz. Er verantwortet die strategische Weiterentwicklung der Marketingaktivit\u00e4ten.","articlekey":"","footnotes":""},"categories":[29],"tags":[4345,2853,4008],"class_list":["post-36431","post","type-post","status-publish","format-standard","hentry","category-marketing","tag-business","tag-jobchange","tag-maz"],"acf":[],"yoast_head":"<!-- This site is optimized with the Yoast SEO plugin v27.5 - https:\/\/yoast.com\/product\/yoast-seo-wordpress\/ -->\n<title>Andr\u00e9 Caradonna wird neuer Leiter Marketing am Maz in Luzern - Organisator<\/title>\n<meta name=\"description\" content=\"Andr\u00e9 Caradonna wird neuer Leiter Marketing am Maz. Er verantwortet die strategische Weiterentwicklung der Marketingaktivit\u00e4ten.\" \/>\n<meta name=\"robots\" content=\"index, follow, max-snippet:-1, max-image-preview:large, max-video-preview:-1\" \/>\n<link rel=\"canonical\" href=\"https:\/\/www.organisator.ch\/fr\/marketing\/2025-02-27\/andre-caradonna-wird-neuer-leiter-marketing-am-maz-in-luzern\/\" \/>\n<meta property=\"og:locale\" content=\"fr_FR\" \/>\n<meta property=\"og:type\" content=\"article\" \/>\n<meta property=\"og:title\" content=\"Andr\u00e9 Caradonna wird neuer Leiter Marketing am Maz in Luzern - Organisator\" \/>\n<meta property=\"og:description\" content=\"Andr\u00e9 Caradonna wird neuer Leiter Marketing am Maz. Er verantwortet die strategische Weiterentwicklung der Marketingaktivit\u00e4ten.\" \/>\n<meta property=\"og:url\" content=\"https:\/\/www.organisator.ch\/fr\/marketing\/2025-02-27\/andre-caradonna-wird-neuer-leiter-marketing-am-maz-in-luzern\/\" \/>\n<meta property=\"og:site_name\" content=\"Organisator\" \/>\n<meta property=\"article:publisher\" content=\"https:\/\/www.facebook.com\/OrganisatorFachmagazin\" \/>\n<meta property=\"article:published_time\" content=\"2025-02-27T06:30:09+00:00\" \/>\n<meta name=\"author\" content=\"galledia\" \/>\n<meta name=\"twitter:card\" content=\"summary_large_image\" \/>\n<meta name=\"twitter:creator\" content=\"@admin\" \/>\n<script type=\"application\/ld+json\" class=\"yoast-schema-graph\">{\"@context\":\"https:\\\/\\\/schema.org\",\"@graph\":[{\"@type\":\"Article\",\"@id\":\"https:\\\/\\\/www.organisator.ch\\\/marketing\\\/2025-02-27\\\/andre-caradonna-wird-neuer-leiter-marketing-am-maz-in-luzern\\\/#article\",\"isPartOf\":{\"@id\":\"https:\\\/\\\/www.organisator.ch\\\/marketing\\\/2025-02-27\\\/andre-caradonna-wird-neuer-leiter-marketing-am-maz-in-luzern\\\/\"},\"author\":{\"name\":\"galledia\",\"@id\":\"https:\\\/\\\/www.organisator.ch\\\/#\\\/schema\\\/person\\\/4e51799071cd2dd1232ac003643ef5f0\"},\"headline\":\"Andr\u00e9 Caradonna wird neuer Leiter Marketing am Maz in Luzern\",\"datePublished\":\"2025-02-27T06:30:09+00:00\",\"mainEntityOfPage\":{\"@id\":\"https:\\\/\\\/www.organisator.ch\\\/marketing\\\/2025-02-27\\\/andre-caradonna-wird-neuer-leiter-marketing-am-maz-in-luzern\\\/\"},\"wordCount\":187,\"publisher\":{\"@id\":\"https:\\\/\\\/www.organisator.ch\\\/#organization\"},\"image\":{\"@id\":\"https:\\\/\\\/www.organisator.ch\\\/marketing\\\/2025-02-27\\\/andre-caradonna-wird-neuer-leiter-marketing-am-maz-in-luzern\\\/#primaryimage\"},\"thumbnailUrl\":\"https:\\\/\\\/www.markt-kom.com\\\/wp-content\\\/uploads\\\/2025\\\/02\\\/Andre-Caradonna.jpg\",\"keywords\":[\"Business\",\"Jobchange\",\"Maz\"],\"articleSection\":[\"MARKETING\"],\"inLanguage\":\"fr-FR\"},{\"@type\":\"WebPage\",\"@id\":\"https:\\\/\\\/www.organisator.ch\\\/marketing\\\/2025-02-27\\\/andre-caradonna-wird-neuer-leiter-marketing-am-maz-in-luzern\\\/\",\"url\":\"https:\\\/\\\/www.organisator.ch\\\/marketing\\\/2025-02-27\\\/andre-caradonna-wird-neuer-leiter-marketing-am-maz-in-luzern\\\/\",\"name\":\"Andr\u00e9 Caradonna wird neuer Leiter Marketing am Maz in Luzern - Organisator\",\"isPartOf\":{\"@id\":\"https:\\\/\\\/www.organisator.ch\\\/#website\"},\"primaryImageOfPage\":{\"@id\":\"https:\\\/\\\/www.organisator.ch\\\/marketing\\\/2025-02-27\\\/andre-caradonna-wird-neuer-leiter-marketing-am-maz-in-luzern\\\/#primaryimage\"},\"image\":{\"@id\":\"https:\\\/\\\/www.organisator.ch\\\/marketing\\\/2025-02-27\\\/andre-caradonna-wird-neuer-leiter-marketing-am-maz-in-luzern\\\/#primaryimage\"},\"thumbnailUrl\":\"https:\\\/\\\/www.markt-kom.com\\\/wp-content\\\/uploads\\\/2025\\\/02\\\/Andre-Caradonna.jpg\",\"datePublished\":\"2025-02-27T06:30:09+00:00\",\"description\":\"Andr\u00e9 Caradonna wird neuer Leiter Marketing am Maz. Er verantwortet die strategische Weiterentwicklung der Marketingaktivit\u00e4ten.\",\"breadcrumb\":{\"@id\":\"https:\\\/\\\/www.organisator.ch\\\/marketing\\\/2025-02-27\\\/andre-caradonna-wird-neuer-leiter-marketing-am-maz-in-luzern\\\/#breadcrumb\"},\"inLanguage\":\"fr-FR\",\"potentialAction\":[{\"@type\":\"ReadAction\",\"target\":[\"https:\\\/\\\/www.organisator.ch\\\/marketing\\\/2025-02-27\\\/andre-caradonna-wird-neuer-leiter-marketing-am-maz-in-luzern\\\/\"]}]},{\"@type\":\"ImageObject\",\"inLanguage\":\"fr-FR\",\"@id\":\"https:\\\/\\\/www.organisator.ch\\\/marketing\\\/2025-02-27\\\/andre-caradonna-wird-neuer-leiter-marketing-am-maz-in-luzern\\\/#primaryimage\",\"url\":\"https:\\\/\\\/www.markt-kom.com\\\/wp-content\\\/uploads\\\/2025\\\/02\\\/Andre-Caradonna.jpg\",\"contentUrl\":\"https:\\\/\\\/www.markt-kom.com\\\/wp-content\\\/uploads\\\/2025\\\/02\\\/Andre-Caradonna.jpg\"},{\"@type\":\"BreadcrumbList\",\"@id\":\"https:\\\/\\\/www.organisator.ch\\\/marketing\\\/2025-02-27\\\/andre-caradonna-wird-neuer-leiter-marketing-am-maz-in-luzern\\\/#breadcrumb\",\"itemListElement\":[{\"@type\":\"ListItem\",\"position\":1,\"name\":\"Home\",\"item\":\"https:\\\/\\\/www.organisator.ch\\\/\"},{\"@type\":\"ListItem\",\"position\":2,\"name\":\"Andr\u00e9 Caradonna wird neuer Leiter Marketing am Maz in Luzern\"}]},{\"@type\":\"WebSite\",\"@id\":\"https:\\\/\\\/www.organisator.ch\\\/#website\",\"url\":\"https:\\\/\\\/www.organisator.ch\\\/\",\"name\":\"Organisator\",\"description\":\"Kompetent. Praxisnah. Der ORGANISATOR bereitet in 10 Ausgaben pro Jahr die wesentlichen Themen f\u00fcr F\u00fchrungskr\u00e4fte von KMU auf.\",\"publisher\":{\"@id\":\"https:\\\/\\\/www.organisator.ch\\\/#organization\"},\"potentialAction\":[{\"@type\":\"SearchAction\",\"target\":{\"@type\":\"EntryPoint\",\"urlTemplate\":\"https:\\\/\\\/www.organisator.ch\\\/?s={search_term_string}\"},\"query-input\":{\"@type\":\"PropertyValueSpecification\",\"valueRequired\":true,\"valueName\":\"search_term_string\"}}],\"inLanguage\":\"fr-FR\"},{\"@type\":\"Organization\",\"@id\":\"https:\\\/\\\/www.organisator.ch\\\/#organization\",\"name\":\"Organisator\",\"url\":\"https:\\\/\\\/www.organisator.ch\\\/\",\"logo\":{\"@type\":\"ImageObject\",\"inLanguage\":\"fr-FR\",\"@id\":\"https:\\\/\\\/www.organisator.ch\\\/#\\\/schema\\\/logo\\\/image\\\/\",\"url\":\"https:\\\/\\\/www.organisator.ch\\\/wp-content\\\/uploads\\\/2022\\\/01\\\/Logo_Organisator_Website.png\",\"contentUrl\":\"https:\\\/\\\/www.organisator.ch\\\/wp-content\\\/uploads\\\/2022\\\/01\\\/Logo_Organisator_Website.png\",\"width\":800,\"height\":77,\"caption\":\"Organisator\"},\"image\":{\"@id\":\"https:\\\/\\\/www.organisator.ch\\\/#\\\/schema\\\/logo\\\/image\\\/\"},\"sameAs\":[\"https:\\\/\\\/www.facebook.com\\\/OrganisatorFachmagazin\",\"https:\\\/\\\/www.linkedin.com\\\/showcase\\\/organisator-das-magazin-fr-kmu\",\"https:\\\/\\\/www.xing.com\\\/news\\\/pages\\\/organisator-ch-695\",\"https:\\\/\\\/www.youtube.com\\\/channel\\\/UCGP2Sq0iWaZwT3BdIAQFYpw\"]},{\"@type\":\"Person\",\"@id\":\"https:\\\/\\\/www.organisator.ch\\\/#\\\/schema\\\/person\\\/4e51799071cd2dd1232ac003643ef5f0\",\"name\":\"galledia\",\"image\":{\"@type\":\"ImageObject\",\"inLanguage\":\"fr-FR\",\"@id\":\"https:\\\/\\\/secure.gravatar.com\\\/avatar\\\/78a7f90c01fc2bfc875782a0d4922b37cde2cf184ce347b91316d23cd7f69a36?s=96&d=mm&r=g\",\"url\":\"https:\\\/\\\/secure.gravatar.com\\\/avatar\\\/78a7f90c01fc2bfc875782a0d4922b37cde2cf184ce347b91316d23cd7f69a36?s=96&d=mm&r=g\",\"contentUrl\":\"https:\\\/\\\/secure.gravatar.com\\\/avatar\\\/78a7f90c01fc2bfc875782a0d4922b37cde2cf184ce347b91316d23cd7f69a36?s=96&d=mm&r=g\",\"caption\":\"galledia\"},\"sameAs\":[\"https:\\\/\\\/x.com\\\/admin\"],\"url\":\"https:\\\/\\\/www.organisator.ch\\\/fr\\\/author\\\/galledia\\\/\"}]}<\/script>\n<!-- \/ Yoast SEO plugin. -->","yoast_head_json":{"title":"Andr\u00e9 Caradonna devient le nouveau responsable marketing du Maz \u00e0 Lucerne - Organisateur","description":"Andr\u00e9 Caradonna est le nouveau directeur du marketing au Maz. Il est responsable du d\u00e9veloppement strat\u00e9gique des activit\u00e9s de marketing.","robots":{"index":"index","follow":"follow","max-snippet":"max-snippet:-1","max-image-preview":"max-image-preview:large","max-video-preview":"max-video-preview:-1"},"canonical":"https:\/\/www.organisator.ch\/fr\/marketing\/2025-02-27\/andre-caradonna-wird-neuer-leiter-marketing-am-maz-in-luzern\/","og_locale":"fr_FR","og_type":"article","og_title":"Andr\u00e9 Caradonna wird neuer Leiter Marketing am Maz in Luzern - Organisator","og_description":"Andr\u00e9 Caradonna wird neuer Leiter Marketing am Maz. Er verantwortet die strategische Weiterentwicklung der Marketingaktivit\u00e4ten.","og_url":"https:\/\/www.organisator.ch\/fr\/marketing\/2025-02-27\/andre-caradonna-wird-neuer-leiter-marketing-am-maz-in-luzern\/","og_site_name":"Organisator","article_publisher":"https:\/\/www.facebook.com\/OrganisatorFachmagazin","article_published_time":"2025-02-27T06:30:09+00:00","author":"galledia","twitter_card":"summary_large_image","twitter_creator":"@admin","schema":{"@context":"https:\/\/schema.org","@graph":[{"@type":"Article","@id":"https:\/\/www.organisator.ch\/marketing\/2025-02-27\/andre-caradonna-wird-neuer-leiter-marketing-am-maz-in-luzern\/#article","isPartOf":{"@id":"https:\/\/www.organisator.ch\/marketing\/2025-02-27\/andre-caradonna-wird-neuer-leiter-marketing-am-maz-in-luzern\/"},"author":{"name":"galledia","@id":"https:\/\/www.organisator.ch\/#\/schema\/person\/4e51799071cd2dd1232ac003643ef5f0"},"headline":"Andr\u00e9 Caradonna wird neuer Leiter Marketing am Maz in Luzern","datePublished":"2025-02-27T06:30:09+00:00","mainEntityOfPage":{"@id":"https:\/\/www.organisator.ch\/marketing\/2025-02-27\/andre-caradonna-wird-neuer-leiter-marketing-am-maz-in-luzern\/"},"wordCount":187,"publisher":{"@id":"https:\/\/www.organisator.ch\/#organization"},"image":{"@id":"https:\/\/www.organisator.ch\/marketing\/2025-02-27\/andre-caradonna-wird-neuer-leiter-marketing-am-maz-in-luzern\/#primaryimage"},"thumbnailUrl":"https:\/\/www.markt-kom.com\/wp-content\/uploads\/2025\/02\/Andre-Caradonna.jpg","keywords":["Business","Jobchange","Maz"],"articleSection":["MARKETING"],"inLanguage":"fr-FR"},{"@type":"WebPage","@id":"https:\/\/www.organisator.ch\/marketing\/2025-02-27\/andre-caradonna-wird-neuer-leiter-marketing-am-maz-in-luzern\/","url":"https:\/\/www.organisator.ch\/marketing\/2025-02-27\/andre-caradonna-wird-neuer-leiter-marketing-am-maz-in-luzern\/","name":"Andr\u00e9 Caradonna devient le nouveau responsable marketing du Maz \u00e0 Lucerne - Organisateur","isPartOf":{"@id":"https:\/\/www.organisator.ch\/#website"},"primaryImageOfPage":{"@id":"https:\/\/www.organisator.ch\/marketing\/2025-02-27\/andre-caradonna-wird-neuer-leiter-marketing-am-maz-in-luzern\/#primaryimage"},"image":{"@id":"https:\/\/www.organisator.ch\/marketing\/2025-02-27\/andre-caradonna-wird-neuer-leiter-marketing-am-maz-in-luzern\/#primaryimage"},"thumbnailUrl":"https:\/\/www.markt-kom.com\/wp-content\/uploads\/2025\/02\/Andre-Caradonna.jpg","datePublished":"2025-02-27T06:30:09+00:00","description":"Andr\u00e9 Caradonna est le nouveau directeur du marketing au Maz. Il est responsable du d\u00e9veloppement strat\u00e9gique des activit\u00e9s de marketing.","breadcrumb":{"@id":"https:\/\/www.organisator.ch\/marketing\/2025-02-27\/andre-caradonna-wird-neuer-leiter-marketing-am-maz-in-luzern\/#breadcrumb"},"inLanguage":"fr-FR","potentialAction":[{"@type":"ReadAction","target":["https:\/\/www.organisator.ch\/marketing\/2025-02-27\/andre-caradonna-wird-neuer-leiter-marketing-am-maz-in-luzern\/"]}]},{"@type":"ImageObject","inLanguage":"fr-FR","@id":"https:\/\/www.organisator.ch\/marketing\/2025-02-27\/andre-caradonna-wird-neuer-leiter-marketing-am-maz-in-luzern\/#primaryimage","url":"https:\/\/www.markt-kom.com\/wp-content\/uploads\/2025\/02\/Andre-Caradonna.jpg","contentUrl":"https:\/\/www.markt-kom.com\/wp-content\/uploads\/2025\/02\/Andre-Caradonna.jpg"},{"@type":"BreadcrumbList","@id":"https:\/\/www.organisator.ch\/marketing\/2025-02-27\/andre-caradonna-wird-neuer-leiter-marketing-am-maz-in-luzern\/#breadcrumb","itemListElement":[{"@type":"ListItem","position":1,"name":"Home","item":"https:\/\/www.organisator.ch\/"},{"@type":"ListItem","position":2,"name":"Andr\u00e9 Caradonna wird neuer Leiter Marketing am Maz in Luzern"}]},{"@type":"WebSite","@id":"https:\/\/www.organisator.ch\/#website","url":"https:\/\/www.organisator.ch\/","name":"Organisateur","description":"Comp\u00e9tence et comp\u00e9tence. Proches de la pratique. L'ORGANISATEUR pr\u00e9pare 10 num\u00e9ros par an sur les th\u00e8mes essentiels pour les dirigeants de PME.","publisher":{"@id":"https:\/\/www.organisator.ch\/#organization"},"potentialAction":[{"@type":"SearchAction","target":{"@type":"EntryPoint","urlTemplate":"https:\/\/www.organisator.ch\/?s={search_term_string}"},"query-input":{"@type":"PropertyValueSpecification","valueRequired":true,"valueName":"search_term_string"}}],"inLanguage":"fr-FR"},{"@type":"Organization","@id":"https:\/\/www.organisator.ch\/#organization","name":"Organisateur","url":"https:\/\/www.organisator.ch\/","logo":{"@type":"ImageObject","inLanguage":"fr-FR","@id":"https:\/\/www.organisator.ch\/#\/schema\/logo\/image\/","url":"https:\/\/www.organisator.ch\/wp-content\/uploads\/2022\/01\/Logo_Organisator_Website.png","contentUrl":"https:\/\/www.organisator.ch\/wp-content\/uploads\/2022\/01\/Logo_Organisator_Website.png","width":800,"height":77,"caption":"Organisator"},"image":{"@id":"https:\/\/www.organisator.ch\/#\/schema\/logo\/image\/"},"sameAs":["https:\/\/www.facebook.com\/OrganisatorFachmagazin","https:\/\/www.linkedin.com\/showcase\/organisator-das-magazin-fr-kmu","https:\/\/www.xing.com\/news\/pages\/organisator-ch-695","https:\/\/www.youtube.com\/channel\/UCGP2Sq0iWaZwT3BdIAQFYpw"]},{"@type":"Person","@id":"https:\/\/www.organisator.ch\/#\/schema\/person\/4e51799071cd2dd1232ac003643ef5f0","name":"galledia","image":{"@type":"ImageObject","inLanguage":"fr-FR","@id":"https:\/\/secure.gravatar.com\/avatar\/78a7f90c01fc2bfc875782a0d4922b37cde2cf184ce347b91316d23cd7f69a36?s=96&d=mm&r=g","url":"https:\/\/secure.gravatar.com\/avatar\/78a7f90c01fc2bfc875782a0d4922b37cde2cf184ce347b91316d23cd7f69a36?s=96&d=mm&r=g","contentUrl":"https:\/\/secure.gravatar.com\/avatar\/78a7f90c01fc2bfc875782a0d4922b37cde2cf184ce347b91316d23cd7f69a36?s=96&d=mm&r=g","caption":"galledia"},"sameAs":["https:\/\/x.com\/admin"],"url":"https:\/\/www.organisator.ch\/fr\/author\/galledia\/"}]}},"_links":{"self":[{"href":"https:\/\/www.organisator.ch\/fr\/wp-json\/wp\/v2\/posts\/36431","targetHints":{"allow":["GET"]}}],"collection":[{"href":"https:\/\/www.organisator.ch\/fr\/wp-json\/wp\/v2\/posts"}],"about":[{"href":"https:\/\/www.organisator.ch\/fr\/wp-json\/wp\/v2\/types\/post"}],"author":[{"embeddable":true,"href":"https:\/\/www.organisator.ch\/fr\/wp-json\/wp\/v2\/users\/8"}],"replies":[{"embeddable":true,"href":"https:\/\/www.organisator.ch\/fr\/wp-json\/wp\/v2\/comments?post=36431"}],"version-history":[{"count":4,"href":"https:\/\/www.organisator.ch\/fr\/wp-json\/wp\/v2\/posts\/36431\/revisions"}],"predecessor-version":[{"id":36491,"href":"https:\/\/www.organisator.ch\/fr\/wp-json\/wp\/v2\/posts\/36431\/revisions\/36491"}],"wp:attachment":[{"href":"https:\/\/www.organisator.ch\/fr\/wp-json\/wp\/v2\/media?parent=36431"}],"wp:term":[{"taxonomy":"category","embeddable":true,"href":"https:\/\/www.organisator.ch\/fr\/wp-json\/wp\/v2\/categories?post=36431"},{"taxonomy":"post_tag","embeddable":true,"href":"https:\/\/www.organisator.ch\/fr\/wp-json\/wp\/v2\/tags?post=36431"}],"curies":[{"name":"wp","href":"https:\/\/api.w.org\/{rel}","templated":true}]}}