{"id":36482,"date":"2025-02-28T10:28:48","date_gmt":"2025-02-28T09:28:48","guid":{"rendered":"https:\/\/www.organisator.ch\/?p=36482"},"modified":"2025-02-28T09:28:55","modified_gmt":"2025-02-28T08:28:55","slug":"prix-svc-espace-mittelland-gasser-ceramic-ziegelei-rapperswil-louis-gasser-ag","status":"publish","type":"post","link":"https:\/\/www.organisator.ch\/fr\/management\/2025-02-28\/prix-svc-espace-mittelland-gasser-ceramic-ziegelei-rapperswil-louis-gasser-ag\/","title":{"rendered":"Prix SVC Espace Mittelland : Gasser Ceramic - Briqueterie Rapperswil Louis Gasser AG"},"content":{"rendered":"<figure id=\"attachment_36487\" aria-describedby=\"caption-attachment-36487\" style=\"width: 680px\" class=\"wp-caption alignnone\"><img loading=\"lazy\" decoding=\"async\" class=\"size-full wp-image-36487\" src=\"https:\/\/www.organisator.ch\/wp-content\/uploads\/2025\/02\/Gasser-Ceramic_Bild_ps.jpg\" alt=\"\" width=\"680\" height=\"680\" srcset=\"https:\/\/www.organisator.ch\/wp-content\/uploads\/2025\/02\/Gasser-Ceramic_Bild_ps.jpg 680w, https:\/\/www.organisator.ch\/wp-content\/uploads\/2025\/02\/Gasser-Ceramic_Bild_ps-150x150.jpg 150w, https:\/\/www.organisator.ch\/wp-content\/uploads\/2025\/02\/Gasser-Ceramic_Bild_ps-12x12.jpg 12w, https:\/\/www.organisator.ch\/wp-content\/uploads\/2025\/02\/Gasser-Ceramic_Bild_ps-300x300.jpg 300w, https:\/\/www.organisator.ch\/wp-content\/uploads\/2025\/02\/Gasser-Ceramic_Bild_ps-350x350.jpg 350w, https:\/\/www.organisator.ch\/wp-content\/uploads\/2025\/02\/Gasser-Ceramic_Bild_ps-250x250.jpg 250w\" sizes=\"auto, (max-width: 680px) 100vw, 680px\" \/><figcaption id=\"caption-attachment-36487\" class=\"wp-caption-text\">Gasser Ceramic combine l'artisanat traditionnel avec la technologie la plus moderne - des tuiles en terre cuite aux solutions photovolta\u00efques int\u00e9gr\u00e9es. (Image : Gasser Ceramic \/ www.gasserceramic.ch)<\/figcaption><\/figure>\n<p>Gasser Ceramic est une entreprise familiale suisse avec plus de 100 ans d'exp\u00e9rience dans la fabrication de produits en terre cuite. Des briques et tuiles classiques aux solutions photovolta\u00efques innovantes, l'entreprise allie artisanat traditionnel et technologie de pointe. Avec environ 200 collaborateurs, six fours et quatre sites de production, Gasser Ceramic fait partie des fabricants leaders de la branche. Pour ce faire, l'entreprise mise r\u00e9solument sur la qualit\u00e9, la durabilit\u00e9 et l'innovation.<\/p>\n<h3><strong>De la briqueterie artisanale \u00e0 la PME moderne<\/strong><\/h3>\n<p>L'histoire de Gasser Ceramic a commenc\u00e9 en 1918, lorsque Louis Gasser a repris une petite briqueterie artisanale, posant ainsi la premi\u00e8re pierre de l'entreprise actuelle. Aujourd'hui, l'entreprise est dirig\u00e9e par la troisi\u00e8me g\u00e9n\u00e9ration de Rudolf et Hans Gasser, tandis que la quatri\u00e8me g\u00e9n\u00e9ration, Julienne Gasser et Lukas Schl\u00e4ppi, participe d\u00e9j\u00e0 activement \u00e0 l'entreprise. Depuis 2010, Gasser Ceramic forme un groupe d'entreprises avec plusieurs sites, dont font partie la briqueterie Morandi Fr\u00e8res SA, les Tuileries &amp; Briqueteries Bardonnex SA, la briqueterie Sch\u00fcpfen AG, Samof France ainsi que Panotron AG. Gr\u00e2ce \u00e0 cette large implantation, Gasser Ceramic est devenue une entreprise moderne qui allie la tradition aux technologies les plus r\u00e9centes et r\u00e9pond aux exigences de qualit\u00e9 les plus \u00e9lev\u00e9es.<\/p>\n<h3><strong>La qualit\u00e9 par la tradition et le progr\u00e8s<\/strong><\/h3>\n<p>Gasser Ceramic d\u00e9veloppe et fabrique des produits en terre cuite de haute qualit\u00e9 - des tuiles et briques en terre cuite classiques au syst\u00e8me photovolta\u00efque innovant Panotron. Depuis des g\u00e9n\u00e9rations, l'entreprise mise sur le progr\u00e8s tout en restant fid\u00e8le \u00e0 ses valeurs d'honn\u00eatet\u00e9 et de flexibilit\u00e9. La qualit\u00e9 des produits repose sur un syst\u00e8me d'assurance qualit\u00e9 complet : de l'analyse minutieuse des mati\u00e8res premi\u00e8res au contr\u00f4le final dans ses propres laboratoires, chaque \u00e9tape est contr\u00f4l\u00e9e afin de garantir les normes les plus \u00e9lev\u00e9es. En compl\u00e9ment, des instituts de contr\u00f4le et de recherche ind\u00e9pendants garantissent une qualit\u00e9 constante.<\/p>\n<h3><strong>La durabilit\u00e9 comme principe d'entreprise<\/strong><\/h3>\n<p>L'action durable est profond\u00e9ment ancr\u00e9e dans la culture d'entreprise de Gasser Ceramic. L'entreprise mise sur des mati\u00e8res premi\u00e8res r\u00e9gionales, des trajets de transport courts et une production respectueuse des ressources. Depuis 2015, elle r\u00e9duit continuellement son empreinte carbone (CO\u2082), par exemple en utilisant des technologies de cuisson efficaces sur le plan \u00e9nerg\u00e9tique et en achetant des certificats d'\u00e9mission. La brique de cuisson haute performance Capo, dont la production est presque climatiquement neutre, en est un exemple. Gr\u00e2ce \u00e0 des mat\u00e9riaux de remplissage naturels comme la laine min\u00e9rale ou la laine de mouton, elle contribue \u00e0 l'efficacit\u00e9 \u00e9nerg\u00e9tique des b\u00e2timents. Gasser Ceramic mise \u00e9galement sur la durabilit\u00e9 et l'esth\u00e9tique dans le domaine du photovolta\u00efque. Les tuiles solaires PAN et le module solaire FIT s'int\u00e8grent discr\u00e8tement dans les toitures et offrent une solution efficace pour la production durable d'\u00e9nergie.<\/p>\n<p>De plus, l'entreprise s'engage dans le monde entier pour la protection du climat. En achetant des certificats d'\u00e9mission, Gasser Ceramic aide une briqueterie au Br\u00e9sil \u00e0 se convertir \u00e0 la biomasse renouvelable, contribuant ainsi \u00e0 la r\u00e9duction des \u00e9missions et \u00e0 la pr\u00e9servation de la biodiversit\u00e9 dans la r\u00e9gion.<\/p>\n<p>Gr\u00e2ce \u00e0 cette orientation cons\u00e9quente vers la qualit\u00e9, l'innovation et la durabilit\u00e9, Gasser Ceramic reste un partenaire solide pour la construction durable - aujourd'hui et \u00e0 l'avenir.<\/p>\n<p><em>Plus d'informations : <a href=\"https:\/\/gasserceramic.ch\/\">www.gasserceramic.ch<\/a> \/ <a href=\"https:\/\/svc.swiss\/de\/event\/prix-svc-espace-mittelland-2025\">www.svc.swiss<\/a><\/em><\/p>\n<blockquote>\n<h3>Prix SVC Espace Mittelland 2025<\/h3>\n<p>La remise des prix aura lieu le mercredi 12 mars 2025 au Kursaal de Berne. Pr\u00e8s de 1'300 invit\u00e9s issus des milieux \u00e9conomiques, scientifiques, politiques et culturels sont attendus. Le Prix SVC Espace Mittelland a \u00e9t\u00e9 d\u00e9cern\u00e9 pour la premi\u00e8re fois en 2003 et l'\u00e9dition 2025 en est d\u00e9j\u00e0 \u00e0 sa quinzi\u00e8me \u00e9dition. <a href=\"https:\/\/svc.swiss\/sites\/default\/files\/2025-01\/online_svc_leporello_a5_espacemittelland.pdf\">Plus d'informations.<\/a><\/p>\n<\/blockquote>","protected":false},"excerpt":{"rendered":"<p>Le 12 mars 2025, le Prix SVC Espace Mittelland sera d\u00e9cern\u00e9 pour la quinzi\u00e8me fois. Parmi les finalistes figure Gasser Ceramic, dont le si\u00e8ge est \u00e0 Rapperswil BE. Voici un bref portrait de cette entreprise familiale riche en traditions, qui d\u00e9veloppe et fabrique des produits en terre cuite de haute qualit\u00e9 pour la construction durable.<\/p>","protected":false},"author":80,"featured_media":36487,"comment_status":"closed","ping_status":"closed","sticky":false,"template":"","format":"standard","meta":{"_acf_changed":false,"_yoast_wpseo_focuskw":"Gasser Ceramic","_yoast_wpseo_metadesc":"Gasser Ceramic ist Finalist beim Prix SVC 2025. Das Familienunternehmen kombiniert Tradition mit Innovation f\u00fcr nachhaltiges Bauen.","articlekey":"","footnotes":""},"categories":[28],"tags":[66,1787,391,492,5136],"class_list":["post-36482","post","type-post","status-publish","format-standard","has-post-thumbnail","hentry","category-management","tag-awards","tag-nachhaltigkeit","tag-prix-svc-espace-mittelland","tag-unternehmen","tag-ziegelei"],"acf":[],"yoast_head":"<!-- This site is optimized with the Yoast SEO plugin v27.5 - https:\/\/yoast.com\/product\/yoast-seo-wordpress\/ -->\n<title>Prix SVC Espace Mittelland: Gasser Ceramic - Ziegelei Rapperswil Louis Gasser AG - Organisator<\/title>\n<meta name=\"description\" content=\"Gasser Ceramic ist Finalist beim Prix SVC 2025. Das Familienunternehmen kombiniert Tradition mit Innovation f\u00fcr nachhaltiges Bauen.\" \/>\n<meta name=\"robots\" content=\"index, follow, max-snippet:-1, max-image-preview:large, max-video-preview:-1\" \/>\n<link rel=\"canonical\" href=\"https:\/\/www.organisator.ch\/fr\/gestion-2\/2025-02-28\/prix-svc-espace-mittelland-gasser-ceramic-ziegelei-rapperswil-louis-gasser-ag\/\" \/>\n<meta property=\"og:locale\" content=\"fr_FR\" \/>\n<meta property=\"og:type\" content=\"article\" \/>\n<meta property=\"og:title\" content=\"Gasser Ceramic ist Prix SVC 2025 Finalist\" \/>\n<meta property=\"og:description\" content=\"Gasser Ceramic ist Finalist beim Prix SVC 2025. Das Familienunternehmen kombiniert Tradition mit Innovation f\u00fcr nachhaltiges Bauen.\" \/>\n<meta property=\"og:url\" content=\"https:\/\/www.organisator.ch\/fr\/gestion-2\/2025-02-28\/prix-svc-espace-mittelland-gasser-ceramic-ziegelei-rapperswil-louis-gasser-ag\/\" \/>\n<meta property=\"og:site_name\" content=\"Organisator\" \/>\n<meta property=\"article:publisher\" content=\"https:\/\/www.facebook.com\/OrganisatorFachmagazin\" \/>\n<meta property=\"article:published_time\" content=\"2025-02-28T09:28:48+00:00\" \/>\n<meta property=\"og:image\" content=\"https:\/\/www.organisator.ch\/wp-content\/uploads\/2025\/02\/Gasser-Ceramic_Bild_ps.jpg\" \/>\n\t<meta property=\"og:image:width\" content=\"680\" \/>\n\t<meta property=\"og:image:height\" content=\"680\" \/>\n\t<meta property=\"og:image:type\" content=\"image\/jpeg\" \/>\n<meta name=\"author\" content=\"Dzana Muminovic\" \/>\n<meta name=\"twitter:card\" content=\"summary_large_image\" \/>\n<meta name=\"twitter:title\" content=\"Gasser Ceramic ist Prix SVC 2025 Finalist\" \/>\n<meta name=\"twitter:description\" content=\"#Gasser #Ceramic ist #Finalist beim #Prix #SVC 2025. Das #Familienunternehmen kombiniert #Tradition mit #Innovation f\u00fcr nachhaltiges #Bauen.\" \/>\n<meta name=\"twitter:image\" content=\"https:\/\/www.organisator.ch\/wp-content\/uploads\/2025\/02\/Gasser-Ceramic_Bild_ps.jpg\" \/>\n<script type=\"application\/ld+json\" class=\"yoast-schema-graph\">{\"@context\":\"https:\\\/\\\/schema.org\",\"@graph\":[{\"@type\":\"Article\",\"@id\":\"https:\\\/\\\/www.organisator.ch\\\/management\\\/2025-02-28\\\/prix-svc-espace-mittelland-gasser-ceramic-ziegelei-rapperswil-louis-gasser-ag\\\/#article\",\"isPartOf\":{\"@id\":\"https:\\\/\\\/www.organisator.ch\\\/management\\\/2025-02-28\\\/prix-svc-espace-mittelland-gasser-ceramic-ziegelei-rapperswil-louis-gasser-ag\\\/\"},\"author\":{\"name\":\"Dzana Muminovic\",\"@id\":\"https:\\\/\\\/www.organisator.ch\\\/#\\\/schema\\\/person\\\/afccda3a71c06d4be2ed9100dd163db7\"},\"headline\":\"Prix SVC Espace Mittelland: Gasser Ceramic &#8211; Ziegelei Rapperswil Louis Gasser AG\",\"datePublished\":\"2025-02-28T09:28:48+00:00\",\"mainEntityOfPage\":{\"@id\":\"https:\\\/\\\/www.organisator.ch\\\/management\\\/2025-02-28\\\/prix-svc-espace-mittelland-gasser-ceramic-ziegelei-rapperswil-louis-gasser-ag\\\/\"},\"wordCount\":559,\"publisher\":{\"@id\":\"https:\\\/\\\/www.organisator.ch\\\/#organization\"},\"image\":{\"@id\":\"https:\\\/\\\/www.organisator.ch\\\/management\\\/2025-02-28\\\/prix-svc-espace-mittelland-gasser-ceramic-ziegelei-rapperswil-louis-gasser-ag\\\/#primaryimage\"},\"thumbnailUrl\":\"https:\\\/\\\/www.organisator.ch\\\/wp-content\\\/uploads\\\/2025\\\/02\\\/Gasser-Ceramic_Bild_ps.jpg\",\"keywords\":[\"Awards\",\"Nachhaltigkeit\",\"Prix SVC Espace Mittelland\",\"Unternehmen\",\"Ziegelei\"],\"articleSection\":[\"MANAGEMENT\"],\"inLanguage\":\"fr-FR\"},{\"@type\":\"WebPage\",\"@id\":\"https:\\\/\\\/www.organisator.ch\\\/management\\\/2025-02-28\\\/prix-svc-espace-mittelland-gasser-ceramic-ziegelei-rapperswil-louis-gasser-ag\\\/\",\"url\":\"https:\\\/\\\/www.organisator.ch\\\/management\\\/2025-02-28\\\/prix-svc-espace-mittelland-gasser-ceramic-ziegelei-rapperswil-louis-gasser-ag\\\/\",\"name\":\"Prix SVC Espace Mittelland: Gasser Ceramic - Ziegelei Rapperswil Louis Gasser AG - Organisator\",\"isPartOf\":{\"@id\":\"https:\\\/\\\/www.organisator.ch\\\/#website\"},\"primaryImageOfPage\":{\"@id\":\"https:\\\/\\\/www.organisator.ch\\\/management\\\/2025-02-28\\\/prix-svc-espace-mittelland-gasser-ceramic-ziegelei-rapperswil-louis-gasser-ag\\\/#primaryimage\"},\"image\":{\"@id\":\"https:\\\/\\\/www.organisator.ch\\\/management\\\/2025-02-28\\\/prix-svc-espace-mittelland-gasser-ceramic-ziegelei-rapperswil-louis-gasser-ag\\\/#primaryimage\"},\"thumbnailUrl\":\"https:\\\/\\\/www.organisator.ch\\\/wp-content\\\/uploads\\\/2025\\\/02\\\/Gasser-Ceramic_Bild_ps.jpg\",\"datePublished\":\"2025-02-28T09:28:48+00:00\",\"description\":\"Gasser Ceramic ist Finalist beim Prix SVC 2025. Das Familienunternehmen kombiniert Tradition mit Innovation f\u00fcr nachhaltiges Bauen.\",\"breadcrumb\":{\"@id\":\"https:\\\/\\\/www.organisator.ch\\\/management\\\/2025-02-28\\\/prix-svc-espace-mittelland-gasser-ceramic-ziegelei-rapperswil-louis-gasser-ag\\\/#breadcrumb\"},\"inLanguage\":\"fr-FR\",\"potentialAction\":[{\"@type\":\"ReadAction\",\"target\":[\"https:\\\/\\\/www.organisator.ch\\\/management\\\/2025-02-28\\\/prix-svc-espace-mittelland-gasser-ceramic-ziegelei-rapperswil-louis-gasser-ag\\\/\"]}]},{\"@type\":\"ImageObject\",\"inLanguage\":\"fr-FR\",\"@id\":\"https:\\\/\\\/www.organisator.ch\\\/management\\\/2025-02-28\\\/prix-svc-espace-mittelland-gasser-ceramic-ziegelei-rapperswil-louis-gasser-ag\\\/#primaryimage\",\"url\":\"https:\\\/\\\/www.organisator.ch\\\/wp-content\\\/uploads\\\/2025\\\/02\\\/Gasser-Ceramic_Bild_ps.jpg\",\"contentUrl\":\"https:\\\/\\\/www.organisator.ch\\\/wp-content\\\/uploads\\\/2025\\\/02\\\/Gasser-Ceramic_Bild_ps.jpg\",\"width\":680,\"height\":680,\"caption\":\"Gasser Ceramic kombiniert traditionelles Handwerk mit modernster Technologie \u2013 von Tondachziegeln bis zu integrierten Photovoltaik-L\u00f6sungen. (Bild: Gasser Ceramic \\\/ www.gasserceramic.ch)\"},{\"@type\":\"BreadcrumbList\",\"@id\":\"https:\\\/\\\/www.organisator.ch\\\/management\\\/2025-02-28\\\/prix-svc-espace-mittelland-gasser-ceramic-ziegelei-rapperswil-louis-gasser-ag\\\/#breadcrumb\",\"itemListElement\":[{\"@type\":\"ListItem\",\"position\":1,\"name\":\"Home\",\"item\":\"https:\\\/\\\/www.organisator.ch\\\/\"},{\"@type\":\"ListItem\",\"position\":2,\"name\":\"Prix SVC Espace Mittelland: Gasser Ceramic &#8211; Ziegelei Rapperswil Louis Gasser AG\"}]},{\"@type\":\"WebSite\",\"@id\":\"https:\\\/\\\/www.organisator.ch\\\/#website\",\"url\":\"https:\\\/\\\/www.organisator.ch\\\/\",\"name\":\"Organisator\",\"description\":\"Kompetent. Praxisnah. Der ORGANISATOR bereitet in 10 Ausgaben pro Jahr die wesentlichen Themen f\u00fcr F\u00fchrungskr\u00e4fte von KMU auf.\",\"publisher\":{\"@id\":\"https:\\\/\\\/www.organisator.ch\\\/#organization\"},\"potentialAction\":[{\"@type\":\"SearchAction\",\"target\":{\"@type\":\"EntryPoint\",\"urlTemplate\":\"https:\\\/\\\/www.organisator.ch\\\/?s={search_term_string}\"},\"query-input\":{\"@type\":\"PropertyValueSpecification\",\"valueRequired\":true,\"valueName\":\"search_term_string\"}}],\"inLanguage\":\"fr-FR\"},{\"@type\":\"Organization\",\"@id\":\"https:\\\/\\\/www.organisator.ch\\\/#organization\",\"name\":\"Organisator\",\"url\":\"https:\\\/\\\/www.organisator.ch\\\/\",\"logo\":{\"@type\":\"ImageObject\",\"inLanguage\":\"fr-FR\",\"@id\":\"https:\\\/\\\/www.organisator.ch\\\/#\\\/schema\\\/logo\\\/image\\\/\",\"url\":\"https:\\\/\\\/www.organisator.ch\\\/wp-content\\\/uploads\\\/2022\\\/01\\\/Logo_Organisator_Website.png\",\"contentUrl\":\"https:\\\/\\\/www.organisator.ch\\\/wp-content\\\/uploads\\\/2022\\\/01\\\/Logo_Organisator_Website.png\",\"width\":800,\"height\":77,\"caption\":\"Organisator\"},\"image\":{\"@id\":\"https:\\\/\\\/www.organisator.ch\\\/#\\\/schema\\\/logo\\\/image\\\/\"},\"sameAs\":[\"https:\\\/\\\/www.facebook.com\\\/OrganisatorFachmagazin\",\"https:\\\/\\\/www.linkedin.com\\\/showcase\\\/organisator-das-magazin-fr-kmu\",\"https:\\\/\\\/www.xing.com\\\/news\\\/pages\\\/organisator-ch-695\",\"https:\\\/\\\/www.youtube.com\\\/channel\\\/UCGP2Sq0iWaZwT3BdIAQFYpw\"]},{\"@type\":\"Person\",\"@id\":\"https:\\\/\\\/www.organisator.ch\\\/#\\\/schema\\\/person\\\/afccda3a71c06d4be2ed9100dd163db7\",\"name\":\"Dzana Muminovic\",\"image\":{\"@type\":\"ImageObject\",\"inLanguage\":\"fr-FR\",\"@id\":\"https:\\\/\\\/secure.gravatar.com\\\/avatar\\\/909c5c71aff4b38e88686f2ab2f1ba152571f394f41ed8bae431ea56ced93050?s=96&d=mm&r=g\",\"url\":\"https:\\\/\\\/secure.gravatar.com\\\/avatar\\\/909c5c71aff4b38e88686f2ab2f1ba152571f394f41ed8bae431ea56ced93050?s=96&d=mm&r=g\",\"contentUrl\":\"https:\\\/\\\/secure.gravatar.com\\\/avatar\\\/909c5c71aff4b38e88686f2ab2f1ba152571f394f41ed8bae431ea56ced93050?s=96&d=mm&r=g\",\"caption\":\"Dzana Muminovic\"},\"url\":\"https:\\\/\\\/www.organisator.ch\\\/fr\\\/author\\\/dzana-muminovic\\\/\"}]}<\/script>\n<!-- \/ Yoast SEO plugin. -->","yoast_head_json":{"title":"Prix SVC Espace Mittelland : Gasser Ceramic - Briqueterie Rapperswil Louis Gasser AG - Organisateur","description":"Gasser Ceramic est finaliste du Prix SVC 2025. L'entreprise familiale allie tradition et innovation pour une construction durable.","robots":{"index":"index","follow":"follow","max-snippet":"max-snippet:-1","max-image-preview":"max-image-preview:large","max-video-preview":"max-video-preview:-1"},"canonical":"https:\/\/www.organisator.ch\/fr\/gestion-2\/2025-02-28\/prix-svc-espace-mittelland-gasser-ceramic-ziegelei-rapperswil-louis-gasser-ag\/","og_locale":"fr_FR","og_type":"article","og_title":"Gasser Ceramic ist Prix SVC 2025 Finalist","og_description":"Gasser Ceramic ist Finalist beim Prix SVC 2025. Das Familienunternehmen kombiniert Tradition mit Innovation f\u00fcr nachhaltiges Bauen.","og_url":"https:\/\/www.organisator.ch\/fr\/gestion-2\/2025-02-28\/prix-svc-espace-mittelland-gasser-ceramic-ziegelei-rapperswil-louis-gasser-ag\/","og_site_name":"Organisator","article_publisher":"https:\/\/www.facebook.com\/OrganisatorFachmagazin","article_published_time":"2025-02-28T09:28:48+00:00","og_image":[{"width":680,"height":680,"url":"https:\/\/www.organisator.ch\/wp-content\/uploads\/2025\/02\/Gasser-Ceramic_Bild_ps.jpg","type":"image\/jpeg"}],"author":"Dzana Muminovic","twitter_card":"summary_large_image","twitter_title":"Gasser Ceramic ist Prix SVC 2025 Finalist","twitter_description":"#Gasser #Ceramic ist #Finalist beim #Prix #SVC 2025. Das #Familienunternehmen kombiniert #Tradition mit #Innovation f\u00fcr nachhaltiges #Bauen.","twitter_image":"https:\/\/www.organisator.ch\/wp-content\/uploads\/2025\/02\/Gasser-Ceramic_Bild_ps.jpg","schema":{"@context":"https:\/\/schema.org","@graph":[{"@type":"Article","@id":"https:\/\/www.organisator.ch\/management\/2025-02-28\/prix-svc-espace-mittelland-gasser-ceramic-ziegelei-rapperswil-louis-gasser-ag\/#article","isPartOf":{"@id":"https:\/\/www.organisator.ch\/management\/2025-02-28\/prix-svc-espace-mittelland-gasser-ceramic-ziegelei-rapperswil-louis-gasser-ag\/"},"author":{"name":"Dzana Muminovic","@id":"https:\/\/www.organisator.ch\/#\/schema\/person\/afccda3a71c06d4be2ed9100dd163db7"},"headline":"Prix SVC Espace Mittelland: Gasser Ceramic &#8211; Ziegelei Rapperswil Louis Gasser AG","datePublished":"2025-02-28T09:28:48+00:00","mainEntityOfPage":{"@id":"https:\/\/www.organisator.ch\/management\/2025-02-28\/prix-svc-espace-mittelland-gasser-ceramic-ziegelei-rapperswil-louis-gasser-ag\/"},"wordCount":559,"publisher":{"@id":"https:\/\/www.organisator.ch\/#organization"},"image":{"@id":"https:\/\/www.organisator.ch\/management\/2025-02-28\/prix-svc-espace-mittelland-gasser-ceramic-ziegelei-rapperswil-louis-gasser-ag\/#primaryimage"},"thumbnailUrl":"https:\/\/www.organisator.ch\/wp-content\/uploads\/2025\/02\/Gasser-Ceramic_Bild_ps.jpg","keywords":["Awards","Nachhaltigkeit","Prix SVC Espace Mittelland","Unternehmen","Ziegelei"],"articleSection":["MANAGEMENT"],"inLanguage":"fr-FR"},{"@type":"WebPage","@id":"https:\/\/www.organisator.ch\/management\/2025-02-28\/prix-svc-espace-mittelland-gasser-ceramic-ziegelei-rapperswil-louis-gasser-ag\/","url":"https:\/\/www.organisator.ch\/management\/2025-02-28\/prix-svc-espace-mittelland-gasser-ceramic-ziegelei-rapperswil-louis-gasser-ag\/","name":"Prix SVC Espace Mittelland : Gasser Ceramic - Briqueterie Rapperswil Louis Gasser AG - Organisateur","isPartOf":{"@id":"https:\/\/www.organisator.ch\/#website"},"primaryImageOfPage":{"@id":"https:\/\/www.organisator.ch\/management\/2025-02-28\/prix-svc-espace-mittelland-gasser-ceramic-ziegelei-rapperswil-louis-gasser-ag\/#primaryimage"},"image":{"@id":"https:\/\/www.organisator.ch\/management\/2025-02-28\/prix-svc-espace-mittelland-gasser-ceramic-ziegelei-rapperswil-louis-gasser-ag\/#primaryimage"},"thumbnailUrl":"https:\/\/www.organisator.ch\/wp-content\/uploads\/2025\/02\/Gasser-Ceramic_Bild_ps.jpg","datePublished":"2025-02-28T09:28:48+00:00","description":"Gasser Ceramic est finaliste du Prix SVC 2025. L'entreprise familiale allie tradition et innovation pour une construction durable.","breadcrumb":{"@id":"https:\/\/www.organisator.ch\/management\/2025-02-28\/prix-svc-espace-mittelland-gasser-ceramic-ziegelei-rapperswil-louis-gasser-ag\/#breadcrumb"},"inLanguage":"fr-FR","potentialAction":[{"@type":"ReadAction","target":["https:\/\/www.organisator.ch\/management\/2025-02-28\/prix-svc-espace-mittelland-gasser-ceramic-ziegelei-rapperswil-louis-gasser-ag\/"]}]},{"@type":"ImageObject","inLanguage":"fr-FR","@id":"https:\/\/www.organisator.ch\/management\/2025-02-28\/prix-svc-espace-mittelland-gasser-ceramic-ziegelei-rapperswil-louis-gasser-ag\/#primaryimage","url":"https:\/\/www.organisator.ch\/wp-content\/uploads\/2025\/02\/Gasser-Ceramic_Bild_ps.jpg","contentUrl":"https:\/\/www.organisator.ch\/wp-content\/uploads\/2025\/02\/Gasser-Ceramic_Bild_ps.jpg","width":680,"height":680,"caption":"Gasser Ceramic kombiniert traditionelles Handwerk mit modernster Technologie \u2013 von Tondachziegeln bis zu integrierten Photovoltaik-L\u00f6sungen. (Bild: Gasser Ceramic \/ www.gasserceramic.ch)"},{"@type":"BreadcrumbList","@id":"https:\/\/www.organisator.ch\/management\/2025-02-28\/prix-svc-espace-mittelland-gasser-ceramic-ziegelei-rapperswil-louis-gasser-ag\/#breadcrumb","itemListElement":[{"@type":"ListItem","position":1,"name":"Home","item":"https:\/\/www.organisator.ch\/"},{"@type":"ListItem","position":2,"name":"Prix SVC Espace Mittelland: Gasser Ceramic &#8211; Ziegelei Rapperswil Louis Gasser AG"}]},{"@type":"WebSite","@id":"https:\/\/www.organisator.ch\/#website","url":"https:\/\/www.organisator.ch\/","name":"Organisateur","description":"Comp\u00e9tence et comp\u00e9tence. Proches de la pratique. L'ORGANISATEUR pr\u00e9pare 10 num\u00e9ros par an sur les th\u00e8mes essentiels pour les dirigeants de PME.","publisher":{"@id":"https:\/\/www.organisator.ch\/#organization"},"potentialAction":[{"@type":"SearchAction","target":{"@type":"EntryPoint","urlTemplate":"https:\/\/www.organisator.ch\/?s={search_term_string}"},"query-input":{"@type":"PropertyValueSpecification","valueRequired":true,"valueName":"search_term_string"}}],"inLanguage":"fr-FR"},{"@type":"Organization","@id":"https:\/\/www.organisator.ch\/#organization","name":"Organisateur","url":"https:\/\/www.organisator.ch\/","logo":{"@type":"ImageObject","inLanguage":"fr-FR","@id":"https:\/\/www.organisator.ch\/#\/schema\/logo\/image\/","url":"https:\/\/www.organisator.ch\/wp-content\/uploads\/2022\/01\/Logo_Organisator_Website.png","contentUrl":"https:\/\/www.organisator.ch\/wp-content\/uploads\/2022\/01\/Logo_Organisator_Website.png","width":800,"height":77,"caption":"Organisator"},"image":{"@id":"https:\/\/www.organisator.ch\/#\/schema\/logo\/image\/"},"sameAs":["https:\/\/www.facebook.com\/OrganisatorFachmagazin","https:\/\/www.linkedin.com\/showcase\/organisator-das-magazin-fr-kmu","https:\/\/www.xing.com\/news\/pages\/organisator-ch-695","https:\/\/www.youtube.com\/channel\/UCGP2Sq0iWaZwT3BdIAQFYpw"]},{"@type":"Person","@id":"https:\/\/www.organisator.ch\/#\/schema\/person\/afccda3a71c06d4be2ed9100dd163db7","name":"Dzana Muminovic","image":{"@type":"ImageObject","inLanguage":"fr-FR","@id":"https:\/\/secure.gravatar.com\/avatar\/909c5c71aff4b38e88686f2ab2f1ba152571f394f41ed8bae431ea56ced93050?s=96&d=mm&r=g","url":"https:\/\/secure.gravatar.com\/avatar\/909c5c71aff4b38e88686f2ab2f1ba152571f394f41ed8bae431ea56ced93050?s=96&d=mm&r=g","contentUrl":"https:\/\/secure.gravatar.com\/avatar\/909c5c71aff4b38e88686f2ab2f1ba152571f394f41ed8bae431ea56ced93050?s=96&d=mm&r=g","caption":"Dzana Muminovic"},"url":"https:\/\/www.organisator.ch\/fr\/author\/dzana-muminovic\/"}]}},"_links":{"self":[{"href":"https:\/\/www.organisator.ch\/fr\/wp-json\/wp\/v2\/posts\/36482","targetHints":{"allow":["GET"]}}],"collection":[{"href":"https:\/\/www.organisator.ch\/fr\/wp-json\/wp\/v2\/posts"}],"about":[{"href":"https:\/\/www.organisator.ch\/fr\/wp-json\/wp\/v2\/types\/post"}],"author":[{"embeddable":true,"href":"https:\/\/www.organisator.ch\/fr\/wp-json\/wp\/v2\/users\/80"}],"replies":[{"embeddable":true,"href":"https:\/\/www.organisator.ch\/fr\/wp-json\/wp\/v2\/comments?post=36482"}],"version-history":[{"count":5,"href":"https:\/\/www.organisator.ch\/fr\/wp-json\/wp\/v2\/posts\/36482\/revisions"}],"predecessor-version":[{"id":36553,"href":"https:\/\/www.organisator.ch\/fr\/wp-json\/wp\/v2\/posts\/36482\/revisions\/36553"}],"wp:featuredmedia":[{"embeddable":true,"href":"https:\/\/www.organisator.ch\/fr\/wp-json\/wp\/v2\/media\/36487"}],"wp:attachment":[{"href":"https:\/\/www.organisator.ch\/fr\/wp-json\/wp\/v2\/media?parent=36482"}],"wp:term":[{"taxonomy":"category","embeddable":true,"href":"https:\/\/www.organisator.ch\/fr\/wp-json\/wp\/v2\/categories?post=36482"},{"taxonomy":"post_tag","embeddable":true,"href":"https:\/\/www.organisator.ch\/fr\/wp-json\/wp\/v2\/tags?post=36482"}],"curies":[{"name":"wp","href":"https:\/\/api.w.org\/{rel}","templated":true}]}}