{"id":365,"date":"2016-05-31T16:14:26","date_gmt":"2016-05-31T14:14:26","guid":{"rendered":"https:\/\/dev.umweltperspektiven.ch\/?p=365"},"modified":"2022-02-09T11:06:58","modified_gmt":"2022-02-09T10:06:58","slug":"prix-eco-ch-geht-an-myclimate","status":"publish","type":"post","link":"https:\/\/www.organisator.ch\/fr\/sustainability\/2016-05-31\/prix-eco-ch-geht-an-myclimate\/","title":{"rendered":"Le Prix Eco.ch est d\u00e9cern\u00e9 \u00e0 MyClimate"},"content":{"rendered":"<figure id=\"attachment_366\" aria-describedby=\"caption-attachment-366\" style=\"width: 680px\" class=\"wp-caption alignnone\"><a href=\"\/\/dev.umweltperspektiven.ch\/wp-content\/uploads\/2016\/12\/Prix-Eco.ch-geht-an-MyClimate-umweltperspektiven.jpg\"><img loading=\"lazy\" decoding=\"async\" class=\"size-medium wp-image-366\" src=\"\/\/dev.umweltperspektiven.ch\/wp-content\/uploads\/2016\/12\/Prix-Eco.ch-geht-an-MyClimate-umweltperspektiven.jpg\" alt=\"Gagnante du prix eco.ch : Fondation pour la protection du climat myclimate (Sabine Perch-Nielsen (au milieu)) , 2e place Biomilk AG ( Viktor Kambli \u00e0 gauche) et Guy Morin, pr\u00e9sident du gouvernement du canton de B\u00e2le-Ville\" width=\"680\" height=\"453\" \/><\/a><figcaption id=\"caption-attachment-366\" class=\"wp-caption-text\">Gagnante du prix eco.ch : Fondation pour la protection du climat myclimate (Sabine Perch-Nielsen (au milieu)) , 2e place Biomilk AG ( Viktor Kambli \u00e0 gauche) et Guy Morin, pr\u00e9sident du gouvernement du canton de B\u00e2le-Ville<\/figcaption><\/figure>\n<p>Plus de 400 personnes de la sc\u00e8ne suisse du d\u00e9veloppement durable, dont des personnalit\u00e9s du monde politique, social et culturel, ont particip\u00e9 \u00e0 la remise des prix au Schauspielhaus de B\u00e2le. L'\u00e9v\u00e9nement a \u00e9t\u00e9 anim\u00e9 avec dynamisme par Susanne Kunz et chor\u00e9graphi\u00e9 de mani\u00e8re cr\u00e9ative par le Theater Basel.<\/p>\n<p><strong>Prix principal 2016 d\u00e9cern\u00e9 \u00e0 \"myclimate<\/strong><br \/>\nLe jury ind\u00e9pendant a attribu\u00e9 cette ann\u00e9e le \"prix principal\" dot\u00e9 de 15'000 francs pour des \u0153uvres ou des projets \u00e0 la fondation de protection climatique \"myclimate\". myclimate est n\u00e9e en 2002 d'un projet d'\u00e9tudiants et de professeurs de l'EPF de Zurich et lutte depuis lors contre le changement climatique : les \u00e9missions de CO2 doivent \u00eatre \u00e9vit\u00e9es, r\u00e9duites et compens\u00e9es. Jusqu'\u00e0 pr\u00e9sent, les mesures de protection climatique ont permis d'\u00e9viter l'\u00e9mission de plus de 3 millions de tonnes de CO2 dans le monde. Des personnes du monde entier profitent des projets de protection climatique. La \"YES-Community\" (Youth Encounter on Sustainability) met en r\u00e9seau des \u00e9l\u00e8ves, des apprentis et des jeunes professionnels dans le monde entier. Le prix a \u00e9t\u00e9 remis par Guy Morin, pr\u00e9sident du gouvernement b\u00e2lois, \u00e0 la repr\u00e9sentante fondatrice de myclimate, Sabine Perch-Nielsen.<\/p>\n<p>La deuxi\u00e8me place est revenue \u00e0 Biomilk AG. Fond\u00e9e en 1988, cette organisation d'entraide de commer\u00e7ants et d'agriculteurs bio de la r\u00e9gion de Berne propose \u00e0 ses clients des produits laitiers naturels gr\u00e2ce \u00e0 l'application des directives biodynamiques de Demeter.<\/p>\n<p><strong>Le prix eco.ch \"G\u00e9n\u00e9ration du futur\" d\u00e9cerne pour la premi\u00e8re fois deux premiers prix<\/strong><br \/>\nPour des raisons techniques, le vote en salle par Internet pr\u00e9vu pour \u00e9lire le laur\u00e9at de cette ann\u00e9e dans la cat\u00e9gorie \"G\u00e9n\u00e9ration du futur\" n'a pas vraiment fonctionn\u00e9. Toutes les tentatives de la mod\u00e9ratrice Susanne Kunz pour parvenir \u00e0 une \u00e9lection claire du premier prix par d'autres moyens (applaudim\u00e8tre, vote en levant le t\u00e9l\u00e9phone portable) ont \u00e9chou\u00e9 en raison de l'\u00e9quilibre des r\u00e9sultats. La direction et le comit\u00e9 directeur d'eco.ch ont alors pris la d\u00e9cision, en direct sur sc\u00e8ne, d'attribuer deux fois le prix de cette ann\u00e9e. Cela a toutefois pour cons\u00e9quence que le montant du prix doit \u00eatre r\u00e9duit de moiti\u00e9.<\/p>\n<p>La startup suisse \"SwissShrimp\" et le projet \"HORIZON\" ont donc remport\u00e9 chacun 7 500 francs.<\/p>\n<p>SwissShrimp propose des crevettes issues de la production locale suisse. SwissShrimp agit avec une attitude fondamentale clairement d\u00e9finie en ce qui concerne l'efficacit\u00e9 \u00e9nerg\u00e9tique, le bien-\u00eatre des animaux et le renoncement \u00e0 toute forme d'additifs, notamment les antibiotiques. Pour en savoir plus sur le th\u00e8me de la production durable de crevettes, consultez le site de l'association. <a href=\"https:\/\/umwelt-perspektiven.hamster.ch\/subscribe\" target=\"_blank\" data-cke-saved-href=\"\/\/umwelt-perspektiven.hamster.ch\/subscribe\" rel=\"noopener\">\u00c9dition d'avril de Perspectives environnementales<\/a>.<\/p>\n<p>La deuxi\u00e8me premi\u00e8re place a \u00e9t\u00e9 attribu\u00e9e au projet HORIZON, un syst\u00e8me de toit photovolta\u00efque pliant qui transforme les surfaces de parking et de logistique en centrales \u00e9lectriques. HORIZON permet une double utilisation des surfaces, r\u00e9sout les conflits d'objectifs li\u00e9s \u00e0 l'utilisation de l'espace vital et apporte en outre des stations de recharge pour les v\u00e9hicules \u00e9lectriques.<\/p>","protected":false},"excerpt":{"rendered":"<p>An der Preisverleihung im Schauspielhaus Basel nahmen \u00fcber 400 Personen aus der Schweizer Nachhaltigkeitsszene, darunter Prominenz aus Politik, Gesellschaft und Kultur teil. Der Anlass wurde von Susanne Kunz schwungvoll moderiert und vom Theater Basel kreativ choreographiert. Hauptpreis 2016 an \u00abmyclimate\u00bb Die unabh\u00e4ngige Jury hat den mit 15&#8217;000 Franken dotierten \u00abHauptpreis\u00bb f\u00fcr Lebenswerke oder Projekte in [&hellip;]<\/p>\n","protected":false},"author":1,"featured_media":9381,"comment_status":"open","ping_status":"open","sticky":false,"template":"","format":"standard","meta":{"_acf_changed":false,"_yoast_wpseo_focuskw":"MyClimate","_yoast_wpseo_metadesc":"Der Hauptpreis des Schweizer Nachhaltigkeitspreises prix eco.ch geht an die Stiftung \"MyClimate\" f\u00fcr deren Engangement f\u00fcr Nachhaltigkeit.","articlekey":"","footnotes":""},"categories":[580],"tags":[1749,1943,1949],"class_list":["post-365","post","type-post","status-publish","format-standard","has-post-thumbnail","hentry","category-sustainability","tag-myclimate","tag-preis","tag-prix-eco-ch"],"acf":[],"yoast_head":"<!-- This site is optimized with the Yoast SEO plugin v27.5 - https:\/\/yoast.com\/product\/yoast-seo-wordpress\/ -->\n<title>Prix Eco.ch geht an MyClimate - Organisator<\/title>\n<meta name=\"description\" content=\"Der Hauptpreis des Schweizer Nachhaltigkeitspreises prix eco.ch geht an die Stiftung &quot;MyClimate&quot; f\u00fcr deren Engangement f\u00fcr Nachhaltigkeit.\" \/>\n<meta name=\"robots\" content=\"index, follow, max-snippet:-1, max-image-preview:large, max-video-preview:-1\" \/>\n<link rel=\"canonical\" href=\"https:\/\/www.organisator.ch\/fr\/sustainability\/2016-05-31\/prix-eco-ch-geht-an-myclimate\/\" \/>\n<meta property=\"og:locale\" content=\"fr_FR\" \/>\n<meta property=\"og:type\" content=\"article\" \/>\n<meta property=\"og:title\" content=\"Prix Eco.ch geht an MyClimate - Organisator\" \/>\n<meta property=\"og:description\" content=\"Der Hauptpreis des Schweizer Nachhaltigkeitspreises prix eco.ch geht an die Stiftung &quot;MyClimate&quot; f\u00fcr deren Engangement f\u00fcr Nachhaltigkeit.\" \/>\n<meta property=\"og:url\" content=\"https:\/\/www.organisator.ch\/fr\/sustainability\/2016-05-31\/prix-eco-ch-geht-an-myclimate\/\" \/>\n<meta property=\"og:site_name\" content=\"Organisator\" \/>\n<meta property=\"article:publisher\" content=\"https:\/\/www.facebook.com\/OrganisatorFachmagazin\" \/>\n<meta property=\"article:published_time\" content=\"2016-05-31T14:14:26+00:00\" \/>\n<meta property=\"article:modified_time\" content=\"2022-02-09T10:06:58+00:00\" \/>\n<meta property=\"og:image\" content=\"https:\/\/www.organisator.ch\/wp-content\/uploads\/2016\/12\/Prix-Eco.ch-geht-an-MyClimate-umweltperspektiven-scaled.jpg\" \/>\n\t<meta property=\"og:image:width\" content=\"2560\" \/>\n\t<meta property=\"og:image:height\" content=\"1707\" \/>\n\t<meta property=\"og:image:type\" content=\"image\/jpeg\" \/>\n<meta name=\"author\" content=\"admin\" \/>\n<meta name=\"twitter:card\" content=\"summary_large_image\" \/>\n<script type=\"application\/ld+json\" class=\"yoast-schema-graph\">{\"@context\":\"https:\\\/\\\/schema.org\",\"@graph\":[{\"@type\":\"Article\",\"@id\":\"https:\\\/\\\/www.organisator.ch\\\/sustainability\\\/2016-05-31\\\/prix-eco-ch-geht-an-myclimate\\\/#article\",\"isPartOf\":{\"@id\":\"https:\\\/\\\/www.organisator.ch\\\/sustainability\\\/2016-05-31\\\/prix-eco-ch-geht-an-myclimate\\\/\"},\"author\":{\"name\":\"admin\",\"@id\":\"https:\\\/\\\/www.organisator.ch\\\/#\\\/schema\\\/person\\\/aa2bace6c5c5aad60102004a50c4eb1c\"},\"headline\":\"Prix Eco.ch geht an MyClimate\",\"datePublished\":\"2016-05-31T14:14:26+00:00\",\"dateModified\":\"2022-02-09T10:06:58+00:00\",\"mainEntityOfPage\":{\"@id\":\"https:\\\/\\\/www.organisator.ch\\\/sustainability\\\/2016-05-31\\\/prix-eco-ch-geht-an-myclimate\\\/\"},\"wordCount\":418,\"commentCount\":0,\"publisher\":{\"@id\":\"https:\\\/\\\/www.organisator.ch\\\/#organization\"},\"image\":{\"@id\":\"https:\\\/\\\/www.organisator.ch\\\/sustainability\\\/2016-05-31\\\/prix-eco-ch-geht-an-myclimate\\\/#primaryimage\"},\"thumbnailUrl\":\"https:\\\/\\\/www.organisator.ch\\\/wp-content\\\/uploads\\\/2016\\\/12\\\/Prix-Eco.ch-geht-an-MyClimate-umweltperspektiven-scaled.jpg\",\"keywords\":[\"myclimate\",\"Preis\",\"prix eco.ch\"],\"articleSection\":[\"SUSTAINABILITY\"],\"inLanguage\":\"fr-FR\"},{\"@type\":\"WebPage\",\"@id\":\"https:\\\/\\\/www.organisator.ch\\\/sustainability\\\/2016-05-31\\\/prix-eco-ch-geht-an-myclimate\\\/\",\"url\":\"https:\\\/\\\/www.organisator.ch\\\/sustainability\\\/2016-05-31\\\/prix-eco-ch-geht-an-myclimate\\\/\",\"name\":\"Prix Eco.ch geht an MyClimate - Organisator\",\"isPartOf\":{\"@id\":\"https:\\\/\\\/www.organisator.ch\\\/#website\"},\"primaryImageOfPage\":{\"@id\":\"https:\\\/\\\/www.organisator.ch\\\/sustainability\\\/2016-05-31\\\/prix-eco-ch-geht-an-myclimate\\\/#primaryimage\"},\"image\":{\"@id\":\"https:\\\/\\\/www.organisator.ch\\\/sustainability\\\/2016-05-31\\\/prix-eco-ch-geht-an-myclimate\\\/#primaryimage\"},\"thumbnailUrl\":\"https:\\\/\\\/www.organisator.ch\\\/wp-content\\\/uploads\\\/2016\\\/12\\\/Prix-Eco.ch-geht-an-MyClimate-umweltperspektiven-scaled.jpg\",\"datePublished\":\"2016-05-31T14:14:26+00:00\",\"dateModified\":\"2022-02-09T10:06:58+00:00\",\"description\":\"Der Hauptpreis des Schweizer Nachhaltigkeitspreises prix eco.ch geht an die Stiftung \\\"MyClimate\\\" f\u00fcr deren Engangement f\u00fcr Nachhaltigkeit.\",\"breadcrumb\":{\"@id\":\"https:\\\/\\\/www.organisator.ch\\\/sustainability\\\/2016-05-31\\\/prix-eco-ch-geht-an-myclimate\\\/#breadcrumb\"},\"inLanguage\":\"fr-FR\",\"potentialAction\":[{\"@type\":\"ReadAction\",\"target\":[\"https:\\\/\\\/www.organisator.ch\\\/sustainability\\\/2016-05-31\\\/prix-eco-ch-geht-an-myclimate\\\/\"]}]},{\"@type\":\"ImageObject\",\"inLanguage\":\"fr-FR\",\"@id\":\"https:\\\/\\\/www.organisator.ch\\\/sustainability\\\/2016-05-31\\\/prix-eco-ch-geht-an-myclimate\\\/#primaryimage\",\"url\":\"https:\\\/\\\/www.organisator.ch\\\/wp-content\\\/uploads\\\/2016\\\/12\\\/Prix-Eco.ch-geht-an-MyClimate-umweltperspektiven-scaled.jpg\",\"contentUrl\":\"https:\\\/\\\/www.organisator.ch\\\/wp-content\\\/uploads\\\/2016\\\/12\\\/Prix-Eco.ch-geht-an-MyClimate-umweltperspektiven-scaled.jpg\",\"width\":2560,\"height\":1707,\"caption\":\"Gewinnerin des prix eco.ch: Klimaschutzstiftung myclimate (Sabine Perch-Nielsen (mitte)) , 2. Platz Biomilk AG ( Viktor Kambli links) und Guy Morin, Regierungspr\u00e4sident Kanton Basel-Stadt\"},{\"@type\":\"BreadcrumbList\",\"@id\":\"https:\\\/\\\/www.organisator.ch\\\/sustainability\\\/2016-05-31\\\/prix-eco-ch-geht-an-myclimate\\\/#breadcrumb\",\"itemListElement\":[{\"@type\":\"ListItem\",\"position\":1,\"name\":\"Home\",\"item\":\"https:\\\/\\\/www.organisator.ch\\\/\"},{\"@type\":\"ListItem\",\"position\":2,\"name\":\"Prix Eco.ch geht an MyClimate\"}]},{\"@type\":\"WebSite\",\"@id\":\"https:\\\/\\\/www.organisator.ch\\\/#website\",\"url\":\"https:\\\/\\\/www.organisator.ch\\\/\",\"name\":\"Organisator\",\"description\":\"Kompetent. Praxisnah. Der ORGANISATOR bereitet in 10 Ausgaben pro Jahr die wesentlichen Themen f\u00fcr F\u00fchrungskr\u00e4fte von KMU auf.\",\"publisher\":{\"@id\":\"https:\\\/\\\/www.organisator.ch\\\/#organization\"},\"potentialAction\":[{\"@type\":\"SearchAction\",\"target\":{\"@type\":\"EntryPoint\",\"urlTemplate\":\"https:\\\/\\\/www.organisator.ch\\\/?s={search_term_string}\"},\"query-input\":{\"@type\":\"PropertyValueSpecification\",\"valueRequired\":true,\"valueName\":\"search_term_string\"}}],\"inLanguage\":\"fr-FR\"},{\"@type\":\"Organization\",\"@id\":\"https:\\\/\\\/www.organisator.ch\\\/#organization\",\"name\":\"Organisator\",\"url\":\"https:\\\/\\\/www.organisator.ch\\\/\",\"logo\":{\"@type\":\"ImageObject\",\"inLanguage\":\"fr-FR\",\"@id\":\"https:\\\/\\\/www.organisator.ch\\\/#\\\/schema\\\/logo\\\/image\\\/\",\"url\":\"https:\\\/\\\/www.organisator.ch\\\/wp-content\\\/uploads\\\/2022\\\/01\\\/Logo_Organisator_Website.png\",\"contentUrl\":\"https:\\\/\\\/www.organisator.ch\\\/wp-content\\\/uploads\\\/2022\\\/01\\\/Logo_Organisator_Website.png\",\"width\":800,\"height\":77,\"caption\":\"Organisator\"},\"image\":{\"@id\":\"https:\\\/\\\/www.organisator.ch\\\/#\\\/schema\\\/logo\\\/image\\\/\"},\"sameAs\":[\"https:\\\/\\\/www.facebook.com\\\/OrganisatorFachmagazin\",\"https:\\\/\\\/www.linkedin.com\\\/showcase\\\/organisator-das-magazin-fr-kmu\",\"https:\\\/\\\/www.xing.com\\\/news\\\/pages\\\/organisator-ch-695\",\"https:\\\/\\\/www.youtube.com\\\/channel\\\/UCGP2Sq0iWaZwT3BdIAQFYpw\"]},{\"@type\":\"Person\",\"@id\":\"https:\\\/\\\/www.organisator.ch\\\/#\\\/schema\\\/person\\\/aa2bace6c5c5aad60102004a50c4eb1c\",\"name\":\"admin\",\"image\":{\"@type\":\"ImageObject\",\"inLanguage\":\"fr-FR\",\"@id\":\"https:\\\/\\\/secure.gravatar.com\\\/avatar\\\/ae2f4d718e6c49043e314ce431e7e645d646302a24a5ef5a8bc8e3f5a032e319?s=96&d=mm&r=g\",\"url\":\"https:\\\/\\\/secure.gravatar.com\\\/avatar\\\/ae2f4d718e6c49043e314ce431e7e645d646302a24a5ef5a8bc8e3f5a032e319?s=96&d=mm&r=g\",\"contentUrl\":\"https:\\\/\\\/secure.gravatar.com\\\/avatar\\\/ae2f4d718e6c49043e314ce431e7e645d646302a24a5ef5a8bc8e3f5a032e319?s=96&d=mm&r=g\",\"caption\":\"admin\"},\"sameAs\":[\"https:\\\/\\\/www.organisator.ch\"],\"url\":\"https:\\\/\\\/www.organisator.ch\\\/fr\\\/author\\\/admin\\\/\"}]}<\/script>\n<!-- \/ Yoast SEO plugin. -->","yoast_head_json":{"title":"Le Prix Eco.ch est attribu\u00e9 \u00e0 MyClimate - Organisateur","description":"Le prix principal du Prix suisse du d\u00e9veloppement durable prix eco.ch est d\u00e9cern\u00e9 \u00e0 la fondation \"MyClimate\" pour son engagement en faveur du d\u00e9veloppement durable.","robots":{"index":"index","follow":"follow","max-snippet":"max-snippet:-1","max-image-preview":"max-image-preview:large","max-video-preview":"max-video-preview:-1"},"canonical":"https:\/\/www.organisator.ch\/fr\/sustainability\/2016-05-31\/prix-eco-ch-geht-an-myclimate\/","og_locale":"fr_FR","og_type":"article","og_title":"Prix Eco.ch geht an MyClimate - Organisator","og_description":"Der Hauptpreis des Schweizer Nachhaltigkeitspreises prix eco.ch geht an die Stiftung \"MyClimate\" f\u00fcr deren Engangement f\u00fcr Nachhaltigkeit.","og_url":"https:\/\/www.organisator.ch\/fr\/sustainability\/2016-05-31\/prix-eco-ch-geht-an-myclimate\/","og_site_name":"Organisator","article_publisher":"https:\/\/www.facebook.com\/OrganisatorFachmagazin","article_published_time":"2016-05-31T14:14:26+00:00","article_modified_time":"2022-02-09T10:06:58+00:00","og_image":[{"width":2560,"height":1707,"url":"https:\/\/www.organisator.ch\/wp-content\/uploads\/2016\/12\/Prix-Eco.ch-geht-an-MyClimate-umweltperspektiven-scaled.jpg","type":"image\/jpeg"}],"author":"admin","twitter_card":"summary_large_image","schema":{"@context":"https:\/\/schema.org","@graph":[{"@type":"Article","@id":"https:\/\/www.organisator.ch\/sustainability\/2016-05-31\/prix-eco-ch-geht-an-myclimate\/#article","isPartOf":{"@id":"https:\/\/www.organisator.ch\/sustainability\/2016-05-31\/prix-eco-ch-geht-an-myclimate\/"},"author":{"name":"admin","@id":"https:\/\/www.organisator.ch\/#\/schema\/person\/aa2bace6c5c5aad60102004a50c4eb1c"},"headline":"Prix Eco.ch geht an MyClimate","datePublished":"2016-05-31T14:14:26+00:00","dateModified":"2022-02-09T10:06:58+00:00","mainEntityOfPage":{"@id":"https:\/\/www.organisator.ch\/sustainability\/2016-05-31\/prix-eco-ch-geht-an-myclimate\/"},"wordCount":418,"commentCount":0,"publisher":{"@id":"https:\/\/www.organisator.ch\/#organization"},"image":{"@id":"https:\/\/www.organisator.ch\/sustainability\/2016-05-31\/prix-eco-ch-geht-an-myclimate\/#primaryimage"},"thumbnailUrl":"https:\/\/www.organisator.ch\/wp-content\/uploads\/2016\/12\/Prix-Eco.ch-geht-an-MyClimate-umweltperspektiven-scaled.jpg","keywords":["myclimate","Preis","prix eco.ch"],"articleSection":["SUSTAINABILITY"],"inLanguage":"fr-FR"},{"@type":"WebPage","@id":"https:\/\/www.organisator.ch\/sustainability\/2016-05-31\/prix-eco-ch-geht-an-myclimate\/","url":"https:\/\/www.organisator.ch\/sustainability\/2016-05-31\/prix-eco-ch-geht-an-myclimate\/","name":"Le Prix Eco.ch est attribu\u00e9 \u00e0 MyClimate - Organisateur","isPartOf":{"@id":"https:\/\/www.organisator.ch\/#website"},"primaryImageOfPage":{"@id":"https:\/\/www.organisator.ch\/sustainability\/2016-05-31\/prix-eco-ch-geht-an-myclimate\/#primaryimage"},"image":{"@id":"https:\/\/www.organisator.ch\/sustainability\/2016-05-31\/prix-eco-ch-geht-an-myclimate\/#primaryimage"},"thumbnailUrl":"https:\/\/www.organisator.ch\/wp-content\/uploads\/2016\/12\/Prix-Eco.ch-geht-an-MyClimate-umweltperspektiven-scaled.jpg","datePublished":"2016-05-31T14:14:26+00:00","dateModified":"2022-02-09T10:06:58+00:00","description":"Le prix principal du Prix suisse du d\u00e9veloppement durable prix eco.ch est d\u00e9cern\u00e9 \u00e0 la fondation \"MyClimate\" pour son engagement en faveur du d\u00e9veloppement durable.","breadcrumb":{"@id":"https:\/\/www.organisator.ch\/sustainability\/2016-05-31\/prix-eco-ch-geht-an-myclimate\/#breadcrumb"},"inLanguage":"fr-FR","potentialAction":[{"@type":"ReadAction","target":["https:\/\/www.organisator.ch\/sustainability\/2016-05-31\/prix-eco-ch-geht-an-myclimate\/"]}]},{"@type":"ImageObject","inLanguage":"fr-FR","@id":"https:\/\/www.organisator.ch\/sustainability\/2016-05-31\/prix-eco-ch-geht-an-myclimate\/#primaryimage","url":"https:\/\/www.organisator.ch\/wp-content\/uploads\/2016\/12\/Prix-Eco.ch-geht-an-MyClimate-umweltperspektiven-scaled.jpg","contentUrl":"https:\/\/www.organisator.ch\/wp-content\/uploads\/2016\/12\/Prix-Eco.ch-geht-an-MyClimate-umweltperspektiven-scaled.jpg","width":2560,"height":1707,"caption":"Gewinnerin des prix eco.ch: Klimaschutzstiftung myclimate (Sabine Perch-Nielsen (mitte)) , 2. Platz Biomilk AG ( Viktor Kambli links) und Guy Morin, Regierungspr\u00e4sident Kanton Basel-Stadt"},{"@type":"BreadcrumbList","@id":"https:\/\/www.organisator.ch\/sustainability\/2016-05-31\/prix-eco-ch-geht-an-myclimate\/#breadcrumb","itemListElement":[{"@type":"ListItem","position":1,"name":"Home","item":"https:\/\/www.organisator.ch\/"},{"@type":"ListItem","position":2,"name":"Prix Eco.ch geht an MyClimate"}]},{"@type":"WebSite","@id":"https:\/\/www.organisator.ch\/#website","url":"https:\/\/www.organisator.ch\/","name":"Organisateur","description":"Comp\u00e9tence et comp\u00e9tence. Proches de la pratique. L'ORGANISATEUR pr\u00e9pare 10 num\u00e9ros par an sur les th\u00e8mes essentiels pour les dirigeants de PME.","publisher":{"@id":"https:\/\/www.organisator.ch\/#organization"},"potentialAction":[{"@type":"SearchAction","target":{"@type":"EntryPoint","urlTemplate":"https:\/\/www.organisator.ch\/?s={search_term_string}"},"query-input":{"@type":"PropertyValueSpecification","valueRequired":true,"valueName":"search_term_string"}}],"inLanguage":"fr-FR"},{"@type":"Organization","@id":"https:\/\/www.organisator.ch\/#organization","name":"Organisateur","url":"https:\/\/www.organisator.ch\/","logo":{"@type":"ImageObject","inLanguage":"fr-FR","@id":"https:\/\/www.organisator.ch\/#\/schema\/logo\/image\/","url":"https:\/\/www.organisator.ch\/wp-content\/uploads\/2022\/01\/Logo_Organisator_Website.png","contentUrl":"https:\/\/www.organisator.ch\/wp-content\/uploads\/2022\/01\/Logo_Organisator_Website.png","width":800,"height":77,"caption":"Organisator"},"image":{"@id":"https:\/\/www.organisator.ch\/#\/schema\/logo\/image\/"},"sameAs":["https:\/\/www.facebook.com\/OrganisatorFachmagazin","https:\/\/www.linkedin.com\/showcase\/organisator-das-magazin-fr-kmu","https:\/\/www.xing.com\/news\/pages\/organisator-ch-695","https:\/\/www.youtube.com\/channel\/UCGP2Sq0iWaZwT3BdIAQFYpw"]},{"@type":"Person","@id":"https:\/\/www.organisator.ch\/#\/schema\/person\/aa2bace6c5c5aad60102004a50c4eb1c","name":"admin","image":{"@type":"ImageObject","inLanguage":"fr-FR","@id":"https:\/\/secure.gravatar.com\/avatar\/ae2f4d718e6c49043e314ce431e7e645d646302a24a5ef5a8bc8e3f5a032e319?s=96&d=mm&r=g","url":"https:\/\/secure.gravatar.com\/avatar\/ae2f4d718e6c49043e314ce431e7e645d646302a24a5ef5a8bc8e3f5a032e319?s=96&d=mm&r=g","contentUrl":"https:\/\/secure.gravatar.com\/avatar\/ae2f4d718e6c49043e314ce431e7e645d646302a24a5ef5a8bc8e3f5a032e319?s=96&d=mm&r=g","caption":"admin"},"sameAs":["https:\/\/www.organisator.ch"],"url":"https:\/\/www.organisator.ch\/fr\/author\/admin\/"}]}},"_links":{"self":[{"href":"https:\/\/www.organisator.ch\/fr\/wp-json\/wp\/v2\/posts\/365","targetHints":{"allow":["GET"]}}],"collection":[{"href":"https:\/\/www.organisator.ch\/fr\/wp-json\/wp\/v2\/posts"}],"about":[{"href":"https:\/\/www.organisator.ch\/fr\/wp-json\/wp\/v2\/types\/post"}],"author":[{"embeddable":true,"href":"https:\/\/www.organisator.ch\/fr\/wp-json\/wp\/v2\/users\/1"}],"replies":[{"embeddable":true,"href":"https:\/\/www.organisator.ch\/fr\/wp-json\/wp\/v2\/comments?post=365"}],"version-history":[{"count":1,"href":"https:\/\/www.organisator.ch\/fr\/wp-json\/wp\/v2\/posts\/365\/revisions"}],"predecessor-version":[{"id":10754,"href":"https:\/\/www.organisator.ch\/fr\/wp-json\/wp\/v2\/posts\/365\/revisions\/10754"}],"wp:featuredmedia":[{"embeddable":true,"href":"https:\/\/www.organisator.ch\/fr\/wp-json\/wp\/v2\/media\/9381"}],"wp:attachment":[{"href":"https:\/\/www.organisator.ch\/fr\/wp-json\/wp\/v2\/media?parent=365"}],"wp:term":[{"taxonomy":"category","embeddable":true,"href":"https:\/\/www.organisator.ch\/fr\/wp-json\/wp\/v2\/categories?post=365"},{"taxonomy":"post_tag","embeddable":true,"href":"https:\/\/www.organisator.ch\/fr\/wp-json\/wp\/v2\/tags?post=365"}],"curies":[{"name":"wp","href":"https:\/\/api.w.org\/{rel}","templated":true}]}}