{"id":36586,"date":"2025-03-04T09:12:25","date_gmt":"2025-03-04T08:12:25","guid":{"rendered":"https:\/\/www.markt-kom.com\/?p=231262"},"modified":"2025-03-04T07:46:47","modified_gmt":"2025-03-04T06:46:47","slug":"yes-media-award-fuer-food-waste-pasta","status":"publish","type":"post","link":"https:\/\/www.organisator.ch\/fr\/marketing\/2025-03-04\/yes-media-award-fuer-food-waste-pasta\/","title":{"rendered":"Prix YES Media pour les p\u00e2tes alimentaires"},"content":{"rendered":"<figure id=\"attachment_231263\" class=\"wp-caption aligncenter\" style=\"width: 1200px;\" aria-describedby=\"caption-attachment-231263\"><a href=\"https:\/\/www.markt-kom.com\/wp-content\/uploads\/2025\/03\/Yes-Media-Award-Planet-Pasta.jpg\"><img class=\"size-full wp-image-231263\" src=\"https:\/\/www.markt-kom.com\/wp-content\/uploads\/2025\/03\/Yes-Media-Award-Planet-Pasta.jpg\" sizes=\"(max-width: 1200px) 100vw, 1200px\" srcset=\"https:\/\/www.markt-kom.com\/wp-content\/uploads\/2025\/03\/Yes-Media-Award-Planet-Pasta.jpg 1200w, https:\/\/www.markt-kom.com\/wp-content\/uploads\/2025\/03\/Yes-Media-Award-Planet-Pasta-600x450.jpg 600w, https:\/\/www.markt-kom.com\/wp-content\/uploads\/2025\/03\/Yes-Media-Award-Planet-Pasta-1024x768.jpg 1024w, https:\/\/www.markt-kom.com\/wp-content\/uploads\/2025\/03\/Yes-Media-Award-Planet-Pasta-768x576.jpg 768w, https:\/\/www.markt-kom.com\/wp-content\/uploads\/2025\/03\/Yes-Media-Award-Planet-Pasta-16x12.jpg 16w, https:\/\/www.markt-kom.com\/wp-content\/uploads\/2025\/03\/Yes-Media-Award-Planet-Pasta-233x175.jpg 233w, https:\/\/www.markt-kom.com\/wp-content\/uploads\/2025\/03\/Yes-Media-Award-Planet-Pasta-467x350.jpg 467w, https:\/\/www.markt-kom.com\/wp-content\/uploads\/2025\/03\/Yes-Media-Award-Planet-Pasta-1000x750.jpg 1000w\" alt=\"\" width=\"1200\" height=\"900\" \/><\/a>\r\n<figcaption id=\"caption-attachment-231263\" class=\"wp-caption-text\">Elin Monev, Olivia Curty, Mirja Kucera, Stella Monev et Nicolas Kaufmann (de g. \u00e0 dr.) remportent le Yes Media Award avec \"Planet Pasta\". (Image : zVg.)<\/figcaption>\r\n<\/figure>\r\n<p>Depuis onze ans, le YES Media Award offre \u00e0 des mini-entreprises s\u00e9lectionn\u00e9es la possibilit\u00e9 de pr\u00e9senter leurs id\u00e9es commerciales devant un jury d'experts du secteur des m\u00e9dias. Cette ann\u00e9e, les dix start-ups les plus prometteuses du programme YES Company ont pu se pr\u00e9senter au cin\u00e9ma Toni de la Z\u00fcrcher Hochschule der K\u00fcnste ZHdK. Les participants devaient non seulement faire preuve de cr\u00e9ativit\u00e9, mais aussi d\u00e9velopper et commercialiser leurs produits ou services de mani\u00e8re autonome et les pr\u00e9senter devant un public.<\/p>\r\n<p>Stefan Bircher, producteur et partenaire fondateur de Shining Film, s'est montr\u00e9 impressionn\u00e9 : \"J'ai trouv\u00e9 la pr\u00e9sentation des jeunes impressionnante. \u00c0 18 ou 19 ans, je n'aurais pas pu me pr\u00e9senter de mani\u00e8re aussi convaincante\". Apr\u00e8s trois heures de d\u00e9lib\u00e9ration du jury, le choix s'est port\u00e9 sur Planet Pasta, dont le concept vise \u00e0 contribuer \u00e0 la r\u00e9duction du gaspillage alimentaire. L'\u00e9quipe biennoise a \u00e9t\u00e9 surprise par cette distinction : \"Nous sommes tr\u00e8s heureux d'avoir gagn\u00e9 et d'avoir pu acqu\u00e9rir de l'exp\u00e9rience aujourd'hui\".<\/p>\r\n<p>La phase suivante commence pour les jeunes entrepreneurs : le spot cin\u00e9matographique est r\u00e9alis\u00e9 en collaboration avec Stefan Bircher et Ma\u00ebl B\u00fcrki, \u00e9tudiant dans la fili\u00e8re Cast \/ Audiovisual Media de la ZHdK. La premi\u00e8re aura lieu le 24 mai 2025 lors de la finale nationale du Company Programme \u00e0 la gare centrale de Zurich. Il sera ensuite diffus\u00e9 par Weischer.Cinema dans les cin\u00e9mas suisses. \"Les prestations impressionnantes des \u00e9quipes ne nous ont pas facilit\u00e9 la d\u00e9cision. Nous nous r\u00e9jouissons d'autant plus de voir le spot termin\u00e9\", d\u00e9clare Eveline Kneub\u00fchl, Director of Operations chez Weischer.Cinema Suisse.<\/p>\r\n<p>Le YES Media Award r\u00e9compense la mini-entreprise qui pr\u00e9sente le plus grand potentiel pour une commercialisation r\u00e9ussie au cin\u00e9ma. Outre la production d'un spot professionnel, les gagnants b\u00e9n\u00e9ficient d'un placement dans les cin\u00e9mas de tout le pays - une plate-forme pr\u00e9cieuse pour les jeunes entrepreneurs qui souhaitent pr\u00e9senter leurs id\u00e9es \u00e0 un large public.<\/p>","protected":false},"excerpt":{"rendered":"<p>\"Planet Pasta\" du gymnase de Bienne-Seeland a remport\u00e9 le YES Media Award de cette ann\u00e9e. Avec leur id\u00e9e de fabriquer des p\u00e2tes \u00e0 partir de l\u00e9gumes exc\u00e9dentaires, ils ont convaincu le jury compos\u00e9 de repr\u00e9sentants de Shining Film, Weischer.Cinema et Young Enterprise Switzerland (YES).<\/p>","protected":false},"author":8,"featured_media":0,"comment_status":"closed","ping_status":"closed","sticky":false,"template":"","format":"standard","meta":{"_acf_changed":false,"_yoast_wpseo_focuskw":"YES Media Award","_yoast_wpseo_metadesc":"Planet Pasta gewinnt den YES Media Award 2025 mit ihrer nachhaltigen Pasta-Idee und erh\u00e4lt eine Kino-Kampagne zur Vermarktung.","articlekey":"","footnotes":""},"categories":[29],"tags":[66,5152],"class_list":["post-36586","post","type-post","status-publish","format-standard","hentry","category-marketing","tag-awards","tag-yes-media-award"],"acf":[],"yoast_head":"<!-- This site is optimized with the Yoast SEO plugin v27.5 - https:\/\/yoast.com\/product\/yoast-seo-wordpress\/ -->\n<title>YES Media Award f\u00fcr Food-Waste-Pasta - Organisator<\/title>\n<meta name=\"description\" content=\"Planet Pasta gewinnt den YES Media Award 2025 mit ihrer nachhaltigen Pasta-Idee und erh\u00e4lt eine Kino-Kampagne zur Vermarktung.\" \/>\n<meta name=\"robots\" content=\"index, follow, max-snippet:-1, max-image-preview:large, max-video-preview:-1\" \/>\n<link rel=\"canonical\" href=\"https:\/\/www.organisator.ch\/fr\/marketing\/2025-03-04\/yes-media-award-fuer-food-waste-pasta\/\" \/>\n<meta property=\"og:locale\" content=\"fr_FR\" \/>\n<meta property=\"og:type\" content=\"article\" \/>\n<meta property=\"og:title\" content=\"YES Media Award f\u00fcr Food-Waste-Pasta - Organisator\" \/>\n<meta property=\"og:description\" content=\"Planet Pasta gewinnt den YES Media Award 2025 mit ihrer nachhaltigen Pasta-Idee und erh\u00e4lt eine Kino-Kampagne zur Vermarktung.\" \/>\n<meta property=\"og:url\" content=\"https:\/\/www.organisator.ch\/fr\/marketing\/2025-03-04\/yes-media-award-fuer-food-waste-pasta\/\" \/>\n<meta property=\"og:site_name\" content=\"Organisator\" \/>\n<meta property=\"article:publisher\" content=\"https:\/\/www.facebook.com\/OrganisatorFachmagazin\" \/>\n<meta property=\"article:published_time\" content=\"2025-03-04T08:12:25+00:00\" \/>\n<meta name=\"author\" content=\"galledia\" \/>\n<meta name=\"twitter:card\" content=\"summary_large_image\" \/>\n<meta name=\"twitter:creator\" content=\"@admin\" \/>\n<script type=\"application\/ld+json\" class=\"yoast-schema-graph\">{\"@context\":\"https:\\\/\\\/schema.org\",\"@graph\":[{\"@type\":\"Article\",\"@id\":\"https:\\\/\\\/www.organisator.ch\\\/marketing\\\/2025-03-04\\\/yes-media-award-fuer-food-waste-pasta\\\/#article\",\"isPartOf\":{\"@id\":\"https:\\\/\\\/www.organisator.ch\\\/marketing\\\/2025-03-04\\\/yes-media-award-fuer-food-waste-pasta\\\/\"},\"author\":{\"name\":\"galledia\",\"@id\":\"https:\\\/\\\/www.organisator.ch\\\/#\\\/schema\\\/person\\\/4e51799071cd2dd1232ac003643ef5f0\"},\"headline\":\"YES Media Award f\u00fcr Food-Waste-Pasta\",\"datePublished\":\"2025-03-04T08:12:25+00:00\",\"mainEntityOfPage\":{\"@id\":\"https:\\\/\\\/www.organisator.ch\\\/marketing\\\/2025-03-04\\\/yes-media-award-fuer-food-waste-pasta\\\/\"},\"wordCount\":326,\"publisher\":{\"@id\":\"https:\\\/\\\/www.organisator.ch\\\/#organization\"},\"image\":{\"@id\":\"https:\\\/\\\/www.organisator.ch\\\/marketing\\\/2025-03-04\\\/yes-media-award-fuer-food-waste-pasta\\\/#primaryimage\"},\"thumbnailUrl\":\"https:\\\/\\\/www.markt-kom.com\\\/wp-content\\\/uploads\\\/2025\\\/03\\\/Yes-Media-Award-Planet-Pasta.jpg\",\"keywords\":[\"Awards\",\"YES Media Award\"],\"articleSection\":[\"MARKETING\"],\"inLanguage\":\"fr-FR\"},{\"@type\":\"WebPage\",\"@id\":\"https:\\\/\\\/www.organisator.ch\\\/marketing\\\/2025-03-04\\\/yes-media-award-fuer-food-waste-pasta\\\/\",\"url\":\"https:\\\/\\\/www.organisator.ch\\\/marketing\\\/2025-03-04\\\/yes-media-award-fuer-food-waste-pasta\\\/\",\"name\":\"YES Media Award f\u00fcr Food-Waste-Pasta - Organisator\",\"isPartOf\":{\"@id\":\"https:\\\/\\\/www.organisator.ch\\\/#website\"},\"primaryImageOfPage\":{\"@id\":\"https:\\\/\\\/www.organisator.ch\\\/marketing\\\/2025-03-04\\\/yes-media-award-fuer-food-waste-pasta\\\/#primaryimage\"},\"image\":{\"@id\":\"https:\\\/\\\/www.organisator.ch\\\/marketing\\\/2025-03-04\\\/yes-media-award-fuer-food-waste-pasta\\\/#primaryimage\"},\"thumbnailUrl\":\"https:\\\/\\\/www.markt-kom.com\\\/wp-content\\\/uploads\\\/2025\\\/03\\\/Yes-Media-Award-Planet-Pasta.jpg\",\"datePublished\":\"2025-03-04T08:12:25+00:00\",\"description\":\"Planet Pasta gewinnt den YES Media Award 2025 mit ihrer nachhaltigen Pasta-Idee und erh\u00e4lt eine Kino-Kampagne zur Vermarktung.\",\"breadcrumb\":{\"@id\":\"https:\\\/\\\/www.organisator.ch\\\/marketing\\\/2025-03-04\\\/yes-media-award-fuer-food-waste-pasta\\\/#breadcrumb\"},\"inLanguage\":\"fr-FR\",\"potentialAction\":[{\"@type\":\"ReadAction\",\"target\":[\"https:\\\/\\\/www.organisator.ch\\\/marketing\\\/2025-03-04\\\/yes-media-award-fuer-food-waste-pasta\\\/\"]}]},{\"@type\":\"ImageObject\",\"inLanguage\":\"fr-FR\",\"@id\":\"https:\\\/\\\/www.organisator.ch\\\/marketing\\\/2025-03-04\\\/yes-media-award-fuer-food-waste-pasta\\\/#primaryimage\",\"url\":\"https:\\\/\\\/www.markt-kom.com\\\/wp-content\\\/uploads\\\/2025\\\/03\\\/Yes-Media-Award-Planet-Pasta.jpg\",\"contentUrl\":\"https:\\\/\\\/www.markt-kom.com\\\/wp-content\\\/uploads\\\/2025\\\/03\\\/Yes-Media-Award-Planet-Pasta.jpg\"},{\"@type\":\"BreadcrumbList\",\"@id\":\"https:\\\/\\\/www.organisator.ch\\\/marketing\\\/2025-03-04\\\/yes-media-award-fuer-food-waste-pasta\\\/#breadcrumb\",\"itemListElement\":[{\"@type\":\"ListItem\",\"position\":1,\"name\":\"Home\",\"item\":\"https:\\\/\\\/www.organisator.ch\\\/\"},{\"@type\":\"ListItem\",\"position\":2,\"name\":\"YES Media Award f\u00fcr Food-Waste-Pasta\"}]},{\"@type\":\"WebSite\",\"@id\":\"https:\\\/\\\/www.organisator.ch\\\/#website\",\"url\":\"https:\\\/\\\/www.organisator.ch\\\/\",\"name\":\"Organisator\",\"description\":\"Kompetent. Praxisnah. Der ORGANISATOR bereitet in 10 Ausgaben pro Jahr die wesentlichen Themen f\u00fcr F\u00fchrungskr\u00e4fte von KMU auf.\",\"publisher\":{\"@id\":\"https:\\\/\\\/www.organisator.ch\\\/#organization\"},\"potentialAction\":[{\"@type\":\"SearchAction\",\"target\":{\"@type\":\"EntryPoint\",\"urlTemplate\":\"https:\\\/\\\/www.organisator.ch\\\/?s={search_term_string}\"},\"query-input\":{\"@type\":\"PropertyValueSpecification\",\"valueRequired\":true,\"valueName\":\"search_term_string\"}}],\"inLanguage\":\"fr-FR\"},{\"@type\":\"Organization\",\"@id\":\"https:\\\/\\\/www.organisator.ch\\\/#organization\",\"name\":\"Organisator\",\"url\":\"https:\\\/\\\/www.organisator.ch\\\/\",\"logo\":{\"@type\":\"ImageObject\",\"inLanguage\":\"fr-FR\",\"@id\":\"https:\\\/\\\/www.organisator.ch\\\/#\\\/schema\\\/logo\\\/image\\\/\",\"url\":\"https:\\\/\\\/www.organisator.ch\\\/wp-content\\\/uploads\\\/2022\\\/01\\\/Logo_Organisator_Website.png\",\"contentUrl\":\"https:\\\/\\\/www.organisator.ch\\\/wp-content\\\/uploads\\\/2022\\\/01\\\/Logo_Organisator_Website.png\",\"width\":800,\"height\":77,\"caption\":\"Organisator\"},\"image\":{\"@id\":\"https:\\\/\\\/www.organisator.ch\\\/#\\\/schema\\\/logo\\\/image\\\/\"},\"sameAs\":[\"https:\\\/\\\/www.facebook.com\\\/OrganisatorFachmagazin\",\"https:\\\/\\\/www.linkedin.com\\\/showcase\\\/organisator-das-magazin-fr-kmu\",\"https:\\\/\\\/www.xing.com\\\/news\\\/pages\\\/organisator-ch-695\",\"https:\\\/\\\/www.youtube.com\\\/channel\\\/UCGP2Sq0iWaZwT3BdIAQFYpw\"]},{\"@type\":\"Person\",\"@id\":\"https:\\\/\\\/www.organisator.ch\\\/#\\\/schema\\\/person\\\/4e51799071cd2dd1232ac003643ef5f0\",\"name\":\"galledia\",\"image\":{\"@type\":\"ImageObject\",\"inLanguage\":\"fr-FR\",\"@id\":\"https:\\\/\\\/secure.gravatar.com\\\/avatar\\\/78a7f90c01fc2bfc875782a0d4922b37cde2cf184ce347b91316d23cd7f69a36?s=96&d=mm&r=g\",\"url\":\"https:\\\/\\\/secure.gravatar.com\\\/avatar\\\/78a7f90c01fc2bfc875782a0d4922b37cde2cf184ce347b91316d23cd7f69a36?s=96&d=mm&r=g\",\"contentUrl\":\"https:\\\/\\\/secure.gravatar.com\\\/avatar\\\/78a7f90c01fc2bfc875782a0d4922b37cde2cf184ce347b91316d23cd7f69a36?s=96&d=mm&r=g\",\"caption\":\"galledia\"},\"sameAs\":[\"https:\\\/\\\/x.com\\\/admin\"],\"url\":\"https:\\\/\\\/www.organisator.ch\\\/fr\\\/author\\\/galledia\\\/\"}]}<\/script>\n<!-- \/ Yoast SEO plugin. -->","yoast_head_json":{"title":"YES Media Award pour les p\u00e2tes alimentaires - Organisateur","description":"Planet Pasta remporte le YES Media Award 2025 avec son id\u00e9e de p\u00e2tes durables et b\u00e9n\u00e9ficie d'une campagne de marketing au cin\u00e9ma.","robots":{"index":"index","follow":"follow","max-snippet":"max-snippet:-1","max-image-preview":"max-image-preview:large","max-video-preview":"max-video-preview:-1"},"canonical":"https:\/\/www.organisator.ch\/fr\/marketing\/2025-03-04\/yes-media-award-fuer-food-waste-pasta\/","og_locale":"fr_FR","og_type":"article","og_title":"YES Media Award f\u00fcr Food-Waste-Pasta - Organisator","og_description":"Planet Pasta gewinnt den YES Media Award 2025 mit ihrer nachhaltigen Pasta-Idee und erh\u00e4lt eine Kino-Kampagne zur Vermarktung.","og_url":"https:\/\/www.organisator.ch\/fr\/marketing\/2025-03-04\/yes-media-award-fuer-food-waste-pasta\/","og_site_name":"Organisator","article_publisher":"https:\/\/www.facebook.com\/OrganisatorFachmagazin","article_published_time":"2025-03-04T08:12:25+00:00","author":"galledia","twitter_card":"summary_large_image","twitter_creator":"@admin","schema":{"@context":"https:\/\/schema.org","@graph":[{"@type":"Article","@id":"https:\/\/www.organisator.ch\/marketing\/2025-03-04\/yes-media-award-fuer-food-waste-pasta\/#article","isPartOf":{"@id":"https:\/\/www.organisator.ch\/marketing\/2025-03-04\/yes-media-award-fuer-food-waste-pasta\/"},"author":{"name":"galledia","@id":"https:\/\/www.organisator.ch\/#\/schema\/person\/4e51799071cd2dd1232ac003643ef5f0"},"headline":"YES Media Award f\u00fcr Food-Waste-Pasta","datePublished":"2025-03-04T08:12:25+00:00","mainEntityOfPage":{"@id":"https:\/\/www.organisator.ch\/marketing\/2025-03-04\/yes-media-award-fuer-food-waste-pasta\/"},"wordCount":326,"publisher":{"@id":"https:\/\/www.organisator.ch\/#organization"},"image":{"@id":"https:\/\/www.organisator.ch\/marketing\/2025-03-04\/yes-media-award-fuer-food-waste-pasta\/#primaryimage"},"thumbnailUrl":"https:\/\/www.markt-kom.com\/wp-content\/uploads\/2025\/03\/Yes-Media-Award-Planet-Pasta.jpg","keywords":["Awards","YES Media Award"],"articleSection":["MARKETING"],"inLanguage":"fr-FR"},{"@type":"WebPage","@id":"https:\/\/www.organisator.ch\/marketing\/2025-03-04\/yes-media-award-fuer-food-waste-pasta\/","url":"https:\/\/www.organisator.ch\/marketing\/2025-03-04\/yes-media-award-fuer-food-waste-pasta\/","name":"YES Media Award pour les p\u00e2tes alimentaires - Organisateur","isPartOf":{"@id":"https:\/\/www.organisator.ch\/#website"},"primaryImageOfPage":{"@id":"https:\/\/www.organisator.ch\/marketing\/2025-03-04\/yes-media-award-fuer-food-waste-pasta\/#primaryimage"},"image":{"@id":"https:\/\/www.organisator.ch\/marketing\/2025-03-04\/yes-media-award-fuer-food-waste-pasta\/#primaryimage"},"thumbnailUrl":"https:\/\/www.markt-kom.com\/wp-content\/uploads\/2025\/03\/Yes-Media-Award-Planet-Pasta.jpg","datePublished":"2025-03-04T08:12:25+00:00","description":"Planet Pasta remporte le YES Media Award 2025 avec son id\u00e9e de p\u00e2tes durables et b\u00e9n\u00e9ficie d'une campagne de marketing au cin\u00e9ma.","breadcrumb":{"@id":"https:\/\/www.organisator.ch\/marketing\/2025-03-04\/yes-media-award-fuer-food-waste-pasta\/#breadcrumb"},"inLanguage":"fr-FR","potentialAction":[{"@type":"ReadAction","target":["https:\/\/www.organisator.ch\/marketing\/2025-03-04\/yes-media-award-fuer-food-waste-pasta\/"]}]},{"@type":"ImageObject","inLanguage":"fr-FR","@id":"https:\/\/www.organisator.ch\/marketing\/2025-03-04\/yes-media-award-fuer-food-waste-pasta\/#primaryimage","url":"https:\/\/www.markt-kom.com\/wp-content\/uploads\/2025\/03\/Yes-Media-Award-Planet-Pasta.jpg","contentUrl":"https:\/\/www.markt-kom.com\/wp-content\/uploads\/2025\/03\/Yes-Media-Award-Planet-Pasta.jpg"},{"@type":"BreadcrumbList","@id":"https:\/\/www.organisator.ch\/marketing\/2025-03-04\/yes-media-award-fuer-food-waste-pasta\/#breadcrumb","itemListElement":[{"@type":"ListItem","position":1,"name":"Home","item":"https:\/\/www.organisator.ch\/"},{"@type":"ListItem","position":2,"name":"YES Media Award f\u00fcr Food-Waste-Pasta"}]},{"@type":"WebSite","@id":"https:\/\/www.organisator.ch\/#website","url":"https:\/\/www.organisator.ch\/","name":"Organisateur","description":"Comp\u00e9tence et comp\u00e9tence. Proches de la pratique. L'ORGANISATEUR pr\u00e9pare 10 num\u00e9ros par an sur les th\u00e8mes essentiels pour les dirigeants de PME.","publisher":{"@id":"https:\/\/www.organisator.ch\/#organization"},"potentialAction":[{"@type":"SearchAction","target":{"@type":"EntryPoint","urlTemplate":"https:\/\/www.organisator.ch\/?s={search_term_string}"},"query-input":{"@type":"PropertyValueSpecification","valueRequired":true,"valueName":"search_term_string"}}],"inLanguage":"fr-FR"},{"@type":"Organization","@id":"https:\/\/www.organisator.ch\/#organization","name":"Organisateur","url":"https:\/\/www.organisator.ch\/","logo":{"@type":"ImageObject","inLanguage":"fr-FR","@id":"https:\/\/www.organisator.ch\/#\/schema\/logo\/image\/","url":"https:\/\/www.organisator.ch\/wp-content\/uploads\/2022\/01\/Logo_Organisator_Website.png","contentUrl":"https:\/\/www.organisator.ch\/wp-content\/uploads\/2022\/01\/Logo_Organisator_Website.png","width":800,"height":77,"caption":"Organisator"},"image":{"@id":"https:\/\/www.organisator.ch\/#\/schema\/logo\/image\/"},"sameAs":["https:\/\/www.facebook.com\/OrganisatorFachmagazin","https:\/\/www.linkedin.com\/showcase\/organisator-das-magazin-fr-kmu","https:\/\/www.xing.com\/news\/pages\/organisator-ch-695","https:\/\/www.youtube.com\/channel\/UCGP2Sq0iWaZwT3BdIAQFYpw"]},{"@type":"Person","@id":"https:\/\/www.organisator.ch\/#\/schema\/person\/4e51799071cd2dd1232ac003643ef5f0","name":"galledia","image":{"@type":"ImageObject","inLanguage":"fr-FR","@id":"https:\/\/secure.gravatar.com\/avatar\/78a7f90c01fc2bfc875782a0d4922b37cde2cf184ce347b91316d23cd7f69a36?s=96&d=mm&r=g","url":"https:\/\/secure.gravatar.com\/avatar\/78a7f90c01fc2bfc875782a0d4922b37cde2cf184ce347b91316d23cd7f69a36?s=96&d=mm&r=g","contentUrl":"https:\/\/secure.gravatar.com\/avatar\/78a7f90c01fc2bfc875782a0d4922b37cde2cf184ce347b91316d23cd7f69a36?s=96&d=mm&r=g","caption":"galledia"},"sameAs":["https:\/\/x.com\/admin"],"url":"https:\/\/www.organisator.ch\/fr\/author\/galledia\/"}]}},"_links":{"self":[{"href":"https:\/\/www.organisator.ch\/fr\/wp-json\/wp\/v2\/posts\/36586","targetHints":{"allow":["GET"]}}],"collection":[{"href":"https:\/\/www.organisator.ch\/fr\/wp-json\/wp\/v2\/posts"}],"about":[{"href":"https:\/\/www.organisator.ch\/fr\/wp-json\/wp\/v2\/types\/post"}],"author":[{"embeddable":true,"href":"https:\/\/www.organisator.ch\/fr\/wp-json\/wp\/v2\/users\/8"}],"replies":[{"embeddable":true,"href":"https:\/\/www.organisator.ch\/fr\/wp-json\/wp\/v2\/comments?post=36586"}],"version-history":[{"count":3,"href":"https:\/\/www.organisator.ch\/fr\/wp-json\/wp\/v2\/posts\/36586\/revisions"}],"predecessor-version":[{"id":36598,"href":"https:\/\/www.organisator.ch\/fr\/wp-json\/wp\/v2\/posts\/36586\/revisions\/36598"}],"wp:attachment":[{"href":"https:\/\/www.organisator.ch\/fr\/wp-json\/wp\/v2\/media?parent=36586"}],"wp:term":[{"taxonomy":"category","embeddable":true,"href":"https:\/\/www.organisator.ch\/fr\/wp-json\/wp\/v2\/categories?post=36586"},{"taxonomy":"post_tag","embeddable":true,"href":"https:\/\/www.organisator.ch\/fr\/wp-json\/wp\/v2\/tags?post=36586"}],"curies":[{"name":"wp","href":"https:\/\/api.w.org\/{rel}","templated":true}]}}