{"id":36596,"date":"2025-03-06T11:44:22","date_gmt":"2025-03-06T10:44:22","guid":{"rendered":"https:\/\/www.organisator.ch\/?p=36596"},"modified":"2025-03-05T11:48:51","modified_gmt":"2025-03-05T10:48:51","slug":"prix-svc-espace-mittelland-olwo-ag","status":"publish","type":"post","link":"https:\/\/www.organisator.ch\/fr\/management\/2025-03-06\/prix-svc-espace-mittelland-olwo-ag\/","title":{"rendered":"Prix SVC Espace Mittelland : Olwo AG"},"content":{"rendered":"<figure id=\"attachment_36627\" aria-describedby=\"caption-attachment-36627\" style=\"width: 1200px\" class=\"wp-caption alignnone\"><img loading=\"lazy\" decoding=\"async\" class=\"size-full wp-image-36627\" src=\"https:\/\/www.organisator.ch\/wp-content\/uploads\/2025\/03\/olwo-rundholzplatz-051-verkleinert.jpg\" alt=\"\" width=\"1200\" height=\"420\" srcset=\"https:\/\/www.organisator.ch\/wp-content\/uploads\/2025\/03\/olwo-rundholzplatz-051-verkleinert.jpg 1200w, https:\/\/www.organisator.ch\/wp-content\/uploads\/2025\/03\/olwo-rundholzplatz-051-verkleinert-680x238.jpg 680w, https:\/\/www.organisator.ch\/wp-content\/uploads\/2025\/03\/olwo-rundholzplatz-051-verkleinert-1024x358.jpg 1024w, https:\/\/www.organisator.ch\/wp-content\/uploads\/2025\/03\/olwo-rundholzplatz-051-verkleinert-768x269.jpg 768w, https:\/\/www.organisator.ch\/wp-content\/uploads\/2025\/03\/olwo-rundholzplatz-051-verkleinert-18x6.jpg 18w, https:\/\/www.organisator.ch\/wp-content\/uploads\/2025\/03\/olwo-rundholzplatz-051-verkleinert-375x131.jpg 375w, https:\/\/www.organisator.ch\/wp-content\/uploads\/2025\/03\/olwo-rundholzplatz-051-verkleinert-760x266.jpg 760w, https:\/\/www.organisator.ch\/wp-content\/uploads\/2025\/03\/olwo-rundholzplatz-051-verkleinert-1000x350.jpg 1000w\" sizes=\"auto, (max-width: 1200px) 100vw, 1200px\" \/><figcaption id=\"caption-attachment-36627\" class=\"wp-caption-text\">Olwo AG est finaliste du Prix SVC Espace Mittelland 2025. Un bref portrait de cette entreprise traditionnelle de la branche suisse du bois. (Image : Olwo AG \/ www.olwo.ch)<\/figcaption><\/figure>\n<p>Olwo AG est une entreprise de production, de commerce et de distribution leader dans le secteur suisse du bois. Depuis pr\u00e8s de 100 ans, l'entreprise est g\u00e9r\u00e9e comme une entreprise familiale et se trouve entre-temps dans la troisi\u00e8me et la quatri\u00e8me g\u00e9n\u00e9ration. Avec environ 200 collaborateurs, Olwo exploite deux scieries \u00e0 Worb et Erlenbach ainsi qu'une raboterie \u00e0 Stalden. L'entreprise propose un large assortiment de mat\u00e9riaux en bois et allie tradition et technologie de pointe. Gr\u00e2ce \u00e0 cette offre diversifi\u00e9e, Olwo SA est un partenaire important pour les artisans, les architectes et les ma\u00eetres d'ouvrage.<\/p>\n<h3><strong>Comp\u00e9tence en bois depuis 1926<\/strong><\/h3>\n<p>Le nom Olwo signifie \"Otto L\u00e4drach, Worb\". Ce qui a commenc\u00e9 en 1926 comme scierie lou\u00e9e \u00e0 Enggistein est aujourd'hui une entreprise de production et de commerce largement implant\u00e9e dans la branche suisse du bois. Au cours des derni\u00e8res d\u00e9cennies, Olwo n'a cess\u00e9 d'\u00e9tendre ses capacit\u00e9s, notamment en agrandissant le site d'Erlenbach et en int\u00e9grant une holding familiale ind\u00e9pendante. Parall\u00e8lement, l'entreprise a continuellement investi dans la modernisation de ses infrastructures - de la r\u00e9novation des scieries de Worb et d'Erlenbach \u00e0 l'introduction de processus logistiques num\u00e9ris\u00e9s. En 2023, un changement de direction a en outre eu lieu : Apr\u00e8s 25 ans en tant que CEO, Markus L\u00e4drach a transmis la direction de l'entreprise \u00e0 son cousin Thomas L\u00e4drach.<\/p>\n<h3><strong>Travail moderne du bois avec pr\u00e9cision<\/strong><\/h3>\n<p>Le sciage et la transformation du bois d'\u00e9pic\u00e9a et de sapin font partie des comp\u00e9tences cl\u00e9s d'Olwo SA depuis des d\u00e9cennies. Les deux scieries sont orient\u00e9es vers les besoins des clients et permettent, gr\u00e2ce \u00e0 des installations modernes, de proposer un large assortiment de haute qualit\u00e9. La modernisation permanente des sites de production optimise l'ensemble de la cha\u00eene de cr\u00e9ation de valeur. De plus, des solutions logistiques num\u00e9riques permettent un contr\u00f4le pr\u00e9cis des processus - de l'approvisionnement en mati\u00e8res premi\u00e8res \u00e0 la livraison. Des relations \u00e0 long terme avec les fournisseurs garantissent l'approvisionnement en mati\u00e8res premi\u00e8res provenant de r\u00e9gions foresti\u00e8res proches et riches en mati\u00e8res premi\u00e8res.<\/p>\n<h3><strong>Durabilit\u00e9 et strat\u00e9gie d'avenir<\/strong><\/h3>\n<p>Olwo AG mise sur une utilisation responsable du bois, des m\u00e9thodes de production modernes et des \u00e9nergies renouvelables. L'entreprise utilise du bois suisse issu d'une gestion foresti\u00e8re durable et utilise du bois ainsi que de l'\u00e9lectricit\u00e9 solaire pour une production d'\u00e9nergie qui pr\u00e9serve les ressources. Dans le cadre d'une convention d'objectifs avec l'Agence act Cleantech Suisse, Olwo s'est engag\u00e9e \u00e0 r\u00e9duire sa consommation d'\u00e9nergie et ses \u00e9missions de CO\u2082. L'entreprise a \u00e9t\u00e9 r\u00e9compens\u00e9e pour ces efforts.<\/p>\n<p>Olwo est \u00e9galement orient\u00e9e vers l'avenir sur le plan strat\u00e9gique : La modernisation continue des sites de production et les investissements dans les processus num\u00e9riques garantissent la comp\u00e9titivit\u00e9 et l'efficacit\u00e9. Avec un fort ancrage dans la branche du bois suisse, une infrastructure ultramoderne et une focalisation claire sur la durabilit\u00e9 et la qualit\u00e9, l'entreprise cr\u00e9e les bases d'une croissance \u00e0 long terme.<\/p>\n<p><em>Plus d'informations : <a href=\"https:\/\/www.olwo.ch\/de\/\">www.olwo.ch<\/a>\u00a0\/\u00a0<a href=\"https:\/\/svc.swiss\/de\/event\/prix-svc-espace-mittelland-2025\">www.svc.swiss<\/a><\/em><\/p>\n<blockquote>\n<h3>Prix SVC Espace Mittelland 2025<\/h3>\n<p>La remise des prix aura lieu le mercredi 12 mars 2025 au Kursaal de Berne. Pr\u00e8s de 1'300 invit\u00e9s issus des milieux \u00e9conomiques, scientifiques, politiques et culturels sont attendus. Le Prix SVC Espace Mittelland a \u00e9t\u00e9 d\u00e9cern\u00e9 pour la premi\u00e8re fois en 2003 et l'\u00e9dition 2025 en est d\u00e9j\u00e0 \u00e0 sa quinzi\u00e8me \u00e9dition.\u00a0<a href=\"https:\/\/svc.swiss\/sites\/default\/files\/2025-01\/online_svc_leporello_a5_espacemittelland.pdf\">Plus d'informations.<\/a><\/p>\n<\/blockquote>","protected":false},"excerpt":{"rendered":"<p>Le 12 mars 2025, le Prix SVC Espace Mittelland sera d\u00e9cern\u00e9 pour la 15e fois. Parmi les finalistes figure Olwo AG, dont le si\u00e8ge est \u00e0 Worb BE. Voici un bref portrait de cette entreprise familiale qui marque de son empreinte la fili\u00e8re bois suisse depuis pr\u00e8s de 100 ans.<\/p>","protected":false},"author":80,"featured_media":36627,"comment_status":"closed","ping_status":"closed","sticky":false,"template":"","format":"standard","meta":{"_acf_changed":false,"_yoast_wpseo_focuskw":"Olwo AG","_yoast_wpseo_metadesc":"Die Olwo AG ist Finalistin beim Prix SVC Espace Mittelland 2025. Ein Kurzportr\u00e4t des Familienunternehmens aus der Schweizer Holzbranche.","articlekey":"","footnotes":""},"categories":[28],"tags":[66,1369,1787,391,492],"class_list":["post-36596","post","type-post","status-publish","format-standard","has-post-thumbnail","hentry","category-management","tag-awards","tag-holz","tag-nachhaltigkeit","tag-prix-svc-espace-mittelland","tag-unternehmen"],"acf":[],"yoast_head":"<!-- This site is optimized with the Yoast SEO plugin v27.4 - https:\/\/yoast.com\/product\/yoast-seo-wordpress\/ -->\n<title>Prix SVC Espace Mittelland: Olwo AG - Organisator<\/title>\n<meta name=\"description\" content=\"Die Olwo AG ist Finalistin beim Prix SVC Espace Mittelland 2025. Ein Kurzportr\u00e4t des Familienunternehmens aus der Schweizer Holzbranche.\" \/>\n<meta name=\"robots\" content=\"index, follow, max-snippet:-1, max-image-preview:large, max-video-preview:-1\" \/>\n<link rel=\"canonical\" href=\"https:\/\/www.organisator.ch\/fr\/gestion-2\/2025-03-06\/prix-svc-espace-mittelland-olwo-ag\/\" \/>\n<meta property=\"og:locale\" content=\"fr_FR\" \/>\n<meta property=\"og:type\" content=\"article\" \/>\n<meta property=\"og:title\" content=\"Prix SVC Espace Mittelland: Olwo AG\" \/>\n<meta property=\"og:description\" content=\"Die Olwo AG ist Finalistin beim Prix SVC Espace Mittelland 2025. Ein Kurzportr\u00e4t des Familienunternehmens aus der Schweizer Holzbranche.\" \/>\n<meta property=\"og:url\" content=\"https:\/\/www.organisator.ch\/fr\/gestion-2\/2025-03-06\/prix-svc-espace-mittelland-olwo-ag\/\" \/>\n<meta property=\"og:site_name\" content=\"Organisator\" \/>\n<meta property=\"article:publisher\" content=\"https:\/\/www.facebook.com\/OrganisatorFachmagazin\" \/>\n<meta property=\"article:published_time\" content=\"2025-03-06T10:44:22+00:00\" \/>\n<meta property=\"og:image\" content=\"https:\/\/www.organisator.ch\/wp-content\/uploads\/2025\/03\/olwo-rundholzplatz-051-verkleinert.jpg\" \/>\n\t<meta property=\"og:image:width\" content=\"1200\" \/>\n\t<meta property=\"og:image:height\" content=\"420\" \/>\n\t<meta property=\"og:image:type\" content=\"image\/jpeg\" \/>\n<meta name=\"author\" content=\"Dzana Muminovic\" \/>\n<meta name=\"twitter:card\" content=\"summary_large_image\" \/>\n<meta name=\"twitter:title\" content=\"Prix SVC Espace Mittelland: Olwo AG\" \/>\n<meta name=\"twitter:description\" content=\"Die #Olwo AG ist #Finalistin beim #Prix #SVC #Espace #Mittelland 2025. Ein #Kurzportr\u00e4t des #Familienunternehmens aus der #Schweizer #Holzbranche.\" \/>\n<meta name=\"twitter:image\" content=\"https:\/\/www.organisator.ch\/wp-content\/uploads\/2025\/03\/olwo-rundholzplatz-051-verkleinert.jpg\" \/>\n<script type=\"application\/ld+json\" class=\"yoast-schema-graph\">{\"@context\":\"https:\\\/\\\/schema.org\",\"@graph\":[{\"@type\":\"Article\",\"@id\":\"https:\\\/\\\/www.organisator.ch\\\/management\\\/2025-03-06\\\/prix-svc-espace-mittelland-olwo-ag\\\/#article\",\"isPartOf\":{\"@id\":\"https:\\\/\\\/www.organisator.ch\\\/management\\\/2025-03-06\\\/prix-svc-espace-mittelland-olwo-ag\\\/\"},\"author\":{\"name\":\"Dzana Muminovic\",\"@id\":\"https:\\\/\\\/www.organisator.ch\\\/#\\\/schema\\\/person\\\/afccda3a71c06d4be2ed9100dd163db7\"},\"headline\":\"Prix SVC Espace Mittelland: Olwo AG\",\"datePublished\":\"2025-03-06T10:44:22+00:00\",\"mainEntityOfPage\":{\"@id\":\"https:\\\/\\\/www.organisator.ch\\\/management\\\/2025-03-06\\\/prix-svc-espace-mittelland-olwo-ag\\\/\"},\"wordCount\":490,\"publisher\":{\"@id\":\"https:\\\/\\\/www.organisator.ch\\\/#organization\"},\"image\":{\"@id\":\"https:\\\/\\\/www.organisator.ch\\\/management\\\/2025-03-06\\\/prix-svc-espace-mittelland-olwo-ag\\\/#primaryimage\"},\"thumbnailUrl\":\"https:\\\/\\\/www.organisator.ch\\\/wp-content\\\/uploads\\\/2025\\\/03\\\/olwo-rundholzplatz-051-verkleinert.jpg\",\"keywords\":[\"Awards\",\"Holz\",\"Nachhaltigkeit\",\"Prix SVC Espace Mittelland\",\"Unternehmen\"],\"articleSection\":[\"MANAGEMENT\"],\"inLanguage\":\"fr-FR\"},{\"@type\":\"WebPage\",\"@id\":\"https:\\\/\\\/www.organisator.ch\\\/management\\\/2025-03-06\\\/prix-svc-espace-mittelland-olwo-ag\\\/\",\"url\":\"https:\\\/\\\/www.organisator.ch\\\/management\\\/2025-03-06\\\/prix-svc-espace-mittelland-olwo-ag\\\/\",\"name\":\"Prix SVC Espace Mittelland: Olwo AG - Organisator\",\"isPartOf\":{\"@id\":\"https:\\\/\\\/www.organisator.ch\\\/#website\"},\"primaryImageOfPage\":{\"@id\":\"https:\\\/\\\/www.organisator.ch\\\/management\\\/2025-03-06\\\/prix-svc-espace-mittelland-olwo-ag\\\/#primaryimage\"},\"image\":{\"@id\":\"https:\\\/\\\/www.organisator.ch\\\/management\\\/2025-03-06\\\/prix-svc-espace-mittelland-olwo-ag\\\/#primaryimage\"},\"thumbnailUrl\":\"https:\\\/\\\/www.organisator.ch\\\/wp-content\\\/uploads\\\/2025\\\/03\\\/olwo-rundholzplatz-051-verkleinert.jpg\",\"datePublished\":\"2025-03-06T10:44:22+00:00\",\"description\":\"Die Olwo AG ist Finalistin beim Prix SVC Espace Mittelland 2025. Ein Kurzportr\u00e4t des Familienunternehmens aus der Schweizer Holzbranche.\",\"breadcrumb\":{\"@id\":\"https:\\\/\\\/www.organisator.ch\\\/management\\\/2025-03-06\\\/prix-svc-espace-mittelland-olwo-ag\\\/#breadcrumb\"},\"inLanguage\":\"fr-FR\",\"potentialAction\":[{\"@type\":\"ReadAction\",\"target\":[\"https:\\\/\\\/www.organisator.ch\\\/management\\\/2025-03-06\\\/prix-svc-espace-mittelland-olwo-ag\\\/\"]}]},{\"@type\":\"ImageObject\",\"inLanguage\":\"fr-FR\",\"@id\":\"https:\\\/\\\/www.organisator.ch\\\/management\\\/2025-03-06\\\/prix-svc-espace-mittelland-olwo-ag\\\/#primaryimage\",\"url\":\"https:\\\/\\\/www.organisator.ch\\\/wp-content\\\/uploads\\\/2025\\\/03\\\/olwo-rundholzplatz-051-verkleinert.jpg\",\"contentUrl\":\"https:\\\/\\\/www.organisator.ch\\\/wp-content\\\/uploads\\\/2025\\\/03\\\/olwo-rundholzplatz-051-verkleinert.jpg\",\"width\":1200,\"height\":420,\"caption\":\"Die Olwo AG ist Finalistin beim Prix SVC Espace Mittelland 2025. Ein Kurzportr\u00e4t des Traditionsunternehmens aus der Schweizer Holzbranche. (Bild: Olwo AG \\\/ www.olwo.ch)\"},{\"@type\":\"BreadcrumbList\",\"@id\":\"https:\\\/\\\/www.organisator.ch\\\/management\\\/2025-03-06\\\/prix-svc-espace-mittelland-olwo-ag\\\/#breadcrumb\",\"itemListElement\":[{\"@type\":\"ListItem\",\"position\":1,\"name\":\"Home\",\"item\":\"https:\\\/\\\/www.organisator.ch\\\/\"},{\"@type\":\"ListItem\",\"position\":2,\"name\":\"Prix SVC Espace Mittelland: Olwo AG\"}]},{\"@type\":\"WebSite\",\"@id\":\"https:\\\/\\\/www.organisator.ch\\\/#website\",\"url\":\"https:\\\/\\\/www.organisator.ch\\\/\",\"name\":\"Organisator\",\"description\":\"Kompetent. Praxisnah. Der ORGANISATOR bereitet in 10 Ausgaben pro Jahr die wesentlichen Themen f\u00fcr F\u00fchrungskr\u00e4fte von KMU auf.\",\"publisher\":{\"@id\":\"https:\\\/\\\/www.organisator.ch\\\/#organization\"},\"potentialAction\":[{\"@type\":\"SearchAction\",\"target\":{\"@type\":\"EntryPoint\",\"urlTemplate\":\"https:\\\/\\\/www.organisator.ch\\\/?s={search_term_string}\"},\"query-input\":{\"@type\":\"PropertyValueSpecification\",\"valueRequired\":true,\"valueName\":\"search_term_string\"}}],\"inLanguage\":\"fr-FR\"},{\"@type\":\"Organization\",\"@id\":\"https:\\\/\\\/www.organisator.ch\\\/#organization\",\"name\":\"Organisator\",\"url\":\"https:\\\/\\\/www.organisator.ch\\\/\",\"logo\":{\"@type\":\"ImageObject\",\"inLanguage\":\"fr-FR\",\"@id\":\"https:\\\/\\\/www.organisator.ch\\\/#\\\/schema\\\/logo\\\/image\\\/\",\"url\":\"https:\\\/\\\/www.organisator.ch\\\/wp-content\\\/uploads\\\/2022\\\/01\\\/Logo_Organisator_Website.png\",\"contentUrl\":\"https:\\\/\\\/www.organisator.ch\\\/wp-content\\\/uploads\\\/2022\\\/01\\\/Logo_Organisator_Website.png\",\"width\":800,\"height\":77,\"caption\":\"Organisator\"},\"image\":{\"@id\":\"https:\\\/\\\/www.organisator.ch\\\/#\\\/schema\\\/logo\\\/image\\\/\"},\"sameAs\":[\"https:\\\/\\\/www.facebook.com\\\/OrganisatorFachmagazin\",\"https:\\\/\\\/www.linkedin.com\\\/showcase\\\/organisator-das-magazin-fr-kmu\",\"https:\\\/\\\/www.xing.com\\\/news\\\/pages\\\/organisator-ch-695\",\"https:\\\/\\\/www.youtube.com\\\/channel\\\/UCGP2Sq0iWaZwT3BdIAQFYpw\"]},{\"@type\":\"Person\",\"@id\":\"https:\\\/\\\/www.organisator.ch\\\/#\\\/schema\\\/person\\\/afccda3a71c06d4be2ed9100dd163db7\",\"name\":\"Dzana Muminovic\",\"image\":{\"@type\":\"ImageObject\",\"inLanguage\":\"fr-FR\",\"@id\":\"https:\\\/\\\/secure.gravatar.com\\\/avatar\\\/909c5c71aff4b38e88686f2ab2f1ba152571f394f41ed8bae431ea56ced93050?s=96&d=mm&r=g\",\"url\":\"https:\\\/\\\/secure.gravatar.com\\\/avatar\\\/909c5c71aff4b38e88686f2ab2f1ba152571f394f41ed8bae431ea56ced93050?s=96&d=mm&r=g\",\"contentUrl\":\"https:\\\/\\\/secure.gravatar.com\\\/avatar\\\/909c5c71aff4b38e88686f2ab2f1ba152571f394f41ed8bae431ea56ced93050?s=96&d=mm&r=g\",\"caption\":\"Dzana Muminovic\"},\"url\":\"https:\\\/\\\/www.organisator.ch\\\/fr\\\/author\\\/dzana-muminovic\\\/\"}]}<\/script>\n<!-- \/ Yoast SEO plugin. -->","yoast_head_json":{"title":"Prix SVC Espace Mittelland : Olwo AG - Organisateur","description":"Olwo AG est finaliste du Prix SVC Espace Mittelland 2025. Un bref portrait de cette entreprise familiale de la fili\u00e8re bois suisse.","robots":{"index":"index","follow":"follow","max-snippet":"max-snippet:-1","max-image-preview":"max-image-preview:large","max-video-preview":"max-video-preview:-1"},"canonical":"https:\/\/www.organisator.ch\/fr\/gestion-2\/2025-03-06\/prix-svc-espace-mittelland-olwo-ag\/","og_locale":"fr_FR","og_type":"article","og_title":"Prix SVC Espace Mittelland: Olwo AG","og_description":"Die Olwo AG ist Finalistin beim Prix SVC Espace Mittelland 2025. Ein Kurzportr\u00e4t des Familienunternehmens aus der Schweizer Holzbranche.","og_url":"https:\/\/www.organisator.ch\/fr\/gestion-2\/2025-03-06\/prix-svc-espace-mittelland-olwo-ag\/","og_site_name":"Organisator","article_publisher":"https:\/\/www.facebook.com\/OrganisatorFachmagazin","article_published_time":"2025-03-06T10:44:22+00:00","og_image":[{"width":1200,"height":420,"url":"https:\/\/www.organisator.ch\/wp-content\/uploads\/2025\/03\/olwo-rundholzplatz-051-verkleinert.jpg","type":"image\/jpeg"}],"author":"Dzana Muminovic","twitter_card":"summary_large_image","twitter_title":"Prix SVC Espace Mittelland: Olwo AG","twitter_description":"Die #Olwo AG ist #Finalistin beim #Prix #SVC #Espace #Mittelland 2025. Ein #Kurzportr\u00e4t des #Familienunternehmens aus der #Schweizer #Holzbranche.","twitter_image":"https:\/\/www.organisator.ch\/wp-content\/uploads\/2025\/03\/olwo-rundholzplatz-051-verkleinert.jpg","schema":{"@context":"https:\/\/schema.org","@graph":[{"@type":"Article","@id":"https:\/\/www.organisator.ch\/management\/2025-03-06\/prix-svc-espace-mittelland-olwo-ag\/#article","isPartOf":{"@id":"https:\/\/www.organisator.ch\/management\/2025-03-06\/prix-svc-espace-mittelland-olwo-ag\/"},"author":{"name":"Dzana Muminovic","@id":"https:\/\/www.organisator.ch\/#\/schema\/person\/afccda3a71c06d4be2ed9100dd163db7"},"headline":"Prix SVC Espace Mittelland: Olwo AG","datePublished":"2025-03-06T10:44:22+00:00","mainEntityOfPage":{"@id":"https:\/\/www.organisator.ch\/management\/2025-03-06\/prix-svc-espace-mittelland-olwo-ag\/"},"wordCount":490,"publisher":{"@id":"https:\/\/www.organisator.ch\/#organization"},"image":{"@id":"https:\/\/www.organisator.ch\/management\/2025-03-06\/prix-svc-espace-mittelland-olwo-ag\/#primaryimage"},"thumbnailUrl":"https:\/\/www.organisator.ch\/wp-content\/uploads\/2025\/03\/olwo-rundholzplatz-051-verkleinert.jpg","keywords":["Awards","Holz","Nachhaltigkeit","Prix SVC Espace Mittelland","Unternehmen"],"articleSection":["MANAGEMENT"],"inLanguage":"fr-FR"},{"@type":"WebPage","@id":"https:\/\/www.organisator.ch\/management\/2025-03-06\/prix-svc-espace-mittelland-olwo-ag\/","url":"https:\/\/www.organisator.ch\/management\/2025-03-06\/prix-svc-espace-mittelland-olwo-ag\/","name":"Prix SVC Espace Mittelland : Olwo AG - Organisateur","isPartOf":{"@id":"https:\/\/www.organisator.ch\/#website"},"primaryImageOfPage":{"@id":"https:\/\/www.organisator.ch\/management\/2025-03-06\/prix-svc-espace-mittelland-olwo-ag\/#primaryimage"},"image":{"@id":"https:\/\/www.organisator.ch\/management\/2025-03-06\/prix-svc-espace-mittelland-olwo-ag\/#primaryimage"},"thumbnailUrl":"https:\/\/www.organisator.ch\/wp-content\/uploads\/2025\/03\/olwo-rundholzplatz-051-verkleinert.jpg","datePublished":"2025-03-06T10:44:22+00:00","description":"Olwo AG est finaliste du Prix SVC Espace Mittelland 2025. Un bref portrait de cette entreprise familiale de la fili\u00e8re bois suisse.","breadcrumb":{"@id":"https:\/\/www.organisator.ch\/management\/2025-03-06\/prix-svc-espace-mittelland-olwo-ag\/#breadcrumb"},"inLanguage":"fr-FR","potentialAction":[{"@type":"ReadAction","target":["https:\/\/www.organisator.ch\/management\/2025-03-06\/prix-svc-espace-mittelland-olwo-ag\/"]}]},{"@type":"ImageObject","inLanguage":"fr-FR","@id":"https:\/\/www.organisator.ch\/management\/2025-03-06\/prix-svc-espace-mittelland-olwo-ag\/#primaryimage","url":"https:\/\/www.organisator.ch\/wp-content\/uploads\/2025\/03\/olwo-rundholzplatz-051-verkleinert.jpg","contentUrl":"https:\/\/www.organisator.ch\/wp-content\/uploads\/2025\/03\/olwo-rundholzplatz-051-verkleinert.jpg","width":1200,"height":420,"caption":"Die Olwo AG ist Finalistin beim Prix SVC Espace Mittelland 2025. Ein Kurzportr\u00e4t des Traditionsunternehmens aus der Schweizer Holzbranche. (Bild: Olwo AG \/ www.olwo.ch)"},{"@type":"BreadcrumbList","@id":"https:\/\/www.organisator.ch\/management\/2025-03-06\/prix-svc-espace-mittelland-olwo-ag\/#breadcrumb","itemListElement":[{"@type":"ListItem","position":1,"name":"Home","item":"https:\/\/www.organisator.ch\/"},{"@type":"ListItem","position":2,"name":"Prix SVC Espace Mittelland: Olwo AG"}]},{"@type":"WebSite","@id":"https:\/\/www.organisator.ch\/#website","url":"https:\/\/www.organisator.ch\/","name":"Organisateur","description":"Comp\u00e9tence et comp\u00e9tence. Proches de la pratique. L'ORGANISATEUR pr\u00e9pare 10 num\u00e9ros par an sur les th\u00e8mes essentiels pour les dirigeants de PME.","publisher":{"@id":"https:\/\/www.organisator.ch\/#organization"},"potentialAction":[{"@type":"SearchAction","target":{"@type":"EntryPoint","urlTemplate":"https:\/\/www.organisator.ch\/?s={search_term_string}"},"query-input":{"@type":"PropertyValueSpecification","valueRequired":true,"valueName":"search_term_string"}}],"inLanguage":"fr-FR"},{"@type":"Organization","@id":"https:\/\/www.organisator.ch\/#organization","name":"Organisateur","url":"https:\/\/www.organisator.ch\/","logo":{"@type":"ImageObject","inLanguage":"fr-FR","@id":"https:\/\/www.organisator.ch\/#\/schema\/logo\/image\/","url":"https:\/\/www.organisator.ch\/wp-content\/uploads\/2022\/01\/Logo_Organisator_Website.png","contentUrl":"https:\/\/www.organisator.ch\/wp-content\/uploads\/2022\/01\/Logo_Organisator_Website.png","width":800,"height":77,"caption":"Organisator"},"image":{"@id":"https:\/\/www.organisator.ch\/#\/schema\/logo\/image\/"},"sameAs":["https:\/\/www.facebook.com\/OrganisatorFachmagazin","https:\/\/www.linkedin.com\/showcase\/organisator-das-magazin-fr-kmu","https:\/\/www.xing.com\/news\/pages\/organisator-ch-695","https:\/\/www.youtube.com\/channel\/UCGP2Sq0iWaZwT3BdIAQFYpw"]},{"@type":"Person","@id":"https:\/\/www.organisator.ch\/#\/schema\/person\/afccda3a71c06d4be2ed9100dd163db7","name":"Dzana Muminovic","image":{"@type":"ImageObject","inLanguage":"fr-FR","@id":"https:\/\/secure.gravatar.com\/avatar\/909c5c71aff4b38e88686f2ab2f1ba152571f394f41ed8bae431ea56ced93050?s=96&d=mm&r=g","url":"https:\/\/secure.gravatar.com\/avatar\/909c5c71aff4b38e88686f2ab2f1ba152571f394f41ed8bae431ea56ced93050?s=96&d=mm&r=g","contentUrl":"https:\/\/secure.gravatar.com\/avatar\/909c5c71aff4b38e88686f2ab2f1ba152571f394f41ed8bae431ea56ced93050?s=96&d=mm&r=g","caption":"Dzana Muminovic"},"url":"https:\/\/www.organisator.ch\/fr\/author\/dzana-muminovic\/"}]}},"_links":{"self":[{"href":"https:\/\/www.organisator.ch\/fr\/wp-json\/wp\/v2\/posts\/36596","targetHints":{"allow":["GET"]}}],"collection":[{"href":"https:\/\/www.organisator.ch\/fr\/wp-json\/wp\/v2\/posts"}],"about":[{"href":"https:\/\/www.organisator.ch\/fr\/wp-json\/wp\/v2\/types\/post"}],"author":[{"embeddable":true,"href":"https:\/\/www.organisator.ch\/fr\/wp-json\/wp\/v2\/users\/80"}],"replies":[{"embeddable":true,"href":"https:\/\/www.organisator.ch\/fr\/wp-json\/wp\/v2\/comments?post=36596"}],"version-history":[{"count":9,"href":"https:\/\/www.organisator.ch\/fr\/wp-json\/wp\/v2\/posts\/36596\/revisions"}],"predecessor-version":[{"id":36729,"href":"https:\/\/www.organisator.ch\/fr\/wp-json\/wp\/v2\/posts\/36596\/revisions\/36729"}],"wp:featuredmedia":[{"embeddable":true,"href":"https:\/\/www.organisator.ch\/fr\/wp-json\/wp\/v2\/media\/36627"}],"wp:attachment":[{"href":"https:\/\/www.organisator.ch\/fr\/wp-json\/wp\/v2\/media?parent=36596"}],"wp:term":[{"taxonomy":"category","embeddable":true,"href":"https:\/\/www.organisator.ch\/fr\/wp-json\/wp\/v2\/categories?post=36596"},{"taxonomy":"post_tag","embeddable":true,"href":"https:\/\/www.organisator.ch\/fr\/wp-json\/wp\/v2\/tags?post=36596"}],"curies":[{"name":"wp","href":"https:\/\/api.w.org\/{rel}","templated":true}]}}