{"id":3660,"date":"2021-01-11T06:00:24","date_gmt":"2021-01-11T05:00:24","guid":{"rendered":"https:\/\/www.umweltperspektiven.ch\/?p=3660"},"modified":"2021-01-11T06:00:24","modified_gmt":"2021-01-11T05:00:24","slug":"luftverschmutzung-halbierung-der-vorzeitigen-todesfaelle-moeglich","status":"publish","type":"post","link":"https:\/\/www.organisator.ch\/fr\/allgemein\/2021-01-11\/luftverschmutzung-halbierung-der-vorzeitigen-todesfaelle-moeglich\/","title":{"rendered":"Pollution atmosph\u00e9rique : possibilit\u00e9 de r\u00e9duire de moiti\u00e9 les d\u00e9c\u00e8s pr\u00e9matur\u00e9s"},"content":{"rendered":"<figure id=\"attachment_3661\" aria-describedby=\"caption-attachment-3661\" style=\"width: 680px\" class=\"wp-caption aligncenter\"><img loading=\"lazy\" decoding=\"async\" class=\"size-medium wp-image-3661\" src=\"\/\/www.umweltperspektiven.ch\/wp-content\/uploads\/2021\/01\/Depositphotos_84806778_s-2019.jpg\" alt=\"\" width=\"680\" height=\"454\" srcset=\"https:\/\/www.organisator.ch\/wp-content\/uploads\/2021\/01\/Depositphotos_84806778_s-2019.jpg 1000w, https:\/\/www.organisator.ch\/wp-content\/uploads\/2021\/01\/Depositphotos_84806778_s-2019-680x454.jpg 680w, https:\/\/www.organisator.ch\/wp-content\/uploads\/2021\/01\/Depositphotos_84806778_s-2019-768x512.jpg 768w, https:\/\/www.organisator.ch\/wp-content\/uploads\/2021\/01\/Depositphotos_84806778_s-2019-18x12.jpg 18w, https:\/\/www.organisator.ch\/wp-content\/uploads\/2021\/01\/Depositphotos_84806778_s-2019-262x175.jpg 262w, https:\/\/www.organisator.ch\/wp-content\/uploads\/2021\/01\/Depositphotos_84806778_s-2019-525x350.jpg 525w, https:\/\/www.organisator.ch\/wp-content\/uploads\/2021\/01\/Depositphotos_84806778_s-2019-920x614.jpg 920w, https:\/\/www.organisator.ch\/wp-content\/uploads\/2021\/01\/Depositphotos_84806778_s-2019-300x200.jpg 300w\" sizes=\"auto, (max-width: 680px) 100vw, 680px\" \/><figcaption id=\"caption-attachment-3661\" class=\"wp-caption-text\">L'agriculture pose un probl\u00e8me avec les \u00e9missions d'ammoniac. \u00a9 Depositphotos, zenstock<\/figcaption><\/figure>\n<p>&nbsp;<\/p>\n<p>Le rapport qui vient d'\u00eatre publi\u00e9 <a href=\"\/\/eur-lex.europa.eu\/legal-content\/DE\/TXT\/PDF\/?uri=COM:2021:3:FIN&amp;from=EN\">Rapport<\/a> sur les perspectives en mati\u00e8re de pollution atmosph\u00e9rique dans l'Union europ\u00e9enne fait dresser l'oreille. La conclusion du rapport est la suivante : \"Si toute la l\u00e9gislation adopt\u00e9e d'ici 2018 produisait pleinement ses effets et si les \u00c9tats membres mettaient en \u0153uvre les mesures annonc\u00e9es dans leurs programmes nationaux de lutte contre la pollution atmosph\u00e9rique, l'UE dans son ensemble serait en mesure de r\u00e9duire les \u00e9missions de polluants atmosph\u00e9riques conform\u00e9ment aux obligations pr\u00e9vues par la directive NEC (plafonds d'\u00e9mission nationaux pour certains polluants atmosph\u00e9riques) pour 2030\".<\/p>\n<p><strong>400 000 d\u00e9c\u00e8s pr\u00e9matur\u00e9s<\/strong><\/p>\n<p>Le rapport de l'AEE sur la qualit\u00e9 de l'air en Europe 2020 (\"Air quality in Europe - 2020 report\"), publi\u00e9 en novembre 2020, indique que, bien que les \u00e9missions de la plupart des polluants atmosph\u00e9riques aient diminu\u00e9 dans l'UE au cours des derni\u00e8res d\u00e9cennies, la pollution de l'air reste un probl\u00e8me important, comme le souligne le rapport. Et d'ajouter : \"La pollution de l'air est \u00e0 l'origine d'environ 400 000 d\u00e9c\u00e8s pr\u00e9matur\u00e9s par an dans l'UE et environ deux tiers de la surface des \u00e9cosyst\u00e8mes de l'UE sont expos\u00e9s \u00e0 l'eutrophisation. En outre, la pollution de l'air a un co\u00fbt \u00e9conomique consid\u00e9rable, car elle entra\u00eene une augmentation des d\u00e9penses m\u00e9dicales, une baisse de la productivit\u00e9, par exemple en raison de l'absent\u00e9isme au travail, et une diminution des rendements agricoles.<\/p>\n<p><strong>Probl\u00e8me de l'ammoniac <\/strong><\/p>\n<p>Mais il faut faire plus dans l'agriculture, a exig\u00e9 le commissaire europ\u00e9en \u00e0 l'environnement Virginijus Sinkevi\u010dius. En effet, le rapport montre clairement que les mesures prises jusqu'\u00e0 pr\u00e9sent ne suffisent pas \u00e0 r\u00e9duire les \u00e9missions d'ammoniac, qui proviennent \u00e0 90% du secteur agricole, aux valeurs maximales autoris\u00e9es. \"Les plans strat\u00e9giques dans le cadre de la nouvelle politique agricole commune doivent refl\u00e9ter cette n\u00e9cessit\u00e9\", a d\u00e9clar\u00e9 le commissaire.<\/p>\n<p>Le rapport montre que si toute la l\u00e9gislation existante \u00e9tait pleinement mise en \u0153uvre, la plupart des \u00c9tats membres seraient sur la bonne voie pour respecter leurs engagements de r\u00e9duction pour 2030 pour quatre des cinq polluants atmosph\u00e9riques couverts par la directive sur les obligations nationales de r\u00e9duction des \u00e9missions.<\/p>\n<p>Les mesures suppl\u00e9mentaires de lutte contre la pollution de l'air annonc\u00e9es dans les programmes nationaux de lutte contre la pollution de l'air acc\u00e9l\u00e9reront encore les am\u00e9liorations pr\u00e9vues, peut-on lire dans le communiqu\u00e9 de l'UE.<\/p>\n<p><em>Source : Commission europ\u00e9enne <\/em><\/p>\n<p>&nbsp;<\/p>\n<p>&nbsp;<\/p>","protected":false},"excerpt":{"rendered":"<p>&nbsp; Der soeben ver\u00f6ffentlichte Bericht zu den Aussichten \u00fcber die Luftverschmutzung in der Europ\u00e4ischen Union l\u00e4sst aufhorchen. Das Fazit des Berichts lautet: \u00abW\u00fcrden alle bis 2018 verabschiedeten Rechtsvorschriften ihren vollen Nutzen entfalten und w\u00fcrden die Mitgliedstaaten die in ihren nationalen Luftreinhalteprogrammen angek\u00fcndigten Massnahmen umsetzen, so w\u00e4re die EU insgesamt in der Lage, die Luftschadstoffemissionen entsprechend [&hellip;]<\/p>\n","protected":false},"author":6,"featured_media":3661,"comment_status":"closed","ping_status":"closed","sticky":false,"template":"","format":"standard","meta":{"_acf_changed":false,"_yoast_wpseo_focuskw":"Luftverschmutzung","_yoast_wpseo_metadesc":"Die Zahl der vorzeitigen Todesf\u00e4lle aufgrund von Luftverschmutzung k\u00f6nnte in der EU bis 2030 im Vergleich zu 2005 um etwa 55 Prozent gesenkt werden.","articlekey":"","footnotes":""},"categories":[1],"tags":[682,1132,1653],"class_list":["post-3660","post","type-post","status-publish","format-standard","has-post-thumbnail","hentry","category-allgemein","tag-agrarsektor","tag-eu","tag-luftverschmutzung"],"acf":[],"yoast_head":"<!-- This site is optimized with the Yoast SEO plugin v27.5 - https:\/\/yoast.com\/product\/yoast-seo-wordpress\/ -->\n<title>Luftverschmutzung: Halbierung der vorzeitigen Todesf\u00e4lle m\u00f6glich - Organisator<\/title>\n<meta name=\"description\" content=\"Die Zahl der vorzeitigen Todesf\u00e4lle aufgrund von Luftverschmutzung k\u00f6nnte in der EU bis 2030 im Vergleich zu 2005 um etwa 55 Prozent gesenkt werden.\" \/>\n<meta name=\"robots\" content=\"index, follow, max-snippet:-1, max-image-preview:large, max-video-preview:-1\" \/>\n<link rel=\"canonical\" href=\"https:\/\/www.organisator.ch\/fr\/general\/2021-01-11\/luftverschmutzung-halbierung-der-vorzeitigen-todesfaelle-moeglich\/\" \/>\n<meta property=\"og:locale\" content=\"fr_FR\" \/>\n<meta property=\"og:type\" content=\"article\" \/>\n<meta property=\"og:title\" content=\"Luftverschmutzung: Halbierung der vorzeitigen Todesf\u00e4lle m\u00f6glich - Organisator\" \/>\n<meta property=\"og:description\" content=\"Die Zahl der vorzeitigen Todesf\u00e4lle aufgrund von Luftverschmutzung k\u00f6nnte in der EU bis 2030 im Vergleich zu 2005 um etwa 55 Prozent gesenkt werden.\" \/>\n<meta property=\"og:url\" content=\"https:\/\/www.organisator.ch\/fr\/general\/2021-01-11\/luftverschmutzung-halbierung-der-vorzeitigen-todesfaelle-moeglich\/\" \/>\n<meta property=\"og:site_name\" content=\"Organisator\" \/>\n<meta property=\"article:publisher\" content=\"https:\/\/www.facebook.com\/OrganisatorFachmagazin\" \/>\n<meta property=\"article:published_time\" content=\"2021-01-11T05:00:24+00:00\" \/>\n<meta property=\"og:image\" content=\"https:\/\/www.organisator.ch\/wp-content\/uploads\/2021\/01\/Depositphotos_84806778_s-2019.jpg\" \/>\n\t<meta property=\"og:image:width\" content=\"1000\" \/>\n\t<meta property=\"og:image:height\" content=\"667\" \/>\n\t<meta property=\"og:image:type\" content=\"image\/jpeg\" \/>\n<meta name=\"author\" content=\"roger.straessle\" \/>\n<meta name=\"twitter:card\" content=\"summary_large_image\" \/>\n<script type=\"application\/ld+json\" class=\"yoast-schema-graph\">{\"@context\":\"https:\\\/\\\/schema.org\",\"@graph\":[{\"@type\":\"Article\",\"@id\":\"https:\\\/\\\/www.organisator.ch\\\/it\\\/generale\\\/2021-01-11\\\/luftverschmutzung-halbierung-der-vorzeitigen-todesfaelle-moeglich\\\/#article\",\"isPartOf\":{\"@id\":\"https:\\\/\\\/www.organisator.ch\\\/it\\\/generale\\\/2021-01-11\\\/luftverschmutzung-halbierung-der-vorzeitigen-todesfaelle-moeglich\\\/\"},\"author\":{\"name\":\"roger.straessle\",\"@id\":\"https:\\\/\\\/www.organisator.ch\\\/#\\\/schema\\\/person\\\/a800b8c54e208b160517a7dcc323161d\"},\"headline\":\"Luftverschmutzung: Halbierung der vorzeitigen Todesf\u00e4lle m\u00f6glich\",\"datePublished\":\"2021-01-11T05:00:24+00:00\",\"mainEntityOfPage\":{\"@id\":\"https:\\\/\\\/www.organisator.ch\\\/it\\\/generale\\\/2021-01-11\\\/luftverschmutzung-halbierung-der-vorzeitigen-todesfaelle-moeglich\\\/\"},\"wordCount\":364,\"publisher\":{\"@id\":\"https:\\\/\\\/www.organisator.ch\\\/#organization\"},\"image\":{\"@id\":\"https:\\\/\\\/www.organisator.ch\\\/it\\\/generale\\\/2021-01-11\\\/luftverschmutzung-halbierung-der-vorzeitigen-todesfaelle-moeglich\\\/#primaryimage\"},\"thumbnailUrl\":\"https:\\\/\\\/www.organisator.ch\\\/wp-content\\\/uploads\\\/2021\\\/01\\\/Depositphotos_84806778_s-2019.jpg\",\"keywords\":[\"Agrarsektor\",\"EU\",\"Luftverschmutzung\"],\"articleSection\":[\"Allgemein\"],\"inLanguage\":\"fr-FR\"},{\"@type\":\"WebPage\",\"@id\":\"https:\\\/\\\/www.organisator.ch\\\/it\\\/generale\\\/2021-01-11\\\/luftverschmutzung-halbierung-der-vorzeitigen-todesfaelle-moeglich\\\/\",\"url\":\"https:\\\/\\\/www.organisator.ch\\\/it\\\/generale\\\/2021-01-11\\\/luftverschmutzung-halbierung-der-vorzeitigen-todesfaelle-moeglich\\\/\",\"name\":\"Luftverschmutzung: Halbierung der vorzeitigen Todesf\u00e4lle m\u00f6glich - Organisator\",\"isPartOf\":{\"@id\":\"https:\\\/\\\/www.organisator.ch\\\/#website\"},\"primaryImageOfPage\":{\"@id\":\"https:\\\/\\\/www.organisator.ch\\\/it\\\/generale\\\/2021-01-11\\\/luftverschmutzung-halbierung-der-vorzeitigen-todesfaelle-moeglich\\\/#primaryimage\"},\"image\":{\"@id\":\"https:\\\/\\\/www.organisator.ch\\\/it\\\/generale\\\/2021-01-11\\\/luftverschmutzung-halbierung-der-vorzeitigen-todesfaelle-moeglich\\\/#primaryimage\"},\"thumbnailUrl\":\"https:\\\/\\\/www.organisator.ch\\\/wp-content\\\/uploads\\\/2021\\\/01\\\/Depositphotos_84806778_s-2019.jpg\",\"datePublished\":\"2021-01-11T05:00:24+00:00\",\"description\":\"Die Zahl der vorzeitigen Todesf\u00e4lle aufgrund von Luftverschmutzung k\u00f6nnte in der EU bis 2030 im Vergleich zu 2005 um etwa 55 Prozent gesenkt werden.\",\"breadcrumb\":{\"@id\":\"https:\\\/\\\/www.organisator.ch\\\/it\\\/generale\\\/2021-01-11\\\/luftverschmutzung-halbierung-der-vorzeitigen-todesfaelle-moeglich\\\/#breadcrumb\"},\"inLanguage\":\"fr-FR\",\"potentialAction\":[{\"@type\":\"ReadAction\",\"target\":[\"https:\\\/\\\/www.organisator.ch\\\/it\\\/generale\\\/2021-01-11\\\/luftverschmutzung-halbierung-der-vorzeitigen-todesfaelle-moeglich\\\/\"]}]},{\"@type\":\"ImageObject\",\"inLanguage\":\"fr-FR\",\"@id\":\"https:\\\/\\\/www.organisator.ch\\\/it\\\/generale\\\/2021-01-11\\\/luftverschmutzung-halbierung-der-vorzeitigen-todesfaelle-moeglich\\\/#primaryimage\",\"url\":\"https:\\\/\\\/www.organisator.ch\\\/wp-content\\\/uploads\\\/2021\\\/01\\\/Depositphotos_84806778_s-2019.jpg\",\"contentUrl\":\"https:\\\/\\\/www.organisator.ch\\\/wp-content\\\/uploads\\\/2021\\\/01\\\/Depositphotos_84806778_s-2019.jpg\",\"width\":1000,\"height\":667,\"caption\":\"\u00a9 Depositphotos, zenstock\"},{\"@type\":\"BreadcrumbList\",\"@id\":\"https:\\\/\\\/www.organisator.ch\\\/it\\\/generale\\\/2021-01-11\\\/luftverschmutzung-halbierung-der-vorzeitigen-todesfaelle-moeglich\\\/#breadcrumb\",\"itemListElement\":[{\"@type\":\"ListItem\",\"position\":1,\"name\":\"Home\",\"item\":\"https:\\\/\\\/www.organisator.ch\\\/\"},{\"@type\":\"ListItem\",\"position\":2,\"name\":\"Luftverschmutzung: Halbierung der vorzeitigen Todesf\u00e4lle m\u00f6glich\"}]},{\"@type\":\"WebSite\",\"@id\":\"https:\\\/\\\/www.organisator.ch\\\/#website\",\"url\":\"https:\\\/\\\/www.organisator.ch\\\/\",\"name\":\"Organisator\",\"description\":\"Kompetent. Praxisnah. Der ORGANISATOR bereitet in 10 Ausgaben pro Jahr die wesentlichen Themen f\u00fcr F\u00fchrungskr\u00e4fte von KMU auf.\",\"publisher\":{\"@id\":\"https:\\\/\\\/www.organisator.ch\\\/#organization\"},\"potentialAction\":[{\"@type\":\"SearchAction\",\"target\":{\"@type\":\"EntryPoint\",\"urlTemplate\":\"https:\\\/\\\/www.organisator.ch\\\/?s={search_term_string}\"},\"query-input\":{\"@type\":\"PropertyValueSpecification\",\"valueRequired\":true,\"valueName\":\"search_term_string\"}}],\"inLanguage\":\"fr-FR\"},{\"@type\":\"Organization\",\"@id\":\"https:\\\/\\\/www.organisator.ch\\\/#organization\",\"name\":\"Organisator\",\"url\":\"https:\\\/\\\/www.organisator.ch\\\/\",\"logo\":{\"@type\":\"ImageObject\",\"inLanguage\":\"fr-FR\",\"@id\":\"https:\\\/\\\/www.organisator.ch\\\/#\\\/schema\\\/logo\\\/image\\\/\",\"url\":\"https:\\\/\\\/www.organisator.ch\\\/wp-content\\\/uploads\\\/2022\\\/01\\\/Logo_Organisator_Website.png\",\"contentUrl\":\"https:\\\/\\\/www.organisator.ch\\\/wp-content\\\/uploads\\\/2022\\\/01\\\/Logo_Organisator_Website.png\",\"width\":800,\"height\":77,\"caption\":\"Organisator\"},\"image\":{\"@id\":\"https:\\\/\\\/www.organisator.ch\\\/#\\\/schema\\\/logo\\\/image\\\/\"},\"sameAs\":[\"https:\\\/\\\/www.facebook.com\\\/OrganisatorFachmagazin\",\"https:\\\/\\\/www.linkedin.com\\\/showcase\\\/organisator-das-magazin-fr-kmu\",\"https:\\\/\\\/www.xing.com\\\/news\\\/pages\\\/organisator-ch-695\",\"https:\\\/\\\/www.youtube.com\\\/channel\\\/UCGP2Sq0iWaZwT3BdIAQFYpw\"]},{\"@type\":\"Person\",\"@id\":\"https:\\\/\\\/www.organisator.ch\\\/#\\\/schema\\\/person\\\/a800b8c54e208b160517a7dcc323161d\",\"name\":\"roger.straessle\",\"image\":{\"@type\":\"ImageObject\",\"inLanguage\":\"fr-FR\",\"@id\":\"https:\\\/\\\/secure.gravatar.com\\\/avatar\\\/?s=96&d=mm&r=g\",\"url\":\"https:\\\/\\\/secure.gravatar.com\\\/avatar\\\/?s=96&d=mm&r=g\",\"contentUrl\":\"https:\\\/\\\/secure.gravatar.com\\\/avatar\\\/?s=96&d=mm&r=g\",\"caption\":\"roger.straessle\"},\"url\":\"https:\\\/\\\/www.organisator.ch\\\/fr\\\/author\\\/roger-straessle\\\/\"}]}<\/script>\n<!-- \/ Yoast SEO plugin. -->","yoast_head_json":{"title":"Pollution atmosph\u00e9rique : r\u00e9duire de moiti\u00e9 les d\u00e9c\u00e8s pr\u00e9matur\u00e9s est possible - Organisateur","description":"Le nombre de d\u00e9c\u00e8s pr\u00e9matur\u00e9s dus \u00e0 la pollution de l'air pourrait \u00eatre r\u00e9duit d'environ 55% dans l'UE d'ici 2030 par rapport \u00e0 2005.","robots":{"index":"index","follow":"follow","max-snippet":"max-snippet:-1","max-image-preview":"max-image-preview:large","max-video-preview":"max-video-preview:-1"},"canonical":"https:\/\/www.organisator.ch\/fr\/general\/2021-01-11\/luftverschmutzung-halbierung-der-vorzeitigen-todesfaelle-moeglich\/","og_locale":"fr_FR","og_type":"article","og_title":"Luftverschmutzung: Halbierung der vorzeitigen Todesf\u00e4lle m\u00f6glich - Organisator","og_description":"Die Zahl der vorzeitigen Todesf\u00e4lle aufgrund von Luftverschmutzung k\u00f6nnte in der EU bis 2030 im Vergleich zu 2005 um etwa 55 Prozent gesenkt werden.","og_url":"https:\/\/www.organisator.ch\/fr\/general\/2021-01-11\/luftverschmutzung-halbierung-der-vorzeitigen-todesfaelle-moeglich\/","og_site_name":"Organisator","article_publisher":"https:\/\/www.facebook.com\/OrganisatorFachmagazin","article_published_time":"2021-01-11T05:00:24+00:00","og_image":[{"width":1000,"height":667,"url":"https:\/\/www.organisator.ch\/wp-content\/uploads\/2021\/01\/Depositphotos_84806778_s-2019.jpg","type":"image\/jpeg"}],"author":"roger.straessle","twitter_card":"summary_large_image","schema":{"@context":"https:\/\/schema.org","@graph":[{"@type":"Article","@id":"https:\/\/www.organisator.ch\/it\/generale\/2021-01-11\/luftverschmutzung-halbierung-der-vorzeitigen-todesfaelle-moeglich\/#article","isPartOf":{"@id":"https:\/\/www.organisator.ch\/it\/generale\/2021-01-11\/luftverschmutzung-halbierung-der-vorzeitigen-todesfaelle-moeglich\/"},"author":{"name":"roger.straessle","@id":"https:\/\/www.organisator.ch\/#\/schema\/person\/a800b8c54e208b160517a7dcc323161d"},"headline":"Luftverschmutzung: Halbierung der vorzeitigen Todesf\u00e4lle m\u00f6glich","datePublished":"2021-01-11T05:00:24+00:00","mainEntityOfPage":{"@id":"https:\/\/www.organisator.ch\/it\/generale\/2021-01-11\/luftverschmutzung-halbierung-der-vorzeitigen-todesfaelle-moeglich\/"},"wordCount":364,"publisher":{"@id":"https:\/\/www.organisator.ch\/#organization"},"image":{"@id":"https:\/\/www.organisator.ch\/it\/generale\/2021-01-11\/luftverschmutzung-halbierung-der-vorzeitigen-todesfaelle-moeglich\/#primaryimage"},"thumbnailUrl":"https:\/\/www.organisator.ch\/wp-content\/uploads\/2021\/01\/Depositphotos_84806778_s-2019.jpg","keywords":["Agrarsektor","EU","Luftverschmutzung"],"articleSection":["Allgemein"],"inLanguage":"fr-FR"},{"@type":"WebPage","@id":"https:\/\/www.organisator.ch\/it\/generale\/2021-01-11\/luftverschmutzung-halbierung-der-vorzeitigen-todesfaelle-moeglich\/","url":"https:\/\/www.organisator.ch\/it\/generale\/2021-01-11\/luftverschmutzung-halbierung-der-vorzeitigen-todesfaelle-moeglich\/","name":"Pollution atmosph\u00e9rique : r\u00e9duire de moiti\u00e9 les d\u00e9c\u00e8s pr\u00e9matur\u00e9s est possible - Organisateur","isPartOf":{"@id":"https:\/\/www.organisator.ch\/#website"},"primaryImageOfPage":{"@id":"https:\/\/www.organisator.ch\/it\/generale\/2021-01-11\/luftverschmutzung-halbierung-der-vorzeitigen-todesfaelle-moeglich\/#primaryimage"},"image":{"@id":"https:\/\/www.organisator.ch\/it\/generale\/2021-01-11\/luftverschmutzung-halbierung-der-vorzeitigen-todesfaelle-moeglich\/#primaryimage"},"thumbnailUrl":"https:\/\/www.organisator.ch\/wp-content\/uploads\/2021\/01\/Depositphotos_84806778_s-2019.jpg","datePublished":"2021-01-11T05:00:24+00:00","description":"Le nombre de d\u00e9c\u00e8s pr\u00e9matur\u00e9s dus \u00e0 la pollution de l'air pourrait \u00eatre r\u00e9duit d'environ 55% dans l'UE d'ici 2030 par rapport \u00e0 2005.","breadcrumb":{"@id":"https:\/\/www.organisator.ch\/it\/generale\/2021-01-11\/luftverschmutzung-halbierung-der-vorzeitigen-todesfaelle-moeglich\/#breadcrumb"},"inLanguage":"fr-FR","potentialAction":[{"@type":"ReadAction","target":["https:\/\/www.organisator.ch\/it\/generale\/2021-01-11\/luftverschmutzung-halbierung-der-vorzeitigen-todesfaelle-moeglich\/"]}]},{"@type":"ImageObject","inLanguage":"fr-FR","@id":"https:\/\/www.organisator.ch\/it\/generale\/2021-01-11\/luftverschmutzung-halbierung-der-vorzeitigen-todesfaelle-moeglich\/#primaryimage","url":"https:\/\/www.organisator.ch\/wp-content\/uploads\/2021\/01\/Depositphotos_84806778_s-2019.jpg","contentUrl":"https:\/\/www.organisator.ch\/wp-content\/uploads\/2021\/01\/Depositphotos_84806778_s-2019.jpg","width":1000,"height":667,"caption":"\u00a9 Depositphotos, zenstock"},{"@type":"BreadcrumbList","@id":"https:\/\/www.organisator.ch\/it\/generale\/2021-01-11\/luftverschmutzung-halbierung-der-vorzeitigen-todesfaelle-moeglich\/#breadcrumb","itemListElement":[{"@type":"ListItem","position":1,"name":"Home","item":"https:\/\/www.organisator.ch\/"},{"@type":"ListItem","position":2,"name":"Luftverschmutzung: Halbierung der vorzeitigen Todesf\u00e4lle m\u00f6glich"}]},{"@type":"WebSite","@id":"https:\/\/www.organisator.ch\/#website","url":"https:\/\/www.organisator.ch\/","name":"Organisateur","description":"Comp\u00e9tence et comp\u00e9tence. Proches de la pratique. L'ORGANISATEUR pr\u00e9pare 10 num\u00e9ros par an sur les th\u00e8mes essentiels pour les dirigeants de PME.","publisher":{"@id":"https:\/\/www.organisator.ch\/#organization"},"potentialAction":[{"@type":"SearchAction","target":{"@type":"EntryPoint","urlTemplate":"https:\/\/www.organisator.ch\/?s={search_term_string}"},"query-input":{"@type":"PropertyValueSpecification","valueRequired":true,"valueName":"search_term_string"}}],"inLanguage":"fr-FR"},{"@type":"Organization","@id":"https:\/\/www.organisator.ch\/#organization","name":"Organisateur","url":"https:\/\/www.organisator.ch\/","logo":{"@type":"ImageObject","inLanguage":"fr-FR","@id":"https:\/\/www.organisator.ch\/#\/schema\/logo\/image\/","url":"https:\/\/www.organisator.ch\/wp-content\/uploads\/2022\/01\/Logo_Organisator_Website.png","contentUrl":"https:\/\/www.organisator.ch\/wp-content\/uploads\/2022\/01\/Logo_Organisator_Website.png","width":800,"height":77,"caption":"Organisator"},"image":{"@id":"https:\/\/www.organisator.ch\/#\/schema\/logo\/image\/"},"sameAs":["https:\/\/www.facebook.com\/OrganisatorFachmagazin","https:\/\/www.linkedin.com\/showcase\/organisator-das-magazin-fr-kmu","https:\/\/www.xing.com\/news\/pages\/organisator-ch-695","https:\/\/www.youtube.com\/channel\/UCGP2Sq0iWaZwT3BdIAQFYpw"]},{"@type":"Person","@id":"https:\/\/www.organisator.ch\/#\/schema\/person\/a800b8c54e208b160517a7dcc323161d","name":"roger.straessle","image":{"@type":"ImageObject","inLanguage":"fr-FR","@id":"https:\/\/secure.gravatar.com\/avatar\/?s=96&d=mm&r=g","url":"https:\/\/secure.gravatar.com\/avatar\/?s=96&d=mm&r=g","contentUrl":"https:\/\/secure.gravatar.com\/avatar\/?s=96&d=mm&r=g","caption":"roger.straessle"},"url":"https:\/\/www.organisator.ch\/fr\/author\/roger-straessle\/"}]}},"_links":{"self":[{"href":"https:\/\/www.organisator.ch\/fr\/wp-json\/wp\/v2\/posts\/3660","targetHints":{"allow":["GET"]}}],"collection":[{"href":"https:\/\/www.organisator.ch\/fr\/wp-json\/wp\/v2\/posts"}],"about":[{"href":"https:\/\/www.organisator.ch\/fr\/wp-json\/wp\/v2\/types\/post"}],"author":[{"embeddable":true,"href":"https:\/\/www.organisator.ch\/fr\/wp-json\/wp\/v2\/users\/6"}],"replies":[{"embeddable":true,"href":"https:\/\/www.organisator.ch\/fr\/wp-json\/wp\/v2\/comments?post=3660"}],"version-history":[{"count":0,"href":"https:\/\/www.organisator.ch\/fr\/wp-json\/wp\/v2\/posts\/3660\/revisions"}],"wp:featuredmedia":[{"embeddable":true,"href":"https:\/\/www.organisator.ch\/fr\/wp-json\/wp\/v2\/media\/3661"}],"wp:attachment":[{"href":"https:\/\/www.organisator.ch\/fr\/wp-json\/wp\/v2\/media?parent=3660"}],"wp:term":[{"taxonomy":"category","embeddable":true,"href":"https:\/\/www.organisator.ch\/fr\/wp-json\/wp\/v2\/categories?post=3660"},{"taxonomy":"post_tag","embeddable":true,"href":"https:\/\/www.organisator.ch\/fr\/wp-json\/wp\/v2\/tags?post=3660"}],"curies":[{"name":"wp","href":"https:\/\/api.w.org\/{rel}","templated":true}]}}