{"id":36614,"date":"2025-03-04T13:30:22","date_gmt":"2025-03-04T12:30:22","guid":{"rendered":"https:\/\/www.m-q.ch\/?p=21155"},"modified":"2025-03-04T13:34:12","modified_gmt":"2025-03-04T12:34:12","slug":"allianz-suisse-erneut-great-place-to-work","status":"publish","type":"post","link":"https:\/\/www.organisator.ch\/fr\/human-resources\/2025-03-04\/allianz-suisse-erneut-great-place-to-work\/","title":{"rendered":"Allianz Suisse \u00e0 nouveau \"Great Place to Work"},"content":{"rendered":"<figure id=\"attachment_21157\" class=\"wp-caption alignnone\" style=\"width: 1000px;\" aria-describedby=\"caption-attachment-21157\"><img class=\"size-full wp-image-21157\" src=\"https:\/\/www.m-q.ch\/wp-content\/uploads\/2025\/03\/Depositphotos_249340378_S.jpg\" sizes=\"(max-width: 1000px) 100vw, 1000px\" srcset=\"https:\/\/www.m-q.ch\/wp-content\/uploads\/2025\/03\/Depositphotos_249340378_S.jpg 1000w, https:\/\/www.m-q.ch\/wp-content\/uploads\/2025\/03\/Depositphotos_249340378_S-768x512.jpg 768w, https:\/\/www.m-q.ch\/wp-content\/uploads\/2025\/03\/Depositphotos_249340378_S-18x12.jpg 18w, https:\/\/www.m-q.ch\/wp-content\/uploads\/2025\/03\/Depositphotos_249340378_S-375x250.jpg 375w, https:\/\/www.m-q.ch\/wp-content\/uploads\/2025\/03\/Depositphotos_249340378_S-525x350.jpg 525w\" alt=\"\" width=\"1000\" height=\"667\" \/>\r\n<figcaption id=\"caption-attachment-21157\" class=\"wp-caption-text\">Allianz Suisse a de nouveau \u00e9t\u00e9 distingu\u00e9e comme \"Great Place to Work\" et compte parmi les meilleurs employeurs de Suisse. (Image : www.depositphotos.com)<\/figcaption>\r\n<\/figure>\r\n<p>Pour la deuxi\u00e8me fois cons\u00e9cutive, Allianz Suisse a \u00e9t\u00e9 certifi\u00e9e excellent employeur par l'institut international de conseil et de recherche \"Great Place to Work\". La certification se base sur une enqu\u00eate anonyme men\u00e9e en janvier 2025 aupr\u00e8s des collaborateurs d'Allianz Suisse. Les questions pour la certification se basent sur les cinq diff\u00e9rentes dimensions d'une culture du lieu de travail activement v\u00e9cue et bas\u00e9e sur la confiance : cr\u00e9dibilit\u00e9, respect, \u00e9quit\u00e9, esprit d'\u00e9quipe et fiert\u00e9. Laura Gersch, CEO d'Allianz Suisse, commente les r\u00e9sultats de l'enqu\u00eate : \"Je suis fi\u00e8re de notre \u00e9quipe, qui poursuit nos objectifs avec beaucoup d'engagement et de passion, en accord avec notre Purpose : We secure your future\".<\/p>\r\n<h3><strong>Allianz Suisse dans le top 10 des \"Best Workplaces<img class=\"wp-smiley\" style=\"height: 1em; max-height: 1em;\" src=\"https:\/\/s.w.org\/images\/core\/emoji\/15.0.3\/72x72\/2122.png\" alt=\"\u2122\" \/> Suisse\"<\/strong><\/h3>\r\n<p>Sur la base de la certification 2024, Allianz Suisse a \u00e9galement re\u00e7u le prix \"Best Workplaces\".<img class=\"wp-smiley\" style=\"height: 1em; max-height: 1em;\" src=\"https:\/\/s.w.org\/images\/core\/emoji\/15.0.3\/72x72\/2122.png\" alt=\"\u2122\" \/> Suisse\". Cette distinction r\u00e9compense des prestations particuli\u00e8res en mati\u00e8re de d\u00e9veloppement de relations de travail bas\u00e9es sur la confiance et d'am\u00e9nagement de conditions de travail attrayantes et favorables. Allianz Suisse a ainsi obtenu la 9e place dans la cat\u00e9gorie : organisations de plus de 250 collaborateurs. Ce r\u00e9sultat exceptionnel confirme qu'Allianz Suisse est un employeur attrayant en Suisse. Elle s'engage activement pour ses collaborateurs et leur t\u00e9moigne confiance, respect et estime. Nous ne communiquerons que plus tard dans l'ann\u00e9e si Allianz Suisse sera \u00e0 nouveau reconnue comme \"Best Workplaces(TM) Schweiz\" cette ann\u00e9e.<\/p>\r\n<p>Le prix \"Great Place to Work\" r\u00e9compense les entreprises qui encouragent activement les relations de travail bas\u00e9es sur la confiance. Il r\u00e9compense \u00e9galement des performances exceptionnelles en mati\u00e8re de cr\u00e9ation de conditions de travail attrayantes et favorables. Chez Allianz Suisse, nous attachons une grande importance \u00e0 offrir \u00e0 nos collaborateurs un environnement de travail empreint de confiance, de respect et d'estime.<\/p>\r\n<h3><strong>79% d'opinions favorables - une valeur forte<\/strong><\/h3>\r\n<p>Comme le montre l'\u00e9valuation de l'enqu\u00eate anonyme, 79 pour cent de tous les participants estiment qu'Allianz Suisse est une \"Great Place to Work\". Avec 79 pour cent, Allianz Suisse se situe juste en dessous du benchmark de 85 pour cent que les entreprises suisses doivent atteindre pour \u00eatre nomin\u00e9es comme \"Best Workplaces\" (cat\u00e9gorie : Large, \u00e0 partir de 250 collaborateurs).<\/p>\r\n<p>L'institut de conseil et de recherche \"Great Place to Work\", actif au niveau international, collecte et analyse des donn\u00e9es depuis plus de 30 ans afin de mesurer la culture d'entreprise des organisations. Dans le monde entier, l'institut collabore chaque ann\u00e9e avec plus de 10'000 entreprises et interroge quelque dix millions de collaborateurs dans 60 pays.<\/p>\r\n<p><em>Source : <a href=\"https:\/\/www.allianz.ch\/de\/ueber-uns\/medien\/medienmitteilungen-pressekit\/2025\/allianz-suisse-erneut--great-place-to-work--.html\">www.allianz.ch<\/a><\/em><\/p>\n<p class=\"syndicated-attribution\">Cet article est paru initialement sur m-q.ch - <a href=\"https:\/\/www.m-q.ch\/de\/allianz-suisse-erneut-great-place-to-work\/\" target=\"_blank\">https:\/\/www.m-q.ch\/de\/allianz-suisse-erneut-great-place-to-work\/<\/a><\/p>","protected":false},"excerpt":{"rendered":"<p>Allianz Suisse a de nouveau re\u00e7u la distinction \"Great Place to Work\". Ce label de qualit\u00e9 internationalement reconnu atteste qu'Allianz Suisse a une culture de l'emploi sup\u00e9rieure \u00e0 la moyenne, marqu\u00e9e par la cr\u00e9dibilit\u00e9, le respect, l'\u00e9quit\u00e9, l'esprit d'\u00e9quipe et la fiert\u00e9.<\/p>","protected":false},"author":80,"featured_media":0,"comment_status":"closed","ping_status":"closed","sticky":false,"template":"","format":"standard","meta":{"_acf_changed":false,"_yoast_wpseo_focuskw":"Allianz Suisse Great Place to Work","_yoast_wpseo_metadesc":"Allianz Suisse ist erneut als \u201eGreat Place to Work\u201c ausgezeichnet worden und z\u00e4hlt zu den besten Arbeitgebern der Schweiz.","articlekey":"","footnotes":""},"categories":[579],"tags":[695,50,743,103,2852,424],"class_list":["post-36614","post","type-post","status-publish","format-standard","hentry","category-human-resources","tag-allianz-suisse","tag-arbeitsplatz","tag-auszeichnung","tag-business-excellence","tag-great-place-to-work","tag-schweiz"],"acf":[],"yoast_head":"<!-- This site is optimized with the Yoast SEO plugin v27.4 - https:\/\/yoast.com\/product\/yoast-seo-wordpress\/ -->\n<title>Allianz Suisse erneut \u201eGreat Place to Work\u201c - Organisator<\/title>\n<meta name=\"description\" content=\"Allianz Suisse ist erneut als \u201eGreat Place to Work\u201c ausgezeichnet worden und z\u00e4hlt zu den besten Arbeitgebern der Schweiz.\" \/>\n<meta name=\"robots\" content=\"index, follow, max-snippet:-1, max-image-preview:large, max-video-preview:-1\" \/>\n<link rel=\"canonical\" href=\"https:\/\/www.organisator.ch\/fr\/ressources-humaines\/2025-03-04\/allianz-suisse-erneut-great-place-to-work\/\" \/>\n<meta property=\"og:locale\" content=\"fr_FR\" \/>\n<meta property=\"og:type\" content=\"article\" \/>\n<meta property=\"og:title\" content=\"Allianz Suisse erneut \u201eGreat Place to Work\u201c - Organisator\" \/>\n<meta property=\"og:description\" content=\"Allianz Suisse ist erneut als \u201eGreat Place to Work\u201c ausgezeichnet worden und z\u00e4hlt zu den besten Arbeitgebern der Schweiz.\" \/>\n<meta property=\"og:url\" content=\"https:\/\/www.organisator.ch\/fr\/ressources-humaines\/2025-03-04\/allianz-suisse-erneut-great-place-to-work\/\" \/>\n<meta property=\"og:site_name\" content=\"Organisator\" \/>\n<meta property=\"article:publisher\" content=\"https:\/\/www.facebook.com\/OrganisatorFachmagazin\" \/>\n<meta property=\"article:published_time\" content=\"2025-03-04T12:30:22+00:00\" \/>\n<meta property=\"article:modified_time\" content=\"2025-03-04T12:34:12+00:00\" \/>\n<meta name=\"author\" content=\"Dzana Muminovic\" \/>\n<meta name=\"twitter:card\" content=\"summary_large_image\" \/>\n<script type=\"application\/ld+json\" class=\"yoast-schema-graph\">{\"@context\":\"https:\\\/\\\/schema.org\",\"@graph\":[{\"@type\":\"Article\",\"@id\":\"https:\\\/\\\/www.organisator.ch\\\/human-resources\\\/2025-03-04\\\/allianz-suisse-erneut-great-place-to-work\\\/#article\",\"isPartOf\":{\"@id\":\"https:\\\/\\\/www.organisator.ch\\\/human-resources\\\/2025-03-04\\\/allianz-suisse-erneut-great-place-to-work\\\/\"},\"author\":{\"name\":\"Dzana Muminovic\",\"@id\":\"https:\\\/\\\/www.organisator.ch\\\/#\\\/schema\\\/person\\\/afccda3a71c06d4be2ed9100dd163db7\"},\"headline\":\"Allianz Suisse erneut \u201eGreat Place to Work\u201c\",\"datePublished\":\"2025-03-04T12:30:22+00:00\",\"dateModified\":\"2025-03-04T12:34:12+00:00\",\"mainEntityOfPage\":{\"@id\":\"https:\\\/\\\/www.organisator.ch\\\/human-resources\\\/2025-03-04\\\/allianz-suisse-erneut-great-place-to-work\\\/\"},\"wordCount\":409,\"publisher\":{\"@id\":\"https:\\\/\\\/www.organisator.ch\\\/#organization\"},\"image\":{\"@id\":\"https:\\\/\\\/www.organisator.ch\\\/human-resources\\\/2025-03-04\\\/allianz-suisse-erneut-great-place-to-work\\\/#primaryimage\"},\"thumbnailUrl\":\"https:\\\/\\\/www.m-q.ch\\\/wp-content\\\/uploads\\\/2025\\\/03\\\/Depositphotos_249340378_S.jpg\",\"keywords\":[\"Allianz Suisse\",\"Arbeitsplatz\",\"Auszeichnung\",\"Business Excellence\",\"Great Place to Work\",\"Schweiz\"],\"articleSection\":[\"HUMAN RESOURCES\"],\"inLanguage\":\"fr-FR\"},{\"@type\":\"WebPage\",\"@id\":\"https:\\\/\\\/www.organisator.ch\\\/human-resources\\\/2025-03-04\\\/allianz-suisse-erneut-great-place-to-work\\\/\",\"url\":\"https:\\\/\\\/www.organisator.ch\\\/human-resources\\\/2025-03-04\\\/allianz-suisse-erneut-great-place-to-work\\\/\",\"name\":\"Allianz Suisse erneut \u201eGreat Place to Work\u201c - Organisator\",\"isPartOf\":{\"@id\":\"https:\\\/\\\/www.organisator.ch\\\/#website\"},\"primaryImageOfPage\":{\"@id\":\"https:\\\/\\\/www.organisator.ch\\\/human-resources\\\/2025-03-04\\\/allianz-suisse-erneut-great-place-to-work\\\/#primaryimage\"},\"image\":{\"@id\":\"https:\\\/\\\/www.organisator.ch\\\/human-resources\\\/2025-03-04\\\/allianz-suisse-erneut-great-place-to-work\\\/#primaryimage\"},\"thumbnailUrl\":\"https:\\\/\\\/www.m-q.ch\\\/wp-content\\\/uploads\\\/2025\\\/03\\\/Depositphotos_249340378_S.jpg\",\"datePublished\":\"2025-03-04T12:30:22+00:00\",\"dateModified\":\"2025-03-04T12:34:12+00:00\",\"description\":\"Allianz Suisse ist erneut als \u201eGreat Place to Work\u201c ausgezeichnet worden und z\u00e4hlt zu den besten Arbeitgebern der Schweiz.\",\"breadcrumb\":{\"@id\":\"https:\\\/\\\/www.organisator.ch\\\/human-resources\\\/2025-03-04\\\/allianz-suisse-erneut-great-place-to-work\\\/#breadcrumb\"},\"inLanguage\":\"fr-FR\",\"potentialAction\":[{\"@type\":\"ReadAction\",\"target\":[\"https:\\\/\\\/www.organisator.ch\\\/human-resources\\\/2025-03-04\\\/allianz-suisse-erneut-great-place-to-work\\\/\"]}]},{\"@type\":\"ImageObject\",\"inLanguage\":\"fr-FR\",\"@id\":\"https:\\\/\\\/www.organisator.ch\\\/human-resources\\\/2025-03-04\\\/allianz-suisse-erneut-great-place-to-work\\\/#primaryimage\",\"url\":\"https:\\\/\\\/www.m-q.ch\\\/wp-content\\\/uploads\\\/2025\\\/03\\\/Depositphotos_249340378_S.jpg\",\"contentUrl\":\"https:\\\/\\\/www.m-q.ch\\\/wp-content\\\/uploads\\\/2025\\\/03\\\/Depositphotos_249340378_S.jpg\"},{\"@type\":\"BreadcrumbList\",\"@id\":\"https:\\\/\\\/www.organisator.ch\\\/human-resources\\\/2025-03-04\\\/allianz-suisse-erneut-great-place-to-work\\\/#breadcrumb\",\"itemListElement\":[{\"@type\":\"ListItem\",\"position\":1,\"name\":\"Home\",\"item\":\"https:\\\/\\\/www.organisator.ch\\\/\"},{\"@type\":\"ListItem\",\"position\":2,\"name\":\"Allianz Suisse erneut \u201eGreat Place to Work\u201c\"}]},{\"@type\":\"WebSite\",\"@id\":\"https:\\\/\\\/www.organisator.ch\\\/#website\",\"url\":\"https:\\\/\\\/www.organisator.ch\\\/\",\"name\":\"Organisator\",\"description\":\"Kompetent. Praxisnah. Der ORGANISATOR bereitet in 10 Ausgaben pro Jahr die wesentlichen Themen f\u00fcr F\u00fchrungskr\u00e4fte von KMU auf.\",\"publisher\":{\"@id\":\"https:\\\/\\\/www.organisator.ch\\\/#organization\"},\"potentialAction\":[{\"@type\":\"SearchAction\",\"target\":{\"@type\":\"EntryPoint\",\"urlTemplate\":\"https:\\\/\\\/www.organisator.ch\\\/?s={search_term_string}\"},\"query-input\":{\"@type\":\"PropertyValueSpecification\",\"valueRequired\":true,\"valueName\":\"search_term_string\"}}],\"inLanguage\":\"fr-FR\"},{\"@type\":\"Organization\",\"@id\":\"https:\\\/\\\/www.organisator.ch\\\/#organization\",\"name\":\"Organisator\",\"url\":\"https:\\\/\\\/www.organisator.ch\\\/\",\"logo\":{\"@type\":\"ImageObject\",\"inLanguage\":\"fr-FR\",\"@id\":\"https:\\\/\\\/www.organisator.ch\\\/#\\\/schema\\\/logo\\\/image\\\/\",\"url\":\"https:\\\/\\\/www.organisator.ch\\\/wp-content\\\/uploads\\\/2022\\\/01\\\/Logo_Organisator_Website.png\",\"contentUrl\":\"https:\\\/\\\/www.organisator.ch\\\/wp-content\\\/uploads\\\/2022\\\/01\\\/Logo_Organisator_Website.png\",\"width\":800,\"height\":77,\"caption\":\"Organisator\"},\"image\":{\"@id\":\"https:\\\/\\\/www.organisator.ch\\\/#\\\/schema\\\/logo\\\/image\\\/\"},\"sameAs\":[\"https:\\\/\\\/www.facebook.com\\\/OrganisatorFachmagazin\",\"https:\\\/\\\/www.linkedin.com\\\/showcase\\\/organisator-das-magazin-fr-kmu\",\"https:\\\/\\\/www.xing.com\\\/news\\\/pages\\\/organisator-ch-695\",\"https:\\\/\\\/www.youtube.com\\\/channel\\\/UCGP2Sq0iWaZwT3BdIAQFYpw\"]},{\"@type\":\"Person\",\"@id\":\"https:\\\/\\\/www.organisator.ch\\\/#\\\/schema\\\/person\\\/afccda3a71c06d4be2ed9100dd163db7\",\"name\":\"Dzana Muminovic\",\"image\":{\"@type\":\"ImageObject\",\"inLanguage\":\"fr-FR\",\"@id\":\"https:\\\/\\\/secure.gravatar.com\\\/avatar\\\/909c5c71aff4b38e88686f2ab2f1ba152571f394f41ed8bae431ea56ced93050?s=96&d=mm&r=g\",\"url\":\"https:\\\/\\\/secure.gravatar.com\\\/avatar\\\/909c5c71aff4b38e88686f2ab2f1ba152571f394f41ed8bae431ea56ced93050?s=96&d=mm&r=g\",\"contentUrl\":\"https:\\\/\\\/secure.gravatar.com\\\/avatar\\\/909c5c71aff4b38e88686f2ab2f1ba152571f394f41ed8bae431ea56ced93050?s=96&d=mm&r=g\",\"caption\":\"Dzana Muminovic\"},\"url\":\"https:\\\/\\\/www.organisator.ch\\\/fr\\\/author\\\/dzana-muminovic\\\/\"}]}<\/script>\n<!-- \/ Yoast SEO plugin. -->","yoast_head_json":{"title":"Allianz Suisse \u00e0 nouveau \"Great Place to Work\" - Organisateur","description":"Allianz Suisse a de nouveau \u00e9t\u00e9 distingu\u00e9e comme \"Great Place to Work\" et compte parmi les meilleurs employeurs de Suisse.","robots":{"index":"index","follow":"follow","max-snippet":"max-snippet:-1","max-image-preview":"max-image-preview:large","max-video-preview":"max-video-preview:-1"},"canonical":"https:\/\/www.organisator.ch\/fr\/ressources-humaines\/2025-03-04\/allianz-suisse-erneut-great-place-to-work\/","og_locale":"fr_FR","og_type":"article","og_title":"Allianz Suisse erneut \u201eGreat Place to Work\u201c - Organisator","og_description":"Allianz Suisse ist erneut als \u201eGreat Place to Work\u201c ausgezeichnet worden und z\u00e4hlt zu den besten Arbeitgebern der Schweiz.","og_url":"https:\/\/www.organisator.ch\/fr\/ressources-humaines\/2025-03-04\/allianz-suisse-erneut-great-place-to-work\/","og_site_name":"Organisator","article_publisher":"https:\/\/www.facebook.com\/OrganisatorFachmagazin","article_published_time":"2025-03-04T12:30:22+00:00","article_modified_time":"2025-03-04T12:34:12+00:00","author":"Dzana Muminovic","twitter_card":"summary_large_image","schema":{"@context":"https:\/\/schema.org","@graph":[{"@type":"Article","@id":"https:\/\/www.organisator.ch\/human-resources\/2025-03-04\/allianz-suisse-erneut-great-place-to-work\/#article","isPartOf":{"@id":"https:\/\/www.organisator.ch\/human-resources\/2025-03-04\/allianz-suisse-erneut-great-place-to-work\/"},"author":{"name":"Dzana Muminovic","@id":"https:\/\/www.organisator.ch\/#\/schema\/person\/afccda3a71c06d4be2ed9100dd163db7"},"headline":"Allianz Suisse erneut \u201eGreat Place to Work\u201c","datePublished":"2025-03-04T12:30:22+00:00","dateModified":"2025-03-04T12:34:12+00:00","mainEntityOfPage":{"@id":"https:\/\/www.organisator.ch\/human-resources\/2025-03-04\/allianz-suisse-erneut-great-place-to-work\/"},"wordCount":409,"publisher":{"@id":"https:\/\/www.organisator.ch\/#organization"},"image":{"@id":"https:\/\/www.organisator.ch\/human-resources\/2025-03-04\/allianz-suisse-erneut-great-place-to-work\/#primaryimage"},"thumbnailUrl":"https:\/\/www.m-q.ch\/wp-content\/uploads\/2025\/03\/Depositphotos_249340378_S.jpg","keywords":["Allianz Suisse","Arbeitsplatz","Auszeichnung","Business Excellence","Great Place to Work","Schweiz"],"articleSection":["HUMAN RESOURCES"],"inLanguage":"fr-FR"},{"@type":"WebPage","@id":"https:\/\/www.organisator.ch\/human-resources\/2025-03-04\/allianz-suisse-erneut-great-place-to-work\/","url":"https:\/\/www.organisator.ch\/human-resources\/2025-03-04\/allianz-suisse-erneut-great-place-to-work\/","name":"Allianz Suisse \u00e0 nouveau \"Great Place to Work\" - Organisateur","isPartOf":{"@id":"https:\/\/www.organisator.ch\/#website"},"primaryImageOfPage":{"@id":"https:\/\/www.organisator.ch\/human-resources\/2025-03-04\/allianz-suisse-erneut-great-place-to-work\/#primaryimage"},"image":{"@id":"https:\/\/www.organisator.ch\/human-resources\/2025-03-04\/allianz-suisse-erneut-great-place-to-work\/#primaryimage"},"thumbnailUrl":"https:\/\/www.m-q.ch\/wp-content\/uploads\/2025\/03\/Depositphotos_249340378_S.jpg","datePublished":"2025-03-04T12:30:22+00:00","dateModified":"2025-03-04T12:34:12+00:00","description":"Allianz Suisse a de nouveau \u00e9t\u00e9 distingu\u00e9e comme \"Great Place to Work\" et compte parmi les meilleurs employeurs de Suisse.","breadcrumb":{"@id":"https:\/\/www.organisator.ch\/human-resources\/2025-03-04\/allianz-suisse-erneut-great-place-to-work\/#breadcrumb"},"inLanguage":"fr-FR","potentialAction":[{"@type":"ReadAction","target":["https:\/\/www.organisator.ch\/human-resources\/2025-03-04\/allianz-suisse-erneut-great-place-to-work\/"]}]},{"@type":"ImageObject","inLanguage":"fr-FR","@id":"https:\/\/www.organisator.ch\/human-resources\/2025-03-04\/allianz-suisse-erneut-great-place-to-work\/#primaryimage","url":"https:\/\/www.m-q.ch\/wp-content\/uploads\/2025\/03\/Depositphotos_249340378_S.jpg","contentUrl":"https:\/\/www.m-q.ch\/wp-content\/uploads\/2025\/03\/Depositphotos_249340378_S.jpg"},{"@type":"BreadcrumbList","@id":"https:\/\/www.organisator.ch\/human-resources\/2025-03-04\/allianz-suisse-erneut-great-place-to-work\/#breadcrumb","itemListElement":[{"@type":"ListItem","position":1,"name":"Home","item":"https:\/\/www.organisator.ch\/"},{"@type":"ListItem","position":2,"name":"Allianz Suisse erneut \u201eGreat Place to Work\u201c"}]},{"@type":"WebSite","@id":"https:\/\/www.organisator.ch\/#website","url":"https:\/\/www.organisator.ch\/","name":"Organisateur","description":"Comp\u00e9tence et comp\u00e9tence. Proches de la pratique. L'ORGANISATEUR pr\u00e9pare 10 num\u00e9ros par an sur les th\u00e8mes essentiels pour les dirigeants de PME.","publisher":{"@id":"https:\/\/www.organisator.ch\/#organization"},"potentialAction":[{"@type":"SearchAction","target":{"@type":"EntryPoint","urlTemplate":"https:\/\/www.organisator.ch\/?s={search_term_string}"},"query-input":{"@type":"PropertyValueSpecification","valueRequired":true,"valueName":"search_term_string"}}],"inLanguage":"fr-FR"},{"@type":"Organization","@id":"https:\/\/www.organisator.ch\/#organization","name":"Organisateur","url":"https:\/\/www.organisator.ch\/","logo":{"@type":"ImageObject","inLanguage":"fr-FR","@id":"https:\/\/www.organisator.ch\/#\/schema\/logo\/image\/","url":"https:\/\/www.organisator.ch\/wp-content\/uploads\/2022\/01\/Logo_Organisator_Website.png","contentUrl":"https:\/\/www.organisator.ch\/wp-content\/uploads\/2022\/01\/Logo_Organisator_Website.png","width":800,"height":77,"caption":"Organisator"},"image":{"@id":"https:\/\/www.organisator.ch\/#\/schema\/logo\/image\/"},"sameAs":["https:\/\/www.facebook.com\/OrganisatorFachmagazin","https:\/\/www.linkedin.com\/showcase\/organisator-das-magazin-fr-kmu","https:\/\/www.xing.com\/news\/pages\/organisator-ch-695","https:\/\/www.youtube.com\/channel\/UCGP2Sq0iWaZwT3BdIAQFYpw"]},{"@type":"Person","@id":"https:\/\/www.organisator.ch\/#\/schema\/person\/afccda3a71c06d4be2ed9100dd163db7","name":"Dzana Muminovic","image":{"@type":"ImageObject","inLanguage":"fr-FR","@id":"https:\/\/secure.gravatar.com\/avatar\/909c5c71aff4b38e88686f2ab2f1ba152571f394f41ed8bae431ea56ced93050?s=96&d=mm&r=g","url":"https:\/\/secure.gravatar.com\/avatar\/909c5c71aff4b38e88686f2ab2f1ba152571f394f41ed8bae431ea56ced93050?s=96&d=mm&r=g","contentUrl":"https:\/\/secure.gravatar.com\/avatar\/909c5c71aff4b38e88686f2ab2f1ba152571f394f41ed8bae431ea56ced93050?s=96&d=mm&r=g","caption":"Dzana Muminovic"},"url":"https:\/\/www.organisator.ch\/fr\/author\/dzana-muminovic\/"}]}},"_links":{"self":[{"href":"https:\/\/www.organisator.ch\/fr\/wp-json\/wp\/v2\/posts\/36614","targetHints":{"allow":["GET"]}}],"collection":[{"href":"https:\/\/www.organisator.ch\/fr\/wp-json\/wp\/v2\/posts"}],"about":[{"href":"https:\/\/www.organisator.ch\/fr\/wp-json\/wp\/v2\/types\/post"}],"author":[{"embeddable":true,"href":"https:\/\/www.organisator.ch\/fr\/wp-json\/wp\/v2\/users\/80"}],"replies":[{"embeddable":true,"href":"https:\/\/www.organisator.ch\/fr\/wp-json\/wp\/v2\/comments?post=36614"}],"version-history":[{"count":4,"href":"https:\/\/www.organisator.ch\/fr\/wp-json\/wp\/v2\/posts\/36614\/revisions"}],"predecessor-version":[{"id":36630,"href":"https:\/\/www.organisator.ch\/fr\/wp-json\/wp\/v2\/posts\/36614\/revisions\/36630"}],"wp:attachment":[{"href":"https:\/\/www.organisator.ch\/fr\/wp-json\/wp\/v2\/media?parent=36614"}],"wp:term":[{"taxonomy":"category","embeddable":true,"href":"https:\/\/www.organisator.ch\/fr\/wp-json\/wp\/v2\/categories?post=36614"},{"taxonomy":"post_tag","embeddable":true,"href":"https:\/\/www.organisator.ch\/fr\/wp-json\/wp\/v2\/tags?post=36614"}],"curies":[{"name":"wp","href":"https:\/\/api.w.org\/{rel}","templated":true}]}}