{"id":36632,"date":"2025-03-05T08:35:19","date_gmt":"2025-03-05T07:35:19","guid":{"rendered":"https:\/\/www.organisator.ch\/?p=36632"},"modified":"2025-03-05T07:34:31","modified_gmt":"2025-03-05T06:34:31","slug":"einfache-jahresplanung-und-ressourcenverwaltung-fuer-unternehmen","status":"publish","type":"post","link":"https:\/\/www.organisator.ch\/fr\/human-resources\/2025-03-05\/einfache-jahresplanung-und-ressourcenverwaltung-fuer-unternehmen\/","title":{"rendered":"Planification annuelle et gestion des ressources faciles pour les entreprises"},"content":{"rendered":"<figure id=\"attachment_36636\" aria-describedby=\"caption-attachment-36636\" style=\"width: 680px\" class=\"wp-caption alignnone\"><img loading=\"lazy\" decoding=\"async\" class=\"size-full wp-image-36636\" src=\"https:\/\/www.organisator.ch\/wp-content\/uploads\/2025\/03\/Involve_Bild1_ps.jpg\" alt=\"\" width=\"680\" height=\"383\" srcset=\"https:\/\/www.organisator.ch\/wp-content\/uploads\/2025\/03\/Involve_Bild1_ps.jpg 680w, https:\/\/www.organisator.ch\/wp-content\/uploads\/2025\/03\/Involve_Bild1_ps-18x10.jpg 18w, https:\/\/www.organisator.ch\/wp-content\/uploads\/2025\/03\/Involve_Bild1_ps-375x211.jpg 375w, https:\/\/www.organisator.ch\/wp-content\/uploads\/2025\/03\/Involve_Bild1_ps-621x350.jpg 621w\" sizes=\"auto, (max-width: 680px) 100vw, 680px\" \/><figcaption id=\"caption-attachment-36636\" class=\"wp-caption-text\">Involve simplifie la communication avec les collaborateurs gr\u00e2ce \u00e0 son nouveau module de planification - pour plus de transparence, de collaboration et d'esprit d'\u00e9quipe. (Image : Involve)<\/figcaption><\/figure>\n<p>Le module de planification permet aux entreprises de coordonner facilement, directement dans leur propre application pour collaborateurs, les \u00e9v\u00e9nements importants de l'entreprise comme les sorties d'\u00e9quipe, les entretiens annuels ou les anniversaires, et de r\u00e9server les ressources n\u00e9cessaires comme les locaux ou les v\u00e9hicules. Que ce soit au bureau, en d\u00e9placement ou dans l'atelier, tous les collaborateurs doivent se sentir comme un \u00e9l\u00e9ment pr\u00e9cieux de l'\u00e9quipe et avoir acc\u00e8s \u00e0 tout moment aux informations pertinentes. Cela garantit une grande transparence et des processus sans faille dans le travail quotidien.<\/p>\n<p>\"Avec notre nouveau planificateur, nous cr\u00e9ons une plateforme qui simplifie le travail quotidien de nos clients tout en favorisant la communication et la coh\u00e9sion d'\u00e9quipe\", explique Andreas Bucher, cofondateur et directeur des ventes d'Involve. \"Il est important pour nous que tous les collaborateurs soient toujours au courant des derni\u00e8res nouveaut\u00e9s\".<\/p>\n<p>Le planificateur est enti\u00e8rement int\u00e9gr\u00e9 \u00e0 l'application Involve, ce qui signifie que les collaborateurs peuvent acc\u00e9der facilement \u00e0 toutes les informations pertinentes, m\u00eame en d\u00e9placement. Cela cr\u00e9e non seulement de la flexibilit\u00e9, mais renforce \u00e9galement le sentiment d'appartenance, ind\u00e9pendamment du lieu de travail. En plus du nouveau planning, l'application pour les collaborateurs offre des fonctions telles que les nouvelles de l'entreprise, les chats, les sondages ou les cartes d'appr\u00e9ciation num\u00e9riques.<\/p>\n<h3><strong>Involve : simple, proche, valorisant et 100 % Suisse<\/strong><\/h3>\n<p>Involve est une entreprise suisse g\u00e9r\u00e9e par ses propri\u00e9taires et implant\u00e9e \u00e0 Sursee, D\u00fcbendorf et Morat. L'application pour collaborateurs est d\u00e9velopp\u00e9e en Suisse et les donn\u00e9es sont stock\u00e9es sur des serveurs suisses certifi\u00e9s. Les entreprises qui souhaitent simplifier la communication interne et impliquer plus \u00e9troitement leurs collaborateurs dans l'entreprise peuvent tester sans engagement l'application suisse pour les collaborateurs sous <a href=\"https:\/\/www.involve.ch\/planer-entdecken\">involve.ch<\/a>.<\/p>\n<figure id=\"attachment_36639\" aria-describedby=\"caption-attachment-36639\" style=\"width: 680px\" class=\"wp-caption alignnone\"><img loading=\"lazy\" decoding=\"async\" class=\"size-full wp-image-36639\" src=\"https:\/\/www.organisator.ch\/wp-content\/uploads\/2025\/03\/Involve_Bild2_ps.png\" alt=\"\" width=\"680\" height=\"1270\" srcset=\"https:\/\/www.organisator.ch\/wp-content\/uploads\/2025\/03\/Involve_Bild2_ps.png 680w, https:\/\/www.organisator.ch\/wp-content\/uploads\/2025\/03\/Involve_Bild2_ps-535x1000.png 535w, https:\/\/www.organisator.ch\/wp-content\/uploads\/2025\/03\/Involve_Bild2_ps-548x1024.png 548w, https:\/\/www.organisator.ch\/wp-content\/uploads\/2025\/03\/Involve_Bild2_ps-6x12.png 6w, https:\/\/www.organisator.ch\/wp-content\/uploads\/2025\/03\/Involve_Bild2_ps-161x300.png 161w, https:\/\/www.organisator.ch\/wp-content\/uploads\/2025\/03\/Involve_Bild2_ps-187x350.png 187w, https:\/\/www.organisator.ch\/wp-content\/uploads\/2025\/03\/Involve_Bild2_ps-428x800.png 428w\" sizes=\"auto, (max-width: 680px) 100vw, 680px\" \/><figcaption id=\"caption-attachment-36639\" class=\"wp-caption-text\">Aper\u00e7u des diff\u00e9rents \u00e9v\u00e9nements dans l'application Involve. (Image : Involve)<\/figcaption><\/figure>","protected":false},"excerpt":{"rendered":"<p>L'estime dans l'entreprise ne se manifeste pas seulement par des gestes de remerciement et des mots de reconnaissance, mais aussi par un flux d'informations transparent et une communication interne accessible \u00e0 tous les collaborateurs. En se basant sur les retours de ses clients, Involve AG simplifie encore plus la communication avec les collaborateurs et encourage la collaboration et la coh\u00e9sion au sein des entreprises gr\u00e2ce au nouveau module de planification.<\/p>","protected":false},"author":80,"featured_media":36636,"comment_status":"closed","ping_status":"closed","sticky":false,"template":"","format":"standard","meta":{"_acf_changed":false,"_yoast_wpseo_focuskw":"Mitarbeitenden-Kommunikation","_yoast_wpseo_metadesc":"Involve vereinfacht die Mitarbeitenden-Kommunikation mit dem neuen Planer-Modul \u2013 f\u00fcr mehr Transparenz, Zusammenarbeit und Teamgeist.","articlekey":"","footnotes":""},"categories":[579],"tags":[308,4578,1915,385,492,543],"class_list":["post-36632","post","type-post","status-publish","format-standard","has-post-thumbnail","hentry","category-human-resources","tag-kommunikation","tag-mitarbeiterbindung","tag-planer","tag-plattform","tag-unternehmen","tag-zusammenarbeit"],"acf":[],"yoast_head":"<!-- This site is optimized with the Yoast SEO plugin v27.4 - https:\/\/yoast.com\/product\/yoast-seo-wordpress\/ -->\n<title>Einfache Jahresplanung und Ressourcenverwaltung f\u00fcr Unternehmen - Organisator<\/title>\n<meta name=\"description\" content=\"Involve vereinfacht die Mitarbeitenden-Kommunikation mit dem neuen Planer-Modul \u2013 f\u00fcr mehr Transparenz, Zusammenarbeit und Teamgeist.\" \/>\n<meta name=\"robots\" content=\"index, follow, max-snippet:-1, max-image-preview:large, max-video-preview:-1\" \/>\n<link rel=\"canonical\" href=\"https:\/\/www.organisator.ch\/fr\/ressources-humaines\/2025-03-05\/einfache-jahresplanung-und-ressourcenverwaltung-fuer-unternehmen\/\" \/>\n<meta property=\"og:locale\" content=\"fr_FR\" \/>\n<meta property=\"og:type\" content=\"article\" \/>\n<meta property=\"og:title\" content=\"Einfache Jahresplanung und Ressourcenverwaltung f\u00fcr Unternehmen\" \/>\n<meta property=\"og:description\" content=\"Involve vereinfacht die Mitarbeitenden-Kommunikation mit dem neuen Planer-Modul \u2013 f\u00fcr mehr Transparenz, Zusammenarbeit und Teamgeist.\" \/>\n<meta property=\"og:url\" content=\"https:\/\/www.organisator.ch\/fr\/ressources-humaines\/2025-03-05\/einfache-jahresplanung-und-ressourcenverwaltung-fuer-unternehmen\/\" \/>\n<meta property=\"og:site_name\" content=\"Organisator\" \/>\n<meta property=\"article:publisher\" content=\"https:\/\/www.facebook.com\/OrganisatorFachmagazin\" \/>\n<meta property=\"article:published_time\" content=\"2025-03-05T07:35:19+00:00\" \/>\n<meta property=\"og:image\" content=\"https:\/\/www.organisator.ch\/wp-content\/uploads\/2025\/03\/Involve_Bild1_ps.jpg\" \/>\n\t<meta property=\"og:image:width\" content=\"680\" \/>\n\t<meta property=\"og:image:height\" content=\"383\" \/>\n\t<meta property=\"og:image:type\" content=\"image\/jpeg\" \/>\n<meta name=\"author\" content=\"Dzana Muminovic\" \/>\n<meta name=\"twitter:card\" content=\"summary_large_image\" \/>\n<meta name=\"twitter:title\" content=\"Einfache Jahresplanung und Ressourcenverwaltung f\u00fcr Unternehmen\" \/>\n<meta name=\"twitter:description\" content=\"#Involve vereinfacht die #Mitarbeitenden-#Kommunikation mit dem neuen #Planer-#Modul \u2013 f\u00fcr mehr #Transparenz, #Zusammenarbeit und #Teamgeist.\" \/>\n<meta name=\"twitter:image\" content=\"https:\/\/www.organisator.ch\/wp-content\/uploads\/2025\/03\/Involve_Bild1_ps.jpg\" \/>\n<script type=\"application\/ld+json\" class=\"yoast-schema-graph\">{\"@context\":\"https:\\\/\\\/schema.org\",\"@graph\":[{\"@type\":\"Article\",\"@id\":\"https:\\\/\\\/www.organisator.ch\\\/human-resources\\\/2025-03-05\\\/einfache-jahresplanung-und-ressourcenverwaltung-fuer-unternehmen\\\/#article\",\"isPartOf\":{\"@id\":\"https:\\\/\\\/www.organisator.ch\\\/human-resources\\\/2025-03-05\\\/einfache-jahresplanung-und-ressourcenverwaltung-fuer-unternehmen\\\/\"},\"author\":{\"name\":\"Dzana Muminovic\",\"@id\":\"https:\\\/\\\/www.organisator.ch\\\/#\\\/schema\\\/person\\\/afccda3a71c06d4be2ed9100dd163db7\"},\"headline\":\"Einfache Jahresplanung und Ressourcenverwaltung f\u00fcr Unternehmen\",\"datePublished\":\"2025-03-05T07:35:19+00:00\",\"mainEntityOfPage\":{\"@id\":\"https:\\\/\\\/www.organisator.ch\\\/human-resources\\\/2025-03-05\\\/einfache-jahresplanung-und-ressourcenverwaltung-fuer-unternehmen\\\/\"},\"wordCount\":294,\"publisher\":{\"@id\":\"https:\\\/\\\/www.organisator.ch\\\/#organization\"},\"image\":{\"@id\":\"https:\\\/\\\/www.organisator.ch\\\/human-resources\\\/2025-03-05\\\/einfache-jahresplanung-und-ressourcenverwaltung-fuer-unternehmen\\\/#primaryimage\"},\"thumbnailUrl\":\"https:\\\/\\\/www.organisator.ch\\\/wp-content\\\/uploads\\\/2025\\\/03\\\/Involve_Bild1_ps.jpg\",\"keywords\":[\"Kommunikation\",\"Mitarbeiterbindung\",\"Planer\",\"Plattform\",\"Unternehmen\",\"Zusammenarbeit\"],\"articleSection\":[\"HUMAN RESOURCES\"],\"inLanguage\":\"fr-FR\"},{\"@type\":\"WebPage\",\"@id\":\"https:\\\/\\\/www.organisator.ch\\\/human-resources\\\/2025-03-05\\\/einfache-jahresplanung-und-ressourcenverwaltung-fuer-unternehmen\\\/\",\"url\":\"https:\\\/\\\/www.organisator.ch\\\/human-resources\\\/2025-03-05\\\/einfache-jahresplanung-und-ressourcenverwaltung-fuer-unternehmen\\\/\",\"name\":\"Einfache Jahresplanung und Ressourcenverwaltung f\u00fcr Unternehmen - Organisator\",\"isPartOf\":{\"@id\":\"https:\\\/\\\/www.organisator.ch\\\/#website\"},\"primaryImageOfPage\":{\"@id\":\"https:\\\/\\\/www.organisator.ch\\\/human-resources\\\/2025-03-05\\\/einfache-jahresplanung-und-ressourcenverwaltung-fuer-unternehmen\\\/#primaryimage\"},\"image\":{\"@id\":\"https:\\\/\\\/www.organisator.ch\\\/human-resources\\\/2025-03-05\\\/einfache-jahresplanung-und-ressourcenverwaltung-fuer-unternehmen\\\/#primaryimage\"},\"thumbnailUrl\":\"https:\\\/\\\/www.organisator.ch\\\/wp-content\\\/uploads\\\/2025\\\/03\\\/Involve_Bild1_ps.jpg\",\"datePublished\":\"2025-03-05T07:35:19+00:00\",\"description\":\"Involve vereinfacht die Mitarbeitenden-Kommunikation mit dem neuen Planer-Modul \u2013 f\u00fcr mehr Transparenz, Zusammenarbeit und Teamgeist.\",\"breadcrumb\":{\"@id\":\"https:\\\/\\\/www.organisator.ch\\\/human-resources\\\/2025-03-05\\\/einfache-jahresplanung-und-ressourcenverwaltung-fuer-unternehmen\\\/#breadcrumb\"},\"inLanguage\":\"fr-FR\",\"potentialAction\":[{\"@type\":\"ReadAction\",\"target\":[\"https:\\\/\\\/www.organisator.ch\\\/human-resources\\\/2025-03-05\\\/einfache-jahresplanung-und-ressourcenverwaltung-fuer-unternehmen\\\/\"]}]},{\"@type\":\"ImageObject\",\"inLanguage\":\"fr-FR\",\"@id\":\"https:\\\/\\\/www.organisator.ch\\\/human-resources\\\/2025-03-05\\\/einfache-jahresplanung-und-ressourcenverwaltung-fuer-unternehmen\\\/#primaryimage\",\"url\":\"https:\\\/\\\/www.organisator.ch\\\/wp-content\\\/uploads\\\/2025\\\/03\\\/Involve_Bild1_ps.jpg\",\"contentUrl\":\"https:\\\/\\\/www.organisator.ch\\\/wp-content\\\/uploads\\\/2025\\\/03\\\/Involve_Bild1_ps.jpg\",\"width\":680,\"height\":383,\"caption\":\"Involve vereinfacht die Mitarbeitenden-Kommunikation mit dem neuen Planer-Modul \u2013 f\u00fcr mehr Transparenz, Zusammenarbeit und Teamgeist. (Bild: Involve)\"},{\"@type\":\"BreadcrumbList\",\"@id\":\"https:\\\/\\\/www.organisator.ch\\\/human-resources\\\/2025-03-05\\\/einfache-jahresplanung-und-ressourcenverwaltung-fuer-unternehmen\\\/#breadcrumb\",\"itemListElement\":[{\"@type\":\"ListItem\",\"position\":1,\"name\":\"Home\",\"item\":\"https:\\\/\\\/www.organisator.ch\\\/\"},{\"@type\":\"ListItem\",\"position\":2,\"name\":\"Einfache Jahresplanung und Ressourcenverwaltung f\u00fcr Unternehmen\"}]},{\"@type\":\"WebSite\",\"@id\":\"https:\\\/\\\/www.organisator.ch\\\/#website\",\"url\":\"https:\\\/\\\/www.organisator.ch\\\/\",\"name\":\"Organisator\",\"description\":\"Kompetent. Praxisnah. Der ORGANISATOR bereitet in 10 Ausgaben pro Jahr die wesentlichen Themen f\u00fcr F\u00fchrungskr\u00e4fte von KMU auf.\",\"publisher\":{\"@id\":\"https:\\\/\\\/www.organisator.ch\\\/#organization\"},\"potentialAction\":[{\"@type\":\"SearchAction\",\"target\":{\"@type\":\"EntryPoint\",\"urlTemplate\":\"https:\\\/\\\/www.organisator.ch\\\/?s={search_term_string}\"},\"query-input\":{\"@type\":\"PropertyValueSpecification\",\"valueRequired\":true,\"valueName\":\"search_term_string\"}}],\"inLanguage\":\"fr-FR\"},{\"@type\":\"Organization\",\"@id\":\"https:\\\/\\\/www.organisator.ch\\\/#organization\",\"name\":\"Organisator\",\"url\":\"https:\\\/\\\/www.organisator.ch\\\/\",\"logo\":{\"@type\":\"ImageObject\",\"inLanguage\":\"fr-FR\",\"@id\":\"https:\\\/\\\/www.organisator.ch\\\/#\\\/schema\\\/logo\\\/image\\\/\",\"url\":\"https:\\\/\\\/www.organisator.ch\\\/wp-content\\\/uploads\\\/2022\\\/01\\\/Logo_Organisator_Website.png\",\"contentUrl\":\"https:\\\/\\\/www.organisator.ch\\\/wp-content\\\/uploads\\\/2022\\\/01\\\/Logo_Organisator_Website.png\",\"width\":800,\"height\":77,\"caption\":\"Organisator\"},\"image\":{\"@id\":\"https:\\\/\\\/www.organisator.ch\\\/#\\\/schema\\\/logo\\\/image\\\/\"},\"sameAs\":[\"https:\\\/\\\/www.facebook.com\\\/OrganisatorFachmagazin\",\"https:\\\/\\\/www.linkedin.com\\\/showcase\\\/organisator-das-magazin-fr-kmu\",\"https:\\\/\\\/www.xing.com\\\/news\\\/pages\\\/organisator-ch-695\",\"https:\\\/\\\/www.youtube.com\\\/channel\\\/UCGP2Sq0iWaZwT3BdIAQFYpw\"]},{\"@type\":\"Person\",\"@id\":\"https:\\\/\\\/www.organisator.ch\\\/#\\\/schema\\\/person\\\/afccda3a71c06d4be2ed9100dd163db7\",\"name\":\"Dzana Muminovic\",\"image\":{\"@type\":\"ImageObject\",\"inLanguage\":\"fr-FR\",\"@id\":\"https:\\\/\\\/secure.gravatar.com\\\/avatar\\\/909c5c71aff4b38e88686f2ab2f1ba152571f394f41ed8bae431ea56ced93050?s=96&d=mm&r=g\",\"url\":\"https:\\\/\\\/secure.gravatar.com\\\/avatar\\\/909c5c71aff4b38e88686f2ab2f1ba152571f394f41ed8bae431ea56ced93050?s=96&d=mm&r=g\",\"contentUrl\":\"https:\\\/\\\/secure.gravatar.com\\\/avatar\\\/909c5c71aff4b38e88686f2ab2f1ba152571f394f41ed8bae431ea56ced93050?s=96&d=mm&r=g\",\"caption\":\"Dzana Muminovic\"},\"url\":\"https:\\\/\\\/www.organisator.ch\\\/fr\\\/author\\\/dzana-muminovic\\\/\"}]}<\/script>\n<!-- \/ Yoast SEO plugin. -->","yoast_head_json":{"title":"Planification annuelle simple et gestion des ressources pour les entreprises - Organisateur","description":"Involve simplifie la communication avec les collaborateurs gr\u00e2ce au nouveau module de planification - pour plus de transparence, de collaboration et d'esprit d'\u00e9quipe.","robots":{"index":"index","follow":"follow","max-snippet":"max-snippet:-1","max-image-preview":"max-image-preview:large","max-video-preview":"max-video-preview:-1"},"canonical":"https:\/\/www.organisator.ch\/fr\/ressources-humaines\/2025-03-05\/einfache-jahresplanung-und-ressourcenverwaltung-fuer-unternehmen\/","og_locale":"fr_FR","og_type":"article","og_title":"Einfache Jahresplanung und Ressourcenverwaltung f\u00fcr Unternehmen","og_description":"Involve vereinfacht die Mitarbeitenden-Kommunikation mit dem neuen Planer-Modul \u2013 f\u00fcr mehr Transparenz, Zusammenarbeit und Teamgeist.","og_url":"https:\/\/www.organisator.ch\/fr\/ressources-humaines\/2025-03-05\/einfache-jahresplanung-und-ressourcenverwaltung-fuer-unternehmen\/","og_site_name":"Organisator","article_publisher":"https:\/\/www.facebook.com\/OrganisatorFachmagazin","article_published_time":"2025-03-05T07:35:19+00:00","og_image":[{"width":680,"height":383,"url":"https:\/\/www.organisator.ch\/wp-content\/uploads\/2025\/03\/Involve_Bild1_ps.jpg","type":"image\/jpeg"}],"author":"Dzana Muminovic","twitter_card":"summary_large_image","twitter_title":"Einfache Jahresplanung und Ressourcenverwaltung f\u00fcr Unternehmen","twitter_description":"#Involve vereinfacht die #Mitarbeitenden-#Kommunikation mit dem neuen #Planer-#Modul \u2013 f\u00fcr mehr #Transparenz, #Zusammenarbeit und #Teamgeist.","twitter_image":"https:\/\/www.organisator.ch\/wp-content\/uploads\/2025\/03\/Involve_Bild1_ps.jpg","schema":{"@context":"https:\/\/schema.org","@graph":[{"@type":"Article","@id":"https:\/\/www.organisator.ch\/human-resources\/2025-03-05\/einfache-jahresplanung-und-ressourcenverwaltung-fuer-unternehmen\/#article","isPartOf":{"@id":"https:\/\/www.organisator.ch\/human-resources\/2025-03-05\/einfache-jahresplanung-und-ressourcenverwaltung-fuer-unternehmen\/"},"author":{"name":"Dzana Muminovic","@id":"https:\/\/www.organisator.ch\/#\/schema\/person\/afccda3a71c06d4be2ed9100dd163db7"},"headline":"Einfache Jahresplanung und Ressourcenverwaltung f\u00fcr Unternehmen","datePublished":"2025-03-05T07:35:19+00:00","mainEntityOfPage":{"@id":"https:\/\/www.organisator.ch\/human-resources\/2025-03-05\/einfache-jahresplanung-und-ressourcenverwaltung-fuer-unternehmen\/"},"wordCount":294,"publisher":{"@id":"https:\/\/www.organisator.ch\/#organization"},"image":{"@id":"https:\/\/www.organisator.ch\/human-resources\/2025-03-05\/einfache-jahresplanung-und-ressourcenverwaltung-fuer-unternehmen\/#primaryimage"},"thumbnailUrl":"https:\/\/www.organisator.ch\/wp-content\/uploads\/2025\/03\/Involve_Bild1_ps.jpg","keywords":["Kommunikation","Mitarbeiterbindung","Planer","Plattform","Unternehmen","Zusammenarbeit"],"articleSection":["HUMAN RESOURCES"],"inLanguage":"fr-FR"},{"@type":"WebPage","@id":"https:\/\/www.organisator.ch\/human-resources\/2025-03-05\/einfache-jahresplanung-und-ressourcenverwaltung-fuer-unternehmen\/","url":"https:\/\/www.organisator.ch\/human-resources\/2025-03-05\/einfache-jahresplanung-und-ressourcenverwaltung-fuer-unternehmen\/","name":"Planification annuelle simple et gestion des ressources pour les entreprises - Organisateur","isPartOf":{"@id":"https:\/\/www.organisator.ch\/#website"},"primaryImageOfPage":{"@id":"https:\/\/www.organisator.ch\/human-resources\/2025-03-05\/einfache-jahresplanung-und-ressourcenverwaltung-fuer-unternehmen\/#primaryimage"},"image":{"@id":"https:\/\/www.organisator.ch\/human-resources\/2025-03-05\/einfache-jahresplanung-und-ressourcenverwaltung-fuer-unternehmen\/#primaryimage"},"thumbnailUrl":"https:\/\/www.organisator.ch\/wp-content\/uploads\/2025\/03\/Involve_Bild1_ps.jpg","datePublished":"2025-03-05T07:35:19+00:00","description":"Involve simplifie la communication avec les collaborateurs gr\u00e2ce au nouveau module de planification - pour plus de transparence, de collaboration et d'esprit d'\u00e9quipe.","breadcrumb":{"@id":"https:\/\/www.organisator.ch\/human-resources\/2025-03-05\/einfache-jahresplanung-und-ressourcenverwaltung-fuer-unternehmen\/#breadcrumb"},"inLanguage":"fr-FR","potentialAction":[{"@type":"ReadAction","target":["https:\/\/www.organisator.ch\/human-resources\/2025-03-05\/einfache-jahresplanung-und-ressourcenverwaltung-fuer-unternehmen\/"]}]},{"@type":"ImageObject","inLanguage":"fr-FR","@id":"https:\/\/www.organisator.ch\/human-resources\/2025-03-05\/einfache-jahresplanung-und-ressourcenverwaltung-fuer-unternehmen\/#primaryimage","url":"https:\/\/www.organisator.ch\/wp-content\/uploads\/2025\/03\/Involve_Bild1_ps.jpg","contentUrl":"https:\/\/www.organisator.ch\/wp-content\/uploads\/2025\/03\/Involve_Bild1_ps.jpg","width":680,"height":383,"caption":"Involve vereinfacht die Mitarbeitenden-Kommunikation mit dem neuen Planer-Modul \u2013 f\u00fcr mehr Transparenz, Zusammenarbeit und Teamgeist. (Bild: Involve)"},{"@type":"BreadcrumbList","@id":"https:\/\/www.organisator.ch\/human-resources\/2025-03-05\/einfache-jahresplanung-und-ressourcenverwaltung-fuer-unternehmen\/#breadcrumb","itemListElement":[{"@type":"ListItem","position":1,"name":"Home","item":"https:\/\/www.organisator.ch\/"},{"@type":"ListItem","position":2,"name":"Einfache Jahresplanung und Ressourcenverwaltung f\u00fcr Unternehmen"}]},{"@type":"WebSite","@id":"https:\/\/www.organisator.ch\/#website","url":"https:\/\/www.organisator.ch\/","name":"Organisateur","description":"Comp\u00e9tence et comp\u00e9tence. Proches de la pratique. L'ORGANISATEUR pr\u00e9pare 10 num\u00e9ros par an sur les th\u00e8mes essentiels pour les dirigeants de PME.","publisher":{"@id":"https:\/\/www.organisator.ch\/#organization"},"potentialAction":[{"@type":"SearchAction","target":{"@type":"EntryPoint","urlTemplate":"https:\/\/www.organisator.ch\/?s={search_term_string}"},"query-input":{"@type":"PropertyValueSpecification","valueRequired":true,"valueName":"search_term_string"}}],"inLanguage":"fr-FR"},{"@type":"Organization","@id":"https:\/\/www.organisator.ch\/#organization","name":"Organisateur","url":"https:\/\/www.organisator.ch\/","logo":{"@type":"ImageObject","inLanguage":"fr-FR","@id":"https:\/\/www.organisator.ch\/#\/schema\/logo\/image\/","url":"https:\/\/www.organisator.ch\/wp-content\/uploads\/2022\/01\/Logo_Organisator_Website.png","contentUrl":"https:\/\/www.organisator.ch\/wp-content\/uploads\/2022\/01\/Logo_Organisator_Website.png","width":800,"height":77,"caption":"Organisator"},"image":{"@id":"https:\/\/www.organisator.ch\/#\/schema\/logo\/image\/"},"sameAs":["https:\/\/www.facebook.com\/OrganisatorFachmagazin","https:\/\/www.linkedin.com\/showcase\/organisator-das-magazin-fr-kmu","https:\/\/www.xing.com\/news\/pages\/organisator-ch-695","https:\/\/www.youtube.com\/channel\/UCGP2Sq0iWaZwT3BdIAQFYpw"]},{"@type":"Person","@id":"https:\/\/www.organisator.ch\/#\/schema\/person\/afccda3a71c06d4be2ed9100dd163db7","name":"Dzana Muminovic","image":{"@type":"ImageObject","inLanguage":"fr-FR","@id":"https:\/\/secure.gravatar.com\/avatar\/909c5c71aff4b38e88686f2ab2f1ba152571f394f41ed8bae431ea56ced93050?s=96&d=mm&r=g","url":"https:\/\/secure.gravatar.com\/avatar\/909c5c71aff4b38e88686f2ab2f1ba152571f394f41ed8bae431ea56ced93050?s=96&d=mm&r=g","contentUrl":"https:\/\/secure.gravatar.com\/avatar\/909c5c71aff4b38e88686f2ab2f1ba152571f394f41ed8bae431ea56ced93050?s=96&d=mm&r=g","caption":"Dzana Muminovic"},"url":"https:\/\/www.organisator.ch\/fr\/author\/dzana-muminovic\/"}]}},"_links":{"self":[{"href":"https:\/\/www.organisator.ch\/fr\/wp-json\/wp\/v2\/posts\/36632","targetHints":{"allow":["GET"]}}],"collection":[{"href":"https:\/\/www.organisator.ch\/fr\/wp-json\/wp\/v2\/posts"}],"about":[{"href":"https:\/\/www.organisator.ch\/fr\/wp-json\/wp\/v2\/types\/post"}],"author":[{"embeddable":true,"href":"https:\/\/www.organisator.ch\/fr\/wp-json\/wp\/v2\/users\/80"}],"replies":[{"embeddable":true,"href":"https:\/\/www.organisator.ch\/fr\/wp-json\/wp\/v2\/comments?post=36632"}],"version-history":[{"count":3,"href":"https:\/\/www.organisator.ch\/fr\/wp-json\/wp\/v2\/posts\/36632\/revisions"}],"predecessor-version":[{"id":36675,"href":"https:\/\/www.organisator.ch\/fr\/wp-json\/wp\/v2\/posts\/36632\/revisions\/36675"}],"wp:featuredmedia":[{"embeddable":true,"href":"https:\/\/www.organisator.ch\/fr\/wp-json\/wp\/v2\/media\/36636"}],"wp:attachment":[{"href":"https:\/\/www.organisator.ch\/fr\/wp-json\/wp\/v2\/media?parent=36632"}],"wp:term":[{"taxonomy":"category","embeddable":true,"href":"https:\/\/www.organisator.ch\/fr\/wp-json\/wp\/v2\/categories?post=36632"},{"taxonomy":"post_tag","embeddable":true,"href":"https:\/\/www.organisator.ch\/fr\/wp-json\/wp\/v2\/tags?post=36632"}],"curies":[{"name":"wp","href":"https:\/\/api.w.org\/{rel}","templated":true}]}}