{"id":36648,"date":"2025-03-05T13:43:35","date_gmt":"2025-03-05T12:43:35","guid":{"rendered":"https:\/\/www.organisator.ch\/?p=36648"},"modified":"2025-03-05T13:43:35","modified_gmt":"2025-03-05T12:43:35","slug":"erich-sannemann-wird-neuer-direktor-von-swissmechanic","status":"publish","type":"post","link":"https:\/\/www.organisator.ch\/fr\/management\/2025-03-05\/erich-sannemann-wird-neuer-direktor-von-swissmechanic\/","title":{"rendered":"Erich Sannemann devient le nouveau directeur de Swissmechanic"},"content":{"rendered":"<figure id=\"attachment_36650\" aria-describedby=\"caption-attachment-36650\" style=\"width: 680px\" class=\"wp-caption alignnone\"><img loading=\"lazy\" decoding=\"async\" class=\"size-full wp-image-36650\" src=\"https:\/\/www.organisator.ch\/wp-content\/uploads\/2025\/03\/Swissmechanic_Bild_ps.jpg\" alt=\"\" width=\"680\" height=\"732\" srcset=\"https:\/\/www.organisator.ch\/wp-content\/uploads\/2025\/03\/Swissmechanic_Bild_ps.jpg 680w, https:\/\/www.organisator.ch\/wp-content\/uploads\/2025\/03\/Swissmechanic_Bild_ps-11x12.jpg 11w, https:\/\/www.organisator.ch\/wp-content\/uploads\/2025\/03\/Swissmechanic_Bild_ps-279x300.jpg 279w, https:\/\/www.organisator.ch\/wp-content\/uploads\/2025\/03\/Swissmechanic_Bild_ps-325x350.jpg 325w\" sizes=\"auto, (max-width: 680px) 100vw, 680px\" \/><figcaption id=\"caption-attachment-36650\" class=\"wp-caption-text\">Erich Sannemann reprend la direction op\u00e9rationnelle de Swissmechanic et devient le nouveau directeur de l'association PME-MEM. (Image : www.swissmechanic.ch)<\/figcaption><\/figure>\n<p>Depuis fin novembre 2024, Erich Sannemann dirige le secr\u00e9tariat de Swissmechanic par int\u00e9rim. La direction de l'association vient d'\u00e9largir son mandat : Erich Sannemann devient le nouveau directeur de l'association PME-MEM.<\/p>\n<p>Erich Sannemann est titulaire d'un master en ing\u00e9nierie d'exploitation et de production de l'EPF de Zurich et apporte une connaissance approfondie et pratique de la branche MEM.<\/p>\n<p>Sa carri\u00e8re, marqu\u00e9e par des postes dans les op\u00e9rations et la cha\u00eene d'approvisionnement jusqu'au niveau C ainsi que dans la direction et le conseil d'administration d'entreprises renomm\u00e9es de l'industrie suisse, comprend des projets de transformation vari\u00e9s. Erich Sannemann a fait ses preuves dans le d\u00e9veloppement de syst\u00e8mes d'excellence et de direction ainsi que dans le leadership et la gestion du changement. Ses activit\u00e9s d'enseignement dans les hautes \u00e9coles sp\u00e9cialis\u00e9es soulignent son expertise dans l'association de l'innovation et de l'excellence op\u00e9rationnelle.<\/p>\n<p>Swissmechanic se r\u00e9jouit de relever, avec Erich Sannemann, les nombreux d\u00e9fis futurs de la branche MEM avec \u00e9lan et expertise.<\/p>\n<p><em>Source : <a href=\"https:\/\/www.swissmechanic.ch\/\">www.swissmechanic.ch<\/a><\/em><\/p>","protected":false},"excerpt":{"rendered":"<p>Cet ing\u00e9nieur d'exploitation et de production EPF exp\u00e9riment\u00e9 reprend la direction op\u00e9rationnelle de Swissmechanic.<\/p>","protected":false},"author":80,"featured_media":36650,"comment_status":"closed","ping_status":"closed","sticky":false,"template":"","format":"standard","meta":{"_acf_changed":false,"_yoast_wpseo_focuskw":"Erich Sannemann Swissmechanic","_yoast_wpseo_metadesc":"Erich Sannemann \u00fcbernimmt die operative F\u00fchrung von Swissmechanic und wird neuer Direktor des KMU-MEM-Verbandes.","articlekey":"","footnotes":""},"categories":[28],"tags":[987,225,301,3414],"class_list":["post-36648","post","type-post","status-publish","format-standard","has-post-thumbnail","hentry","category-management","tag-direktor","tag-fuehrung","tag-kmu","tag-swissmechanic"],"acf":[],"yoast_head":"<!-- This site is optimized with the Yoast SEO plugin v27.5 - https:\/\/yoast.com\/product\/yoast-seo-wordpress\/ -->\n<title>Erich Sannemann wird neuer Direktor von Swissmechanic - Organisator<\/title>\n<meta name=\"description\" content=\"Erich Sannemann \u00fcbernimmt die operative F\u00fchrung von Swissmechanic und wird neuer Direktor des KMU-MEM-Verbandes.\" \/>\n<meta name=\"robots\" content=\"index, follow, max-snippet:-1, max-image-preview:large, max-video-preview:-1\" \/>\n<link rel=\"canonical\" href=\"https:\/\/www.organisator.ch\/fr\/gestion-2\/2025-03-05\/erich-sannemann-wird-neuer-direktor-von-swissmechanic\/\" \/>\n<meta property=\"og:locale\" content=\"fr_FR\" \/>\n<meta property=\"og:type\" content=\"article\" \/>\n<meta property=\"og:title\" content=\"Erich Sannemann wird neuer Direktor von Swissmechanic\" \/>\n<meta property=\"og:description\" content=\"Erich Sannemann \u00fcbernimmt die operative F\u00fchrung von Swissmechanic und wird neuer Direktor des KMU-MEM-Verbandes.\" \/>\n<meta property=\"og:url\" content=\"https:\/\/www.organisator.ch\/fr\/gestion-2\/2025-03-05\/erich-sannemann-wird-neuer-direktor-von-swissmechanic\/\" \/>\n<meta property=\"og:site_name\" content=\"Organisator\" \/>\n<meta property=\"article:publisher\" content=\"https:\/\/www.facebook.com\/OrganisatorFachmagazin\" \/>\n<meta property=\"article:published_time\" content=\"2025-03-05T12:43:35+00:00\" \/>\n<meta property=\"og:image\" content=\"https:\/\/www.organisator.ch\/wp-content\/uploads\/2025\/03\/Swissmechanic_Bild_ps.jpg\" \/>\n\t<meta property=\"og:image:width\" content=\"680\" \/>\n\t<meta property=\"og:image:height\" content=\"732\" \/>\n\t<meta property=\"og:image:type\" content=\"image\/jpeg\" \/>\n<meta name=\"author\" content=\"Dzana Muminovic\" \/>\n<meta name=\"twitter:card\" content=\"summary_large_image\" \/>\n<meta name=\"twitter:title\" content=\"Erich Sannemann wird neuer Direktor von Swissmechanic\" \/>\n<meta name=\"twitter:description\" content=\"#Erich #Sannemann \u00fcbernimmt die #operative #F\u00fchrung von #Swissmechanic und wird neuer #Direktor des #KMU-#MEM-#Verbandes.\" \/>\n<meta name=\"twitter:image\" content=\"https:\/\/www.organisator.ch\/wp-content\/uploads\/2025\/03\/Swissmechanic_Bild_ps.jpg\" \/>\n<script type=\"application\/ld+json\" class=\"yoast-schema-graph\">{\"@context\":\"https:\\\/\\\/schema.org\",\"@graph\":[{\"@type\":\"Article\",\"@id\":\"https:\\\/\\\/www.organisator.ch\\\/management\\\/2025-03-05\\\/erich-sannemann-wird-neuer-direktor-von-swissmechanic\\\/#article\",\"isPartOf\":{\"@id\":\"https:\\\/\\\/www.organisator.ch\\\/management\\\/2025-03-05\\\/erich-sannemann-wird-neuer-direktor-von-swissmechanic\\\/\"},\"author\":{\"name\":\"Dzana Muminovic\",\"@id\":\"https:\\\/\\\/www.organisator.ch\\\/#\\\/schema\\\/person\\\/afccda3a71c06d4be2ed9100dd163db7\"},\"headline\":\"Erich Sannemann wird neuer Direktor von Swissmechanic\",\"datePublished\":\"2025-03-05T12:43:35+00:00\",\"mainEntityOfPage\":{\"@id\":\"https:\\\/\\\/www.organisator.ch\\\/management\\\/2025-03-05\\\/erich-sannemann-wird-neuer-direktor-von-swissmechanic\\\/\"},\"wordCount\":170,\"publisher\":{\"@id\":\"https:\\\/\\\/www.organisator.ch\\\/#organization\"},\"image\":{\"@id\":\"https:\\\/\\\/www.organisator.ch\\\/management\\\/2025-03-05\\\/erich-sannemann-wird-neuer-direktor-von-swissmechanic\\\/#primaryimage\"},\"thumbnailUrl\":\"https:\\\/\\\/www.organisator.ch\\\/wp-content\\\/uploads\\\/2025\\\/03\\\/Swissmechanic_Bild_ps.jpg\",\"keywords\":[\"Direktor\",\"F\u00fchrung\",\"KMU\",\"Swissmechanic\"],\"articleSection\":[\"MANAGEMENT\"],\"inLanguage\":\"fr-FR\"},{\"@type\":\"WebPage\",\"@id\":\"https:\\\/\\\/www.organisator.ch\\\/management\\\/2025-03-05\\\/erich-sannemann-wird-neuer-direktor-von-swissmechanic\\\/\",\"url\":\"https:\\\/\\\/www.organisator.ch\\\/management\\\/2025-03-05\\\/erich-sannemann-wird-neuer-direktor-von-swissmechanic\\\/\",\"name\":\"Erich Sannemann wird neuer Direktor von Swissmechanic - Organisator\",\"isPartOf\":{\"@id\":\"https:\\\/\\\/www.organisator.ch\\\/#website\"},\"primaryImageOfPage\":{\"@id\":\"https:\\\/\\\/www.organisator.ch\\\/management\\\/2025-03-05\\\/erich-sannemann-wird-neuer-direktor-von-swissmechanic\\\/#primaryimage\"},\"image\":{\"@id\":\"https:\\\/\\\/www.organisator.ch\\\/management\\\/2025-03-05\\\/erich-sannemann-wird-neuer-direktor-von-swissmechanic\\\/#primaryimage\"},\"thumbnailUrl\":\"https:\\\/\\\/www.organisator.ch\\\/wp-content\\\/uploads\\\/2025\\\/03\\\/Swissmechanic_Bild_ps.jpg\",\"datePublished\":\"2025-03-05T12:43:35+00:00\",\"description\":\"Erich Sannemann \u00fcbernimmt die operative F\u00fchrung von Swissmechanic und wird neuer Direktor des KMU-MEM-Verbandes.\",\"breadcrumb\":{\"@id\":\"https:\\\/\\\/www.organisator.ch\\\/management\\\/2025-03-05\\\/erich-sannemann-wird-neuer-direktor-von-swissmechanic\\\/#breadcrumb\"},\"inLanguage\":\"fr-FR\",\"potentialAction\":[{\"@type\":\"ReadAction\",\"target\":[\"https:\\\/\\\/www.organisator.ch\\\/management\\\/2025-03-05\\\/erich-sannemann-wird-neuer-direktor-von-swissmechanic\\\/\"]}]},{\"@type\":\"ImageObject\",\"inLanguage\":\"fr-FR\",\"@id\":\"https:\\\/\\\/www.organisator.ch\\\/management\\\/2025-03-05\\\/erich-sannemann-wird-neuer-direktor-von-swissmechanic\\\/#primaryimage\",\"url\":\"https:\\\/\\\/www.organisator.ch\\\/wp-content\\\/uploads\\\/2025\\\/03\\\/Swissmechanic_Bild_ps.jpg\",\"contentUrl\":\"https:\\\/\\\/www.organisator.ch\\\/wp-content\\\/uploads\\\/2025\\\/03\\\/Swissmechanic_Bild_ps.jpg\",\"width\":680,\"height\":732,\"caption\":\"Erich Sannemann \u00fcbernimmt die operative F\u00fchrung von Swissmechanic und wird neuer Direktor des KMU-MEM-Verbandes. (Bild: www.swissmechanic.ch)\"},{\"@type\":\"BreadcrumbList\",\"@id\":\"https:\\\/\\\/www.organisator.ch\\\/management\\\/2025-03-05\\\/erich-sannemann-wird-neuer-direktor-von-swissmechanic\\\/#breadcrumb\",\"itemListElement\":[{\"@type\":\"ListItem\",\"position\":1,\"name\":\"Home\",\"item\":\"https:\\\/\\\/www.organisator.ch\\\/\"},{\"@type\":\"ListItem\",\"position\":2,\"name\":\"Erich Sannemann wird neuer Direktor von Swissmechanic\"}]},{\"@type\":\"WebSite\",\"@id\":\"https:\\\/\\\/www.organisator.ch\\\/#website\",\"url\":\"https:\\\/\\\/www.organisator.ch\\\/\",\"name\":\"Organisator\",\"description\":\"Kompetent. Praxisnah. Der ORGANISATOR bereitet in 10 Ausgaben pro Jahr die wesentlichen Themen f\u00fcr F\u00fchrungskr\u00e4fte von KMU auf.\",\"publisher\":{\"@id\":\"https:\\\/\\\/www.organisator.ch\\\/#organization\"},\"potentialAction\":[{\"@type\":\"SearchAction\",\"target\":{\"@type\":\"EntryPoint\",\"urlTemplate\":\"https:\\\/\\\/www.organisator.ch\\\/?s={search_term_string}\"},\"query-input\":{\"@type\":\"PropertyValueSpecification\",\"valueRequired\":true,\"valueName\":\"search_term_string\"}}],\"inLanguage\":\"fr-FR\"},{\"@type\":\"Organization\",\"@id\":\"https:\\\/\\\/www.organisator.ch\\\/#organization\",\"name\":\"Organisator\",\"url\":\"https:\\\/\\\/www.organisator.ch\\\/\",\"logo\":{\"@type\":\"ImageObject\",\"inLanguage\":\"fr-FR\",\"@id\":\"https:\\\/\\\/www.organisator.ch\\\/#\\\/schema\\\/logo\\\/image\\\/\",\"url\":\"https:\\\/\\\/www.organisator.ch\\\/wp-content\\\/uploads\\\/2022\\\/01\\\/Logo_Organisator_Website.png\",\"contentUrl\":\"https:\\\/\\\/www.organisator.ch\\\/wp-content\\\/uploads\\\/2022\\\/01\\\/Logo_Organisator_Website.png\",\"width\":800,\"height\":77,\"caption\":\"Organisator\"},\"image\":{\"@id\":\"https:\\\/\\\/www.organisator.ch\\\/#\\\/schema\\\/logo\\\/image\\\/\"},\"sameAs\":[\"https:\\\/\\\/www.facebook.com\\\/OrganisatorFachmagazin\",\"https:\\\/\\\/www.linkedin.com\\\/showcase\\\/organisator-das-magazin-fr-kmu\",\"https:\\\/\\\/www.xing.com\\\/news\\\/pages\\\/organisator-ch-695\",\"https:\\\/\\\/www.youtube.com\\\/channel\\\/UCGP2Sq0iWaZwT3BdIAQFYpw\"]},{\"@type\":\"Person\",\"@id\":\"https:\\\/\\\/www.organisator.ch\\\/#\\\/schema\\\/person\\\/afccda3a71c06d4be2ed9100dd163db7\",\"name\":\"Dzana Muminovic\",\"image\":{\"@type\":\"ImageObject\",\"inLanguage\":\"fr-FR\",\"@id\":\"https:\\\/\\\/secure.gravatar.com\\\/avatar\\\/909c5c71aff4b38e88686f2ab2f1ba152571f394f41ed8bae431ea56ced93050?s=96&d=mm&r=g\",\"url\":\"https:\\\/\\\/secure.gravatar.com\\\/avatar\\\/909c5c71aff4b38e88686f2ab2f1ba152571f394f41ed8bae431ea56ced93050?s=96&d=mm&r=g\",\"contentUrl\":\"https:\\\/\\\/secure.gravatar.com\\\/avatar\\\/909c5c71aff4b38e88686f2ab2f1ba152571f394f41ed8bae431ea56ced93050?s=96&d=mm&r=g\",\"caption\":\"Dzana Muminovic\"},\"url\":\"https:\\\/\\\/www.organisator.ch\\\/fr\\\/author\\\/dzana-muminovic\\\/\"}]}<\/script>\n<!-- \/ Yoast SEO plugin. -->","yoast_head_json":{"title":"Erich Sannemann devient le nouveau directeur de Swissmechanic - Organisateur","description":"Erich Sannemann reprend la direction op\u00e9rationnelle de Swissmechanic et devient le nouveau directeur de l'association PME-MEM.","robots":{"index":"index","follow":"follow","max-snippet":"max-snippet:-1","max-image-preview":"max-image-preview:large","max-video-preview":"max-video-preview:-1"},"canonical":"https:\/\/www.organisator.ch\/fr\/gestion-2\/2025-03-05\/erich-sannemann-wird-neuer-direktor-von-swissmechanic\/","og_locale":"fr_FR","og_type":"article","og_title":"Erich Sannemann wird neuer Direktor von Swissmechanic","og_description":"Erich Sannemann \u00fcbernimmt die operative F\u00fchrung von Swissmechanic und wird neuer Direktor des KMU-MEM-Verbandes.","og_url":"https:\/\/www.organisator.ch\/fr\/gestion-2\/2025-03-05\/erich-sannemann-wird-neuer-direktor-von-swissmechanic\/","og_site_name":"Organisator","article_publisher":"https:\/\/www.facebook.com\/OrganisatorFachmagazin","article_published_time":"2025-03-05T12:43:35+00:00","og_image":[{"width":680,"height":732,"url":"https:\/\/www.organisator.ch\/wp-content\/uploads\/2025\/03\/Swissmechanic_Bild_ps.jpg","type":"image\/jpeg"}],"author":"Dzana Muminovic","twitter_card":"summary_large_image","twitter_title":"Erich Sannemann wird neuer Direktor von Swissmechanic","twitter_description":"#Erich #Sannemann \u00fcbernimmt die #operative #F\u00fchrung von #Swissmechanic und wird neuer #Direktor des #KMU-#MEM-#Verbandes.","twitter_image":"https:\/\/www.organisator.ch\/wp-content\/uploads\/2025\/03\/Swissmechanic_Bild_ps.jpg","schema":{"@context":"https:\/\/schema.org","@graph":[{"@type":"Article","@id":"https:\/\/www.organisator.ch\/management\/2025-03-05\/erich-sannemann-wird-neuer-direktor-von-swissmechanic\/#article","isPartOf":{"@id":"https:\/\/www.organisator.ch\/management\/2025-03-05\/erich-sannemann-wird-neuer-direktor-von-swissmechanic\/"},"author":{"name":"Dzana Muminovic","@id":"https:\/\/www.organisator.ch\/#\/schema\/person\/afccda3a71c06d4be2ed9100dd163db7"},"headline":"Erich Sannemann wird neuer Direktor von Swissmechanic","datePublished":"2025-03-05T12:43:35+00:00","mainEntityOfPage":{"@id":"https:\/\/www.organisator.ch\/management\/2025-03-05\/erich-sannemann-wird-neuer-direktor-von-swissmechanic\/"},"wordCount":170,"publisher":{"@id":"https:\/\/www.organisator.ch\/#organization"},"image":{"@id":"https:\/\/www.organisator.ch\/management\/2025-03-05\/erich-sannemann-wird-neuer-direktor-von-swissmechanic\/#primaryimage"},"thumbnailUrl":"https:\/\/www.organisator.ch\/wp-content\/uploads\/2025\/03\/Swissmechanic_Bild_ps.jpg","keywords":["Direktor","F\u00fchrung","KMU","Swissmechanic"],"articleSection":["MANAGEMENT"],"inLanguage":"fr-FR"},{"@type":"WebPage","@id":"https:\/\/www.organisator.ch\/management\/2025-03-05\/erich-sannemann-wird-neuer-direktor-von-swissmechanic\/","url":"https:\/\/www.organisator.ch\/management\/2025-03-05\/erich-sannemann-wird-neuer-direktor-von-swissmechanic\/","name":"Erich Sannemann devient le nouveau directeur de Swissmechanic - Organisateur","isPartOf":{"@id":"https:\/\/www.organisator.ch\/#website"},"primaryImageOfPage":{"@id":"https:\/\/www.organisator.ch\/management\/2025-03-05\/erich-sannemann-wird-neuer-direktor-von-swissmechanic\/#primaryimage"},"image":{"@id":"https:\/\/www.organisator.ch\/management\/2025-03-05\/erich-sannemann-wird-neuer-direktor-von-swissmechanic\/#primaryimage"},"thumbnailUrl":"https:\/\/www.organisator.ch\/wp-content\/uploads\/2025\/03\/Swissmechanic_Bild_ps.jpg","datePublished":"2025-03-05T12:43:35+00:00","description":"Erich Sannemann reprend la direction op\u00e9rationnelle de Swissmechanic et devient le nouveau directeur de l'association PME-MEM.","breadcrumb":{"@id":"https:\/\/www.organisator.ch\/management\/2025-03-05\/erich-sannemann-wird-neuer-direktor-von-swissmechanic\/#breadcrumb"},"inLanguage":"fr-FR","potentialAction":[{"@type":"ReadAction","target":["https:\/\/www.organisator.ch\/management\/2025-03-05\/erich-sannemann-wird-neuer-direktor-von-swissmechanic\/"]}]},{"@type":"ImageObject","inLanguage":"fr-FR","@id":"https:\/\/www.organisator.ch\/management\/2025-03-05\/erich-sannemann-wird-neuer-direktor-von-swissmechanic\/#primaryimage","url":"https:\/\/www.organisator.ch\/wp-content\/uploads\/2025\/03\/Swissmechanic_Bild_ps.jpg","contentUrl":"https:\/\/www.organisator.ch\/wp-content\/uploads\/2025\/03\/Swissmechanic_Bild_ps.jpg","width":680,"height":732,"caption":"Erich Sannemann \u00fcbernimmt die operative F\u00fchrung von Swissmechanic und wird neuer Direktor des KMU-MEM-Verbandes. (Bild: www.swissmechanic.ch)"},{"@type":"BreadcrumbList","@id":"https:\/\/www.organisator.ch\/management\/2025-03-05\/erich-sannemann-wird-neuer-direktor-von-swissmechanic\/#breadcrumb","itemListElement":[{"@type":"ListItem","position":1,"name":"Home","item":"https:\/\/www.organisator.ch\/"},{"@type":"ListItem","position":2,"name":"Erich Sannemann wird neuer Direktor von Swissmechanic"}]},{"@type":"WebSite","@id":"https:\/\/www.organisator.ch\/#website","url":"https:\/\/www.organisator.ch\/","name":"Organisateur","description":"Comp\u00e9tence et comp\u00e9tence. Proches de la pratique. L'ORGANISATEUR pr\u00e9pare 10 num\u00e9ros par an sur les th\u00e8mes essentiels pour les dirigeants de PME.","publisher":{"@id":"https:\/\/www.organisator.ch\/#organization"},"potentialAction":[{"@type":"SearchAction","target":{"@type":"EntryPoint","urlTemplate":"https:\/\/www.organisator.ch\/?s={search_term_string}"},"query-input":{"@type":"PropertyValueSpecification","valueRequired":true,"valueName":"search_term_string"}}],"inLanguage":"fr-FR"},{"@type":"Organization","@id":"https:\/\/www.organisator.ch\/#organization","name":"Organisateur","url":"https:\/\/www.organisator.ch\/","logo":{"@type":"ImageObject","inLanguage":"fr-FR","@id":"https:\/\/www.organisator.ch\/#\/schema\/logo\/image\/","url":"https:\/\/www.organisator.ch\/wp-content\/uploads\/2022\/01\/Logo_Organisator_Website.png","contentUrl":"https:\/\/www.organisator.ch\/wp-content\/uploads\/2022\/01\/Logo_Organisator_Website.png","width":800,"height":77,"caption":"Organisator"},"image":{"@id":"https:\/\/www.organisator.ch\/#\/schema\/logo\/image\/"},"sameAs":["https:\/\/www.facebook.com\/OrganisatorFachmagazin","https:\/\/www.linkedin.com\/showcase\/organisator-das-magazin-fr-kmu","https:\/\/www.xing.com\/news\/pages\/organisator-ch-695","https:\/\/www.youtube.com\/channel\/UCGP2Sq0iWaZwT3BdIAQFYpw"]},{"@type":"Person","@id":"https:\/\/www.organisator.ch\/#\/schema\/person\/afccda3a71c06d4be2ed9100dd163db7","name":"Dzana Muminovic","image":{"@type":"ImageObject","inLanguage":"fr-FR","@id":"https:\/\/secure.gravatar.com\/avatar\/909c5c71aff4b38e88686f2ab2f1ba152571f394f41ed8bae431ea56ced93050?s=96&d=mm&r=g","url":"https:\/\/secure.gravatar.com\/avatar\/909c5c71aff4b38e88686f2ab2f1ba152571f394f41ed8bae431ea56ced93050?s=96&d=mm&r=g","contentUrl":"https:\/\/secure.gravatar.com\/avatar\/909c5c71aff4b38e88686f2ab2f1ba152571f394f41ed8bae431ea56ced93050?s=96&d=mm&r=g","caption":"Dzana Muminovic"},"url":"https:\/\/www.organisator.ch\/fr\/author\/dzana-muminovic\/"}]}},"_links":{"self":[{"href":"https:\/\/www.organisator.ch\/fr\/wp-json\/wp\/v2\/posts\/36648","targetHints":{"allow":["GET"]}}],"collection":[{"href":"https:\/\/www.organisator.ch\/fr\/wp-json\/wp\/v2\/posts"}],"about":[{"href":"https:\/\/www.organisator.ch\/fr\/wp-json\/wp\/v2\/types\/post"}],"author":[{"embeddable":true,"href":"https:\/\/www.organisator.ch\/fr\/wp-json\/wp\/v2\/users\/80"}],"replies":[{"embeddable":true,"href":"https:\/\/www.organisator.ch\/fr\/wp-json\/wp\/v2\/comments?post=36648"}],"version-history":[{"count":4,"href":"https:\/\/www.organisator.ch\/fr\/wp-json\/wp\/v2\/posts\/36648\/revisions"}],"predecessor-version":[{"id":36695,"href":"https:\/\/www.organisator.ch\/fr\/wp-json\/wp\/v2\/posts\/36648\/revisions\/36695"}],"wp:featuredmedia":[{"embeddable":true,"href":"https:\/\/www.organisator.ch\/fr\/wp-json\/wp\/v2\/media\/36650"}],"wp:attachment":[{"href":"https:\/\/www.organisator.ch\/fr\/wp-json\/wp\/v2\/media?parent=36648"}],"wp:term":[{"taxonomy":"category","embeddable":true,"href":"https:\/\/www.organisator.ch\/fr\/wp-json\/wp\/v2\/categories?post=36648"},{"taxonomy":"post_tag","embeddable":true,"href":"https:\/\/www.organisator.ch\/fr\/wp-json\/wp\/v2\/tags?post=36648"}],"curies":[{"name":"wp","href":"https:\/\/api.w.org\/{rel}","templated":true}]}}