{"id":36659,"date":"2025-03-05T14:58:32","date_gmt":"2025-03-05T13:58:32","guid":{"rendered":"https:\/\/www.markt-kom.com\/?p=231425"},"modified":"2025-03-05T14:49:07","modified_gmt":"2025-03-05T13:49:07","slug":"shirin-pfisterer-wird-partnerin-bei-scholtysik","status":"publish","type":"post","link":"https:\/\/www.organisator.ch\/fr\/marketing\/2025-03-05\/shirin-pfisterer-wird-partnerin-bei-scholtysik\/","title":{"rendered":"Shirin Pfisterer devient associ\u00e9e chez Scholtysik"},"content":{"rendered":"<figure id=\"attachment_231426\" class=\"wp-caption aligncenter\" style=\"width: 1200px;\" aria-describedby=\"caption-attachment-231426\"><a href=\"https:\/\/www.markt-kom.com\/wp-content\/uploads\/2025\/03\/scholtysik_shirin_pfisterer_2025.jpg\"><img class=\"size-full wp-image-231426\" src=\"https:\/\/www.markt-kom.com\/wp-content\/uploads\/2025\/03\/scholtysik_shirin_pfisterer_2025.jpg\" sizes=\"(max-width: 1200px) 100vw, 1200px\" srcset=\"https:\/\/www.markt-kom.com\/wp-content\/uploads\/2025\/03\/scholtysik_shirin_pfisterer_2025.jpg 1200w, https:\/\/www.markt-kom.com\/wp-content\/uploads\/2025\/03\/scholtysik_shirin_pfisterer_2025-600x450.jpg 600w, https:\/\/www.markt-kom.com\/wp-content\/uploads\/2025\/03\/scholtysik_shirin_pfisterer_2025-1024x768.jpg 1024w, https:\/\/www.markt-kom.com\/wp-content\/uploads\/2025\/03\/scholtysik_shirin_pfisterer_2025-768x576.jpg 768w, https:\/\/www.markt-kom.com\/wp-content\/uploads\/2025\/03\/scholtysik_shirin_pfisterer_2025-16x12.jpg 16w, https:\/\/www.markt-kom.com\/wp-content\/uploads\/2025\/03\/scholtysik_shirin_pfisterer_2025-233x175.jpg 233w, https:\/\/www.markt-kom.com\/wp-content\/uploads\/2025\/03\/scholtysik_shirin_pfisterer_2025-467x350.jpg 467w, https:\/\/www.markt-kom.com\/wp-content\/uploads\/2025\/03\/scholtysik_shirin_pfisterer_2025-1000x750.jpg 1000w\" alt=\"\" width=\"1200\" height=\"900\" \/><\/a>\r\n<figcaption id=\"caption-attachment-231426\" class=\"wp-caption-text\">(Image : zVg.)<\/figcaption>\r\n<\/figure>\r\n<p>Apr\u00e8s avoir travaill\u00e9 dans des studios de branding et de design \u00e0 Barcelone, Zurich et Amsterdam, Shirin Pfisterer a rejoint Scholtysik en 2019. Elle y est responsable de l'exp\u00e9rience de marque de clients issus des domaines des sciences de la vie, de la technologie, de la finance, de la sant\u00e9, de l'\u00e9ducation, de la recherche et de l'industrie. Elle se concentre sur la gestion de la marque dans l'espace num\u00e9rique et en particulier sur le d\u00e9veloppement de points de contact num\u00e9riques bas\u00e9s sur des preuves et centr\u00e9s sur l'utilisateur, qui soient \u00e0 la fois conviviaux et typiques de la marque.<\/p>\r\n<p>La participation de Pfisterer doit renforcer l'int\u00e9gration de la jeune g\u00e9n\u00e9ration dans la direction de l'agence et souligner la focalisation de l'agence sur le branding strat\u00e9gique et la gestion des marques dans un contexte contemporain, \u00e9crit Scholtysik dans un communiqu\u00e9.<\/p>","protected":false},"excerpt":{"rendered":"<p>Shirin Pfisterer, collaboratrice de longue date et experte reconnue en mati\u00e8re d'exp\u00e9rience utilisateur et d'interaction typique des marques, est d\u00e9sormais copropri\u00e9taire de l'agence Scholtysik.<\/p>","protected":false},"author":8,"featured_media":0,"comment_status":"closed","ping_status":"closed","sticky":false,"template":"","format":"standard","meta":{"_acf_changed":false,"_yoast_wpseo_focuskw":"Shirin Pfisterer Scholtysik","_yoast_wpseo_metadesc":"Shirin Pfisterer wird Mitinhaberin der Agentur Scholtysik und st\u00e4rkt den Fokus auf strategisches Branding und nutzerzentrierte UX.","articlekey":"","footnotes":""},"categories":[29],"tags":[4345,2853,3675],"class_list":["post-36659","post","type-post","status-publish","format-standard","hentry","category-marketing","tag-business","tag-jobchange","tag-scholtysik"],"acf":[],"yoast_head":"<!-- This site is optimized with the Yoast SEO plugin v27.5 - https:\/\/yoast.com\/product\/yoast-seo-wordpress\/ -->\n<title>Shirin Pfisterer wird Partnerin bei Scholtysik - Organisator<\/title>\n<meta name=\"description\" content=\"Shirin Pfisterer wird Mitinhaberin der Agentur Scholtysik und st\u00e4rkt den Fokus auf strategisches Branding und nutzerzentrierte UX.\" \/>\n<meta name=\"robots\" content=\"index, follow, max-snippet:-1, max-image-preview:large, max-video-preview:-1\" \/>\n<link rel=\"canonical\" href=\"https:\/\/www.organisator.ch\/fr\/marketing\/2025-03-05\/shirin-pfisterer-wird-partnerin-bei-scholtysik\/\" \/>\n<meta property=\"og:locale\" content=\"fr_FR\" \/>\n<meta property=\"og:type\" content=\"article\" \/>\n<meta property=\"og:title\" content=\"Shirin Pfisterer wird Partnerin bei Scholtysik - Organisator\" \/>\n<meta property=\"og:description\" content=\"Shirin Pfisterer wird Mitinhaberin der Agentur Scholtysik und st\u00e4rkt den Fokus auf strategisches Branding und nutzerzentrierte UX.\" \/>\n<meta property=\"og:url\" content=\"https:\/\/www.organisator.ch\/fr\/marketing\/2025-03-05\/shirin-pfisterer-wird-partnerin-bei-scholtysik\/\" \/>\n<meta property=\"og:site_name\" content=\"Organisator\" \/>\n<meta property=\"article:publisher\" content=\"https:\/\/www.facebook.com\/OrganisatorFachmagazin\" \/>\n<meta property=\"article:published_time\" content=\"2025-03-05T13:58:32+00:00\" \/>\n<meta name=\"author\" content=\"galledia\" \/>\n<meta name=\"twitter:card\" content=\"summary_large_image\" \/>\n<meta name=\"twitter:creator\" content=\"@admin\" \/>\n<script type=\"application\/ld+json\" class=\"yoast-schema-graph\">{\"@context\":\"https:\\\/\\\/schema.org\",\"@graph\":[{\"@type\":\"Article\",\"@id\":\"https:\\\/\\\/www.organisator.ch\\\/marketing\\\/2025-03-05\\\/shirin-pfisterer-wird-partnerin-bei-scholtysik\\\/#article\",\"isPartOf\":{\"@id\":\"https:\\\/\\\/www.organisator.ch\\\/marketing\\\/2025-03-05\\\/shirin-pfisterer-wird-partnerin-bei-scholtysik\\\/\"},\"author\":{\"name\":\"galledia\",\"@id\":\"https:\\\/\\\/www.organisator.ch\\\/#\\\/schema\\\/person\\\/4e51799071cd2dd1232ac003643ef5f0\"},\"headline\":\"Shirin Pfisterer wird Partnerin bei Scholtysik\",\"datePublished\":\"2025-03-05T13:58:32+00:00\",\"mainEntityOfPage\":{\"@id\":\"https:\\\/\\\/www.organisator.ch\\\/marketing\\\/2025-03-05\\\/shirin-pfisterer-wird-partnerin-bei-scholtysik\\\/\"},\"wordCount\":110,\"publisher\":{\"@id\":\"https:\\\/\\\/www.organisator.ch\\\/#organization\"},\"image\":{\"@id\":\"https:\\\/\\\/www.organisator.ch\\\/marketing\\\/2025-03-05\\\/shirin-pfisterer-wird-partnerin-bei-scholtysik\\\/#primaryimage\"},\"thumbnailUrl\":\"https:\\\/\\\/www.markt-kom.com\\\/wp-content\\\/uploads\\\/2025\\\/03\\\/scholtysik_shirin_pfisterer_2025.jpg\",\"keywords\":[\"Business\",\"Jobchange\",\"Scholtysik\"],\"articleSection\":[\"MARKETING\"],\"inLanguage\":\"fr-FR\"},{\"@type\":\"WebPage\",\"@id\":\"https:\\\/\\\/www.organisator.ch\\\/marketing\\\/2025-03-05\\\/shirin-pfisterer-wird-partnerin-bei-scholtysik\\\/\",\"url\":\"https:\\\/\\\/www.organisator.ch\\\/marketing\\\/2025-03-05\\\/shirin-pfisterer-wird-partnerin-bei-scholtysik\\\/\",\"name\":\"Shirin Pfisterer wird Partnerin bei Scholtysik - Organisator\",\"isPartOf\":{\"@id\":\"https:\\\/\\\/www.organisator.ch\\\/#website\"},\"primaryImageOfPage\":{\"@id\":\"https:\\\/\\\/www.organisator.ch\\\/marketing\\\/2025-03-05\\\/shirin-pfisterer-wird-partnerin-bei-scholtysik\\\/#primaryimage\"},\"image\":{\"@id\":\"https:\\\/\\\/www.organisator.ch\\\/marketing\\\/2025-03-05\\\/shirin-pfisterer-wird-partnerin-bei-scholtysik\\\/#primaryimage\"},\"thumbnailUrl\":\"https:\\\/\\\/www.markt-kom.com\\\/wp-content\\\/uploads\\\/2025\\\/03\\\/scholtysik_shirin_pfisterer_2025.jpg\",\"datePublished\":\"2025-03-05T13:58:32+00:00\",\"description\":\"Shirin Pfisterer wird Mitinhaberin der Agentur Scholtysik und st\u00e4rkt den Fokus auf strategisches Branding und nutzerzentrierte UX.\",\"breadcrumb\":{\"@id\":\"https:\\\/\\\/www.organisator.ch\\\/marketing\\\/2025-03-05\\\/shirin-pfisterer-wird-partnerin-bei-scholtysik\\\/#breadcrumb\"},\"inLanguage\":\"fr-FR\",\"potentialAction\":[{\"@type\":\"ReadAction\",\"target\":[\"https:\\\/\\\/www.organisator.ch\\\/marketing\\\/2025-03-05\\\/shirin-pfisterer-wird-partnerin-bei-scholtysik\\\/\"]}]},{\"@type\":\"ImageObject\",\"inLanguage\":\"fr-FR\",\"@id\":\"https:\\\/\\\/www.organisator.ch\\\/marketing\\\/2025-03-05\\\/shirin-pfisterer-wird-partnerin-bei-scholtysik\\\/#primaryimage\",\"url\":\"https:\\\/\\\/www.markt-kom.com\\\/wp-content\\\/uploads\\\/2025\\\/03\\\/scholtysik_shirin_pfisterer_2025.jpg\",\"contentUrl\":\"https:\\\/\\\/www.markt-kom.com\\\/wp-content\\\/uploads\\\/2025\\\/03\\\/scholtysik_shirin_pfisterer_2025.jpg\"},{\"@type\":\"BreadcrumbList\",\"@id\":\"https:\\\/\\\/www.organisator.ch\\\/marketing\\\/2025-03-05\\\/shirin-pfisterer-wird-partnerin-bei-scholtysik\\\/#breadcrumb\",\"itemListElement\":[{\"@type\":\"ListItem\",\"position\":1,\"name\":\"Home\",\"item\":\"https:\\\/\\\/www.organisator.ch\\\/\"},{\"@type\":\"ListItem\",\"position\":2,\"name\":\"Shirin Pfisterer wird Partnerin bei Scholtysik\"}]},{\"@type\":\"WebSite\",\"@id\":\"https:\\\/\\\/www.organisator.ch\\\/#website\",\"url\":\"https:\\\/\\\/www.organisator.ch\\\/\",\"name\":\"Organisator\",\"description\":\"Kompetent. Praxisnah. Der ORGANISATOR bereitet in 10 Ausgaben pro Jahr die wesentlichen Themen f\u00fcr F\u00fchrungskr\u00e4fte von KMU auf.\",\"publisher\":{\"@id\":\"https:\\\/\\\/www.organisator.ch\\\/#organization\"},\"potentialAction\":[{\"@type\":\"SearchAction\",\"target\":{\"@type\":\"EntryPoint\",\"urlTemplate\":\"https:\\\/\\\/www.organisator.ch\\\/?s={search_term_string}\"},\"query-input\":{\"@type\":\"PropertyValueSpecification\",\"valueRequired\":true,\"valueName\":\"search_term_string\"}}],\"inLanguage\":\"fr-FR\"},{\"@type\":\"Organization\",\"@id\":\"https:\\\/\\\/www.organisator.ch\\\/#organization\",\"name\":\"Organisator\",\"url\":\"https:\\\/\\\/www.organisator.ch\\\/\",\"logo\":{\"@type\":\"ImageObject\",\"inLanguage\":\"fr-FR\",\"@id\":\"https:\\\/\\\/www.organisator.ch\\\/#\\\/schema\\\/logo\\\/image\\\/\",\"url\":\"https:\\\/\\\/www.organisator.ch\\\/wp-content\\\/uploads\\\/2022\\\/01\\\/Logo_Organisator_Website.png\",\"contentUrl\":\"https:\\\/\\\/www.organisator.ch\\\/wp-content\\\/uploads\\\/2022\\\/01\\\/Logo_Organisator_Website.png\",\"width\":800,\"height\":77,\"caption\":\"Organisator\"},\"image\":{\"@id\":\"https:\\\/\\\/www.organisator.ch\\\/#\\\/schema\\\/logo\\\/image\\\/\"},\"sameAs\":[\"https:\\\/\\\/www.facebook.com\\\/OrganisatorFachmagazin\",\"https:\\\/\\\/www.linkedin.com\\\/showcase\\\/organisator-das-magazin-fr-kmu\",\"https:\\\/\\\/www.xing.com\\\/news\\\/pages\\\/organisator-ch-695\",\"https:\\\/\\\/www.youtube.com\\\/channel\\\/UCGP2Sq0iWaZwT3BdIAQFYpw\"]},{\"@type\":\"Person\",\"@id\":\"https:\\\/\\\/www.organisator.ch\\\/#\\\/schema\\\/person\\\/4e51799071cd2dd1232ac003643ef5f0\",\"name\":\"galledia\",\"image\":{\"@type\":\"ImageObject\",\"inLanguage\":\"fr-FR\",\"@id\":\"https:\\\/\\\/secure.gravatar.com\\\/avatar\\\/78a7f90c01fc2bfc875782a0d4922b37cde2cf184ce347b91316d23cd7f69a36?s=96&d=mm&r=g\",\"url\":\"https:\\\/\\\/secure.gravatar.com\\\/avatar\\\/78a7f90c01fc2bfc875782a0d4922b37cde2cf184ce347b91316d23cd7f69a36?s=96&d=mm&r=g\",\"contentUrl\":\"https:\\\/\\\/secure.gravatar.com\\\/avatar\\\/78a7f90c01fc2bfc875782a0d4922b37cde2cf184ce347b91316d23cd7f69a36?s=96&d=mm&r=g\",\"caption\":\"galledia\"},\"sameAs\":[\"https:\\\/\\\/x.com\\\/admin\"],\"url\":\"https:\\\/\\\/www.organisator.ch\\\/fr\\\/author\\\/galledia\\\/\"}]}<\/script>\n<!-- \/ Yoast SEO plugin. -->","yoast_head_json":{"title":"Shirin Pfisterer devient associ\u00e9e chez Scholtysik - Organisateur","description":"Shirin Pfisterer devient copropri\u00e9taire de l'agence Scholtysik et renforce l'accent sur le branding strat\u00e9gique et l'UX centr\u00e9e sur l'utilisateur.","robots":{"index":"index","follow":"follow","max-snippet":"max-snippet:-1","max-image-preview":"max-image-preview:large","max-video-preview":"max-video-preview:-1"},"canonical":"https:\/\/www.organisator.ch\/fr\/marketing\/2025-03-05\/shirin-pfisterer-wird-partnerin-bei-scholtysik\/","og_locale":"fr_FR","og_type":"article","og_title":"Shirin Pfisterer wird Partnerin bei Scholtysik - Organisator","og_description":"Shirin Pfisterer wird Mitinhaberin der Agentur Scholtysik und st\u00e4rkt den Fokus auf strategisches Branding und nutzerzentrierte UX.","og_url":"https:\/\/www.organisator.ch\/fr\/marketing\/2025-03-05\/shirin-pfisterer-wird-partnerin-bei-scholtysik\/","og_site_name":"Organisator","article_publisher":"https:\/\/www.facebook.com\/OrganisatorFachmagazin","article_published_time":"2025-03-05T13:58:32+00:00","author":"galledia","twitter_card":"summary_large_image","twitter_creator":"@admin","schema":{"@context":"https:\/\/schema.org","@graph":[{"@type":"Article","@id":"https:\/\/www.organisator.ch\/marketing\/2025-03-05\/shirin-pfisterer-wird-partnerin-bei-scholtysik\/#article","isPartOf":{"@id":"https:\/\/www.organisator.ch\/marketing\/2025-03-05\/shirin-pfisterer-wird-partnerin-bei-scholtysik\/"},"author":{"name":"galledia","@id":"https:\/\/www.organisator.ch\/#\/schema\/person\/4e51799071cd2dd1232ac003643ef5f0"},"headline":"Shirin Pfisterer wird Partnerin bei Scholtysik","datePublished":"2025-03-05T13:58:32+00:00","mainEntityOfPage":{"@id":"https:\/\/www.organisator.ch\/marketing\/2025-03-05\/shirin-pfisterer-wird-partnerin-bei-scholtysik\/"},"wordCount":110,"publisher":{"@id":"https:\/\/www.organisator.ch\/#organization"},"image":{"@id":"https:\/\/www.organisator.ch\/marketing\/2025-03-05\/shirin-pfisterer-wird-partnerin-bei-scholtysik\/#primaryimage"},"thumbnailUrl":"https:\/\/www.markt-kom.com\/wp-content\/uploads\/2025\/03\/scholtysik_shirin_pfisterer_2025.jpg","keywords":["Business","Jobchange","Scholtysik"],"articleSection":["MARKETING"],"inLanguage":"fr-FR"},{"@type":"WebPage","@id":"https:\/\/www.organisator.ch\/marketing\/2025-03-05\/shirin-pfisterer-wird-partnerin-bei-scholtysik\/","url":"https:\/\/www.organisator.ch\/marketing\/2025-03-05\/shirin-pfisterer-wird-partnerin-bei-scholtysik\/","name":"Shirin Pfisterer devient associ\u00e9e chez Scholtysik - Organisateur","isPartOf":{"@id":"https:\/\/www.organisator.ch\/#website"},"primaryImageOfPage":{"@id":"https:\/\/www.organisator.ch\/marketing\/2025-03-05\/shirin-pfisterer-wird-partnerin-bei-scholtysik\/#primaryimage"},"image":{"@id":"https:\/\/www.organisator.ch\/marketing\/2025-03-05\/shirin-pfisterer-wird-partnerin-bei-scholtysik\/#primaryimage"},"thumbnailUrl":"https:\/\/www.markt-kom.com\/wp-content\/uploads\/2025\/03\/scholtysik_shirin_pfisterer_2025.jpg","datePublished":"2025-03-05T13:58:32+00:00","description":"Shirin Pfisterer devient copropri\u00e9taire de l'agence Scholtysik et renforce l'accent sur le branding strat\u00e9gique et l'UX centr\u00e9e sur l'utilisateur.","breadcrumb":{"@id":"https:\/\/www.organisator.ch\/marketing\/2025-03-05\/shirin-pfisterer-wird-partnerin-bei-scholtysik\/#breadcrumb"},"inLanguage":"fr-FR","potentialAction":[{"@type":"ReadAction","target":["https:\/\/www.organisator.ch\/marketing\/2025-03-05\/shirin-pfisterer-wird-partnerin-bei-scholtysik\/"]}]},{"@type":"ImageObject","inLanguage":"fr-FR","@id":"https:\/\/www.organisator.ch\/marketing\/2025-03-05\/shirin-pfisterer-wird-partnerin-bei-scholtysik\/#primaryimage","url":"https:\/\/www.markt-kom.com\/wp-content\/uploads\/2025\/03\/scholtysik_shirin_pfisterer_2025.jpg","contentUrl":"https:\/\/www.markt-kom.com\/wp-content\/uploads\/2025\/03\/scholtysik_shirin_pfisterer_2025.jpg"},{"@type":"BreadcrumbList","@id":"https:\/\/www.organisator.ch\/marketing\/2025-03-05\/shirin-pfisterer-wird-partnerin-bei-scholtysik\/#breadcrumb","itemListElement":[{"@type":"ListItem","position":1,"name":"Home","item":"https:\/\/www.organisator.ch\/"},{"@type":"ListItem","position":2,"name":"Shirin Pfisterer wird Partnerin bei Scholtysik"}]},{"@type":"WebSite","@id":"https:\/\/www.organisator.ch\/#website","url":"https:\/\/www.organisator.ch\/","name":"Organisateur","description":"Comp\u00e9tence et comp\u00e9tence. Proches de la pratique. L'ORGANISATEUR pr\u00e9pare 10 num\u00e9ros par an sur les th\u00e8mes essentiels pour les dirigeants de PME.","publisher":{"@id":"https:\/\/www.organisator.ch\/#organization"},"potentialAction":[{"@type":"SearchAction","target":{"@type":"EntryPoint","urlTemplate":"https:\/\/www.organisator.ch\/?s={search_term_string}"},"query-input":{"@type":"PropertyValueSpecification","valueRequired":true,"valueName":"search_term_string"}}],"inLanguage":"fr-FR"},{"@type":"Organization","@id":"https:\/\/www.organisator.ch\/#organization","name":"Organisateur","url":"https:\/\/www.organisator.ch\/","logo":{"@type":"ImageObject","inLanguage":"fr-FR","@id":"https:\/\/www.organisator.ch\/#\/schema\/logo\/image\/","url":"https:\/\/www.organisator.ch\/wp-content\/uploads\/2022\/01\/Logo_Organisator_Website.png","contentUrl":"https:\/\/www.organisator.ch\/wp-content\/uploads\/2022\/01\/Logo_Organisator_Website.png","width":800,"height":77,"caption":"Organisator"},"image":{"@id":"https:\/\/www.organisator.ch\/#\/schema\/logo\/image\/"},"sameAs":["https:\/\/www.facebook.com\/OrganisatorFachmagazin","https:\/\/www.linkedin.com\/showcase\/organisator-das-magazin-fr-kmu","https:\/\/www.xing.com\/news\/pages\/organisator-ch-695","https:\/\/www.youtube.com\/channel\/UCGP2Sq0iWaZwT3BdIAQFYpw"]},{"@type":"Person","@id":"https:\/\/www.organisator.ch\/#\/schema\/person\/4e51799071cd2dd1232ac003643ef5f0","name":"galledia","image":{"@type":"ImageObject","inLanguage":"fr-FR","@id":"https:\/\/secure.gravatar.com\/avatar\/78a7f90c01fc2bfc875782a0d4922b37cde2cf184ce347b91316d23cd7f69a36?s=96&d=mm&r=g","url":"https:\/\/secure.gravatar.com\/avatar\/78a7f90c01fc2bfc875782a0d4922b37cde2cf184ce347b91316d23cd7f69a36?s=96&d=mm&r=g","contentUrl":"https:\/\/secure.gravatar.com\/avatar\/78a7f90c01fc2bfc875782a0d4922b37cde2cf184ce347b91316d23cd7f69a36?s=96&d=mm&r=g","caption":"galledia"},"sameAs":["https:\/\/x.com\/admin"],"url":"https:\/\/www.organisator.ch\/fr\/author\/galledia\/"}]}},"_links":{"self":[{"href":"https:\/\/www.organisator.ch\/fr\/wp-json\/wp\/v2\/posts\/36659","targetHints":{"allow":["GET"]}}],"collection":[{"href":"https:\/\/www.organisator.ch\/fr\/wp-json\/wp\/v2\/posts"}],"about":[{"href":"https:\/\/www.organisator.ch\/fr\/wp-json\/wp\/v2\/types\/post"}],"author":[{"embeddable":true,"href":"https:\/\/www.organisator.ch\/fr\/wp-json\/wp\/v2\/users\/8"}],"replies":[{"embeddable":true,"href":"https:\/\/www.organisator.ch\/fr\/wp-json\/wp\/v2\/comments?post=36659"}],"version-history":[{"count":2,"href":"https:\/\/www.organisator.ch\/fr\/wp-json\/wp\/v2\/posts\/36659\/revisions"}],"predecessor-version":[{"id":36667,"href":"https:\/\/www.organisator.ch\/fr\/wp-json\/wp\/v2\/posts\/36659\/revisions\/36667"}],"wp:attachment":[{"href":"https:\/\/www.organisator.ch\/fr\/wp-json\/wp\/v2\/media?parent=36659"}],"wp:term":[{"taxonomy":"category","embeddable":true,"href":"https:\/\/www.organisator.ch\/fr\/wp-json\/wp\/v2\/categories?post=36659"},{"taxonomy":"post_tag","embeddable":true,"href":"https:\/\/www.organisator.ch\/fr\/wp-json\/wp\/v2\/tags?post=36659"}],"curies":[{"name":"wp","href":"https:\/\/api.w.org\/{rel}","templated":true}]}}