{"id":3666,"date":"2018-05-25T09:13:22","date_gmt":"2018-05-25T07:13:22","guid":{"rendered":"https:\/\/www.organisator.ch\/?p=3666"},"modified":"2018-05-25T09:13:22","modified_gmt":"2018-05-25T07:13:22","slug":"lasst-uns-lernen-besser-zu-verkaufen","status":"publish","type":"post","link":"https:\/\/www.organisator.ch\/fr\/management\/2018-05-25\/lasst-uns-lernen-besser-zu-verkaufen\/","title":{"rendered":"Apprenons \u00e0 mieux vendre !"},"content":{"rendered":"<figure id=\"attachment_3667\" aria-describedby=\"caption-attachment-3667\" style=\"width: 640px\" class=\"wp-caption alignnone\"><img loading=\"lazy\" decoding=\"async\" class=\"size-full wp-image-3667\" src=\"https:\/\/www.organisator.ch\/wp-content\/uploads\/2018\/05\/Lasst-uns-lernen-besser-zu-verkaufen_Organisator.jpg\" alt=\"\" width=\"640\" height=\"409\" srcset=\"https:\/\/www.organisator.ch\/wp-content\/uploads\/2018\/05\/Lasst-uns-lernen-besser-zu-verkaufen_Organisator.jpg 640w, https:\/\/www.organisator.ch\/wp-content\/uploads\/2018\/05\/Lasst-uns-lernen-besser-zu-verkaufen_Organisator-16x10.jpg 16w, https:\/\/www.organisator.ch\/wp-content\/uploads\/2018\/05\/Lasst-uns-lernen-besser-zu-verkaufen_Organisator-274x175.jpg 274w, https:\/\/www.organisator.ch\/wp-content\/uploads\/2018\/05\/Lasst-uns-lernen-besser-zu-verkaufen_Organisator-548x350.jpg 548w, https:\/\/www.organisator.ch\/wp-content\/uploads\/2018\/05\/Lasst-uns-lernen-besser-zu-verkaufen_Organisator-300x192.jpg 300w\" sizes=\"auto, (max-width: 640px) 100vw, 640px\" \/><figcaption id=\"caption-attachment-3667\" class=\"wp-caption-text\">Celui qui doit vendre apprend \u00e0 convaincre. (Image : Fotolia.com)<\/figcaption><\/figure>\n<p>Un vieux mythe perdure dans l'esprit de beaucoup de gens, \u00e0 savoir que la vente est quelque chose pour laquelle (a) on n'a pas de talent, (b) c'est quelque chose d'un peu sulfureux ou (c) nous n'en avons pas besoin. Certains croient m\u00eame tout cela \u00e0 la fois. J'ai abord\u00e9 le th\u00e8me (a) du talent dans le <a href=\"https:\/\/www.organisator.ch\/fuenf-glaubenssaetze-die-ihren-erfolg-verhindern\/\">derni\u00e8re impulsion vers le succ\u00e8s<\/a> r\u00e9fut\u00e9 (comme l'une des cinq croyances les plus g\u00eanantes pour le succ\u00e8s). Le point (c) t\u00e9moigne g\u00e9n\u00e9ralement d'une arrogance et le point (b) souvent d'un manque de confiance en soi.<\/p>\n<p>Je vous donne ici la raison d\u00e9cisive pour laquelle la capacit\u00e9 \u00e0 vendre est si d\u00e9cisive pour votre succ\u00e8s : Seuls ceux qui doivent vendre apprennent \u00e0 convaincre. En effet, vous ne pouvez vendre quelque chose (de mani\u00e8re \u00e9thique) que si vous apportez une valeur ajout\u00e9e aux autres, de mani\u00e8re objective et subjective.<\/p>\n<h2>Convaincre - le plus difficile dans la vie<\/h2>\n<p>Je peux vous le dire par exp\u00e9rience : apr\u00e8s avoir \u00e9t\u00e9 \"employ\u00e9\" pendant pr\u00e8s de 20 ans dans de grandes entreprises, j'ai d\u00fb apprendre, en tant que propri\u00e9taire de ma propre entreprise, \u00e0 convaincre les clients de la valeur de mes prestations. Et je vous le dis : c'est ce qu'il y a de plus difficile dans la vie professionnelle ! Non pas parce qu'il n'y a pas d'utilit\u00e9 claire, mais parce que les clients potentiels ne la voient pas si elle ne leur est pas expliqu\u00e9e de mani\u00e8re \u00e9motionnellement convaincante.<\/p>\n<p>Imaginez que TOUT LE MONDE dans votre entreprise doive vendre quelque chose \u00e0 partir de demain. Chacun devrait avoir une boutique en ligne sur laquelle il ou elle proposerait ses services. Ils devraient alors expliquer pourquoi quelqu'un d'autre devrait \"acheter\" leur id\u00e9e, leur plan ou leur travail.<\/p>\n<h2>Trois conseils pour apprendre \u00e0 vendre<\/h2>\n<p>Soyons \"r\u00e9alistes\" ! <strong>Voici trois id\u00e9es concr\u00e8tes pour amener votre \u00e9quipe \u00e0 produire de la valeur r\u00e9elle pour les autres (plut\u00f4t que de simplement ex\u00e9cuter des t\u00e2ches) :<\/strong><\/p>\n<ol>\n<li><strong>Connaissance<\/strong>. Apprenez \u00e0 chaque membre de votre organisation qu'une prestation n'a de sens que si elle a des b\u00e9n\u00e9ficiaires. Ceux-ci sont les seuls \u00e0 juger de l'utilit\u00e9 et du \"prix\" de la prestation. De nombreux processus et projets seraient imm\u00e9diatement interrompus si l'on appliquait ce principe de mani\u00e8re cons\u00e9quente.<\/li>\n<li><strong>Diriger<\/strong>. En tant que manager, vous prenez l'habitude de demander \u00e0 vos collaborateurs ce que leur travail apporte aux clients internes et externes. Quel prix ces derniers seraient-ils pr\u00eats \u00e0 payer pour cela ? Cette question est inhabituelle pour la plupart, mais elle favorise la r\u00e9flexion sur la valeur ajout\u00e9e de son propre travail.<\/li>\n<li><strong>Apprendre<\/strong>. Cr\u00e9ez des plateformes d'apprentissage avec les meilleurs livres, cours audio et formations vid\u00e9o sur la vente et la persuasion. Cela vous permettra au passage de d\u00e9velopper la confiance en soi de votre \u00e9quipe (un sujet extr\u00eamement important pour la plupart des entreprises).<\/li>\n<\/ol>\n<p>Ce ne sont l\u00e0 que trois id\u00e9es parmi tant d'autres sur la mani\u00e8re de rendre votre \u00e9quipe et votre entreprise plus \"vendeuses\" dans le sens positif du terme, c'est-\u00e0-dire de les orienter vers la force de persuasion et les avantages pour le client. Et je vais vous r\u00e9v\u00e9ler un autre secret : lorsque l'on commence \u00e0 voir la vente sous cet angle, elle devient vraiment amusante, surtout pour ceux qui n'ont soi-disant aucun \"talent\" pour la vente.<\/p>\n<p><em>Vers l'auteur :<br \/>\n<\/em><em>Volkmar V\u00f6lzke est un maximisateur de succ\u00e8s. Auteur de livres. Conseiller et consultant. Coach de formation. Orateur. <a href=\"http:\/\/www.volkmarvoelzke.ch\/\">www.volkmarvoelzke.ch<\/a><\/em><\/p>","protected":false},"excerpt":{"rendered":"<p>In vielen K\u00f6pfen h\u00e4lt sich ein alter Mythos, n\u00e4mlich dass Verkaufen etwas w\u00e4re, zu dem man (a) kein Talent hat, das (b) etwas anr\u00fcchig ist oder (c) das wir nicht n\u00f6tig haben. Manche glauben auch alles zugleich. Das Thema (a) Talent hatte ich im letzten Erfolgs-Impuls widerlegt (als einen der f\u00fcnf hinderlichsten Glaubenss\u00e4tze f\u00fcr Erfolg). [&hellip;]<\/p>\n","protected":false},"author":4,"featured_media":3667,"comment_status":"open","ping_status":"open","sticky":false,"template":"","format":"standard","meta":{"_acf_changed":false,"_yoast_wpseo_focuskw":"verkaufen","_yoast_wpseo_metadesc":"Ein weiterer Erfolgs-Impuls unseres Gast-Kolumnisten Volkmar V\u00f6lzke, dieses Mal zum Thema \"Verkaufen\" - inklusive drei Tipps f\u00fcr die Praxis.","articlekey":"","footnotes":""},"categories":[28],"tags":[306,320,335,339],"class_list":["post-3666","post","type-post","status-publish","format-standard","has-post-thumbnail","hentry","category-management","tag-kolumne","tag-leadership","tag-management-und-unternehmensfuehrung","tag-marketing"],"acf":[],"yoast_head":"<!-- This site is optimized with the Yoast SEO plugin v27.5 - https:\/\/yoast.com\/product\/yoast-seo-wordpress\/ -->\n<title>Lasst uns lernen, besser zu verkaufen! - Organisator<\/title>\n<meta name=\"description\" content=\"Ein weiterer Erfolgs-Impuls unseres Gast-Kolumnisten Volkmar V\u00f6lzke, dieses Mal zum Thema &quot;Verkaufen&quot; - inklusive drei Tipps f\u00fcr die Praxis.\" \/>\n<meta name=\"robots\" content=\"index, follow, max-snippet:-1, max-image-preview:large, max-video-preview:-1\" \/>\n<link rel=\"canonical\" href=\"https:\/\/www.organisator.ch\/fr\/gestion-2\/2018-05-25\/lasst-uns-lernen-besser-zu-verkaufen\/\" \/>\n<meta property=\"og:locale\" content=\"fr_FR\" \/>\n<meta property=\"og:type\" content=\"article\" \/>\n<meta property=\"og:title\" content=\"Lasst uns lernen, besser zu verkaufen!\" \/>\n<meta property=\"og:description\" content=\"Ein weiterer #Erfolgs-Impuls unseres Gast-Kolumnisten Volkmar #V\u00f6lzke, dieses Mal zum Thema &quot;#Verkaufen&quot; - inklusive drei Tipps f\u00fcr die Praxis.\" \/>\n<meta property=\"og:url\" content=\"https:\/\/www.organisator.ch\/fr\/gestion-2\/2018-05-25\/lasst-uns-lernen-besser-zu-verkaufen\/\" \/>\n<meta property=\"og:site_name\" content=\"Organisator\" \/>\n<meta property=\"article:publisher\" content=\"https:\/\/www.facebook.com\/OrganisatorFachmagazin\" \/>\n<meta property=\"article:published_time\" content=\"2018-05-25T07:13:22+00:00\" \/>\n<meta property=\"og:image\" content=\"https:\/\/www.organisator.ch\/wp-content\/uploads\/2018\/05\/Lasst-uns-lernen-besser-zu-verkaufen_Organisator.jpg\" \/>\n\t<meta property=\"og:image:width\" content=\"640\" \/>\n\t<meta property=\"og:image:height\" content=\"409\" \/>\n\t<meta property=\"og:image:type\" content=\"image\/jpeg\" \/>\n<meta name=\"author\" content=\"thomas.berner\" \/>\n<meta name=\"twitter:card\" content=\"summary_large_image\" \/>\n<meta name=\"twitter:title\" content=\"Lasst uns #lernen, besser zu #verkaufen!\" \/>\n<meta name=\"twitter:description\" content=\"Ein weiterer #Erfolgs-Impuls unseres Gast-Kolumnisten Volkmar #V\u00f6lzke, dieses Mal zum Thema #&quot;Verkaufen&quot; - inklusive drei Tipps f\u00fcr die Praxis.\" \/>\n<meta name=\"twitter:image\" content=\"https:\/\/www.organisator.ch\/wp-content\/uploads\/2018\/05\/Lasst-uns-lernen-besser-zu-verkaufen_Organisator.jpg\" \/>\n<script type=\"application\/ld+json\" class=\"yoast-schema-graph\">{\"@context\":\"https:\\\/\\\/schema.org\",\"@graph\":[{\"@type\":\"Article\",\"@id\":\"https:\\\/\\\/www.organisator.ch\\\/management\\\/2018-05-25\\\/lasst-uns-lernen-besser-zu-verkaufen\\\/#article\",\"isPartOf\":{\"@id\":\"https:\\\/\\\/www.organisator.ch\\\/management\\\/2018-05-25\\\/lasst-uns-lernen-besser-zu-verkaufen\\\/\"},\"author\":{\"name\":\"thomas.berner\",\"@id\":\"https:\\\/\\\/www.organisator.ch\\\/#\\\/schema\\\/person\\\/6f650f90b2842cd4c0cc334b4e36f67e\"},\"headline\":\"Lasst uns lernen, besser zu verkaufen!\",\"datePublished\":\"2018-05-25T07:13:22+00:00\",\"mainEntityOfPage\":{\"@id\":\"https:\\\/\\\/www.organisator.ch\\\/management\\\/2018-05-25\\\/lasst-uns-lernen-besser-zu-verkaufen\\\/\"},\"wordCount\":513,\"commentCount\":0,\"publisher\":{\"@id\":\"https:\\\/\\\/www.organisator.ch\\\/#organization\"},\"image\":{\"@id\":\"https:\\\/\\\/www.organisator.ch\\\/management\\\/2018-05-25\\\/lasst-uns-lernen-besser-zu-verkaufen\\\/#primaryimage\"},\"thumbnailUrl\":\"https:\\\/\\\/www.organisator.ch\\\/wp-content\\\/uploads\\\/2018\\\/05\\\/Lasst-uns-lernen-besser-zu-verkaufen_Organisator.jpg\",\"keywords\":[\"Kolumne\",\"Leadership\",\"Management und Unternehmensf\u00fchrung\",\"Marketing\"],\"articleSection\":[\"MANAGEMENT\"],\"inLanguage\":\"fr-FR\"},{\"@type\":\"WebPage\",\"@id\":\"https:\\\/\\\/www.organisator.ch\\\/management\\\/2018-05-25\\\/lasst-uns-lernen-besser-zu-verkaufen\\\/\",\"url\":\"https:\\\/\\\/www.organisator.ch\\\/management\\\/2018-05-25\\\/lasst-uns-lernen-besser-zu-verkaufen\\\/\",\"name\":\"Lasst uns lernen, besser zu verkaufen! - Organisator\",\"isPartOf\":{\"@id\":\"https:\\\/\\\/www.organisator.ch\\\/#website\"},\"primaryImageOfPage\":{\"@id\":\"https:\\\/\\\/www.organisator.ch\\\/management\\\/2018-05-25\\\/lasst-uns-lernen-besser-zu-verkaufen\\\/#primaryimage\"},\"image\":{\"@id\":\"https:\\\/\\\/www.organisator.ch\\\/management\\\/2018-05-25\\\/lasst-uns-lernen-besser-zu-verkaufen\\\/#primaryimage\"},\"thumbnailUrl\":\"https:\\\/\\\/www.organisator.ch\\\/wp-content\\\/uploads\\\/2018\\\/05\\\/Lasst-uns-lernen-besser-zu-verkaufen_Organisator.jpg\",\"datePublished\":\"2018-05-25T07:13:22+00:00\",\"description\":\"Ein weiterer Erfolgs-Impuls unseres Gast-Kolumnisten Volkmar V\u00f6lzke, dieses Mal zum Thema \\\"Verkaufen\\\" - inklusive drei Tipps f\u00fcr die Praxis.\",\"breadcrumb\":{\"@id\":\"https:\\\/\\\/www.organisator.ch\\\/management\\\/2018-05-25\\\/lasst-uns-lernen-besser-zu-verkaufen\\\/#breadcrumb\"},\"inLanguage\":\"fr-FR\",\"potentialAction\":[{\"@type\":\"ReadAction\",\"target\":[\"https:\\\/\\\/www.organisator.ch\\\/management\\\/2018-05-25\\\/lasst-uns-lernen-besser-zu-verkaufen\\\/\"]}]},{\"@type\":\"ImageObject\",\"inLanguage\":\"fr-FR\",\"@id\":\"https:\\\/\\\/www.organisator.ch\\\/management\\\/2018-05-25\\\/lasst-uns-lernen-besser-zu-verkaufen\\\/#primaryimage\",\"url\":\"https:\\\/\\\/www.organisator.ch\\\/wp-content\\\/uploads\\\/2018\\\/05\\\/Lasst-uns-lernen-besser-zu-verkaufen_Organisator.jpg\",\"contentUrl\":\"https:\\\/\\\/www.organisator.ch\\\/wp-content\\\/uploads\\\/2018\\\/05\\\/Lasst-uns-lernen-besser-zu-verkaufen_Organisator.jpg\",\"width\":640,\"height\":409,\"caption\":\"Wer verkaufen muss, lernt zu \u00fcberzeugen. (Bild: Fotolia.com)\"},{\"@type\":\"BreadcrumbList\",\"@id\":\"https:\\\/\\\/www.organisator.ch\\\/management\\\/2018-05-25\\\/lasst-uns-lernen-besser-zu-verkaufen\\\/#breadcrumb\",\"itemListElement\":[{\"@type\":\"ListItem\",\"position\":1,\"name\":\"Home\",\"item\":\"https:\\\/\\\/www.organisator.ch\\\/\"},{\"@type\":\"ListItem\",\"position\":2,\"name\":\"Lasst uns lernen, besser zu verkaufen!\"}]},{\"@type\":\"WebSite\",\"@id\":\"https:\\\/\\\/www.organisator.ch\\\/#website\",\"url\":\"https:\\\/\\\/www.organisator.ch\\\/\",\"name\":\"Organisator\",\"description\":\"Kompetent. Praxisnah. Der ORGANISATOR bereitet in 10 Ausgaben pro Jahr die wesentlichen Themen f\u00fcr F\u00fchrungskr\u00e4fte von KMU auf.\",\"publisher\":{\"@id\":\"https:\\\/\\\/www.organisator.ch\\\/#organization\"},\"potentialAction\":[{\"@type\":\"SearchAction\",\"target\":{\"@type\":\"EntryPoint\",\"urlTemplate\":\"https:\\\/\\\/www.organisator.ch\\\/?s={search_term_string}\"},\"query-input\":{\"@type\":\"PropertyValueSpecification\",\"valueRequired\":true,\"valueName\":\"search_term_string\"}}],\"inLanguage\":\"fr-FR\"},{\"@type\":\"Organization\",\"@id\":\"https:\\\/\\\/www.organisator.ch\\\/#organization\",\"name\":\"Organisator\",\"url\":\"https:\\\/\\\/www.organisator.ch\\\/\",\"logo\":{\"@type\":\"ImageObject\",\"inLanguage\":\"fr-FR\",\"@id\":\"https:\\\/\\\/www.organisator.ch\\\/#\\\/schema\\\/logo\\\/image\\\/\",\"url\":\"https:\\\/\\\/www.organisator.ch\\\/wp-content\\\/uploads\\\/2022\\\/01\\\/Logo_Organisator_Website.png\",\"contentUrl\":\"https:\\\/\\\/www.organisator.ch\\\/wp-content\\\/uploads\\\/2022\\\/01\\\/Logo_Organisator_Website.png\",\"width\":800,\"height\":77,\"caption\":\"Organisator\"},\"image\":{\"@id\":\"https:\\\/\\\/www.organisator.ch\\\/#\\\/schema\\\/logo\\\/image\\\/\"},\"sameAs\":[\"https:\\\/\\\/www.facebook.com\\\/OrganisatorFachmagazin\",\"https:\\\/\\\/www.linkedin.com\\\/showcase\\\/organisator-das-magazin-fr-kmu\",\"https:\\\/\\\/www.xing.com\\\/news\\\/pages\\\/organisator-ch-695\",\"https:\\\/\\\/www.youtube.com\\\/channel\\\/UCGP2Sq0iWaZwT3BdIAQFYpw\"]},{\"@type\":\"Person\",\"@id\":\"https:\\\/\\\/www.organisator.ch\\\/#\\\/schema\\\/person\\\/6f650f90b2842cd4c0cc334b4e36f67e\",\"name\":\"thomas.berner\",\"image\":{\"@type\":\"ImageObject\",\"inLanguage\":\"fr-FR\",\"@id\":\"https:\\\/\\\/secure.gravatar.com\\\/avatar\\\/ac5001d2a36cb6c6cd3e50789007ffca834b477b74a2144564522e944eabff61?s=96&d=mm&r=g\",\"url\":\"https:\\\/\\\/secure.gravatar.com\\\/avatar\\\/ac5001d2a36cb6c6cd3e50789007ffca834b477b74a2144564522e944eabff61?s=96&d=mm&r=g\",\"contentUrl\":\"https:\\\/\\\/secure.gravatar.com\\\/avatar\\\/ac5001d2a36cb6c6cd3e50789007ffca834b477b74a2144564522e944eabff61?s=96&d=mm&r=g\",\"caption\":\"thomas.berner\"},\"url\":\"https:\\\/\\\/www.organisator.ch\\\/fr\\\/author\\\/thomas-berner\\\/\"}]}<\/script>\n<!-- \/ Yoast SEO plugin. -->","yoast_head_json":{"title":"Apprenons \u00e0 mieux vendre ! - Organisateur","description":"Une autre impulsion \u00e0 succ\u00e8s de notre chroniqueur invit\u00e9 Volkmar V\u00f6lzke, cette fois sur le th\u00e8me \"Vendre\" - y compris trois conseils pour la pratique.","robots":{"index":"index","follow":"follow","max-snippet":"max-snippet:-1","max-image-preview":"max-image-preview:large","max-video-preview":"max-video-preview:-1"},"canonical":"https:\/\/www.organisator.ch\/fr\/gestion-2\/2018-05-25\/lasst-uns-lernen-besser-zu-verkaufen\/","og_locale":"fr_FR","og_type":"article","og_title":"Lasst uns lernen, besser zu verkaufen!","og_description":"Ein weiterer #Erfolgs-Impuls unseres Gast-Kolumnisten Volkmar #V\u00f6lzke, dieses Mal zum Thema \"#Verkaufen\" - inklusive drei Tipps f\u00fcr die Praxis.","og_url":"https:\/\/www.organisator.ch\/fr\/gestion-2\/2018-05-25\/lasst-uns-lernen-besser-zu-verkaufen\/","og_site_name":"Organisator","article_publisher":"https:\/\/www.facebook.com\/OrganisatorFachmagazin","article_published_time":"2018-05-25T07:13:22+00:00","og_image":[{"width":640,"height":409,"url":"https:\/\/www.organisator.ch\/wp-content\/uploads\/2018\/05\/Lasst-uns-lernen-besser-zu-verkaufen_Organisator.jpg","type":"image\/jpeg"}],"author":"thomas.berner","twitter_card":"summary_large_image","twitter_title":"Lasst uns #lernen, besser zu #verkaufen!","twitter_description":"Ein weiterer #Erfolgs-Impuls unseres Gast-Kolumnisten Volkmar #V\u00f6lzke, dieses Mal zum Thema #\"Verkaufen\" - inklusive drei Tipps f\u00fcr die Praxis.","twitter_image":"https:\/\/www.organisator.ch\/wp-content\/uploads\/2018\/05\/Lasst-uns-lernen-besser-zu-verkaufen_Organisator.jpg","schema":{"@context":"https:\/\/schema.org","@graph":[{"@type":"Article","@id":"https:\/\/www.organisator.ch\/management\/2018-05-25\/lasst-uns-lernen-besser-zu-verkaufen\/#article","isPartOf":{"@id":"https:\/\/www.organisator.ch\/management\/2018-05-25\/lasst-uns-lernen-besser-zu-verkaufen\/"},"author":{"name":"thomas.berner","@id":"https:\/\/www.organisator.ch\/#\/schema\/person\/6f650f90b2842cd4c0cc334b4e36f67e"},"headline":"Lasst uns lernen, besser zu verkaufen!","datePublished":"2018-05-25T07:13:22+00:00","mainEntityOfPage":{"@id":"https:\/\/www.organisator.ch\/management\/2018-05-25\/lasst-uns-lernen-besser-zu-verkaufen\/"},"wordCount":513,"commentCount":0,"publisher":{"@id":"https:\/\/www.organisator.ch\/#organization"},"image":{"@id":"https:\/\/www.organisator.ch\/management\/2018-05-25\/lasst-uns-lernen-besser-zu-verkaufen\/#primaryimage"},"thumbnailUrl":"https:\/\/www.organisator.ch\/wp-content\/uploads\/2018\/05\/Lasst-uns-lernen-besser-zu-verkaufen_Organisator.jpg","keywords":["Kolumne","Leadership","Management und Unternehmensf\u00fchrung","Marketing"],"articleSection":["MANAGEMENT"],"inLanguage":"fr-FR"},{"@type":"WebPage","@id":"https:\/\/www.organisator.ch\/management\/2018-05-25\/lasst-uns-lernen-besser-zu-verkaufen\/","url":"https:\/\/www.organisator.ch\/management\/2018-05-25\/lasst-uns-lernen-besser-zu-verkaufen\/","name":"Apprenons \u00e0 mieux vendre ! - Organisateur","isPartOf":{"@id":"https:\/\/www.organisator.ch\/#website"},"primaryImageOfPage":{"@id":"https:\/\/www.organisator.ch\/management\/2018-05-25\/lasst-uns-lernen-besser-zu-verkaufen\/#primaryimage"},"image":{"@id":"https:\/\/www.organisator.ch\/management\/2018-05-25\/lasst-uns-lernen-besser-zu-verkaufen\/#primaryimage"},"thumbnailUrl":"https:\/\/www.organisator.ch\/wp-content\/uploads\/2018\/05\/Lasst-uns-lernen-besser-zu-verkaufen_Organisator.jpg","datePublished":"2018-05-25T07:13:22+00:00","description":"Une autre impulsion \u00e0 succ\u00e8s de notre chroniqueur invit\u00e9 Volkmar V\u00f6lzke, cette fois sur le th\u00e8me \"Vendre\" - y compris trois conseils pour la pratique.","breadcrumb":{"@id":"https:\/\/www.organisator.ch\/management\/2018-05-25\/lasst-uns-lernen-besser-zu-verkaufen\/#breadcrumb"},"inLanguage":"fr-FR","potentialAction":[{"@type":"ReadAction","target":["https:\/\/www.organisator.ch\/management\/2018-05-25\/lasst-uns-lernen-besser-zu-verkaufen\/"]}]},{"@type":"ImageObject","inLanguage":"fr-FR","@id":"https:\/\/www.organisator.ch\/management\/2018-05-25\/lasst-uns-lernen-besser-zu-verkaufen\/#primaryimage","url":"https:\/\/www.organisator.ch\/wp-content\/uploads\/2018\/05\/Lasst-uns-lernen-besser-zu-verkaufen_Organisator.jpg","contentUrl":"https:\/\/www.organisator.ch\/wp-content\/uploads\/2018\/05\/Lasst-uns-lernen-besser-zu-verkaufen_Organisator.jpg","width":640,"height":409,"caption":"Wer verkaufen muss, lernt zu \u00fcberzeugen. (Bild: Fotolia.com)"},{"@type":"BreadcrumbList","@id":"https:\/\/www.organisator.ch\/management\/2018-05-25\/lasst-uns-lernen-besser-zu-verkaufen\/#breadcrumb","itemListElement":[{"@type":"ListItem","position":1,"name":"Home","item":"https:\/\/www.organisator.ch\/"},{"@type":"ListItem","position":2,"name":"Lasst uns lernen, besser zu verkaufen!"}]},{"@type":"WebSite","@id":"https:\/\/www.organisator.ch\/#website","url":"https:\/\/www.organisator.ch\/","name":"Organisateur","description":"Comp\u00e9tence et comp\u00e9tence. Proches de la pratique. L'ORGANISATEUR pr\u00e9pare 10 num\u00e9ros par an sur les th\u00e8mes essentiels pour les dirigeants de PME.","publisher":{"@id":"https:\/\/www.organisator.ch\/#organization"},"potentialAction":[{"@type":"SearchAction","target":{"@type":"EntryPoint","urlTemplate":"https:\/\/www.organisator.ch\/?s={search_term_string}"},"query-input":{"@type":"PropertyValueSpecification","valueRequired":true,"valueName":"search_term_string"}}],"inLanguage":"fr-FR"},{"@type":"Organization","@id":"https:\/\/www.organisator.ch\/#organization","name":"Organisateur","url":"https:\/\/www.organisator.ch\/","logo":{"@type":"ImageObject","inLanguage":"fr-FR","@id":"https:\/\/www.organisator.ch\/#\/schema\/logo\/image\/","url":"https:\/\/www.organisator.ch\/wp-content\/uploads\/2022\/01\/Logo_Organisator_Website.png","contentUrl":"https:\/\/www.organisator.ch\/wp-content\/uploads\/2022\/01\/Logo_Organisator_Website.png","width":800,"height":77,"caption":"Organisator"},"image":{"@id":"https:\/\/www.organisator.ch\/#\/schema\/logo\/image\/"},"sameAs":["https:\/\/www.facebook.com\/OrganisatorFachmagazin","https:\/\/www.linkedin.com\/showcase\/organisator-das-magazin-fr-kmu","https:\/\/www.xing.com\/news\/pages\/organisator-ch-695","https:\/\/www.youtube.com\/channel\/UCGP2Sq0iWaZwT3BdIAQFYpw"]},{"@type":"Person","@id":"https:\/\/www.organisator.ch\/#\/schema\/person\/6f650f90b2842cd4c0cc334b4e36f67e","name":"thomas.berner","image":{"@type":"ImageObject","inLanguage":"fr-FR","@id":"https:\/\/secure.gravatar.com\/avatar\/ac5001d2a36cb6c6cd3e50789007ffca834b477b74a2144564522e944eabff61?s=96&d=mm&r=g","url":"https:\/\/secure.gravatar.com\/avatar\/ac5001d2a36cb6c6cd3e50789007ffca834b477b74a2144564522e944eabff61?s=96&d=mm&r=g","contentUrl":"https:\/\/secure.gravatar.com\/avatar\/ac5001d2a36cb6c6cd3e50789007ffca834b477b74a2144564522e944eabff61?s=96&d=mm&r=g","caption":"thomas.berner"},"url":"https:\/\/www.organisator.ch\/fr\/author\/thomas-berner\/"}]}},"_links":{"self":[{"href":"https:\/\/www.organisator.ch\/fr\/wp-json\/wp\/v2\/posts\/3666","targetHints":{"allow":["GET"]}}],"collection":[{"href":"https:\/\/www.organisator.ch\/fr\/wp-json\/wp\/v2\/posts"}],"about":[{"href":"https:\/\/www.organisator.ch\/fr\/wp-json\/wp\/v2\/types\/post"}],"author":[{"embeddable":true,"href":"https:\/\/www.organisator.ch\/fr\/wp-json\/wp\/v2\/users\/4"}],"replies":[{"embeddable":true,"href":"https:\/\/www.organisator.ch\/fr\/wp-json\/wp\/v2\/comments?post=3666"}],"version-history":[{"count":0,"href":"https:\/\/www.organisator.ch\/fr\/wp-json\/wp\/v2\/posts\/3666\/revisions"}],"wp:featuredmedia":[{"embeddable":true,"href":"https:\/\/www.organisator.ch\/fr\/wp-json\/wp\/v2\/media\/3667"}],"wp:attachment":[{"href":"https:\/\/www.organisator.ch\/fr\/wp-json\/wp\/v2\/media?parent=3666"}],"wp:term":[{"taxonomy":"category","embeddable":true,"href":"https:\/\/www.organisator.ch\/fr\/wp-json\/wp\/v2\/categories?post=3666"},{"taxonomy":"post_tag","embeddable":true,"href":"https:\/\/www.organisator.ch\/fr\/wp-json\/wp\/v2\/tags?post=3666"}],"curies":[{"name":"wp","href":"https:\/\/api.w.org\/{rel}","templated":true}]}}