{"id":36686,"date":"2025-03-07T14:11:07","date_gmt":"2025-03-07T13:11:07","guid":{"rendered":"https:\/\/www.organisator.ch\/?p=36686"},"modified":"2025-03-07T14:11:07","modified_gmt":"2025-03-07T13:11:07","slug":"prix-svc-espace-mittelland-platit-ag","status":"publish","type":"post","link":"https:\/\/www.organisator.ch\/fr\/management\/2025-03-07\/prix-svc-espace-mittelland-platit-ag\/","title":{"rendered":"Prix SVC Espace Mittelland : Platit AG"},"content":{"rendered":"<figure id=\"attachment_36688\" aria-describedby=\"caption-attachment-36688\" style=\"width: 680px\" class=\"wp-caption alignnone\"><img loading=\"lazy\" decoding=\"async\" class=\"size-full wp-image-36688\" src=\"https:\/\/www.organisator.ch\/wp-content\/uploads\/2025\/03\/Platit_Bild_ps.jpg\" alt=\"\" width=\"680\" height=\"510\" srcset=\"https:\/\/www.organisator.ch\/wp-content\/uploads\/2025\/03\/Platit_Bild_ps.jpg 680w, https:\/\/www.organisator.ch\/wp-content\/uploads\/2025\/03\/Platit_Bild_ps-16x12.jpg 16w, https:\/\/www.organisator.ch\/wp-content\/uploads\/2025\/03\/Platit_Bild_ps-375x281.jpg 375w, https:\/\/www.organisator.ch\/wp-content\/uploads\/2025\/03\/Platit_Bild_ps-467x350.jpg 467w\" sizes=\"auto, (max-width: 680px) 100vw, 680px\" \/><figcaption id=\"caption-attachment-36688\" class=\"wp-caption-text\">Platit AG \u00e9tablit des standards mondiaux avec des rev\u00eatements PVD innovants et optimise les performances des outils et des composants. (Image : Platit AG \/ www.platit.com)<\/figcaption><\/figure>\n<p>Platit AG est un fabricant leader d'installations de rev\u00eatement PVD. Ces technologies augmentent la dur\u00e9e de vie, l'efficacit\u00e9 et les performances des outils et des composants. Cette entreprise familiale ind\u00e9pendante, dont le si\u00e8ge est \u00e0 Selzach SO, emploie 150 personnes et a install\u00e9 plus de 650 installations de rev\u00eatement dans le monde entier. Avec des filiales de service, d'assistance et de vente en Europe, en Am\u00e9rique du Nord et en Asie, le sp\u00e9cialiste du rev\u00eatement entretient un partenariat \u00e9troit avec ses clients et propose des solutions qui s'int\u00e8grent parfaitement dans les processus de fabrication existants. Platit AG s'est \u00e9tablie comme leader mondial dans le domaine des rev\u00eatements \u00e0 l'\u00e9chelle micro et nanom\u00e9trique et d\u00e9veloppe enti\u00e8rement elle-m\u00eame la technologie correspondante.<\/p>\n<h3><strong>Des solutions de rev\u00eatement flexibles pour les exigences les plus \u00e9lev\u00e9es<\/strong><\/h3>\n<p>L'entreprise propose un large choix d'installations de rev\u00eatement de haute technologie qui se distinguent par leur conception modulaire, leur grande flexibilit\u00e9 et leur facilit\u00e9 d'utilisation maximale. Les clients b\u00e9n\u00e9ficient de la longue exp\u00e9rience de Platit en mati\u00e8re de rev\u00eatement cathodique par arc, de rev\u00eatement par pulv\u00e9risation et de technologie HiPIMS. Ces proc\u00e9d\u00e9s sont utilis\u00e9s dans diff\u00e9rentes applications et peuvent \u00eatre int\u00e9gr\u00e9s dans des processus hybrides.<\/p>\n<p>Outre les installations de rev\u00eatement, Platit AG d\u00e9veloppe \u00e9galement des syst\u00e8mes complets cl\u00e9s en main qui couvrent toutes les \u00e9tapes du processus de rev\u00eatement dur en amont et en aval - du d\u00e9capage et du pr\u00e9traitement des ar\u00eates au contr\u00f4le qualit\u00e9 en passant par le nettoyage et le post-traitement. Les syst\u00e8mes s'int\u00e8grent ainsi parfaitement dans les processus de fabrication et de r\u00e9aff\u00fbtage d'outils existants. Une caract\u00e9ristique centrale de la technologie Platit est la philosophie open source : les clients peuvent adapter les rev\u00eatements PVD \u00e0 leurs exigences sp\u00e9cifiques et \u00e0 leurs besoins individuels et faire avancer leurs propres d\u00e9veloppements. Il en r\u00e9sulte des solutions sur mesure avec une performance de rev\u00eatement maximale, qui permettent un avantage concurrentiel d\u00e9cisif.<\/p>\n<h3><strong>Augmenter l'efficacit\u00e9, prolonger la dur\u00e9e de vie<\/strong><\/h3>\n<p>Platit attache une grande importance \u00e0 l'utilisation \u00e0 long terme de ses installations de rev\u00eatement. Des mises \u00e0 niveau cibl\u00e9es et des mesures de r\u00e9trofit permettent de moderniser les installations existantes et de prolonger sensiblement leur dur\u00e9e de vie. Le remplacement des entra\u00eenements, des pompes ou des commandes am\u00e9liore l'efficacit\u00e9 \u00e9nerg\u00e9tique et contribue \u00e0 une production \u00e9conomique. Les clients b\u00e9n\u00e9ficient ainsi non seulement de solutions de rev\u00eatement performantes, mais aussi de co\u00fbts d'exploitation r\u00e9duits \u00e0 long terme.<\/p>\n<h3><strong>Un service complet pour une performance maximale<\/strong><\/h3>\n<p>Outre des installations de rev\u00eatement de haute qualit\u00e9, Platit AG propose un service complet qui soutient les clients tout au long du cycle de vie du produit. De la formation et du conseil technique \u00e0 la livraison rapide de pi\u00e8ces de rechange en passant par la maintenance r\u00e9guli\u00e8re, l'entreprise veille \u00e0 ce que les installations puissent \u00eatre exploit\u00e9es durablement avec une efficacit\u00e9 maximale. Gr\u00e2ce \u00e0 une \u00e9troite collaboration avec ses clients et \u00e0 un r\u00e9seau de service mondial, Platit garantit une disponibilit\u00e9 \u00e9lev\u00e9e et une am\u00e9lioration continue des performances des installations.<\/p>\n<p><em>Plus d'informations :\u00a0<a href=\"https:\/\/www.platit.com\/de\/\">www.platit.com<\/a>\u00a0\/\u00a0<a href=\"https:\/\/svc.swiss\/de\/event\/prix-svc-espace-mittelland-2025\">www.svc.swiss<\/a><\/em><\/p>\n<blockquote>\n<h3>Prix SVC Espace Mittelland 2025<\/h3>\n<p>La remise des prix aura lieu le mercredi 12 mars 2025 au Kursaal de Berne. Pr\u00e8s de 1'300 invit\u00e9s issus des milieux \u00e9conomiques, scientifiques, politiques et culturels sont attendus. Le Prix SVC Espace Mittelland a \u00e9t\u00e9 d\u00e9cern\u00e9 pour la premi\u00e8re fois en 2003 et l'\u00e9dition 2025 en est d\u00e9j\u00e0 \u00e0 sa quinzi\u00e8me \u00e9dition.\u00a0<a href=\"https:\/\/svc.swiss\/sites\/default\/files\/2025-01\/online_svc_leporello_a5_espacemittelland.pdf\">Plus d'informations.<\/a><\/p>\n<\/blockquote>","protected":false},"excerpt":{"rendered":"<p>Le 12 mars 2025, le Prix SVC Espace Mittelland sera d\u00e9cern\u00e9 pour la 15e fois. Parmi les finalistes figure Platit AG, dont le si\u00e8ge est \u00e0 Selzach SO. Voici un bref portrait de cette entreprise familiale qui \u00e9tablit des standards mondiaux avec des technologies de rev\u00eatement PVD innovantes.<\/p>","protected":false},"author":80,"featured_media":36688,"comment_status":"closed","ping_status":"closed","sticky":false,"template":"","format":"standard","meta":{"_acf_changed":false,"_yoast_wpseo_focuskw":"Platit AG","_yoast_wpseo_metadesc":"Die Platit AG ist Finalistin beim Prix SVC Espace Mittelland 2025. Ein Kurzportr\u00e4t des Familienunternehmens f\u00fcr PVD-Beschichtungstechnologie.","articlekey":"","footnotes":""},"categories":[28],"tags":[65,391,5157,424],"class_list":["post-36686","post","type-post","status-publish","format-standard","has-post-thumbnail","hentry","category-management","tag-award","tag-prix-svc-espace-mittelland","tag-pvd-beschichtungen","tag-schweiz"],"acf":[],"yoast_head":"<!-- This site is optimized with the Yoast SEO plugin v27.5 - https:\/\/yoast.com\/product\/yoast-seo-wordpress\/ -->\n<title>Prix SVC Espace Mittelland: Platit AG - Organisator<\/title>\n<meta name=\"description\" content=\"Die Platit AG ist Finalistin beim Prix SVC Espace Mittelland 2025. Ein Kurzportr\u00e4t des Familienunternehmens f\u00fcr PVD-Beschichtungstechnologie.\" \/>\n<meta name=\"robots\" content=\"index, follow, max-snippet:-1, max-image-preview:large, max-video-preview:-1\" \/>\n<link rel=\"canonical\" href=\"https:\/\/www.organisator.ch\/fr\/gestion-2\/2025-03-07\/prix-svc-espace-mittelland-platit-ag\/\" \/>\n<meta property=\"og:locale\" content=\"fr_FR\" \/>\n<meta property=\"og:type\" content=\"article\" \/>\n<meta property=\"og:title\" content=\"Prix SVC Espace Mittelland: Platit AG\" \/>\n<meta property=\"og:description\" content=\"Die Platit AG ist Finalistin beim Prix SVC Espace Mittelland 2025. Ein Kurzportr\u00e4t des Familienunternehmens f\u00fcr PVD-Beschichtungstechnologie.\" \/>\n<meta property=\"og:url\" content=\"https:\/\/www.organisator.ch\/fr\/gestion-2\/2025-03-07\/prix-svc-espace-mittelland-platit-ag\/\" \/>\n<meta property=\"og:site_name\" content=\"Organisator\" \/>\n<meta property=\"article:publisher\" content=\"https:\/\/www.facebook.com\/OrganisatorFachmagazin\" \/>\n<meta property=\"article:published_time\" content=\"2025-03-07T13:11:07+00:00\" \/>\n<meta property=\"og:image\" content=\"https:\/\/www.organisator.ch\/wp-content\/uploads\/2025\/03\/Platit_Bild_ps.jpg\" \/>\n\t<meta property=\"og:image:width\" content=\"680\" \/>\n\t<meta property=\"og:image:height\" content=\"510\" \/>\n\t<meta property=\"og:image:type\" content=\"image\/jpeg\" \/>\n<meta name=\"author\" content=\"Dzana Muminovic\" \/>\n<meta name=\"twitter:card\" content=\"summary_large_image\" \/>\n<meta name=\"twitter:title\" content=\"Prix SVC Espace Mittelland: Platit AG\" \/>\n<meta name=\"twitter:description\" content=\"Die #Platit AG ist #Finalistin beim #Prix #SVC #Espace #Mittelland 2025. Ein Kurzportr\u00e4t des #Familienunternehmens f\u00fcr #PVD-#Beschichtungstechnologie.\" \/>\n<meta name=\"twitter:image\" content=\"https:\/\/www.organisator.ch\/wp-content\/uploads\/2025\/03\/Platit_Bild_ps.jpg\" \/>\n<script type=\"application\/ld+json\" class=\"yoast-schema-graph\">{\"@context\":\"https:\\\/\\\/schema.org\",\"@graph\":[{\"@type\":\"Article\",\"@id\":\"https:\\\/\\\/www.organisator.ch\\\/management\\\/2025-03-07\\\/prix-svc-espace-mittelland-platit-ag\\\/#article\",\"isPartOf\":{\"@id\":\"https:\\\/\\\/www.organisator.ch\\\/management\\\/2025-03-07\\\/prix-svc-espace-mittelland-platit-ag\\\/\"},\"author\":{\"name\":\"Dzana Muminovic\",\"@id\":\"https:\\\/\\\/www.organisator.ch\\\/#\\\/schema\\\/person\\\/afccda3a71c06d4be2ed9100dd163db7\"},\"headline\":\"Prix SVC Espace Mittelland: Platit AG\",\"datePublished\":\"2025-03-07T13:11:07+00:00\",\"mainEntityOfPage\":{\"@id\":\"https:\\\/\\\/www.organisator.ch\\\/management\\\/2025-03-07\\\/prix-svc-espace-mittelland-platit-ag\\\/\"},\"wordCount\":474,\"publisher\":{\"@id\":\"https:\\\/\\\/www.organisator.ch\\\/#organization\"},\"image\":{\"@id\":\"https:\\\/\\\/www.organisator.ch\\\/management\\\/2025-03-07\\\/prix-svc-espace-mittelland-platit-ag\\\/#primaryimage\"},\"thumbnailUrl\":\"https:\\\/\\\/www.organisator.ch\\\/wp-content\\\/uploads\\\/2025\\\/03\\\/Platit_Bild_ps.jpg\",\"keywords\":[\"Award\",\"Prix SVC Espace Mittelland\",\"PVD-Beschichtungen\",\"Schweiz\"],\"articleSection\":[\"MANAGEMENT\"],\"inLanguage\":\"fr-FR\"},{\"@type\":\"WebPage\",\"@id\":\"https:\\\/\\\/www.organisator.ch\\\/management\\\/2025-03-07\\\/prix-svc-espace-mittelland-platit-ag\\\/\",\"url\":\"https:\\\/\\\/www.organisator.ch\\\/management\\\/2025-03-07\\\/prix-svc-espace-mittelland-platit-ag\\\/\",\"name\":\"Prix SVC Espace Mittelland: Platit AG - Organisator\",\"isPartOf\":{\"@id\":\"https:\\\/\\\/www.organisator.ch\\\/#website\"},\"primaryImageOfPage\":{\"@id\":\"https:\\\/\\\/www.organisator.ch\\\/management\\\/2025-03-07\\\/prix-svc-espace-mittelland-platit-ag\\\/#primaryimage\"},\"image\":{\"@id\":\"https:\\\/\\\/www.organisator.ch\\\/management\\\/2025-03-07\\\/prix-svc-espace-mittelland-platit-ag\\\/#primaryimage\"},\"thumbnailUrl\":\"https:\\\/\\\/www.organisator.ch\\\/wp-content\\\/uploads\\\/2025\\\/03\\\/Platit_Bild_ps.jpg\",\"datePublished\":\"2025-03-07T13:11:07+00:00\",\"description\":\"Die Platit AG ist Finalistin beim Prix SVC Espace Mittelland 2025. Ein Kurzportr\u00e4t des Familienunternehmens f\u00fcr PVD-Beschichtungstechnologie.\",\"breadcrumb\":{\"@id\":\"https:\\\/\\\/www.organisator.ch\\\/management\\\/2025-03-07\\\/prix-svc-espace-mittelland-platit-ag\\\/#breadcrumb\"},\"inLanguage\":\"fr-FR\",\"potentialAction\":[{\"@type\":\"ReadAction\",\"target\":[\"https:\\\/\\\/www.organisator.ch\\\/management\\\/2025-03-07\\\/prix-svc-espace-mittelland-platit-ag\\\/\"]}]},{\"@type\":\"ImageObject\",\"inLanguage\":\"fr-FR\",\"@id\":\"https:\\\/\\\/www.organisator.ch\\\/management\\\/2025-03-07\\\/prix-svc-espace-mittelland-platit-ag\\\/#primaryimage\",\"url\":\"https:\\\/\\\/www.organisator.ch\\\/wp-content\\\/uploads\\\/2025\\\/03\\\/Platit_Bild_ps.jpg\",\"contentUrl\":\"https:\\\/\\\/www.organisator.ch\\\/wp-content\\\/uploads\\\/2025\\\/03\\\/Platit_Bild_ps.jpg\",\"width\":680,\"height\":510,\"caption\":\"Platit AG setzt mit innovativen PVD-Beschichtungen weltweit Standards und optimiert die Leistung von Werkzeugen und Bauteilen. (Bild: Platit AG \\\/ www.platit.com)\"},{\"@type\":\"BreadcrumbList\",\"@id\":\"https:\\\/\\\/www.organisator.ch\\\/management\\\/2025-03-07\\\/prix-svc-espace-mittelland-platit-ag\\\/#breadcrumb\",\"itemListElement\":[{\"@type\":\"ListItem\",\"position\":1,\"name\":\"Home\",\"item\":\"https:\\\/\\\/www.organisator.ch\\\/\"},{\"@type\":\"ListItem\",\"position\":2,\"name\":\"Prix SVC Espace Mittelland: Platit AG\"}]},{\"@type\":\"WebSite\",\"@id\":\"https:\\\/\\\/www.organisator.ch\\\/#website\",\"url\":\"https:\\\/\\\/www.organisator.ch\\\/\",\"name\":\"Organisator\",\"description\":\"Kompetent. Praxisnah. Der ORGANISATOR bereitet in 10 Ausgaben pro Jahr die wesentlichen Themen f\u00fcr F\u00fchrungskr\u00e4fte von KMU auf.\",\"publisher\":{\"@id\":\"https:\\\/\\\/www.organisator.ch\\\/#organization\"},\"potentialAction\":[{\"@type\":\"SearchAction\",\"target\":{\"@type\":\"EntryPoint\",\"urlTemplate\":\"https:\\\/\\\/www.organisator.ch\\\/?s={search_term_string}\"},\"query-input\":{\"@type\":\"PropertyValueSpecification\",\"valueRequired\":true,\"valueName\":\"search_term_string\"}}],\"inLanguage\":\"fr-FR\"},{\"@type\":\"Organization\",\"@id\":\"https:\\\/\\\/www.organisator.ch\\\/#organization\",\"name\":\"Organisator\",\"url\":\"https:\\\/\\\/www.organisator.ch\\\/\",\"logo\":{\"@type\":\"ImageObject\",\"inLanguage\":\"fr-FR\",\"@id\":\"https:\\\/\\\/www.organisator.ch\\\/#\\\/schema\\\/logo\\\/image\\\/\",\"url\":\"https:\\\/\\\/www.organisator.ch\\\/wp-content\\\/uploads\\\/2022\\\/01\\\/Logo_Organisator_Website.png\",\"contentUrl\":\"https:\\\/\\\/www.organisator.ch\\\/wp-content\\\/uploads\\\/2022\\\/01\\\/Logo_Organisator_Website.png\",\"width\":800,\"height\":77,\"caption\":\"Organisator\"},\"image\":{\"@id\":\"https:\\\/\\\/www.organisator.ch\\\/#\\\/schema\\\/logo\\\/image\\\/\"},\"sameAs\":[\"https:\\\/\\\/www.facebook.com\\\/OrganisatorFachmagazin\",\"https:\\\/\\\/www.linkedin.com\\\/showcase\\\/organisator-das-magazin-fr-kmu\",\"https:\\\/\\\/www.xing.com\\\/news\\\/pages\\\/organisator-ch-695\",\"https:\\\/\\\/www.youtube.com\\\/channel\\\/UCGP2Sq0iWaZwT3BdIAQFYpw\"]},{\"@type\":\"Person\",\"@id\":\"https:\\\/\\\/www.organisator.ch\\\/#\\\/schema\\\/person\\\/afccda3a71c06d4be2ed9100dd163db7\",\"name\":\"Dzana Muminovic\",\"image\":{\"@type\":\"ImageObject\",\"inLanguage\":\"fr-FR\",\"@id\":\"https:\\\/\\\/secure.gravatar.com\\\/avatar\\\/909c5c71aff4b38e88686f2ab2f1ba152571f394f41ed8bae431ea56ced93050?s=96&d=mm&r=g\",\"url\":\"https:\\\/\\\/secure.gravatar.com\\\/avatar\\\/909c5c71aff4b38e88686f2ab2f1ba152571f394f41ed8bae431ea56ced93050?s=96&d=mm&r=g\",\"contentUrl\":\"https:\\\/\\\/secure.gravatar.com\\\/avatar\\\/909c5c71aff4b38e88686f2ab2f1ba152571f394f41ed8bae431ea56ced93050?s=96&d=mm&r=g\",\"caption\":\"Dzana Muminovic\"},\"url\":\"https:\\\/\\\/www.organisator.ch\\\/fr\\\/author\\\/dzana-muminovic\\\/\"}]}<\/script>\n<!-- \/ Yoast SEO plugin. -->","yoast_head_json":{"title":"Prix SVC Espace Mittelland : Platit AG - Organisateur","description":"Platit AG est finaliste du Prix SVC Espace Mittelland 2025. Un bref portrait de l'entreprise familiale sp\u00e9cialis\u00e9e dans la technologie de rev\u00eatement PVD.","robots":{"index":"index","follow":"follow","max-snippet":"max-snippet:-1","max-image-preview":"max-image-preview:large","max-video-preview":"max-video-preview:-1"},"canonical":"https:\/\/www.organisator.ch\/fr\/gestion-2\/2025-03-07\/prix-svc-espace-mittelland-platit-ag\/","og_locale":"fr_FR","og_type":"article","og_title":"Prix SVC Espace Mittelland: Platit AG","og_description":"Die Platit AG ist Finalistin beim Prix SVC Espace Mittelland 2025. Ein Kurzportr\u00e4t des Familienunternehmens f\u00fcr PVD-Beschichtungstechnologie.","og_url":"https:\/\/www.organisator.ch\/fr\/gestion-2\/2025-03-07\/prix-svc-espace-mittelland-platit-ag\/","og_site_name":"Organisator","article_publisher":"https:\/\/www.facebook.com\/OrganisatorFachmagazin","article_published_time":"2025-03-07T13:11:07+00:00","og_image":[{"width":680,"height":510,"url":"https:\/\/www.organisator.ch\/wp-content\/uploads\/2025\/03\/Platit_Bild_ps.jpg","type":"image\/jpeg"}],"author":"Dzana Muminovic","twitter_card":"summary_large_image","twitter_title":"Prix SVC Espace Mittelland: Platit AG","twitter_description":"Die #Platit AG ist #Finalistin beim #Prix #SVC #Espace #Mittelland 2025. Ein Kurzportr\u00e4t des #Familienunternehmens f\u00fcr #PVD-#Beschichtungstechnologie.","twitter_image":"https:\/\/www.organisator.ch\/wp-content\/uploads\/2025\/03\/Platit_Bild_ps.jpg","schema":{"@context":"https:\/\/schema.org","@graph":[{"@type":"Article","@id":"https:\/\/www.organisator.ch\/management\/2025-03-07\/prix-svc-espace-mittelland-platit-ag\/#article","isPartOf":{"@id":"https:\/\/www.organisator.ch\/management\/2025-03-07\/prix-svc-espace-mittelland-platit-ag\/"},"author":{"name":"Dzana Muminovic","@id":"https:\/\/www.organisator.ch\/#\/schema\/person\/afccda3a71c06d4be2ed9100dd163db7"},"headline":"Prix SVC Espace Mittelland: Platit AG","datePublished":"2025-03-07T13:11:07+00:00","mainEntityOfPage":{"@id":"https:\/\/www.organisator.ch\/management\/2025-03-07\/prix-svc-espace-mittelland-platit-ag\/"},"wordCount":474,"publisher":{"@id":"https:\/\/www.organisator.ch\/#organization"},"image":{"@id":"https:\/\/www.organisator.ch\/management\/2025-03-07\/prix-svc-espace-mittelland-platit-ag\/#primaryimage"},"thumbnailUrl":"https:\/\/www.organisator.ch\/wp-content\/uploads\/2025\/03\/Platit_Bild_ps.jpg","keywords":["Award","Prix SVC Espace Mittelland","PVD-Beschichtungen","Schweiz"],"articleSection":["MANAGEMENT"],"inLanguage":"fr-FR"},{"@type":"WebPage","@id":"https:\/\/www.organisator.ch\/management\/2025-03-07\/prix-svc-espace-mittelland-platit-ag\/","url":"https:\/\/www.organisator.ch\/management\/2025-03-07\/prix-svc-espace-mittelland-platit-ag\/","name":"Prix SVC Espace Mittelland : Platit AG - Organisateur","isPartOf":{"@id":"https:\/\/www.organisator.ch\/#website"},"primaryImageOfPage":{"@id":"https:\/\/www.organisator.ch\/management\/2025-03-07\/prix-svc-espace-mittelland-platit-ag\/#primaryimage"},"image":{"@id":"https:\/\/www.organisator.ch\/management\/2025-03-07\/prix-svc-espace-mittelland-platit-ag\/#primaryimage"},"thumbnailUrl":"https:\/\/www.organisator.ch\/wp-content\/uploads\/2025\/03\/Platit_Bild_ps.jpg","datePublished":"2025-03-07T13:11:07+00:00","description":"Platit AG est finaliste du Prix SVC Espace Mittelland 2025. Un bref portrait de l'entreprise familiale sp\u00e9cialis\u00e9e dans la technologie de rev\u00eatement PVD.","breadcrumb":{"@id":"https:\/\/www.organisator.ch\/management\/2025-03-07\/prix-svc-espace-mittelland-platit-ag\/#breadcrumb"},"inLanguage":"fr-FR","potentialAction":[{"@type":"ReadAction","target":["https:\/\/www.organisator.ch\/management\/2025-03-07\/prix-svc-espace-mittelland-platit-ag\/"]}]},{"@type":"ImageObject","inLanguage":"fr-FR","@id":"https:\/\/www.organisator.ch\/management\/2025-03-07\/prix-svc-espace-mittelland-platit-ag\/#primaryimage","url":"https:\/\/www.organisator.ch\/wp-content\/uploads\/2025\/03\/Platit_Bild_ps.jpg","contentUrl":"https:\/\/www.organisator.ch\/wp-content\/uploads\/2025\/03\/Platit_Bild_ps.jpg","width":680,"height":510,"caption":"Platit AG setzt mit innovativen PVD-Beschichtungen weltweit Standards und optimiert die Leistung von Werkzeugen und Bauteilen. (Bild: Platit AG \/ www.platit.com)"},{"@type":"BreadcrumbList","@id":"https:\/\/www.organisator.ch\/management\/2025-03-07\/prix-svc-espace-mittelland-platit-ag\/#breadcrumb","itemListElement":[{"@type":"ListItem","position":1,"name":"Home","item":"https:\/\/www.organisator.ch\/"},{"@type":"ListItem","position":2,"name":"Prix SVC Espace Mittelland: Platit AG"}]},{"@type":"WebSite","@id":"https:\/\/www.organisator.ch\/#website","url":"https:\/\/www.organisator.ch\/","name":"Organisateur","description":"Comp\u00e9tence et comp\u00e9tence. Proches de la pratique. L'ORGANISATEUR pr\u00e9pare 10 num\u00e9ros par an sur les th\u00e8mes essentiels pour les dirigeants de PME.","publisher":{"@id":"https:\/\/www.organisator.ch\/#organization"},"potentialAction":[{"@type":"SearchAction","target":{"@type":"EntryPoint","urlTemplate":"https:\/\/www.organisator.ch\/?s={search_term_string}"},"query-input":{"@type":"PropertyValueSpecification","valueRequired":true,"valueName":"search_term_string"}}],"inLanguage":"fr-FR"},{"@type":"Organization","@id":"https:\/\/www.organisator.ch\/#organization","name":"Organisateur","url":"https:\/\/www.organisator.ch\/","logo":{"@type":"ImageObject","inLanguage":"fr-FR","@id":"https:\/\/www.organisator.ch\/#\/schema\/logo\/image\/","url":"https:\/\/www.organisator.ch\/wp-content\/uploads\/2022\/01\/Logo_Organisator_Website.png","contentUrl":"https:\/\/www.organisator.ch\/wp-content\/uploads\/2022\/01\/Logo_Organisator_Website.png","width":800,"height":77,"caption":"Organisator"},"image":{"@id":"https:\/\/www.organisator.ch\/#\/schema\/logo\/image\/"},"sameAs":["https:\/\/www.facebook.com\/OrganisatorFachmagazin","https:\/\/www.linkedin.com\/showcase\/organisator-das-magazin-fr-kmu","https:\/\/www.xing.com\/news\/pages\/organisator-ch-695","https:\/\/www.youtube.com\/channel\/UCGP2Sq0iWaZwT3BdIAQFYpw"]},{"@type":"Person","@id":"https:\/\/www.organisator.ch\/#\/schema\/person\/afccda3a71c06d4be2ed9100dd163db7","name":"Dzana Muminovic","image":{"@type":"ImageObject","inLanguage":"fr-FR","@id":"https:\/\/secure.gravatar.com\/avatar\/909c5c71aff4b38e88686f2ab2f1ba152571f394f41ed8bae431ea56ced93050?s=96&d=mm&r=g","url":"https:\/\/secure.gravatar.com\/avatar\/909c5c71aff4b38e88686f2ab2f1ba152571f394f41ed8bae431ea56ced93050?s=96&d=mm&r=g","contentUrl":"https:\/\/secure.gravatar.com\/avatar\/909c5c71aff4b38e88686f2ab2f1ba152571f394f41ed8bae431ea56ced93050?s=96&d=mm&r=g","caption":"Dzana Muminovic"},"url":"https:\/\/www.organisator.ch\/fr\/author\/dzana-muminovic\/"}]}},"_links":{"self":[{"href":"https:\/\/www.organisator.ch\/fr\/wp-json\/wp\/v2\/posts\/36686","targetHints":{"allow":["GET"]}}],"collection":[{"href":"https:\/\/www.organisator.ch\/fr\/wp-json\/wp\/v2\/posts"}],"about":[{"href":"https:\/\/www.organisator.ch\/fr\/wp-json\/wp\/v2\/types\/post"}],"author":[{"embeddable":true,"href":"https:\/\/www.organisator.ch\/fr\/wp-json\/wp\/v2\/users\/80"}],"replies":[{"embeddable":true,"href":"https:\/\/www.organisator.ch\/fr\/wp-json\/wp\/v2\/comments?post=36686"}],"version-history":[{"count":5,"href":"https:\/\/www.organisator.ch\/fr\/wp-json\/wp\/v2\/posts\/36686\/revisions"}],"predecessor-version":[{"id":36751,"href":"https:\/\/www.organisator.ch\/fr\/wp-json\/wp\/v2\/posts\/36686\/revisions\/36751"}],"wp:featuredmedia":[{"embeddable":true,"href":"https:\/\/www.organisator.ch\/fr\/wp-json\/wp\/v2\/media\/36688"}],"wp:attachment":[{"href":"https:\/\/www.organisator.ch\/fr\/wp-json\/wp\/v2\/media?parent=36686"}],"wp:term":[{"taxonomy":"category","embeddable":true,"href":"https:\/\/www.organisator.ch\/fr\/wp-json\/wp\/v2\/categories?post=36686"},{"taxonomy":"post_tag","embeddable":true,"href":"https:\/\/www.organisator.ch\/fr\/wp-json\/wp\/v2\/tags?post=36686"}],"curies":[{"name":"wp","href":"https:\/\/api.w.org\/{rel}","templated":true}]}}