{"id":36782,"date":"2025-03-12T08:15:14","date_gmt":"2025-03-12T07:15:14","guid":{"rendered":"https:\/\/www.markt-kom.com\/?p=231706"},"modified":"2025-03-12T07:42:43","modified_gmt":"2025-03-12T06:42:43","slug":"strategische-partnerschaft-zwischen-wecatch-und-pixmill","status":"publish","type":"post","link":"https:\/\/www.organisator.ch\/fr\/marketing\/2025-03-12\/strategische-partnerschaft-zwischen-wecatch-und-pixmill\/","title":{"rendered":"Partenariat strat\u00e9gique entre Wecatch et Pixmill"},"content":{"rendered":"<p><a href=\"https:\/\/www.markt-kom.com\/wp-content\/uploads\/2025\/03\/250311_WECATCH_PR_Mitteilung_strategische_Partnerschaft_Startbild.jpg\"><img class=\"aligncenter size-full wp-image-231709\" src=\"https:\/\/www.markt-kom.com\/wp-content\/uploads\/2025\/03\/250311_WECATCH_PR_Mitteilung_strategische_Partnerschaft_Startbild.jpg\" sizes=\"(max-width: 1200px) 100vw, 1200px\" srcset=\"https:\/\/www.markt-kom.com\/wp-content\/uploads\/2025\/03\/250311_WECATCH_PR_Mitteilung_strategische_Partnerschaft_Startbild.jpg 1200w, https:\/\/www.markt-kom.com\/wp-content\/uploads\/2025\/03\/250311_WECATCH_PR_Mitteilung_strategische_Partnerschaft_Startbild-600x450.jpg 600w, https:\/\/www.markt-kom.com\/wp-content\/uploads\/2025\/03\/250311_WECATCH_PR_Mitteilung_strategische_Partnerschaft_Startbild-1024x768.jpg 1024w, https:\/\/www.markt-kom.com\/wp-content\/uploads\/2025\/03\/250311_WECATCH_PR_Mitteilung_strategische_Partnerschaft_Startbild-768x576.jpg 768w, https:\/\/www.markt-kom.com\/wp-content\/uploads\/2025\/03\/250311_WECATCH_PR_Mitteilung_strategische_Partnerschaft_Startbild-16x12.jpg 16w, https:\/\/www.markt-kom.com\/wp-content\/uploads\/2025\/03\/250311_WECATCH_PR_Mitteilung_strategische_Partnerschaft_Startbild-233x175.jpg 233w, https:\/\/www.markt-kom.com\/wp-content\/uploads\/2025\/03\/250311_WECATCH_PR_Mitteilung_strategische_Partnerschaft_Startbild-467x350.jpg 467w, https:\/\/www.markt-kom.com\/wp-content\/uploads\/2025\/03\/250311_WECATCH_PR_Mitteilung_strategische_Partnerschaft_Startbild-1000x750.jpg 1000w\" alt=\"\" width=\"1200\" height=\"900\" \/><\/a><\/p>\r\n<p>Die beiden Agenturen haben bereits in der Vergangenheit erfolgreich an Projekten zusammengearbeitet \u2013 darunter die Websites des Hotel Bellevue Terminus in Engelberg oder das Projekt \u00abRenovating Buildings Yes!\u00bb f\u00fcr die ETH Z\u00fcrich. Mit der nun vertieften Partnerschaft sollen kreative und technische Expertise noch enger verzahnt und so massgeschneiderte digitale Erlebnisse geschaffen werden.<\/p>\r\n<p><a href=\"https:\/\/www.markt-kom.com\/wp-content\/uploads\/2025\/03\/250311_WECATCH_PR_Mitteilung_strategische_Partnerschaft_Hotel_Bellevue_Engelberg.jpg\"><img class=\"aligncenter size-full wp-image-231708\" src=\"https:\/\/www.markt-kom.com\/wp-content\/uploads\/2025\/03\/250311_WECATCH_PR_Mitteilung_strategische_Partnerschaft_Hotel_Bellevue_Engelberg.jpg\" sizes=\"(max-width: 1200px) 100vw, 1200px\" srcset=\"https:\/\/www.markt-kom.com\/wp-content\/uploads\/2025\/03\/250311_WECATCH_PR_Mitteilung_strategische_Partnerschaft_Hotel_Bellevue_Engelberg.jpg 1200w, https:\/\/www.markt-kom.com\/wp-content\/uploads\/2025\/03\/250311_WECATCH_PR_Mitteilung_strategische_Partnerschaft_Hotel_Bellevue_Engelberg-600x338.jpg 600w, https:\/\/www.markt-kom.com\/wp-content\/uploads\/2025\/03\/250311_WECATCH_PR_Mitteilung_strategische_Partnerschaft_Hotel_Bellevue_Engelberg-1024x576.jpg 1024w, https:\/\/www.markt-kom.com\/wp-content\/uploads\/2025\/03\/250311_WECATCH_PR_Mitteilung_strategische_Partnerschaft_Hotel_Bellevue_Engelberg-768x432.jpg 768w, https:\/\/www.markt-kom.com\/wp-content\/uploads\/2025\/03\/250311_WECATCH_PR_Mitteilung_strategische_Partnerschaft_Hotel_Bellevue_Engelberg-18x10.jpg 18w, https:\/\/www.markt-kom.com\/wp-content\/uploads\/2025\/03\/250311_WECATCH_PR_Mitteilung_strategische_Partnerschaft_Hotel_Bellevue_Engelberg-311x175.jpg 311w, https:\/\/www.markt-kom.com\/wp-content\/uploads\/2025\/03\/250311_WECATCH_PR_Mitteilung_strategische_Partnerschaft_Hotel_Bellevue_Engelberg-622x350.jpg 622w, https:\/\/www.markt-kom.com\/wp-content\/uploads\/2025\/03\/250311_WECATCH_PR_Mitteilung_strategische_Partnerschaft_Hotel_Bellevue_Engelberg-1000x563.jpg 1000w\" alt=\"\" width=\"1200\" height=\"675\" \/><\/a><\/p>\r\n<div class=\"wp-video\" style=\"width: 768px;\"><!-- [if lt IE 9]><script>document.createElement('video');<\/script><![endif]--> <video id=\"video-231706-1\" class=\"wp-video-shortcode\" preload=\"metadata\" controls=\"controls\" width=\"768\" height=\"432\"><source type=\"video\/mp4\" src=\"https:\/\/www.markt-kom.com\/wp-content\/uploads\/2025\/03\/250311_WECATCH_PR_Mitteilung_strategische_Partnerschaft_ETH_Website_Show.mp4?_=1\" \/><a href=\"https:\/\/www.markt-kom.com\/wp-content\/uploads\/2025\/03\/250311_WECATCH_PR_Mitteilung_strategische_Partnerschaft_ETH_Website_Show.mp4\">https:\/\/www.markt-kom.com\/wp-content\/uploads\/2025\/03\/250311_WECATCH_PR_Mitteilung_strategische_Partnerschaft_ETH_Website_Show.mp4<\/a><\/video><\/div>\r\n<p>\u00abDurch die strategische Partnerschaft mit Pixmill k\u00f6nnen wir unsere kreativen Konzepte nahtlos mit innovativen Webl\u00f6sungen verbinden. Das erlaubt es uns, noch gezielter auf die Bed\u00fcrfnisse unserer Kunden einzugehen und ihnen einen echten Mehrwert zu bieten\u00bb, erkl\u00e4rt Gr\u00fcnder Kevin Casado, Managing Director und Gesch\u00e4ftsf\u00fchrer von Wecatch Creative Agency.<\/p>\r\n<p>Delia Guerriero, Gr\u00fcnderin, Design Director und Mitglied der Gesch\u00e4ftsleitung von Wecatch, erg\u00e4nzt: \u00abKreativit\u00e4t und digitale Technologie sind heute untrennbar miteinander verbunden. Unsere Partnerschaft mit Pixmill erm\u00f6glicht es uns, vision\u00e4res Design mit modernster Webentwicklung zu vereinen und so einzigartige digitale Erlebnisse zu schaffen.\u00bb<\/p>\r\n<p>Auch PixMill sieht in der Kooperation eine bedeutende Weiterentwicklung: \u00abDie enge Zusammenarbeit mit Wecatch er\u00f6ffnet uns neue M\u00f6glichkeiten, innovative und \u00e4sthetisch anspruchsvolle Webprojekte umzusetzen. Gemeinsam schaffen wir digitale L\u00f6sungen, die sowohl visuell als auch funktional \u00fcberzeugen\u00bb, Reto Eller, Gesch\u00e4ftsleiter &amp; UX- und Frontend Spezialist von Pixmill.<\/p>","protected":false},"excerpt":{"rendered":"<p>L'agence cr\u00e9ative zurichoise Wecatch Creative Agency et l'agence web Pixmill unissent leurs forces dans un partenariat strat\u00e9gique. Ensemble, ils entendent proposer \u00e0 leur client\u00e8le des \"solutions num\u00e9riques innovantes et globales\".<\/p>","protected":false},"author":8,"featured_media":0,"comment_status":"closed","ping_status":"closed","sticky":false,"template":"","format":"standard","meta":{"_acf_changed":false,"_yoast_wpseo_focuskw":"Strategische Partnerschaft","_yoast_wpseo_metadesc":"Wecatch und Pixmill b\u00fcndeln ihre St\u00e4rken f\u00fcr innovative digitale L\u00f6sungen \u2013 kreative Konzepte treffen auf modernste Webentwicklung.","articlekey":"","footnotes":""},"categories":[29],"tags":[4345,5166,4242],"class_list":["post-36782","post","type-post","status-publish","format-standard","hentry","category-marketing","tag-business","tag-pixmill","tag-wecatch"],"acf":[],"yoast_head":"<!-- This site is optimized with the Yoast SEO plugin v27.5 - https:\/\/yoast.com\/product\/yoast-seo-wordpress\/ -->\n<title>Strategische Partnerschaft zwischen Wecatch und Pixmill - Organisator<\/title>\n<meta name=\"description\" content=\"Wecatch und Pixmill b\u00fcndeln ihre St\u00e4rken f\u00fcr innovative digitale L\u00f6sungen \u2013 kreative Konzepte treffen auf modernste Webentwicklung.\" \/>\n<meta name=\"robots\" content=\"index, follow, max-snippet:-1, max-image-preview:large, max-video-preview:-1\" \/>\n<link rel=\"canonical\" href=\"https:\/\/www.organisator.ch\/fr\/marketing\/2025-03-12\/strategische-partnerschaft-zwischen-wecatch-und-pixmill\/\" \/>\n<meta property=\"og:locale\" content=\"fr_FR\" \/>\n<meta property=\"og:type\" content=\"article\" \/>\n<meta property=\"og:title\" content=\"Strategische Partnerschaft zwischen Wecatch und Pixmill - Organisator\" \/>\n<meta property=\"og:description\" content=\"Wecatch und Pixmill b\u00fcndeln ihre St\u00e4rken f\u00fcr innovative digitale L\u00f6sungen \u2013 kreative Konzepte treffen auf modernste Webentwicklung.\" \/>\n<meta property=\"og:url\" content=\"https:\/\/www.organisator.ch\/fr\/marketing\/2025-03-12\/strategische-partnerschaft-zwischen-wecatch-und-pixmill\/\" \/>\n<meta property=\"og:site_name\" content=\"Organisator\" \/>\n<meta property=\"article:publisher\" content=\"https:\/\/www.facebook.com\/OrganisatorFachmagazin\" \/>\n<meta property=\"article:published_time\" content=\"2025-03-12T07:15:14+00:00\" \/>\n<meta name=\"author\" content=\"galledia\" \/>\n<meta name=\"twitter:card\" content=\"summary_large_image\" \/>\n<meta name=\"twitter:creator\" content=\"@admin\" \/>\n<script type=\"application\/ld+json\" class=\"yoast-schema-graph\">{\"@context\":\"https:\\\/\\\/schema.org\",\"@graph\":[{\"@type\":\"Article\",\"@id\":\"https:\\\/\\\/www.organisator.ch\\\/marketing\\\/2025-03-12\\\/strategische-partnerschaft-zwischen-wecatch-und-pixmill\\\/#article\",\"isPartOf\":{\"@id\":\"https:\\\/\\\/www.organisator.ch\\\/marketing\\\/2025-03-12\\\/strategische-partnerschaft-zwischen-wecatch-und-pixmill\\\/\"},\"author\":{\"name\":\"galledia\",\"@id\":\"https:\\\/\\\/www.organisator.ch\\\/#\\\/schema\\\/person\\\/4e51799071cd2dd1232ac003643ef5f0\"},\"headline\":\"Strategische Partnerschaft zwischen Wecatch und Pixmill\",\"datePublished\":\"2025-03-12T07:15:14+00:00\",\"mainEntityOfPage\":{\"@id\":\"https:\\\/\\\/www.organisator.ch\\\/marketing\\\/2025-03-12\\\/strategische-partnerschaft-zwischen-wecatch-und-pixmill\\\/\"},\"wordCount\":226,\"publisher\":{\"@id\":\"https:\\\/\\\/www.organisator.ch\\\/#organization\"},\"image\":{\"@id\":\"https:\\\/\\\/www.organisator.ch\\\/marketing\\\/2025-03-12\\\/strategische-partnerschaft-zwischen-wecatch-und-pixmill\\\/#primaryimage\"},\"thumbnailUrl\":\"https:\\\/\\\/www.markt-kom.com\\\/wp-content\\\/uploads\\\/2025\\\/03\\\/250311_WECATCH_PR_Mitteilung_strategische_Partnerschaft_Startbild.jpg\",\"keywords\":[\"Business\",\"Pixmill\",\"Wecatch\"],\"articleSection\":[\"MARKETING\"],\"inLanguage\":\"fr-FR\"},{\"@type\":\"WebPage\",\"@id\":\"https:\\\/\\\/www.organisator.ch\\\/marketing\\\/2025-03-12\\\/strategische-partnerschaft-zwischen-wecatch-und-pixmill\\\/\",\"url\":\"https:\\\/\\\/www.organisator.ch\\\/marketing\\\/2025-03-12\\\/strategische-partnerschaft-zwischen-wecatch-und-pixmill\\\/\",\"name\":\"Strategische Partnerschaft zwischen Wecatch und Pixmill - Organisator\",\"isPartOf\":{\"@id\":\"https:\\\/\\\/www.organisator.ch\\\/#website\"},\"primaryImageOfPage\":{\"@id\":\"https:\\\/\\\/www.organisator.ch\\\/marketing\\\/2025-03-12\\\/strategische-partnerschaft-zwischen-wecatch-und-pixmill\\\/#primaryimage\"},\"image\":{\"@id\":\"https:\\\/\\\/www.organisator.ch\\\/marketing\\\/2025-03-12\\\/strategische-partnerschaft-zwischen-wecatch-und-pixmill\\\/#primaryimage\"},\"thumbnailUrl\":\"https:\\\/\\\/www.markt-kom.com\\\/wp-content\\\/uploads\\\/2025\\\/03\\\/250311_WECATCH_PR_Mitteilung_strategische_Partnerschaft_Startbild.jpg\",\"datePublished\":\"2025-03-12T07:15:14+00:00\",\"description\":\"Wecatch und Pixmill b\u00fcndeln ihre St\u00e4rken f\u00fcr innovative digitale L\u00f6sungen \u2013 kreative Konzepte treffen auf modernste Webentwicklung.\",\"breadcrumb\":{\"@id\":\"https:\\\/\\\/www.organisator.ch\\\/marketing\\\/2025-03-12\\\/strategische-partnerschaft-zwischen-wecatch-und-pixmill\\\/#breadcrumb\"},\"inLanguage\":\"fr-FR\",\"potentialAction\":[{\"@type\":\"ReadAction\",\"target\":[\"https:\\\/\\\/www.organisator.ch\\\/marketing\\\/2025-03-12\\\/strategische-partnerschaft-zwischen-wecatch-und-pixmill\\\/\"]}]},{\"@type\":\"ImageObject\",\"inLanguage\":\"fr-FR\",\"@id\":\"https:\\\/\\\/www.organisator.ch\\\/marketing\\\/2025-03-12\\\/strategische-partnerschaft-zwischen-wecatch-und-pixmill\\\/#primaryimage\",\"url\":\"https:\\\/\\\/www.markt-kom.com\\\/wp-content\\\/uploads\\\/2025\\\/03\\\/250311_WECATCH_PR_Mitteilung_strategische_Partnerschaft_Startbild.jpg\",\"contentUrl\":\"https:\\\/\\\/www.markt-kom.com\\\/wp-content\\\/uploads\\\/2025\\\/03\\\/250311_WECATCH_PR_Mitteilung_strategische_Partnerschaft_Startbild.jpg\"},{\"@type\":\"BreadcrumbList\",\"@id\":\"https:\\\/\\\/www.organisator.ch\\\/marketing\\\/2025-03-12\\\/strategische-partnerschaft-zwischen-wecatch-und-pixmill\\\/#breadcrumb\",\"itemListElement\":[{\"@type\":\"ListItem\",\"position\":1,\"name\":\"Home\",\"item\":\"https:\\\/\\\/www.organisator.ch\\\/\"},{\"@type\":\"ListItem\",\"position\":2,\"name\":\"Strategische Partnerschaft zwischen Wecatch und Pixmill\"}]},{\"@type\":\"WebSite\",\"@id\":\"https:\\\/\\\/www.organisator.ch\\\/#website\",\"url\":\"https:\\\/\\\/www.organisator.ch\\\/\",\"name\":\"Organisator\",\"description\":\"Kompetent. Praxisnah. Der ORGANISATOR bereitet in 10 Ausgaben pro Jahr die wesentlichen Themen f\u00fcr F\u00fchrungskr\u00e4fte von KMU auf.\",\"publisher\":{\"@id\":\"https:\\\/\\\/www.organisator.ch\\\/#organization\"},\"potentialAction\":[{\"@type\":\"SearchAction\",\"target\":{\"@type\":\"EntryPoint\",\"urlTemplate\":\"https:\\\/\\\/www.organisator.ch\\\/?s={search_term_string}\"},\"query-input\":{\"@type\":\"PropertyValueSpecification\",\"valueRequired\":true,\"valueName\":\"search_term_string\"}}],\"inLanguage\":\"fr-FR\"},{\"@type\":\"Organization\",\"@id\":\"https:\\\/\\\/www.organisator.ch\\\/#organization\",\"name\":\"Organisator\",\"url\":\"https:\\\/\\\/www.organisator.ch\\\/\",\"logo\":{\"@type\":\"ImageObject\",\"inLanguage\":\"fr-FR\",\"@id\":\"https:\\\/\\\/www.organisator.ch\\\/#\\\/schema\\\/logo\\\/image\\\/\",\"url\":\"https:\\\/\\\/www.organisator.ch\\\/wp-content\\\/uploads\\\/2022\\\/01\\\/Logo_Organisator_Website.png\",\"contentUrl\":\"https:\\\/\\\/www.organisator.ch\\\/wp-content\\\/uploads\\\/2022\\\/01\\\/Logo_Organisator_Website.png\",\"width\":800,\"height\":77,\"caption\":\"Organisator\"},\"image\":{\"@id\":\"https:\\\/\\\/www.organisator.ch\\\/#\\\/schema\\\/logo\\\/image\\\/\"},\"sameAs\":[\"https:\\\/\\\/www.facebook.com\\\/OrganisatorFachmagazin\",\"https:\\\/\\\/www.linkedin.com\\\/showcase\\\/organisator-das-magazin-fr-kmu\",\"https:\\\/\\\/www.xing.com\\\/news\\\/pages\\\/organisator-ch-695\",\"https:\\\/\\\/www.youtube.com\\\/channel\\\/UCGP2Sq0iWaZwT3BdIAQFYpw\"]},{\"@type\":\"Person\",\"@id\":\"https:\\\/\\\/www.organisator.ch\\\/#\\\/schema\\\/person\\\/4e51799071cd2dd1232ac003643ef5f0\",\"name\":\"galledia\",\"image\":{\"@type\":\"ImageObject\",\"inLanguage\":\"fr-FR\",\"@id\":\"https:\\\/\\\/secure.gravatar.com\\\/avatar\\\/78a7f90c01fc2bfc875782a0d4922b37cde2cf184ce347b91316d23cd7f69a36?s=96&d=mm&r=g\",\"url\":\"https:\\\/\\\/secure.gravatar.com\\\/avatar\\\/78a7f90c01fc2bfc875782a0d4922b37cde2cf184ce347b91316d23cd7f69a36?s=96&d=mm&r=g\",\"contentUrl\":\"https:\\\/\\\/secure.gravatar.com\\\/avatar\\\/78a7f90c01fc2bfc875782a0d4922b37cde2cf184ce347b91316d23cd7f69a36?s=96&d=mm&r=g\",\"caption\":\"galledia\"},\"sameAs\":[\"https:\\\/\\\/x.com\\\/admin\"],\"url\":\"https:\\\/\\\/www.organisator.ch\\\/fr\\\/author\\\/galledia\\\/\"}]}<\/script>\n<!-- \/ Yoast SEO plugin. -->","yoast_head_json":{"title":"Partenariat strat\u00e9gique entre Wecatch et Pixmill - Organisateur","description":"Wecatch et Pixmill unissent leurs forces pour proposer des solutions num\u00e9riques innovantes - des concepts cr\u00e9atifs rencontrent un d\u00e9veloppement web de pointe.","robots":{"index":"index","follow":"follow","max-snippet":"max-snippet:-1","max-image-preview":"max-image-preview:large","max-video-preview":"max-video-preview:-1"},"canonical":"https:\/\/www.organisator.ch\/fr\/marketing\/2025-03-12\/strategische-partnerschaft-zwischen-wecatch-und-pixmill\/","og_locale":"fr_FR","og_type":"article","og_title":"Strategische Partnerschaft zwischen Wecatch und Pixmill - Organisator","og_description":"Wecatch und Pixmill b\u00fcndeln ihre St\u00e4rken f\u00fcr innovative digitale L\u00f6sungen \u2013 kreative Konzepte treffen auf modernste Webentwicklung.","og_url":"https:\/\/www.organisator.ch\/fr\/marketing\/2025-03-12\/strategische-partnerschaft-zwischen-wecatch-und-pixmill\/","og_site_name":"Organisator","article_publisher":"https:\/\/www.facebook.com\/OrganisatorFachmagazin","article_published_time":"2025-03-12T07:15:14+00:00","author":"galledia","twitter_card":"summary_large_image","twitter_creator":"@admin","schema":{"@context":"https:\/\/schema.org","@graph":[{"@type":"Article","@id":"https:\/\/www.organisator.ch\/marketing\/2025-03-12\/strategische-partnerschaft-zwischen-wecatch-und-pixmill\/#article","isPartOf":{"@id":"https:\/\/www.organisator.ch\/marketing\/2025-03-12\/strategische-partnerschaft-zwischen-wecatch-und-pixmill\/"},"author":{"name":"galledia","@id":"https:\/\/www.organisator.ch\/#\/schema\/person\/4e51799071cd2dd1232ac003643ef5f0"},"headline":"Strategische Partnerschaft zwischen Wecatch und Pixmill","datePublished":"2025-03-12T07:15:14+00:00","mainEntityOfPage":{"@id":"https:\/\/www.organisator.ch\/marketing\/2025-03-12\/strategische-partnerschaft-zwischen-wecatch-und-pixmill\/"},"wordCount":226,"publisher":{"@id":"https:\/\/www.organisator.ch\/#organization"},"image":{"@id":"https:\/\/www.organisator.ch\/marketing\/2025-03-12\/strategische-partnerschaft-zwischen-wecatch-und-pixmill\/#primaryimage"},"thumbnailUrl":"https:\/\/www.markt-kom.com\/wp-content\/uploads\/2025\/03\/250311_WECATCH_PR_Mitteilung_strategische_Partnerschaft_Startbild.jpg","keywords":["Business","Pixmill","Wecatch"],"articleSection":["MARKETING"],"inLanguage":"fr-FR"},{"@type":"WebPage","@id":"https:\/\/www.organisator.ch\/marketing\/2025-03-12\/strategische-partnerschaft-zwischen-wecatch-und-pixmill\/","url":"https:\/\/www.organisator.ch\/marketing\/2025-03-12\/strategische-partnerschaft-zwischen-wecatch-und-pixmill\/","name":"Partenariat strat\u00e9gique entre Wecatch et Pixmill - Organisateur","isPartOf":{"@id":"https:\/\/www.organisator.ch\/#website"},"primaryImageOfPage":{"@id":"https:\/\/www.organisator.ch\/marketing\/2025-03-12\/strategische-partnerschaft-zwischen-wecatch-und-pixmill\/#primaryimage"},"image":{"@id":"https:\/\/www.organisator.ch\/marketing\/2025-03-12\/strategische-partnerschaft-zwischen-wecatch-und-pixmill\/#primaryimage"},"thumbnailUrl":"https:\/\/www.markt-kom.com\/wp-content\/uploads\/2025\/03\/250311_WECATCH_PR_Mitteilung_strategische_Partnerschaft_Startbild.jpg","datePublished":"2025-03-12T07:15:14+00:00","description":"Wecatch et Pixmill unissent leurs forces pour proposer des solutions num\u00e9riques innovantes - des concepts cr\u00e9atifs rencontrent un d\u00e9veloppement web de pointe.","breadcrumb":{"@id":"https:\/\/www.organisator.ch\/marketing\/2025-03-12\/strategische-partnerschaft-zwischen-wecatch-und-pixmill\/#breadcrumb"},"inLanguage":"fr-FR","potentialAction":[{"@type":"ReadAction","target":["https:\/\/www.organisator.ch\/marketing\/2025-03-12\/strategische-partnerschaft-zwischen-wecatch-und-pixmill\/"]}]},{"@type":"ImageObject","inLanguage":"fr-FR","@id":"https:\/\/www.organisator.ch\/marketing\/2025-03-12\/strategische-partnerschaft-zwischen-wecatch-und-pixmill\/#primaryimage","url":"https:\/\/www.markt-kom.com\/wp-content\/uploads\/2025\/03\/250311_WECATCH_PR_Mitteilung_strategische_Partnerschaft_Startbild.jpg","contentUrl":"https:\/\/www.markt-kom.com\/wp-content\/uploads\/2025\/03\/250311_WECATCH_PR_Mitteilung_strategische_Partnerschaft_Startbild.jpg"},{"@type":"BreadcrumbList","@id":"https:\/\/www.organisator.ch\/marketing\/2025-03-12\/strategische-partnerschaft-zwischen-wecatch-und-pixmill\/#breadcrumb","itemListElement":[{"@type":"ListItem","position":1,"name":"Home","item":"https:\/\/www.organisator.ch\/"},{"@type":"ListItem","position":2,"name":"Strategische Partnerschaft zwischen Wecatch und Pixmill"}]},{"@type":"WebSite","@id":"https:\/\/www.organisator.ch\/#website","url":"https:\/\/www.organisator.ch\/","name":"Organisateur","description":"Comp\u00e9tence et comp\u00e9tence. Proches de la pratique. L'ORGANISATEUR pr\u00e9pare 10 num\u00e9ros par an sur les th\u00e8mes essentiels pour les dirigeants de PME.","publisher":{"@id":"https:\/\/www.organisator.ch\/#organization"},"potentialAction":[{"@type":"SearchAction","target":{"@type":"EntryPoint","urlTemplate":"https:\/\/www.organisator.ch\/?s={search_term_string}"},"query-input":{"@type":"PropertyValueSpecification","valueRequired":true,"valueName":"search_term_string"}}],"inLanguage":"fr-FR"},{"@type":"Organization","@id":"https:\/\/www.organisator.ch\/#organization","name":"Organisateur","url":"https:\/\/www.organisator.ch\/","logo":{"@type":"ImageObject","inLanguage":"fr-FR","@id":"https:\/\/www.organisator.ch\/#\/schema\/logo\/image\/","url":"https:\/\/www.organisator.ch\/wp-content\/uploads\/2022\/01\/Logo_Organisator_Website.png","contentUrl":"https:\/\/www.organisator.ch\/wp-content\/uploads\/2022\/01\/Logo_Organisator_Website.png","width":800,"height":77,"caption":"Organisator"},"image":{"@id":"https:\/\/www.organisator.ch\/#\/schema\/logo\/image\/"},"sameAs":["https:\/\/www.facebook.com\/OrganisatorFachmagazin","https:\/\/www.linkedin.com\/showcase\/organisator-das-magazin-fr-kmu","https:\/\/www.xing.com\/news\/pages\/organisator-ch-695","https:\/\/www.youtube.com\/channel\/UCGP2Sq0iWaZwT3BdIAQFYpw"]},{"@type":"Person","@id":"https:\/\/www.organisator.ch\/#\/schema\/person\/4e51799071cd2dd1232ac003643ef5f0","name":"galledia","image":{"@type":"ImageObject","inLanguage":"fr-FR","@id":"https:\/\/secure.gravatar.com\/avatar\/78a7f90c01fc2bfc875782a0d4922b37cde2cf184ce347b91316d23cd7f69a36?s=96&d=mm&r=g","url":"https:\/\/secure.gravatar.com\/avatar\/78a7f90c01fc2bfc875782a0d4922b37cde2cf184ce347b91316d23cd7f69a36?s=96&d=mm&r=g","contentUrl":"https:\/\/secure.gravatar.com\/avatar\/78a7f90c01fc2bfc875782a0d4922b37cde2cf184ce347b91316d23cd7f69a36?s=96&d=mm&r=g","caption":"galledia"},"sameAs":["https:\/\/x.com\/admin"],"url":"https:\/\/www.organisator.ch\/fr\/author\/galledia\/"}]}},"_links":{"self":[{"href":"https:\/\/www.organisator.ch\/fr\/wp-json\/wp\/v2\/posts\/36782","targetHints":{"allow":["GET"]}}],"collection":[{"href":"https:\/\/www.organisator.ch\/fr\/wp-json\/wp\/v2\/posts"}],"about":[{"href":"https:\/\/www.organisator.ch\/fr\/wp-json\/wp\/v2\/types\/post"}],"author":[{"embeddable":true,"href":"https:\/\/www.organisator.ch\/fr\/wp-json\/wp\/v2\/users\/8"}],"replies":[{"embeddable":true,"href":"https:\/\/www.organisator.ch\/fr\/wp-json\/wp\/v2\/comments?post=36782"}],"version-history":[{"count":4,"href":"https:\/\/www.organisator.ch\/fr\/wp-json\/wp\/v2\/posts\/36782\/revisions"}],"predecessor-version":[{"id":36833,"href":"https:\/\/www.organisator.ch\/fr\/wp-json\/wp\/v2\/posts\/36782\/revisions\/36833"}],"wp:attachment":[{"href":"https:\/\/www.organisator.ch\/fr\/wp-json\/wp\/v2\/media?parent=36782"}],"wp:term":[{"taxonomy":"category","embeddable":true,"href":"https:\/\/www.organisator.ch\/fr\/wp-json\/wp\/v2\/categories?post=36782"},{"taxonomy":"post_tag","embeddable":true,"href":"https:\/\/www.organisator.ch\/fr\/wp-json\/wp\/v2\/tags?post=36782"}],"curies":[{"name":"wp","href":"https:\/\/api.w.org\/{rel}","templated":true}]}}