{"id":36795,"date":"2025-03-12T09:21:37","date_gmt":"2025-03-12T08:21:37","guid":{"rendered":"https:\/\/www.organisator.ch\/?p=36795"},"modified":"2025-03-12T09:21:37","modified_gmt":"2025-03-12T08:21:37","slug":"mit-alixio-group-zum-fuehrenden-hr-dienstleister-der-schweiz","status":"publish","type":"post","link":"https:\/\/www.organisator.ch\/fr\/management\/2025-03-12\/mit-alixio-group-zum-fuehrenden-hr-dienstleister-der-schweiz\/","title":{"rendered":"Devenir le premier prestataire de services RH en Suisse avec Alixio Group"},"content":{"rendered":"<figure id=\"attachment_36796\" aria-describedby=\"caption-attachment-36796\" style=\"width: 680px\" class=\"wp-caption alignnone\"><img loading=\"lazy\" decoding=\"async\" class=\"size-full wp-image-36796\" src=\"https:\/\/www.organisator.ch\/wp-content\/uploads\/2025\/03\/von-Rundstedt-alixio_Bild_ps.jpg\" alt=\"\" width=\"680\" height=\"454\" srcset=\"https:\/\/www.organisator.ch\/wp-content\/uploads\/2025\/03\/von-Rundstedt-alixio_Bild_ps.jpg 680w, https:\/\/www.organisator.ch\/wp-content\/uploads\/2025\/03\/von-Rundstedt-alixio_Bild_ps-18x12.jpg 18w, https:\/\/www.organisator.ch\/wp-content\/uploads\/2025\/03\/von-Rundstedt-alixio_Bild_ps-375x250.jpg 375w, https:\/\/www.organisator.ch\/wp-content\/uploads\/2025\/03\/von-Rundstedt-alixio_Bild_ps-524x350.jpg 524w\" sizes=\"auto, (max-width: 680px) 100vw, 680px\" \/><figcaption id=\"caption-attachment-36796\" class=\"wp-caption-text\">Von Rundstedt Suisse se repositionne avec Alixio et \u00e9largit son offre au consulting RH, au management int\u00e9rimaire et au reclassement. (Image : www.depositphotos.com)<\/figcaption><\/figure>\n<p>Dans le cadre de son dixi\u00e8me anniversaire, l'entreprise suisse a pos\u00e9 de nouveaux jalons pour l'avenir. Dr Pascal Scheiwiller, CEO de la soci\u00e9t\u00e9 suisse von Rundstedt : \"Nous souhaitons nous positionner plus largement et investir davantage dans de nouveaux domaines d'activit\u00e9 en plus de l'outplacement\". Pour ce faire, von Rundstedt Suisse a trouv\u00e9 avec le groupe Alixio un nouveau partenaire et investisseur appropri\u00e9 et financi\u00e8rement solide. La soci\u00e9t\u00e9 allemande v. Rundstedt &amp; Partner GmbH a transf\u00e9r\u00e9 la totalit\u00e9 de ses parts au groupe Alixio. Sophia von Rundstedt, CEO de la soci\u00e9t\u00e9 allemande, d\u00e9clare \u00e0 ce sujet : \"Nous avons rempli notre mission et \u00e9crit une histoire \u00e0 succ\u00e8s avec nos coll\u00e8gues suisses. Nous sommes heureux que l'entreprise suisse puisse d\u00e9sormais se positionner et se d\u00e9velopper encore plus largement avec le Groupe Alixio\".<\/p>\n<p>Le groupe Alixio est le premier prestataire de services RH en France. Gr\u00e2ce \u00e0 des investissements et des partenaires cibl\u00e9s, il ambitionne de devenir le leader du march\u00e9 dans toute l'Europe. Guillaume Allais, Group CEO d'Alixio, d\u00e9clare \u00e0 ce sujet : \"Nous souhaitons mettre en \u0153uvre notre mod\u00e8le de r\u00e9ussite dans toute l'Europe. La Suisse est un march\u00e9 cl\u00e9 pour l'Europe. Nous sommes heureux d'avoir trouv\u00e9 en von Rundstedt Suisse le meilleur partenaire possible pour cela\". Le chef de von Rundstedt Suisse, Pascal Scheiwiller, reprend \u00e9galement la direction g\u00e9n\u00e9rale du groupe Alixio en Suisse. Outre l'activit\u00e9 de von Rundstedt Outplacement, trois autres secteurs d'activit\u00e9 en font partie.<\/p>\n<p>Avec l'acquisition du groupe OTP, Alixio reprend un prestataire exp\u00e9riment\u00e9 en mati\u00e8re d'assessment, de coaching, de reclassement et de mesures relatives au march\u00e9 du travail. Avec sa propre marque X-PM, Alixio apporte en outre en Suisse une activit\u00e9 \u00e9tablie au niveau international et leader dans le domaine du management par int\u00e9rim. Enfin, Alixio Consulting fournira \u00e0 l'avenir aux entreprises diverses prestations de conseil dans le domaine des ressources humaines.<\/p>\n<p>\"Pour nous, cet investissement ne vise pas en premier lieu la croissance, mais plut\u00f4t l'augmentation de la valeur ajout\u00e9e pour le client. De plus en plus d'entreprises sont engag\u00e9es dans de profonds processus de transformation. Les quatre domaines sont hautement synergiques et nous permettent de soutenir nos clients dans leurs changements de mani\u00e8re beaucoup plus globale\", explique Pascal Scheiwiller.<\/p>\n<p><em>Source : <a href=\"http:\/\/www.rundstedt.ch\">www.rundstedt.ch<\/a><\/em><\/p>","protected":false},"excerpt":{"rendered":"<p>von Rundstedt &amp; Partner Schweiz AG a \u00e9t\u00e9 fond\u00e9e en 2014 pour transformer le march\u00e9 de l'outplacement en Suisse avec des solutions innovantes et orient\u00e9es vers le march\u00e9. En quelques ann\u00e9es, l'entreprise s'est \u00e9tablie comme leader de la qualit\u00e9 et du march\u00e9 dans toutes les r\u00e9gions du pays.<\/p>","protected":false},"author":80,"featured_media":36796,"comment_status":"closed","ping_status":"closed","sticky":false,"template":"","format":"standard","meta":{"_acf_changed":false,"_yoast_wpseo_focuskw":"von Rundstedt Schweiz Alixio","_yoast_wpseo_metadesc":"Von Rundstedt Schweiz stellt sich mit Alixio neu auf und erweitert das Angebot um HR-Consulting, Interim Management und Newplacement.","articlekey":"","footnotes":""},"categories":[28],"tags":[253,277,1888,424,492],"class_list":["post-36795","post","type-post","status-publish","format-standard","has-post-thumbnail","hentry","category-management","tag-hr","tag-interimmanagement","tag-partnerschaft","tag-schweiz","tag-unternehmen"],"acf":[],"yoast_head":"<!-- This site is optimized with the Yoast SEO plugin v27.5 - https:\/\/yoast.com\/product\/yoast-seo-wordpress\/ -->\n<title>Mit Alixio Group zum f\u00fchrenden HR Dienstleister der Schweiz - Organisator<\/title>\n<meta name=\"description\" content=\"Von Rundstedt Schweiz stellt sich mit Alixio neu auf und erweitert das Angebot um HR-Consulting, Interim Management und Newplacement.\" \/>\n<meta name=\"robots\" content=\"index, follow, max-snippet:-1, max-image-preview:large, max-video-preview:-1\" \/>\n<link rel=\"canonical\" href=\"https:\/\/www.organisator.ch\/fr\/gestion-2\/2025-03-12\/mit-alixio-group-zum-fuehrenden-hr-dienstleister-der-schweiz\/\" \/>\n<meta property=\"og:locale\" content=\"fr_FR\" \/>\n<meta property=\"og:type\" content=\"article\" \/>\n<meta property=\"og:title\" content=\"Mit Alixio Group zum f\u00fchrenden HR Dienstleister der Schweiz\" \/>\n<meta property=\"og:description\" content=\"Von Rundstedt Schweiz stellt sich mit Alixio neu auf und erweitert das Angebot um HR-Consulting, Interim Management und Newplacement.\" \/>\n<meta property=\"og:url\" content=\"https:\/\/www.organisator.ch\/fr\/gestion-2\/2025-03-12\/mit-alixio-group-zum-fuehrenden-hr-dienstleister-der-schweiz\/\" \/>\n<meta property=\"og:site_name\" content=\"Organisator\" \/>\n<meta property=\"article:publisher\" content=\"https:\/\/www.facebook.com\/OrganisatorFachmagazin\" \/>\n<meta property=\"article:published_time\" content=\"2025-03-12T08:21:37+00:00\" \/>\n<meta property=\"og:image\" content=\"https:\/\/www.organisator.ch\/wp-content\/uploads\/2025\/03\/von-Rundstedt-alixio_Bild_ps.jpg\" \/>\n\t<meta property=\"og:image:width\" content=\"680\" \/>\n\t<meta property=\"og:image:height\" content=\"454\" \/>\n\t<meta property=\"og:image:type\" content=\"image\/jpeg\" \/>\n<meta name=\"author\" content=\"Dzana Muminovic\" \/>\n<meta name=\"twitter:card\" content=\"summary_large_image\" \/>\n<meta name=\"twitter:title\" content=\"Mit Alixio Group zum f\u00fchrenden HR Dienstleister der Schweiz\" \/>\n<meta name=\"twitter:description\" content=\"Von Rundstedt Schweiz stellt sich mit Alixio neu auf und erweitert das Angebot um HR-Consulting, Interim Management und Newplacement.\" \/>\n<meta name=\"twitter:image\" content=\"https:\/\/www.organisator.ch\/wp-content\/uploads\/2025\/03\/von-Rundstedt-alixio_Bild_ps.jpg\" \/>\n<script type=\"application\/ld+json\" class=\"yoast-schema-graph\">{\"@context\":\"https:\\\/\\\/schema.org\",\"@graph\":[{\"@type\":\"Article\",\"@id\":\"https:\\\/\\\/www.organisator.ch\\\/management\\\/2025-03-12\\\/mit-alixio-group-zum-fuehrenden-hr-dienstleister-der-schweiz\\\/#article\",\"isPartOf\":{\"@id\":\"https:\\\/\\\/www.organisator.ch\\\/management\\\/2025-03-12\\\/mit-alixio-group-zum-fuehrenden-hr-dienstleister-der-schweiz\\\/\"},\"author\":{\"name\":\"Dzana Muminovic\",\"@id\":\"https:\\\/\\\/www.organisator.ch\\\/#\\\/schema\\\/person\\\/afccda3a71c06d4be2ed9100dd163db7\"},\"headline\":\"Mit Alixio Group zum f\u00fchrenden HR Dienstleister der Schweiz\",\"datePublished\":\"2025-03-12T08:21:37+00:00\",\"mainEntityOfPage\":{\"@id\":\"https:\\\/\\\/www.organisator.ch\\\/management\\\/2025-03-12\\\/mit-alixio-group-zum-fuehrenden-hr-dienstleister-der-schweiz\\\/\"},\"wordCount\":374,\"publisher\":{\"@id\":\"https:\\\/\\\/www.organisator.ch\\\/#organization\"},\"image\":{\"@id\":\"https:\\\/\\\/www.organisator.ch\\\/management\\\/2025-03-12\\\/mit-alixio-group-zum-fuehrenden-hr-dienstleister-der-schweiz\\\/#primaryimage\"},\"thumbnailUrl\":\"https:\\\/\\\/www.organisator.ch\\\/wp-content\\\/uploads\\\/2025\\\/03\\\/von-Rundstedt-alixio_Bild_ps.jpg\",\"keywords\":[\"HR\",\"Interimmanagement\",\"Partnerschaft\",\"Schweiz\",\"Unternehmen\"],\"articleSection\":[\"MANAGEMENT\"],\"inLanguage\":\"fr-FR\"},{\"@type\":\"WebPage\",\"@id\":\"https:\\\/\\\/www.organisator.ch\\\/management\\\/2025-03-12\\\/mit-alixio-group-zum-fuehrenden-hr-dienstleister-der-schweiz\\\/\",\"url\":\"https:\\\/\\\/www.organisator.ch\\\/management\\\/2025-03-12\\\/mit-alixio-group-zum-fuehrenden-hr-dienstleister-der-schweiz\\\/\",\"name\":\"Mit Alixio Group zum f\u00fchrenden HR Dienstleister der Schweiz - Organisator\",\"isPartOf\":{\"@id\":\"https:\\\/\\\/www.organisator.ch\\\/#website\"},\"primaryImageOfPage\":{\"@id\":\"https:\\\/\\\/www.organisator.ch\\\/management\\\/2025-03-12\\\/mit-alixio-group-zum-fuehrenden-hr-dienstleister-der-schweiz\\\/#primaryimage\"},\"image\":{\"@id\":\"https:\\\/\\\/www.organisator.ch\\\/management\\\/2025-03-12\\\/mit-alixio-group-zum-fuehrenden-hr-dienstleister-der-schweiz\\\/#primaryimage\"},\"thumbnailUrl\":\"https:\\\/\\\/www.organisator.ch\\\/wp-content\\\/uploads\\\/2025\\\/03\\\/von-Rundstedt-alixio_Bild_ps.jpg\",\"datePublished\":\"2025-03-12T08:21:37+00:00\",\"description\":\"Von Rundstedt Schweiz stellt sich mit Alixio neu auf und erweitert das Angebot um HR-Consulting, Interim Management und Newplacement.\",\"breadcrumb\":{\"@id\":\"https:\\\/\\\/www.organisator.ch\\\/management\\\/2025-03-12\\\/mit-alixio-group-zum-fuehrenden-hr-dienstleister-der-schweiz\\\/#breadcrumb\"},\"inLanguage\":\"fr-FR\",\"potentialAction\":[{\"@type\":\"ReadAction\",\"target\":[\"https:\\\/\\\/www.organisator.ch\\\/management\\\/2025-03-12\\\/mit-alixio-group-zum-fuehrenden-hr-dienstleister-der-schweiz\\\/\"]}]},{\"@type\":\"ImageObject\",\"inLanguage\":\"fr-FR\",\"@id\":\"https:\\\/\\\/www.organisator.ch\\\/management\\\/2025-03-12\\\/mit-alixio-group-zum-fuehrenden-hr-dienstleister-der-schweiz\\\/#primaryimage\",\"url\":\"https:\\\/\\\/www.organisator.ch\\\/wp-content\\\/uploads\\\/2025\\\/03\\\/von-Rundstedt-alixio_Bild_ps.jpg\",\"contentUrl\":\"https:\\\/\\\/www.organisator.ch\\\/wp-content\\\/uploads\\\/2025\\\/03\\\/von-Rundstedt-alixio_Bild_ps.jpg\",\"width\":680,\"height\":454,\"caption\":\"Von Rundstedt Schweiz stellt sich mit Alixio neu auf und erweitert das Angebot um HR-Consulting, Interim Management und Newplacement. (Bild: www.depositphotos.com)\"},{\"@type\":\"BreadcrumbList\",\"@id\":\"https:\\\/\\\/www.organisator.ch\\\/management\\\/2025-03-12\\\/mit-alixio-group-zum-fuehrenden-hr-dienstleister-der-schweiz\\\/#breadcrumb\",\"itemListElement\":[{\"@type\":\"ListItem\",\"position\":1,\"name\":\"Home\",\"item\":\"https:\\\/\\\/www.organisator.ch\\\/\"},{\"@type\":\"ListItem\",\"position\":2,\"name\":\"Mit Alixio Group zum f\u00fchrenden HR Dienstleister der Schweiz\"}]},{\"@type\":\"WebSite\",\"@id\":\"https:\\\/\\\/www.organisator.ch\\\/#website\",\"url\":\"https:\\\/\\\/www.organisator.ch\\\/\",\"name\":\"Organisator\",\"description\":\"Kompetent. Praxisnah. Der ORGANISATOR bereitet in 10 Ausgaben pro Jahr die wesentlichen Themen f\u00fcr F\u00fchrungskr\u00e4fte von KMU auf.\",\"publisher\":{\"@id\":\"https:\\\/\\\/www.organisator.ch\\\/#organization\"},\"potentialAction\":[{\"@type\":\"SearchAction\",\"target\":{\"@type\":\"EntryPoint\",\"urlTemplate\":\"https:\\\/\\\/www.organisator.ch\\\/?s={search_term_string}\"},\"query-input\":{\"@type\":\"PropertyValueSpecification\",\"valueRequired\":true,\"valueName\":\"search_term_string\"}}],\"inLanguage\":\"fr-FR\"},{\"@type\":\"Organization\",\"@id\":\"https:\\\/\\\/www.organisator.ch\\\/#organization\",\"name\":\"Organisator\",\"url\":\"https:\\\/\\\/www.organisator.ch\\\/\",\"logo\":{\"@type\":\"ImageObject\",\"inLanguage\":\"fr-FR\",\"@id\":\"https:\\\/\\\/www.organisator.ch\\\/#\\\/schema\\\/logo\\\/image\\\/\",\"url\":\"https:\\\/\\\/www.organisator.ch\\\/wp-content\\\/uploads\\\/2022\\\/01\\\/Logo_Organisator_Website.png\",\"contentUrl\":\"https:\\\/\\\/www.organisator.ch\\\/wp-content\\\/uploads\\\/2022\\\/01\\\/Logo_Organisator_Website.png\",\"width\":800,\"height\":77,\"caption\":\"Organisator\"},\"image\":{\"@id\":\"https:\\\/\\\/www.organisator.ch\\\/#\\\/schema\\\/logo\\\/image\\\/\"},\"sameAs\":[\"https:\\\/\\\/www.facebook.com\\\/OrganisatorFachmagazin\",\"https:\\\/\\\/www.linkedin.com\\\/showcase\\\/organisator-das-magazin-fr-kmu\",\"https:\\\/\\\/www.xing.com\\\/news\\\/pages\\\/organisator-ch-695\",\"https:\\\/\\\/www.youtube.com\\\/channel\\\/UCGP2Sq0iWaZwT3BdIAQFYpw\"]},{\"@type\":\"Person\",\"@id\":\"https:\\\/\\\/www.organisator.ch\\\/#\\\/schema\\\/person\\\/afccda3a71c06d4be2ed9100dd163db7\",\"name\":\"Dzana Muminovic\",\"image\":{\"@type\":\"ImageObject\",\"inLanguage\":\"fr-FR\",\"@id\":\"https:\\\/\\\/secure.gravatar.com\\\/avatar\\\/909c5c71aff4b38e88686f2ab2f1ba152571f394f41ed8bae431ea56ced93050?s=96&d=mm&r=g\",\"url\":\"https:\\\/\\\/secure.gravatar.com\\\/avatar\\\/909c5c71aff4b38e88686f2ab2f1ba152571f394f41ed8bae431ea56ced93050?s=96&d=mm&r=g\",\"contentUrl\":\"https:\\\/\\\/secure.gravatar.com\\\/avatar\\\/909c5c71aff4b38e88686f2ab2f1ba152571f394f41ed8bae431ea56ced93050?s=96&d=mm&r=g\",\"caption\":\"Dzana Muminovic\"},\"url\":\"https:\\\/\\\/www.organisator.ch\\\/fr\\\/author\\\/dzana-muminovic\\\/\"}]}<\/script>\n<!-- \/ Yoast SEO plugin. -->","yoast_head_json":{"title":"Devenir le premier prestataire de services RH en Suisse avec Alixio Group - Organisateur","description":"Von Rundstedt Suisse se repositionne avec Alixio et \u00e9largit son offre au consulting RH, au management int\u00e9rimaire et au reclassement.","robots":{"index":"index","follow":"follow","max-snippet":"max-snippet:-1","max-image-preview":"max-image-preview:large","max-video-preview":"max-video-preview:-1"},"canonical":"https:\/\/www.organisator.ch\/fr\/gestion-2\/2025-03-12\/mit-alixio-group-zum-fuehrenden-hr-dienstleister-der-schweiz\/","og_locale":"fr_FR","og_type":"article","og_title":"Mit Alixio Group zum f\u00fchrenden HR Dienstleister der Schweiz","og_description":"Von Rundstedt Schweiz stellt sich mit Alixio neu auf und erweitert das Angebot um HR-Consulting, Interim Management und Newplacement.","og_url":"https:\/\/www.organisator.ch\/fr\/gestion-2\/2025-03-12\/mit-alixio-group-zum-fuehrenden-hr-dienstleister-der-schweiz\/","og_site_name":"Organisator","article_publisher":"https:\/\/www.facebook.com\/OrganisatorFachmagazin","article_published_time":"2025-03-12T08:21:37+00:00","og_image":[{"width":680,"height":454,"url":"https:\/\/www.organisator.ch\/wp-content\/uploads\/2025\/03\/von-Rundstedt-alixio_Bild_ps.jpg","type":"image\/jpeg"}],"author":"Dzana Muminovic","twitter_card":"summary_large_image","twitter_title":"Mit Alixio Group zum f\u00fchrenden HR Dienstleister der Schweiz","twitter_description":"Von Rundstedt Schweiz stellt sich mit Alixio neu auf und erweitert das Angebot um HR-Consulting, Interim Management und Newplacement.","twitter_image":"https:\/\/www.organisator.ch\/wp-content\/uploads\/2025\/03\/von-Rundstedt-alixio_Bild_ps.jpg","schema":{"@context":"https:\/\/schema.org","@graph":[{"@type":"Article","@id":"https:\/\/www.organisator.ch\/management\/2025-03-12\/mit-alixio-group-zum-fuehrenden-hr-dienstleister-der-schweiz\/#article","isPartOf":{"@id":"https:\/\/www.organisator.ch\/management\/2025-03-12\/mit-alixio-group-zum-fuehrenden-hr-dienstleister-der-schweiz\/"},"author":{"name":"Dzana Muminovic","@id":"https:\/\/www.organisator.ch\/#\/schema\/person\/afccda3a71c06d4be2ed9100dd163db7"},"headline":"Mit Alixio Group zum f\u00fchrenden HR Dienstleister der Schweiz","datePublished":"2025-03-12T08:21:37+00:00","mainEntityOfPage":{"@id":"https:\/\/www.organisator.ch\/management\/2025-03-12\/mit-alixio-group-zum-fuehrenden-hr-dienstleister-der-schweiz\/"},"wordCount":374,"publisher":{"@id":"https:\/\/www.organisator.ch\/#organization"},"image":{"@id":"https:\/\/www.organisator.ch\/management\/2025-03-12\/mit-alixio-group-zum-fuehrenden-hr-dienstleister-der-schweiz\/#primaryimage"},"thumbnailUrl":"https:\/\/www.organisator.ch\/wp-content\/uploads\/2025\/03\/von-Rundstedt-alixio_Bild_ps.jpg","keywords":["HR","Interimmanagement","Partnerschaft","Schweiz","Unternehmen"],"articleSection":["MANAGEMENT"],"inLanguage":"fr-FR"},{"@type":"WebPage","@id":"https:\/\/www.organisator.ch\/management\/2025-03-12\/mit-alixio-group-zum-fuehrenden-hr-dienstleister-der-schweiz\/","url":"https:\/\/www.organisator.ch\/management\/2025-03-12\/mit-alixio-group-zum-fuehrenden-hr-dienstleister-der-schweiz\/","name":"Devenir le premier prestataire de services RH en Suisse avec Alixio Group - Organisateur","isPartOf":{"@id":"https:\/\/www.organisator.ch\/#website"},"primaryImageOfPage":{"@id":"https:\/\/www.organisator.ch\/management\/2025-03-12\/mit-alixio-group-zum-fuehrenden-hr-dienstleister-der-schweiz\/#primaryimage"},"image":{"@id":"https:\/\/www.organisator.ch\/management\/2025-03-12\/mit-alixio-group-zum-fuehrenden-hr-dienstleister-der-schweiz\/#primaryimage"},"thumbnailUrl":"https:\/\/www.organisator.ch\/wp-content\/uploads\/2025\/03\/von-Rundstedt-alixio_Bild_ps.jpg","datePublished":"2025-03-12T08:21:37+00:00","description":"Von Rundstedt Suisse se repositionne avec Alixio et \u00e9largit son offre au consulting RH, au management int\u00e9rimaire et au reclassement.","breadcrumb":{"@id":"https:\/\/www.organisator.ch\/management\/2025-03-12\/mit-alixio-group-zum-fuehrenden-hr-dienstleister-der-schweiz\/#breadcrumb"},"inLanguage":"fr-FR","potentialAction":[{"@type":"ReadAction","target":["https:\/\/www.organisator.ch\/management\/2025-03-12\/mit-alixio-group-zum-fuehrenden-hr-dienstleister-der-schweiz\/"]}]},{"@type":"ImageObject","inLanguage":"fr-FR","@id":"https:\/\/www.organisator.ch\/management\/2025-03-12\/mit-alixio-group-zum-fuehrenden-hr-dienstleister-der-schweiz\/#primaryimage","url":"https:\/\/www.organisator.ch\/wp-content\/uploads\/2025\/03\/von-Rundstedt-alixio_Bild_ps.jpg","contentUrl":"https:\/\/www.organisator.ch\/wp-content\/uploads\/2025\/03\/von-Rundstedt-alixio_Bild_ps.jpg","width":680,"height":454,"caption":"Von Rundstedt Schweiz stellt sich mit Alixio neu auf und erweitert das Angebot um HR-Consulting, Interim Management und Newplacement. (Bild: www.depositphotos.com)"},{"@type":"BreadcrumbList","@id":"https:\/\/www.organisator.ch\/management\/2025-03-12\/mit-alixio-group-zum-fuehrenden-hr-dienstleister-der-schweiz\/#breadcrumb","itemListElement":[{"@type":"ListItem","position":1,"name":"Home","item":"https:\/\/www.organisator.ch\/"},{"@type":"ListItem","position":2,"name":"Mit Alixio Group zum f\u00fchrenden HR Dienstleister der Schweiz"}]},{"@type":"WebSite","@id":"https:\/\/www.organisator.ch\/#website","url":"https:\/\/www.organisator.ch\/","name":"Organisateur","description":"Comp\u00e9tence et comp\u00e9tence. Proches de la pratique. L'ORGANISATEUR pr\u00e9pare 10 num\u00e9ros par an sur les th\u00e8mes essentiels pour les dirigeants de PME.","publisher":{"@id":"https:\/\/www.organisator.ch\/#organization"},"potentialAction":[{"@type":"SearchAction","target":{"@type":"EntryPoint","urlTemplate":"https:\/\/www.organisator.ch\/?s={search_term_string}"},"query-input":{"@type":"PropertyValueSpecification","valueRequired":true,"valueName":"search_term_string"}}],"inLanguage":"fr-FR"},{"@type":"Organization","@id":"https:\/\/www.organisator.ch\/#organization","name":"Organisateur","url":"https:\/\/www.organisator.ch\/","logo":{"@type":"ImageObject","inLanguage":"fr-FR","@id":"https:\/\/www.organisator.ch\/#\/schema\/logo\/image\/","url":"https:\/\/www.organisator.ch\/wp-content\/uploads\/2022\/01\/Logo_Organisator_Website.png","contentUrl":"https:\/\/www.organisator.ch\/wp-content\/uploads\/2022\/01\/Logo_Organisator_Website.png","width":800,"height":77,"caption":"Organisator"},"image":{"@id":"https:\/\/www.organisator.ch\/#\/schema\/logo\/image\/"},"sameAs":["https:\/\/www.facebook.com\/OrganisatorFachmagazin","https:\/\/www.linkedin.com\/showcase\/organisator-das-magazin-fr-kmu","https:\/\/www.xing.com\/news\/pages\/organisator-ch-695","https:\/\/www.youtube.com\/channel\/UCGP2Sq0iWaZwT3BdIAQFYpw"]},{"@type":"Person","@id":"https:\/\/www.organisator.ch\/#\/schema\/person\/afccda3a71c06d4be2ed9100dd163db7","name":"Dzana Muminovic","image":{"@type":"ImageObject","inLanguage":"fr-FR","@id":"https:\/\/secure.gravatar.com\/avatar\/909c5c71aff4b38e88686f2ab2f1ba152571f394f41ed8bae431ea56ced93050?s=96&d=mm&r=g","url":"https:\/\/secure.gravatar.com\/avatar\/909c5c71aff4b38e88686f2ab2f1ba152571f394f41ed8bae431ea56ced93050?s=96&d=mm&r=g","contentUrl":"https:\/\/secure.gravatar.com\/avatar\/909c5c71aff4b38e88686f2ab2f1ba152571f394f41ed8bae431ea56ced93050?s=96&d=mm&r=g","caption":"Dzana Muminovic"},"url":"https:\/\/www.organisator.ch\/fr\/author\/dzana-muminovic\/"}]}},"_links":{"self":[{"href":"https:\/\/www.organisator.ch\/fr\/wp-json\/wp\/v2\/posts\/36795","targetHints":{"allow":["GET"]}}],"collection":[{"href":"https:\/\/www.organisator.ch\/fr\/wp-json\/wp\/v2\/posts"}],"about":[{"href":"https:\/\/www.organisator.ch\/fr\/wp-json\/wp\/v2\/types\/post"}],"author":[{"embeddable":true,"href":"https:\/\/www.organisator.ch\/fr\/wp-json\/wp\/v2\/users\/80"}],"replies":[{"embeddable":true,"href":"https:\/\/www.organisator.ch\/fr\/wp-json\/wp\/v2\/comments?post=36795"}],"version-history":[{"count":5,"href":"https:\/\/www.organisator.ch\/fr\/wp-json\/wp\/v2\/posts\/36795\/revisions"}],"predecessor-version":[{"id":36881,"href":"https:\/\/www.organisator.ch\/fr\/wp-json\/wp\/v2\/posts\/36795\/revisions\/36881"}],"wp:featuredmedia":[{"embeddable":true,"href":"https:\/\/www.organisator.ch\/fr\/wp-json\/wp\/v2\/media\/36796"}],"wp:attachment":[{"href":"https:\/\/www.organisator.ch\/fr\/wp-json\/wp\/v2\/media?parent=36795"}],"wp:term":[{"taxonomy":"category","embeddable":true,"href":"https:\/\/www.organisator.ch\/fr\/wp-json\/wp\/v2\/categories?post=36795"},{"taxonomy":"post_tag","embeddable":true,"href":"https:\/\/www.organisator.ch\/fr\/wp-json\/wp\/v2\/tags?post=36795"}],"curies":[{"name":"wp","href":"https:\/\/api.w.org\/{rel}","templated":true}]}}