{"id":36800,"date":"2025-03-12T13:46:33","date_gmt":"2025-03-12T12:46:33","guid":{"rendered":"https:\/\/www.organisator.ch\/?p=36800"},"modified":"2025-03-12T13:46:33","modified_gmt":"2025-03-12T12:46:33","slug":"netzwerken-in-perfektion","status":"publish","type":"post","link":"https:\/\/www.organisator.ch\/fr\/human-resources\/2025-03-12\/netzwerken-in-perfektion\/","title":{"rendered":"Le r\u00e9seautage \u00e0 la perfection"},"content":{"rendered":"<figure id=\"attachment_36801\" aria-describedby=\"caption-attachment-36801\" style=\"width: 680px\" class=\"wp-caption alignnone\"><img loading=\"lazy\" decoding=\"async\" class=\"size-full wp-image-36801\" src=\"https:\/\/www.organisator.ch\/wp-content\/uploads\/2025\/03\/Netzwerken_Bild_ps.jpg\" alt=\"\" width=\"680\" height=\"453\" srcset=\"https:\/\/www.organisator.ch\/wp-content\/uploads\/2025\/03\/Netzwerken_Bild_ps.jpg 680w, https:\/\/www.organisator.ch\/wp-content\/uploads\/2025\/03\/Netzwerken_Bild_ps-18x12.jpg 18w, https:\/\/www.organisator.ch\/wp-content\/uploads\/2025\/03\/Netzwerken_Bild_ps-375x250.jpg 375w, https:\/\/www.organisator.ch\/wp-content\/uploads\/2025\/03\/Netzwerken_Bild_ps-525x350.jpg 525w\" sizes=\"auto, (max-width: 680px) 100vw, 680px\" \/><figcaption id=\"caption-attachment-36801\" class=\"wp-caption-text\">Nombreux sont ceux qui craignent d'\u00eatre rejet\u00e9s lors de la constitution d'un r\u00e9seau. Voici comment surmonter cette peur et r\u00e9ussir \u00e0 nouer de nouveaux contacts. (Image : Oliver Schumacher \/ Freepik)<\/figcaption><\/figure>\n<p>Qui n'a jamais connu \u00e7a ? On se rend \u00e0 un \u00e9v\u00e9nement, qu'il soit professionnel ou priv\u00e9, et on ne discute qu'avec les personnes que l'on connaissait d\u00e9j\u00e0. Pourtant, ce type d'\u00e9v\u00e9nement est justement une merveilleuse occasion de rencontrer d'autres personnes, de nouvelles personnes. Mais trop souvent, on est trop timide. On ne veut pas avoir l'air de s'imposer. Il pourrait y avoir un silence g\u00eanant ou la personne abord\u00e9e pourrait \u00eatre d\u00e9sagr\u00e9able. Pour beaucoup, il est donc plus simple et plus d\u00e9tendu de continuer \u00e0 ne parler qu'avec ceux que l'on conna\u00eet d\u00e9j\u00e0. Au moins, on sait \u00e0 quoi s'en tenir. Mais si l'on n'aborde pas parfois des inconnus lors de manifestations, on risque de vivre en dessous de ses possibilit\u00e9s. Qu'il s'agisse de sujets et d'opinions int\u00e9ressants manqu\u00e9s, ou peut-\u00eatre m\u00eame de contrats et d'amis.<\/p>\n<h3><strong>La peur du rejet<\/strong><\/h3>\n<p>Il est vrai que personne ne l'avoue \u00e0 l'ext\u00e9rieur, car que penseraient les amis ou les coll\u00e8gues si l'on disait : \"Je ne veux pas aller \u00e0 la manifestation. Je ne connais personne l\u00e0-bas. Et je ne veux aborder personne. J'ai simplement peur de d\u00e9ranger si je m'assieds ou me mets \u00e0 c\u00f4t\u00e9 de gens que je ne connais pas\". Les arguments, ou plut\u00f4t les excuses, tels que \"Je ne peux pas aller \u00e0 cette manifestation, je n'ai malheureusement pas le temps\" sont alors plut\u00f4t reconnus socialement.<\/p>\n<p>D'un point de vue purement factuel, on pourrait dire : \"Va donc faire un tour. Si tu abordes quelques personnes, tu auras certainement quelques conversations. Et si quelqu'un te rejette effectivement, tu iras simplement vers d'autres participants \u00e0 l'\u00e9v\u00e9nement\". Voil\u00e0 pour la logique. Et comme cela semble aussi plausible, la plupart des gens qui aimeraient bien r\u00e9seauter, mais qui ne savent pas comment s'y prendre, stressent ici.<\/p>\n<p>Soudain, des pens\u00e9es angoissantes, souvent tr\u00e8s (auto)destructrices, se bousculent dans la t\u00eate : \"Pourquoi suis-je trop stupide pour dire \u00e0 quelqu'un 'Bonjour, qu'est-ce qui vous am\u00e8ne \u00e0 cette manifestation?' ou 'Bonjour, je suis Max Mustermann. Nous ne nous connaissons pas encore. Comment as-tu eu connaissance de l'\u00e9v\u00e9nement ?\"<\/p>\n<h3><strong>Les fausses attentes sont trompeuses<\/strong><\/h3>\n<p>Celui qui attend ou exige de lui-m\u00eame qu'il rencontre des personnes int\u00e9ressantes ne peut qu'\u00e9chouer. Car on pense alors beaucoup trop et on juge : \"Mais de quoi il a l'air ? Je n'irai pas chez lui !\", \"Ils boivent de la bi\u00e8re si t\u00f4t ? \u00c7a ne peut pas \u00eatre des gens raisonnables !\" ou \"Oh, il se tient l\u00e0 tout seul, alors il ne peut pas \u00eatre important ! Ces jugements sont fatals - et tuent dans l'\u0153uf toute id\u00e9e de r\u00e9seau.<\/p>\n<p>Dans le r\u00e9seautage, il ne s'agit pas en premier lieu d'aborder \"seulement\" certaines personnes, mais en g\u00e9n\u00e9ral des personnes que l'on ne conna\u00eet pas encore - sans pr\u00e9jug\u00e9s. Apr\u00e8s tout, on ne doit pas passer toute la soir\u00e9e (ou le reste de sa vie) avec la personne que l'on vient d'aborder, mais changer d'interlocuteur. Et oui, parfois, il n'y a pas d'\u00e9tincelle - mais d'autres fois, c'est imm\u00e9diat. Mais c'est normal. Mais si vous cherchez d\u00e9sesp\u00e9r\u00e9ment des clients ou un nouveau partenaire par le biais du r\u00e9seautage et de l'approche, vous vous mettez beaucoup trop de pression. Vous avez certainement d\u00e9j\u00e0 fait cette exp\u00e9rience : les personnes qui veulent imm\u00e9diatement vous vendre quelque chose lors d'un \u00e9v\u00e9nement ont l'air tr\u00e8s d\u00e9sesp\u00e9r\u00e9es aux yeux des autres - et donc peu attrayantes.<\/p>\n<h3><strong>Comment engager la conversation ...<\/strong><\/h3>\n<p>Une mani\u00e8re assez d\u00e9contract\u00e9e de proc\u00e9der est de faire un rapide tour de la salle de r\u00e9union, puis de se pr\u00e9senter, par exemple \u00e0 une table haute o\u00f9 il y a encore un peu de place, en disant \"Bonjour, je m'appelle Max Mustermann. Puis-je me joindre \u00e0 vous ?\". En r\u00e8gle g\u00e9n\u00e9rale, les autres personnes pr\u00e9sentes \u00e0 la table sont en train de discuter, mais vous laissent volontiers entrer dans leur cercle. Il ne s'agit pas de faire la conversation \u00e0 toute la table, mais d'\u00e9couter d'abord. De quoi parle-t-on en ce moment ? Peut-on apporter une contribution ?<\/p>\n<p>Dans l'id\u00e9al, on ne se fait pas remarquer en tenant un long monologue, voire une conf\u00e9rence. Mais cela peut vite arriver si l'on a l'ambition d'enthousiasmer les personnes pr\u00e9sentes (\"Que pourraient penser les autres s'ils ne sentaient pas quelle personne g\u00e9niale vient de se joindre \u00e0 eux ?) Il est pr\u00e9f\u00e9rable de poser une bonne question sur le sujet qui vient d'\u00eatre abord\u00e9, afin de manifester son int\u00e9r\u00eat et, dans l'id\u00e9al, d'\u00e9largir son propre spectre de connaissances.<\/p>\n<p>C'est pr\u00e9cis\u00e9ment cela qui est tr\u00e8s important : poser des questions pour comprendre encore mieux les autres. Ne pas faire de monologues non sollicit\u00e9s. La sympathie s'installe rapidement lorsqu'on remarque qu'une autre personne s'int\u00e9resse vraiment et s\u00e9rieusement \u00e0 nos exp\u00e9riences et \u00e0 nos opinions.<\/p>\n<p>Si vous n'\u00eates pas du tout \u00e0 l'aise avec le sujet de la table, il vaut mieux ne rien demander ou dire de vous-m\u00eame, mais peut-\u00eatre intervenir quelques minutes plus tard, lorsque le sujet vous convient mieux ou est plus int\u00e9ressant. Ou, lorsque quelque chose est termin\u00e9, introduire un autre sujet, par exemple \"Et qu'avez-vous particuli\u00e8rement appr\u00e9ci\u00e9 dans l'expos\u00e9 de l'orateur invit\u00e9 sur sc\u00e8ne que nous avons entendu tout \u00e0 l'heure dans la salle ?\".<\/p>\n<h3><strong>Et quand est-ce que l'affaire arrive ?<\/strong><\/h3>\n<p>\"Alors, qu'est-ce que vous faites ?\" est une question tout \u00e0 fait courante lors du premier contact. Il faut toutefois trouver le juste milieu entre l'insistance et l'indiff\u00e9rence. Si l'un des interlocuteurs est trop en mode vente alors que l'autre n'est pas du tout en mode achat, cela devient vite g\u00eanant.<\/p>\n<p>Ce qui a fait ses preuves, c'est le passage \u00e0 un sujet commercial plus approfondi apr\u00e8s coup. On peut par exemple ajouter la personne via LinkedIn et l'appeler quelques jours apr\u00e8s avoir pris contact avec elle : \"Je suis content que nous ayons discut\u00e9 r\u00e9cemment \u00e0 Berlin lors d'un \u00e9v\u00e9nement. J'ai vu que vous faisiez A et B. Je me suis dit que j'allais prendre mon t\u00e9l\u00e9phone, car j'ai l\u00e0 un compl\u00e9ment pr\u00e9cieux. Pouvons-nous en parler bri\u00e8vement ?\"<\/p>\n<h3><strong>Le r\u00e9seautage \u00e0 la perfection<\/strong><\/h3>\n<p>Celui qui veut vraiment r\u00e9seauter ne va pas seulement discuter avec des inconnus pour finalement leur vendre quelque chose, mais pour les aider de mani\u00e8re inconditionnelle - donc sans arri\u00e8re-pens\u00e9e. En bref, on soutient la personne en lui donnant des contacts, des conseils ou des recommandations, si l'on a l'impression que ces suggestions lui seraient profitables. On renforce ainsi sa propre r\u00e9putation \u00e0 moyen terme, m\u00eame si chaque personne que l'on a aid\u00e9e ne rendra pas - et ne peut pas rendre - directement la pareille. En fin de compte, on devient dans tous les cas un interlocuteur encore plus attrayant, car le fait d'\u00eatre une personne qui voit des solutions et des moyens, qui a de nombreux contacts et qui soutient les autres sans pr\u00e9jug\u00e9s et sans attendre de contrepartie, se r\u00e9pand de plus en plus.<\/p>\n<h3><strong>Auteur :<\/strong><\/h3>\n<p><a href=\"https:\/\/oliver-schumacher.de\/\">Oliver Schumacher<\/a>Formateur en vente depuis 2009, professionnel des r\u00e9seaux et marque personnelle, il pose de mani\u00e8re sympathique et fond\u00e9e de nouveaux jalons dans le domaine du transfert de connaissances, de la culture d'apprentissage et du positionnement personnel. Sous la devise \"Sois vrai\", il montre comment chacun peut devenir le num\u00e9ro 1 - qu'il soit ind\u00e9pendant, cadre ou collaborateur. Pour lui, les moteurs de la croissance sont avant tout la curiosit\u00e9 et le courage, la discipline et la confiance (en soi).<\/p>","protected":false},"excerpt":{"rendered":"<p>La peur du rejet est le principal facteur de stress lorsqu'on s'adresse \u00e0 des inconnus. La pens\u00e9e \"Que pensent les autres ?\" est tellement ancr\u00e9e dans l'esprit de tr\u00e8s nombreuses personnes qu'elles n'osent pas aborder les autres. Pourtant, sans cette \u00e9tape, aucun r\u00e9seautage n'est possible.<\/p>","protected":false},"author":80,"featured_media":36801,"comment_status":"closed","ping_status":"closed","sticky":false,"template":"","format":"standard","meta":{"_acf_changed":false,"_yoast_wpseo_focuskw":"Netzwerken","_yoast_wpseo_metadesc":"Viele f\u00fcrchten sich vor Ablehnung beim Netzwerken. So l\u00e4sst sich die Angst \u00fcberwinden und erfolgreich neue Kontakte kn\u00fcpfen.","articlekey":"","footnotes":""},"categories":[579],"tags":[5169,709,3824,1824,2434],"class_list":["post-36800","post","type-post","status-publish","format-standard","has-post-thumbnail","hentry","category-human-resources","tag-ablehnung","tag-angst","tag-networking","tag-netzwerk","tag-veranstaltung"],"acf":[],"yoast_head":"<!-- This site is optimized with the Yoast SEO plugin v27.5 - https:\/\/yoast.com\/product\/yoast-seo-wordpress\/ -->\n<title>Netzwerken in Perfektion - Organisator<\/title>\n<meta name=\"description\" content=\"Viele f\u00fcrchten sich vor Ablehnung beim Netzwerken. So l\u00e4sst sich die Angst \u00fcberwinden und erfolgreich neue Kontakte kn\u00fcpfen.\" \/>\n<meta name=\"robots\" content=\"index, follow, max-snippet:-1, max-image-preview:large, max-video-preview:-1\" \/>\n<link rel=\"canonical\" href=\"https:\/\/www.organisator.ch\/fr\/ressources-humaines\/2025-03-12\/netzwerken-in-perfektion\/\" \/>\n<meta property=\"og:locale\" content=\"fr_FR\" \/>\n<meta property=\"og:type\" content=\"article\" \/>\n<meta property=\"og:title\" content=\"Netzwerken in Perfektion\" \/>\n<meta property=\"og:description\" content=\"Viele f\u00fcrchten sich vor Ablehnung beim Netzwerken. So l\u00e4sst sich die Angst \u00fcberwinden und erfolgreich neue Kontakte kn\u00fcpfen.\" \/>\n<meta property=\"og:url\" content=\"https:\/\/www.organisator.ch\/fr\/ressources-humaines\/2025-03-12\/netzwerken-in-perfektion\/\" \/>\n<meta property=\"og:site_name\" content=\"Organisator\" \/>\n<meta property=\"article:publisher\" content=\"https:\/\/www.facebook.com\/OrganisatorFachmagazin\" \/>\n<meta property=\"article:published_time\" content=\"2025-03-12T12:46:33+00:00\" \/>\n<meta property=\"og:image\" content=\"https:\/\/www.organisator.ch\/wp-content\/uploads\/2025\/03\/Netzwerken_Bild_ps.jpg\" \/>\n\t<meta property=\"og:image:width\" content=\"680\" \/>\n\t<meta property=\"og:image:height\" content=\"453\" \/>\n\t<meta property=\"og:image:type\" content=\"image\/jpeg\" \/>\n<meta name=\"author\" content=\"Dzana Muminovic\" \/>\n<meta name=\"twitter:card\" content=\"summary_large_image\" \/>\n<meta name=\"twitter:title\" content=\"Netzwerken in Perfektion\" \/>\n<meta name=\"twitter:description\" content=\"Viele f\u00fcrchten sich vor #Ablehnung beim #Netzwerken. So l\u00e4sst sich die #Angst \u00fcberwinden und erfolgreich neue #Kontakte kn\u00fcpfen.\" \/>\n<meta name=\"twitter:image\" content=\"https:\/\/www.organisator.ch\/wp-content\/uploads\/2025\/03\/Netzwerken_Bild_ps.jpg\" \/>\n<script type=\"application\/ld+json\" class=\"yoast-schema-graph\">{\"@context\":\"https:\\\/\\\/schema.org\",\"@graph\":[{\"@type\":\"Article\",\"@id\":\"https:\\\/\\\/www.organisator.ch\\\/human-resources\\\/2025-03-12\\\/netzwerken-in-perfektion\\\/#article\",\"isPartOf\":{\"@id\":\"https:\\\/\\\/www.organisator.ch\\\/human-resources\\\/2025-03-12\\\/netzwerken-in-perfektion\\\/\"},\"author\":{\"name\":\"Dzana Muminovic\",\"@id\":\"https:\\\/\\\/www.organisator.ch\\\/#\\\/schema\\\/person\\\/afccda3a71c06d4be2ed9100dd163db7\"},\"headline\":\"Netzwerken in Perfektion\",\"datePublished\":\"2025-03-12T12:46:33+00:00\",\"mainEntityOfPage\":{\"@id\":\"https:\\\/\\\/www.organisator.ch\\\/human-resources\\\/2025-03-12\\\/netzwerken-in-perfektion\\\/\"},\"wordCount\":1181,\"publisher\":{\"@id\":\"https:\\\/\\\/www.organisator.ch\\\/#organization\"},\"image\":{\"@id\":\"https:\\\/\\\/www.organisator.ch\\\/human-resources\\\/2025-03-12\\\/netzwerken-in-perfektion\\\/#primaryimage\"},\"thumbnailUrl\":\"https:\\\/\\\/www.organisator.ch\\\/wp-content\\\/uploads\\\/2025\\\/03\\\/Netzwerken_Bild_ps.jpg\",\"keywords\":[\"Ablehnung\",\"Angst\",\"Networking\",\"Netzwerk\",\"Veranstaltung\"],\"articleSection\":[\"HUMAN RESOURCES\"],\"inLanguage\":\"fr-FR\"},{\"@type\":\"WebPage\",\"@id\":\"https:\\\/\\\/www.organisator.ch\\\/human-resources\\\/2025-03-12\\\/netzwerken-in-perfektion\\\/\",\"url\":\"https:\\\/\\\/www.organisator.ch\\\/human-resources\\\/2025-03-12\\\/netzwerken-in-perfektion\\\/\",\"name\":\"Netzwerken in Perfektion - Organisator\",\"isPartOf\":{\"@id\":\"https:\\\/\\\/www.organisator.ch\\\/#website\"},\"primaryImageOfPage\":{\"@id\":\"https:\\\/\\\/www.organisator.ch\\\/human-resources\\\/2025-03-12\\\/netzwerken-in-perfektion\\\/#primaryimage\"},\"image\":{\"@id\":\"https:\\\/\\\/www.organisator.ch\\\/human-resources\\\/2025-03-12\\\/netzwerken-in-perfektion\\\/#primaryimage\"},\"thumbnailUrl\":\"https:\\\/\\\/www.organisator.ch\\\/wp-content\\\/uploads\\\/2025\\\/03\\\/Netzwerken_Bild_ps.jpg\",\"datePublished\":\"2025-03-12T12:46:33+00:00\",\"description\":\"Viele f\u00fcrchten sich vor Ablehnung beim Netzwerken. So l\u00e4sst sich die Angst \u00fcberwinden und erfolgreich neue Kontakte kn\u00fcpfen.\",\"breadcrumb\":{\"@id\":\"https:\\\/\\\/www.organisator.ch\\\/human-resources\\\/2025-03-12\\\/netzwerken-in-perfektion\\\/#breadcrumb\"},\"inLanguage\":\"fr-FR\",\"potentialAction\":[{\"@type\":\"ReadAction\",\"target\":[\"https:\\\/\\\/www.organisator.ch\\\/human-resources\\\/2025-03-12\\\/netzwerken-in-perfektion\\\/\"]}]},{\"@type\":\"ImageObject\",\"inLanguage\":\"fr-FR\",\"@id\":\"https:\\\/\\\/www.organisator.ch\\\/human-resources\\\/2025-03-12\\\/netzwerken-in-perfektion\\\/#primaryimage\",\"url\":\"https:\\\/\\\/www.organisator.ch\\\/wp-content\\\/uploads\\\/2025\\\/03\\\/Netzwerken_Bild_ps.jpg\",\"contentUrl\":\"https:\\\/\\\/www.organisator.ch\\\/wp-content\\\/uploads\\\/2025\\\/03\\\/Netzwerken_Bild_ps.jpg\",\"width\":680,\"height\":453,\"caption\":\"Viele f\u00fcrchten sich vor Ablehnung beim Netzwerken. So l\u00e4sst sich die Angst \u00fcberwinden und erfolgreich neue Kontakte kn\u00fcpfen. (Bild: Oliver Schumacher \\\/ Freepik)\"},{\"@type\":\"BreadcrumbList\",\"@id\":\"https:\\\/\\\/www.organisator.ch\\\/human-resources\\\/2025-03-12\\\/netzwerken-in-perfektion\\\/#breadcrumb\",\"itemListElement\":[{\"@type\":\"ListItem\",\"position\":1,\"name\":\"Home\",\"item\":\"https:\\\/\\\/www.organisator.ch\\\/\"},{\"@type\":\"ListItem\",\"position\":2,\"name\":\"Netzwerken in Perfektion\"}]},{\"@type\":\"WebSite\",\"@id\":\"https:\\\/\\\/www.organisator.ch\\\/#website\",\"url\":\"https:\\\/\\\/www.organisator.ch\\\/\",\"name\":\"Organisator\",\"description\":\"Kompetent. Praxisnah. Der ORGANISATOR bereitet in 10 Ausgaben pro Jahr die wesentlichen Themen f\u00fcr F\u00fchrungskr\u00e4fte von KMU auf.\",\"publisher\":{\"@id\":\"https:\\\/\\\/www.organisator.ch\\\/#organization\"},\"potentialAction\":[{\"@type\":\"SearchAction\",\"target\":{\"@type\":\"EntryPoint\",\"urlTemplate\":\"https:\\\/\\\/www.organisator.ch\\\/?s={search_term_string}\"},\"query-input\":{\"@type\":\"PropertyValueSpecification\",\"valueRequired\":true,\"valueName\":\"search_term_string\"}}],\"inLanguage\":\"fr-FR\"},{\"@type\":\"Organization\",\"@id\":\"https:\\\/\\\/www.organisator.ch\\\/#organization\",\"name\":\"Organisator\",\"url\":\"https:\\\/\\\/www.organisator.ch\\\/\",\"logo\":{\"@type\":\"ImageObject\",\"inLanguage\":\"fr-FR\",\"@id\":\"https:\\\/\\\/www.organisator.ch\\\/#\\\/schema\\\/logo\\\/image\\\/\",\"url\":\"https:\\\/\\\/www.organisator.ch\\\/wp-content\\\/uploads\\\/2022\\\/01\\\/Logo_Organisator_Website.png\",\"contentUrl\":\"https:\\\/\\\/www.organisator.ch\\\/wp-content\\\/uploads\\\/2022\\\/01\\\/Logo_Organisator_Website.png\",\"width\":800,\"height\":77,\"caption\":\"Organisator\"},\"image\":{\"@id\":\"https:\\\/\\\/www.organisator.ch\\\/#\\\/schema\\\/logo\\\/image\\\/\"},\"sameAs\":[\"https:\\\/\\\/www.facebook.com\\\/OrganisatorFachmagazin\",\"https:\\\/\\\/www.linkedin.com\\\/showcase\\\/organisator-das-magazin-fr-kmu\",\"https:\\\/\\\/www.xing.com\\\/news\\\/pages\\\/organisator-ch-695\",\"https:\\\/\\\/www.youtube.com\\\/channel\\\/UCGP2Sq0iWaZwT3BdIAQFYpw\"]},{\"@type\":\"Person\",\"@id\":\"https:\\\/\\\/www.organisator.ch\\\/#\\\/schema\\\/person\\\/afccda3a71c06d4be2ed9100dd163db7\",\"name\":\"Dzana Muminovic\",\"image\":{\"@type\":\"ImageObject\",\"inLanguage\":\"fr-FR\",\"@id\":\"https:\\\/\\\/secure.gravatar.com\\\/avatar\\\/909c5c71aff4b38e88686f2ab2f1ba152571f394f41ed8bae431ea56ced93050?s=96&d=mm&r=g\",\"url\":\"https:\\\/\\\/secure.gravatar.com\\\/avatar\\\/909c5c71aff4b38e88686f2ab2f1ba152571f394f41ed8bae431ea56ced93050?s=96&d=mm&r=g\",\"contentUrl\":\"https:\\\/\\\/secure.gravatar.com\\\/avatar\\\/909c5c71aff4b38e88686f2ab2f1ba152571f394f41ed8bae431ea56ced93050?s=96&d=mm&r=g\",\"caption\":\"Dzana Muminovic\"},\"url\":\"https:\\\/\\\/www.organisator.ch\\\/fr\\\/author\\\/dzana-muminovic\\\/\"}]}<\/script>\n<!-- \/ Yoast SEO plugin. -->","yoast_head_json":{"title":"Le r\u00e9seautage \u00e0 la perfection - Organisateur","description":"Nombreux sont ceux qui craignent d'\u00eatre rejet\u00e9s lors de la constitution d'un r\u00e9seau. Il est donc possible de surmonter cette peur et de nouer de nouveaux contacts avec succ\u00e8s.","robots":{"index":"index","follow":"follow","max-snippet":"max-snippet:-1","max-image-preview":"max-image-preview:large","max-video-preview":"max-video-preview:-1"},"canonical":"https:\/\/www.organisator.ch\/fr\/ressources-humaines\/2025-03-12\/netzwerken-in-perfektion\/","og_locale":"fr_FR","og_type":"article","og_title":"Netzwerken in Perfektion","og_description":"Viele f\u00fcrchten sich vor Ablehnung beim Netzwerken. So l\u00e4sst sich die Angst \u00fcberwinden und erfolgreich neue Kontakte kn\u00fcpfen.","og_url":"https:\/\/www.organisator.ch\/fr\/ressources-humaines\/2025-03-12\/netzwerken-in-perfektion\/","og_site_name":"Organisator","article_publisher":"https:\/\/www.facebook.com\/OrganisatorFachmagazin","article_published_time":"2025-03-12T12:46:33+00:00","og_image":[{"width":680,"height":453,"url":"https:\/\/www.organisator.ch\/wp-content\/uploads\/2025\/03\/Netzwerken_Bild_ps.jpg","type":"image\/jpeg"}],"author":"Dzana Muminovic","twitter_card":"summary_large_image","twitter_title":"Netzwerken in Perfektion","twitter_description":"Viele f\u00fcrchten sich vor #Ablehnung beim #Netzwerken. So l\u00e4sst sich die #Angst \u00fcberwinden und erfolgreich neue #Kontakte kn\u00fcpfen.","twitter_image":"https:\/\/www.organisator.ch\/wp-content\/uploads\/2025\/03\/Netzwerken_Bild_ps.jpg","schema":{"@context":"https:\/\/schema.org","@graph":[{"@type":"Article","@id":"https:\/\/www.organisator.ch\/human-resources\/2025-03-12\/netzwerken-in-perfektion\/#article","isPartOf":{"@id":"https:\/\/www.organisator.ch\/human-resources\/2025-03-12\/netzwerken-in-perfektion\/"},"author":{"name":"Dzana Muminovic","@id":"https:\/\/www.organisator.ch\/#\/schema\/person\/afccda3a71c06d4be2ed9100dd163db7"},"headline":"Netzwerken in Perfektion","datePublished":"2025-03-12T12:46:33+00:00","mainEntityOfPage":{"@id":"https:\/\/www.organisator.ch\/human-resources\/2025-03-12\/netzwerken-in-perfektion\/"},"wordCount":1181,"publisher":{"@id":"https:\/\/www.organisator.ch\/#organization"},"image":{"@id":"https:\/\/www.organisator.ch\/human-resources\/2025-03-12\/netzwerken-in-perfektion\/#primaryimage"},"thumbnailUrl":"https:\/\/www.organisator.ch\/wp-content\/uploads\/2025\/03\/Netzwerken_Bild_ps.jpg","keywords":["Ablehnung","Angst","Networking","Netzwerk","Veranstaltung"],"articleSection":["HUMAN RESOURCES"],"inLanguage":"fr-FR"},{"@type":"WebPage","@id":"https:\/\/www.organisator.ch\/human-resources\/2025-03-12\/netzwerken-in-perfektion\/","url":"https:\/\/www.organisator.ch\/human-resources\/2025-03-12\/netzwerken-in-perfektion\/","name":"Le r\u00e9seautage \u00e0 la perfection - Organisateur","isPartOf":{"@id":"https:\/\/www.organisator.ch\/#website"},"primaryImageOfPage":{"@id":"https:\/\/www.organisator.ch\/human-resources\/2025-03-12\/netzwerken-in-perfektion\/#primaryimage"},"image":{"@id":"https:\/\/www.organisator.ch\/human-resources\/2025-03-12\/netzwerken-in-perfektion\/#primaryimage"},"thumbnailUrl":"https:\/\/www.organisator.ch\/wp-content\/uploads\/2025\/03\/Netzwerken_Bild_ps.jpg","datePublished":"2025-03-12T12:46:33+00:00","description":"Nombreux sont ceux qui craignent d'\u00eatre rejet\u00e9s lors de la constitution d'un r\u00e9seau. Il est donc possible de surmonter cette peur et de nouer de nouveaux contacts avec succ\u00e8s.","breadcrumb":{"@id":"https:\/\/www.organisator.ch\/human-resources\/2025-03-12\/netzwerken-in-perfektion\/#breadcrumb"},"inLanguage":"fr-FR","potentialAction":[{"@type":"ReadAction","target":["https:\/\/www.organisator.ch\/human-resources\/2025-03-12\/netzwerken-in-perfektion\/"]}]},{"@type":"ImageObject","inLanguage":"fr-FR","@id":"https:\/\/www.organisator.ch\/human-resources\/2025-03-12\/netzwerken-in-perfektion\/#primaryimage","url":"https:\/\/www.organisator.ch\/wp-content\/uploads\/2025\/03\/Netzwerken_Bild_ps.jpg","contentUrl":"https:\/\/www.organisator.ch\/wp-content\/uploads\/2025\/03\/Netzwerken_Bild_ps.jpg","width":680,"height":453,"caption":"Viele f\u00fcrchten sich vor Ablehnung beim Netzwerken. So l\u00e4sst sich die Angst \u00fcberwinden und erfolgreich neue Kontakte kn\u00fcpfen. (Bild: Oliver Schumacher \/ Freepik)"},{"@type":"BreadcrumbList","@id":"https:\/\/www.organisator.ch\/human-resources\/2025-03-12\/netzwerken-in-perfektion\/#breadcrumb","itemListElement":[{"@type":"ListItem","position":1,"name":"Home","item":"https:\/\/www.organisator.ch\/"},{"@type":"ListItem","position":2,"name":"Netzwerken in Perfektion"}]},{"@type":"WebSite","@id":"https:\/\/www.organisator.ch\/#website","url":"https:\/\/www.organisator.ch\/","name":"Organisateur","description":"Comp\u00e9tence et comp\u00e9tence. Proches de la pratique. L'ORGANISATEUR pr\u00e9pare 10 num\u00e9ros par an sur les th\u00e8mes essentiels pour les dirigeants de PME.","publisher":{"@id":"https:\/\/www.organisator.ch\/#organization"},"potentialAction":[{"@type":"SearchAction","target":{"@type":"EntryPoint","urlTemplate":"https:\/\/www.organisator.ch\/?s={search_term_string}"},"query-input":{"@type":"PropertyValueSpecification","valueRequired":true,"valueName":"search_term_string"}}],"inLanguage":"fr-FR"},{"@type":"Organization","@id":"https:\/\/www.organisator.ch\/#organization","name":"Organisateur","url":"https:\/\/www.organisator.ch\/","logo":{"@type":"ImageObject","inLanguage":"fr-FR","@id":"https:\/\/www.organisator.ch\/#\/schema\/logo\/image\/","url":"https:\/\/www.organisator.ch\/wp-content\/uploads\/2022\/01\/Logo_Organisator_Website.png","contentUrl":"https:\/\/www.organisator.ch\/wp-content\/uploads\/2022\/01\/Logo_Organisator_Website.png","width":800,"height":77,"caption":"Organisator"},"image":{"@id":"https:\/\/www.organisator.ch\/#\/schema\/logo\/image\/"},"sameAs":["https:\/\/www.facebook.com\/OrganisatorFachmagazin","https:\/\/www.linkedin.com\/showcase\/organisator-das-magazin-fr-kmu","https:\/\/www.xing.com\/news\/pages\/organisator-ch-695","https:\/\/www.youtube.com\/channel\/UCGP2Sq0iWaZwT3BdIAQFYpw"]},{"@type":"Person","@id":"https:\/\/www.organisator.ch\/#\/schema\/person\/afccda3a71c06d4be2ed9100dd163db7","name":"Dzana Muminovic","image":{"@type":"ImageObject","inLanguage":"fr-FR","@id":"https:\/\/secure.gravatar.com\/avatar\/909c5c71aff4b38e88686f2ab2f1ba152571f394f41ed8bae431ea56ced93050?s=96&d=mm&r=g","url":"https:\/\/secure.gravatar.com\/avatar\/909c5c71aff4b38e88686f2ab2f1ba152571f394f41ed8bae431ea56ced93050?s=96&d=mm&r=g","contentUrl":"https:\/\/secure.gravatar.com\/avatar\/909c5c71aff4b38e88686f2ab2f1ba152571f394f41ed8bae431ea56ced93050?s=96&d=mm&r=g","caption":"Dzana Muminovic"},"url":"https:\/\/www.organisator.ch\/fr\/author\/dzana-muminovic\/"}]}},"_links":{"self":[{"href":"https:\/\/www.organisator.ch\/fr\/wp-json\/wp\/v2\/posts\/36800","targetHints":{"allow":["GET"]}}],"collection":[{"href":"https:\/\/www.organisator.ch\/fr\/wp-json\/wp\/v2\/posts"}],"about":[{"href":"https:\/\/www.organisator.ch\/fr\/wp-json\/wp\/v2\/types\/post"}],"author":[{"embeddable":true,"href":"https:\/\/www.organisator.ch\/fr\/wp-json\/wp\/v2\/users\/80"}],"replies":[{"embeddable":true,"href":"https:\/\/www.organisator.ch\/fr\/wp-json\/wp\/v2\/comments?post=36800"}],"version-history":[{"count":4,"href":"https:\/\/www.organisator.ch\/fr\/wp-json\/wp\/v2\/posts\/36800\/revisions"}],"predecessor-version":[{"id":36880,"href":"https:\/\/www.organisator.ch\/fr\/wp-json\/wp\/v2\/posts\/36800\/revisions\/36880"}],"wp:featuredmedia":[{"embeddable":true,"href":"https:\/\/www.organisator.ch\/fr\/wp-json\/wp\/v2\/media\/36801"}],"wp:attachment":[{"href":"https:\/\/www.organisator.ch\/fr\/wp-json\/wp\/v2\/media?parent=36800"}],"wp:term":[{"taxonomy":"category","embeddable":true,"href":"https:\/\/www.organisator.ch\/fr\/wp-json\/wp\/v2\/categories?post=36800"},{"taxonomy":"post_tag","embeddable":true,"href":"https:\/\/www.organisator.ch\/fr\/wp-json\/wp\/v2\/tags?post=36800"}],"curies":[{"name":"wp","href":"https:\/\/api.w.org\/{rel}","templated":true}]}}