{"id":36854,"date":"2025-03-13T10:22:32","date_gmt":"2025-03-13T09:22:32","guid":{"rendered":"https:\/\/www.organisator.ch\/?p=36854"},"modified":"2025-03-13T10:22:32","modified_gmt":"2025-03-13T09:22:32","slug":"25-jahre-bildung-am-institut-fuer-facility-management","status":"publish","type":"post","link":"https:\/\/www.organisator.ch\/fr\/weiterbildung\/2025-03-13\/25-jahre-bildung-am-institut-fuer-facility-management\/","title":{"rendered":"25 ans de formation \u00e0 l'Institut de Facility Management"},"content":{"rendered":"<figure id=\"attachment_36855\" aria-describedby=\"caption-attachment-36855\" style=\"width: 680px\" class=\"wp-caption alignnone\"><img loading=\"lazy\" decoding=\"async\" class=\"wp-image-36855 size-full\" src=\"https:\/\/www.organisator.ch\/wp-content\/uploads\/2025\/03\/ZHAW_Bild1_ps.jpg\" alt=\"\" width=\"680\" height=\"453\" srcset=\"https:\/\/www.organisator.ch\/wp-content\/uploads\/2025\/03\/ZHAW_Bild1_ps.jpg 680w, https:\/\/www.organisator.ch\/wp-content\/uploads\/2025\/03\/ZHAW_Bild1_ps-18x12.jpg 18w, https:\/\/www.organisator.ch\/wp-content\/uploads\/2025\/03\/ZHAW_Bild1_ps-375x250.jpg 375w, https:\/\/www.organisator.ch\/wp-content\/uploads\/2025\/03\/ZHAW_Bild1_ps-525x350.jpg 525w\" sizes=\"auto, (max-width: 680px) 100vw, 680px\" \/><figcaption id=\"caption-attachment-36855\" class=\"wp-caption-text\">25 ans de formation \u00e0 l'IFM : sur le podium, Lukas Windlinger, Matthias Ruoss, Barbara Keller Foletti, Alexa M\u00fcller et Thomas Wehrm\u00fcller ont r\u00e9pondu aux questions d'Irene Arnold et Michael Kauer (de g. \u00e0 dr.). (Image : ZHAW \/ Photo Tevy)<\/figcaption><\/figure>\n<p>En tant que centre de comp\u00e9tence suisse en mati\u00e8re de gestion immobili\u00e8re et de facility management, l'Institut de Facility Management (IFM) de la ZHAW organise chaque ann\u00e9e une journ\u00e9e de rencontre pour les professionnels de la recherche et de la pratique. L'\u00e9dition 2025, qui s'est d\u00e9roul\u00e9e le 7 mars, \u00e9tait tr\u00e8s particuli\u00e8re puisqu'elle a permis de f\u00eater les 25 ans de formation \u00e0 l'IFM. Dans son allocution de bienvenue, Michael Kauer, codirecteur de l'institut, a mentionn\u00e9 les quelque 1500 dipl\u00f4m\u00e9s qui ont pu achever avec succ\u00e8s une formation initiale ou continue depuis l'an 2000, et pourquoi il y en aura et devra y en avoir encore beaucoup plus : \"L'IA ne peut pas remplacer la collaboration avec et pour les personnes\". Isabelle Wrase, codirectrice de l'institut, a parl\u00e9 de la vision \u00e0 l'horizon 2029 pour faire de l'IFM une institution de formation et de recherche de premier plan dans le domaine du Real Estate, Workplace, Facility et Hospitality Management : \"Nous ne voulons pas seulement transmettre des connaissances, mais aussi participer \u00e0 leur \u00e9laboration\".<\/p>\n<p><strong>Jalons et personnalit\u00e9s de l'\u00e9ducation \u00e0 l'IFM<\/strong><\/p>\n<p>Le premier point du programme \u00e9tait consacr\u00e9 au jubil\u00e9. Dans sa r\u00e9trospective, Irene Arnold, responsable de la fili\u00e8re Bachelor Facility Management, a \u00e9voqu\u00e9 l'\u00e9tape importante qui vient d'\u00eatre f\u00eat\u00e9e. En 2000, une demande a \u00e9t\u00e9 d\u00e9pos\u00e9e aupr\u00e8s du Conseil f\u00e9d\u00e9ral pour que la fili\u00e8re soit rebaptis\u00e9e \"Facility Management\". Lors de la r\u00e9trospective, ce sont surtout des personnes qui ont pris la parole. Thomas Wehrm\u00fcller, qui a cofond\u00e9 l'institut, a \u00e9voqu\u00e9 la r\u00e9sistance jusqu'\u00e0 la reconnaissance en tant qu'\u00e9tudes sup\u00e9rieures, car on doutait du caract\u00e8re scientifique de cette discipline.<\/p>\n<p>Barbara Keller Foletti, ancienne responsable de la formation continue, a mis l'accent sur les comp\u00e9tences de direction qui ont toujours \u00e9t\u00e9 transmises de mani\u00e8re centrale dans la formation continue. Alexa M\u00fcller, dipl\u00f4m\u00e9e du bachelor, a parl\u00e9 de la polyvalence des \u00e9tudes qu'elle peut aujourd'hui utiliser dans sa profession en tant que directrice de plusieurs centres commerciaux. Lukas Windlinger, enseignant \u00e0 l'IFM depuis 2002, a \u00e9voqu\u00e9 les changements intervenus dans l'enseignement, tant au niveau de la technique - du papier et du r\u00e9troprojecteur \u00e0 l'IA - que de l'apprentissage lui-m\u00eame. Aujourd'hui, la responsabilit\u00e9 personnelle est tr\u00e8s importante. Le dipl\u00f4m\u00e9 Matthias Ruoss a soulign\u00e9 l'importance du r\u00e9seau qu'il a pu construire pendant ses \u00e9tudes et dont il profite aujourd'hui.<\/p>\n<figure id=\"attachment_36856\" aria-describedby=\"caption-attachment-36856\" style=\"width: 680px\" class=\"wp-caption alignnone\"><img loading=\"lazy\" decoding=\"async\" class=\"size-full wp-image-36856\" src=\"https:\/\/www.organisator.ch\/wp-content\/uploads\/2025\/03\/ZHAW_Bild2_ps.jpg\" alt=\"\" width=\"680\" height=\"453\" srcset=\"https:\/\/www.organisator.ch\/wp-content\/uploads\/2025\/03\/ZHAW_Bild2_ps.jpg 680w, https:\/\/www.organisator.ch\/wp-content\/uploads\/2025\/03\/ZHAW_Bild2_ps-18x12.jpg 18w, https:\/\/www.organisator.ch\/wp-content\/uploads\/2025\/03\/ZHAW_Bild2_ps-375x250.jpg 375w, https:\/\/www.organisator.ch\/wp-content\/uploads\/2025\/03\/ZHAW_Bild2_ps-525x350.jpg 525w\" sizes=\"auto, (max-width: 680px) 100vw, 680px\" \/><figcaption id=\"caption-attachment-36856\" class=\"wp-caption-text\">Avec une bonne centaine de participants, l'IFM Day 2025 a de nouveau \u00e9t\u00e9 bien fr\u00e9quent\u00e9. (Image : ZHAW \/ Photo Tevy)<\/figcaption><\/figure>\n<p><strong>G\u00e9rer les futurs souhaitables<\/strong><\/p>\n<p>L'oratrice principale, la futurologue Senem Wicki, a parl\u00e9 de la gestion de l'avenir et a emmen\u00e9 le public dans un voyage dans le temps. Nombreux sont ceux qui g\u00e8rent l'avenir - autrefois plut\u00f4t des oracles, aujourd'hui plut\u00f4t la Silicon Valley -, mais en fait, penser \u00e0 l'avenir est une chose quotidienne, car il suffit de faire ses courses pour le faire. Dans une exp\u00e9rience de pens\u00e9e, Senem Wicki a permis au public de passer une matin\u00e9e en 2035 et a expliqu\u00e9 pourquoi il n'\u00e9tait pas si facile de se l'imaginer. Gr\u00e2ce aux d\u00e9veloppements exponentiels, l'avenir s'\u00e9largit. Mais cela suscite aussi des craintes, ce qui a tendance \u00e0 r\u00e9tr\u00e9cir la focalisation. Il en r\u00e9sulte un d\u00e9ficit d'imagination : Beaucoup de choses seraient possibles, mais nous ne les voyons pas. Senem Wicki a plaid\u00e9 en faveur d'un \u00e9largissement de l'espace d'anticipation et d'une focalisation sur les valeurs qui nous tiennent \u00e0 c\u0153ur. C'est ainsi que l'on peut travailler \u00e0 cet avenir souhaitable.<\/p>\n<p><strong>Exigences envers les futurs dipl\u00f4m\u00e9s<\/strong><\/p>\n<p>Apr\u00e8s la pause caf\u00e9, trois ateliers ont \u00e9t\u00e9 consacr\u00e9s \u00e0 la formation du futur dans le Facility Management. Dans l'atelier \"Apprentissage\", deux th\u00e8mes se sont cristallis\u00e9s. D'une part, la structure modulaire et flexible des \u00e9tudes, d'autre part, le r\u00f4le du campus. \u00c9tudier sur place n'a de sens que si l'on peut et veut utiliser le campus comme un campus. L'atelier \"Tendances\" s'est concentr\u00e9 sur les processus, leur standardisation et leur optimisation. Ce n'est qu'ainsi que l'analyse des donn\u00e9es est r\u00e9alisable. En outre, la discussion a port\u00e9 sur la contribution des jeunes \u00e0 la construction de l'avenir. L'atelier \"Skills\" a pos\u00e9 la question de savoir ce que les dipl\u00f4m\u00e9(e)s devront savoir faire en 2030. Concevoir des mondes de services est une comp\u00e9tence importante. Et comme il y aura beaucoup de changements, il faut pouvoir emmener les gens dans ce voyage.<\/p>\n<p><em>Source : <a href=\"https:\/\/www.zhaw.ch\/de\/hochschule\">www.zhaw.ch<\/a><\/em><\/p>","protected":false},"excerpt":{"rendered":"<p>Qu'avons-nous appris ? \u00c0 quoi doit ressembler la formation du futur ? Lors de l'IFM Day 2025 organis\u00e9 par l'Institut de Facility Management de la ZHAW sur le th\u00e8me \"25 ans de formation \u00e0 l'IFM - une comp\u00e9tence qui fa\u00e7onne l'avenir !\", une centaine de sp\u00e9cialistes ont discut\u00e9 de la formation et de la formation continue dans le domaine du Facility Management.<\/p>","protected":false},"author":80,"featured_media":36855,"comment_status":"closed","ping_status":"closed","sticky":false,"template":"","format":"standard","meta":{"_acf_changed":false,"_yoast_wpseo_focuskw":"Facility Management","_yoast_wpseo_metadesc":"IFM Day 2025: Experten diskutieren \u00fcber die Zukunft der Bildung im Facility Management und die Anforderungen an k\u00fcnftige Fachkr\u00e4fte.","articlekey":"","footnotes":""},"categories":[30],"tags":[814,195,5181,2600,3199],"class_list":["post-36854","post","type-post","status-publish","format-standard","has-post-thumbnail","hentry","category-weiterbildung","tag-bildung","tag-facility-management","tag-ifm","tag-zhaw","tag-zukunft"],"acf":[],"yoast_head":"<!-- This site is optimized with the Yoast SEO plugin v27.5 - https:\/\/yoast.com\/product\/yoast-seo-wordpress\/ -->\n<title>25 Jahre Bildung am Institut f\u00fcr Facility Management - Organisator<\/title>\n<meta name=\"description\" content=\"IFM Day 2025: Experten diskutieren \u00fcber die Zukunft der Bildung im Facility Management und die Anforderungen an k\u00fcnftige Fachkr\u00e4fte.\" \/>\n<meta name=\"robots\" content=\"index, follow, max-snippet:-1, max-image-preview:large, max-video-preview:-1\" \/>\n<link rel=\"canonical\" href=\"https:\/\/www.organisator.ch\/fr\/formation-continue-2\/2025-03-13\/25-jahre-bildung-am-institut-fuer-facility-management\/\" \/>\n<meta property=\"og:locale\" content=\"fr_FR\" \/>\n<meta property=\"og:type\" content=\"article\" \/>\n<meta property=\"og:title\" content=\"25 Jahre Bildung am Institut f\u00fcr Facility Management\" \/>\n<meta property=\"og:description\" content=\"IFM Day 2025: Experten diskutieren \u00fcber die Zukunft der Bildung im Facility Management und die Anforderungen an k\u00fcnftige Fachkr\u00e4fte.\" \/>\n<meta property=\"og:url\" content=\"https:\/\/www.organisator.ch\/fr\/formation-continue-2\/2025-03-13\/25-jahre-bildung-am-institut-fuer-facility-management\/\" \/>\n<meta property=\"og:site_name\" content=\"Organisator\" \/>\n<meta property=\"article:publisher\" content=\"https:\/\/www.facebook.com\/OrganisatorFachmagazin\" \/>\n<meta property=\"article:published_time\" content=\"2025-03-13T09:22:32+00:00\" \/>\n<meta property=\"og:image\" content=\"https:\/\/www.organisator.ch\/wp-content\/uploads\/2025\/03\/ZHAW_Bild1_ps.jpg\" \/>\n\t<meta property=\"og:image:width\" content=\"680\" \/>\n\t<meta property=\"og:image:height\" content=\"453\" \/>\n\t<meta property=\"og:image:type\" content=\"image\/jpeg\" \/>\n<meta name=\"author\" content=\"Dzana Muminovic\" \/>\n<meta name=\"twitter:card\" content=\"summary_large_image\" \/>\n<meta name=\"twitter:title\" content=\"25 Jahre Bildung am Institut f\u00fcr Facility Management\" \/>\n<meta name=\"twitter:description\" content=\"IFM Day 2025: Experten diskutieren \u00fcber die Zukunft der Bildung im Facility Management und die Anforderungen an k\u00fcnftige Fachkr\u00e4fte.\" \/>\n<meta name=\"twitter:image\" content=\"https:\/\/www.organisator.ch\/wp-content\/uploads\/2025\/03\/ZHAW_Bild1_ps.jpg\" \/>\n<script type=\"application\/ld+json\" class=\"yoast-schema-graph\">{\"@context\":\"https:\\\/\\\/schema.org\",\"@graph\":[{\"@type\":\"Article\",\"@id\":\"https:\\\/\\\/www.organisator.ch\\\/weiterbildung\\\/2025-03-13\\\/25-jahre-bildung-am-institut-fuer-facility-management\\\/#article\",\"isPartOf\":{\"@id\":\"https:\\\/\\\/www.organisator.ch\\\/weiterbildung\\\/2025-03-13\\\/25-jahre-bildung-am-institut-fuer-facility-management\\\/\"},\"author\":{\"name\":\"Dzana Muminovic\",\"@id\":\"https:\\\/\\\/www.organisator.ch\\\/#\\\/schema\\\/person\\\/afccda3a71c06d4be2ed9100dd163db7\"},\"headline\":\"25 Jahre Bildung am Institut f\u00fcr Facility Management\",\"datePublished\":\"2025-03-13T09:22:32+00:00\",\"mainEntityOfPage\":{\"@id\":\"https:\\\/\\\/www.organisator.ch\\\/weiterbildung\\\/2025-03-13\\\/25-jahre-bildung-am-institut-fuer-facility-management\\\/\"},\"wordCount\":684,\"publisher\":{\"@id\":\"https:\\\/\\\/www.organisator.ch\\\/#organization\"},\"image\":{\"@id\":\"https:\\\/\\\/www.organisator.ch\\\/weiterbildung\\\/2025-03-13\\\/25-jahre-bildung-am-institut-fuer-facility-management\\\/#primaryimage\"},\"thumbnailUrl\":\"https:\\\/\\\/www.organisator.ch\\\/wp-content\\\/uploads\\\/2025\\\/03\\\/ZHAW_Bild1_ps.jpg\",\"keywords\":[\"Bildung\",\"Facility Management\",\"IFM\",\"ZHAW\",\"Zukunft\"],\"articleSection\":[\"WEITERBILDUNG\"],\"inLanguage\":\"fr-FR\"},{\"@type\":\"WebPage\",\"@id\":\"https:\\\/\\\/www.organisator.ch\\\/weiterbildung\\\/2025-03-13\\\/25-jahre-bildung-am-institut-fuer-facility-management\\\/\",\"url\":\"https:\\\/\\\/www.organisator.ch\\\/weiterbildung\\\/2025-03-13\\\/25-jahre-bildung-am-institut-fuer-facility-management\\\/\",\"name\":\"25 Jahre Bildung am Institut f\u00fcr Facility Management - Organisator\",\"isPartOf\":{\"@id\":\"https:\\\/\\\/www.organisator.ch\\\/#website\"},\"primaryImageOfPage\":{\"@id\":\"https:\\\/\\\/www.organisator.ch\\\/weiterbildung\\\/2025-03-13\\\/25-jahre-bildung-am-institut-fuer-facility-management\\\/#primaryimage\"},\"image\":{\"@id\":\"https:\\\/\\\/www.organisator.ch\\\/weiterbildung\\\/2025-03-13\\\/25-jahre-bildung-am-institut-fuer-facility-management\\\/#primaryimage\"},\"thumbnailUrl\":\"https:\\\/\\\/www.organisator.ch\\\/wp-content\\\/uploads\\\/2025\\\/03\\\/ZHAW_Bild1_ps.jpg\",\"datePublished\":\"2025-03-13T09:22:32+00:00\",\"description\":\"IFM Day 2025: Experten diskutieren \u00fcber die Zukunft der Bildung im Facility Management und die Anforderungen an k\u00fcnftige Fachkr\u00e4fte.\",\"breadcrumb\":{\"@id\":\"https:\\\/\\\/www.organisator.ch\\\/weiterbildung\\\/2025-03-13\\\/25-jahre-bildung-am-institut-fuer-facility-management\\\/#breadcrumb\"},\"inLanguage\":\"fr-FR\",\"potentialAction\":[{\"@type\":\"ReadAction\",\"target\":[\"https:\\\/\\\/www.organisator.ch\\\/weiterbildung\\\/2025-03-13\\\/25-jahre-bildung-am-institut-fuer-facility-management\\\/\"]}]},{\"@type\":\"ImageObject\",\"inLanguage\":\"fr-FR\",\"@id\":\"https:\\\/\\\/www.organisator.ch\\\/weiterbildung\\\/2025-03-13\\\/25-jahre-bildung-am-institut-fuer-facility-management\\\/#primaryimage\",\"url\":\"https:\\\/\\\/www.organisator.ch\\\/wp-content\\\/uploads\\\/2025\\\/03\\\/ZHAW_Bild1_ps.jpg\",\"contentUrl\":\"https:\\\/\\\/www.organisator.ch\\\/wp-content\\\/uploads\\\/2025\\\/03\\\/ZHAW_Bild1_ps.jpg\",\"width\":680,\"height\":453,\"caption\":\"25 Jahre Bildung am IFM: Auf dem Podium stellten sich Lukas Windlinger, Matthias Ruoss, Barbara Keller Foletti, Alexa M\u00fcller und Thomas Wehrm\u00fcller den Fragen von Irene Arnold und Michael Kauer (v.l.n.r.). (Bild: ZHAW \\\/ Foto Tevy)\"},{\"@type\":\"BreadcrumbList\",\"@id\":\"https:\\\/\\\/www.organisator.ch\\\/weiterbildung\\\/2025-03-13\\\/25-jahre-bildung-am-institut-fuer-facility-management\\\/#breadcrumb\",\"itemListElement\":[{\"@type\":\"ListItem\",\"position\":1,\"name\":\"Home\",\"item\":\"https:\\\/\\\/www.organisator.ch\\\/\"},{\"@type\":\"ListItem\",\"position\":2,\"name\":\"25 Jahre Bildung am Institut f\u00fcr Facility Management\"}]},{\"@type\":\"WebSite\",\"@id\":\"https:\\\/\\\/www.organisator.ch\\\/#website\",\"url\":\"https:\\\/\\\/www.organisator.ch\\\/\",\"name\":\"Organisator\",\"description\":\"Kompetent. Praxisnah. Der ORGANISATOR bereitet in 10 Ausgaben pro Jahr die wesentlichen Themen f\u00fcr F\u00fchrungskr\u00e4fte von KMU auf.\",\"publisher\":{\"@id\":\"https:\\\/\\\/www.organisator.ch\\\/#organization\"},\"potentialAction\":[{\"@type\":\"SearchAction\",\"target\":{\"@type\":\"EntryPoint\",\"urlTemplate\":\"https:\\\/\\\/www.organisator.ch\\\/?s={search_term_string}\"},\"query-input\":{\"@type\":\"PropertyValueSpecification\",\"valueRequired\":true,\"valueName\":\"search_term_string\"}}],\"inLanguage\":\"fr-FR\"},{\"@type\":\"Organization\",\"@id\":\"https:\\\/\\\/www.organisator.ch\\\/#organization\",\"name\":\"Organisator\",\"url\":\"https:\\\/\\\/www.organisator.ch\\\/\",\"logo\":{\"@type\":\"ImageObject\",\"inLanguage\":\"fr-FR\",\"@id\":\"https:\\\/\\\/www.organisator.ch\\\/#\\\/schema\\\/logo\\\/image\\\/\",\"url\":\"https:\\\/\\\/www.organisator.ch\\\/wp-content\\\/uploads\\\/2022\\\/01\\\/Logo_Organisator_Website.png\",\"contentUrl\":\"https:\\\/\\\/www.organisator.ch\\\/wp-content\\\/uploads\\\/2022\\\/01\\\/Logo_Organisator_Website.png\",\"width\":800,\"height\":77,\"caption\":\"Organisator\"},\"image\":{\"@id\":\"https:\\\/\\\/www.organisator.ch\\\/#\\\/schema\\\/logo\\\/image\\\/\"},\"sameAs\":[\"https:\\\/\\\/www.facebook.com\\\/OrganisatorFachmagazin\",\"https:\\\/\\\/www.linkedin.com\\\/showcase\\\/organisator-das-magazin-fr-kmu\",\"https:\\\/\\\/www.xing.com\\\/news\\\/pages\\\/organisator-ch-695\",\"https:\\\/\\\/www.youtube.com\\\/channel\\\/UCGP2Sq0iWaZwT3BdIAQFYpw\"]},{\"@type\":\"Person\",\"@id\":\"https:\\\/\\\/www.organisator.ch\\\/#\\\/schema\\\/person\\\/afccda3a71c06d4be2ed9100dd163db7\",\"name\":\"Dzana Muminovic\",\"image\":{\"@type\":\"ImageObject\",\"inLanguage\":\"fr-FR\",\"@id\":\"https:\\\/\\\/secure.gravatar.com\\\/avatar\\\/909c5c71aff4b38e88686f2ab2f1ba152571f394f41ed8bae431ea56ced93050?s=96&d=mm&r=g\",\"url\":\"https:\\\/\\\/secure.gravatar.com\\\/avatar\\\/909c5c71aff4b38e88686f2ab2f1ba152571f394f41ed8bae431ea56ced93050?s=96&d=mm&r=g\",\"contentUrl\":\"https:\\\/\\\/secure.gravatar.com\\\/avatar\\\/909c5c71aff4b38e88686f2ab2f1ba152571f394f41ed8bae431ea56ced93050?s=96&d=mm&r=g\",\"caption\":\"Dzana Muminovic\"},\"url\":\"https:\\\/\\\/www.organisator.ch\\\/fr\\\/author\\\/dzana-muminovic\\\/\"}]}<\/script>\n<!-- \/ Yoast SEO plugin. -->","yoast_head_json":{"title":"25 ans de formation \u00e0 l'Institut de Facility Management - Organisateur","description":"IFM Day 2025 : des experts discutent de l'avenir de la formation dans le Facility Management et des exigences pos\u00e9es aux futurs professionnels.","robots":{"index":"index","follow":"follow","max-snippet":"max-snippet:-1","max-image-preview":"max-image-preview:large","max-video-preview":"max-video-preview:-1"},"canonical":"https:\/\/www.organisator.ch\/fr\/formation-continue-2\/2025-03-13\/25-jahre-bildung-am-institut-fuer-facility-management\/","og_locale":"fr_FR","og_type":"article","og_title":"25 Jahre Bildung am Institut f\u00fcr Facility Management","og_description":"IFM Day 2025: Experten diskutieren \u00fcber die Zukunft der Bildung im Facility Management und die Anforderungen an k\u00fcnftige Fachkr\u00e4fte.","og_url":"https:\/\/www.organisator.ch\/fr\/formation-continue-2\/2025-03-13\/25-jahre-bildung-am-institut-fuer-facility-management\/","og_site_name":"Organisator","article_publisher":"https:\/\/www.facebook.com\/OrganisatorFachmagazin","article_published_time":"2025-03-13T09:22:32+00:00","og_image":[{"width":680,"height":453,"url":"https:\/\/www.organisator.ch\/wp-content\/uploads\/2025\/03\/ZHAW_Bild1_ps.jpg","type":"image\/jpeg"}],"author":"Dzana Muminovic","twitter_card":"summary_large_image","twitter_title":"25 Jahre Bildung am Institut f\u00fcr Facility Management","twitter_description":"IFM Day 2025: Experten diskutieren \u00fcber die Zukunft der Bildung im Facility Management und die Anforderungen an k\u00fcnftige Fachkr\u00e4fte.","twitter_image":"https:\/\/www.organisator.ch\/wp-content\/uploads\/2025\/03\/ZHAW_Bild1_ps.jpg","schema":{"@context":"https:\/\/schema.org","@graph":[{"@type":"Article","@id":"https:\/\/www.organisator.ch\/weiterbildung\/2025-03-13\/25-jahre-bildung-am-institut-fuer-facility-management\/#article","isPartOf":{"@id":"https:\/\/www.organisator.ch\/weiterbildung\/2025-03-13\/25-jahre-bildung-am-institut-fuer-facility-management\/"},"author":{"name":"Dzana Muminovic","@id":"https:\/\/www.organisator.ch\/#\/schema\/person\/afccda3a71c06d4be2ed9100dd163db7"},"headline":"25 Jahre Bildung am Institut f\u00fcr Facility Management","datePublished":"2025-03-13T09:22:32+00:00","mainEntityOfPage":{"@id":"https:\/\/www.organisator.ch\/weiterbildung\/2025-03-13\/25-jahre-bildung-am-institut-fuer-facility-management\/"},"wordCount":684,"publisher":{"@id":"https:\/\/www.organisator.ch\/#organization"},"image":{"@id":"https:\/\/www.organisator.ch\/weiterbildung\/2025-03-13\/25-jahre-bildung-am-institut-fuer-facility-management\/#primaryimage"},"thumbnailUrl":"https:\/\/www.organisator.ch\/wp-content\/uploads\/2025\/03\/ZHAW_Bild1_ps.jpg","keywords":["Bildung","Facility Management","IFM","ZHAW","Zukunft"],"articleSection":["WEITERBILDUNG"],"inLanguage":"fr-FR"},{"@type":"WebPage","@id":"https:\/\/www.organisator.ch\/weiterbildung\/2025-03-13\/25-jahre-bildung-am-institut-fuer-facility-management\/","url":"https:\/\/www.organisator.ch\/weiterbildung\/2025-03-13\/25-jahre-bildung-am-institut-fuer-facility-management\/","name":"25 ans de formation \u00e0 l'Institut de Facility Management - Organisateur","isPartOf":{"@id":"https:\/\/www.organisator.ch\/#website"},"primaryImageOfPage":{"@id":"https:\/\/www.organisator.ch\/weiterbildung\/2025-03-13\/25-jahre-bildung-am-institut-fuer-facility-management\/#primaryimage"},"image":{"@id":"https:\/\/www.organisator.ch\/weiterbildung\/2025-03-13\/25-jahre-bildung-am-institut-fuer-facility-management\/#primaryimage"},"thumbnailUrl":"https:\/\/www.organisator.ch\/wp-content\/uploads\/2025\/03\/ZHAW_Bild1_ps.jpg","datePublished":"2025-03-13T09:22:32+00:00","description":"IFM Day 2025 : des experts discutent de l'avenir de la formation dans le Facility Management et des exigences pos\u00e9es aux futurs professionnels.","breadcrumb":{"@id":"https:\/\/www.organisator.ch\/weiterbildung\/2025-03-13\/25-jahre-bildung-am-institut-fuer-facility-management\/#breadcrumb"},"inLanguage":"fr-FR","potentialAction":[{"@type":"ReadAction","target":["https:\/\/www.organisator.ch\/weiterbildung\/2025-03-13\/25-jahre-bildung-am-institut-fuer-facility-management\/"]}]},{"@type":"ImageObject","inLanguage":"fr-FR","@id":"https:\/\/www.organisator.ch\/weiterbildung\/2025-03-13\/25-jahre-bildung-am-institut-fuer-facility-management\/#primaryimage","url":"https:\/\/www.organisator.ch\/wp-content\/uploads\/2025\/03\/ZHAW_Bild1_ps.jpg","contentUrl":"https:\/\/www.organisator.ch\/wp-content\/uploads\/2025\/03\/ZHAW_Bild1_ps.jpg","width":680,"height":453,"caption":"25 Jahre Bildung am IFM: Auf dem Podium stellten sich Lukas Windlinger, Matthias Ruoss, Barbara Keller Foletti, Alexa M\u00fcller und Thomas Wehrm\u00fcller den Fragen von Irene Arnold und Michael Kauer (v.l.n.r.). (Bild: ZHAW \/ Foto Tevy)"},{"@type":"BreadcrumbList","@id":"https:\/\/www.organisator.ch\/weiterbildung\/2025-03-13\/25-jahre-bildung-am-institut-fuer-facility-management\/#breadcrumb","itemListElement":[{"@type":"ListItem","position":1,"name":"Home","item":"https:\/\/www.organisator.ch\/"},{"@type":"ListItem","position":2,"name":"25 Jahre Bildung am Institut f\u00fcr Facility Management"}]},{"@type":"WebSite","@id":"https:\/\/www.organisator.ch\/#website","url":"https:\/\/www.organisator.ch\/","name":"Organisateur","description":"Comp\u00e9tence et comp\u00e9tence. Proches de la pratique. L'ORGANISATEUR pr\u00e9pare 10 num\u00e9ros par an sur les th\u00e8mes essentiels pour les dirigeants de PME.","publisher":{"@id":"https:\/\/www.organisator.ch\/#organization"},"potentialAction":[{"@type":"SearchAction","target":{"@type":"EntryPoint","urlTemplate":"https:\/\/www.organisator.ch\/?s={search_term_string}"},"query-input":{"@type":"PropertyValueSpecification","valueRequired":true,"valueName":"search_term_string"}}],"inLanguage":"fr-FR"},{"@type":"Organization","@id":"https:\/\/www.organisator.ch\/#organization","name":"Organisateur","url":"https:\/\/www.organisator.ch\/","logo":{"@type":"ImageObject","inLanguage":"fr-FR","@id":"https:\/\/www.organisator.ch\/#\/schema\/logo\/image\/","url":"https:\/\/www.organisator.ch\/wp-content\/uploads\/2022\/01\/Logo_Organisator_Website.png","contentUrl":"https:\/\/www.organisator.ch\/wp-content\/uploads\/2022\/01\/Logo_Organisator_Website.png","width":800,"height":77,"caption":"Organisator"},"image":{"@id":"https:\/\/www.organisator.ch\/#\/schema\/logo\/image\/"},"sameAs":["https:\/\/www.facebook.com\/OrganisatorFachmagazin","https:\/\/www.linkedin.com\/showcase\/organisator-das-magazin-fr-kmu","https:\/\/www.xing.com\/news\/pages\/organisator-ch-695","https:\/\/www.youtube.com\/channel\/UCGP2Sq0iWaZwT3BdIAQFYpw"]},{"@type":"Person","@id":"https:\/\/www.organisator.ch\/#\/schema\/person\/afccda3a71c06d4be2ed9100dd163db7","name":"Dzana Muminovic","image":{"@type":"ImageObject","inLanguage":"fr-FR","@id":"https:\/\/secure.gravatar.com\/avatar\/909c5c71aff4b38e88686f2ab2f1ba152571f394f41ed8bae431ea56ced93050?s=96&d=mm&r=g","url":"https:\/\/secure.gravatar.com\/avatar\/909c5c71aff4b38e88686f2ab2f1ba152571f394f41ed8bae431ea56ced93050?s=96&d=mm&r=g","contentUrl":"https:\/\/secure.gravatar.com\/avatar\/909c5c71aff4b38e88686f2ab2f1ba152571f394f41ed8bae431ea56ced93050?s=96&d=mm&r=g","caption":"Dzana Muminovic"},"url":"https:\/\/www.organisator.ch\/fr\/author\/dzana-muminovic\/"}]}},"_links":{"self":[{"href":"https:\/\/www.organisator.ch\/fr\/wp-json\/wp\/v2\/posts\/36854","targetHints":{"allow":["GET"]}}],"collection":[{"href":"https:\/\/www.organisator.ch\/fr\/wp-json\/wp\/v2\/posts"}],"about":[{"href":"https:\/\/www.organisator.ch\/fr\/wp-json\/wp\/v2\/types\/post"}],"author":[{"embeddable":true,"href":"https:\/\/www.organisator.ch\/fr\/wp-json\/wp\/v2\/users\/80"}],"replies":[{"embeddable":true,"href":"https:\/\/www.organisator.ch\/fr\/wp-json\/wp\/v2\/comments?post=36854"}],"version-history":[{"count":3,"href":"https:\/\/www.organisator.ch\/fr\/wp-json\/wp\/v2\/posts\/36854\/revisions"}],"predecessor-version":[{"id":36877,"href":"https:\/\/www.organisator.ch\/fr\/wp-json\/wp\/v2\/posts\/36854\/revisions\/36877"}],"wp:featuredmedia":[{"embeddable":true,"href":"https:\/\/www.organisator.ch\/fr\/wp-json\/wp\/v2\/media\/36855"}],"wp:attachment":[{"href":"https:\/\/www.organisator.ch\/fr\/wp-json\/wp\/v2\/media?parent=36854"}],"wp:term":[{"taxonomy":"category","embeddable":true,"href":"https:\/\/www.organisator.ch\/fr\/wp-json\/wp\/v2\/categories?post=36854"},{"taxonomy":"post_tag","embeddable":true,"href":"https:\/\/www.organisator.ch\/fr\/wp-json\/wp\/v2\/tags?post=36854"}],"curies":[{"name":"wp","href":"https:\/\/api.w.org\/{rel}","templated":true}]}}