{"id":3686,"date":"2021-01-15T15:14:27","date_gmt":"2021-01-15T14:14:27","guid":{"rendered":"https:\/\/www.umweltperspektiven.ch\/?p=3686"},"modified":"2022-02-09T11:06:47","modified_gmt":"2022-02-09T10:06:47","slug":"nachhaltigkeitsvorbild-2021-gesucht","status":"publish","type":"post","link":"https:\/\/www.organisator.ch\/fr\/sustainability\/2021-01-15\/nachhaltigkeitsvorbild-2021-gesucht\/","title":{"rendered":"On cherche un mod\u00e8le de durabilit\u00e9 pour 2021"},"content":{"rendered":"<figure id=\"attachment_3687\" aria-describedby=\"caption-attachment-3687\" style=\"width: 680px\" class=\"wp-caption aligncenter\"><img loading=\"lazy\" decoding=\"async\" class=\"size-medium wp-image-3687\" src=\"\/\/www.umweltperspektiven.ch\/wp-content\/uploads\/2021\/01\/CO2CompensationCampaign.jpg\" alt=\"\" width=\"680\" height=\"434\" \/><figcaption id=\"caption-attachment-3687\" class=\"wp-caption-text\">Photo : zVg<\/figcaption><\/figure>\n<p>\"S'il est bon de produire moins d'\u00e9missions de CO2, il est bien s\u00fbr toujours pr\u00e9f\u00e9rable de ne pas en produire du tout ! C'est pourquoi nous interrogerons r\u00e9guli\u00e8rement notre mod\u00e8le de durabilit\u00e9 sur son quotidien, partagerons ses progr\u00e8s sur nos canaux de m\u00e9dias sociaux et \u00e9crirons des articles pour l'aider, ainsi que la communaut\u00e9 Yova, \u00e0 r\u00e9duire sa propre empreinte carbone chaque mois\", explique Katinka Oppeck, Communication and Content Manager chez Yova.<\/p>\n<p><strong>Projets de compensation de CO2<\/strong><\/p>\n<p>Mais il y a aussi des situations dans la vie o\u00f9 les \u00e9missions produites ne peuvent pas \u00eatre compl\u00e8tement r\u00e9duites. Pour compenser ces valeurs, il existe aujourd'hui de nombreux moyens de compenser financi\u00e8rement les \u00e9missions de CO2 caus\u00e9es par les trajets en voiture ou en avion. Par exemple, l'organisation MyClimate.ch permet de choisir le projet de compensation de CO2 auquel on souhaite consacrer son argent. Ainsi, on n'aide pas seulement l'environnement, mais aussi, par exemple, des femmes au Kenya qui re\u00e7oivent ainsi des fours efficaces pour leur communaut\u00e9.<\/p>\n<p>Les participants peuvent s'inscrire jusqu'au 25 janvier 2021* \u00e0 l'adresse suivante <a href=\"\/\/yova-investing.typeform.com\/to\/JNuAafxI\">Lien<\/a> postuler.<\/p>\n<p>Gr\u00e2ce au calculateur de CO2 de <a href=\"\/\/www.myclimate.org\/\">MyClimate.ch<\/a> l'empreinte carbone des participants sera suivie et, \u00e0 la fin de l'ann\u00e9e 2021, le montant de leur propre compensation sera calcul\u00e9. Ces co\u00fbts sont pris en charge par Yova.<\/p>\n<p><strong>\u00a0<\/strong><em>* La date limite de participation est le 25 janvier 2021. Le concours est ouvert \u00e0 toute personne r\u00e9sidant en Suisse et \u00e2g\u00e9e de 18 ans minimum. La participation confirme le transfert \u00e0 Yova de tous les droits de propri\u00e9t\u00e9 intellectuelle, plus pr\u00e9cis\u00e9ment les copyrights, les photos, les vid\u00e9os et autres, cr\u00e9\u00e9s dans le cadre de la collaboration pr\u00e9vue pendant la p\u00e9riode d'un an (2021). Yova est autoris\u00e9 \u00e0 utiliser et \u00e0 publier les contenus de compensation de CO2 cr\u00e9\u00e9s pendant l'ann\u00e9e sur les m\u00e9dias sociaux, sur le site web de Yova et sur Internet en g\u00e9n\u00e9ral. Le choix du mod\u00e8le de d\u00e9veloppement durable Yova est du ressort exclusif de Yova. L'entreprise compensera les \u00e9missions de CO2 d'une ann\u00e9e enti\u00e8re jusqu'\u00e0 un maximum de 20 tonnes, ce qui correspond \u00e0 600 francs, sur la base du calculateur de myclimate. La voie juridique est exclue.<\/em><\/p>\n<p>&nbsp;<\/p>","protected":false},"excerpt":{"rendered":"<p>\u00abW\u00e4hrend es gut ist, weniger CO2-Emissionen zu produzieren, ist es nat\u00fcrlich immer besser, erst gar keine entstehen zu lassen! Darum werden wir unser Nachhaltigkeitsvorbild regelm\u00e4ssig nach dem Alltag befragen, den Fortschritt auf unseren Social-Media-Kan\u00e4len teilen und Artikel schreiben, um so dem Nachhaltigkeitsvorbild sowie der Yova Community dabei zu helfen, den eigenen CO2-Fussabdruck jeden Monat zu [&hellip;]<\/p>\n","protected":false},"author":6,"featured_media":9754,"comment_status":"closed","ping_status":"closed","sticky":false,"template":"","format":"standard","meta":{"_acf_changed":false,"_yoast_wpseo_focuskw":"Nachhaltigkeitsvorbild","_yoast_wpseo_metadesc":"Reduktion der CO2-Emissionen: \u00abImpact Investment\u00bb-Plattform Yova sucht mit einem Wettbewerb das Schweizer Nachhaltigkeitsvorbild 2021.","articlekey":"","footnotes":""},"categories":[580],"tags":[1748,1793,522,2589],"class_list":["post-3686","post","type-post","status-publish","format-standard","has-post-thumbnail","hentry","category-sustainability","tag-myclilmate","tag-nachhaltigkeitsvorbild","tag-wettbewerb","tag-yova"],"acf":[],"yoast_head":"<!-- This site is optimized with the Yoast SEO plugin v27.4 - https:\/\/yoast.com\/product\/yoast-seo-wordpress\/ -->\n<title>Nachhaltigkeitsvorbild 2021 gesucht - Organisator<\/title>\n<meta name=\"description\" content=\"Reduktion der CO2-Emissionen: \u00abImpact Investment\u00bb-Plattform Yova sucht mit einem Wettbewerb das Schweizer Nachhaltigkeitsvorbild 2021.\" \/>\n<meta name=\"robots\" content=\"index, follow, max-snippet:-1, max-image-preview:large, max-video-preview:-1\" \/>\n<link rel=\"canonical\" href=\"https:\/\/www.organisator.ch\/fr\/sustainability\/2021-01-15\/nachhaltigkeitsvorbild-2021-gesucht\/\" \/>\n<meta property=\"og:locale\" content=\"fr_FR\" \/>\n<meta property=\"og:type\" content=\"article\" \/>\n<meta property=\"og:title\" content=\"Nachhaltigkeitsvorbild 2021 gesucht - Organisator\" \/>\n<meta property=\"og:description\" content=\"Reduktion der CO2-Emissionen: \u00abImpact Investment\u00bb-Plattform Yova sucht mit einem Wettbewerb das Schweizer Nachhaltigkeitsvorbild 2021.\" \/>\n<meta property=\"og:url\" content=\"https:\/\/www.organisator.ch\/fr\/sustainability\/2021-01-15\/nachhaltigkeitsvorbild-2021-gesucht\/\" \/>\n<meta property=\"og:site_name\" content=\"Organisator\" \/>\n<meta property=\"article:publisher\" content=\"https:\/\/www.facebook.com\/OrganisatorFachmagazin\" \/>\n<meta property=\"article:published_time\" content=\"2021-01-15T14:14:27+00:00\" \/>\n<meta property=\"article:modified_time\" content=\"2022-02-09T10:06:47+00:00\" \/>\n<meta property=\"og:image\" content=\"https:\/\/www.organisator.ch\/wp-content\/uploads\/2021\/01\/CO2CompensationCampaign.jpg\" \/>\n\t<meta property=\"og:image:width\" content=\"2000\" \/>\n\t<meta property=\"og:image:height\" content=\"1277\" \/>\n\t<meta property=\"og:image:type\" content=\"image\/jpeg\" \/>\n<meta name=\"author\" content=\"roger.straessle\" \/>\n<meta name=\"twitter:card\" content=\"summary_large_image\" \/>\n<script type=\"application\/ld+json\" class=\"yoast-schema-graph\">{\"@context\":\"https:\\\/\\\/schema.org\",\"@graph\":[{\"@type\":\"Article\",\"@id\":\"https:\\\/\\\/www.organisator.ch\\\/sustainability\\\/2021-01-15\\\/nachhaltigkeitsvorbild-2021-gesucht\\\/#article\",\"isPartOf\":{\"@id\":\"https:\\\/\\\/www.organisator.ch\\\/sustainability\\\/2021-01-15\\\/nachhaltigkeitsvorbild-2021-gesucht\\\/\"},\"author\":{\"name\":\"roger.straessle\",\"@id\":\"https:\\\/\\\/www.organisator.ch\\\/#\\\/schema\\\/person\\\/a800b8c54e208b160517a7dcc323161d\"},\"headline\":\"Nachhaltigkeitsvorbild 2021 gesucht\",\"datePublished\":\"2021-01-15T14:14:27+00:00\",\"dateModified\":\"2022-02-09T10:06:47+00:00\",\"mainEntityOfPage\":{\"@id\":\"https:\\\/\\\/www.organisator.ch\\\/sustainability\\\/2021-01-15\\\/nachhaltigkeitsvorbild-2021-gesucht\\\/\"},\"wordCount\":325,\"publisher\":{\"@id\":\"https:\\\/\\\/www.organisator.ch\\\/#organization\"},\"image\":{\"@id\":\"https:\\\/\\\/www.organisator.ch\\\/sustainability\\\/2021-01-15\\\/nachhaltigkeitsvorbild-2021-gesucht\\\/#primaryimage\"},\"thumbnailUrl\":\"https:\\\/\\\/www.organisator.ch\\\/wp-content\\\/uploads\\\/2021\\\/01\\\/CO2CompensationCampaign.jpg\",\"keywords\":[\"MyClilmate\",\"Nachhaltigkeitsvorbild\",\"Wettbewerb\",\"Yova\"],\"articleSection\":[\"SUSTAINABILITY\"],\"inLanguage\":\"fr-FR\"},{\"@type\":\"WebPage\",\"@id\":\"https:\\\/\\\/www.organisator.ch\\\/sustainability\\\/2021-01-15\\\/nachhaltigkeitsvorbild-2021-gesucht\\\/\",\"url\":\"https:\\\/\\\/www.organisator.ch\\\/sustainability\\\/2021-01-15\\\/nachhaltigkeitsvorbild-2021-gesucht\\\/\",\"name\":\"Nachhaltigkeitsvorbild 2021 gesucht - Organisator\",\"isPartOf\":{\"@id\":\"https:\\\/\\\/www.organisator.ch\\\/#website\"},\"primaryImageOfPage\":{\"@id\":\"https:\\\/\\\/www.organisator.ch\\\/sustainability\\\/2021-01-15\\\/nachhaltigkeitsvorbild-2021-gesucht\\\/#primaryimage\"},\"image\":{\"@id\":\"https:\\\/\\\/www.organisator.ch\\\/sustainability\\\/2021-01-15\\\/nachhaltigkeitsvorbild-2021-gesucht\\\/#primaryimage\"},\"thumbnailUrl\":\"https:\\\/\\\/www.organisator.ch\\\/wp-content\\\/uploads\\\/2021\\\/01\\\/CO2CompensationCampaign.jpg\",\"datePublished\":\"2021-01-15T14:14:27+00:00\",\"dateModified\":\"2022-02-09T10:06:47+00:00\",\"description\":\"Reduktion der CO2-Emissionen: \u00abImpact Investment\u00bb-Plattform Yova sucht mit einem Wettbewerb das Schweizer Nachhaltigkeitsvorbild 2021.\",\"breadcrumb\":{\"@id\":\"https:\\\/\\\/www.organisator.ch\\\/sustainability\\\/2021-01-15\\\/nachhaltigkeitsvorbild-2021-gesucht\\\/#breadcrumb\"},\"inLanguage\":\"fr-FR\",\"potentialAction\":[{\"@type\":\"ReadAction\",\"target\":[\"https:\\\/\\\/www.organisator.ch\\\/sustainability\\\/2021-01-15\\\/nachhaltigkeitsvorbild-2021-gesucht\\\/\"]}]},{\"@type\":\"ImageObject\",\"inLanguage\":\"fr-FR\",\"@id\":\"https:\\\/\\\/www.organisator.ch\\\/sustainability\\\/2021-01-15\\\/nachhaltigkeitsvorbild-2021-gesucht\\\/#primaryimage\",\"url\":\"https:\\\/\\\/www.organisator.ch\\\/wp-content\\\/uploads\\\/2021\\\/01\\\/CO2CompensationCampaign.jpg\",\"contentUrl\":\"https:\\\/\\\/www.organisator.ch\\\/wp-content\\\/uploads\\\/2021\\\/01\\\/CO2CompensationCampaign.jpg\",\"width\":2000,\"height\":1277,\"caption\":\"Foto: zVg\"},{\"@type\":\"BreadcrumbList\",\"@id\":\"https:\\\/\\\/www.organisator.ch\\\/sustainability\\\/2021-01-15\\\/nachhaltigkeitsvorbild-2021-gesucht\\\/#breadcrumb\",\"itemListElement\":[{\"@type\":\"ListItem\",\"position\":1,\"name\":\"Home\",\"item\":\"https:\\\/\\\/www.organisator.ch\\\/\"},{\"@type\":\"ListItem\",\"position\":2,\"name\":\"Nachhaltigkeitsvorbild 2021 gesucht\"}]},{\"@type\":\"WebSite\",\"@id\":\"https:\\\/\\\/www.organisator.ch\\\/#website\",\"url\":\"https:\\\/\\\/www.organisator.ch\\\/\",\"name\":\"Organisator\",\"description\":\"Kompetent. Praxisnah. Der ORGANISATOR bereitet in 10 Ausgaben pro Jahr die wesentlichen Themen f\u00fcr F\u00fchrungskr\u00e4fte von KMU auf.\",\"publisher\":{\"@id\":\"https:\\\/\\\/www.organisator.ch\\\/#organization\"},\"potentialAction\":[{\"@type\":\"SearchAction\",\"target\":{\"@type\":\"EntryPoint\",\"urlTemplate\":\"https:\\\/\\\/www.organisator.ch\\\/?s={search_term_string}\"},\"query-input\":{\"@type\":\"PropertyValueSpecification\",\"valueRequired\":true,\"valueName\":\"search_term_string\"}}],\"inLanguage\":\"fr-FR\"},{\"@type\":\"Organization\",\"@id\":\"https:\\\/\\\/www.organisator.ch\\\/#organization\",\"name\":\"Organisator\",\"url\":\"https:\\\/\\\/www.organisator.ch\\\/\",\"logo\":{\"@type\":\"ImageObject\",\"inLanguage\":\"fr-FR\",\"@id\":\"https:\\\/\\\/www.organisator.ch\\\/#\\\/schema\\\/logo\\\/image\\\/\",\"url\":\"https:\\\/\\\/www.organisator.ch\\\/wp-content\\\/uploads\\\/2022\\\/01\\\/Logo_Organisator_Website.png\",\"contentUrl\":\"https:\\\/\\\/www.organisator.ch\\\/wp-content\\\/uploads\\\/2022\\\/01\\\/Logo_Organisator_Website.png\",\"width\":800,\"height\":77,\"caption\":\"Organisator\"},\"image\":{\"@id\":\"https:\\\/\\\/www.organisator.ch\\\/#\\\/schema\\\/logo\\\/image\\\/\"},\"sameAs\":[\"https:\\\/\\\/www.facebook.com\\\/OrganisatorFachmagazin\",\"https:\\\/\\\/www.linkedin.com\\\/showcase\\\/organisator-das-magazin-fr-kmu\",\"https:\\\/\\\/www.xing.com\\\/news\\\/pages\\\/organisator-ch-695\",\"https:\\\/\\\/www.youtube.com\\\/channel\\\/UCGP2Sq0iWaZwT3BdIAQFYpw\"]},{\"@type\":\"Person\",\"@id\":\"https:\\\/\\\/www.organisator.ch\\\/#\\\/schema\\\/person\\\/a800b8c54e208b160517a7dcc323161d\",\"name\":\"roger.straessle\",\"image\":{\"@type\":\"ImageObject\",\"inLanguage\":\"fr-FR\",\"@id\":\"https:\\\/\\\/secure.gravatar.com\\\/avatar\\\/?s=96&d=mm&r=g\",\"url\":\"https:\\\/\\\/secure.gravatar.com\\\/avatar\\\/?s=96&d=mm&r=g\",\"contentUrl\":\"https:\\\/\\\/secure.gravatar.com\\\/avatar\\\/?s=96&d=mm&r=g\",\"caption\":\"roger.straessle\"},\"url\":\"https:\\\/\\\/www.organisator.ch\\\/fr\\\/author\\\/roger-straessle\\\/\"}]}<\/script>\n<!-- \/ Yoast SEO plugin. -->","yoast_head_json":{"title":"On cherche un mod\u00e8le de durabilit\u00e9 pour 2021 - Organisateur","description":"R\u00e9duction des \u00e9missions de CO2 : la plateforme d'\"impact investment\" Yova cherche le mod\u00e8le de durabilit\u00e9 suisse 2021 par le biais d'un concours.","robots":{"index":"index","follow":"follow","max-snippet":"max-snippet:-1","max-image-preview":"max-image-preview:large","max-video-preview":"max-video-preview:-1"},"canonical":"https:\/\/www.organisator.ch\/fr\/sustainability\/2021-01-15\/nachhaltigkeitsvorbild-2021-gesucht\/","og_locale":"fr_FR","og_type":"article","og_title":"Nachhaltigkeitsvorbild 2021 gesucht - Organisator","og_description":"Reduktion der CO2-Emissionen: \u00abImpact Investment\u00bb-Plattform Yova sucht mit einem Wettbewerb das Schweizer Nachhaltigkeitsvorbild 2021.","og_url":"https:\/\/www.organisator.ch\/fr\/sustainability\/2021-01-15\/nachhaltigkeitsvorbild-2021-gesucht\/","og_site_name":"Organisator","article_publisher":"https:\/\/www.facebook.com\/OrganisatorFachmagazin","article_published_time":"2021-01-15T14:14:27+00:00","article_modified_time":"2022-02-09T10:06:47+00:00","og_image":[{"width":2000,"height":1277,"url":"https:\/\/www.organisator.ch\/wp-content\/uploads\/2021\/01\/CO2CompensationCampaign.jpg","type":"image\/jpeg"}],"author":"roger.straessle","twitter_card":"summary_large_image","schema":{"@context":"https:\/\/schema.org","@graph":[{"@type":"Article","@id":"https:\/\/www.organisator.ch\/sustainability\/2021-01-15\/nachhaltigkeitsvorbild-2021-gesucht\/#article","isPartOf":{"@id":"https:\/\/www.organisator.ch\/sustainability\/2021-01-15\/nachhaltigkeitsvorbild-2021-gesucht\/"},"author":{"name":"roger.straessle","@id":"https:\/\/www.organisator.ch\/#\/schema\/person\/a800b8c54e208b160517a7dcc323161d"},"headline":"Nachhaltigkeitsvorbild 2021 gesucht","datePublished":"2021-01-15T14:14:27+00:00","dateModified":"2022-02-09T10:06:47+00:00","mainEntityOfPage":{"@id":"https:\/\/www.organisator.ch\/sustainability\/2021-01-15\/nachhaltigkeitsvorbild-2021-gesucht\/"},"wordCount":325,"publisher":{"@id":"https:\/\/www.organisator.ch\/#organization"},"image":{"@id":"https:\/\/www.organisator.ch\/sustainability\/2021-01-15\/nachhaltigkeitsvorbild-2021-gesucht\/#primaryimage"},"thumbnailUrl":"https:\/\/www.organisator.ch\/wp-content\/uploads\/2021\/01\/CO2CompensationCampaign.jpg","keywords":["MyClilmate","Nachhaltigkeitsvorbild","Wettbewerb","Yova"],"articleSection":["SUSTAINABILITY"],"inLanguage":"fr-FR"},{"@type":"WebPage","@id":"https:\/\/www.organisator.ch\/sustainability\/2021-01-15\/nachhaltigkeitsvorbild-2021-gesucht\/","url":"https:\/\/www.organisator.ch\/sustainability\/2021-01-15\/nachhaltigkeitsvorbild-2021-gesucht\/","name":"On cherche un mod\u00e8le de durabilit\u00e9 pour 2021 - Organisateur","isPartOf":{"@id":"https:\/\/www.organisator.ch\/#website"},"primaryImageOfPage":{"@id":"https:\/\/www.organisator.ch\/sustainability\/2021-01-15\/nachhaltigkeitsvorbild-2021-gesucht\/#primaryimage"},"image":{"@id":"https:\/\/www.organisator.ch\/sustainability\/2021-01-15\/nachhaltigkeitsvorbild-2021-gesucht\/#primaryimage"},"thumbnailUrl":"https:\/\/www.organisator.ch\/wp-content\/uploads\/2021\/01\/CO2CompensationCampaign.jpg","datePublished":"2021-01-15T14:14:27+00:00","dateModified":"2022-02-09T10:06:47+00:00","description":"R\u00e9duction des \u00e9missions de CO2 : la plateforme d'\"impact investment\" Yova cherche le mod\u00e8le de durabilit\u00e9 suisse 2021 par le biais d'un concours.","breadcrumb":{"@id":"https:\/\/www.organisator.ch\/sustainability\/2021-01-15\/nachhaltigkeitsvorbild-2021-gesucht\/#breadcrumb"},"inLanguage":"fr-FR","potentialAction":[{"@type":"ReadAction","target":["https:\/\/www.organisator.ch\/sustainability\/2021-01-15\/nachhaltigkeitsvorbild-2021-gesucht\/"]}]},{"@type":"ImageObject","inLanguage":"fr-FR","@id":"https:\/\/www.organisator.ch\/sustainability\/2021-01-15\/nachhaltigkeitsvorbild-2021-gesucht\/#primaryimage","url":"https:\/\/www.organisator.ch\/wp-content\/uploads\/2021\/01\/CO2CompensationCampaign.jpg","contentUrl":"https:\/\/www.organisator.ch\/wp-content\/uploads\/2021\/01\/CO2CompensationCampaign.jpg","width":2000,"height":1277,"caption":"Foto: zVg"},{"@type":"BreadcrumbList","@id":"https:\/\/www.organisator.ch\/sustainability\/2021-01-15\/nachhaltigkeitsvorbild-2021-gesucht\/#breadcrumb","itemListElement":[{"@type":"ListItem","position":1,"name":"Home","item":"https:\/\/www.organisator.ch\/"},{"@type":"ListItem","position":2,"name":"Nachhaltigkeitsvorbild 2021 gesucht"}]},{"@type":"WebSite","@id":"https:\/\/www.organisator.ch\/#website","url":"https:\/\/www.organisator.ch\/","name":"Organisateur","description":"Comp\u00e9tence et comp\u00e9tence. Proches de la pratique. L'ORGANISATEUR pr\u00e9pare 10 num\u00e9ros par an sur les th\u00e8mes essentiels pour les dirigeants de PME.","publisher":{"@id":"https:\/\/www.organisator.ch\/#organization"},"potentialAction":[{"@type":"SearchAction","target":{"@type":"EntryPoint","urlTemplate":"https:\/\/www.organisator.ch\/?s={search_term_string}"},"query-input":{"@type":"PropertyValueSpecification","valueRequired":true,"valueName":"search_term_string"}}],"inLanguage":"fr-FR"},{"@type":"Organization","@id":"https:\/\/www.organisator.ch\/#organization","name":"Organisateur","url":"https:\/\/www.organisator.ch\/","logo":{"@type":"ImageObject","inLanguage":"fr-FR","@id":"https:\/\/www.organisator.ch\/#\/schema\/logo\/image\/","url":"https:\/\/www.organisator.ch\/wp-content\/uploads\/2022\/01\/Logo_Organisator_Website.png","contentUrl":"https:\/\/www.organisator.ch\/wp-content\/uploads\/2022\/01\/Logo_Organisator_Website.png","width":800,"height":77,"caption":"Organisator"},"image":{"@id":"https:\/\/www.organisator.ch\/#\/schema\/logo\/image\/"},"sameAs":["https:\/\/www.facebook.com\/OrganisatorFachmagazin","https:\/\/www.linkedin.com\/showcase\/organisator-das-magazin-fr-kmu","https:\/\/www.xing.com\/news\/pages\/organisator-ch-695","https:\/\/www.youtube.com\/channel\/UCGP2Sq0iWaZwT3BdIAQFYpw"]},{"@type":"Person","@id":"https:\/\/www.organisator.ch\/#\/schema\/person\/a800b8c54e208b160517a7dcc323161d","name":"roger.straessle","image":{"@type":"ImageObject","inLanguage":"fr-FR","@id":"https:\/\/secure.gravatar.com\/avatar\/?s=96&d=mm&r=g","url":"https:\/\/secure.gravatar.com\/avatar\/?s=96&d=mm&r=g","contentUrl":"https:\/\/secure.gravatar.com\/avatar\/?s=96&d=mm&r=g","caption":"roger.straessle"},"url":"https:\/\/www.organisator.ch\/fr\/author\/roger-straessle\/"}]}},"_links":{"self":[{"href":"https:\/\/www.organisator.ch\/fr\/wp-json\/wp\/v2\/posts\/3686","targetHints":{"allow":["GET"]}}],"collection":[{"href":"https:\/\/www.organisator.ch\/fr\/wp-json\/wp\/v2\/posts"}],"about":[{"href":"https:\/\/www.organisator.ch\/fr\/wp-json\/wp\/v2\/types\/post"}],"author":[{"embeddable":true,"href":"https:\/\/www.organisator.ch\/fr\/wp-json\/wp\/v2\/users\/6"}],"replies":[{"embeddable":true,"href":"https:\/\/www.organisator.ch\/fr\/wp-json\/wp\/v2\/comments?post=3686"}],"version-history":[{"count":1,"href":"https:\/\/www.organisator.ch\/fr\/wp-json\/wp\/v2\/posts\/3686\/revisions"}],"predecessor-version":[{"id":10659,"href":"https:\/\/www.organisator.ch\/fr\/wp-json\/wp\/v2\/posts\/3686\/revisions\/10659"}],"wp:featuredmedia":[{"embeddable":true,"href":"https:\/\/www.organisator.ch\/fr\/wp-json\/wp\/v2\/media\/9754"}],"wp:attachment":[{"href":"https:\/\/www.organisator.ch\/fr\/wp-json\/wp\/v2\/media?parent=3686"}],"wp:term":[{"taxonomy":"category","embeddable":true,"href":"https:\/\/www.organisator.ch\/fr\/wp-json\/wp\/v2\/categories?post=3686"},{"taxonomy":"post_tag","embeddable":true,"href":"https:\/\/www.organisator.ch\/fr\/wp-json\/wp\/v2\/tags?post=3686"}],"curies":[{"name":"wp","href":"https:\/\/api.w.org\/{rel}","templated":true}]}}