{"id":36882,"date":"2025-03-14T08:00:30","date_gmt":"2025-03-14T07:00:30","guid":{"rendered":"https:\/\/www.markt-kom.com\/?p=231851"},"modified":"2025-03-14T07:38:24","modified_gmt":"2025-03-14T06:38:24","slug":"lymbus-und-designnow-lancieren-beyond-dreams","status":"publish","type":"post","link":"https:\/\/www.organisator.ch\/fr\/marketing\/2025-03-14\/lymbus-und-designnow-lancieren-beyond-dreams\/","title":{"rendered":"Lymbus et Designnow lancent \"Beyond Dreams"},"content":{"rendered":"<p><a href=\"https:\/\/www.markt-kom.com\/wp-content\/uploads\/2025\/03\/Beyond-Dreams-Lymbus-Designnow-250310_Launch.jpg\"><img class=\"aligncenter size-full wp-image-231852\" src=\"https:\/\/www.markt-kom.com\/wp-content\/uploads\/2025\/03\/Beyond-Dreams-Lymbus-Designnow-250310_Launch.jpg\" sizes=\"(max-width: 1200px) 100vw, 1200px\" srcset=\"https:\/\/www.markt-kom.com\/wp-content\/uploads\/2025\/03\/Beyond-Dreams-Lymbus-Designnow-250310_Launch.jpg 1200w, https:\/\/www.markt-kom.com\/wp-content\/uploads\/2025\/03\/Beyond-Dreams-Lymbus-Designnow-250310_Launch-600x338.jpg 600w, https:\/\/www.markt-kom.com\/wp-content\/uploads\/2025\/03\/Beyond-Dreams-Lymbus-Designnow-250310_Launch-1024x576.jpg 1024w, https:\/\/www.markt-kom.com\/wp-content\/uploads\/2025\/03\/Beyond-Dreams-Lymbus-Designnow-250310_Launch-768x432.jpg 768w, https:\/\/www.markt-kom.com\/wp-content\/uploads\/2025\/03\/Beyond-Dreams-Lymbus-Designnow-250310_Launch-18x10.jpg 18w, https:\/\/www.markt-kom.com\/wp-content\/uploads\/2025\/03\/Beyond-Dreams-Lymbus-Designnow-250310_Launch-311x175.jpg 311w, https:\/\/www.markt-kom.com\/wp-content\/uploads\/2025\/03\/Beyond-Dreams-Lymbus-Designnow-250310_Launch-622x350.jpg 622w, https:\/\/www.markt-kom.com\/wp-content\/uploads\/2025\/03\/Beyond-Dreams-Lymbus-Designnow-250310_Launch-1000x563.jpg 1000w\" alt=\"\" width=\"1200\" height=\"675\" \/><\/a><\/p>\r\n<p>\"De nombreuses entreprises voient les possibilit\u00e9s de l'IA, mais ne savent pas comment les utiliser pour elles-m\u00eames. C'est pr\u00e9cis\u00e9ment l\u00e0 que nous intervenons - avec un m\u00e9lange de conseils, d'ateliers et de production, afin d'int\u00e9grer efficacement l'IA dans les processus cr\u00e9atifs\", explique Sven W\u00fcrgler, cofondateur de Lymbus, \u00e0 propos de l'id\u00e9e \u00e0 l'origine de cette initiative. <a href=\"https:\/\/www.beyonddreams.ch\/\">Au-del\u00e0 des r\u00eaves<\/a>.<\/p>\r\n<h3><strong>Conseil et production d'une seule source<\/strong><\/h3>\r\n<p>L'offre doit permettre aux entreprises d'acqu\u00e9rir les connaissances n\u00e9cessaires dans le cadre d'ateliers, de se faire conseiller ou de faire produire directement des contenus bas\u00e9s sur l'IA. Pour ce faire, des \u00e9quipes interdisciplinaires compos\u00e9es d'experts en technologie, de cr\u00e9atifs et de strat\u00e8ges travaillent ensemble. L'objectif est de faire de l'IA \"non seulement une tendance, mais aussi un v\u00e9ritable avantage commercial\".<\/p>\r\n<p>\"Le design et la technologie ont toujours \u00e9t\u00e9 \u00e9troitement li\u00e9s. Avec l'IA, nous vivons actuellement une v\u00e9ritable r\u00e9volution - et avec Beyond Dreams, nous aidons nos clients \u00e0 \u00eatre \u00e0 la pointe dans ce domaine\", ajoute Michael Ryser, directeur de Designnow GmbH.<\/p>\r\n<p>Beyond Dreams est d\u00e9sormais disponible sur le march\u00e9.<\/p>","protected":false},"excerpt":{"rendered":"<p>La soci\u00e9t\u00e9 de production Lymbus et l'agence Designnow, sp\u00e9cialis\u00e9e dans le design et le branding, unissent leurs forces. Avec la production de contenus \"Beyond Dreams\", les deux entreprises se sp\u00e9cialisent enti\u00e8rement dans les productions de design, de photos et de vid\u00e9os bas\u00e9es sur l'IA.<\/p>","protected":false},"author":8,"featured_media":0,"comment_status":"closed","ping_status":"closed","sticky":false,"template":"","format":"standard","meta":{"_acf_changed":false,"_yoast_wpseo_focuskw":"KI-gest\u00fctzte Content-Produktion","_yoast_wpseo_metadesc":"Lymbus & Designnow starten \u201eBeyond Dreams\u201c: KI-gest\u00fctzte Design-, Foto- & Video-Produktionen f\u00fcr Unternehmen. Jetzt entdecken!","articlekey":"","footnotes":""},"categories":[29],"tags":[5185,4345,5186,319,5187],"class_list":["post-36882","post","type-post","status-publish","format-standard","hentry","category-marketing","tag-beyond-dreams","tag-business","tag-designnow","tag-kuenstliche-intelligenz","tag-lymbus"],"acf":[],"yoast_head":"<!-- This site is optimized with the Yoast SEO plugin v27.5 - https:\/\/yoast.com\/product\/yoast-seo-wordpress\/ -->\n<title>Lymbus und Designnow lancieren \u00abBeyond Dreams\u00bb - Organisator<\/title>\n<meta name=\"description\" content=\"Lymbus &amp; Designnow starten \u201eBeyond Dreams\u201c: KI-gest\u00fctzte Design-, Foto- &amp; Video-Produktionen f\u00fcr Unternehmen. Jetzt entdecken!\" \/>\n<meta name=\"robots\" content=\"index, follow, max-snippet:-1, max-image-preview:large, max-video-preview:-1\" \/>\n<link rel=\"canonical\" href=\"https:\/\/www.organisator.ch\/fr\/marketing\/2025-03-14\/lymbus-und-designnow-lancieren-beyond-dreams\/\" \/>\n<meta property=\"og:locale\" content=\"fr_FR\" \/>\n<meta property=\"og:type\" content=\"article\" \/>\n<meta property=\"og:title\" content=\"Lymbus und Designnow lancieren \u00abBeyond Dreams\u00bb - Organisator\" \/>\n<meta property=\"og:description\" content=\"Lymbus &amp; Designnow starten \u201eBeyond Dreams\u201c: KI-gest\u00fctzte Design-, Foto- &amp; Video-Produktionen f\u00fcr Unternehmen. Jetzt entdecken!\" \/>\n<meta property=\"og:url\" content=\"https:\/\/www.organisator.ch\/fr\/marketing\/2025-03-14\/lymbus-und-designnow-lancieren-beyond-dreams\/\" \/>\n<meta property=\"og:site_name\" content=\"Organisator\" \/>\n<meta property=\"article:publisher\" content=\"https:\/\/www.facebook.com\/OrganisatorFachmagazin\" \/>\n<meta property=\"article:published_time\" content=\"2025-03-14T07:00:30+00:00\" \/>\n<meta name=\"author\" content=\"galledia\" \/>\n<meta name=\"twitter:card\" content=\"summary_large_image\" \/>\n<meta name=\"twitter:creator\" content=\"@admin\" \/>\n<script type=\"application\/ld+json\" class=\"yoast-schema-graph\">{\"@context\":\"https:\\\/\\\/schema.org\",\"@graph\":[{\"@type\":\"Article\",\"@id\":\"https:\\\/\\\/www.organisator.ch\\\/marketing\\\/2025-03-14\\\/lymbus-und-designnow-lancieren-beyond-dreams\\\/#article\",\"isPartOf\":{\"@id\":\"https:\\\/\\\/www.organisator.ch\\\/marketing\\\/2025-03-14\\\/lymbus-und-designnow-lancieren-beyond-dreams\\\/\"},\"author\":{\"name\":\"galledia\",\"@id\":\"https:\\\/\\\/www.organisator.ch\\\/#\\\/schema\\\/person\\\/4e51799071cd2dd1232ac003643ef5f0\"},\"headline\":\"Lymbus und Designnow lancieren \u00abBeyond Dreams\u00bb\",\"datePublished\":\"2025-03-14T07:00:30+00:00\",\"mainEntityOfPage\":{\"@id\":\"https:\\\/\\\/www.organisator.ch\\\/marketing\\\/2025-03-14\\\/lymbus-und-designnow-lancieren-beyond-dreams\\\/\"},\"wordCount\":166,\"publisher\":{\"@id\":\"https:\\\/\\\/www.organisator.ch\\\/#organization\"},\"image\":{\"@id\":\"https:\\\/\\\/www.organisator.ch\\\/marketing\\\/2025-03-14\\\/lymbus-und-designnow-lancieren-beyond-dreams\\\/#primaryimage\"},\"thumbnailUrl\":\"https:\\\/\\\/www.markt-kom.com\\\/wp-content\\\/uploads\\\/2025\\\/03\\\/Beyond-Dreams-Lymbus-Designnow-250310_Launch.jpg\",\"keywords\":[\"Beyond Dreams\",\"Business\",\"Designnow\",\"K\u00fcnstliche Intelligenz\",\"Lymbus\"],\"articleSection\":[\"MARKETING\"],\"inLanguage\":\"fr-FR\"},{\"@type\":\"WebPage\",\"@id\":\"https:\\\/\\\/www.organisator.ch\\\/marketing\\\/2025-03-14\\\/lymbus-und-designnow-lancieren-beyond-dreams\\\/\",\"url\":\"https:\\\/\\\/www.organisator.ch\\\/marketing\\\/2025-03-14\\\/lymbus-und-designnow-lancieren-beyond-dreams\\\/\",\"name\":\"Lymbus und Designnow lancieren \u00abBeyond Dreams\u00bb - Organisator\",\"isPartOf\":{\"@id\":\"https:\\\/\\\/www.organisator.ch\\\/#website\"},\"primaryImageOfPage\":{\"@id\":\"https:\\\/\\\/www.organisator.ch\\\/marketing\\\/2025-03-14\\\/lymbus-und-designnow-lancieren-beyond-dreams\\\/#primaryimage\"},\"image\":{\"@id\":\"https:\\\/\\\/www.organisator.ch\\\/marketing\\\/2025-03-14\\\/lymbus-und-designnow-lancieren-beyond-dreams\\\/#primaryimage\"},\"thumbnailUrl\":\"https:\\\/\\\/www.markt-kom.com\\\/wp-content\\\/uploads\\\/2025\\\/03\\\/Beyond-Dreams-Lymbus-Designnow-250310_Launch.jpg\",\"datePublished\":\"2025-03-14T07:00:30+00:00\",\"description\":\"Lymbus & Designnow starten \u201eBeyond Dreams\u201c: KI-gest\u00fctzte Design-, Foto- & Video-Produktionen f\u00fcr Unternehmen. Jetzt entdecken!\",\"breadcrumb\":{\"@id\":\"https:\\\/\\\/www.organisator.ch\\\/marketing\\\/2025-03-14\\\/lymbus-und-designnow-lancieren-beyond-dreams\\\/#breadcrumb\"},\"inLanguage\":\"fr-FR\",\"potentialAction\":[{\"@type\":\"ReadAction\",\"target\":[\"https:\\\/\\\/www.organisator.ch\\\/marketing\\\/2025-03-14\\\/lymbus-und-designnow-lancieren-beyond-dreams\\\/\"]}]},{\"@type\":\"ImageObject\",\"inLanguage\":\"fr-FR\",\"@id\":\"https:\\\/\\\/www.organisator.ch\\\/marketing\\\/2025-03-14\\\/lymbus-und-designnow-lancieren-beyond-dreams\\\/#primaryimage\",\"url\":\"https:\\\/\\\/www.markt-kom.com\\\/wp-content\\\/uploads\\\/2025\\\/03\\\/Beyond-Dreams-Lymbus-Designnow-250310_Launch.jpg\",\"contentUrl\":\"https:\\\/\\\/www.markt-kom.com\\\/wp-content\\\/uploads\\\/2025\\\/03\\\/Beyond-Dreams-Lymbus-Designnow-250310_Launch.jpg\"},{\"@type\":\"BreadcrumbList\",\"@id\":\"https:\\\/\\\/www.organisator.ch\\\/marketing\\\/2025-03-14\\\/lymbus-und-designnow-lancieren-beyond-dreams\\\/#breadcrumb\",\"itemListElement\":[{\"@type\":\"ListItem\",\"position\":1,\"name\":\"Home\",\"item\":\"https:\\\/\\\/www.organisator.ch\\\/\"},{\"@type\":\"ListItem\",\"position\":2,\"name\":\"Lymbus und Designnow lancieren \u00abBeyond Dreams\u00bb\"}]},{\"@type\":\"WebSite\",\"@id\":\"https:\\\/\\\/www.organisator.ch\\\/#website\",\"url\":\"https:\\\/\\\/www.organisator.ch\\\/\",\"name\":\"Organisator\",\"description\":\"Kompetent. Praxisnah. Der ORGANISATOR bereitet in 10 Ausgaben pro Jahr die wesentlichen Themen f\u00fcr F\u00fchrungskr\u00e4fte von KMU auf.\",\"publisher\":{\"@id\":\"https:\\\/\\\/www.organisator.ch\\\/#organization\"},\"potentialAction\":[{\"@type\":\"SearchAction\",\"target\":{\"@type\":\"EntryPoint\",\"urlTemplate\":\"https:\\\/\\\/www.organisator.ch\\\/?s={search_term_string}\"},\"query-input\":{\"@type\":\"PropertyValueSpecification\",\"valueRequired\":true,\"valueName\":\"search_term_string\"}}],\"inLanguage\":\"fr-FR\"},{\"@type\":\"Organization\",\"@id\":\"https:\\\/\\\/www.organisator.ch\\\/#organization\",\"name\":\"Organisator\",\"url\":\"https:\\\/\\\/www.organisator.ch\\\/\",\"logo\":{\"@type\":\"ImageObject\",\"inLanguage\":\"fr-FR\",\"@id\":\"https:\\\/\\\/www.organisator.ch\\\/#\\\/schema\\\/logo\\\/image\\\/\",\"url\":\"https:\\\/\\\/www.organisator.ch\\\/wp-content\\\/uploads\\\/2022\\\/01\\\/Logo_Organisator_Website.png\",\"contentUrl\":\"https:\\\/\\\/www.organisator.ch\\\/wp-content\\\/uploads\\\/2022\\\/01\\\/Logo_Organisator_Website.png\",\"width\":800,\"height\":77,\"caption\":\"Organisator\"},\"image\":{\"@id\":\"https:\\\/\\\/www.organisator.ch\\\/#\\\/schema\\\/logo\\\/image\\\/\"},\"sameAs\":[\"https:\\\/\\\/www.facebook.com\\\/OrganisatorFachmagazin\",\"https:\\\/\\\/www.linkedin.com\\\/showcase\\\/organisator-das-magazin-fr-kmu\",\"https:\\\/\\\/www.xing.com\\\/news\\\/pages\\\/organisator-ch-695\",\"https:\\\/\\\/www.youtube.com\\\/channel\\\/UCGP2Sq0iWaZwT3BdIAQFYpw\"]},{\"@type\":\"Person\",\"@id\":\"https:\\\/\\\/www.organisator.ch\\\/#\\\/schema\\\/person\\\/4e51799071cd2dd1232ac003643ef5f0\",\"name\":\"galledia\",\"image\":{\"@type\":\"ImageObject\",\"inLanguage\":\"fr-FR\",\"@id\":\"https:\\\/\\\/secure.gravatar.com\\\/avatar\\\/78a7f90c01fc2bfc875782a0d4922b37cde2cf184ce347b91316d23cd7f69a36?s=96&d=mm&r=g\",\"url\":\"https:\\\/\\\/secure.gravatar.com\\\/avatar\\\/78a7f90c01fc2bfc875782a0d4922b37cde2cf184ce347b91316d23cd7f69a36?s=96&d=mm&r=g\",\"contentUrl\":\"https:\\\/\\\/secure.gravatar.com\\\/avatar\\\/78a7f90c01fc2bfc875782a0d4922b37cde2cf184ce347b91316d23cd7f69a36?s=96&d=mm&r=g\",\"caption\":\"galledia\"},\"sameAs\":[\"https:\\\/\\\/x.com\\\/admin\"],\"url\":\"https:\\\/\\\/www.organisator.ch\\\/fr\\\/author\\\/galledia\\\/\"}]}<\/script>\n<!-- \/ Yoast SEO plugin. -->","yoast_head_json":{"title":"Lymbus et Designnow lancent \"Beyond Dreams\" - Organisateur","description":"Lymbus &amp; Designnow lancent \"Beyond Dreams\" : des productions de design, de photos &amp; de vid\u00e9os bas\u00e9es sur l'IA pour les entreprises. D\u00e9couvrez-le maintenant !","robots":{"index":"index","follow":"follow","max-snippet":"max-snippet:-1","max-image-preview":"max-image-preview:large","max-video-preview":"max-video-preview:-1"},"canonical":"https:\/\/www.organisator.ch\/fr\/marketing\/2025-03-14\/lymbus-und-designnow-lancieren-beyond-dreams\/","og_locale":"fr_FR","og_type":"article","og_title":"Lymbus und Designnow lancieren \u00abBeyond Dreams\u00bb - Organisator","og_description":"Lymbus & Designnow starten \u201eBeyond Dreams\u201c: KI-gest\u00fctzte Design-, Foto- & Video-Produktionen f\u00fcr Unternehmen. Jetzt entdecken!","og_url":"https:\/\/www.organisator.ch\/fr\/marketing\/2025-03-14\/lymbus-und-designnow-lancieren-beyond-dreams\/","og_site_name":"Organisator","article_publisher":"https:\/\/www.facebook.com\/OrganisatorFachmagazin","article_published_time":"2025-03-14T07:00:30+00:00","author":"galledia","twitter_card":"summary_large_image","twitter_creator":"@admin","schema":{"@context":"https:\/\/schema.org","@graph":[{"@type":"Article","@id":"https:\/\/www.organisator.ch\/marketing\/2025-03-14\/lymbus-und-designnow-lancieren-beyond-dreams\/#article","isPartOf":{"@id":"https:\/\/www.organisator.ch\/marketing\/2025-03-14\/lymbus-und-designnow-lancieren-beyond-dreams\/"},"author":{"name":"galledia","@id":"https:\/\/www.organisator.ch\/#\/schema\/person\/4e51799071cd2dd1232ac003643ef5f0"},"headline":"Lymbus und Designnow lancieren \u00abBeyond Dreams\u00bb","datePublished":"2025-03-14T07:00:30+00:00","mainEntityOfPage":{"@id":"https:\/\/www.organisator.ch\/marketing\/2025-03-14\/lymbus-und-designnow-lancieren-beyond-dreams\/"},"wordCount":166,"publisher":{"@id":"https:\/\/www.organisator.ch\/#organization"},"image":{"@id":"https:\/\/www.organisator.ch\/marketing\/2025-03-14\/lymbus-und-designnow-lancieren-beyond-dreams\/#primaryimage"},"thumbnailUrl":"https:\/\/www.markt-kom.com\/wp-content\/uploads\/2025\/03\/Beyond-Dreams-Lymbus-Designnow-250310_Launch.jpg","keywords":["Beyond Dreams","Business","Designnow","K\u00fcnstliche Intelligenz","Lymbus"],"articleSection":["MARKETING"],"inLanguage":"fr-FR"},{"@type":"WebPage","@id":"https:\/\/www.organisator.ch\/marketing\/2025-03-14\/lymbus-und-designnow-lancieren-beyond-dreams\/","url":"https:\/\/www.organisator.ch\/marketing\/2025-03-14\/lymbus-und-designnow-lancieren-beyond-dreams\/","name":"Lymbus et Designnow lancent \"Beyond Dreams\" - Organisateur","isPartOf":{"@id":"https:\/\/www.organisator.ch\/#website"},"primaryImageOfPage":{"@id":"https:\/\/www.organisator.ch\/marketing\/2025-03-14\/lymbus-und-designnow-lancieren-beyond-dreams\/#primaryimage"},"image":{"@id":"https:\/\/www.organisator.ch\/marketing\/2025-03-14\/lymbus-und-designnow-lancieren-beyond-dreams\/#primaryimage"},"thumbnailUrl":"https:\/\/www.markt-kom.com\/wp-content\/uploads\/2025\/03\/Beyond-Dreams-Lymbus-Designnow-250310_Launch.jpg","datePublished":"2025-03-14T07:00:30+00:00","description":"Lymbus &amp; Designnow lancent \"Beyond Dreams\" : des productions de design, de photos &amp; de vid\u00e9os bas\u00e9es sur l'IA pour les entreprises. D\u00e9couvrez-le maintenant !","breadcrumb":{"@id":"https:\/\/www.organisator.ch\/marketing\/2025-03-14\/lymbus-und-designnow-lancieren-beyond-dreams\/#breadcrumb"},"inLanguage":"fr-FR","potentialAction":[{"@type":"ReadAction","target":["https:\/\/www.organisator.ch\/marketing\/2025-03-14\/lymbus-und-designnow-lancieren-beyond-dreams\/"]}]},{"@type":"ImageObject","inLanguage":"fr-FR","@id":"https:\/\/www.organisator.ch\/marketing\/2025-03-14\/lymbus-und-designnow-lancieren-beyond-dreams\/#primaryimage","url":"https:\/\/www.markt-kom.com\/wp-content\/uploads\/2025\/03\/Beyond-Dreams-Lymbus-Designnow-250310_Launch.jpg","contentUrl":"https:\/\/www.markt-kom.com\/wp-content\/uploads\/2025\/03\/Beyond-Dreams-Lymbus-Designnow-250310_Launch.jpg"},{"@type":"BreadcrumbList","@id":"https:\/\/www.organisator.ch\/marketing\/2025-03-14\/lymbus-und-designnow-lancieren-beyond-dreams\/#breadcrumb","itemListElement":[{"@type":"ListItem","position":1,"name":"Home","item":"https:\/\/www.organisator.ch\/"},{"@type":"ListItem","position":2,"name":"Lymbus und Designnow lancieren \u00abBeyond Dreams\u00bb"}]},{"@type":"WebSite","@id":"https:\/\/www.organisator.ch\/#website","url":"https:\/\/www.organisator.ch\/","name":"Organisateur","description":"Comp\u00e9tence et comp\u00e9tence. Proches de la pratique. L'ORGANISATEUR pr\u00e9pare 10 num\u00e9ros par an sur les th\u00e8mes essentiels pour les dirigeants de PME.","publisher":{"@id":"https:\/\/www.organisator.ch\/#organization"},"potentialAction":[{"@type":"SearchAction","target":{"@type":"EntryPoint","urlTemplate":"https:\/\/www.organisator.ch\/?s={search_term_string}"},"query-input":{"@type":"PropertyValueSpecification","valueRequired":true,"valueName":"search_term_string"}}],"inLanguage":"fr-FR"},{"@type":"Organization","@id":"https:\/\/www.organisator.ch\/#organization","name":"Organisateur","url":"https:\/\/www.organisator.ch\/","logo":{"@type":"ImageObject","inLanguage":"fr-FR","@id":"https:\/\/www.organisator.ch\/#\/schema\/logo\/image\/","url":"https:\/\/www.organisator.ch\/wp-content\/uploads\/2022\/01\/Logo_Organisator_Website.png","contentUrl":"https:\/\/www.organisator.ch\/wp-content\/uploads\/2022\/01\/Logo_Organisator_Website.png","width":800,"height":77,"caption":"Organisator"},"image":{"@id":"https:\/\/www.organisator.ch\/#\/schema\/logo\/image\/"},"sameAs":["https:\/\/www.facebook.com\/OrganisatorFachmagazin","https:\/\/www.linkedin.com\/showcase\/organisator-das-magazin-fr-kmu","https:\/\/www.xing.com\/news\/pages\/organisator-ch-695","https:\/\/www.youtube.com\/channel\/UCGP2Sq0iWaZwT3BdIAQFYpw"]},{"@type":"Person","@id":"https:\/\/www.organisator.ch\/#\/schema\/person\/4e51799071cd2dd1232ac003643ef5f0","name":"galledia","image":{"@type":"ImageObject","inLanguage":"fr-FR","@id":"https:\/\/secure.gravatar.com\/avatar\/78a7f90c01fc2bfc875782a0d4922b37cde2cf184ce347b91316d23cd7f69a36?s=96&d=mm&r=g","url":"https:\/\/secure.gravatar.com\/avatar\/78a7f90c01fc2bfc875782a0d4922b37cde2cf184ce347b91316d23cd7f69a36?s=96&d=mm&r=g","contentUrl":"https:\/\/secure.gravatar.com\/avatar\/78a7f90c01fc2bfc875782a0d4922b37cde2cf184ce347b91316d23cd7f69a36?s=96&d=mm&r=g","caption":"galledia"},"sameAs":["https:\/\/x.com\/admin"],"url":"https:\/\/www.organisator.ch\/fr\/author\/galledia\/"}]}},"_links":{"self":[{"href":"https:\/\/www.organisator.ch\/fr\/wp-json\/wp\/v2\/posts\/36882","targetHints":{"allow":["GET"]}}],"collection":[{"href":"https:\/\/www.organisator.ch\/fr\/wp-json\/wp\/v2\/posts"}],"about":[{"href":"https:\/\/www.organisator.ch\/fr\/wp-json\/wp\/v2\/types\/post"}],"author":[{"embeddable":true,"href":"https:\/\/www.organisator.ch\/fr\/wp-json\/wp\/v2\/users\/8"}],"replies":[{"embeddable":true,"href":"https:\/\/www.organisator.ch\/fr\/wp-json\/wp\/v2\/comments?post=36882"}],"version-history":[{"count":6,"href":"https:\/\/www.organisator.ch\/fr\/wp-json\/wp\/v2\/posts\/36882\/revisions"}],"predecessor-version":[{"id":36895,"href":"https:\/\/www.organisator.ch\/fr\/wp-json\/wp\/v2\/posts\/36882\/revisions\/36895"}],"wp:attachment":[{"href":"https:\/\/www.organisator.ch\/fr\/wp-json\/wp\/v2\/media?parent=36882"}],"wp:term":[{"taxonomy":"category","embeddable":true,"href":"https:\/\/www.organisator.ch\/fr\/wp-json\/wp\/v2\/categories?post=36882"},{"taxonomy":"post_tag","embeddable":true,"href":"https:\/\/www.organisator.ch\/fr\/wp-json\/wp\/v2\/tags?post=36882"}],"curies":[{"name":"wp","href":"https:\/\/api.w.org\/{rel}","templated":true}]}}