{"id":3689,"date":"2018-06-11T09:29:27","date_gmt":"2018-06-11T07:29:27","guid":{"rendered":"https:\/\/www.organisator.ch\/?p=3689"},"modified":"2018-06-11T09:29:27","modified_gmt":"2018-06-11T07:29:27","slug":"alles-im-griff-mit-der-eu-dsgvo","status":"publish","type":"post","link":"https:\/\/www.organisator.ch\/fr\/management\/2018-06-11\/alles-im-griff-mit-der-eu-dsgvo\/","title":{"rendered":"Tout est sous contr\u00f4le avec le RGPD de l'UE ?"},"content":{"rendered":"<figure id=\"attachment_3771\" aria-describedby=\"caption-attachment-3771\" style=\"width: 640px\" class=\"wp-caption alignnone\"><img loading=\"lazy\" decoding=\"async\" class=\"size-full wp-image-3771\" src=\"https:\/\/www.organisator.ch\/wp-content\/uploads\/2018\/06\/Alles-im-Griff-mit-der-EU-DSGVO_Organisator.jpg\" alt=\"\" width=\"640\" height=\"480\" srcset=\"https:\/\/www.organisator.ch\/wp-content\/uploads\/2018\/06\/Alles-im-Griff-mit-der-EU-DSGVO_Organisator.jpg 640w, https:\/\/www.organisator.ch\/wp-content\/uploads\/2018\/06\/Alles-im-Griff-mit-der-EU-DSGVO_Organisator-16x12.jpg 16w, https:\/\/www.organisator.ch\/wp-content\/uploads\/2018\/06\/Alles-im-Griff-mit-der-EU-DSGVO_Organisator-233x175.jpg 233w, https:\/\/www.organisator.ch\/wp-content\/uploads\/2018\/06\/Alles-im-Griff-mit-der-EU-DSGVO_Organisator-467x350.jpg 467w, https:\/\/www.organisator.ch\/wp-content\/uploads\/2018\/06\/Alles-im-Griff-mit-der-EU-DSGVO_Organisator-300x225.jpg 300w\" sizes=\"auto, (max-width: 640px) 100vw, 640px\" \/><figcaption id=\"caption-attachment-3771\" class=\"wp-caption-text\">Quels efforts les PME suisses ont-elles d\u00fb fournir en mati\u00e8re de RGPD de l'UE ? (Image : Fotolia.com)<\/figcaption><\/figure>\n<p>Le RGPD de l'UE a avant tout un objectif : mieux prot\u00e9ger les donn\u00e9es personnelles des clients contre les abus et accorder plus de droits aux utilisateurs. Les l\u00e9gislateurs de l'UE visent avant tout les tr\u00e8s grands \"collecteurs de donn\u00e9es\" comme Google, Amazon, Facebook, etc. Mais toutes les entreprises qui traitent et stockent des donn\u00e9es personnelles sous une forme ou une autre sont concern\u00e9es, et les lois sont implacables dans ce domaine.<\/p>\n<h2><strong>Beaucoup d'efforts<\/strong><\/h2>\n<p>Partout, y compris en Suisse, on entend dire que le RGPD de l'UE a surtout entra\u00een\u00e9 un surcro\u00eet de travail. En effet, m\u00eame les entreprises de la \"petite\" Suisse ont d\u00fb faire face au \"Moloch\" du RGPD europ\u00e9en, ce qui s'est traduit ces derni\u00e8res semaines par d'innombrables e-mails demandant de confirmer ou de renouveler des donn\u00e9es personnelles. En effet, le nouveau r\u00e8glement stipule que les donn\u00e9es \u00e0 caract\u00e8re personnel ne peuvent \u00eatre enregistr\u00e9es qu'avec un consentement explicite. Ce sont surtout les entreprises disposant de vastes ensembles de donn\u00e9es, y compris celles qui ont \u00e9t\u00e9 stock\u00e9es pendant des ann\u00e9es mais qui n'ont pratiquement plus \u00e9t\u00e9 utilis\u00e9es, qui ont eu plus de travail. Elles ont donc d\u00fb demander une nouvelle fois le consentement de tous les destinataires. De nombreux utilisateurs ont saisi l'occasion pour dire d\u00e9finitivement adieu \u00e0 la base de donn\u00e9es de l'exp\u00e9diteur. Pour les sp\u00e9cialistes du marketing par e-mail, ce re-opt-in \u00e9tait donc une \u00e9p\u00e9e \u00e0 double tranchant : d'un c\u00f4t\u00e9, ils couraient le risque de perdre plus ou moins d\u00e9finitivement de nombreux destinataires, mais d'un autre c\u00f4t\u00e9, la qualit\u00e9 de la base de donn\u00e9es augmentait : celui qui r\u00e9pond positivement au re-opt-in montre clairement qu'il veut continuer \u00e0 recevoir des informations et donc faire partie du groupe cible. Selon les experts, ce re-opt-in n'aurait toutefois pas \u00e9t\u00e9 absolument n\u00e9cessaire : Celui qui a d\u00e9j\u00e0 demand\u00e9 des donn\u00e9es par opt-in est d\u00e9j\u00e0 du c\u00f4t\u00e9 de la s\u00e9curit\u00e9 selon le RGPD.<\/p>\n<h2><strong>Prot\u00e9ger les citoyens de l'UE \u00e0 l'\u00e9chelle mondiale<\/strong><\/h2>\n<p>Deux crit\u00e8res sont d\u00e9terminants pour l'applicabilit\u00e9 du RGPD de l'UE aux entreprises suisses : d'une part le lieu d'\u00e9tablissement, d'autre part le march\u00e9 cible. Ainsi, si une boutique en ligne \u00e9tablie en Suisse propose ou vend des marchandises \u00e0 des personnes r\u00e9sidant dans un pays de l'UE, elle entre dans le champ d'application du RGPD. Cela concerne \u00e9galement de nombreuses mesures publicitaires. Le l\u00e9gislateur se concentre surtout sur la publicit\u00e9 dite comportementale. Si, par exemple, un exploitant d'h\u00f4tel suisse \u00e9tablit des profils de ses clients de l'UE afin de pouvoir leur proposer de nouvelles offres \"sur mesure\", cela tombe \u00e9galement sous le coup du RGPD \"dans la mesure o\u00f9 le profil est \u00e9tabli sur la base d'un comportement dans l'UE\", comme l'indique un document d'information du Pr\u00e9pos\u00e9 f\u00e9d\u00e9ral \u00e0 la protection des donn\u00e9es et \u00e0 la transparence (PFPDT). Le RGPD devrait \u00e9galement s'appliquer au cas o\u00f9 l'exploitant d'un site web utilise le webtracking pour obtenir des conclusions sur les pr\u00e9f\u00e9rences de produits ou autres sur la base du comportement de navigation des utilisateurs. Cela signifie que les sites web doivent d'abord demander aux visiteurs s'ils sont d'accord pour utiliser des cookies. Car ce sont eux qui permettent le tracking.<\/p>\n<h2><strong>Un nettoyage des donn\u00e9es attendu depuis longtemps<\/strong><\/h2>\n<p>Les entreprises que nous avons interrog\u00e9es semblent avoir fait leurs devoirs. C'\u00e9tait un effort, mais l'effet positif est sans doute le suivant : maintenant \"l'ordre r\u00e8gne dans l'\u00e9curie\" sous la forme d'une base de donn\u00e9es interne \u00e9pur\u00e9e sans \"cadavres de fichiers\". Et l'on peut \u00e0 tout moment informer les clients des donn\u00e9es que l'on a enregistr\u00e9es \u00e0 leur sujet et l'on est tenu de les effacer sur demande - \u00e0 moins qu'un droit sup\u00e9rieur ne s'y oppose.<\/p>\n<p>Et que se passe-t-il en cas de non-respect du RGPD de l'UE ? Les menaces de sanctions sont \u00e0 prendre au s\u00e9rieux. Mais ceux qui ont toujours trait\u00e9 les donn\u00e9es personnelles en toute confiance ne devraient pas avoir grand-chose \u00e0 craindre de ces menaces de sanctions. Il reste de toute fa\u00e7on \u00e0 voir quelle sera la jurisprudence effective et si une avalanche de proc\u00e8s se produira. D\u00e8s que les premiers jugements seront rendus, on verra si l'on doit r\u00e9ajuster ses propres processus de donn\u00e9es et sous quelle forme.<\/p>\n<h2><strong>\"Mes donn\u00e9es m'appartiennent\" <\/strong><\/h2>\n<p>Malgr\u00e9 toutes les critiques formul\u00e9es \u00e0 l'encontre du RGPD de l'UE - une r\u00e9vision de la loi suisse sur la protection des donn\u00e9es est, comme on le sait, \u00e9galement dans le pipeline et devrait encore une fois donner du travail -, il faut retenir ceci : L'utilisation des donn\u00e9es en tant que \"nouvelle monnaie\" n\u00e9cessite des r\u00e8gles du jeu universelles. Il est en fin de compte juste que chacun d'entre nous, qui diffuse quotidiennement ses donn\u00e9es via des canaux en ligne quasiment \"\u00e0 discr\u00e9tion\", puisse toujours avoir un aper\u00e7u de ce qui se passe avec ses informations personnelles. C'est comme si l'on consultait r\u00e9guli\u00e8rement l'\u00e9tat de son compte bancaire. Et qui ne prend pas soin de son argent ?<\/p>\n<h2>Comment les PME suisses se sont pench\u00e9es sur le RGPD de l'UE<\/h2>\n<p>Les PME suisses ont abord\u00e9 les exigences du RGPD de l'UE de mani\u00e8re diff\u00e9rente. Nous en avons parl\u00e9 avec Gaby St\u00e4heli, co-CEO de GRYPS Offertenportal AG \u00e0 Rapperswil, qui emploie 17 personnes.<\/p>\n<figure id=\"attachment_3691\" aria-describedby=\"caption-attachment-3691\" style=\"width: 680px\" class=\"wp-caption alignnone\"><img loading=\"lazy\" decoding=\"async\" class=\"size-medium wp-image-3691\" src=\"https:\/\/www.organisator.ch\/wp-content\/uploads\/2018\/05\/2018_06_Nachgefragt_Bild-Staeheli_1639951.jpg\" alt=\"\" width=\"680\" height=\"880\" \/><figcaption id=\"caption-attachment-3691\" class=\"wp-caption-text\">Gaby St\u00e4heli, Co-CEO de GRYPS Offertenportal AG. (Image : zVg)<\/figcaption><\/figure>\n<p><em>Madame St\u00e4heli, quelle charge de travail (suppl\u00e9mentaire) le RGPD de l'UE vous a-t-il impos\u00e9e jusqu'\u00e0 pr\u00e9sent de mani\u00e8re g\u00e9n\u00e9rale ?<\/em><\/p>\n<p>Gaby St\u00e4heli : Pour la pr\u00e9paration et la mise en \u0153uvre des t\u00e2ches les plus importantes jusqu'\u00e0 l'introduction, nous avons eu besoin d'environ 10 \u00e0 15 jours-personnes. Pour une entreprise de 17 personnes travaillant \u00e0 plein r\u00e9gime, cela repr\u00e9sente un surcro\u00eet de travail consid\u00e9rable. Nous nous attendons \u00e0 une charge de travail suppl\u00e9mentaire lorsque la Suisse suivra.<\/p>\n<p><em>O\u00f9, par exemple sur vos sites web, avez-vous d\u00fb proc\u00e9der aux adaptations les plus importantes ?<\/em><\/p>\n<p>La formulation de la d\u00e9claration de confidentialit\u00e9, qui est d\u00e9sormais beaucoup plus compl\u00e8te, et la conception de nos questionnaires en ligne. La d\u00e9finition des processus internes li\u00e9s aux futures demandes d'informations et \u00e0 l'effacement des donn\u00e9es a \u00e9galement demand\u00e9 beaucoup de travail.<\/p>\n<p><em>Comment garantissez-vous que les clients, par exemple, puissent exercer le \"droit \u00e0 l'oubli\" de leurs donn\u00e9es ?<\/em><\/p>\n<p>Un processus d\u00e9fini en interne est lanc\u00e9 d\u00e8s qu'un client demande ou veut faire effacer ses donn\u00e9es. Mais cela n'est possible que si cela ne va pas \u00e0 l'encontre du d\u00e9lai l\u00e9gal de conservation des donn\u00e9es pour les transactions des clients.<\/p>\n<p><em>De mani\u00e8re g\u00e9n\u00e9rale, comment assurez-vous la s\u00e9curit\u00e9 des donn\u00e9es \u00e0 caract\u00e8re personnel que vous g\u00e9rez ?<\/em><\/p>\n<p>Tous les syst\u00e8mes et serveurs sur lesquels se trouvent les donn\u00e9es des clients sont crypt\u00e9s. Ils se trouvent dans des centres de donn\u00e9es professionnels dont les normes de s\u00e9curit\u00e9 sont garanties \u00e9lev\u00e9es. Nos collaborateurs sont en outre form\u00e9s en cons\u00e9quence.<\/p>\n<p>&nbsp;<\/p>\n<p><em>Information : Vous trouverez d'autres interviews dans le <a href=\"https:\/\/www.organisator.ch\/abo-bestellung\/\">\u00c9dition papier ORGANISATEUR<\/a> 6-2018.<\/em><\/p>","protected":false},"excerpt":{"rendered":"<p>Die EU-DSGVO hat vor allem ein Ziel: Die personenbezogenen Daten von Kunden besser vor Missbrauch zu sch\u00fctzen und den Nutzern mehr Rechte zuzugestehen. Im Visier haben die EU-Gesetzgeber vor allem die ganz grossen \u00abDatensammler\u00bb wie Google, Amazon, Facebook etc. Betroffen sind aber \u2013 und da sind Gesetze nun mal unerbittlich \u2013 alle Unternehmen, die in [&hellip;]<\/p>\n","protected":false},"author":7,"featured_media":3771,"comment_status":"open","ping_status":"open","sticky":false,"template":"","format":"standard","meta":{"_acf_changed":false,"_yoast_wpseo_focuskw":"EU-DSGVO","_yoast_wpseo_metadesc":"Seit Ende Mai ist sie in Kraft, die europ\u00e4ische Datenschutz-Grundverordnung (EU-DSGVO). Auch wenn es sich hier um EU-Recht handelt, betrifft diese Regelung Schweizer Unternehmen durchaus. Wie haben sich KMU diesbez\u00fcglich ger\u00fcstet?","articlekey":"","footnotes":""},"categories":[28],"tags":[146,286,335,492],"class_list":["post-3689","post","type-post","status-publish","format-standard","has-post-thumbnail","hentry","category-management","tag-datenschutz","tag-it","tag-management-und-unternehmensfuehrung","tag-unternehmen"],"acf":[],"yoast_head":"<!-- This site is optimized with the Yoast SEO plugin v27.5 - https:\/\/yoast.com\/product\/yoast-seo-wordpress\/ -->\n<title>Alles im Griff mit der EU-DSGVO? - Organisator<\/title>\n<meta name=\"description\" content=\"Seit Ende Mai ist sie in Kraft, die europ\u00e4ische Datenschutz-Grundverordnung (EU-DSGVO). Auch wenn es sich hier um EU-Recht handelt, betrifft diese Regelung Schweizer Unternehmen durchaus. Wie haben sich KMU diesbez\u00fcglich ger\u00fcstet?\" \/>\n<meta name=\"robots\" content=\"index, follow, max-snippet:-1, max-image-preview:large, max-video-preview:-1\" \/>\n<link rel=\"canonical\" href=\"https:\/\/www.organisator.ch\/fr\/gestion-2\/2018-06-11\/alles-im-griff-mit-der-eu-dsgvo\/\" \/>\n<meta property=\"og:locale\" content=\"fr_FR\" \/>\n<meta property=\"og:type\" content=\"article\" \/>\n<meta property=\"og:title\" content=\"Alles im Griff mit der EU-DSGVO?\" \/>\n<meta property=\"og:description\" content=\"Seit Ende Mai ist sie in Kraft, die europ\u00e4ische Datenschutz-Grundverordnung (#EU-DSGVO). Auch wenn es sich hier um #EU-Recht handelt, betrifft diese Regelung Schweizer Unternehmen durchaus. Wie haben sich KMU diesbez\u00fcglich ger\u00fcstet?\" \/>\n<meta property=\"og:url\" content=\"https:\/\/www.organisator.ch\/fr\/gestion-2\/2018-06-11\/alles-im-griff-mit-der-eu-dsgvo\/\" \/>\n<meta property=\"og:site_name\" content=\"Organisator\" \/>\n<meta property=\"article:publisher\" content=\"https:\/\/www.facebook.com\/OrganisatorFachmagazin\" \/>\n<meta property=\"article:published_time\" content=\"2018-06-11T07:29:27+00:00\" \/>\n<meta property=\"og:image\" content=\"https:\/\/www.organisator.ch\/wp-content\/uploads\/2018\/06\/Alles-im-Griff-mit-der-EU-DSGVO_Organisator.jpg\" \/>\n\t<meta property=\"og:image:width\" content=\"640\" \/>\n\t<meta property=\"og:image:height\" content=\"480\" \/>\n\t<meta property=\"og:image:type\" content=\"image\/jpeg\" \/>\n<meta name=\"author\" content=\"K4-Import\" \/>\n<meta name=\"twitter:card\" content=\"summary_large_image\" \/>\n<meta name=\"twitter:title\" content=\"Alles im Griff mit der #EU-DSGVO?\" \/>\n<meta name=\"twitter:description\" content=\"Seit Ende Mai ist sie in Kraft, die europ\u00e4ische Datenschutz-Grundverordnung (#EU-DSGVO). Auch wenn es sich hier um #EU-Recht handelt, betrifft diese Regelung Schweizer Unternehmen durchaus. Wie haben sich KMU diesbez\u00fcglich ger\u00fcstet?\" \/>\n<meta name=\"twitter:image\" content=\"https:\/\/www.organisator.ch\/wp-content\/uploads\/2018\/06\/Alles-im-Griff-mit-der-EU-DSGVO_Organisator.jpg\" \/>\n<script type=\"application\/ld+json\" class=\"yoast-schema-graph\">{\"@context\":\"https:\\\/\\\/schema.org\",\"@graph\":[{\"@type\":\"Article\",\"@id\":\"https:\\\/\\\/www.organisator.ch\\\/management\\\/2018-06-11\\\/alles-im-griff-mit-der-eu-dsgvo\\\/#article\",\"isPartOf\":{\"@id\":\"https:\\\/\\\/www.organisator.ch\\\/management\\\/2018-06-11\\\/alles-im-griff-mit-der-eu-dsgvo\\\/\"},\"author\":{\"name\":\"K4-Import\",\"@id\":\"https:\\\/\\\/www.organisator.ch\\\/#\\\/schema\\\/person\\\/dd8ffea01043c9c41d7718296a158fac\"},\"headline\":\"Alles im Griff mit der EU-DSGVO?\",\"datePublished\":\"2018-06-11T07:29:27+00:00\",\"mainEntityOfPage\":{\"@id\":\"https:\\\/\\\/www.organisator.ch\\\/management\\\/2018-06-11\\\/alles-im-griff-mit-der-eu-dsgvo\\\/\"},\"wordCount\":1010,\"commentCount\":0,\"publisher\":{\"@id\":\"https:\\\/\\\/www.organisator.ch\\\/#organization\"},\"image\":{\"@id\":\"https:\\\/\\\/www.organisator.ch\\\/management\\\/2018-06-11\\\/alles-im-griff-mit-der-eu-dsgvo\\\/#primaryimage\"},\"thumbnailUrl\":\"https:\\\/\\\/www.organisator.ch\\\/wp-content\\\/uploads\\\/2018\\\/06\\\/Alles-im-Griff-mit-der-EU-DSGVO_Organisator.jpg\",\"keywords\":[\"Datenschutz\",\"IT\",\"Management und Unternehmensf\u00fchrung\",\"Unternehmen\"],\"articleSection\":[\"MANAGEMENT\"],\"inLanguage\":\"fr-FR\"},{\"@type\":\"WebPage\",\"@id\":\"https:\\\/\\\/www.organisator.ch\\\/management\\\/2018-06-11\\\/alles-im-griff-mit-der-eu-dsgvo\\\/\",\"url\":\"https:\\\/\\\/www.organisator.ch\\\/management\\\/2018-06-11\\\/alles-im-griff-mit-der-eu-dsgvo\\\/\",\"name\":\"Alles im Griff mit der EU-DSGVO? - Organisator\",\"isPartOf\":{\"@id\":\"https:\\\/\\\/www.organisator.ch\\\/#website\"},\"primaryImageOfPage\":{\"@id\":\"https:\\\/\\\/www.organisator.ch\\\/management\\\/2018-06-11\\\/alles-im-griff-mit-der-eu-dsgvo\\\/#primaryimage\"},\"image\":{\"@id\":\"https:\\\/\\\/www.organisator.ch\\\/management\\\/2018-06-11\\\/alles-im-griff-mit-der-eu-dsgvo\\\/#primaryimage\"},\"thumbnailUrl\":\"https:\\\/\\\/www.organisator.ch\\\/wp-content\\\/uploads\\\/2018\\\/06\\\/Alles-im-Griff-mit-der-EU-DSGVO_Organisator.jpg\",\"datePublished\":\"2018-06-11T07:29:27+00:00\",\"description\":\"Seit Ende Mai ist sie in Kraft, die europ\u00e4ische Datenschutz-Grundverordnung (EU-DSGVO). Auch wenn es sich hier um EU-Recht handelt, betrifft diese Regelung Schweizer Unternehmen durchaus. Wie haben sich KMU diesbez\u00fcglich ger\u00fcstet?\",\"breadcrumb\":{\"@id\":\"https:\\\/\\\/www.organisator.ch\\\/management\\\/2018-06-11\\\/alles-im-griff-mit-der-eu-dsgvo\\\/#breadcrumb\"},\"inLanguage\":\"fr-FR\",\"potentialAction\":[{\"@type\":\"ReadAction\",\"target\":[\"https:\\\/\\\/www.organisator.ch\\\/management\\\/2018-06-11\\\/alles-im-griff-mit-der-eu-dsgvo\\\/\"]}]},{\"@type\":\"ImageObject\",\"inLanguage\":\"fr-FR\",\"@id\":\"https:\\\/\\\/www.organisator.ch\\\/management\\\/2018-06-11\\\/alles-im-griff-mit-der-eu-dsgvo\\\/#primaryimage\",\"url\":\"https:\\\/\\\/www.organisator.ch\\\/wp-content\\\/uploads\\\/2018\\\/06\\\/Alles-im-Griff-mit-der-EU-DSGVO_Organisator.jpg\",\"contentUrl\":\"https:\\\/\\\/www.organisator.ch\\\/wp-content\\\/uploads\\\/2018\\\/06\\\/Alles-im-Griff-mit-der-EU-DSGVO_Organisator.jpg\",\"width\":640,\"height\":480,\"caption\":\"Welchen Aufwand haben Schweizer KMU in Sachen EU-DSGVO betreiben m\u00fcssen? (Bild: Fotolia.com)\"},{\"@type\":\"BreadcrumbList\",\"@id\":\"https:\\\/\\\/www.organisator.ch\\\/management\\\/2018-06-11\\\/alles-im-griff-mit-der-eu-dsgvo\\\/#breadcrumb\",\"itemListElement\":[{\"@type\":\"ListItem\",\"position\":1,\"name\":\"Home\",\"item\":\"https:\\\/\\\/www.organisator.ch\\\/\"},{\"@type\":\"ListItem\",\"position\":2,\"name\":\"Alles im Griff mit der EU-DSGVO?\"}]},{\"@type\":\"WebSite\",\"@id\":\"https:\\\/\\\/www.organisator.ch\\\/#website\",\"url\":\"https:\\\/\\\/www.organisator.ch\\\/\",\"name\":\"Organisator\",\"description\":\"Kompetent. Praxisnah. Der ORGANISATOR bereitet in 10 Ausgaben pro Jahr die wesentlichen Themen f\u00fcr F\u00fchrungskr\u00e4fte von KMU auf.\",\"publisher\":{\"@id\":\"https:\\\/\\\/www.organisator.ch\\\/#organization\"},\"potentialAction\":[{\"@type\":\"SearchAction\",\"target\":{\"@type\":\"EntryPoint\",\"urlTemplate\":\"https:\\\/\\\/www.organisator.ch\\\/?s={search_term_string}\"},\"query-input\":{\"@type\":\"PropertyValueSpecification\",\"valueRequired\":true,\"valueName\":\"search_term_string\"}}],\"inLanguage\":\"fr-FR\"},{\"@type\":\"Organization\",\"@id\":\"https:\\\/\\\/www.organisator.ch\\\/#organization\",\"name\":\"Organisator\",\"url\":\"https:\\\/\\\/www.organisator.ch\\\/\",\"logo\":{\"@type\":\"ImageObject\",\"inLanguage\":\"fr-FR\",\"@id\":\"https:\\\/\\\/www.organisator.ch\\\/#\\\/schema\\\/logo\\\/image\\\/\",\"url\":\"https:\\\/\\\/www.organisator.ch\\\/wp-content\\\/uploads\\\/2022\\\/01\\\/Logo_Organisator_Website.png\",\"contentUrl\":\"https:\\\/\\\/www.organisator.ch\\\/wp-content\\\/uploads\\\/2022\\\/01\\\/Logo_Organisator_Website.png\",\"width\":800,\"height\":77,\"caption\":\"Organisator\"},\"image\":{\"@id\":\"https:\\\/\\\/www.organisator.ch\\\/#\\\/schema\\\/logo\\\/image\\\/\"},\"sameAs\":[\"https:\\\/\\\/www.facebook.com\\\/OrganisatorFachmagazin\",\"https:\\\/\\\/www.linkedin.com\\\/showcase\\\/organisator-das-magazin-fr-kmu\",\"https:\\\/\\\/www.xing.com\\\/news\\\/pages\\\/organisator-ch-695\",\"https:\\\/\\\/www.youtube.com\\\/channel\\\/UCGP2Sq0iWaZwT3BdIAQFYpw\"]},{\"@type\":\"Person\",\"@id\":\"https:\\\/\\\/www.organisator.ch\\\/#\\\/schema\\\/person\\\/dd8ffea01043c9c41d7718296a158fac\",\"name\":\"K4-Import\",\"image\":{\"@type\":\"ImageObject\",\"inLanguage\":\"fr-FR\",\"@id\":\"https:\\\/\\\/secure.gravatar.com\\\/avatar\\\/73620ab7215a54b074cc226514e02ed65cb79211bbaee1eb49b63b57e58aaad6?s=96&d=mm&r=g\",\"url\":\"https:\\\/\\\/secure.gravatar.com\\\/avatar\\\/73620ab7215a54b074cc226514e02ed65cb79211bbaee1eb49b63b57e58aaad6?s=96&d=mm&r=g\",\"contentUrl\":\"https:\\\/\\\/secure.gravatar.com\\\/avatar\\\/73620ab7215a54b074cc226514e02ed65cb79211bbaee1eb49b63b57e58aaad6?s=96&d=mm&r=g\",\"caption\":\"K4-Import\"},\"url\":\"https:\\\/\\\/www.organisator.ch\\\/fr\\\/author\\\/k4-import\\\/\"}]}<\/script>\n<!-- \/ Yoast SEO plugin. -->","yoast_head_json":{"title":"Tout est sous contr\u00f4le avec le RGPD de l'UE ? - Organisateur","description":"Il est en vigueur depuis fin mai, le r\u00e8glement g\u00e9n\u00e9ral europ\u00e9en sur la protection des donn\u00e9es (RGPD). M\u00eame s'il s'agit du droit de l'UE, cette r\u00e9glementation concerne tout \u00e0 fait les entreprises suisses. Comment les PME se sont-elles pr\u00e9par\u00e9es \u00e0 cet \u00e9gard ?","robots":{"index":"index","follow":"follow","max-snippet":"max-snippet:-1","max-image-preview":"max-image-preview:large","max-video-preview":"max-video-preview:-1"},"canonical":"https:\/\/www.organisator.ch\/fr\/gestion-2\/2018-06-11\/alles-im-griff-mit-der-eu-dsgvo\/","og_locale":"fr_FR","og_type":"article","og_title":"Alles im Griff mit der EU-DSGVO?","og_description":"Seit Ende Mai ist sie in Kraft, die europ\u00e4ische Datenschutz-Grundverordnung (#EU-DSGVO). Auch wenn es sich hier um #EU-Recht handelt, betrifft diese Regelung Schweizer Unternehmen durchaus. Wie haben sich KMU diesbez\u00fcglich ger\u00fcstet?","og_url":"https:\/\/www.organisator.ch\/fr\/gestion-2\/2018-06-11\/alles-im-griff-mit-der-eu-dsgvo\/","og_site_name":"Organisator","article_publisher":"https:\/\/www.facebook.com\/OrganisatorFachmagazin","article_published_time":"2018-06-11T07:29:27+00:00","og_image":[{"width":640,"height":480,"url":"https:\/\/www.organisator.ch\/wp-content\/uploads\/2018\/06\/Alles-im-Griff-mit-der-EU-DSGVO_Organisator.jpg","type":"image\/jpeg"}],"author":"K4-Import","twitter_card":"summary_large_image","twitter_title":"Alles im Griff mit der #EU-DSGVO?","twitter_description":"Seit Ende Mai ist sie in Kraft, die europ\u00e4ische Datenschutz-Grundverordnung (#EU-DSGVO). Auch wenn es sich hier um #EU-Recht handelt, betrifft diese Regelung Schweizer Unternehmen durchaus. Wie haben sich KMU diesbez\u00fcglich ger\u00fcstet?","twitter_image":"https:\/\/www.organisator.ch\/wp-content\/uploads\/2018\/06\/Alles-im-Griff-mit-der-EU-DSGVO_Organisator.jpg","schema":{"@context":"https:\/\/schema.org","@graph":[{"@type":"Article","@id":"https:\/\/www.organisator.ch\/management\/2018-06-11\/alles-im-griff-mit-der-eu-dsgvo\/#article","isPartOf":{"@id":"https:\/\/www.organisator.ch\/management\/2018-06-11\/alles-im-griff-mit-der-eu-dsgvo\/"},"author":{"name":"K4-Import","@id":"https:\/\/www.organisator.ch\/#\/schema\/person\/dd8ffea01043c9c41d7718296a158fac"},"headline":"Alles im Griff mit der EU-DSGVO?","datePublished":"2018-06-11T07:29:27+00:00","mainEntityOfPage":{"@id":"https:\/\/www.organisator.ch\/management\/2018-06-11\/alles-im-griff-mit-der-eu-dsgvo\/"},"wordCount":1010,"commentCount":0,"publisher":{"@id":"https:\/\/www.organisator.ch\/#organization"},"image":{"@id":"https:\/\/www.organisator.ch\/management\/2018-06-11\/alles-im-griff-mit-der-eu-dsgvo\/#primaryimage"},"thumbnailUrl":"https:\/\/www.organisator.ch\/wp-content\/uploads\/2018\/06\/Alles-im-Griff-mit-der-EU-DSGVO_Organisator.jpg","keywords":["Datenschutz","IT","Management und Unternehmensf\u00fchrung","Unternehmen"],"articleSection":["MANAGEMENT"],"inLanguage":"fr-FR"},{"@type":"WebPage","@id":"https:\/\/www.organisator.ch\/management\/2018-06-11\/alles-im-griff-mit-der-eu-dsgvo\/","url":"https:\/\/www.organisator.ch\/management\/2018-06-11\/alles-im-griff-mit-der-eu-dsgvo\/","name":"Tout est sous contr\u00f4le avec le RGPD de l'UE ? - Organisateur","isPartOf":{"@id":"https:\/\/www.organisator.ch\/#website"},"primaryImageOfPage":{"@id":"https:\/\/www.organisator.ch\/management\/2018-06-11\/alles-im-griff-mit-der-eu-dsgvo\/#primaryimage"},"image":{"@id":"https:\/\/www.organisator.ch\/management\/2018-06-11\/alles-im-griff-mit-der-eu-dsgvo\/#primaryimage"},"thumbnailUrl":"https:\/\/www.organisator.ch\/wp-content\/uploads\/2018\/06\/Alles-im-Griff-mit-der-EU-DSGVO_Organisator.jpg","datePublished":"2018-06-11T07:29:27+00:00","description":"Il est en vigueur depuis fin mai, le r\u00e8glement g\u00e9n\u00e9ral europ\u00e9en sur la protection des donn\u00e9es (RGPD). M\u00eame s'il s'agit du droit de l'UE, cette r\u00e9glementation concerne tout \u00e0 fait les entreprises suisses. Comment les PME se sont-elles pr\u00e9par\u00e9es \u00e0 cet \u00e9gard ?","breadcrumb":{"@id":"https:\/\/www.organisator.ch\/management\/2018-06-11\/alles-im-griff-mit-der-eu-dsgvo\/#breadcrumb"},"inLanguage":"fr-FR","potentialAction":[{"@type":"ReadAction","target":["https:\/\/www.organisator.ch\/management\/2018-06-11\/alles-im-griff-mit-der-eu-dsgvo\/"]}]},{"@type":"ImageObject","inLanguage":"fr-FR","@id":"https:\/\/www.organisator.ch\/management\/2018-06-11\/alles-im-griff-mit-der-eu-dsgvo\/#primaryimage","url":"https:\/\/www.organisator.ch\/wp-content\/uploads\/2018\/06\/Alles-im-Griff-mit-der-EU-DSGVO_Organisator.jpg","contentUrl":"https:\/\/www.organisator.ch\/wp-content\/uploads\/2018\/06\/Alles-im-Griff-mit-der-EU-DSGVO_Organisator.jpg","width":640,"height":480,"caption":"Welchen Aufwand haben Schweizer KMU in Sachen EU-DSGVO betreiben m\u00fcssen? (Bild: Fotolia.com)"},{"@type":"BreadcrumbList","@id":"https:\/\/www.organisator.ch\/management\/2018-06-11\/alles-im-griff-mit-der-eu-dsgvo\/#breadcrumb","itemListElement":[{"@type":"ListItem","position":1,"name":"Home","item":"https:\/\/www.organisator.ch\/"},{"@type":"ListItem","position":2,"name":"Alles im Griff mit der EU-DSGVO?"}]},{"@type":"WebSite","@id":"https:\/\/www.organisator.ch\/#website","url":"https:\/\/www.organisator.ch\/","name":"Organisateur","description":"Comp\u00e9tence et comp\u00e9tence. Proches de la pratique. L'ORGANISATEUR pr\u00e9pare 10 num\u00e9ros par an sur les th\u00e8mes essentiels pour les dirigeants de PME.","publisher":{"@id":"https:\/\/www.organisator.ch\/#organization"},"potentialAction":[{"@type":"SearchAction","target":{"@type":"EntryPoint","urlTemplate":"https:\/\/www.organisator.ch\/?s={search_term_string}"},"query-input":{"@type":"PropertyValueSpecification","valueRequired":true,"valueName":"search_term_string"}}],"inLanguage":"fr-FR"},{"@type":"Organization","@id":"https:\/\/www.organisator.ch\/#organization","name":"Organisateur","url":"https:\/\/www.organisator.ch\/","logo":{"@type":"ImageObject","inLanguage":"fr-FR","@id":"https:\/\/www.organisator.ch\/#\/schema\/logo\/image\/","url":"https:\/\/www.organisator.ch\/wp-content\/uploads\/2022\/01\/Logo_Organisator_Website.png","contentUrl":"https:\/\/www.organisator.ch\/wp-content\/uploads\/2022\/01\/Logo_Organisator_Website.png","width":800,"height":77,"caption":"Organisator"},"image":{"@id":"https:\/\/www.organisator.ch\/#\/schema\/logo\/image\/"},"sameAs":["https:\/\/www.facebook.com\/OrganisatorFachmagazin","https:\/\/www.linkedin.com\/showcase\/organisator-das-magazin-fr-kmu","https:\/\/www.xing.com\/news\/pages\/organisator-ch-695","https:\/\/www.youtube.com\/channel\/UCGP2Sq0iWaZwT3BdIAQFYpw"]},{"@type":"Person","@id":"https:\/\/www.organisator.ch\/#\/schema\/person\/dd8ffea01043c9c41d7718296a158fac","name":"Importation K4","image":{"@type":"ImageObject","inLanguage":"fr-FR","@id":"https:\/\/secure.gravatar.com\/avatar\/73620ab7215a54b074cc226514e02ed65cb79211bbaee1eb49b63b57e58aaad6?s=96&d=mm&r=g","url":"https:\/\/secure.gravatar.com\/avatar\/73620ab7215a54b074cc226514e02ed65cb79211bbaee1eb49b63b57e58aaad6?s=96&d=mm&r=g","contentUrl":"https:\/\/secure.gravatar.com\/avatar\/73620ab7215a54b074cc226514e02ed65cb79211bbaee1eb49b63b57e58aaad6?s=96&d=mm&r=g","caption":"K4-Import"},"url":"https:\/\/www.organisator.ch\/fr\/author\/k4-import\/"}]}},"_links":{"self":[{"href":"https:\/\/www.organisator.ch\/fr\/wp-json\/wp\/v2\/posts\/3689","targetHints":{"allow":["GET"]}}],"collection":[{"href":"https:\/\/www.organisator.ch\/fr\/wp-json\/wp\/v2\/posts"}],"about":[{"href":"https:\/\/www.organisator.ch\/fr\/wp-json\/wp\/v2\/types\/post"}],"author":[{"embeddable":true,"href":"https:\/\/www.organisator.ch\/fr\/wp-json\/wp\/v2\/users\/7"}],"replies":[{"embeddable":true,"href":"https:\/\/www.organisator.ch\/fr\/wp-json\/wp\/v2\/comments?post=3689"}],"version-history":[{"count":0,"href":"https:\/\/www.organisator.ch\/fr\/wp-json\/wp\/v2\/posts\/3689\/revisions"}],"wp:featuredmedia":[{"embeddable":true,"href":"https:\/\/www.organisator.ch\/fr\/wp-json\/wp\/v2\/media\/3771"}],"wp:attachment":[{"href":"https:\/\/www.organisator.ch\/fr\/wp-json\/wp\/v2\/media?parent=3689"}],"wp:term":[{"taxonomy":"category","embeddable":true,"href":"https:\/\/www.organisator.ch\/fr\/wp-json\/wp\/v2\/categories?post=3689"},{"taxonomy":"post_tag","embeddable":true,"href":"https:\/\/www.organisator.ch\/fr\/wp-json\/wp\/v2\/tags?post=3689"}],"curies":[{"name":"wp","href":"https:\/\/api.w.org\/{rel}","templated":true}]}}