{"id":36914,"date":"2025-03-14T14:24:46","date_gmt":"2025-03-14T13:24:46","guid":{"rendered":"https:\/\/www.organisator.ch\/?p=36914"},"modified":"2025-03-14T14:24:46","modified_gmt":"2025-03-14T13:24:46","slug":"anita-stebler-wird-neue-praesidentin-von-swiss-export","status":"publish","type":"post","link":"https:\/\/www.organisator.ch\/fr\/management\/2025-03-14\/anita-stebler-wird-neue-praesidentin-von-swiss-export\/","title":{"rendered":"Anita Stebler devient la nouvelle pr\u00e9sidente de Swiss Export"},"content":{"rendered":"<figure id=\"attachment_36915\" aria-describedby=\"caption-attachment-36915\" style=\"width: 680px\" class=\"wp-caption alignnone\"><img loading=\"lazy\" decoding=\"async\" class=\"size-full wp-image-36915\" src=\"https:\/\/www.organisator.ch\/wp-content\/uploads\/2025\/03\/Swiss-Export_Bild_ps.jpg\" alt=\"\" width=\"680\" height=\"680\" srcset=\"https:\/\/www.organisator.ch\/wp-content\/uploads\/2025\/03\/Swiss-Export_Bild_ps.jpg 680w, https:\/\/www.organisator.ch\/wp-content\/uploads\/2025\/03\/Swiss-Export_Bild_ps-150x150.jpg 150w, https:\/\/www.organisator.ch\/wp-content\/uploads\/2025\/03\/Swiss-Export_Bild_ps-12x12.jpg 12w, https:\/\/www.organisator.ch\/wp-content\/uploads\/2025\/03\/Swiss-Export_Bild_ps-300x300.jpg 300w, https:\/\/www.organisator.ch\/wp-content\/uploads\/2025\/03\/Swiss-Export_Bild_ps-350x350.jpg 350w, https:\/\/www.organisator.ch\/wp-content\/uploads\/2025\/03\/Swiss-Export_Bild_ps-250x250.jpg 250w\" sizes=\"auto, (max-width: 680px) 100vw, 680px\" \/><figcaption id=\"caption-attachment-36915\" class=\"wp-caption-text\">Swiss Export a \u00e9lu Anita Stebler \u00e0 la pr\u00e9sidence et Andreas St\u00f6ckli \u00e0 la vice-pr\u00e9sidence. Ils succ\u00e8dent \u00e0 Carl Ziegler, qui se retire apr\u00e8s neuf ans. (Image : Swiss Export)<\/figcaption><\/figure>\n<p>Lors de l'assembl\u00e9e g\u00e9n\u00e9rale de l'association professionnelle Swiss Export du 14 mars 2025, les membres pr\u00e9sents ont \u00e9lu \u00e0 l'unanimit\u00e9 Anita Stebler comme nouvelle pr\u00e9sidente. La Bernoise est membre du comit\u00e9 de Swiss Export depuis 2018 et copropri\u00e9taire et membre du conseil d'administration de l'entreprise de verre et de construction m\u00e9tallique S:stebler. Depuis plus de 30 ans, Anita Stebler est chez elle dans l'\u00e9conomie d'exportation et se r\u00e9jouit beaucoup de cette fonction. \"Je travaille pour notre entreprise familiale entre autres au Portugal, en Allemagne et aux Etats-Unis et je m'engage donc activement pour une nation exportatrice prosp\u00e8re, la Suisse\".<\/p>\n<p>Le nouveau vice-pr\u00e9sident sera Andreas St\u00f6ckli, CEO du prestataire logistique Rhenus Alpina et membre du comit\u00e9 directeur de Swiss Export depuis 2016. Cet expert dipl\u00f4m\u00e9 en comptabilit\u00e9 et en controlling travaille depuis plus de 20 ans dans le secteur de la logistique et est un fin connaisseur du secteur suisse de l'exportation. \"Swiss Export doit continuer \u00e0 s'engager pour l'am\u00e9lioration de la comp\u00e9titivit\u00e9 et des conditions-cadres de l'\u00e9conomie d'exportation\".<\/p>\n<p>Les deux sp\u00e9cialistes du commerce ext\u00e9rieur succ\u00e8dent \u00e0 Carl Ziegler. Ce dernier s'est retir\u00e9 de la pr\u00e9sidence de Swiss Export apr\u00e8s neuf ans. Sous son \u00e9gide, le nombre de membres de l'association professionnelle a augment\u00e9 de 9,6% rien que l'ann\u00e9e derni\u00e8re. Ann\u00e9e apr\u00e8s ann\u00e9e, les Journ\u00e9es suisses de l'exportation ont attir\u00e9 un public de plus en plus nombreux avec leurs invit\u00e9s de marque. La derni\u00e8re fois, elles ont accueilli plus de 600 personnes.<\/p>\n<p>Carl Ziegler a marqu\u00e9 l'association par des dialogues ouverts, de l'amiti\u00e9 et le courage de changer, et il est tr\u00e8s reconnaissant de cette exp\u00e9rience. \"Le temps pass\u00e9 \u00e0 la pr\u00e9sidence de Swiss Export est pass\u00e9 tr\u00e8s vite. Je me souviens avec plaisir de la fois o\u00f9 nous avons tourn\u00e9 l'interview du conseiller f\u00e9d\u00e9ral Parmelin \u00e0 Berne, sur l'escalator menant de la gare au Palais f\u00e9d\u00e9ral, ou lorsque nous avons enregistr\u00e9 la journ\u00e9e Swiss Export chez Bystronic AG pendant Corona. Nous avons \u00e9galement f\u00eat\u00e9 notre 50e anniversaire parmi de nombreux autres succ\u00e8s et nous sommes sortis plus forts des crises\".<\/p>\n<p><em>Source : <a href=\"http:\/\/www.swiss-export.com\">www.swiss-export.com<\/a><\/em><\/p>","protected":false},"excerpt":{"rendered":"<p>Lors de l'assembl\u00e9e g\u00e9n\u00e9rale de Swiss Export, les membres ont \u00e9lu Anita Stebler \u00e0 la pr\u00e9sidence de l'association sectorielle et Andreas St\u00f6ckli \u00e0 la vice-pr\u00e9sidence. Les deux sp\u00e9cialistes du commerce ext\u00e9rieur succ\u00e8dent \u00e0 Carl Ziegler, qui quitte son poste apr\u00e8s neuf ans.<\/p>","protected":false},"author":80,"featured_media":0,"comment_status":"closed","ping_status":"closed","sticky":false,"template":"","format":"standard","meta":{"_acf_changed":false,"_yoast_wpseo_focuskw":"Anita Stebler","_yoast_wpseo_metadesc":"Swiss Export w\u00e4hlt Anita Stebler zur Pr\u00e4sidentin und Andreas St\u00f6ckli zum Vize. Sie folgen auf Carl Ziegler.","articlekey":"","footnotes":""},"categories":[28],"tags":[1264,5194,424,5193,4301],"class_list":["post-36914","post","type-post","status-publish","format-standard","hentry","category-management","tag-generalversammlung","tag-praesidentin","tag-schweiz","tag-swiss-export","tag-wechsel"],"acf":[],"yoast_head":"<!-- This site is optimized with the Yoast SEO plugin v27.4 - https:\/\/yoast.com\/product\/yoast-seo-wordpress\/ -->\n<title>Anita Stebler wird neue Pr\u00e4sidentin von Swiss Export - Organisator<\/title>\n<meta name=\"description\" content=\"Swiss Export w\u00e4hlt Anita Stebler zur Pr\u00e4sidentin und Andreas St\u00f6ckli zum Vize. Sie folgen auf Carl Ziegler.\" \/>\n<meta name=\"robots\" content=\"index, follow, max-snippet:-1, max-image-preview:large, max-video-preview:-1\" \/>\n<link rel=\"canonical\" href=\"https:\/\/www.organisator.ch\/fr\/gestion-2\/2025-03-14\/anita-stebler-wird-neue-praesidentin-von-swiss-export\/\" \/>\n<meta property=\"og:locale\" content=\"fr_FR\" \/>\n<meta property=\"og:type\" content=\"article\" \/>\n<meta property=\"og:title\" content=\"Anita Stebler wird neue Pr\u00e4sidentin von Swiss Export\" \/>\n<meta property=\"og:description\" content=\"Swiss Export w\u00e4hlt Anita Stebler zur Pr\u00e4sidentin und Andreas St\u00f6ckli zum Vize. Sie folgen auf Carl Ziegler, der nach neun Jahren zur\u00fccktritt.\" \/>\n<meta property=\"og:url\" content=\"https:\/\/www.organisator.ch\/fr\/gestion-2\/2025-03-14\/anita-stebler-wird-neue-praesidentin-von-swiss-export\/\" \/>\n<meta property=\"og:site_name\" content=\"Organisator\" \/>\n<meta property=\"article:publisher\" content=\"https:\/\/www.facebook.com\/OrganisatorFachmagazin\" \/>\n<meta property=\"article:published_time\" content=\"2025-03-14T13:24:46+00:00\" \/>\n<meta property=\"og:image\" content=\"https:\/\/www.organisator.ch\/wp-content\/uploads\/2025\/03\/Swiss-Export_Bild_ps.jpg\" \/>\n\t<meta property=\"og:image:width\" content=\"680\" \/>\n\t<meta property=\"og:image:height\" content=\"680\" \/>\n\t<meta property=\"og:image:type\" content=\"image\/jpeg\" \/>\n<meta name=\"author\" content=\"Dzana Muminovic\" \/>\n<meta name=\"twitter:card\" content=\"summary_large_image\" \/>\n<meta name=\"twitter:title\" content=\"Anita Stebler wird neue Pr\u00e4sidentin von Swiss Export\" \/>\n<meta name=\"twitter:description\" content=\"#Swiss #Export w\u00e4hlt #Anita #Stebler zur #Pr\u00e4sidentin und #Andreas #St\u00f6ckli zum #Vize. Sie folgen auf #Carl #Ziegler, der nach neun Jahren zur\u00fccktritt.\" \/>\n<meta name=\"twitter:image\" content=\"https:\/\/www.organisator.ch\/wp-content\/uploads\/2025\/03\/Swiss-Export_Bild_ps.jpg\" \/>\n<script type=\"application\/ld+json\" class=\"yoast-schema-graph\">{\"@context\":\"https:\\\/\\\/schema.org\",\"@graph\":[{\"@type\":\"Article\",\"@id\":\"https:\\\/\\\/www.organisator.ch\\\/management\\\/2025-03-14\\\/anita-stebler-wird-neue-praesidentin-von-swiss-export\\\/#article\",\"isPartOf\":{\"@id\":\"https:\\\/\\\/www.organisator.ch\\\/management\\\/2025-03-14\\\/anita-stebler-wird-neue-praesidentin-von-swiss-export\\\/\"},\"author\":{\"name\":\"Dzana Muminovic\",\"@id\":\"https:\\\/\\\/www.organisator.ch\\\/#\\\/schema\\\/person\\\/afccda3a71c06d4be2ed9100dd163db7\"},\"headline\":\"Anita Stebler wird neue Pr\u00e4sidentin von Swiss Export\",\"datePublished\":\"2025-03-14T13:24:46+00:00\",\"mainEntityOfPage\":{\"@id\":\"https:\\\/\\\/www.organisator.ch\\\/management\\\/2025-03-14\\\/anita-stebler-wird-neue-praesidentin-von-swiss-export\\\/\"},\"wordCount\":351,\"publisher\":{\"@id\":\"https:\\\/\\\/www.organisator.ch\\\/#organization\"},\"image\":{\"@id\":\"https:\\\/\\\/www.organisator.ch\\\/management\\\/2025-03-14\\\/anita-stebler-wird-neue-praesidentin-von-swiss-export\\\/#primaryimage\"},\"thumbnailUrl\":\"https:\\\/\\\/www.organisator.ch\\\/wp-content\\\/uploads\\\/2025\\\/03\\\/Swiss-Export_Bild_ps.jpg\",\"keywords\":[\"Generalversammlung\",\"Pr\u00e4sidentin\",\"Schweiz\",\"Swiss Export\",\"Wechsel\"],\"articleSection\":[\"MANAGEMENT\"],\"inLanguage\":\"fr-FR\"},{\"@type\":\"WebPage\",\"@id\":\"https:\\\/\\\/www.organisator.ch\\\/management\\\/2025-03-14\\\/anita-stebler-wird-neue-praesidentin-von-swiss-export\\\/\",\"url\":\"https:\\\/\\\/www.organisator.ch\\\/management\\\/2025-03-14\\\/anita-stebler-wird-neue-praesidentin-von-swiss-export\\\/\",\"name\":\"Anita Stebler wird neue Pr\u00e4sidentin von Swiss Export - Organisator\",\"isPartOf\":{\"@id\":\"https:\\\/\\\/www.organisator.ch\\\/#website\"},\"primaryImageOfPage\":{\"@id\":\"https:\\\/\\\/www.organisator.ch\\\/management\\\/2025-03-14\\\/anita-stebler-wird-neue-praesidentin-von-swiss-export\\\/#primaryimage\"},\"image\":{\"@id\":\"https:\\\/\\\/www.organisator.ch\\\/management\\\/2025-03-14\\\/anita-stebler-wird-neue-praesidentin-von-swiss-export\\\/#primaryimage\"},\"thumbnailUrl\":\"https:\\\/\\\/www.organisator.ch\\\/wp-content\\\/uploads\\\/2025\\\/03\\\/Swiss-Export_Bild_ps.jpg\",\"datePublished\":\"2025-03-14T13:24:46+00:00\",\"description\":\"Swiss Export w\u00e4hlt Anita Stebler zur Pr\u00e4sidentin und Andreas St\u00f6ckli zum Vize. Sie folgen auf Carl Ziegler.\",\"breadcrumb\":{\"@id\":\"https:\\\/\\\/www.organisator.ch\\\/management\\\/2025-03-14\\\/anita-stebler-wird-neue-praesidentin-von-swiss-export\\\/#breadcrumb\"},\"inLanguage\":\"fr-FR\",\"potentialAction\":[{\"@type\":\"ReadAction\",\"target\":[\"https:\\\/\\\/www.organisator.ch\\\/management\\\/2025-03-14\\\/anita-stebler-wird-neue-praesidentin-von-swiss-export\\\/\"]}]},{\"@type\":\"ImageObject\",\"inLanguage\":\"fr-FR\",\"@id\":\"https:\\\/\\\/www.organisator.ch\\\/management\\\/2025-03-14\\\/anita-stebler-wird-neue-praesidentin-von-swiss-export\\\/#primaryimage\",\"url\":\"https:\\\/\\\/www.organisator.ch\\\/wp-content\\\/uploads\\\/2025\\\/03\\\/Swiss-Export_Bild_ps.jpg\",\"contentUrl\":\"https:\\\/\\\/www.organisator.ch\\\/wp-content\\\/uploads\\\/2025\\\/03\\\/Swiss-Export_Bild_ps.jpg\"},{\"@type\":\"BreadcrumbList\",\"@id\":\"https:\\\/\\\/www.organisator.ch\\\/management\\\/2025-03-14\\\/anita-stebler-wird-neue-praesidentin-von-swiss-export\\\/#breadcrumb\",\"itemListElement\":[{\"@type\":\"ListItem\",\"position\":1,\"name\":\"Home\",\"item\":\"https:\\\/\\\/www.organisator.ch\\\/\"},{\"@type\":\"ListItem\",\"position\":2,\"name\":\"Anita Stebler wird neue Pr\u00e4sidentin von Swiss Export\"}]},{\"@type\":\"WebSite\",\"@id\":\"https:\\\/\\\/www.organisator.ch\\\/#website\",\"url\":\"https:\\\/\\\/www.organisator.ch\\\/\",\"name\":\"Organisator\",\"description\":\"Kompetent. Praxisnah. Der ORGANISATOR bereitet in 10 Ausgaben pro Jahr die wesentlichen Themen f\u00fcr F\u00fchrungskr\u00e4fte von KMU auf.\",\"publisher\":{\"@id\":\"https:\\\/\\\/www.organisator.ch\\\/#organization\"},\"potentialAction\":[{\"@type\":\"SearchAction\",\"target\":{\"@type\":\"EntryPoint\",\"urlTemplate\":\"https:\\\/\\\/www.organisator.ch\\\/?s={search_term_string}\"},\"query-input\":{\"@type\":\"PropertyValueSpecification\",\"valueRequired\":true,\"valueName\":\"search_term_string\"}}],\"inLanguage\":\"fr-FR\"},{\"@type\":\"Organization\",\"@id\":\"https:\\\/\\\/www.organisator.ch\\\/#organization\",\"name\":\"Organisator\",\"url\":\"https:\\\/\\\/www.organisator.ch\\\/\",\"logo\":{\"@type\":\"ImageObject\",\"inLanguage\":\"fr-FR\",\"@id\":\"https:\\\/\\\/www.organisator.ch\\\/#\\\/schema\\\/logo\\\/image\\\/\",\"url\":\"https:\\\/\\\/www.organisator.ch\\\/wp-content\\\/uploads\\\/2022\\\/01\\\/Logo_Organisator_Website.png\",\"contentUrl\":\"https:\\\/\\\/www.organisator.ch\\\/wp-content\\\/uploads\\\/2022\\\/01\\\/Logo_Organisator_Website.png\",\"width\":800,\"height\":77,\"caption\":\"Organisator\"},\"image\":{\"@id\":\"https:\\\/\\\/www.organisator.ch\\\/#\\\/schema\\\/logo\\\/image\\\/\"},\"sameAs\":[\"https:\\\/\\\/www.facebook.com\\\/OrganisatorFachmagazin\",\"https:\\\/\\\/www.linkedin.com\\\/showcase\\\/organisator-das-magazin-fr-kmu\",\"https:\\\/\\\/www.xing.com\\\/news\\\/pages\\\/organisator-ch-695\",\"https:\\\/\\\/www.youtube.com\\\/channel\\\/UCGP2Sq0iWaZwT3BdIAQFYpw\"]},{\"@type\":\"Person\",\"@id\":\"https:\\\/\\\/www.organisator.ch\\\/#\\\/schema\\\/person\\\/afccda3a71c06d4be2ed9100dd163db7\",\"name\":\"Dzana Muminovic\",\"image\":{\"@type\":\"ImageObject\",\"inLanguage\":\"fr-FR\",\"@id\":\"https:\\\/\\\/secure.gravatar.com\\\/avatar\\\/909c5c71aff4b38e88686f2ab2f1ba152571f394f41ed8bae431ea56ced93050?s=96&d=mm&r=g\",\"url\":\"https:\\\/\\\/secure.gravatar.com\\\/avatar\\\/909c5c71aff4b38e88686f2ab2f1ba152571f394f41ed8bae431ea56ced93050?s=96&d=mm&r=g\",\"contentUrl\":\"https:\\\/\\\/secure.gravatar.com\\\/avatar\\\/909c5c71aff4b38e88686f2ab2f1ba152571f394f41ed8bae431ea56ced93050?s=96&d=mm&r=g\",\"caption\":\"Dzana Muminovic\"},\"url\":\"https:\\\/\\\/www.organisator.ch\\\/fr\\\/author\\\/dzana-muminovic\\\/\"}]}<\/script>\n<!-- \/ Yoast SEO plugin. -->","yoast_head_json":{"title":"Anita Stebler devient la nouvelle pr\u00e9sidente de Swiss Export - Organisateur","description":"Swiss Export \u00e9lit Anita Stebler \u00e0 la pr\u00e9sidence et Andreas St\u00f6ckli \u00e0 la vice-pr\u00e9sidence. Ils succ\u00e8dent \u00e0 Carl Ziegler.","robots":{"index":"index","follow":"follow","max-snippet":"max-snippet:-1","max-image-preview":"max-image-preview:large","max-video-preview":"max-video-preview:-1"},"canonical":"https:\/\/www.organisator.ch\/fr\/gestion-2\/2025-03-14\/anita-stebler-wird-neue-praesidentin-von-swiss-export\/","og_locale":"fr_FR","og_type":"article","og_title":"Anita Stebler wird neue Pr\u00e4sidentin von Swiss Export","og_description":"Swiss Export w\u00e4hlt Anita Stebler zur Pr\u00e4sidentin und Andreas St\u00f6ckli zum Vize. Sie folgen auf Carl Ziegler, der nach neun Jahren zur\u00fccktritt.","og_url":"https:\/\/www.organisator.ch\/fr\/gestion-2\/2025-03-14\/anita-stebler-wird-neue-praesidentin-von-swiss-export\/","og_site_name":"Organisator","article_publisher":"https:\/\/www.facebook.com\/OrganisatorFachmagazin","article_published_time":"2025-03-14T13:24:46+00:00","og_image":[{"width":680,"height":680,"url":"https:\/\/www.organisator.ch\/wp-content\/uploads\/2025\/03\/Swiss-Export_Bild_ps.jpg","type":"image\/jpeg"}],"author":"Dzana Muminovic","twitter_card":"summary_large_image","twitter_title":"Anita Stebler wird neue Pr\u00e4sidentin von Swiss Export","twitter_description":"#Swiss #Export w\u00e4hlt #Anita #Stebler zur #Pr\u00e4sidentin und #Andreas #St\u00f6ckli zum #Vize. Sie folgen auf #Carl #Ziegler, der nach neun Jahren zur\u00fccktritt.","twitter_image":"https:\/\/www.organisator.ch\/wp-content\/uploads\/2025\/03\/Swiss-Export_Bild_ps.jpg","schema":{"@context":"https:\/\/schema.org","@graph":[{"@type":"Article","@id":"https:\/\/www.organisator.ch\/management\/2025-03-14\/anita-stebler-wird-neue-praesidentin-von-swiss-export\/#article","isPartOf":{"@id":"https:\/\/www.organisator.ch\/management\/2025-03-14\/anita-stebler-wird-neue-praesidentin-von-swiss-export\/"},"author":{"name":"Dzana Muminovic","@id":"https:\/\/www.organisator.ch\/#\/schema\/person\/afccda3a71c06d4be2ed9100dd163db7"},"headline":"Anita Stebler wird neue Pr\u00e4sidentin von Swiss Export","datePublished":"2025-03-14T13:24:46+00:00","mainEntityOfPage":{"@id":"https:\/\/www.organisator.ch\/management\/2025-03-14\/anita-stebler-wird-neue-praesidentin-von-swiss-export\/"},"wordCount":351,"publisher":{"@id":"https:\/\/www.organisator.ch\/#organization"},"image":{"@id":"https:\/\/www.organisator.ch\/management\/2025-03-14\/anita-stebler-wird-neue-praesidentin-von-swiss-export\/#primaryimage"},"thumbnailUrl":"https:\/\/www.organisator.ch\/wp-content\/uploads\/2025\/03\/Swiss-Export_Bild_ps.jpg","keywords":["Generalversammlung","Pr\u00e4sidentin","Schweiz","Swiss Export","Wechsel"],"articleSection":["MANAGEMENT"],"inLanguage":"fr-FR"},{"@type":"WebPage","@id":"https:\/\/www.organisator.ch\/management\/2025-03-14\/anita-stebler-wird-neue-praesidentin-von-swiss-export\/","url":"https:\/\/www.organisator.ch\/management\/2025-03-14\/anita-stebler-wird-neue-praesidentin-von-swiss-export\/","name":"Anita Stebler devient la nouvelle pr\u00e9sidente de Swiss Export - Organisateur","isPartOf":{"@id":"https:\/\/www.organisator.ch\/#website"},"primaryImageOfPage":{"@id":"https:\/\/www.organisator.ch\/management\/2025-03-14\/anita-stebler-wird-neue-praesidentin-von-swiss-export\/#primaryimage"},"image":{"@id":"https:\/\/www.organisator.ch\/management\/2025-03-14\/anita-stebler-wird-neue-praesidentin-von-swiss-export\/#primaryimage"},"thumbnailUrl":"https:\/\/www.organisator.ch\/wp-content\/uploads\/2025\/03\/Swiss-Export_Bild_ps.jpg","datePublished":"2025-03-14T13:24:46+00:00","description":"Swiss Export \u00e9lit Anita Stebler \u00e0 la pr\u00e9sidence et Andreas St\u00f6ckli \u00e0 la vice-pr\u00e9sidence. Ils succ\u00e8dent \u00e0 Carl Ziegler.","breadcrumb":{"@id":"https:\/\/www.organisator.ch\/management\/2025-03-14\/anita-stebler-wird-neue-praesidentin-von-swiss-export\/#breadcrumb"},"inLanguage":"fr-FR","potentialAction":[{"@type":"ReadAction","target":["https:\/\/www.organisator.ch\/management\/2025-03-14\/anita-stebler-wird-neue-praesidentin-von-swiss-export\/"]}]},{"@type":"ImageObject","inLanguage":"fr-FR","@id":"https:\/\/www.organisator.ch\/management\/2025-03-14\/anita-stebler-wird-neue-praesidentin-von-swiss-export\/#primaryimage","url":"https:\/\/www.organisator.ch\/wp-content\/uploads\/2025\/03\/Swiss-Export_Bild_ps.jpg","contentUrl":"https:\/\/www.organisator.ch\/wp-content\/uploads\/2025\/03\/Swiss-Export_Bild_ps.jpg"},{"@type":"BreadcrumbList","@id":"https:\/\/www.organisator.ch\/management\/2025-03-14\/anita-stebler-wird-neue-praesidentin-von-swiss-export\/#breadcrumb","itemListElement":[{"@type":"ListItem","position":1,"name":"Home","item":"https:\/\/www.organisator.ch\/"},{"@type":"ListItem","position":2,"name":"Anita Stebler wird neue Pr\u00e4sidentin von Swiss Export"}]},{"@type":"WebSite","@id":"https:\/\/www.organisator.ch\/#website","url":"https:\/\/www.organisator.ch\/","name":"Organisateur","description":"Comp\u00e9tence et comp\u00e9tence. Proches de la pratique. L'ORGANISATEUR pr\u00e9pare 10 num\u00e9ros par an sur les th\u00e8mes essentiels pour les dirigeants de PME.","publisher":{"@id":"https:\/\/www.organisator.ch\/#organization"},"potentialAction":[{"@type":"SearchAction","target":{"@type":"EntryPoint","urlTemplate":"https:\/\/www.organisator.ch\/?s={search_term_string}"},"query-input":{"@type":"PropertyValueSpecification","valueRequired":true,"valueName":"search_term_string"}}],"inLanguage":"fr-FR"},{"@type":"Organization","@id":"https:\/\/www.organisator.ch\/#organization","name":"Organisateur","url":"https:\/\/www.organisator.ch\/","logo":{"@type":"ImageObject","inLanguage":"fr-FR","@id":"https:\/\/www.organisator.ch\/#\/schema\/logo\/image\/","url":"https:\/\/www.organisator.ch\/wp-content\/uploads\/2022\/01\/Logo_Organisator_Website.png","contentUrl":"https:\/\/www.organisator.ch\/wp-content\/uploads\/2022\/01\/Logo_Organisator_Website.png","width":800,"height":77,"caption":"Organisator"},"image":{"@id":"https:\/\/www.organisator.ch\/#\/schema\/logo\/image\/"},"sameAs":["https:\/\/www.facebook.com\/OrganisatorFachmagazin","https:\/\/www.linkedin.com\/showcase\/organisator-das-magazin-fr-kmu","https:\/\/www.xing.com\/news\/pages\/organisator-ch-695","https:\/\/www.youtube.com\/channel\/UCGP2Sq0iWaZwT3BdIAQFYpw"]},{"@type":"Person","@id":"https:\/\/www.organisator.ch\/#\/schema\/person\/afccda3a71c06d4be2ed9100dd163db7","name":"Dzana Muminovic","image":{"@type":"ImageObject","inLanguage":"fr-FR","@id":"https:\/\/secure.gravatar.com\/avatar\/909c5c71aff4b38e88686f2ab2f1ba152571f394f41ed8bae431ea56ced93050?s=96&d=mm&r=g","url":"https:\/\/secure.gravatar.com\/avatar\/909c5c71aff4b38e88686f2ab2f1ba152571f394f41ed8bae431ea56ced93050?s=96&d=mm&r=g","contentUrl":"https:\/\/secure.gravatar.com\/avatar\/909c5c71aff4b38e88686f2ab2f1ba152571f394f41ed8bae431ea56ced93050?s=96&d=mm&r=g","caption":"Dzana Muminovic"},"url":"https:\/\/www.organisator.ch\/fr\/author\/dzana-muminovic\/"}]}},"_links":{"self":[{"href":"https:\/\/www.organisator.ch\/fr\/wp-json\/wp\/v2\/posts\/36914","targetHints":{"allow":["GET"]}}],"collection":[{"href":"https:\/\/www.organisator.ch\/fr\/wp-json\/wp\/v2\/posts"}],"about":[{"href":"https:\/\/www.organisator.ch\/fr\/wp-json\/wp\/v2\/types\/post"}],"author":[{"embeddable":true,"href":"https:\/\/www.organisator.ch\/fr\/wp-json\/wp\/v2\/users\/80"}],"replies":[{"embeddable":true,"href":"https:\/\/www.organisator.ch\/fr\/wp-json\/wp\/v2\/comments?post=36914"}],"version-history":[{"count":3,"href":"https:\/\/www.organisator.ch\/fr\/wp-json\/wp\/v2\/posts\/36914\/revisions"}],"predecessor-version":[{"id":36941,"href":"https:\/\/www.organisator.ch\/fr\/wp-json\/wp\/v2\/posts\/36914\/revisions\/36941"}],"wp:attachment":[{"href":"https:\/\/www.organisator.ch\/fr\/wp-json\/wp\/v2\/media?parent=36914"}],"wp:term":[{"taxonomy":"category","embeddable":true,"href":"https:\/\/www.organisator.ch\/fr\/wp-json\/wp\/v2\/categories?post=36914"},{"taxonomy":"post_tag","embeddable":true,"href":"https:\/\/www.organisator.ch\/fr\/wp-json\/wp\/v2\/tags?post=36914"}],"curies":[{"name":"wp","href":"https:\/\/api.w.org\/{rel}","templated":true}]}}