{"id":36943,"date":"2025-03-17T10:52:20","date_gmt":"2025-03-17T09:52:20","guid":{"rendered":"https:\/\/www.m-q.ch\/?p=21208"},"modified":"2025-03-17T10:25:24","modified_gmt":"2025-03-17T09:25:24","slug":"kurzarbeit-belastet-ein-drittel-der-mem-branche-politik-muss-handeln","status":"publish","type":"post","link":"https:\/\/www.organisator.ch\/fr\/operational-excellence\/2025-03-17\/kurzarbeit-belastet-ein-drittel-der-mem-branche-politik-muss-handeln\/","title":{"rendered":"Le ch\u00f4mage partiel p\u00e8se sur un tiers de la branche MEM - la politique doit agir"},"content":{"rendered":"<figure id=\"attachment_21209\" class=\"wp-caption alignnone\" style=\"width: 680px;\" aria-describedby=\"caption-attachment-21209\"><img class=\"size-full wp-image-21209\" src=\"https:\/\/www.m-q.ch\/wp-content\/uploads\/2025\/03\/Swissmechanic_Bild_ps.jpg\" sizes=\"(max-width: 680px) 100vw, 680px\" srcset=\"https:\/\/www.m-q.ch\/wp-content\/uploads\/2025\/03\/Swissmechanic_Bild_ps.jpg 680w, https:\/\/www.m-q.ch\/wp-content\/uploads\/2025\/03\/Swissmechanic_Bild_ps-18x12.jpg 18w, https:\/\/www.m-q.ch\/wp-content\/uploads\/2025\/03\/Swissmechanic_Bild_ps-375x250.jpg 375w, https:\/\/www.m-q.ch\/wp-content\/uploads\/2025\/03\/Swissmechanic_Bild_ps-524x350.jpg 524w\" alt=\"\" width=\"680\" height=\"454\" \/>\r\n<figcaption id=\"caption-attachment-21209\" class=\"wp-caption-text\">Environ un tiers des entreprises MEM en Suisse sont concern\u00e9es par le ch\u00f4mage partiel. Les PME en particulier se battent contre les obstacles bureaucratiques. (Image : www.depositphotos.com)<\/figcaption>\r\n<\/figure>\r\n<p>Une r\u00e9cente enqu\u00eate men\u00e9e aupr\u00e8s des entreprises membres de Swissmechanic a examin\u00e9 les effets du ch\u00f4mage partiel sur l'industrie suisse des machines, des \u00e9quipements \u00e9lectriques et des m\u00e9taux. Les r\u00e9sultats illustrent la diversit\u00e9 des exp\u00e9riences faites par les entreprises avec cette mesure et jettent un regard sur les perspectives d'avenir.<\/p>\r\n<p><strong>Taille des entreprises et ch\u00f4mage partiel<\/strong><\/p>\r\n<p>La majorit\u00e9 des entreprises participantes n'a certes pas \u00e9t\u00e9 directement confront\u00e9e au ch\u00f4mage partiel. Au total, 70% des personnes interrog\u00e9es ont d\u00e9clar\u00e9 ne pas avoir introduit le ch\u00f4mage partiel. Cependant, parmi les entreprises qui doivent recourir \u00e0 cette mesure, les petites et moyennes entreprises sont touch\u00e9es de mani\u00e8re disproportionn\u00e9e : Environ 45% des entreprises de 10 \u00e0 49 employ\u00e9s et 29% des entreprises de 50 \u00e0 249 employ\u00e9s ont eu recours au ch\u00f4mage partiel.<\/p>\r\n<p><strong>Dur\u00e9e variable<\/strong><\/p>\r\n<p>La dur\u00e9e du ch\u00f4mage partiel varie selon les entreprises. Environ 36% des entreprises qui ont mis en place le ch\u00f4mage partiel le font depuis plus de six mois. 261 autresTP3T sont concern\u00e9es depuis trois \u00e0 six mois, tandis que 30% ont mis en \u0153uvre un ch\u00f4mage partiel d'un \u00e0 trois mois. Seules 6% ont appliqu\u00e9 la mesure pour une dur\u00e9e inf\u00e9rieure \u00e0 un mois.<\/p>\r\n<p><strong>Influence plus ou moins marqu\u00e9e<\/strong><\/p>\r\n<p>L'impact du ch\u00f4mage partiel sur le personnel varie \u00e9galement : dans 41% des entreprises concern\u00e9es, 26 \u00e0 50% des collaborateurs sont touch\u00e9s par le ch\u00f4mage partiel, tandis que 28% des entreprises ont d\u00e9clar\u00e9 que 76 \u00e0 100% de leur personnel \u00e9taient concern\u00e9s. Le ch\u00f4mage partiel affecte la production et les services des entreprises \u00e0 des degr\u00e9s divers. Dans 45% des entreprises, l'impact est d\u00e9crit comme mod\u00e9r\u00e9, tandis que 17% des entreprises ont fait \u00e9tat d'un impact important.<\/p>\r\n<p><strong>Indemnit\u00e9s demand\u00e9es<\/strong><\/p>\r\n<p>47% des entreprises ont d\u00e9clar\u00e9 avoir re\u00e7u une aide publique, telle que des indemnit\u00e9s de ch\u00f4mage partiel. 39% n'ont pas encore eu recours \u00e0 cette aide, tandis que 13% ont d\u00e9j\u00e0 fait une demande.<\/p>\r\n<p><strong>Bureaucratie et autorisation<\/strong><\/p>\r\n<p>La majorit\u00e9 des entreprises (45%) ont signal\u00e9 que l'autorisation de ch\u00f4mage partiel a \u00e9t\u00e9 accord\u00e9e relativement rapidement, mais que les obstacles bureaucratiques n'ont pas \u00e9t\u00e9 totalement absents. 21% des entreprises ont connu une autorisation tr\u00e8s rapide et non bureaucratique, tandis que 17% ont indiqu\u00e9 que le processus \u00e9tait long et bureaucratique.<\/p>\r\n<p><strong>(Trop) de d\u00e9penses<\/strong><\/p>\r\n<p>Certaines entreprises ont m\u00eame d\u00e9crit le traitement des d\u00e9comptes de ch\u00f4mage partiel comme \u00e9tant extr\u00eamement compliqu\u00e9 et laborieux. Les instructions pour remplir les formulaires sont insuffisantes et il faut attendre plusieurs mois avant que le premier argent ne soit vers\u00e9. Lorsque la part de ch\u00f4mage partiel est faible, les d\u00e9penses d\u00e9passent souvent les b\u00e9n\u00e9fices r\u00e9els. Il est urgent d'agir dans ce domaine. L'\u00e9crasante majorit\u00e9 des entreprises (75%) s'attend en effet \u00e0 ce que le ch\u00f4mage partiel dure encore longtemps. Seules 24% des entreprises s'attendent \u00e0 une fin prochaine de la mesure.<\/p>\r\n<p><strong>Peu d'espoir pour l'avenir<\/strong><\/p>\r\n<p>L'enqu\u00eate montre que le ch\u00f4mage partiel continue de repr\u00e9senter un soutien important pour de nombreuses entreprises en Suisse afin d'att\u00e9nuer les effets des incertitudes \u00e9conomiques. Les entreprises concern\u00e9es sont repr\u00e9sent\u00e9es dans diff\u00e9rents secteurs et tailles d'entreprises, les petites et moyennes entreprises \u00e9tant particuli\u00e8rement b\u00e9n\u00e9ficiaires de cette solution. L'avenir reste toutefois marqu\u00e9 par l'incertitude et de nombreuses entreprises doivent s'attendre \u00e0 ce que le ch\u00f4mage partiel dure plus longtemps.<\/p>\r\n<p><em>Source : <a href=\"http:\/\/www.swissmechanic.ch\/\">www.swissmechanic.ch<\/a><\/em><\/p>\n<p class=\"syndicated-attribution\">Cet article est paru initialement sur m-q.ch - <a href=\"https:\/\/www.m-q.ch\/de\/kurzarbeit-belastet-ein-drittel-der-mem-branche-politik-muss-handeln\/\" target=\"_blank\">https:\/\/www.m-q.ch\/de\/kurzarbeit-belastet-ein-drittel-der-mem-branche-politik-muss-handeln\/<\/a><\/p>","protected":false},"excerpt":{"rendered":"<p>Une enqu\u00eate de Swissmechanic r\u00e9v\u00e8le qu'environ un tiers des entreprises de la branche MEM suisse sont concern\u00e9es par le ch\u00f4mage partiel. Ce sont surtout les petites et moyennes entreprises qui luttent contre les cons\u00e9quences. La politique est appel\u00e9e \u00e0 trouver des solutions plus rapides et moins bureaucratiques afin de garantir la comp\u00e9titivit\u00e9 de la branche.<\/p>","protected":false},"author":80,"featured_media":0,"comment_status":"closed","ping_status":"closed","sticky":false,"template":"","format":"standard","meta":{"_acf_changed":false,"_yoast_wpseo_focuskw":"Kurzarbeit in MEM-Branche","_yoast_wpseo_metadesc":"Rund ein Drittel der MEM-Unternehmen in der Schweiz ist von Kurzarbeit betroffen. Besonders KMU k\u00e4mpfen mit b\u00fcrokratischen H\u00fcrden.","articlekey":"","footnotes":""},"categories":[582],"tags":[586,301,5198,5199,386,487],"class_list":["post-36943","post","type-post","status-publish","format-standard","hentry","category-operational-excellence","tag-allgemein","tag-kmu","tag-kurzarbeit","tag-mem","tag-politik","tag-umfrage"],"acf":[],"yoast_head":"<!-- This site is optimized with the Yoast SEO plugin v27.4 - https:\/\/yoast.com\/product\/yoast-seo-wordpress\/ -->\n<title>Kurzarbeit belastet ein Drittel der MEM-Branche \u2013 Politik muss handeln - Organisator<\/title>\n<meta name=\"description\" content=\"Rund ein Drittel der MEM-Unternehmen in der Schweiz ist von Kurzarbeit betroffen. Besonders KMU k\u00e4mpfen mit b\u00fcrokratischen H\u00fcrden.\" \/>\n<meta name=\"robots\" content=\"index, follow, max-snippet:-1, max-image-preview:large, max-video-preview:-1\" \/>\n<link rel=\"canonical\" href=\"https:\/\/www.organisator.ch\/fr\/excellence-operationnelle\/2025-03-17\/kurzarbeit-belastet-ein-drittel-der-mem-branche-politik-muss-handeln\/\" \/>\n<meta property=\"og:locale\" content=\"fr_FR\" \/>\n<meta property=\"og:type\" content=\"article\" \/>\n<meta property=\"og:title\" content=\"Kurzarbeit belastet ein Drittel der MEM-Branche \u2013 Politik muss handeln - Organisator\" \/>\n<meta property=\"og:description\" content=\"Rund ein Drittel der MEM-Unternehmen in der Schweiz ist von Kurzarbeit betroffen. Besonders KMU k\u00e4mpfen mit b\u00fcrokratischen H\u00fcrden.\" \/>\n<meta property=\"og:url\" content=\"https:\/\/www.organisator.ch\/fr\/excellence-operationnelle\/2025-03-17\/kurzarbeit-belastet-ein-drittel-der-mem-branche-politik-muss-handeln\/\" \/>\n<meta property=\"og:site_name\" content=\"Organisator\" \/>\n<meta property=\"article:publisher\" content=\"https:\/\/www.facebook.com\/OrganisatorFachmagazin\" \/>\n<meta property=\"article:published_time\" content=\"2025-03-17T09:52:20+00:00\" \/>\n<meta property=\"og:image\" content=\"https:\/\/www.organisator.ch\/wp-content\/uploads\/2023\/08\/Weiterbildung_Auftakt-Rupp_Bild2_organisator_57222.jpg\" \/>\n\t<meta property=\"og:image:width\" content=\"1157\" \/>\n\t<meta property=\"og:image:height\" content=\"731\" \/>\n\t<meta property=\"og:image:type\" content=\"image\/jpeg\" \/>\n<meta name=\"author\" content=\"Dzana Muminovic\" \/>\n<meta name=\"twitter:card\" content=\"summary_large_image\" \/>\n<script type=\"application\/ld+json\" class=\"yoast-schema-graph\">{\"@context\":\"https:\\\/\\\/schema.org\",\"@graph\":[{\"@type\":\"Article\",\"@id\":\"https:\\\/\\\/www.organisator.ch\\\/operational-excellence\\\/2025-03-17\\\/kurzarbeit-belastet-ein-drittel-der-mem-branche-politik-muss-handeln\\\/#article\",\"isPartOf\":{\"@id\":\"https:\\\/\\\/www.organisator.ch\\\/operational-excellence\\\/2025-03-17\\\/kurzarbeit-belastet-ein-drittel-der-mem-branche-politik-muss-handeln\\\/\"},\"author\":{\"name\":\"Dzana Muminovic\",\"@id\":\"https:\\\/\\\/www.organisator.ch\\\/#\\\/schema\\\/person\\\/afccda3a71c06d4be2ed9100dd163db7\"},\"headline\":\"Kurzarbeit belastet ein Drittel der MEM-Branche \u2013 Politik muss handeln\",\"datePublished\":\"2025-03-17T09:52:20+00:00\",\"mainEntityOfPage\":{\"@id\":\"https:\\\/\\\/www.organisator.ch\\\/operational-excellence\\\/2025-03-17\\\/kurzarbeit-belastet-ein-drittel-der-mem-branche-politik-muss-handeln\\\/\"},\"wordCount\":515,\"publisher\":{\"@id\":\"https:\\\/\\\/www.organisator.ch\\\/#organization\"},\"image\":{\"@id\":\"https:\\\/\\\/www.organisator.ch\\\/operational-excellence\\\/2025-03-17\\\/kurzarbeit-belastet-ein-drittel-der-mem-branche-politik-muss-handeln\\\/#primaryimage\"},\"thumbnailUrl\":\"https:\\\/\\\/www.m-q.ch\\\/wp-content\\\/uploads\\\/2025\\\/03\\\/Swissmechanic_Bild_ps.jpg\",\"keywords\":[\"Allgemein\",\"KMU\",\"Kurzarbeit\",\"MEM\",\"Politik\",\"Umfrage\"],\"articleSection\":[\"OPERATIONAL EXCELLENCE\"],\"inLanguage\":\"fr-FR\"},{\"@type\":\"WebPage\",\"@id\":\"https:\\\/\\\/www.organisator.ch\\\/operational-excellence\\\/2025-03-17\\\/kurzarbeit-belastet-ein-drittel-der-mem-branche-politik-muss-handeln\\\/\",\"url\":\"https:\\\/\\\/www.organisator.ch\\\/operational-excellence\\\/2025-03-17\\\/kurzarbeit-belastet-ein-drittel-der-mem-branche-politik-muss-handeln\\\/\",\"name\":\"Kurzarbeit belastet ein Drittel der MEM-Branche \u2013 Politik muss handeln - Organisator\",\"isPartOf\":{\"@id\":\"https:\\\/\\\/www.organisator.ch\\\/#website\"},\"primaryImageOfPage\":{\"@id\":\"https:\\\/\\\/www.organisator.ch\\\/operational-excellence\\\/2025-03-17\\\/kurzarbeit-belastet-ein-drittel-der-mem-branche-politik-muss-handeln\\\/#primaryimage\"},\"image\":{\"@id\":\"https:\\\/\\\/www.organisator.ch\\\/operational-excellence\\\/2025-03-17\\\/kurzarbeit-belastet-ein-drittel-der-mem-branche-politik-muss-handeln\\\/#primaryimage\"},\"thumbnailUrl\":\"https:\\\/\\\/www.m-q.ch\\\/wp-content\\\/uploads\\\/2025\\\/03\\\/Swissmechanic_Bild_ps.jpg\",\"datePublished\":\"2025-03-17T09:52:20+00:00\",\"description\":\"Rund ein Drittel der MEM-Unternehmen in der Schweiz ist von Kurzarbeit betroffen. Besonders KMU k\u00e4mpfen mit b\u00fcrokratischen H\u00fcrden.\",\"breadcrumb\":{\"@id\":\"https:\\\/\\\/www.organisator.ch\\\/operational-excellence\\\/2025-03-17\\\/kurzarbeit-belastet-ein-drittel-der-mem-branche-politik-muss-handeln\\\/#breadcrumb\"},\"inLanguage\":\"fr-FR\",\"potentialAction\":[{\"@type\":\"ReadAction\",\"target\":[\"https:\\\/\\\/www.organisator.ch\\\/operational-excellence\\\/2025-03-17\\\/kurzarbeit-belastet-ein-drittel-der-mem-branche-politik-muss-handeln\\\/\"]}]},{\"@type\":\"ImageObject\",\"inLanguage\":\"fr-FR\",\"@id\":\"https:\\\/\\\/www.organisator.ch\\\/operational-excellence\\\/2025-03-17\\\/kurzarbeit-belastet-ein-drittel-der-mem-branche-politik-muss-handeln\\\/#primaryimage\",\"url\":\"https:\\\/\\\/www.m-q.ch\\\/wp-content\\\/uploads\\\/2025\\\/03\\\/Swissmechanic_Bild_ps.jpg\",\"contentUrl\":\"https:\\\/\\\/www.m-q.ch\\\/wp-content\\\/uploads\\\/2025\\\/03\\\/Swissmechanic_Bild_ps.jpg\"},{\"@type\":\"BreadcrumbList\",\"@id\":\"https:\\\/\\\/www.organisator.ch\\\/operational-excellence\\\/2025-03-17\\\/kurzarbeit-belastet-ein-drittel-der-mem-branche-politik-muss-handeln\\\/#breadcrumb\",\"itemListElement\":[{\"@type\":\"ListItem\",\"position\":1,\"name\":\"Home\",\"item\":\"https:\\\/\\\/www.organisator.ch\\\/\"},{\"@type\":\"ListItem\",\"position\":2,\"name\":\"Kurzarbeit belastet ein Drittel der MEM-Branche \u2013 Politik muss handeln\"}]},{\"@type\":\"WebSite\",\"@id\":\"https:\\\/\\\/www.organisator.ch\\\/#website\",\"url\":\"https:\\\/\\\/www.organisator.ch\\\/\",\"name\":\"Organisator\",\"description\":\"Kompetent. Praxisnah. Der ORGANISATOR bereitet in 10 Ausgaben pro Jahr die wesentlichen Themen f\u00fcr F\u00fchrungskr\u00e4fte von KMU auf.\",\"publisher\":{\"@id\":\"https:\\\/\\\/www.organisator.ch\\\/#organization\"},\"potentialAction\":[{\"@type\":\"SearchAction\",\"target\":{\"@type\":\"EntryPoint\",\"urlTemplate\":\"https:\\\/\\\/www.organisator.ch\\\/?s={search_term_string}\"},\"query-input\":{\"@type\":\"PropertyValueSpecification\",\"valueRequired\":true,\"valueName\":\"search_term_string\"}}],\"inLanguage\":\"fr-FR\"},{\"@type\":\"Organization\",\"@id\":\"https:\\\/\\\/www.organisator.ch\\\/#organization\",\"name\":\"Organisator\",\"url\":\"https:\\\/\\\/www.organisator.ch\\\/\",\"logo\":{\"@type\":\"ImageObject\",\"inLanguage\":\"fr-FR\",\"@id\":\"https:\\\/\\\/www.organisator.ch\\\/#\\\/schema\\\/logo\\\/image\\\/\",\"url\":\"https:\\\/\\\/www.organisator.ch\\\/wp-content\\\/uploads\\\/2022\\\/01\\\/Logo_Organisator_Website.png\",\"contentUrl\":\"https:\\\/\\\/www.organisator.ch\\\/wp-content\\\/uploads\\\/2022\\\/01\\\/Logo_Organisator_Website.png\",\"width\":800,\"height\":77,\"caption\":\"Organisator\"},\"image\":{\"@id\":\"https:\\\/\\\/www.organisator.ch\\\/#\\\/schema\\\/logo\\\/image\\\/\"},\"sameAs\":[\"https:\\\/\\\/www.facebook.com\\\/OrganisatorFachmagazin\",\"https:\\\/\\\/www.linkedin.com\\\/showcase\\\/organisator-das-magazin-fr-kmu\",\"https:\\\/\\\/www.xing.com\\\/news\\\/pages\\\/organisator-ch-695\",\"https:\\\/\\\/www.youtube.com\\\/channel\\\/UCGP2Sq0iWaZwT3BdIAQFYpw\"]},{\"@type\":\"Person\",\"@id\":\"https:\\\/\\\/www.organisator.ch\\\/#\\\/schema\\\/person\\\/afccda3a71c06d4be2ed9100dd163db7\",\"name\":\"Dzana Muminovic\",\"image\":{\"@type\":\"ImageObject\",\"inLanguage\":\"fr-FR\",\"@id\":\"https:\\\/\\\/secure.gravatar.com\\\/avatar\\\/909c5c71aff4b38e88686f2ab2f1ba152571f394f41ed8bae431ea56ced93050?s=96&d=mm&r=g\",\"url\":\"https:\\\/\\\/secure.gravatar.com\\\/avatar\\\/909c5c71aff4b38e88686f2ab2f1ba152571f394f41ed8bae431ea56ced93050?s=96&d=mm&r=g\",\"contentUrl\":\"https:\\\/\\\/secure.gravatar.com\\\/avatar\\\/909c5c71aff4b38e88686f2ab2f1ba152571f394f41ed8bae431ea56ced93050?s=96&d=mm&r=g\",\"caption\":\"Dzana Muminovic\"},\"url\":\"https:\\\/\\\/www.organisator.ch\\\/fr\\\/author\\\/dzana-muminovic\\\/\"}]}<\/script>\n<!-- \/ Yoast SEO plugin. -->","yoast_head_json":{"title":"Le ch\u00f4mage partiel p\u00e8se sur un tiers de la branche MEM - La politique doit agir - Organisateur","description":"Environ un tiers des entreprises MEM en Suisse sont concern\u00e9es par le ch\u00f4mage partiel. Ce sont surtout les PME qui se battent contre les obstacles bureaucratiques.","robots":{"index":"index","follow":"follow","max-snippet":"max-snippet:-1","max-image-preview":"max-image-preview:large","max-video-preview":"max-video-preview:-1"},"canonical":"https:\/\/www.organisator.ch\/fr\/excellence-operationnelle\/2025-03-17\/kurzarbeit-belastet-ein-drittel-der-mem-branche-politik-muss-handeln\/","og_locale":"fr_FR","og_type":"article","og_title":"Kurzarbeit belastet ein Drittel der MEM-Branche \u2013 Politik muss handeln - Organisator","og_description":"Rund ein Drittel der MEM-Unternehmen in der Schweiz ist von Kurzarbeit betroffen. Besonders KMU k\u00e4mpfen mit b\u00fcrokratischen H\u00fcrden.","og_url":"https:\/\/www.organisator.ch\/fr\/excellence-operationnelle\/2025-03-17\/kurzarbeit-belastet-ein-drittel-der-mem-branche-politik-muss-handeln\/","og_site_name":"Organisator","article_publisher":"https:\/\/www.facebook.com\/OrganisatorFachmagazin","article_published_time":"2025-03-17T09:52:20+00:00","og_image":[{"width":1157,"height":731,"url":"https:\/\/www.organisator.ch\/wp-content\/uploads\/2023\/08\/Weiterbildung_Auftakt-Rupp_Bild2_organisator_57222.jpg","type":"image\/jpeg"}],"author":"Dzana Muminovic","twitter_card":"summary_large_image","schema":{"@context":"https:\/\/schema.org","@graph":[{"@type":"Article","@id":"https:\/\/www.organisator.ch\/operational-excellence\/2025-03-17\/kurzarbeit-belastet-ein-drittel-der-mem-branche-politik-muss-handeln\/#article","isPartOf":{"@id":"https:\/\/www.organisator.ch\/operational-excellence\/2025-03-17\/kurzarbeit-belastet-ein-drittel-der-mem-branche-politik-muss-handeln\/"},"author":{"name":"Dzana Muminovic","@id":"https:\/\/www.organisator.ch\/#\/schema\/person\/afccda3a71c06d4be2ed9100dd163db7"},"headline":"Kurzarbeit belastet ein Drittel der MEM-Branche \u2013 Politik muss handeln","datePublished":"2025-03-17T09:52:20+00:00","mainEntityOfPage":{"@id":"https:\/\/www.organisator.ch\/operational-excellence\/2025-03-17\/kurzarbeit-belastet-ein-drittel-der-mem-branche-politik-muss-handeln\/"},"wordCount":515,"publisher":{"@id":"https:\/\/www.organisator.ch\/#organization"},"image":{"@id":"https:\/\/www.organisator.ch\/operational-excellence\/2025-03-17\/kurzarbeit-belastet-ein-drittel-der-mem-branche-politik-muss-handeln\/#primaryimage"},"thumbnailUrl":"https:\/\/www.m-q.ch\/wp-content\/uploads\/2025\/03\/Swissmechanic_Bild_ps.jpg","keywords":["Allgemein","KMU","Kurzarbeit","MEM","Politik","Umfrage"],"articleSection":["OPERATIONAL EXCELLENCE"],"inLanguage":"fr-FR"},{"@type":"WebPage","@id":"https:\/\/www.organisator.ch\/operational-excellence\/2025-03-17\/kurzarbeit-belastet-ein-drittel-der-mem-branche-politik-muss-handeln\/","url":"https:\/\/www.organisator.ch\/operational-excellence\/2025-03-17\/kurzarbeit-belastet-ein-drittel-der-mem-branche-politik-muss-handeln\/","name":"Le ch\u00f4mage partiel p\u00e8se sur un tiers de la branche MEM - La politique doit agir - Organisateur","isPartOf":{"@id":"https:\/\/www.organisator.ch\/#website"},"primaryImageOfPage":{"@id":"https:\/\/www.organisator.ch\/operational-excellence\/2025-03-17\/kurzarbeit-belastet-ein-drittel-der-mem-branche-politik-muss-handeln\/#primaryimage"},"image":{"@id":"https:\/\/www.organisator.ch\/operational-excellence\/2025-03-17\/kurzarbeit-belastet-ein-drittel-der-mem-branche-politik-muss-handeln\/#primaryimage"},"thumbnailUrl":"https:\/\/www.m-q.ch\/wp-content\/uploads\/2025\/03\/Swissmechanic_Bild_ps.jpg","datePublished":"2025-03-17T09:52:20+00:00","description":"Environ un tiers des entreprises MEM en Suisse sont concern\u00e9es par le ch\u00f4mage partiel. Ce sont surtout les PME qui se battent contre les obstacles bureaucratiques.","breadcrumb":{"@id":"https:\/\/www.organisator.ch\/operational-excellence\/2025-03-17\/kurzarbeit-belastet-ein-drittel-der-mem-branche-politik-muss-handeln\/#breadcrumb"},"inLanguage":"fr-FR","potentialAction":[{"@type":"ReadAction","target":["https:\/\/www.organisator.ch\/operational-excellence\/2025-03-17\/kurzarbeit-belastet-ein-drittel-der-mem-branche-politik-muss-handeln\/"]}]},{"@type":"ImageObject","inLanguage":"fr-FR","@id":"https:\/\/www.organisator.ch\/operational-excellence\/2025-03-17\/kurzarbeit-belastet-ein-drittel-der-mem-branche-politik-muss-handeln\/#primaryimage","url":"https:\/\/www.m-q.ch\/wp-content\/uploads\/2025\/03\/Swissmechanic_Bild_ps.jpg","contentUrl":"https:\/\/www.m-q.ch\/wp-content\/uploads\/2025\/03\/Swissmechanic_Bild_ps.jpg"},{"@type":"BreadcrumbList","@id":"https:\/\/www.organisator.ch\/operational-excellence\/2025-03-17\/kurzarbeit-belastet-ein-drittel-der-mem-branche-politik-muss-handeln\/#breadcrumb","itemListElement":[{"@type":"ListItem","position":1,"name":"Home","item":"https:\/\/www.organisator.ch\/"},{"@type":"ListItem","position":2,"name":"Kurzarbeit belastet ein Drittel der MEM-Branche \u2013 Politik muss handeln"}]},{"@type":"WebSite","@id":"https:\/\/www.organisator.ch\/#website","url":"https:\/\/www.organisator.ch\/","name":"Organisateur","description":"Comp\u00e9tence et comp\u00e9tence. Proches de la pratique. L'ORGANISATEUR pr\u00e9pare 10 num\u00e9ros par an sur les th\u00e8mes essentiels pour les dirigeants de PME.","publisher":{"@id":"https:\/\/www.organisator.ch\/#organization"},"potentialAction":[{"@type":"SearchAction","target":{"@type":"EntryPoint","urlTemplate":"https:\/\/www.organisator.ch\/?s={search_term_string}"},"query-input":{"@type":"PropertyValueSpecification","valueRequired":true,"valueName":"search_term_string"}}],"inLanguage":"fr-FR"},{"@type":"Organization","@id":"https:\/\/www.organisator.ch\/#organization","name":"Organisateur","url":"https:\/\/www.organisator.ch\/","logo":{"@type":"ImageObject","inLanguage":"fr-FR","@id":"https:\/\/www.organisator.ch\/#\/schema\/logo\/image\/","url":"https:\/\/www.organisator.ch\/wp-content\/uploads\/2022\/01\/Logo_Organisator_Website.png","contentUrl":"https:\/\/www.organisator.ch\/wp-content\/uploads\/2022\/01\/Logo_Organisator_Website.png","width":800,"height":77,"caption":"Organisator"},"image":{"@id":"https:\/\/www.organisator.ch\/#\/schema\/logo\/image\/"},"sameAs":["https:\/\/www.facebook.com\/OrganisatorFachmagazin","https:\/\/www.linkedin.com\/showcase\/organisator-das-magazin-fr-kmu","https:\/\/www.xing.com\/news\/pages\/organisator-ch-695","https:\/\/www.youtube.com\/channel\/UCGP2Sq0iWaZwT3BdIAQFYpw"]},{"@type":"Person","@id":"https:\/\/www.organisator.ch\/#\/schema\/person\/afccda3a71c06d4be2ed9100dd163db7","name":"Dzana Muminovic","image":{"@type":"ImageObject","inLanguage":"fr-FR","@id":"https:\/\/secure.gravatar.com\/avatar\/909c5c71aff4b38e88686f2ab2f1ba152571f394f41ed8bae431ea56ced93050?s=96&d=mm&r=g","url":"https:\/\/secure.gravatar.com\/avatar\/909c5c71aff4b38e88686f2ab2f1ba152571f394f41ed8bae431ea56ced93050?s=96&d=mm&r=g","contentUrl":"https:\/\/secure.gravatar.com\/avatar\/909c5c71aff4b38e88686f2ab2f1ba152571f394f41ed8bae431ea56ced93050?s=96&d=mm&r=g","caption":"Dzana Muminovic"},"url":"https:\/\/www.organisator.ch\/fr\/author\/dzana-muminovic\/"}]}},"_links":{"self":[{"href":"https:\/\/www.organisator.ch\/fr\/wp-json\/wp\/v2\/posts\/36943","targetHints":{"allow":["GET"]}}],"collection":[{"href":"https:\/\/www.organisator.ch\/fr\/wp-json\/wp\/v2\/posts"}],"about":[{"href":"https:\/\/www.organisator.ch\/fr\/wp-json\/wp\/v2\/types\/post"}],"author":[{"embeddable":true,"href":"https:\/\/www.organisator.ch\/fr\/wp-json\/wp\/v2\/users\/80"}],"replies":[{"embeddable":true,"href":"https:\/\/www.organisator.ch\/fr\/wp-json\/wp\/v2\/comments?post=36943"}],"version-history":[{"count":6,"href":"https:\/\/www.organisator.ch\/fr\/wp-json\/wp\/v2\/posts\/36943\/revisions"}],"predecessor-version":[{"id":36949,"href":"https:\/\/www.organisator.ch\/fr\/wp-json\/wp\/v2\/posts\/36943\/revisions\/36949"}],"wp:attachment":[{"href":"https:\/\/www.organisator.ch\/fr\/wp-json\/wp\/v2\/media?parent=36943"}],"wp:term":[{"taxonomy":"category","embeddable":true,"href":"https:\/\/www.organisator.ch\/fr\/wp-json\/wp\/v2\/categories?post=36943"},{"taxonomy":"post_tag","embeddable":true,"href":"https:\/\/www.organisator.ch\/fr\/wp-json\/wp\/v2\/tags?post=36943"}],"curies":[{"name":"wp","href":"https:\/\/api.w.org\/{rel}","templated":true}]}}