{"id":36951,"date":"2025-03-17T13:45:03","date_gmt":"2025-03-17T12:45:03","guid":{"rendered":"https:\/\/www.markt-kom.com\/?p=231994"},"modified":"2025-03-17T13:46:28","modified_gmt":"2025-03-17T12:46:28","slug":"hwz-valerio-stallone-leitet-neu-das-departement-marketing-digital","status":"publish","type":"post","link":"https:\/\/www.organisator.ch\/fr\/marketing\/2025-03-17\/hwz-valerio-stallone-leitet-neu-das-departement-marketing-digital\/","title":{"rendered":"HWZ : Valerio Stallone dirige d\u00e9sormais le d\u00e9partement Marketing &amp; Digital"},"content":{"rendered":"<figure id=\"attachment_231995\" class=\"wp-caption aligncenter\" style=\"width: 1200px;\" aria-describedby=\"caption-attachment-231995\"><a href=\"https:\/\/www.markt-kom.com\/wp-content\/uploads\/2025\/03\/Valerio-Stallone-HWZ.jpg\"><img class=\"size-full wp-image-231995\" src=\"https:\/\/www.markt-kom.com\/wp-content\/uploads\/2025\/03\/Valerio-Stallone-HWZ.jpg\" sizes=\"(max-width: 1200px) 100vw, 1200px\" srcset=\"https:\/\/www.markt-kom.com\/wp-content\/uploads\/2025\/03\/Valerio-Stallone-HWZ.jpg 1200w, https:\/\/www.markt-kom.com\/wp-content\/uploads\/2025\/03\/Valerio-Stallone-HWZ-600x450.jpg 600w, https:\/\/www.markt-kom.com\/wp-content\/uploads\/2025\/03\/Valerio-Stallone-HWZ-1024x768.jpg 1024w, https:\/\/www.markt-kom.com\/wp-content\/uploads\/2025\/03\/Valerio-Stallone-HWZ-768x576.jpg 768w, https:\/\/www.markt-kom.com\/wp-content\/uploads\/2025\/03\/Valerio-Stallone-HWZ-16x12.jpg 16w, https:\/\/www.markt-kom.com\/wp-content\/uploads\/2025\/03\/Valerio-Stallone-HWZ-233x175.jpg 233w, https:\/\/www.markt-kom.com\/wp-content\/uploads\/2025\/03\/Valerio-Stallone-HWZ-467x350.jpg 467w, https:\/\/www.markt-kom.com\/wp-content\/uploads\/2025\/03\/Valerio-Stallone-HWZ-1000x750.jpg 1000w\" alt=\"\" width=\"1200\" height=\"900\" \/><\/a>\r\n<figcaption id=\"caption-attachment-231995\" class=\"wp-caption-text\">(Image : zVg.)<\/figcaption>\r\n<\/figure>\r\n<p>Avant de rejoindre la HWZ, Stallone a \u00e9t\u00e9 directeur de fili\u00e8re et enseignant \u00e0 la ZHAW School of Management and Law, o\u00f9 il a dirig\u00e9 des programmes d'enseignement et de recherche \u00e0 l'interface entre le marketing et les technologies. Il a toujours mis l'accent sur le transfert de la science \u00e0 la pratique. Gr\u00e2ce \u00e0 son expertise et \u00e0 sa force d'innovation, il doit maintenant faire avancer le d\u00e9veloppement du d\u00e9partement Marketing &amp; Digital \u00e0 la HWZ.<\/p>\r\n<p>\"Ce sera un honneur pour moi de cr\u00e9er \u00e0 la HWZ un environnement dans lequel nous allions des comp\u00e9tences de march\u00e9 \u00e0 un v\u00e9ritable sens de l'avenir\", d\u00e9clare Stallone \u00e0 propos de ses nouvelles fonctions. \"J'attache une grande importance \u00e0 une approche outside-in et \u00e0 l'int\u00e9gration syst\u00e9matique des innovations num\u00e9riques, sans perdre de vue le facteur humain\".<\/p>\r\n<p>Le recteur de la HWZ, Brian R\u00fceger, souligne l'importance de cette nouvelle nomination : \"Mon objectif est de briser les silos et d'\u00e9tablir un mode de pens\u00e9e en r\u00e9seau afin de trouver, en tant que haute \u00e9cole, des r\u00e9ponses innovantes et durables aux d\u00e9fis technologiques et \u00e9conomiques. Avec Valerio Stallone, nous gagnons un cadre engag\u00e9 qui allie avec succ\u00e8s th\u00e9orie et pratique et qui donnera de pr\u00e9cieuses impulsions \u00e0 la HWZ\".<\/p>\r\n<p>Stallone est titulaire d'un Master of Science in Management &amp; Economics de l'universit\u00e9 de Zurich, d'un Ph.D. in Marketing de l'universit\u00e9 de Maastricht et d'un CAS en didactique universitaire de la ZHAW.<\/p>\r\n<p>Il a commenc\u00e9 sa carri\u00e8re en tant qu'Account Manager chez Webrepublic. Il a ensuite \u00e9t\u00e9 responsable de la strat\u00e9gie marketing pour la r\u00e9gion DACH en tant que Head of Marketing &amp; Communication chez Selfnation (RealLook). Il est ensuite pass\u00e9 chez Ava, o\u00f9 il est pass\u00e9 de Digital Marketer \u00e0 Marketing Director Europe et a dirig\u00e9 une \u00e9quipe internationale.<\/p>","protected":false},"excerpt":{"rendered":"<p>Dr Valerio Stallone prendra la direction du d\u00e9partement Marketing &amp; Digital de la HWZ \u00e0 partir du 1er mai. Il apporte une vaste exp\u00e9rience dans les domaines du marketing num\u00e9rique et des MarTech.<\/p>","protected":false},"author":8,"featured_media":0,"comment_status":"closed","ping_status":"closed","sticky":false,"template":"","format":"standard","meta":{"_acf_changed":false,"_yoast_wpseo_focuskw":"Valerio Stallone HWZ","_yoast_wpseo_metadesc":"Dr. Valerio Stallone \u00fcbernimmt ab Mai die Leitung des Departements Marketing & Digital an der HWZ und bringt viel MarTech-Erfahrung mit.","articlekey":"","footnotes":""},"categories":[29],"tags":[1382,2853,4343,518],"class_list":["post-36951","post","type-post","status-publish","format-standard","hentry","category-marketing","tag-hwz","tag-jobchange","tag-markom","tag-weiterbildung"],"acf":[],"yoast_head":"<!-- This site is optimized with the Yoast SEO plugin v27.5 - https:\/\/yoast.com\/product\/yoast-seo-wordpress\/ -->\n<title>HWZ: Valerio Stallone leitet neu das Departement Marketing &amp; Digital - Organisator<\/title>\n<meta name=\"description\" content=\"Dr. Valerio Stallone \u00fcbernimmt ab Mai die Leitung des Departements Marketing &amp; Digital an der HWZ und bringt viel MarTech-Erfahrung mit.\" \/>\n<meta name=\"robots\" content=\"index, follow, max-snippet:-1, max-image-preview:large, max-video-preview:-1\" \/>\n<link rel=\"canonical\" href=\"https:\/\/www.organisator.ch\/fr\/marketing\/2025-03-17\/hwz-valerio-stallone-leitet-neu-das-departement-marketing-digital\/\" \/>\n<meta property=\"og:locale\" content=\"fr_FR\" \/>\n<meta property=\"og:type\" content=\"article\" \/>\n<meta property=\"og:title\" content=\"HWZ: Valerio Stallone leitet neu das Departement Marketing &amp; Digital - Organisator\" \/>\n<meta property=\"og:description\" content=\"Dr. Valerio Stallone \u00fcbernimmt ab Mai die Leitung des Departements Marketing &amp; Digital an der HWZ und bringt viel MarTech-Erfahrung mit.\" \/>\n<meta property=\"og:url\" content=\"https:\/\/www.organisator.ch\/fr\/marketing\/2025-03-17\/hwz-valerio-stallone-leitet-neu-das-departement-marketing-digital\/\" \/>\n<meta property=\"og:site_name\" content=\"Organisator\" \/>\n<meta property=\"article:publisher\" content=\"https:\/\/www.facebook.com\/OrganisatorFachmagazin\" \/>\n<meta property=\"article:published_time\" content=\"2025-03-17T12:45:03+00:00\" \/>\n<meta property=\"article:modified_time\" content=\"2025-03-17T12:46:28+00:00\" \/>\n<meta name=\"author\" content=\"galledia\" \/>\n<meta name=\"twitter:card\" content=\"summary_large_image\" \/>\n<meta name=\"twitter:creator\" content=\"@admin\" \/>\n<script type=\"application\/ld+json\" class=\"yoast-schema-graph\">{\"@context\":\"https:\\\/\\\/schema.org\",\"@graph\":[{\"@type\":\"Article\",\"@id\":\"https:\\\/\\\/www.organisator.ch\\\/marketing\\\/2025-03-17\\\/hwz-valerio-stallone-leitet-neu-das-departement-marketing-digital\\\/#article\",\"isPartOf\":{\"@id\":\"https:\\\/\\\/www.organisator.ch\\\/marketing\\\/2025-03-17\\\/hwz-valerio-stallone-leitet-neu-das-departement-marketing-digital\\\/\"},\"author\":{\"name\":\"galledia\",\"@id\":\"https:\\\/\\\/www.organisator.ch\\\/#\\\/schema\\\/person\\\/4e51799071cd2dd1232ac003643ef5f0\"},\"headline\":\"HWZ: Valerio Stallone leitet neu das Departement Marketing &amp; Digital\",\"datePublished\":\"2025-03-17T12:45:03+00:00\",\"dateModified\":\"2025-03-17T12:46:28+00:00\",\"mainEntityOfPage\":{\"@id\":\"https:\\\/\\\/www.organisator.ch\\\/marketing\\\/2025-03-17\\\/hwz-valerio-stallone-leitet-neu-das-departement-marketing-digital\\\/\"},\"wordCount\":270,\"publisher\":{\"@id\":\"https:\\\/\\\/www.organisator.ch\\\/#organization\"},\"image\":{\"@id\":\"https:\\\/\\\/www.organisator.ch\\\/marketing\\\/2025-03-17\\\/hwz-valerio-stallone-leitet-neu-das-departement-marketing-digital\\\/#primaryimage\"},\"thumbnailUrl\":\"https:\\\/\\\/www.markt-kom.com\\\/wp-content\\\/uploads\\\/2025\\\/03\\\/Valerio-Stallone-HWZ.jpg\",\"keywords\":[\"HWZ\",\"Jobchange\",\"MarKom\",\"Weiterbildung\"],\"articleSection\":[\"MARKETING\"],\"inLanguage\":\"fr-FR\"},{\"@type\":\"WebPage\",\"@id\":\"https:\\\/\\\/www.organisator.ch\\\/marketing\\\/2025-03-17\\\/hwz-valerio-stallone-leitet-neu-das-departement-marketing-digital\\\/\",\"url\":\"https:\\\/\\\/www.organisator.ch\\\/marketing\\\/2025-03-17\\\/hwz-valerio-stallone-leitet-neu-das-departement-marketing-digital\\\/\",\"name\":\"HWZ: Valerio Stallone leitet neu das Departement Marketing &amp; Digital - Organisator\",\"isPartOf\":{\"@id\":\"https:\\\/\\\/www.organisator.ch\\\/#website\"},\"primaryImageOfPage\":{\"@id\":\"https:\\\/\\\/www.organisator.ch\\\/marketing\\\/2025-03-17\\\/hwz-valerio-stallone-leitet-neu-das-departement-marketing-digital\\\/#primaryimage\"},\"image\":{\"@id\":\"https:\\\/\\\/www.organisator.ch\\\/marketing\\\/2025-03-17\\\/hwz-valerio-stallone-leitet-neu-das-departement-marketing-digital\\\/#primaryimage\"},\"thumbnailUrl\":\"https:\\\/\\\/www.markt-kom.com\\\/wp-content\\\/uploads\\\/2025\\\/03\\\/Valerio-Stallone-HWZ.jpg\",\"datePublished\":\"2025-03-17T12:45:03+00:00\",\"dateModified\":\"2025-03-17T12:46:28+00:00\",\"description\":\"Dr. Valerio Stallone \u00fcbernimmt ab Mai die Leitung des Departements Marketing & Digital an der HWZ und bringt viel MarTech-Erfahrung mit.\",\"breadcrumb\":{\"@id\":\"https:\\\/\\\/www.organisator.ch\\\/marketing\\\/2025-03-17\\\/hwz-valerio-stallone-leitet-neu-das-departement-marketing-digital\\\/#breadcrumb\"},\"inLanguage\":\"fr-FR\",\"potentialAction\":[{\"@type\":\"ReadAction\",\"target\":[\"https:\\\/\\\/www.organisator.ch\\\/marketing\\\/2025-03-17\\\/hwz-valerio-stallone-leitet-neu-das-departement-marketing-digital\\\/\"]}]},{\"@type\":\"ImageObject\",\"inLanguage\":\"fr-FR\",\"@id\":\"https:\\\/\\\/www.organisator.ch\\\/marketing\\\/2025-03-17\\\/hwz-valerio-stallone-leitet-neu-das-departement-marketing-digital\\\/#primaryimage\",\"url\":\"https:\\\/\\\/www.markt-kom.com\\\/wp-content\\\/uploads\\\/2025\\\/03\\\/Valerio-Stallone-HWZ.jpg\",\"contentUrl\":\"https:\\\/\\\/www.markt-kom.com\\\/wp-content\\\/uploads\\\/2025\\\/03\\\/Valerio-Stallone-HWZ.jpg\"},{\"@type\":\"BreadcrumbList\",\"@id\":\"https:\\\/\\\/www.organisator.ch\\\/marketing\\\/2025-03-17\\\/hwz-valerio-stallone-leitet-neu-das-departement-marketing-digital\\\/#breadcrumb\",\"itemListElement\":[{\"@type\":\"ListItem\",\"position\":1,\"name\":\"Home\",\"item\":\"https:\\\/\\\/www.organisator.ch\\\/\"},{\"@type\":\"ListItem\",\"position\":2,\"name\":\"HWZ: Valerio Stallone leitet neu das Departement Marketing &amp; Digital\"}]},{\"@type\":\"WebSite\",\"@id\":\"https:\\\/\\\/www.organisator.ch\\\/#website\",\"url\":\"https:\\\/\\\/www.organisator.ch\\\/\",\"name\":\"Organisator\",\"description\":\"Kompetent. Praxisnah. Der ORGANISATOR bereitet in 10 Ausgaben pro Jahr die wesentlichen Themen f\u00fcr F\u00fchrungskr\u00e4fte von KMU auf.\",\"publisher\":{\"@id\":\"https:\\\/\\\/www.organisator.ch\\\/#organization\"},\"potentialAction\":[{\"@type\":\"SearchAction\",\"target\":{\"@type\":\"EntryPoint\",\"urlTemplate\":\"https:\\\/\\\/www.organisator.ch\\\/?s={search_term_string}\"},\"query-input\":{\"@type\":\"PropertyValueSpecification\",\"valueRequired\":true,\"valueName\":\"search_term_string\"}}],\"inLanguage\":\"fr-FR\"},{\"@type\":\"Organization\",\"@id\":\"https:\\\/\\\/www.organisator.ch\\\/#organization\",\"name\":\"Organisator\",\"url\":\"https:\\\/\\\/www.organisator.ch\\\/\",\"logo\":{\"@type\":\"ImageObject\",\"inLanguage\":\"fr-FR\",\"@id\":\"https:\\\/\\\/www.organisator.ch\\\/#\\\/schema\\\/logo\\\/image\\\/\",\"url\":\"https:\\\/\\\/www.organisator.ch\\\/wp-content\\\/uploads\\\/2022\\\/01\\\/Logo_Organisator_Website.png\",\"contentUrl\":\"https:\\\/\\\/www.organisator.ch\\\/wp-content\\\/uploads\\\/2022\\\/01\\\/Logo_Organisator_Website.png\",\"width\":800,\"height\":77,\"caption\":\"Organisator\"},\"image\":{\"@id\":\"https:\\\/\\\/www.organisator.ch\\\/#\\\/schema\\\/logo\\\/image\\\/\"},\"sameAs\":[\"https:\\\/\\\/www.facebook.com\\\/OrganisatorFachmagazin\",\"https:\\\/\\\/www.linkedin.com\\\/showcase\\\/organisator-das-magazin-fr-kmu\",\"https:\\\/\\\/www.xing.com\\\/news\\\/pages\\\/organisator-ch-695\",\"https:\\\/\\\/www.youtube.com\\\/channel\\\/UCGP2Sq0iWaZwT3BdIAQFYpw\"]},{\"@type\":\"Person\",\"@id\":\"https:\\\/\\\/www.organisator.ch\\\/#\\\/schema\\\/person\\\/4e51799071cd2dd1232ac003643ef5f0\",\"name\":\"galledia\",\"image\":{\"@type\":\"ImageObject\",\"inLanguage\":\"fr-FR\",\"@id\":\"https:\\\/\\\/secure.gravatar.com\\\/avatar\\\/78a7f90c01fc2bfc875782a0d4922b37cde2cf184ce347b91316d23cd7f69a36?s=96&d=mm&r=g\",\"url\":\"https:\\\/\\\/secure.gravatar.com\\\/avatar\\\/78a7f90c01fc2bfc875782a0d4922b37cde2cf184ce347b91316d23cd7f69a36?s=96&d=mm&r=g\",\"contentUrl\":\"https:\\\/\\\/secure.gravatar.com\\\/avatar\\\/78a7f90c01fc2bfc875782a0d4922b37cde2cf184ce347b91316d23cd7f69a36?s=96&d=mm&r=g\",\"caption\":\"galledia\"},\"sameAs\":[\"https:\\\/\\\/x.com\\\/admin\"],\"url\":\"https:\\\/\\\/www.organisator.ch\\\/fr\\\/author\\\/galledia\\\/\"}]}<\/script>\n<!-- \/ Yoast SEO plugin. -->","yoast_head_json":{"title":"HWZ : Valerio Stallone dirige d\u00e9sormais le d\u00e9partement Marketing &amp; Digital - Organisateur","description":"Le Dr Valerio Stallone prendra la direction du d\u00e9partement Marketing &amp; Digital de la HWZ \u00e0 partir du mois de mai et apporte avec lui une grande exp\u00e9rience des MarTech.","robots":{"index":"index","follow":"follow","max-snippet":"max-snippet:-1","max-image-preview":"max-image-preview:large","max-video-preview":"max-video-preview:-1"},"canonical":"https:\/\/www.organisator.ch\/fr\/marketing\/2025-03-17\/hwz-valerio-stallone-leitet-neu-das-departement-marketing-digital\/","og_locale":"fr_FR","og_type":"article","og_title":"HWZ: Valerio Stallone leitet neu das Departement Marketing &amp; Digital - Organisator","og_description":"Dr. Valerio Stallone \u00fcbernimmt ab Mai die Leitung des Departements Marketing & Digital an der HWZ und bringt viel MarTech-Erfahrung mit.","og_url":"https:\/\/www.organisator.ch\/fr\/marketing\/2025-03-17\/hwz-valerio-stallone-leitet-neu-das-departement-marketing-digital\/","og_site_name":"Organisator","article_publisher":"https:\/\/www.facebook.com\/OrganisatorFachmagazin","article_published_time":"2025-03-17T12:45:03+00:00","article_modified_time":"2025-03-17T12:46:28+00:00","author":"galledia","twitter_card":"summary_large_image","twitter_creator":"@admin","schema":{"@context":"https:\/\/schema.org","@graph":[{"@type":"Article","@id":"https:\/\/www.organisator.ch\/marketing\/2025-03-17\/hwz-valerio-stallone-leitet-neu-das-departement-marketing-digital\/#article","isPartOf":{"@id":"https:\/\/www.organisator.ch\/marketing\/2025-03-17\/hwz-valerio-stallone-leitet-neu-das-departement-marketing-digital\/"},"author":{"name":"galledia","@id":"https:\/\/www.organisator.ch\/#\/schema\/person\/4e51799071cd2dd1232ac003643ef5f0"},"headline":"HWZ: Valerio Stallone leitet neu das Departement Marketing &amp; Digital","datePublished":"2025-03-17T12:45:03+00:00","dateModified":"2025-03-17T12:46:28+00:00","mainEntityOfPage":{"@id":"https:\/\/www.organisator.ch\/marketing\/2025-03-17\/hwz-valerio-stallone-leitet-neu-das-departement-marketing-digital\/"},"wordCount":270,"publisher":{"@id":"https:\/\/www.organisator.ch\/#organization"},"image":{"@id":"https:\/\/www.organisator.ch\/marketing\/2025-03-17\/hwz-valerio-stallone-leitet-neu-das-departement-marketing-digital\/#primaryimage"},"thumbnailUrl":"https:\/\/www.markt-kom.com\/wp-content\/uploads\/2025\/03\/Valerio-Stallone-HWZ.jpg","keywords":["HWZ","Jobchange","MarKom","Weiterbildung"],"articleSection":["MARKETING"],"inLanguage":"fr-FR"},{"@type":"WebPage","@id":"https:\/\/www.organisator.ch\/marketing\/2025-03-17\/hwz-valerio-stallone-leitet-neu-das-departement-marketing-digital\/","url":"https:\/\/www.organisator.ch\/marketing\/2025-03-17\/hwz-valerio-stallone-leitet-neu-das-departement-marketing-digital\/","name":"HWZ : Valerio Stallone dirige d\u00e9sormais le d\u00e9partement Marketing &amp; Digital - Organisateur","isPartOf":{"@id":"https:\/\/www.organisator.ch\/#website"},"primaryImageOfPage":{"@id":"https:\/\/www.organisator.ch\/marketing\/2025-03-17\/hwz-valerio-stallone-leitet-neu-das-departement-marketing-digital\/#primaryimage"},"image":{"@id":"https:\/\/www.organisator.ch\/marketing\/2025-03-17\/hwz-valerio-stallone-leitet-neu-das-departement-marketing-digital\/#primaryimage"},"thumbnailUrl":"https:\/\/www.markt-kom.com\/wp-content\/uploads\/2025\/03\/Valerio-Stallone-HWZ.jpg","datePublished":"2025-03-17T12:45:03+00:00","dateModified":"2025-03-17T12:46:28+00:00","description":"Le Dr Valerio Stallone prendra la direction du d\u00e9partement Marketing &amp; Digital de la HWZ \u00e0 partir du mois de mai et apporte avec lui une grande exp\u00e9rience des MarTech.","breadcrumb":{"@id":"https:\/\/www.organisator.ch\/marketing\/2025-03-17\/hwz-valerio-stallone-leitet-neu-das-departement-marketing-digital\/#breadcrumb"},"inLanguage":"fr-FR","potentialAction":[{"@type":"ReadAction","target":["https:\/\/www.organisator.ch\/marketing\/2025-03-17\/hwz-valerio-stallone-leitet-neu-das-departement-marketing-digital\/"]}]},{"@type":"ImageObject","inLanguage":"fr-FR","@id":"https:\/\/www.organisator.ch\/marketing\/2025-03-17\/hwz-valerio-stallone-leitet-neu-das-departement-marketing-digital\/#primaryimage","url":"https:\/\/www.markt-kom.com\/wp-content\/uploads\/2025\/03\/Valerio-Stallone-HWZ.jpg","contentUrl":"https:\/\/www.markt-kom.com\/wp-content\/uploads\/2025\/03\/Valerio-Stallone-HWZ.jpg"},{"@type":"BreadcrumbList","@id":"https:\/\/www.organisator.ch\/marketing\/2025-03-17\/hwz-valerio-stallone-leitet-neu-das-departement-marketing-digital\/#breadcrumb","itemListElement":[{"@type":"ListItem","position":1,"name":"Home","item":"https:\/\/www.organisator.ch\/"},{"@type":"ListItem","position":2,"name":"HWZ: Valerio Stallone leitet neu das Departement Marketing &amp; Digital"}]},{"@type":"WebSite","@id":"https:\/\/www.organisator.ch\/#website","url":"https:\/\/www.organisator.ch\/","name":"Organisateur","description":"Comp\u00e9tence et comp\u00e9tence. Proches de la pratique. L'ORGANISATEUR pr\u00e9pare 10 num\u00e9ros par an sur les th\u00e8mes essentiels pour les dirigeants de PME.","publisher":{"@id":"https:\/\/www.organisator.ch\/#organization"},"potentialAction":[{"@type":"SearchAction","target":{"@type":"EntryPoint","urlTemplate":"https:\/\/www.organisator.ch\/?s={search_term_string}"},"query-input":{"@type":"PropertyValueSpecification","valueRequired":true,"valueName":"search_term_string"}}],"inLanguage":"fr-FR"},{"@type":"Organization","@id":"https:\/\/www.organisator.ch\/#organization","name":"Organisateur","url":"https:\/\/www.organisator.ch\/","logo":{"@type":"ImageObject","inLanguage":"fr-FR","@id":"https:\/\/www.organisator.ch\/#\/schema\/logo\/image\/","url":"https:\/\/www.organisator.ch\/wp-content\/uploads\/2022\/01\/Logo_Organisator_Website.png","contentUrl":"https:\/\/www.organisator.ch\/wp-content\/uploads\/2022\/01\/Logo_Organisator_Website.png","width":800,"height":77,"caption":"Organisator"},"image":{"@id":"https:\/\/www.organisator.ch\/#\/schema\/logo\/image\/"},"sameAs":["https:\/\/www.facebook.com\/OrganisatorFachmagazin","https:\/\/www.linkedin.com\/showcase\/organisator-das-magazin-fr-kmu","https:\/\/www.xing.com\/news\/pages\/organisator-ch-695","https:\/\/www.youtube.com\/channel\/UCGP2Sq0iWaZwT3BdIAQFYpw"]},{"@type":"Person","@id":"https:\/\/www.organisator.ch\/#\/schema\/person\/4e51799071cd2dd1232ac003643ef5f0","name":"galledia","image":{"@type":"ImageObject","inLanguage":"fr-FR","@id":"https:\/\/secure.gravatar.com\/avatar\/78a7f90c01fc2bfc875782a0d4922b37cde2cf184ce347b91316d23cd7f69a36?s=96&d=mm&r=g","url":"https:\/\/secure.gravatar.com\/avatar\/78a7f90c01fc2bfc875782a0d4922b37cde2cf184ce347b91316d23cd7f69a36?s=96&d=mm&r=g","contentUrl":"https:\/\/secure.gravatar.com\/avatar\/78a7f90c01fc2bfc875782a0d4922b37cde2cf184ce347b91316d23cd7f69a36?s=96&d=mm&r=g","caption":"galledia"},"sameAs":["https:\/\/x.com\/admin"],"url":"https:\/\/www.organisator.ch\/fr\/author\/galledia\/"}]}},"_links":{"self":[{"href":"https:\/\/www.organisator.ch\/fr\/wp-json\/wp\/v2\/posts\/36951","targetHints":{"allow":["GET"]}}],"collection":[{"href":"https:\/\/www.organisator.ch\/fr\/wp-json\/wp\/v2\/posts"}],"about":[{"href":"https:\/\/www.organisator.ch\/fr\/wp-json\/wp\/v2\/types\/post"}],"author":[{"embeddable":true,"href":"https:\/\/www.organisator.ch\/fr\/wp-json\/wp\/v2\/users\/8"}],"replies":[{"embeddable":true,"href":"https:\/\/www.organisator.ch\/fr\/wp-json\/wp\/v2\/comments?post=36951"}],"version-history":[{"count":4,"href":"https:\/\/www.organisator.ch\/fr\/wp-json\/wp\/v2\/posts\/36951\/revisions"}],"predecessor-version":[{"id":36956,"href":"https:\/\/www.organisator.ch\/fr\/wp-json\/wp\/v2\/posts\/36951\/revisions\/36956"}],"wp:attachment":[{"href":"https:\/\/www.organisator.ch\/fr\/wp-json\/wp\/v2\/media?parent=36951"}],"wp:term":[{"taxonomy":"category","embeddable":true,"href":"https:\/\/www.organisator.ch\/fr\/wp-json\/wp\/v2\/categories?post=36951"},{"taxonomy":"post_tag","embeddable":true,"href":"https:\/\/www.organisator.ch\/fr\/wp-json\/wp\/v2\/tags?post=36951"}],"curies":[{"name":"wp","href":"https:\/\/api.w.org\/{rel}","templated":true}]}}