{"id":36958,"date":"2025-03-18T07:40:04","date_gmt":"2025-03-18T06:40:04","guid":{"rendered":"https:\/\/www.markt-kom.com\/?p=232017"},"modified":"2025-03-18T07:54:24","modified_gmt":"2025-03-18T06:54:24","slug":"das-sind-die-gewinnerinnen-des-sef-womanaward-2025","status":"publish","type":"post","link":"https:\/\/www.organisator.ch\/fr\/marketing\/2025-03-18\/das-sind-die-gewinnerinnen-des-sef-womanaward-2025\/","title":{"rendered":"Voici les gagnantes du SEF.WomanAward 2025"},"content":{"rendered":"<figure id=\"attachment_232018\" class=\"wp-caption aligncenter\" style=\"width: 1200px;\" aria-describedby=\"caption-attachment-232018\"><a href=\"https:\/\/www.markt-kom.com\/wp-content\/uploads\/2025\/03\/SEFWomanAward-25.jpg\"><img class=\"size-full wp-image-232018\" src=\"https:\/\/www.markt-kom.com\/wp-content\/uploads\/2025\/03\/SEFWomanAward-25.jpg\" sizes=\"(max-width: 1200px) 100vw, 1200px\" srcset=\"https:\/\/www.markt-kom.com\/wp-content\/uploads\/2025\/03\/SEFWomanAward-25.jpg 1200w, https:\/\/www.markt-kom.com\/wp-content\/uploads\/2025\/03\/SEFWomanAward-25-600x450.jpg 600w, https:\/\/www.markt-kom.com\/wp-content\/uploads\/2025\/03\/SEFWomanAward-25-1024x768.jpg 1024w, https:\/\/www.markt-kom.com\/wp-content\/uploads\/2025\/03\/SEFWomanAward-25-768x576.jpg 768w, https:\/\/www.markt-kom.com\/wp-content\/uploads\/2025\/03\/SEFWomanAward-25-16x12.jpg 16w, https:\/\/www.markt-kom.com\/wp-content\/uploads\/2025\/03\/SEFWomanAward-25-233x175.jpg 233w, https:\/\/www.markt-kom.com\/wp-content\/uploads\/2025\/03\/SEFWomanAward-25-467x350.jpg 467w, https:\/\/www.markt-kom.com\/wp-content\/uploads\/2025\/03\/SEFWomanAward-25-1000x750.jpg 1000w\" alt=\"\" width=\"1200\" height=\"900\" \/><\/a>\r\n<figcaption id=\"caption-attachment-232018\" class=\"wp-caption-text\">Bea Knecht, Paulina Grnarova et Antja Kanngiesser re\u00e7oivent le SEF.WomanAward de cette ann\u00e9e. (Image : NZZ Connect)<\/figcaption>\r\n<\/figure>\r\n<p>Pour la cinqui\u00e8me ann\u00e9e cons\u00e9cutive, NZZ Connect a d\u00e9cern\u00e9 le prix \u00e9conomique pour les femmes, le Swiss Economic Forum Woman Award, au The Circle de Zurich. L'une des trois femmes r\u00e9compens\u00e9es \u00e9tait Paulina Grnarova, comme l'indique NZZ Connect. Grnarova, cofondatrice et CEO de la start-up d'intelligence artificielle Deepjudge, a re\u00e7u le prix dans la cat\u00e9gorie \"Jeune entrepreneuse de l'ann\u00e9e\".<\/p>\r\n<p>N\u00e9e en Mac\u00e9doine du Nord, elle a fond\u00e9 la spin-off de l'ETH Deepjudge en 2021 afin de transformer le processus de recherche juridique gr\u00e2ce \u00e0 l'intelligence artificielle. Selon le communiqu\u00e9, Grnarova est titulaire d'un doctorat en informatique et a d\u00e9j\u00e0 figur\u00e9 dans la liste \"Forbes 30 under 30\".<\/p>\r\n<p>Le Swiss Economic Forum a \u00e9galement remis un prix \u00e0 Bea Knecht. En tant que fondatrice du service de streaming TV Zattoo, elle a d\u00e9velopp\u00e9 de nouveaux mod\u00e8les commerciaux dans le secteur technologique et est une experte de la transformation num\u00e9rique, peut-on lire dans le communiqu\u00e9. Antje Kanngiesser, CEO d'Alpiq, a \u00e9galement re\u00e7u le prix dans la cat\u00e9gorie \"Entrepreneur\/CEO de l'ann\u00e9e\".\u00a0<em>(Dylan Windhaber\/rja)<\/em><\/p>\r\n<hr \/>\r\n<p><a href=\"https:\/\/www.netzwoche.ch\/news\/2025-03-17\/ki-start-up-gruenderin-ist-jungunternehmerin-des-jahres\" rel=\"noopener\"><em>Cet article a d'abord \u00e9t\u00e9 publi\u00e9 dans le magazine Netzwoche.<\/em><\/a><\/p>\r\n<p><em>Le SEF.WomanAward rend hommage aux femmes qui se distinguent par leurs performances entrepreneuriales et cr\u00e9e ainsi une plateforme puissante et tourn\u00e9e vers l'avenir pour les femmes entrepreneurs.<\/em><\/p>","protected":false},"excerpt":{"rendered":"<p>Paulina Grnarova, cofondatrice et CEO de la start-up d'intelligence artificielle Deepjudge, a remport\u00e9 cette ann\u00e9e le \"SEF.Woman Award\". Le Swiss Economic Forum lui a d\u00e9cern\u00e9 le titre de \"jeune entrepreneuse de l'ann\u00e9e\" pour sa solution d'IA pour les cabinets d'avocats.<\/p>","protected":false},"author":8,"featured_media":0,"comment_status":"closed","ping_status":"closed","sticky":false,"template":"","format":"standard","meta":{"_acf_changed":false,"_yoast_wpseo_focuskw":"Paulina Grnarova","_yoast_wpseo_metadesc":"Paulina Grnarova von Deepjudge gewinnt den SEF.Woman Award als \u00abJungunternehmerin des Jahres\u00bb f\u00fcr ihre KI-L\u00f6sung f\u00fcr Anwaltskanzleien.","articlekey":"","footnotes":""},"categories":[29],"tags":[66,5204,5205,2255],"class_list":["post-36958","post","type-post","status-publish","format-standard","hentry","category-marketing","tag-awards","tag-nzz-connect","tag-sef-womanaward","tag-swiss-economic-forum"],"acf":[],"yoast_head":"<!-- This site is optimized with the Yoast SEO plugin v27.5 - https:\/\/yoast.com\/product\/yoast-seo-wordpress\/ -->\n<title>Das sind die Gewinnerinnen des SEF.WomanAward 2025 - Organisator<\/title>\n<meta name=\"description\" content=\"Paulina Grnarova von Deepjudge gewinnt den SEF.Woman Award als \u00abJungunternehmerin des Jahres\u00bb f\u00fcr ihre KI-L\u00f6sung f\u00fcr Anwaltskanzleien.\" \/>\n<meta name=\"robots\" content=\"index, follow, max-snippet:-1, max-image-preview:large, max-video-preview:-1\" \/>\n<link rel=\"canonical\" href=\"https:\/\/www.organisator.ch\/fr\/marketing\/2025-03-18\/das-sind-die-gewinnerinnen-des-sef-womanaward-2025\/\" \/>\n<meta property=\"og:locale\" content=\"fr_FR\" \/>\n<meta property=\"og:type\" content=\"article\" \/>\n<meta property=\"og:title\" content=\"Das sind die Gewinnerinnen des SEF.WomanAward 2025 - Organisator\" \/>\n<meta property=\"og:description\" content=\"Paulina Grnarova von Deepjudge gewinnt den SEF.Woman Award als \u00abJungunternehmerin des Jahres\u00bb f\u00fcr ihre KI-L\u00f6sung f\u00fcr Anwaltskanzleien.\" \/>\n<meta property=\"og:url\" content=\"https:\/\/www.organisator.ch\/fr\/marketing\/2025-03-18\/das-sind-die-gewinnerinnen-des-sef-womanaward-2025\/\" \/>\n<meta property=\"og:site_name\" content=\"Organisator\" \/>\n<meta property=\"article:publisher\" content=\"https:\/\/www.facebook.com\/OrganisatorFachmagazin\" \/>\n<meta property=\"article:published_time\" content=\"2025-03-18T06:40:04+00:00\" \/>\n<meta property=\"article:modified_time\" content=\"2025-03-18T06:54:24+00:00\" \/>\n<meta name=\"author\" content=\"galledia\" \/>\n<meta name=\"twitter:card\" content=\"summary_large_image\" \/>\n<meta name=\"twitter:creator\" content=\"@admin\" \/>\n<script type=\"application\/ld+json\" class=\"yoast-schema-graph\">{\"@context\":\"https:\\\/\\\/schema.org\",\"@graph\":[{\"@type\":\"Article\",\"@id\":\"https:\\\/\\\/www.organisator.ch\\\/marketing\\\/2025-03-18\\\/das-sind-die-gewinnerinnen-des-sef-womanaward-2025\\\/#article\",\"isPartOf\":{\"@id\":\"https:\\\/\\\/www.organisator.ch\\\/marketing\\\/2025-03-18\\\/das-sind-die-gewinnerinnen-des-sef-womanaward-2025\\\/\"},\"author\":{\"name\":\"galledia\",\"@id\":\"https:\\\/\\\/www.organisator.ch\\\/#\\\/schema\\\/person\\\/4e51799071cd2dd1232ac003643ef5f0\"},\"headline\":\"Das sind die Gewinnerinnen des SEF.WomanAward 2025\",\"datePublished\":\"2025-03-18T06:40:04+00:00\",\"dateModified\":\"2025-03-18T06:54:24+00:00\",\"mainEntityOfPage\":{\"@id\":\"https:\\\/\\\/www.organisator.ch\\\/marketing\\\/2025-03-18\\\/das-sind-die-gewinnerinnen-des-sef-womanaward-2025\\\/\"},\"wordCount\":210,\"publisher\":{\"@id\":\"https:\\\/\\\/www.organisator.ch\\\/#organization\"},\"image\":{\"@id\":\"https:\\\/\\\/www.organisator.ch\\\/marketing\\\/2025-03-18\\\/das-sind-die-gewinnerinnen-des-sef-womanaward-2025\\\/#primaryimage\"},\"thumbnailUrl\":\"https:\\\/\\\/www.markt-kom.com\\\/wp-content\\\/uploads\\\/2025\\\/03\\\/SEFWomanAward-25.jpg\",\"keywords\":[\"Awards\",\"NZZ Connect\",\"SEF.WomanAward\",\"Swiss Economic Forum\"],\"articleSection\":[\"MARKETING\"],\"inLanguage\":\"fr-FR\"},{\"@type\":\"WebPage\",\"@id\":\"https:\\\/\\\/www.organisator.ch\\\/marketing\\\/2025-03-18\\\/das-sind-die-gewinnerinnen-des-sef-womanaward-2025\\\/\",\"url\":\"https:\\\/\\\/www.organisator.ch\\\/marketing\\\/2025-03-18\\\/das-sind-die-gewinnerinnen-des-sef-womanaward-2025\\\/\",\"name\":\"Das sind die Gewinnerinnen des SEF.WomanAward 2025 - Organisator\",\"isPartOf\":{\"@id\":\"https:\\\/\\\/www.organisator.ch\\\/#website\"},\"primaryImageOfPage\":{\"@id\":\"https:\\\/\\\/www.organisator.ch\\\/marketing\\\/2025-03-18\\\/das-sind-die-gewinnerinnen-des-sef-womanaward-2025\\\/#primaryimage\"},\"image\":{\"@id\":\"https:\\\/\\\/www.organisator.ch\\\/marketing\\\/2025-03-18\\\/das-sind-die-gewinnerinnen-des-sef-womanaward-2025\\\/#primaryimage\"},\"thumbnailUrl\":\"https:\\\/\\\/www.markt-kom.com\\\/wp-content\\\/uploads\\\/2025\\\/03\\\/SEFWomanAward-25.jpg\",\"datePublished\":\"2025-03-18T06:40:04+00:00\",\"dateModified\":\"2025-03-18T06:54:24+00:00\",\"description\":\"Paulina Grnarova von Deepjudge gewinnt den SEF.Woman Award als \u00abJungunternehmerin des Jahres\u00bb f\u00fcr ihre KI-L\u00f6sung f\u00fcr Anwaltskanzleien.\",\"breadcrumb\":{\"@id\":\"https:\\\/\\\/www.organisator.ch\\\/marketing\\\/2025-03-18\\\/das-sind-die-gewinnerinnen-des-sef-womanaward-2025\\\/#breadcrumb\"},\"inLanguage\":\"fr-FR\",\"potentialAction\":[{\"@type\":\"ReadAction\",\"target\":[\"https:\\\/\\\/www.organisator.ch\\\/marketing\\\/2025-03-18\\\/das-sind-die-gewinnerinnen-des-sef-womanaward-2025\\\/\"]}]},{\"@type\":\"ImageObject\",\"inLanguage\":\"fr-FR\",\"@id\":\"https:\\\/\\\/www.organisator.ch\\\/marketing\\\/2025-03-18\\\/das-sind-die-gewinnerinnen-des-sef-womanaward-2025\\\/#primaryimage\",\"url\":\"https:\\\/\\\/www.markt-kom.com\\\/wp-content\\\/uploads\\\/2025\\\/03\\\/SEFWomanAward-25.jpg\",\"contentUrl\":\"https:\\\/\\\/www.markt-kom.com\\\/wp-content\\\/uploads\\\/2025\\\/03\\\/SEFWomanAward-25.jpg\"},{\"@type\":\"BreadcrumbList\",\"@id\":\"https:\\\/\\\/www.organisator.ch\\\/marketing\\\/2025-03-18\\\/das-sind-die-gewinnerinnen-des-sef-womanaward-2025\\\/#breadcrumb\",\"itemListElement\":[{\"@type\":\"ListItem\",\"position\":1,\"name\":\"Home\",\"item\":\"https:\\\/\\\/www.organisator.ch\\\/\"},{\"@type\":\"ListItem\",\"position\":2,\"name\":\"Das sind die Gewinnerinnen des SEF.WomanAward 2025\"}]},{\"@type\":\"WebSite\",\"@id\":\"https:\\\/\\\/www.organisator.ch\\\/#website\",\"url\":\"https:\\\/\\\/www.organisator.ch\\\/\",\"name\":\"Organisator\",\"description\":\"Kompetent. Praxisnah. Der ORGANISATOR bereitet in 10 Ausgaben pro Jahr die wesentlichen Themen f\u00fcr F\u00fchrungskr\u00e4fte von KMU auf.\",\"publisher\":{\"@id\":\"https:\\\/\\\/www.organisator.ch\\\/#organization\"},\"potentialAction\":[{\"@type\":\"SearchAction\",\"target\":{\"@type\":\"EntryPoint\",\"urlTemplate\":\"https:\\\/\\\/www.organisator.ch\\\/?s={search_term_string}\"},\"query-input\":{\"@type\":\"PropertyValueSpecification\",\"valueRequired\":true,\"valueName\":\"search_term_string\"}}],\"inLanguage\":\"fr-FR\"},{\"@type\":\"Organization\",\"@id\":\"https:\\\/\\\/www.organisator.ch\\\/#organization\",\"name\":\"Organisator\",\"url\":\"https:\\\/\\\/www.organisator.ch\\\/\",\"logo\":{\"@type\":\"ImageObject\",\"inLanguage\":\"fr-FR\",\"@id\":\"https:\\\/\\\/www.organisator.ch\\\/#\\\/schema\\\/logo\\\/image\\\/\",\"url\":\"https:\\\/\\\/www.organisator.ch\\\/wp-content\\\/uploads\\\/2022\\\/01\\\/Logo_Organisator_Website.png\",\"contentUrl\":\"https:\\\/\\\/www.organisator.ch\\\/wp-content\\\/uploads\\\/2022\\\/01\\\/Logo_Organisator_Website.png\",\"width\":800,\"height\":77,\"caption\":\"Organisator\"},\"image\":{\"@id\":\"https:\\\/\\\/www.organisator.ch\\\/#\\\/schema\\\/logo\\\/image\\\/\"},\"sameAs\":[\"https:\\\/\\\/www.facebook.com\\\/OrganisatorFachmagazin\",\"https:\\\/\\\/www.linkedin.com\\\/showcase\\\/organisator-das-magazin-fr-kmu\",\"https:\\\/\\\/www.xing.com\\\/news\\\/pages\\\/organisator-ch-695\",\"https:\\\/\\\/www.youtube.com\\\/channel\\\/UCGP2Sq0iWaZwT3BdIAQFYpw\"]},{\"@type\":\"Person\",\"@id\":\"https:\\\/\\\/www.organisator.ch\\\/#\\\/schema\\\/person\\\/4e51799071cd2dd1232ac003643ef5f0\",\"name\":\"galledia\",\"image\":{\"@type\":\"ImageObject\",\"inLanguage\":\"fr-FR\",\"@id\":\"https:\\\/\\\/secure.gravatar.com\\\/avatar\\\/78a7f90c01fc2bfc875782a0d4922b37cde2cf184ce347b91316d23cd7f69a36?s=96&d=mm&r=g\",\"url\":\"https:\\\/\\\/secure.gravatar.com\\\/avatar\\\/78a7f90c01fc2bfc875782a0d4922b37cde2cf184ce347b91316d23cd7f69a36?s=96&d=mm&r=g\",\"contentUrl\":\"https:\\\/\\\/secure.gravatar.com\\\/avatar\\\/78a7f90c01fc2bfc875782a0d4922b37cde2cf184ce347b91316d23cd7f69a36?s=96&d=mm&r=g\",\"caption\":\"galledia\"},\"sameAs\":[\"https:\\\/\\\/x.com\\\/admin\"],\"url\":\"https:\\\/\\\/www.organisator.ch\\\/fr\\\/author\\\/galledia\\\/\"}]}<\/script>\n<!-- \/ Yoast SEO plugin. -->","yoast_head_json":{"title":"Voici les gagnantes du SEF.WomanAward 2025 - Organisateur","description":"Paulina Grnarova de Deepjudge remporte le prix SEF.Woman de la \"jeune entrepreneuse de l'ann\u00e9e\" pour sa solution d'IA pour les cabinets d'avocats.","robots":{"index":"index","follow":"follow","max-snippet":"max-snippet:-1","max-image-preview":"max-image-preview:large","max-video-preview":"max-video-preview:-1"},"canonical":"https:\/\/www.organisator.ch\/fr\/marketing\/2025-03-18\/das-sind-die-gewinnerinnen-des-sef-womanaward-2025\/","og_locale":"fr_FR","og_type":"article","og_title":"Das sind die Gewinnerinnen des SEF.WomanAward 2025 - Organisator","og_description":"Paulina Grnarova von Deepjudge gewinnt den SEF.Woman Award als \u00abJungunternehmerin des Jahres\u00bb f\u00fcr ihre KI-L\u00f6sung f\u00fcr Anwaltskanzleien.","og_url":"https:\/\/www.organisator.ch\/fr\/marketing\/2025-03-18\/das-sind-die-gewinnerinnen-des-sef-womanaward-2025\/","og_site_name":"Organisator","article_publisher":"https:\/\/www.facebook.com\/OrganisatorFachmagazin","article_published_time":"2025-03-18T06:40:04+00:00","article_modified_time":"2025-03-18T06:54:24+00:00","author":"galledia","twitter_card":"summary_large_image","twitter_creator":"@admin","schema":{"@context":"https:\/\/schema.org","@graph":[{"@type":"Article","@id":"https:\/\/www.organisator.ch\/marketing\/2025-03-18\/das-sind-die-gewinnerinnen-des-sef-womanaward-2025\/#article","isPartOf":{"@id":"https:\/\/www.organisator.ch\/marketing\/2025-03-18\/das-sind-die-gewinnerinnen-des-sef-womanaward-2025\/"},"author":{"name":"galledia","@id":"https:\/\/www.organisator.ch\/#\/schema\/person\/4e51799071cd2dd1232ac003643ef5f0"},"headline":"Das sind die Gewinnerinnen des SEF.WomanAward 2025","datePublished":"2025-03-18T06:40:04+00:00","dateModified":"2025-03-18T06:54:24+00:00","mainEntityOfPage":{"@id":"https:\/\/www.organisator.ch\/marketing\/2025-03-18\/das-sind-die-gewinnerinnen-des-sef-womanaward-2025\/"},"wordCount":210,"publisher":{"@id":"https:\/\/www.organisator.ch\/#organization"},"image":{"@id":"https:\/\/www.organisator.ch\/marketing\/2025-03-18\/das-sind-die-gewinnerinnen-des-sef-womanaward-2025\/#primaryimage"},"thumbnailUrl":"https:\/\/www.markt-kom.com\/wp-content\/uploads\/2025\/03\/SEFWomanAward-25.jpg","keywords":["Awards","NZZ Connect","SEF.WomanAward","Swiss Economic Forum"],"articleSection":["MARKETING"],"inLanguage":"fr-FR"},{"@type":"WebPage","@id":"https:\/\/www.organisator.ch\/marketing\/2025-03-18\/das-sind-die-gewinnerinnen-des-sef-womanaward-2025\/","url":"https:\/\/www.organisator.ch\/marketing\/2025-03-18\/das-sind-die-gewinnerinnen-des-sef-womanaward-2025\/","name":"Voici les gagnantes du SEF.WomanAward 2025 - Organisateur","isPartOf":{"@id":"https:\/\/www.organisator.ch\/#website"},"primaryImageOfPage":{"@id":"https:\/\/www.organisator.ch\/marketing\/2025-03-18\/das-sind-die-gewinnerinnen-des-sef-womanaward-2025\/#primaryimage"},"image":{"@id":"https:\/\/www.organisator.ch\/marketing\/2025-03-18\/das-sind-die-gewinnerinnen-des-sef-womanaward-2025\/#primaryimage"},"thumbnailUrl":"https:\/\/www.markt-kom.com\/wp-content\/uploads\/2025\/03\/SEFWomanAward-25.jpg","datePublished":"2025-03-18T06:40:04+00:00","dateModified":"2025-03-18T06:54:24+00:00","description":"Paulina Grnarova de Deepjudge remporte le prix SEF.Woman de la \"jeune entrepreneuse de l'ann\u00e9e\" pour sa solution d'IA pour les cabinets d'avocats.","breadcrumb":{"@id":"https:\/\/www.organisator.ch\/marketing\/2025-03-18\/das-sind-die-gewinnerinnen-des-sef-womanaward-2025\/#breadcrumb"},"inLanguage":"fr-FR","potentialAction":[{"@type":"ReadAction","target":["https:\/\/www.organisator.ch\/marketing\/2025-03-18\/das-sind-die-gewinnerinnen-des-sef-womanaward-2025\/"]}]},{"@type":"ImageObject","inLanguage":"fr-FR","@id":"https:\/\/www.organisator.ch\/marketing\/2025-03-18\/das-sind-die-gewinnerinnen-des-sef-womanaward-2025\/#primaryimage","url":"https:\/\/www.markt-kom.com\/wp-content\/uploads\/2025\/03\/SEFWomanAward-25.jpg","contentUrl":"https:\/\/www.markt-kom.com\/wp-content\/uploads\/2025\/03\/SEFWomanAward-25.jpg"},{"@type":"BreadcrumbList","@id":"https:\/\/www.organisator.ch\/marketing\/2025-03-18\/das-sind-die-gewinnerinnen-des-sef-womanaward-2025\/#breadcrumb","itemListElement":[{"@type":"ListItem","position":1,"name":"Home","item":"https:\/\/www.organisator.ch\/"},{"@type":"ListItem","position":2,"name":"Das sind die Gewinnerinnen des SEF.WomanAward 2025"}]},{"@type":"WebSite","@id":"https:\/\/www.organisator.ch\/#website","url":"https:\/\/www.organisator.ch\/","name":"Organisateur","description":"Comp\u00e9tence et comp\u00e9tence. Proches de la pratique. L'ORGANISATEUR pr\u00e9pare 10 num\u00e9ros par an sur les th\u00e8mes essentiels pour les dirigeants de PME.","publisher":{"@id":"https:\/\/www.organisator.ch\/#organization"},"potentialAction":[{"@type":"SearchAction","target":{"@type":"EntryPoint","urlTemplate":"https:\/\/www.organisator.ch\/?s={search_term_string}"},"query-input":{"@type":"PropertyValueSpecification","valueRequired":true,"valueName":"search_term_string"}}],"inLanguage":"fr-FR"},{"@type":"Organization","@id":"https:\/\/www.organisator.ch\/#organization","name":"Organisateur","url":"https:\/\/www.organisator.ch\/","logo":{"@type":"ImageObject","inLanguage":"fr-FR","@id":"https:\/\/www.organisator.ch\/#\/schema\/logo\/image\/","url":"https:\/\/www.organisator.ch\/wp-content\/uploads\/2022\/01\/Logo_Organisator_Website.png","contentUrl":"https:\/\/www.organisator.ch\/wp-content\/uploads\/2022\/01\/Logo_Organisator_Website.png","width":800,"height":77,"caption":"Organisator"},"image":{"@id":"https:\/\/www.organisator.ch\/#\/schema\/logo\/image\/"},"sameAs":["https:\/\/www.facebook.com\/OrganisatorFachmagazin","https:\/\/www.linkedin.com\/showcase\/organisator-das-magazin-fr-kmu","https:\/\/www.xing.com\/news\/pages\/organisator-ch-695","https:\/\/www.youtube.com\/channel\/UCGP2Sq0iWaZwT3BdIAQFYpw"]},{"@type":"Person","@id":"https:\/\/www.organisator.ch\/#\/schema\/person\/4e51799071cd2dd1232ac003643ef5f0","name":"galledia","image":{"@type":"ImageObject","inLanguage":"fr-FR","@id":"https:\/\/secure.gravatar.com\/avatar\/78a7f90c01fc2bfc875782a0d4922b37cde2cf184ce347b91316d23cd7f69a36?s=96&d=mm&r=g","url":"https:\/\/secure.gravatar.com\/avatar\/78a7f90c01fc2bfc875782a0d4922b37cde2cf184ce347b91316d23cd7f69a36?s=96&d=mm&r=g","contentUrl":"https:\/\/secure.gravatar.com\/avatar\/78a7f90c01fc2bfc875782a0d4922b37cde2cf184ce347b91316d23cd7f69a36?s=96&d=mm&r=g","caption":"galledia"},"sameAs":["https:\/\/x.com\/admin"],"url":"https:\/\/www.organisator.ch\/fr\/author\/galledia\/"}]}},"_links":{"self":[{"href":"https:\/\/www.organisator.ch\/fr\/wp-json\/wp\/v2\/posts\/36958","targetHints":{"allow":["GET"]}}],"collection":[{"href":"https:\/\/www.organisator.ch\/fr\/wp-json\/wp\/v2\/posts"}],"about":[{"href":"https:\/\/www.organisator.ch\/fr\/wp-json\/wp\/v2\/types\/post"}],"author":[{"embeddable":true,"href":"https:\/\/www.organisator.ch\/fr\/wp-json\/wp\/v2\/users\/8"}],"replies":[{"embeddable":true,"href":"https:\/\/www.organisator.ch\/fr\/wp-json\/wp\/v2\/comments?post=36958"}],"version-history":[{"count":4,"href":"https:\/\/www.organisator.ch\/fr\/wp-json\/wp\/v2\/posts\/36958\/revisions"}],"predecessor-version":[{"id":36986,"href":"https:\/\/www.organisator.ch\/fr\/wp-json\/wp\/v2\/posts\/36958\/revisions\/36986"}],"wp:attachment":[{"href":"https:\/\/www.organisator.ch\/fr\/wp-json\/wp\/v2\/media?parent=36958"}],"wp:term":[{"taxonomy":"category","embeddable":true,"href":"https:\/\/www.organisator.ch\/fr\/wp-json\/wp\/v2\/categories?post=36958"},{"taxonomy":"post_tag","embeddable":true,"href":"https:\/\/www.organisator.ch\/fr\/wp-json\/wp\/v2\/tags?post=36958"}],"curies":[{"name":"wp","href":"https:\/\/api.w.org\/{rel}","templated":true}]}}