{"id":36968,"date":"2025-03-18T10:33:50","date_gmt":"2025-03-18T09:33:50","guid":{"rendered":"https:\/\/www.organisator.ch\/?p=36968"},"modified":"2025-03-18T10:33:50","modified_gmt":"2025-03-18T09:33:50","slug":"neuer-rekord-der-pleiten-in-der-schweiz","status":"publish","type":"post","link":"https:\/\/www.organisator.ch\/fr\/management\/2025-03-18\/neuer-rekord-der-pleiten-in-der-schweiz\/","title":{"rendered":"Nouveau record de faillites en Suisse"},"content":{"rendered":"<figure id=\"attachment_36969\" aria-describedby=\"caption-attachment-36969\" style=\"width: 680px\" class=\"wp-caption alignnone\"><img loading=\"lazy\" decoding=\"async\" class=\"size-full wp-image-36969\" src=\"https:\/\/www.organisator.ch\/wp-content\/uploads\/2025\/03\/Allianz-Trade_Bild_ps.jpg\" alt=\"\" width=\"680\" height=\"454\" srcset=\"https:\/\/www.organisator.ch\/wp-content\/uploads\/2025\/03\/Allianz-Trade_Bild_ps.jpg 680w, https:\/\/www.organisator.ch\/wp-content\/uploads\/2025\/03\/Allianz-Trade_Bild_ps-18x12.jpg 18w, https:\/\/www.organisator.ch\/wp-content\/uploads\/2025\/03\/Allianz-Trade_Bild_ps-375x250.jpg 375w, https:\/\/www.organisator.ch\/wp-content\/uploads\/2025\/03\/Allianz-Trade_Bild_ps-524x350.jpg 524w\" sizes=\"auto, (max-width: 680px) 100vw, 680px\" \/><figcaption id=\"caption-attachment-36969\" class=\"wp-caption-text\">Les faillites d'entreprises continuent d'augmenter dans le monde entier. Allianz Trade pr\u00e9voit une augmentation de 6 % en 2025 et de 3 % suppl\u00e9mentaires en 2026. (Image : www.depositphotos.com)<\/figcaption><\/figure>\n<p>\"La Suisse devrait enregistrer un nouveau record de faillites d'entreprises en 2025\", pr\u00e9vient Jan M\u00f6llmann, CEO d'Allianz Trade Switzerland. \"Cela laisse songeur, car 8659 cas ont d\u00e9j\u00e0 \u00e9t\u00e9 enregistr\u00e9s en 2024, soit la quatri\u00e8me hausse cons\u00e9cutive (+18 % en 2024 contre + 8% en 2023). \u00c0 ce stade, nous estimons que cette ann\u00e9e, le nombre d'insolvabilit\u00e9s augmentera d'au moins 10 % pour atteindre 9500 cas\". Les principaux acteurs sont le secteur de la construction (+22 %), le commerce (+18 %), les services B2B (+18 %) et l'h\u00f4tellerie et la restauration (+11 %).<\/p>\n<p>Cette pr\u00e9vision doit actuellement \u00eatre consid\u00e9r\u00e9e avec prudence. Il pourrait \u00eatre r\u00e9vis\u00e9, car une modification du code de l'insolvabilit\u00e9 est en vigueur en Suisse depuis le 1er janvier. Les factures de droit public impay\u00e9es - dont la TVA, les cotisations de s\u00e9curit\u00e9 sociale et les imp\u00f4ts - sont d\u00e9sormais poursuivies dans le cadre d'une proc\u00e9dure de faillite. Les effets de cette modification doivent maintenant \u00eatre suivis de pr\u00e8s. Il est toutefois clair que la Suisse ne conna\u00eetra qu'une croissance \u00e9conomique mod\u00e9r\u00e9e. Parall\u00e8lement, la force persistante du franc suisse p\u00e8se sur les entreprises exportatrices. En cas d'escalade de la guerre commerciale, la situation des faillites d'entreprises continuerait probablement \u00e0 se d\u00e9grader en Suisse \u00e9galement.<\/p>\n<h3><strong>En 2024, les faillites d'entreprises ont augment\u00e9 dans quatre pays sur cinq<\/strong><\/h3>\n<p>Comme pr\u00e9vu, une nouvelle hausse rapide et g\u00e9n\u00e9ralis\u00e9e des d\u00e9faillances d'entreprises a \u00e9t\u00e9 enregistr\u00e9e en 2024. Ainsi, la plupart des \u00e9conomies avanc\u00e9es ont commenc\u00e9 l'ann\u00e9e 2025 avec des d\u00e9faillances d'entreprises d\u00e9j\u00e0 bien sup\u00e9rieures aux chiffres d'avant la pand\u00e9mie. Selon Allianz Trade, les d\u00e9faillances d'entreprises dans le monde ont augment\u00e9 de 10 % l'an dernier (contre +7 % en 2023), soit 12 % de plus que la moyenne 2016-2019. Quatre pays sur cinq ont enregistr\u00e9 une hausse des d\u00e9faillances d'entreprises, la plupart affichant une augmentation \u00e0 deux chiffres.<\/p>\n<h3><strong>2025-2026 : L'augmentation des faillites d'entreprises dans le monde est loin d'\u00eatre termin\u00e9e<\/strong><\/h3>\n<p>En ce qui concerne l'avenir, les experts d'Allianz Trade pr\u00e9voient que les d\u00e9faillances d'entreprises dans le monde vont \u00e0 nouveau augmenter en 2025 et 2026. Cela se traduirait par cinq ann\u00e9es cons\u00e9cutives de hausse des insolvabilit\u00e9s entre 2022 et 2026.<\/p>\n<p>\"Nous nous attendons \u00e0 ce que les d\u00e9faillances d'entreprises dans le monde augmentent de 6 % en 2025 et de 3 % en 2026\", a d\u00e9clar\u00e9 Aylin Somersan Coqui, CEO d'Allianz Trade. \"Cette r\u00e9vision \u00e0 la hausse s'explique par le retard dans l'assouplissement des taux d'int\u00e9r\u00eat, l'incertitude accrue et la faiblesse de la demande. Des taux d'int\u00e9r\u00eat relativement \u00e9lev\u00e9s pourraient peser sur les secteurs et les entreprises ayant un niveau d'endettement \u00e9lev\u00e9, ainsi que sur ceux qui sont confront\u00e9s \u00e0 des d\u00e9fis particuliers en mati\u00e8re de financement, comme la transition verte, la concurrence de l'IA ou les frictions dans la cha\u00eene d'approvisionnement. Parall\u00e8lement, une incertitude persistante pourrait inciter les entreprises \u00e0 l'attentisme et \u00e0 la retenue, ce qui entra\u00eenerait une baisse de l'activit\u00e9 au d\u00e9triment des entreprises d\u00e9j\u00e0 en difficult\u00e9. Entre-temps, il existe d'autres facteurs de risque, comme le dynamisme \u00e9conomique continu et la r\u00e9sorption de l'arri\u00e9r\u00e9 des faillites apr\u00e8s la crise de Covid. L'environnement commercial a rarement \u00e9t\u00e9 aussi complexe et volatil, et les entreprises doivent rester vigilantes pour \u00e9viter le risque de d\u00e9faut de paiement\".<\/p>\n<p>Cette augmentation des d\u00e9faillances d'entreprises dans le monde pourrait \u00e9galement avoir un impact important sur l'emploi : selon Allianz Trade, 2,3 millions d'emplois seraient directement menac\u00e9s dans le monde en 2025 (+120 mille par rapport \u00e0 2024), avant une augmentation moins importante en 2026 (+30 mille). L'Europe de l'Ouest (1,1 million) serait en t\u00eate de ce chiffre mondial, devant l'Am\u00e9rique du Nord (450 mille), bien que cela repr\u00e9sente un pic de 10 ans pour les deux r\u00e9gions. L'Asie suivrait (320 mille) avec un nombre annuel \u00e0 peu pr\u00e8s stable depuis 2022. Au niveau mondial, les secteurs les plus menac\u00e9s sont la construction, le commerce de d\u00e9tail et les services.<\/p>\n<h3><strong>Risque Les taux d'int\u00e9r\u00eat \u00e9lev\u00e9s et une \u00e9ventuelle guerre commerciale pourraient faire grimper les faillites dans le monde entier<\/strong><\/h3>\n<p>L'expansion du cr\u00e9dit peut contribuer \u00e0 r\u00e9duire le nombre de faillites d'entreprises. Elle fournit aux entreprises des liquidit\u00e9s pour g\u00e9rer leurs dettes, maintenir leur activit\u00e9 et investir dans la croissance. L'acc\u00e8s au cr\u00e9dit permet aux entreprises de refinancer leurs dettes, de combler les pertes de revenus et d'\u00e9viter les faillites, en particulier en p\u00e9riode de ralentissement \u00e9conomique.<\/p>\n<p>Bien qu'Allianz Trade s'attende \u00e0 ce que les taux d'int\u00e9r\u00eat baissent tant en Europe qu'aux \u00c9tats-Unis, les risques d'inflation, notamment aux \u00c9tats-Unis, pourraient compromettre les baisses de taux. Si le co\u00fbt du cr\u00e9dit devait augmenter, cela pourrait rendre l'acc\u00e8s au cr\u00e9dit plus difficile. Par cons\u00e9quent, la croissance du cr\u00e9dit ralentirait, les conditions financi\u00e8res se durciraient et le risque de d\u00e9faillance augmenterait pour les entreprises ayant un taux d'endettement \u00e9lev\u00e9.<\/p>\n<p>Selon Allianz Trade, le principal risque \u00e0 la hausse r\u00e9side toutefois dans la guerre commerciale qui se profile \u00e0 l'horizon. \"Nos pr\u00e9visions en mati\u00e8re d'insolvabilit\u00e9 pourraient se d\u00e9t\u00e9riorer si l'\u00e9conomie europ\u00e9enne s'av\u00e8re plus faible que pr\u00e9vu et perd de son dynamisme, si la r\u00e9sistance dans la r\u00e9gion APAC est plus faible, si les vents contraires en provenance de Chine s'intensifient et si les perspectives aux \u00c9tats-Unis continuent de se d\u00e9t\u00e9riorer\", explique Maxime Lemerle, responsable de la recherche sur l'insolvabilit\u00e9 chez Allianz Trade. \"La g\u00e9opolitique pourrait \u00e9galement \u00eatre un facteur important de turbulences, avec la persistance des conflits en Ukraine et en Russie ainsi qu'au Moyen-Orient, les tensions en mer de Chine m\u00e9ridionale et les incertitudes politiques li\u00e9es \u00e0 Ta\u00efwan. Une guerre commerciale \u00e0 grande \u00e9chelle augmenterait nos pr\u00e9visions d'insolvabilit\u00e9 de +2,1 points de pourcentage suppl\u00e9mentaires et de +4,8 points de pourcentage. Cela signifie que les faillites d'entreprises dans le monde augmenteraient respectivement de 7,8 % et 8,3 % en 2025 et 2026. Pour 2025-2026, cela signifierait 6800 cas suppl\u00e9mentaires aux \u00c9tats-Unis et 9100 en Europe occidentale\".<\/p>\n<p><a href=\"https:\/\/mcusercontent.com\/b2905c33865a6bdb0aecfc4f8\/files\/683a655f-771f-8514-b7d6-5d88395d2d3e\/Allianz_Trade_Insolvenzreport.pdf\"><em>Vers le rapport complet sur l'insolvabilit\u00e9 d'Allianz Trade <\/em><\/a><\/p>","protected":false},"excerpt":{"rendered":"<p>Les insolvabilit\u00e9s augmentent nettement plus que pr\u00e9vu - et ce aussi bien en Suisse que dans le monde. Dans sa derni\u00e8re \u00e9tude sur l'insolvabilit\u00e9, le leader mondial de l'assurance-cr\u00e9dit Allianz Trade a revu ses pr\u00e9visions \u00e0 la hausse. Au niveau mondial, Allianz Trade pr\u00e9voit une augmentation des faillites de 6 % en 2025 et de 3 % suppl\u00e9mentaires l'ann\u00e9e prochaine.  Les perspectives pour la Suisse se sont \u00e9galement encore d\u00e9t\u00e9rior\u00e9es.<\/p>","protected":false},"author":80,"featured_media":36969,"comment_status":"closed","ping_status":"closed","sticky":false,"template":"","format":"standard","meta":{"_acf_changed":false,"_yoast_wpseo_focuskw":"Unternehmensinsolvenzen","_yoast_wpseo_metadesc":"Unternehmensinsolvenzen steigen weltweit weiter. Allianz Trade erwartet 2025 ein Plus von 6 % und 2026 weitere 3 %.","articlekey":"","footnotes":""},"categories":[28],"tags":[5057,5208,424,492,2643],"class_list":["post-36968","post","type-post","status-publish","format-standard","has-post-thumbnail","hentry","category-management","tag-allianz-trade","tag-insolvenz","tag-schweiz","tag-unternehmen","tag-wachstum"],"acf":[],"yoast_head":"<!-- This site is optimized with the Yoast SEO plugin v27.5 - https:\/\/yoast.com\/product\/yoast-seo-wordpress\/ -->\n<title>Neuer Rekord der Pleiten in der Schweiz - Organisator<\/title>\n<meta name=\"description\" content=\"Unternehmensinsolvenzen steigen weltweit weiter. Allianz Trade erwartet 2025 ein Plus von 6 % und 2026 weitere 3 %.\" \/>\n<meta name=\"robots\" content=\"index, follow, max-snippet:-1, max-image-preview:large, max-video-preview:-1\" \/>\n<link rel=\"canonical\" href=\"https:\/\/www.organisator.ch\/fr\/gestion-2\/2025-03-18\/neuer-rekord-der-pleiten-in-der-schweiz\/\" \/>\n<meta property=\"og:locale\" content=\"fr_FR\" \/>\n<meta property=\"og:type\" content=\"article\" \/>\n<meta property=\"og:title\" content=\"Neuer Rekord der Pleiten in der Schweiz\" \/>\n<meta property=\"og:description\" content=\"Unternehmensinsolvenzen steigen weltweit weiter. Allianz Trade erwartet 2025 ein Plus von 6 % und 2026 weitere 3 %.\" \/>\n<meta property=\"og:url\" content=\"https:\/\/www.organisator.ch\/fr\/gestion-2\/2025-03-18\/neuer-rekord-der-pleiten-in-der-schweiz\/\" \/>\n<meta property=\"og:site_name\" content=\"Organisator\" \/>\n<meta property=\"article:publisher\" content=\"https:\/\/www.facebook.com\/OrganisatorFachmagazin\" \/>\n<meta property=\"article:published_time\" content=\"2025-03-18T09:33:50+00:00\" \/>\n<meta property=\"og:image\" content=\"https:\/\/www.organisator.ch\/wp-content\/uploads\/2025\/03\/Allianz-Trade_Bild_ps.jpg\" \/>\n\t<meta property=\"og:image:width\" content=\"680\" \/>\n\t<meta property=\"og:image:height\" content=\"454\" \/>\n\t<meta property=\"og:image:type\" content=\"image\/jpeg\" \/>\n<meta name=\"author\" content=\"Dzana Muminovic\" \/>\n<meta name=\"twitter:card\" content=\"summary_large_image\" \/>\n<meta name=\"twitter:title\" content=\"Neuer Rekord der Pleiten in der Schweiz\" \/>\n<meta name=\"twitter:description\" content=\"#Unternehmensinsolvenzen steigen weltweit weiter. #Allianz #Trade erwartet 2025 ein Plus von 6 % und 2026 weitere 3 %.\" \/>\n<meta name=\"twitter:image\" content=\"https:\/\/www.organisator.ch\/wp-content\/uploads\/2025\/03\/Allianz-Trade_Bild_ps.jpg\" \/>\n<script type=\"application\/ld+json\" class=\"yoast-schema-graph\">{\"@context\":\"https:\\\/\\\/schema.org\",\"@graph\":[{\"@type\":\"Article\",\"@id\":\"https:\\\/\\\/www.organisator.ch\\\/management\\\/2025-03-18\\\/neuer-rekord-der-pleiten-in-der-schweiz\\\/#article\",\"isPartOf\":{\"@id\":\"https:\\\/\\\/www.organisator.ch\\\/management\\\/2025-03-18\\\/neuer-rekord-der-pleiten-in-der-schweiz\\\/\"},\"author\":{\"name\":\"Dzana Muminovic\",\"@id\":\"https:\\\/\\\/www.organisator.ch\\\/#\\\/schema\\\/person\\\/afccda3a71c06d4be2ed9100dd163db7\"},\"headline\":\"Neuer Rekord der Pleiten in der Schweiz\",\"datePublished\":\"2025-03-18T09:33:50+00:00\",\"mainEntityOfPage\":{\"@id\":\"https:\\\/\\\/www.organisator.ch\\\/management\\\/2025-03-18\\\/neuer-rekord-der-pleiten-in-der-schweiz\\\/\"},\"wordCount\":890,\"publisher\":{\"@id\":\"https:\\\/\\\/www.organisator.ch\\\/#organization\"},\"image\":{\"@id\":\"https:\\\/\\\/www.organisator.ch\\\/management\\\/2025-03-18\\\/neuer-rekord-der-pleiten-in-der-schweiz\\\/#primaryimage\"},\"thumbnailUrl\":\"https:\\\/\\\/www.organisator.ch\\\/wp-content\\\/uploads\\\/2025\\\/03\\\/Allianz-Trade_Bild_ps.jpg\",\"keywords\":[\"Allianz Trade\",\"Insolvenz\",\"Schweiz\",\"Unternehmen\",\"Wachstum\"],\"articleSection\":[\"MANAGEMENT\"],\"inLanguage\":\"fr-FR\"},{\"@type\":\"WebPage\",\"@id\":\"https:\\\/\\\/www.organisator.ch\\\/management\\\/2025-03-18\\\/neuer-rekord-der-pleiten-in-der-schweiz\\\/\",\"url\":\"https:\\\/\\\/www.organisator.ch\\\/management\\\/2025-03-18\\\/neuer-rekord-der-pleiten-in-der-schweiz\\\/\",\"name\":\"Neuer Rekord der Pleiten in der Schweiz - Organisator\",\"isPartOf\":{\"@id\":\"https:\\\/\\\/www.organisator.ch\\\/#website\"},\"primaryImageOfPage\":{\"@id\":\"https:\\\/\\\/www.organisator.ch\\\/management\\\/2025-03-18\\\/neuer-rekord-der-pleiten-in-der-schweiz\\\/#primaryimage\"},\"image\":{\"@id\":\"https:\\\/\\\/www.organisator.ch\\\/management\\\/2025-03-18\\\/neuer-rekord-der-pleiten-in-der-schweiz\\\/#primaryimage\"},\"thumbnailUrl\":\"https:\\\/\\\/www.organisator.ch\\\/wp-content\\\/uploads\\\/2025\\\/03\\\/Allianz-Trade_Bild_ps.jpg\",\"datePublished\":\"2025-03-18T09:33:50+00:00\",\"description\":\"Unternehmensinsolvenzen steigen weltweit weiter. Allianz Trade erwartet 2025 ein Plus von 6 % und 2026 weitere 3 %.\",\"breadcrumb\":{\"@id\":\"https:\\\/\\\/www.organisator.ch\\\/management\\\/2025-03-18\\\/neuer-rekord-der-pleiten-in-der-schweiz\\\/#breadcrumb\"},\"inLanguage\":\"fr-FR\",\"potentialAction\":[{\"@type\":\"ReadAction\",\"target\":[\"https:\\\/\\\/www.organisator.ch\\\/management\\\/2025-03-18\\\/neuer-rekord-der-pleiten-in-der-schweiz\\\/\"]}]},{\"@type\":\"ImageObject\",\"inLanguage\":\"fr-FR\",\"@id\":\"https:\\\/\\\/www.organisator.ch\\\/management\\\/2025-03-18\\\/neuer-rekord-der-pleiten-in-der-schweiz\\\/#primaryimage\",\"url\":\"https:\\\/\\\/www.organisator.ch\\\/wp-content\\\/uploads\\\/2025\\\/03\\\/Allianz-Trade_Bild_ps.jpg\",\"contentUrl\":\"https:\\\/\\\/www.organisator.ch\\\/wp-content\\\/uploads\\\/2025\\\/03\\\/Allianz-Trade_Bild_ps.jpg\",\"width\":680,\"height\":454,\"caption\":\"Unternehmensinsolvenzen steigen weltweit weiter. Allianz Trade erwartet 2025 ein Plus von 6 % und 2026 weitere 3 %. (Bild: www.depositphotos.com)\"},{\"@type\":\"BreadcrumbList\",\"@id\":\"https:\\\/\\\/www.organisator.ch\\\/management\\\/2025-03-18\\\/neuer-rekord-der-pleiten-in-der-schweiz\\\/#breadcrumb\",\"itemListElement\":[{\"@type\":\"ListItem\",\"position\":1,\"name\":\"Home\",\"item\":\"https:\\\/\\\/www.organisator.ch\\\/\"},{\"@type\":\"ListItem\",\"position\":2,\"name\":\"Neuer Rekord der Pleiten in der Schweiz\"}]},{\"@type\":\"WebSite\",\"@id\":\"https:\\\/\\\/www.organisator.ch\\\/#website\",\"url\":\"https:\\\/\\\/www.organisator.ch\\\/\",\"name\":\"Organisator\",\"description\":\"Kompetent. Praxisnah. Der ORGANISATOR bereitet in 10 Ausgaben pro Jahr die wesentlichen Themen f\u00fcr F\u00fchrungskr\u00e4fte von KMU auf.\",\"publisher\":{\"@id\":\"https:\\\/\\\/www.organisator.ch\\\/#organization\"},\"potentialAction\":[{\"@type\":\"SearchAction\",\"target\":{\"@type\":\"EntryPoint\",\"urlTemplate\":\"https:\\\/\\\/www.organisator.ch\\\/?s={search_term_string}\"},\"query-input\":{\"@type\":\"PropertyValueSpecification\",\"valueRequired\":true,\"valueName\":\"search_term_string\"}}],\"inLanguage\":\"fr-FR\"},{\"@type\":\"Organization\",\"@id\":\"https:\\\/\\\/www.organisator.ch\\\/#organization\",\"name\":\"Organisator\",\"url\":\"https:\\\/\\\/www.organisator.ch\\\/\",\"logo\":{\"@type\":\"ImageObject\",\"inLanguage\":\"fr-FR\",\"@id\":\"https:\\\/\\\/www.organisator.ch\\\/#\\\/schema\\\/logo\\\/image\\\/\",\"url\":\"https:\\\/\\\/www.organisator.ch\\\/wp-content\\\/uploads\\\/2022\\\/01\\\/Logo_Organisator_Website.png\",\"contentUrl\":\"https:\\\/\\\/www.organisator.ch\\\/wp-content\\\/uploads\\\/2022\\\/01\\\/Logo_Organisator_Website.png\",\"width\":800,\"height\":77,\"caption\":\"Organisator\"},\"image\":{\"@id\":\"https:\\\/\\\/www.organisator.ch\\\/#\\\/schema\\\/logo\\\/image\\\/\"},\"sameAs\":[\"https:\\\/\\\/www.facebook.com\\\/OrganisatorFachmagazin\",\"https:\\\/\\\/www.linkedin.com\\\/showcase\\\/organisator-das-magazin-fr-kmu\",\"https:\\\/\\\/www.xing.com\\\/news\\\/pages\\\/organisator-ch-695\",\"https:\\\/\\\/www.youtube.com\\\/channel\\\/UCGP2Sq0iWaZwT3BdIAQFYpw\"]},{\"@type\":\"Person\",\"@id\":\"https:\\\/\\\/www.organisator.ch\\\/#\\\/schema\\\/person\\\/afccda3a71c06d4be2ed9100dd163db7\",\"name\":\"Dzana Muminovic\",\"image\":{\"@type\":\"ImageObject\",\"inLanguage\":\"fr-FR\",\"@id\":\"https:\\\/\\\/secure.gravatar.com\\\/avatar\\\/909c5c71aff4b38e88686f2ab2f1ba152571f394f41ed8bae431ea56ced93050?s=96&d=mm&r=g\",\"url\":\"https:\\\/\\\/secure.gravatar.com\\\/avatar\\\/909c5c71aff4b38e88686f2ab2f1ba152571f394f41ed8bae431ea56ced93050?s=96&d=mm&r=g\",\"contentUrl\":\"https:\\\/\\\/secure.gravatar.com\\\/avatar\\\/909c5c71aff4b38e88686f2ab2f1ba152571f394f41ed8bae431ea56ced93050?s=96&d=mm&r=g\",\"caption\":\"Dzana Muminovic\"},\"url\":\"https:\\\/\\\/www.organisator.ch\\\/fr\\\/author\\\/dzana-muminovic\\\/\"}]}<\/script>\n<!-- \/ Yoast SEO plugin. -->","yoast_head_json":{"title":"Nouveau record de faillites en Suisse - Organisateur","description":"Les faillites d'entreprises continuent d'augmenter dans le monde entier. Allianz Trade pr\u00e9voit une augmentation de 6 % en 2025 et de 3 % suppl\u00e9mentaires en 2026.","robots":{"index":"index","follow":"follow","max-snippet":"max-snippet:-1","max-image-preview":"max-image-preview:large","max-video-preview":"max-video-preview:-1"},"canonical":"https:\/\/www.organisator.ch\/fr\/gestion-2\/2025-03-18\/neuer-rekord-der-pleiten-in-der-schweiz\/","og_locale":"fr_FR","og_type":"article","og_title":"Neuer Rekord der Pleiten in der Schweiz","og_description":"Unternehmensinsolvenzen steigen weltweit weiter. Allianz Trade erwartet 2025 ein Plus von 6 % und 2026 weitere 3 %.","og_url":"https:\/\/www.organisator.ch\/fr\/gestion-2\/2025-03-18\/neuer-rekord-der-pleiten-in-der-schweiz\/","og_site_name":"Organisator","article_publisher":"https:\/\/www.facebook.com\/OrganisatorFachmagazin","article_published_time":"2025-03-18T09:33:50+00:00","og_image":[{"width":680,"height":454,"url":"https:\/\/www.organisator.ch\/wp-content\/uploads\/2025\/03\/Allianz-Trade_Bild_ps.jpg","type":"image\/jpeg"}],"author":"Dzana Muminovic","twitter_card":"summary_large_image","twitter_title":"Neuer Rekord der Pleiten in der Schweiz","twitter_description":"#Unternehmensinsolvenzen steigen weltweit weiter. #Allianz #Trade erwartet 2025 ein Plus von 6 % und 2026 weitere 3 %.","twitter_image":"https:\/\/www.organisator.ch\/wp-content\/uploads\/2025\/03\/Allianz-Trade_Bild_ps.jpg","schema":{"@context":"https:\/\/schema.org","@graph":[{"@type":"Article","@id":"https:\/\/www.organisator.ch\/management\/2025-03-18\/neuer-rekord-der-pleiten-in-der-schweiz\/#article","isPartOf":{"@id":"https:\/\/www.organisator.ch\/management\/2025-03-18\/neuer-rekord-der-pleiten-in-der-schweiz\/"},"author":{"name":"Dzana Muminovic","@id":"https:\/\/www.organisator.ch\/#\/schema\/person\/afccda3a71c06d4be2ed9100dd163db7"},"headline":"Neuer Rekord der Pleiten in der Schweiz","datePublished":"2025-03-18T09:33:50+00:00","mainEntityOfPage":{"@id":"https:\/\/www.organisator.ch\/management\/2025-03-18\/neuer-rekord-der-pleiten-in-der-schweiz\/"},"wordCount":890,"publisher":{"@id":"https:\/\/www.organisator.ch\/#organization"},"image":{"@id":"https:\/\/www.organisator.ch\/management\/2025-03-18\/neuer-rekord-der-pleiten-in-der-schweiz\/#primaryimage"},"thumbnailUrl":"https:\/\/www.organisator.ch\/wp-content\/uploads\/2025\/03\/Allianz-Trade_Bild_ps.jpg","keywords":["Allianz Trade","Insolvenz","Schweiz","Unternehmen","Wachstum"],"articleSection":["MANAGEMENT"],"inLanguage":"fr-FR"},{"@type":"WebPage","@id":"https:\/\/www.organisator.ch\/management\/2025-03-18\/neuer-rekord-der-pleiten-in-der-schweiz\/","url":"https:\/\/www.organisator.ch\/management\/2025-03-18\/neuer-rekord-der-pleiten-in-der-schweiz\/","name":"Nouveau record de faillites en Suisse - Organisateur","isPartOf":{"@id":"https:\/\/www.organisator.ch\/#website"},"primaryImageOfPage":{"@id":"https:\/\/www.organisator.ch\/management\/2025-03-18\/neuer-rekord-der-pleiten-in-der-schweiz\/#primaryimage"},"image":{"@id":"https:\/\/www.organisator.ch\/management\/2025-03-18\/neuer-rekord-der-pleiten-in-der-schweiz\/#primaryimage"},"thumbnailUrl":"https:\/\/www.organisator.ch\/wp-content\/uploads\/2025\/03\/Allianz-Trade_Bild_ps.jpg","datePublished":"2025-03-18T09:33:50+00:00","description":"Les faillites d'entreprises continuent d'augmenter dans le monde entier. Allianz Trade pr\u00e9voit une augmentation de 6 % en 2025 et de 3 % suppl\u00e9mentaires en 2026.","breadcrumb":{"@id":"https:\/\/www.organisator.ch\/management\/2025-03-18\/neuer-rekord-der-pleiten-in-der-schweiz\/#breadcrumb"},"inLanguage":"fr-FR","potentialAction":[{"@type":"ReadAction","target":["https:\/\/www.organisator.ch\/management\/2025-03-18\/neuer-rekord-der-pleiten-in-der-schweiz\/"]}]},{"@type":"ImageObject","inLanguage":"fr-FR","@id":"https:\/\/www.organisator.ch\/management\/2025-03-18\/neuer-rekord-der-pleiten-in-der-schweiz\/#primaryimage","url":"https:\/\/www.organisator.ch\/wp-content\/uploads\/2025\/03\/Allianz-Trade_Bild_ps.jpg","contentUrl":"https:\/\/www.organisator.ch\/wp-content\/uploads\/2025\/03\/Allianz-Trade_Bild_ps.jpg","width":680,"height":454,"caption":"Unternehmensinsolvenzen steigen weltweit weiter. Allianz Trade erwartet 2025 ein Plus von 6 % und 2026 weitere 3 %. (Bild: www.depositphotos.com)"},{"@type":"BreadcrumbList","@id":"https:\/\/www.organisator.ch\/management\/2025-03-18\/neuer-rekord-der-pleiten-in-der-schweiz\/#breadcrumb","itemListElement":[{"@type":"ListItem","position":1,"name":"Home","item":"https:\/\/www.organisator.ch\/"},{"@type":"ListItem","position":2,"name":"Neuer Rekord der Pleiten in der Schweiz"}]},{"@type":"WebSite","@id":"https:\/\/www.organisator.ch\/#website","url":"https:\/\/www.organisator.ch\/","name":"Organisateur","description":"Comp\u00e9tence et comp\u00e9tence. Proches de la pratique. L'ORGANISATEUR pr\u00e9pare 10 num\u00e9ros par an sur les th\u00e8mes essentiels pour les dirigeants de PME.","publisher":{"@id":"https:\/\/www.organisator.ch\/#organization"},"potentialAction":[{"@type":"SearchAction","target":{"@type":"EntryPoint","urlTemplate":"https:\/\/www.organisator.ch\/?s={search_term_string}"},"query-input":{"@type":"PropertyValueSpecification","valueRequired":true,"valueName":"search_term_string"}}],"inLanguage":"fr-FR"},{"@type":"Organization","@id":"https:\/\/www.organisator.ch\/#organization","name":"Organisateur","url":"https:\/\/www.organisator.ch\/","logo":{"@type":"ImageObject","inLanguage":"fr-FR","@id":"https:\/\/www.organisator.ch\/#\/schema\/logo\/image\/","url":"https:\/\/www.organisator.ch\/wp-content\/uploads\/2022\/01\/Logo_Organisator_Website.png","contentUrl":"https:\/\/www.organisator.ch\/wp-content\/uploads\/2022\/01\/Logo_Organisator_Website.png","width":800,"height":77,"caption":"Organisator"},"image":{"@id":"https:\/\/www.organisator.ch\/#\/schema\/logo\/image\/"},"sameAs":["https:\/\/www.facebook.com\/OrganisatorFachmagazin","https:\/\/www.linkedin.com\/showcase\/organisator-das-magazin-fr-kmu","https:\/\/www.xing.com\/news\/pages\/organisator-ch-695","https:\/\/www.youtube.com\/channel\/UCGP2Sq0iWaZwT3BdIAQFYpw"]},{"@type":"Person","@id":"https:\/\/www.organisator.ch\/#\/schema\/person\/afccda3a71c06d4be2ed9100dd163db7","name":"Dzana Muminovic","image":{"@type":"ImageObject","inLanguage":"fr-FR","@id":"https:\/\/secure.gravatar.com\/avatar\/909c5c71aff4b38e88686f2ab2f1ba152571f394f41ed8bae431ea56ced93050?s=96&d=mm&r=g","url":"https:\/\/secure.gravatar.com\/avatar\/909c5c71aff4b38e88686f2ab2f1ba152571f394f41ed8bae431ea56ced93050?s=96&d=mm&r=g","contentUrl":"https:\/\/secure.gravatar.com\/avatar\/909c5c71aff4b38e88686f2ab2f1ba152571f394f41ed8bae431ea56ced93050?s=96&d=mm&r=g","caption":"Dzana Muminovic"},"url":"https:\/\/www.organisator.ch\/fr\/author\/dzana-muminovic\/"}]}},"_links":{"self":[{"href":"https:\/\/www.organisator.ch\/fr\/wp-json\/wp\/v2\/posts\/36968","targetHints":{"allow":["GET"]}}],"collection":[{"href":"https:\/\/www.organisator.ch\/fr\/wp-json\/wp\/v2\/posts"}],"about":[{"href":"https:\/\/www.organisator.ch\/fr\/wp-json\/wp\/v2\/types\/post"}],"author":[{"embeddable":true,"href":"https:\/\/www.organisator.ch\/fr\/wp-json\/wp\/v2\/users\/80"}],"replies":[{"embeddable":true,"href":"https:\/\/www.organisator.ch\/fr\/wp-json\/wp\/v2\/comments?post=36968"}],"version-history":[{"count":4,"href":"https:\/\/www.organisator.ch\/fr\/wp-json\/wp\/v2\/posts\/36968\/revisions"}],"predecessor-version":[{"id":37000,"href":"https:\/\/www.organisator.ch\/fr\/wp-json\/wp\/v2\/posts\/36968\/revisions\/37000"}],"wp:featuredmedia":[{"embeddable":true,"href":"https:\/\/www.organisator.ch\/fr\/wp-json\/wp\/v2\/media\/36969"}],"wp:attachment":[{"href":"https:\/\/www.organisator.ch\/fr\/wp-json\/wp\/v2\/media?parent=36968"}],"wp:term":[{"taxonomy":"category","embeddable":true,"href":"https:\/\/www.organisator.ch\/fr\/wp-json\/wp\/v2\/categories?post=36968"},{"taxonomy":"post_tag","embeddable":true,"href":"https:\/\/www.organisator.ch\/fr\/wp-json\/wp\/v2\/tags?post=36968"}],"curies":[{"name":"wp","href":"https:\/\/api.w.org\/{rel}","templated":true}]}}