{"id":36988,"date":"2025-03-19T08:00:36","date_gmt":"2025-03-19T07:00:36","guid":{"rendered":"https:\/\/www.markt-kom.com\/?p=232057"},"modified":"2025-03-19T07:35:10","modified_gmt":"2025-03-19T06:35:10","slug":"schweizer-werbe-auftraggeberverband-swa-waehlt-jan-de-schepper-als-neuen-praesidenten","status":"publish","type":"post","link":"https:\/\/www.organisator.ch\/fr\/marketing\/2025-03-19\/schweizer-werbe-auftraggeberverband-swa-waehlt-jan-de-schepper-als-neuen-praesidenten\/","title":{"rendered":"L'Association suisse des annonceurs (ASA) \u00e9lit Jan De Schepper comme nouveau pr\u00e9sident"},"content":{"rendered":"<figure id=\"attachment_232058\" class=\"wp-caption aligncenter\" style=\"width: 1200px;\" aria-describedby=\"caption-attachment-232058\"><a href=\"https:\/\/www.markt-kom.com\/wp-content\/uploads\/2025\/03\/jan-de-schepper-Praesident-SWA_president-de-lASA-2025.jpg\"><img class=\"size-full wp-image-232058\" src=\"https:\/\/www.markt-kom.com\/wp-content\/uploads\/2025\/03\/jan-de-schepper-Praesident-SWA_president-de-lASA-2025.jpg\" sizes=\"(max-width: 1200px) 100vw, 1200px\" srcset=\"https:\/\/www.markt-kom.com\/wp-content\/uploads\/2025\/03\/jan-de-schepper-Praesident-SWA_president-de-lASA-2025.jpg 1200w, https:\/\/www.markt-kom.com\/wp-content\/uploads\/2025\/03\/jan-de-schepper-Praesident-SWA_president-de-lASA-2025-600x451.jpg 600w, https:\/\/www.markt-kom.com\/wp-content\/uploads\/2025\/03\/jan-de-schepper-Praesident-SWA_president-de-lASA-2025-1024x769.jpg 1024w, https:\/\/www.markt-kom.com\/wp-content\/uploads\/2025\/03\/jan-de-schepper-Praesident-SWA_president-de-lASA-2025-768x577.jpg 768w, https:\/\/www.markt-kom.com\/wp-content\/uploads\/2025\/03\/jan-de-schepper-Praesident-SWA_president-de-lASA-2025-16x12.jpg 16w, https:\/\/www.markt-kom.com\/wp-content\/uploads\/2025\/03\/jan-de-schepper-Praesident-SWA_president-de-lASA-2025-233x175.jpg 233w, https:\/\/www.markt-kom.com\/wp-content\/uploads\/2025\/03\/jan-de-schepper-Praesident-SWA_president-de-lASA-2025-466x350.jpg 466w, https:\/\/www.markt-kom.com\/wp-content\/uploads\/2025\/03\/jan-de-schepper-Praesident-SWA_president-de-lASA-2025-1000x751.jpg 1000w\" alt=\"\" width=\"1200\" height=\"901\" \/><\/a>\r\n<figcaption id=\"caption-attachment-232058\" class=\"wp-caption-text\">(Image : zVg.)<\/figcaption>\r\n<\/figure>\r\n<p>Mardi, le meeting annuel de l'ASA s'est tenu \u00e0 Zurich-Oerlikon en pr\u00e9sence de plus de 400 membres et invit\u00e9s de la branche publicitaire. L'association f\u00eatait en m\u00eame temps son 75e anniversaire. Sur le th\u00e8me \"Next Gen Marketing\", les deux keynote speakers Paul Kemp-Robertson, Chief Content Officer at Lions de Londres et Jens Polomski, LinkedIn Top Voice pour l'IA &amp; Co-Founder snipKI de Cologne, ont donn\u00e9 un aper\u00e7u de la mani\u00e8re dont ils voient l'avenir du marketing et de la communication.<\/p>\r\n<p>L'ann\u00e9e derni\u00e8re d\u00e9j\u00e0, le pr\u00e9sident de longue date de l'ASA, Roger Harlacher, avait annonc\u00e9 au comit\u00e9 directeur sa d\u00e9mission pour la 76e assembl\u00e9e g\u00e9n\u00e9rale d'aujourd'hui. Harlacher a \u00e9t\u00e9 \u00e9lu au comit\u00e9 directeur en 2006 et pr\u00e9sident de l'association en 2009. Durant son mandat, l'ASA s'est d\u00e9velopp\u00e9e en un groupe d'int\u00e9r\u00eat fort et un partenaire pr\u00e9cieux sur le march\u00e9 publicitaire, selon l'association. Pour ses m\u00e9rites, Roger Harlacher a \u00e9t\u00e9 nomm\u00e9 pr\u00e9sident d'honneur lors de l'AG.<\/p>\r\n<p>La pr\u00e9sidence est d\u00e9sormais assur\u00e9e par Jan De Schepper, Chief Sales and Marketing Officer de Swissquote Bank. De Schepper fait d\u00e9j\u00e0 partie du comit\u00e9 directeur depuis 2018. Il a commenc\u00e9 sa carri\u00e8re dans le branding chez Feldschl\u00f6sschen et l'a poursuivie chez Bacardi-Martini, Saatchi &amp; Saatchi et McDonald's. En 2015, il a rejoint Swissquote pour diriger le d\u00e9partement marketing. En 2019, il a \u00e9t\u00e9 promu CSMO et a rejoint le comit\u00e9 de direction de Swissquote. De plus, De Schepper est membre du conseil d'administration de la Neobank Yuh, Il est titulaire d'un MBA en management international de l'Universit\u00e9 de Gen\u00e8ve.<\/p>","protected":false},"excerpt":{"rendered":"<p>Lors de sa 76e assembl\u00e9e g\u00e9n\u00e9rale, l'Association suisse des annonceurs (SWA) a inform\u00e9 d'un changement \u00e0 la pr\u00e9sidence. Jan De Schepper, Chief Sales and Marketing Officer chez Swissquote Bank, succ\u00e8de \u00e0 Roger Harlacher apr\u00e8s 16 ans de pr\u00e9sidence.<\/p>","protected":false},"author":8,"featured_media":0,"comment_status":"closed","ping_status":"closed","sticky":false,"template":"","format":"standard","meta":{"_acf_changed":false,"_yoast_wpseo_focuskw":"SWA Generalversammlung 2024","_yoast_wpseo_metadesc":"Der SWA ernennt Jan De Schepper zum neuen Pr\u00e4sidenten. Roger Harlacher wird Ehrenpr\u00e4sident. Ein R\u00fcckblick auf die 76. GV in Z\u00fcrich.","articlekey":"","footnotes":""},"categories":[29],"tags":[5211,2853,4343,3872],"class_list":["post-36988","post","type-post","status-publish","format-standard","hentry","category-marketing","tag-jan-de-schepper","tag-jobchange","tag-markom","tag-schweizer-werbe-auftraggeberverband-swa"],"acf":[],"yoast_head":"<!-- This site is optimized with the Yoast SEO plugin v27.5 - https:\/\/yoast.com\/product\/yoast-seo-wordpress\/ -->\n<title>Schweizer Werbe-Auftraggeberverband SWA w\u00e4hlt Jan De Schepper als neuen Pr\u00e4sidenten - Organisator<\/title>\n<meta name=\"description\" content=\"Der SWA ernennt Jan De Schepper zum neuen Pr\u00e4sidenten. Roger Harlacher wird Ehrenpr\u00e4sident. Ein R\u00fcckblick auf die 76. GV in Z\u00fcrich.\" \/>\n<meta name=\"robots\" content=\"index, follow, max-snippet:-1, max-image-preview:large, max-video-preview:-1\" \/>\n<link rel=\"canonical\" href=\"https:\/\/www.organisator.ch\/fr\/marketing\/2025-03-19\/schweizer-werbe-auftraggeberverband-swa-waehlt-jan-de-schepper-als-neuen-praesidenten\/\" \/>\n<meta property=\"og:locale\" content=\"fr_FR\" \/>\n<meta property=\"og:type\" content=\"article\" \/>\n<meta property=\"og:title\" content=\"Schweizer Werbe-Auftraggeberverband SWA w\u00e4hlt Jan De Schepper als neuen Pr\u00e4sidenten - Organisator\" \/>\n<meta property=\"og:description\" content=\"Der SWA ernennt Jan De Schepper zum neuen Pr\u00e4sidenten. Roger Harlacher wird Ehrenpr\u00e4sident. Ein R\u00fcckblick auf die 76. GV in Z\u00fcrich.\" \/>\n<meta property=\"og:url\" content=\"https:\/\/www.organisator.ch\/fr\/marketing\/2025-03-19\/schweizer-werbe-auftraggeberverband-swa-waehlt-jan-de-schepper-als-neuen-praesidenten\/\" \/>\n<meta property=\"og:site_name\" content=\"Organisator\" \/>\n<meta property=\"article:publisher\" content=\"https:\/\/www.facebook.com\/OrganisatorFachmagazin\" \/>\n<meta property=\"article:published_time\" content=\"2025-03-19T07:00:36+00:00\" \/>\n<meta name=\"author\" content=\"galledia\" \/>\n<meta name=\"twitter:card\" content=\"summary_large_image\" \/>\n<meta name=\"twitter:creator\" content=\"@admin\" \/>\n<script type=\"application\/ld+json\" class=\"yoast-schema-graph\">{\"@context\":\"https:\\\/\\\/schema.org\",\"@graph\":[{\"@type\":\"Article\",\"@id\":\"https:\\\/\\\/www.organisator.ch\\\/marketing\\\/2025-03-19\\\/schweizer-werbe-auftraggeberverband-swa-waehlt-jan-de-schepper-als-neuen-praesidenten\\\/#article\",\"isPartOf\":{\"@id\":\"https:\\\/\\\/www.organisator.ch\\\/marketing\\\/2025-03-19\\\/schweizer-werbe-auftraggeberverband-swa-waehlt-jan-de-schepper-als-neuen-praesidenten\\\/\"},\"author\":{\"name\":\"galledia\",\"@id\":\"https:\\\/\\\/www.organisator.ch\\\/#\\\/schema\\\/person\\\/4e51799071cd2dd1232ac003643ef5f0\"},\"headline\":\"Schweizer Werbe-Auftraggeberverband SWA w\u00e4hlt Jan De Schepper als neuen Pr\u00e4sidenten\",\"datePublished\":\"2025-03-19T07:00:36+00:00\",\"mainEntityOfPage\":{\"@id\":\"https:\\\/\\\/www.organisator.ch\\\/marketing\\\/2025-03-19\\\/schweizer-werbe-auftraggeberverband-swa-waehlt-jan-de-schepper-als-neuen-praesidenten\\\/\"},\"wordCount\":252,\"publisher\":{\"@id\":\"https:\\\/\\\/www.organisator.ch\\\/#organization\"},\"image\":{\"@id\":\"https:\\\/\\\/www.organisator.ch\\\/marketing\\\/2025-03-19\\\/schweizer-werbe-auftraggeberverband-swa-waehlt-jan-de-schepper-als-neuen-praesidenten\\\/#primaryimage\"},\"thumbnailUrl\":\"https:\\\/\\\/www.markt-kom.com\\\/wp-content\\\/uploads\\\/2025\\\/03\\\/jan-de-schepper-Praesident-SWA_president-de-lASA-2025.jpg\",\"keywords\":[\"Jan de Schepper\",\"Jobchange\",\"MarKom\",\"Schweizer Werbe-Auftraggeberverband SWA\"],\"articleSection\":[\"MARKETING\"],\"inLanguage\":\"fr-FR\"},{\"@type\":\"WebPage\",\"@id\":\"https:\\\/\\\/www.organisator.ch\\\/marketing\\\/2025-03-19\\\/schweizer-werbe-auftraggeberverband-swa-waehlt-jan-de-schepper-als-neuen-praesidenten\\\/\",\"url\":\"https:\\\/\\\/www.organisator.ch\\\/marketing\\\/2025-03-19\\\/schweizer-werbe-auftraggeberverband-swa-waehlt-jan-de-schepper-als-neuen-praesidenten\\\/\",\"name\":\"Schweizer Werbe-Auftraggeberverband SWA w\u00e4hlt Jan De Schepper als neuen Pr\u00e4sidenten - Organisator\",\"isPartOf\":{\"@id\":\"https:\\\/\\\/www.organisator.ch\\\/#website\"},\"primaryImageOfPage\":{\"@id\":\"https:\\\/\\\/www.organisator.ch\\\/marketing\\\/2025-03-19\\\/schweizer-werbe-auftraggeberverband-swa-waehlt-jan-de-schepper-als-neuen-praesidenten\\\/#primaryimage\"},\"image\":{\"@id\":\"https:\\\/\\\/www.organisator.ch\\\/marketing\\\/2025-03-19\\\/schweizer-werbe-auftraggeberverband-swa-waehlt-jan-de-schepper-als-neuen-praesidenten\\\/#primaryimage\"},\"thumbnailUrl\":\"https:\\\/\\\/www.markt-kom.com\\\/wp-content\\\/uploads\\\/2025\\\/03\\\/jan-de-schepper-Praesident-SWA_president-de-lASA-2025.jpg\",\"datePublished\":\"2025-03-19T07:00:36+00:00\",\"description\":\"Der SWA ernennt Jan De Schepper zum neuen Pr\u00e4sidenten. Roger Harlacher wird Ehrenpr\u00e4sident. Ein R\u00fcckblick auf die 76. GV in Z\u00fcrich.\",\"breadcrumb\":{\"@id\":\"https:\\\/\\\/www.organisator.ch\\\/marketing\\\/2025-03-19\\\/schweizer-werbe-auftraggeberverband-swa-waehlt-jan-de-schepper-als-neuen-praesidenten\\\/#breadcrumb\"},\"inLanguage\":\"fr-FR\",\"potentialAction\":[{\"@type\":\"ReadAction\",\"target\":[\"https:\\\/\\\/www.organisator.ch\\\/marketing\\\/2025-03-19\\\/schweizer-werbe-auftraggeberverband-swa-waehlt-jan-de-schepper-als-neuen-praesidenten\\\/\"]}]},{\"@type\":\"ImageObject\",\"inLanguage\":\"fr-FR\",\"@id\":\"https:\\\/\\\/www.organisator.ch\\\/marketing\\\/2025-03-19\\\/schweizer-werbe-auftraggeberverband-swa-waehlt-jan-de-schepper-als-neuen-praesidenten\\\/#primaryimage\",\"url\":\"https:\\\/\\\/www.markt-kom.com\\\/wp-content\\\/uploads\\\/2025\\\/03\\\/jan-de-schepper-Praesident-SWA_president-de-lASA-2025.jpg\",\"contentUrl\":\"https:\\\/\\\/www.markt-kom.com\\\/wp-content\\\/uploads\\\/2025\\\/03\\\/jan-de-schepper-Praesident-SWA_president-de-lASA-2025.jpg\"},{\"@type\":\"BreadcrumbList\",\"@id\":\"https:\\\/\\\/www.organisator.ch\\\/marketing\\\/2025-03-19\\\/schweizer-werbe-auftraggeberverband-swa-waehlt-jan-de-schepper-als-neuen-praesidenten\\\/#breadcrumb\",\"itemListElement\":[{\"@type\":\"ListItem\",\"position\":1,\"name\":\"Home\",\"item\":\"https:\\\/\\\/www.organisator.ch\\\/\"},{\"@type\":\"ListItem\",\"position\":2,\"name\":\"Schweizer Werbe-Auftraggeberverband SWA w\u00e4hlt Jan De Schepper als neuen Pr\u00e4sidenten\"}]},{\"@type\":\"WebSite\",\"@id\":\"https:\\\/\\\/www.organisator.ch\\\/#website\",\"url\":\"https:\\\/\\\/www.organisator.ch\\\/\",\"name\":\"Organisator\",\"description\":\"Kompetent. Praxisnah. Der ORGANISATOR bereitet in 10 Ausgaben pro Jahr die wesentlichen Themen f\u00fcr F\u00fchrungskr\u00e4fte von KMU auf.\",\"publisher\":{\"@id\":\"https:\\\/\\\/www.organisator.ch\\\/#organization\"},\"potentialAction\":[{\"@type\":\"SearchAction\",\"target\":{\"@type\":\"EntryPoint\",\"urlTemplate\":\"https:\\\/\\\/www.organisator.ch\\\/?s={search_term_string}\"},\"query-input\":{\"@type\":\"PropertyValueSpecification\",\"valueRequired\":true,\"valueName\":\"search_term_string\"}}],\"inLanguage\":\"fr-FR\"},{\"@type\":\"Organization\",\"@id\":\"https:\\\/\\\/www.organisator.ch\\\/#organization\",\"name\":\"Organisator\",\"url\":\"https:\\\/\\\/www.organisator.ch\\\/\",\"logo\":{\"@type\":\"ImageObject\",\"inLanguage\":\"fr-FR\",\"@id\":\"https:\\\/\\\/www.organisator.ch\\\/#\\\/schema\\\/logo\\\/image\\\/\",\"url\":\"https:\\\/\\\/www.organisator.ch\\\/wp-content\\\/uploads\\\/2022\\\/01\\\/Logo_Organisator_Website.png\",\"contentUrl\":\"https:\\\/\\\/www.organisator.ch\\\/wp-content\\\/uploads\\\/2022\\\/01\\\/Logo_Organisator_Website.png\",\"width\":800,\"height\":77,\"caption\":\"Organisator\"},\"image\":{\"@id\":\"https:\\\/\\\/www.organisator.ch\\\/#\\\/schema\\\/logo\\\/image\\\/\"},\"sameAs\":[\"https:\\\/\\\/www.facebook.com\\\/OrganisatorFachmagazin\",\"https:\\\/\\\/www.linkedin.com\\\/showcase\\\/organisator-das-magazin-fr-kmu\",\"https:\\\/\\\/www.xing.com\\\/news\\\/pages\\\/organisator-ch-695\",\"https:\\\/\\\/www.youtube.com\\\/channel\\\/UCGP2Sq0iWaZwT3BdIAQFYpw\"]},{\"@type\":\"Person\",\"@id\":\"https:\\\/\\\/www.organisator.ch\\\/#\\\/schema\\\/person\\\/4e51799071cd2dd1232ac003643ef5f0\",\"name\":\"galledia\",\"image\":{\"@type\":\"ImageObject\",\"inLanguage\":\"fr-FR\",\"@id\":\"https:\\\/\\\/secure.gravatar.com\\\/avatar\\\/78a7f90c01fc2bfc875782a0d4922b37cde2cf184ce347b91316d23cd7f69a36?s=96&d=mm&r=g\",\"url\":\"https:\\\/\\\/secure.gravatar.com\\\/avatar\\\/78a7f90c01fc2bfc875782a0d4922b37cde2cf184ce347b91316d23cd7f69a36?s=96&d=mm&r=g\",\"contentUrl\":\"https:\\\/\\\/secure.gravatar.com\\\/avatar\\\/78a7f90c01fc2bfc875782a0d4922b37cde2cf184ce347b91316d23cd7f69a36?s=96&d=mm&r=g\",\"caption\":\"galledia\"},\"sameAs\":[\"https:\\\/\\\/x.com\\\/admin\"],\"url\":\"https:\\\/\\\/www.organisator.ch\\\/fr\\\/author\\\/galledia\\\/\"}]}<\/script>\n<!-- \/ Yoast SEO plugin. -->","yoast_head_json":{"title":"L'Association Suisse des Annonceurs (ASA) \u00e9lit Jan De Schepper comme nouveau pr\u00e9sident - Organisateur","description":"Le SWA nomme Jan De Schepper nouveau pr\u00e9sident. Roger Harlacher devient pr\u00e9sident d'honneur. Une r\u00e9trospective de la 76e AG \u00e0 Zurich.","robots":{"index":"index","follow":"follow","max-snippet":"max-snippet:-1","max-image-preview":"max-image-preview:large","max-video-preview":"max-video-preview:-1"},"canonical":"https:\/\/www.organisator.ch\/fr\/marketing\/2025-03-19\/schweizer-werbe-auftraggeberverband-swa-waehlt-jan-de-schepper-als-neuen-praesidenten\/","og_locale":"fr_FR","og_type":"article","og_title":"Schweizer Werbe-Auftraggeberverband SWA w\u00e4hlt Jan De Schepper als neuen Pr\u00e4sidenten - Organisator","og_description":"Der SWA ernennt Jan De Schepper zum neuen Pr\u00e4sidenten. Roger Harlacher wird Ehrenpr\u00e4sident. Ein R\u00fcckblick auf die 76. GV in Z\u00fcrich.","og_url":"https:\/\/www.organisator.ch\/fr\/marketing\/2025-03-19\/schweizer-werbe-auftraggeberverband-swa-waehlt-jan-de-schepper-als-neuen-praesidenten\/","og_site_name":"Organisator","article_publisher":"https:\/\/www.facebook.com\/OrganisatorFachmagazin","article_published_time":"2025-03-19T07:00:36+00:00","author":"galledia","twitter_card":"summary_large_image","twitter_creator":"@admin","schema":{"@context":"https:\/\/schema.org","@graph":[{"@type":"Article","@id":"https:\/\/www.organisator.ch\/marketing\/2025-03-19\/schweizer-werbe-auftraggeberverband-swa-waehlt-jan-de-schepper-als-neuen-praesidenten\/#article","isPartOf":{"@id":"https:\/\/www.organisator.ch\/marketing\/2025-03-19\/schweizer-werbe-auftraggeberverband-swa-waehlt-jan-de-schepper-als-neuen-praesidenten\/"},"author":{"name":"galledia","@id":"https:\/\/www.organisator.ch\/#\/schema\/person\/4e51799071cd2dd1232ac003643ef5f0"},"headline":"Schweizer Werbe-Auftraggeberverband SWA w\u00e4hlt Jan De Schepper als neuen Pr\u00e4sidenten","datePublished":"2025-03-19T07:00:36+00:00","mainEntityOfPage":{"@id":"https:\/\/www.organisator.ch\/marketing\/2025-03-19\/schweizer-werbe-auftraggeberverband-swa-waehlt-jan-de-schepper-als-neuen-praesidenten\/"},"wordCount":252,"publisher":{"@id":"https:\/\/www.organisator.ch\/#organization"},"image":{"@id":"https:\/\/www.organisator.ch\/marketing\/2025-03-19\/schweizer-werbe-auftraggeberverband-swa-waehlt-jan-de-schepper-als-neuen-praesidenten\/#primaryimage"},"thumbnailUrl":"https:\/\/www.markt-kom.com\/wp-content\/uploads\/2025\/03\/jan-de-schepper-Praesident-SWA_president-de-lASA-2025.jpg","keywords":["Jan de Schepper","Jobchange","MarKom","Schweizer Werbe-Auftraggeberverband SWA"],"articleSection":["MARKETING"],"inLanguage":"fr-FR"},{"@type":"WebPage","@id":"https:\/\/www.organisator.ch\/marketing\/2025-03-19\/schweizer-werbe-auftraggeberverband-swa-waehlt-jan-de-schepper-als-neuen-praesidenten\/","url":"https:\/\/www.organisator.ch\/marketing\/2025-03-19\/schweizer-werbe-auftraggeberverband-swa-waehlt-jan-de-schepper-als-neuen-praesidenten\/","name":"L'Association Suisse des Annonceurs (ASA) \u00e9lit Jan De Schepper comme nouveau pr\u00e9sident - Organisateur","isPartOf":{"@id":"https:\/\/www.organisator.ch\/#website"},"primaryImageOfPage":{"@id":"https:\/\/www.organisator.ch\/marketing\/2025-03-19\/schweizer-werbe-auftraggeberverband-swa-waehlt-jan-de-schepper-als-neuen-praesidenten\/#primaryimage"},"image":{"@id":"https:\/\/www.organisator.ch\/marketing\/2025-03-19\/schweizer-werbe-auftraggeberverband-swa-waehlt-jan-de-schepper-als-neuen-praesidenten\/#primaryimage"},"thumbnailUrl":"https:\/\/www.markt-kom.com\/wp-content\/uploads\/2025\/03\/jan-de-schepper-Praesident-SWA_president-de-lASA-2025.jpg","datePublished":"2025-03-19T07:00:36+00:00","description":"Le SWA nomme Jan De Schepper nouveau pr\u00e9sident. Roger Harlacher devient pr\u00e9sident d'honneur. Une r\u00e9trospective de la 76e AG \u00e0 Zurich.","breadcrumb":{"@id":"https:\/\/www.organisator.ch\/marketing\/2025-03-19\/schweizer-werbe-auftraggeberverband-swa-waehlt-jan-de-schepper-als-neuen-praesidenten\/#breadcrumb"},"inLanguage":"fr-FR","potentialAction":[{"@type":"ReadAction","target":["https:\/\/www.organisator.ch\/marketing\/2025-03-19\/schweizer-werbe-auftraggeberverband-swa-waehlt-jan-de-schepper-als-neuen-praesidenten\/"]}]},{"@type":"ImageObject","inLanguage":"fr-FR","@id":"https:\/\/www.organisator.ch\/marketing\/2025-03-19\/schweizer-werbe-auftraggeberverband-swa-waehlt-jan-de-schepper-als-neuen-praesidenten\/#primaryimage","url":"https:\/\/www.markt-kom.com\/wp-content\/uploads\/2025\/03\/jan-de-schepper-Praesident-SWA_president-de-lASA-2025.jpg","contentUrl":"https:\/\/www.markt-kom.com\/wp-content\/uploads\/2025\/03\/jan-de-schepper-Praesident-SWA_president-de-lASA-2025.jpg"},{"@type":"BreadcrumbList","@id":"https:\/\/www.organisator.ch\/marketing\/2025-03-19\/schweizer-werbe-auftraggeberverband-swa-waehlt-jan-de-schepper-als-neuen-praesidenten\/#breadcrumb","itemListElement":[{"@type":"ListItem","position":1,"name":"Home","item":"https:\/\/www.organisator.ch\/"},{"@type":"ListItem","position":2,"name":"Schweizer Werbe-Auftraggeberverband SWA w\u00e4hlt Jan De Schepper als neuen Pr\u00e4sidenten"}]},{"@type":"WebSite","@id":"https:\/\/www.organisator.ch\/#website","url":"https:\/\/www.organisator.ch\/","name":"Organisateur","description":"Comp\u00e9tence et comp\u00e9tence. Proches de la pratique. L'ORGANISATEUR pr\u00e9pare 10 num\u00e9ros par an sur les th\u00e8mes essentiels pour les dirigeants de PME.","publisher":{"@id":"https:\/\/www.organisator.ch\/#organization"},"potentialAction":[{"@type":"SearchAction","target":{"@type":"EntryPoint","urlTemplate":"https:\/\/www.organisator.ch\/?s={search_term_string}"},"query-input":{"@type":"PropertyValueSpecification","valueRequired":true,"valueName":"search_term_string"}}],"inLanguage":"fr-FR"},{"@type":"Organization","@id":"https:\/\/www.organisator.ch\/#organization","name":"Organisateur","url":"https:\/\/www.organisator.ch\/","logo":{"@type":"ImageObject","inLanguage":"fr-FR","@id":"https:\/\/www.organisator.ch\/#\/schema\/logo\/image\/","url":"https:\/\/www.organisator.ch\/wp-content\/uploads\/2022\/01\/Logo_Organisator_Website.png","contentUrl":"https:\/\/www.organisator.ch\/wp-content\/uploads\/2022\/01\/Logo_Organisator_Website.png","width":800,"height":77,"caption":"Organisator"},"image":{"@id":"https:\/\/www.organisator.ch\/#\/schema\/logo\/image\/"},"sameAs":["https:\/\/www.facebook.com\/OrganisatorFachmagazin","https:\/\/www.linkedin.com\/showcase\/organisator-das-magazin-fr-kmu","https:\/\/www.xing.com\/news\/pages\/organisator-ch-695","https:\/\/www.youtube.com\/channel\/UCGP2Sq0iWaZwT3BdIAQFYpw"]},{"@type":"Person","@id":"https:\/\/www.organisator.ch\/#\/schema\/person\/4e51799071cd2dd1232ac003643ef5f0","name":"galledia","image":{"@type":"ImageObject","inLanguage":"fr-FR","@id":"https:\/\/secure.gravatar.com\/avatar\/78a7f90c01fc2bfc875782a0d4922b37cde2cf184ce347b91316d23cd7f69a36?s=96&d=mm&r=g","url":"https:\/\/secure.gravatar.com\/avatar\/78a7f90c01fc2bfc875782a0d4922b37cde2cf184ce347b91316d23cd7f69a36?s=96&d=mm&r=g","contentUrl":"https:\/\/secure.gravatar.com\/avatar\/78a7f90c01fc2bfc875782a0d4922b37cde2cf184ce347b91316d23cd7f69a36?s=96&d=mm&r=g","caption":"galledia"},"sameAs":["https:\/\/x.com\/admin"],"url":"https:\/\/www.organisator.ch\/fr\/author\/galledia\/"}]}},"_links":{"self":[{"href":"https:\/\/www.organisator.ch\/fr\/wp-json\/wp\/v2\/posts\/36988","targetHints":{"allow":["GET"]}}],"collection":[{"href":"https:\/\/www.organisator.ch\/fr\/wp-json\/wp\/v2\/posts"}],"about":[{"href":"https:\/\/www.organisator.ch\/fr\/wp-json\/wp\/v2\/types\/post"}],"author":[{"embeddable":true,"href":"https:\/\/www.organisator.ch\/fr\/wp-json\/wp\/v2\/users\/8"}],"replies":[{"embeddable":true,"href":"https:\/\/www.organisator.ch\/fr\/wp-json\/wp\/v2\/comments?post=36988"}],"version-history":[{"count":4,"href":"https:\/\/www.organisator.ch\/fr\/wp-json\/wp\/v2\/posts\/36988\/revisions"}],"predecessor-version":[{"id":36998,"href":"https:\/\/www.organisator.ch\/fr\/wp-json\/wp\/v2\/posts\/36988\/revisions\/36998"}],"wp:attachment":[{"href":"https:\/\/www.organisator.ch\/fr\/wp-json\/wp\/v2\/media?parent=36988"}],"wp:term":[{"taxonomy":"category","embeddable":true,"href":"https:\/\/www.organisator.ch\/fr\/wp-json\/wp\/v2\/categories?post=36988"},{"taxonomy":"post_tag","embeddable":true,"href":"https:\/\/www.organisator.ch\/fr\/wp-json\/wp\/v2\/tags?post=36988"}],"curies":[{"name":"wp","href":"https:\/\/api.w.org\/{rel}","templated":true}]}}