{"id":3699,"date":"2018-06-14T08:21:57","date_gmt":"2018-06-14T06:21:57","guid":{"rendered":"https:\/\/www.organisator.ch\/?p=3699"},"modified":"2018-06-14T08:21:57","modified_gmt":"2018-06-14T06:21:57","slug":"burn-bore-oder-brown-out","status":"publish","type":"post","link":"https:\/\/www.organisator.ch\/fr\/management\/2018-06-14\/burn-bore-oder-brown-out\/","title":{"rendered":"Burn-out, bore-out ou brown-out ?"},"content":{"rendered":"<figure id=\"attachment_3701\" aria-describedby=\"caption-attachment-3701\" style=\"width: 680px\" class=\"wp-caption alignnone\"><img loading=\"lazy\" decoding=\"async\" class=\"size-medium wp-image-3701\" src=\"https:\/\/www.organisator.ch\/wp-content\/uploads\/2018\/05\/2018_06_Leadership_Dudas_Bild_1636477.jpg\" alt=\"&lt;p\/&gt;         &lt;p\/&gt;         &lt;p\/&gt;         &lt;p\/&gt;         &lt;p\/&gt; \" width=\"680\" height=\"680\" \/><figcaption id=\"caption-attachment-3701\" class=\"wp-caption-text\">PLEIN SENS. Seul ce qui a du sens peut nous combler. Le nouveau livre de Stefan Dudas, paru aux \u00e9ditions BusinessVillage, ISBN 978-3-8698-039-44. <a href=\"http:\/\/www.voll-sinn.com\">www.voll-sinn.com<\/a>.<\/figcaption><\/figure>\n<p>Il a tout donn\u00e9 pour l'entreprise\". Un exemple \u00e0 suivre. Nous lui rendrons certainement visite \u00e0 la clinique un jour\". Le burnout est devenu un ph\u00e9nom\u00e8ne de mode et, contrairement \u00e0 la d\u00e9pression, il semble \"adapt\u00e9 au monde des affaires\".<\/p>\n<h2>Rien que des termes \"adapt\u00e9s au monde des affaires\" ?<\/h2>\n<p>En fait, le burn-out est d\u00e9j\u00e0 suffisamment absurde. En effet, les personnes qui ont confiance en elles (souvent \u00e0 des postes de direction) travaillent jusqu'\u00e0 l'inconscience. Le bore-out est tout aussi dangereux, mais en fait encore plus absurde : il s'agit de personnes qui sont tellement sous-employ\u00e9es et qui s'ennuient tellement dans leur travail qu'elles doivent faire semblant de s'occuper parce qu'elles ont tout simplement peur d'\u00eatre licenci\u00e9es. Le brown-out vient s'ajouter \u00e0 ce duo. Ce terme est emprunt\u00e9 au secteur de l'\u00e9lectricit\u00e9 et signifie une baisse de tension. Dans l'entreprise, il d\u00e9signe le collaborateur qui perd (insidieusement) l'int\u00e9r\u00eat ou le plaisir de son travail. La plupart du temps, cela est d\u00fb \u00e0 un trop grand nombre de r\u00e8gles et \u00e0 l'absence de cr\u00e9ativit\u00e9 et de sens dans son travail.<\/p>\n<h2>Retour \u00e0 la responsabilit\u00e9 individuelle<\/h2>\n<p>Nous savons donc maintenant le nommer : trop, pas assez, ou un travail qui ne nous satisfait pas. Il existe des termes pour ces trois situations. Mais comment nous sauver ? Un mot que beaucoup n'aiment pas entendre : La responsabilit\u00e9 personnelle. Ce mot donne aussi imm\u00e9diatement la solution : Dans le mot responsabilit\u00e9, il y a le mot \"localisation\". Analysez o\u00f9 vous vous trouvez et si vous voulez vous y trouver. Il contient \u00e9galement le mot \"r\u00e9ponse\". R\u00e9pondez donc honn\u00eatement aux questions : pourquoi faites-vous ce que vous faites ? Quelles en sont les cons\u00e9quences ? Comment vous sentez-vous ? Et dans le mot responsabilit\u00e9, il y a aussi le mot \"faire\".<\/p>\n<h2>En parler<\/h2>\n<p>Passez donc \u00e0 l'action. Car cela n'aide personne si vous continuez \u00e0 faire le \"show\" et que vous finissez par vous effondrer derri\u00e8re le rideau. M\u00eame si cela semble simple, vous avez souvent besoin d'un interlocuteur. Cela ne doit pas n\u00e9cessairement \u00eatre un coach. L'important, c'est que vous en parliez \u00e0 quelqu'un. C'est le d\u00e9but.<\/p>\n<p>&nbsp;<\/p>\n<p><em>L'auteur : Stefan Dudas est un expert en affaires qui donne du sens. Le conf\u00e9rencier, coach et auteur pose avec humour et profondeur les bases de nouvelles approches. Son \"syst\u00e8me Suxess pour un management bas\u00e9 sur le sens\" transmet le sens dans la direction, la communication ainsi que la motivation. Son nouveau livre \"VOLL SINN - Nur was Sinn macht, uns erf\u00fcllen kann\" est paru en d\u00e9cembre 2017. Plus d'informations : <a href=\"http:\/\/www.stefandudas.com\">www.stefandudas.com<\/a><\/em><\/p>","protected":false},"excerpt":{"rendered":"<p>\u00abEr hat alles f\u00fcr das Unternehmen ge\u00adgeben. Vorbildlich. Wir besuchen ihn sicher mal in der Klinik.\u00bb Burnout ist zur Modeerscheinung geworden und wirkt im Unterschied zu einer Depression \u00abbusinesstauglich\u00bb. Nichts als \u00abbusinesstaugliche\u00bb Begriffe? Eigentlich ist Burn-out schon absurd genug. Denn Menschen mit Selbstbewusstsein (oft in F\u00fchrungspositionen) arbeiten bis zur Bewusst\u00adlo\u00adsigkeit. Bore-out ist genauso gef\u00e4hrlich, aber [&hellip;]<\/p>\n","protected":false},"author":7,"featured_media":3700,"comment_status":"open","ping_status":"open","sticky":false,"template":"","format":"standard","meta":{"_acf_changed":false,"_yoast_wpseo_focuskw":"Sinn","_yoast_wpseo_metadesc":"Sind wir noch zu retten? Nur was Sinn macht, kann uns erf\u00fcllen! Ein Kommentar.","articlekey":"","footnotes":""},"categories":[28],"tags":[92,95,208,335],"class_list":["post-3699","post","type-post","status-publish","format-standard","has-post-thumbnail","hentry","category-management","tag-buch","tag-buchtipps","tag-fit-im-job","tag-management-und-unternehmensfuehrung"],"acf":[],"yoast_head":"<!-- This site is optimized with the Yoast SEO plugin v27.5 - https:\/\/yoast.com\/product\/yoast-seo-wordpress\/ -->\n<title>Burn-, Bore- oder Brown-out? - Organisator<\/title>\n<meta name=\"description\" content=\"Sind wir noch zu retten? Nur was Sinn macht, kann uns erf\u00fcllen! Ein Kommentar.\" \/>\n<meta name=\"robots\" content=\"index, follow, max-snippet:-1, max-image-preview:large, max-video-preview:-1\" \/>\n<link rel=\"canonical\" href=\"https:\/\/www.organisator.ch\/fr\/gestion-2\/2018-06-14\/burn-bore-oder-brown-out\/\" \/>\n<meta property=\"og:locale\" content=\"fr_FR\" \/>\n<meta property=\"og:type\" content=\"article\" \/>\n<meta property=\"og:title\" content=\"Burn-, Bore- oder Brown-out?\" \/>\n<meta property=\"og:description\" content=\"Sind wir noch zu retten? Nur was #Sinn macht, kann uns erf\u00fcllen! Ein Kommentar.\" \/>\n<meta property=\"og:url\" content=\"https:\/\/www.organisator.ch\/fr\/gestion-2\/2018-06-14\/burn-bore-oder-brown-out\/\" \/>\n<meta property=\"og:site_name\" content=\"Organisator\" \/>\n<meta property=\"article:publisher\" content=\"https:\/\/www.facebook.com\/OrganisatorFachmagazin\" \/>\n<meta property=\"article:published_time\" content=\"2018-06-14T06:21:57+00:00\" \/>\n<meta name=\"author\" content=\"K4-Import\" \/>\n<meta name=\"twitter:card\" content=\"summary_large_image\" \/>\n<meta name=\"twitter:title\" content=\"#Burn-, #Bore- oder #Brown-out?\" \/>\n<meta name=\"twitter:description\" content=\"Sind wir noch zu retten? Nur was #Sinn macht, kann uns erf\u00fcllen! Ein Kommentar.\" \/>\n<meta name=\"twitter:image\" content=\"https:\/\/www.organisator.ch\/wp-content\/uploads\/2018\/05\/2018_06_Leadership_Dudas_Bild_1636477.jpg\" \/>\n<script type=\"application\/ld+json\" class=\"yoast-schema-graph\">{\"@context\":\"https:\\\/\\\/schema.org\",\"@graph\":[{\"@type\":\"Article\",\"@id\":\"https:\\\/\\\/www.organisator.ch\\\/management\\\/2018-06-14\\\/burn-bore-oder-brown-out\\\/#article\",\"isPartOf\":{\"@id\":\"https:\\\/\\\/www.organisator.ch\\\/management\\\/2018-06-14\\\/burn-bore-oder-brown-out\\\/\"},\"author\":{\"name\":\"K4-Import\",\"@id\":\"https:\\\/\\\/www.organisator.ch\\\/#\\\/schema\\\/person\\\/dd8ffea01043c9c41d7718296a158fac\"},\"headline\":\"Burn-, Bore- oder Brown-out?\",\"datePublished\":\"2018-06-14T06:21:57+00:00\",\"mainEntityOfPage\":{\"@id\":\"https:\\\/\\\/www.organisator.ch\\\/management\\\/2018-06-14\\\/burn-bore-oder-brown-out\\\/\"},\"wordCount\":424,\"commentCount\":0,\"publisher\":{\"@id\":\"https:\\\/\\\/www.organisator.ch\\\/#organization\"},\"image\":{\"@id\":\"https:\\\/\\\/www.organisator.ch\\\/management\\\/2018-06-14\\\/burn-bore-oder-brown-out\\\/#primaryimage\"},\"thumbnailUrl\":\"https:\\\/\\\/www.organisator.ch\\\/wp-content\\\/uploads\\\/2018\\\/05\\\/Dudas_Stefan_324825.jpg\",\"keywords\":[\"Buch\",\"Buchtipps\",\"Fit im Job\",\"Management und Unternehmensf\u00fchrung\"],\"articleSection\":[\"MANAGEMENT\"],\"inLanguage\":\"fr-FR\"},{\"@type\":\"WebPage\",\"@id\":\"https:\\\/\\\/www.organisator.ch\\\/management\\\/2018-06-14\\\/burn-bore-oder-brown-out\\\/\",\"url\":\"https:\\\/\\\/www.organisator.ch\\\/management\\\/2018-06-14\\\/burn-bore-oder-brown-out\\\/\",\"name\":\"Burn-, Bore- oder Brown-out? - Organisator\",\"isPartOf\":{\"@id\":\"https:\\\/\\\/www.organisator.ch\\\/#website\"},\"primaryImageOfPage\":{\"@id\":\"https:\\\/\\\/www.organisator.ch\\\/management\\\/2018-06-14\\\/burn-bore-oder-brown-out\\\/#primaryimage\"},\"image\":{\"@id\":\"https:\\\/\\\/www.organisator.ch\\\/management\\\/2018-06-14\\\/burn-bore-oder-brown-out\\\/#primaryimage\"},\"thumbnailUrl\":\"https:\\\/\\\/www.organisator.ch\\\/wp-content\\\/uploads\\\/2018\\\/05\\\/Dudas_Stefan_324825.jpg\",\"datePublished\":\"2018-06-14T06:21:57+00:00\",\"description\":\"Sind wir noch zu retten? Nur was Sinn macht, kann uns erf\u00fcllen! Ein Kommentar.\",\"breadcrumb\":{\"@id\":\"https:\\\/\\\/www.organisator.ch\\\/management\\\/2018-06-14\\\/burn-bore-oder-brown-out\\\/#breadcrumb\"},\"inLanguage\":\"fr-FR\",\"potentialAction\":[{\"@type\":\"ReadAction\",\"target\":[\"https:\\\/\\\/www.organisator.ch\\\/management\\\/2018-06-14\\\/burn-bore-oder-brown-out\\\/\"]}]},{\"@type\":\"ImageObject\",\"inLanguage\":\"fr-FR\",\"@id\":\"https:\\\/\\\/www.organisator.ch\\\/management\\\/2018-06-14\\\/burn-bore-oder-brown-out\\\/#primaryimage\",\"url\":\"https:\\\/\\\/www.organisator.ch\\\/wp-content\\\/uploads\\\/2018\\\/05\\\/Dudas_Stefan_324825.jpg\",\"contentUrl\":\"https:\\\/\\\/www.organisator.ch\\\/wp-content\\\/uploads\\\/2018\\\/05\\\/Dudas_Stefan_324825.jpg\",\"width\":543,\"height\":622,\"caption\":\"\"},{\"@type\":\"BreadcrumbList\",\"@id\":\"https:\\\/\\\/www.organisator.ch\\\/management\\\/2018-06-14\\\/burn-bore-oder-brown-out\\\/#breadcrumb\",\"itemListElement\":[{\"@type\":\"ListItem\",\"position\":1,\"name\":\"Home\",\"item\":\"https:\\\/\\\/www.organisator.ch\\\/\"},{\"@type\":\"ListItem\",\"position\":2,\"name\":\"Burn-, Bore- oder Brown-out?\"}]},{\"@type\":\"WebSite\",\"@id\":\"https:\\\/\\\/www.organisator.ch\\\/#website\",\"url\":\"https:\\\/\\\/www.organisator.ch\\\/\",\"name\":\"Organisator\",\"description\":\"Kompetent. Praxisnah. Der ORGANISATOR bereitet in 10 Ausgaben pro Jahr die wesentlichen Themen f\u00fcr F\u00fchrungskr\u00e4fte von KMU auf.\",\"publisher\":{\"@id\":\"https:\\\/\\\/www.organisator.ch\\\/#organization\"},\"potentialAction\":[{\"@type\":\"SearchAction\",\"target\":{\"@type\":\"EntryPoint\",\"urlTemplate\":\"https:\\\/\\\/www.organisator.ch\\\/?s={search_term_string}\"},\"query-input\":{\"@type\":\"PropertyValueSpecification\",\"valueRequired\":true,\"valueName\":\"search_term_string\"}}],\"inLanguage\":\"fr-FR\"},{\"@type\":\"Organization\",\"@id\":\"https:\\\/\\\/www.organisator.ch\\\/#organization\",\"name\":\"Organisator\",\"url\":\"https:\\\/\\\/www.organisator.ch\\\/\",\"logo\":{\"@type\":\"ImageObject\",\"inLanguage\":\"fr-FR\",\"@id\":\"https:\\\/\\\/www.organisator.ch\\\/#\\\/schema\\\/logo\\\/image\\\/\",\"url\":\"https:\\\/\\\/www.organisator.ch\\\/wp-content\\\/uploads\\\/2022\\\/01\\\/Logo_Organisator_Website.png\",\"contentUrl\":\"https:\\\/\\\/www.organisator.ch\\\/wp-content\\\/uploads\\\/2022\\\/01\\\/Logo_Organisator_Website.png\",\"width\":800,\"height\":77,\"caption\":\"Organisator\"},\"image\":{\"@id\":\"https:\\\/\\\/www.organisator.ch\\\/#\\\/schema\\\/logo\\\/image\\\/\"},\"sameAs\":[\"https:\\\/\\\/www.facebook.com\\\/OrganisatorFachmagazin\",\"https:\\\/\\\/www.linkedin.com\\\/showcase\\\/organisator-das-magazin-fr-kmu\",\"https:\\\/\\\/www.xing.com\\\/news\\\/pages\\\/organisator-ch-695\",\"https:\\\/\\\/www.youtube.com\\\/channel\\\/UCGP2Sq0iWaZwT3BdIAQFYpw\"]},{\"@type\":\"Person\",\"@id\":\"https:\\\/\\\/www.organisator.ch\\\/#\\\/schema\\\/person\\\/dd8ffea01043c9c41d7718296a158fac\",\"name\":\"K4-Import\",\"image\":{\"@type\":\"ImageObject\",\"inLanguage\":\"fr-FR\",\"@id\":\"https:\\\/\\\/secure.gravatar.com\\\/avatar\\\/73620ab7215a54b074cc226514e02ed65cb79211bbaee1eb49b63b57e58aaad6?s=96&d=mm&r=g\",\"url\":\"https:\\\/\\\/secure.gravatar.com\\\/avatar\\\/73620ab7215a54b074cc226514e02ed65cb79211bbaee1eb49b63b57e58aaad6?s=96&d=mm&r=g\",\"contentUrl\":\"https:\\\/\\\/secure.gravatar.com\\\/avatar\\\/73620ab7215a54b074cc226514e02ed65cb79211bbaee1eb49b63b57e58aaad6?s=96&d=mm&r=g\",\"caption\":\"K4-Import\"},\"url\":\"https:\\\/\\\/www.organisator.ch\\\/fr\\\/author\\\/k4-import\\\/\"}]}<\/script>\n<!-- \/ Yoast SEO plugin. -->","yoast_head_json":{"title":"Burn-, bore- ou brown-out ? - Organisateur","description":"Peut-on encore nous sauver ? Seul ce qui a du sens peut nous combler ! Un commentaire.","robots":{"index":"index","follow":"follow","max-snippet":"max-snippet:-1","max-image-preview":"max-image-preview:large","max-video-preview":"max-video-preview:-1"},"canonical":"https:\/\/www.organisator.ch\/fr\/gestion-2\/2018-06-14\/burn-bore-oder-brown-out\/","og_locale":"fr_FR","og_type":"article","og_title":"Burn-, Bore- oder Brown-out?","og_description":"Sind wir noch zu retten? Nur was #Sinn macht, kann uns erf\u00fcllen! Ein Kommentar.","og_url":"https:\/\/www.organisator.ch\/fr\/gestion-2\/2018-06-14\/burn-bore-oder-brown-out\/","og_site_name":"Organisator","article_publisher":"https:\/\/www.facebook.com\/OrganisatorFachmagazin","article_published_time":"2018-06-14T06:21:57+00:00","author":"K4-Import","twitter_card":"summary_large_image","twitter_title":"#Burn-, #Bore- oder #Brown-out?","twitter_description":"Sind wir noch zu retten? Nur was #Sinn macht, kann uns erf\u00fcllen! Ein Kommentar.","twitter_image":"https:\/\/www.organisator.ch\/wp-content\/uploads\/2018\/05\/2018_06_Leadership_Dudas_Bild_1636477.jpg","schema":{"@context":"https:\/\/schema.org","@graph":[{"@type":"Article","@id":"https:\/\/www.organisator.ch\/management\/2018-06-14\/burn-bore-oder-brown-out\/#article","isPartOf":{"@id":"https:\/\/www.organisator.ch\/management\/2018-06-14\/burn-bore-oder-brown-out\/"},"author":{"name":"K4-Import","@id":"https:\/\/www.organisator.ch\/#\/schema\/person\/dd8ffea01043c9c41d7718296a158fac"},"headline":"Burn-, Bore- oder Brown-out?","datePublished":"2018-06-14T06:21:57+00:00","mainEntityOfPage":{"@id":"https:\/\/www.organisator.ch\/management\/2018-06-14\/burn-bore-oder-brown-out\/"},"wordCount":424,"commentCount":0,"publisher":{"@id":"https:\/\/www.organisator.ch\/#organization"},"image":{"@id":"https:\/\/www.organisator.ch\/management\/2018-06-14\/burn-bore-oder-brown-out\/#primaryimage"},"thumbnailUrl":"https:\/\/www.organisator.ch\/wp-content\/uploads\/2018\/05\/Dudas_Stefan_324825.jpg","keywords":["Buch","Buchtipps","Fit im Job","Management und Unternehmensf\u00fchrung"],"articleSection":["MANAGEMENT"],"inLanguage":"fr-FR"},{"@type":"WebPage","@id":"https:\/\/www.organisator.ch\/management\/2018-06-14\/burn-bore-oder-brown-out\/","url":"https:\/\/www.organisator.ch\/management\/2018-06-14\/burn-bore-oder-brown-out\/","name":"Burn-, bore- ou brown-out ? - Organisateur","isPartOf":{"@id":"https:\/\/www.organisator.ch\/#website"},"primaryImageOfPage":{"@id":"https:\/\/www.organisator.ch\/management\/2018-06-14\/burn-bore-oder-brown-out\/#primaryimage"},"image":{"@id":"https:\/\/www.organisator.ch\/management\/2018-06-14\/burn-bore-oder-brown-out\/#primaryimage"},"thumbnailUrl":"https:\/\/www.organisator.ch\/wp-content\/uploads\/2018\/05\/Dudas_Stefan_324825.jpg","datePublished":"2018-06-14T06:21:57+00:00","description":"Peut-on encore nous sauver ? Seul ce qui a du sens peut nous combler ! Un commentaire.","breadcrumb":{"@id":"https:\/\/www.organisator.ch\/management\/2018-06-14\/burn-bore-oder-brown-out\/#breadcrumb"},"inLanguage":"fr-FR","potentialAction":[{"@type":"ReadAction","target":["https:\/\/www.organisator.ch\/management\/2018-06-14\/burn-bore-oder-brown-out\/"]}]},{"@type":"ImageObject","inLanguage":"fr-FR","@id":"https:\/\/www.organisator.ch\/management\/2018-06-14\/burn-bore-oder-brown-out\/#primaryimage","url":"https:\/\/www.organisator.ch\/wp-content\/uploads\/2018\/05\/Dudas_Stefan_324825.jpg","contentUrl":"https:\/\/www.organisator.ch\/wp-content\/uploads\/2018\/05\/Dudas_Stefan_324825.jpg","width":543,"height":622,"caption":""},{"@type":"BreadcrumbList","@id":"https:\/\/www.organisator.ch\/management\/2018-06-14\/burn-bore-oder-brown-out\/#breadcrumb","itemListElement":[{"@type":"ListItem","position":1,"name":"Home","item":"https:\/\/www.organisator.ch\/"},{"@type":"ListItem","position":2,"name":"Burn-, Bore- oder Brown-out?"}]},{"@type":"WebSite","@id":"https:\/\/www.organisator.ch\/#website","url":"https:\/\/www.organisator.ch\/","name":"Organisateur","description":"Comp\u00e9tence et comp\u00e9tence. Proches de la pratique. L'ORGANISATEUR pr\u00e9pare 10 num\u00e9ros par an sur les th\u00e8mes essentiels pour les dirigeants de PME.","publisher":{"@id":"https:\/\/www.organisator.ch\/#organization"},"potentialAction":[{"@type":"SearchAction","target":{"@type":"EntryPoint","urlTemplate":"https:\/\/www.organisator.ch\/?s={search_term_string}"},"query-input":{"@type":"PropertyValueSpecification","valueRequired":true,"valueName":"search_term_string"}}],"inLanguage":"fr-FR"},{"@type":"Organization","@id":"https:\/\/www.organisator.ch\/#organization","name":"Organisateur","url":"https:\/\/www.organisator.ch\/","logo":{"@type":"ImageObject","inLanguage":"fr-FR","@id":"https:\/\/www.organisator.ch\/#\/schema\/logo\/image\/","url":"https:\/\/www.organisator.ch\/wp-content\/uploads\/2022\/01\/Logo_Organisator_Website.png","contentUrl":"https:\/\/www.organisator.ch\/wp-content\/uploads\/2022\/01\/Logo_Organisator_Website.png","width":800,"height":77,"caption":"Organisator"},"image":{"@id":"https:\/\/www.organisator.ch\/#\/schema\/logo\/image\/"},"sameAs":["https:\/\/www.facebook.com\/OrganisatorFachmagazin","https:\/\/www.linkedin.com\/showcase\/organisator-das-magazin-fr-kmu","https:\/\/www.xing.com\/news\/pages\/organisator-ch-695","https:\/\/www.youtube.com\/channel\/UCGP2Sq0iWaZwT3BdIAQFYpw"]},{"@type":"Person","@id":"https:\/\/www.organisator.ch\/#\/schema\/person\/dd8ffea01043c9c41d7718296a158fac","name":"Importation K4","image":{"@type":"ImageObject","inLanguage":"fr-FR","@id":"https:\/\/secure.gravatar.com\/avatar\/73620ab7215a54b074cc226514e02ed65cb79211bbaee1eb49b63b57e58aaad6?s=96&d=mm&r=g","url":"https:\/\/secure.gravatar.com\/avatar\/73620ab7215a54b074cc226514e02ed65cb79211bbaee1eb49b63b57e58aaad6?s=96&d=mm&r=g","contentUrl":"https:\/\/secure.gravatar.com\/avatar\/73620ab7215a54b074cc226514e02ed65cb79211bbaee1eb49b63b57e58aaad6?s=96&d=mm&r=g","caption":"K4-Import"},"url":"https:\/\/www.organisator.ch\/fr\/author\/k4-import\/"}]}},"_links":{"self":[{"href":"https:\/\/www.organisator.ch\/fr\/wp-json\/wp\/v2\/posts\/3699","targetHints":{"allow":["GET"]}}],"collection":[{"href":"https:\/\/www.organisator.ch\/fr\/wp-json\/wp\/v2\/posts"}],"about":[{"href":"https:\/\/www.organisator.ch\/fr\/wp-json\/wp\/v2\/types\/post"}],"author":[{"embeddable":true,"href":"https:\/\/www.organisator.ch\/fr\/wp-json\/wp\/v2\/users\/7"}],"replies":[{"embeddable":true,"href":"https:\/\/www.organisator.ch\/fr\/wp-json\/wp\/v2\/comments?post=3699"}],"version-history":[{"count":0,"href":"https:\/\/www.organisator.ch\/fr\/wp-json\/wp\/v2\/posts\/3699\/revisions"}],"wp:featuredmedia":[{"embeddable":true,"href":"https:\/\/www.organisator.ch\/fr\/wp-json\/wp\/v2\/media\/3700"}],"wp:attachment":[{"href":"https:\/\/www.organisator.ch\/fr\/wp-json\/wp\/v2\/media?parent=3699"}],"wp:term":[{"taxonomy":"category","embeddable":true,"href":"https:\/\/www.organisator.ch\/fr\/wp-json\/wp\/v2\/categories?post=3699"},{"taxonomy":"post_tag","embeddable":true,"href":"https:\/\/www.organisator.ch\/fr\/wp-json\/wp\/v2\/tags?post=3699"}],"curies":[{"name":"wp","href":"https:\/\/api.w.org\/{rel}","templated":true}]}}