{"id":37001,"date":"2025-03-19T10:30:57","date_gmt":"2025-03-19T09:30:57","guid":{"rendered":"https:\/\/www.m-q.ch\/?p=21213"},"modified":"2025-03-19T10:35:37","modified_gmt":"2025-03-19T09:35:37","slug":"cybersecurity-test-fuer-kmu-ist-gefragt-und-bewaehrt","status":"publish","type":"post","link":"https:\/\/www.organisator.ch\/fr\/operational-excellence\/2025-03-19\/cybersecurity-test-fuer-kmu-ist-gefragt-und-bewaehrt\/","title":{"rendered":"Le test de cybers\u00e9curit\u00e9 pour les PME est demand\u00e9 et a fait ses preuves"},"content":{"rendered":"<figure id=\"attachment_21215\" class=\"wp-caption alignnone\" style=\"width: 680px;\" aria-describedby=\"caption-attachment-21215\"><img class=\"size-full wp-image-21215\" src=\"https:\/\/www.m-q.ch\/wp-content\/uploads\/2025\/03\/Cybersecurity-Test_Bild_ps.jpg\" sizes=\"(max-width: 680px) 100vw, 680px\" srcset=\"https:\/\/www.m-q.ch\/wp-content\/uploads\/2025\/03\/Cybersecurity-Test_Bild_ps.jpg 680w, https:\/\/www.m-q.ch\/wp-content\/uploads\/2025\/03\/Cybersecurity-Test_Bild_ps-18x10.jpg 18w, https:\/\/www.m-q.ch\/wp-content\/uploads\/2025\/03\/Cybersecurity-Test_Bild_ps-375x210.jpg 375w, https:\/\/www.m-q.ch\/wp-content\/uploads\/2025\/03\/Cybersecurity-Test_Bild_ps-625x350.jpg 625w\" alt=\"\" width=\"680\" height=\"381\" \/>\r\n<figcaption id=\"caption-attachment-21215\" class=\"wp-caption-text\">Suissedigital sensibilise les PME aux risques gr\u00e2ce \u00e0 un test de cybers\u00e9curit\u00e9. Les r\u00e9sultats le montrent : Il y a encore beaucoup \u00e0 faire. (Image : www.depositphotos.com)<\/figcaption>\r\n<\/figure>\r\n<p>La cybers\u00e9curit\u00e9 est un sujet de plus en plus important pour les entreprises. La num\u00e9risation, qui offre de grands avantages aux PME, en est la raison. Les mots-cl\u00e9s sont des processus plus efficaces, un marketing ax\u00e9 sur les donn\u00e9es et des solutions en nuage. Parall\u00e8lement, le risque d'\u00eatre victime de la cybercriminalit\u00e9 augmente pour les PME. Or, le sentiment de leur propre vuln\u00e9rabilit\u00e9 semble souvent faire d\u00e9faut. C'est ce que montrent les cas document\u00e9s de cybercriminalit\u00e9. \"Il ne s'agit l\u00e0 que d'une partie des cas\", explique Reto Zumoberhaus. Il est responsable de la cybers\u00e9curit\u00e9 chez Suissedigital. \"De nombreux cas ne sont pas rendus publics, car les PME concern\u00e9es ne veulent pas s'exposer\".<\/p>\r\n<h3><strong>Une base solide, des lacunes dans la gestion des risques et la r\u00e9activit\u00e9<\/strong><\/h3>\r\n<p>Afin de soutenir les entreprises dans leur lutte contre la cybercriminalit\u00e9, Suissedigital a lanc\u00e9 il y a deux ans un test de cybers\u00e9curit\u00e9 pour les PME, d\u00e9velopp\u00e9 en collaboration avec FortIT AG. L'association s'est inspir\u00e9e du cadre de cybers\u00e9curit\u00e9 \u00e9tabli par le NIST : 1. identifier ; 2. prot\u00e9ger ; 3. d\u00e9tecter ; 4. r\u00e9agir et 5. r\u00e9tablir.<\/p>\r\n<p>Sur la base des \u00e9valuations des plus de 330 tests effectu\u00e9s, il est possible de tirer les conclusions suivantes :<\/p>\r\n<ul>\r\n\t<li>Les PME font leur autocritique. Elles admettent qu'elles devraient accorder plus d'importance au th\u00e8me de la cybers\u00e9curit\u00e9.<\/li>\r\n\t<li>Les PME s'occupent en premier lieu des domaines de l'identification et de la protection. Rolf Wagner, partenaire de FortIT, d\u00e9clare \u00e0 ce sujet : \"De nombreuses PME ont cr\u00e9\u00e9 une base solide. Le besoin de protection des processus commerciaux est discut\u00e9, les strat\u00e9gies de sauvegarde et de patch sont de plus en plus professionnelles, ce qui r\u00e9duit les pertes de donn\u00e9es et autres risques\".<\/li>\r\n\t<li>Les PME ont toutefois des lacunes dans les domaines de la reconnaissance, de la r\u00e9action et du r\u00e9tablissement. Rolf Wagner : \"La gestion des risques des PME reste souvent non syst\u00e9matique. De plus, de nombreuses PME ont du mal \u00e0 d\u00e9tecter activement les vuln\u00e9rabilit\u00e9s et \u00e0 r\u00e9agir aux incidents de s\u00e9curit\u00e9\".<\/li>\r\n<\/ul>\r\n<h3><strong>\"Identifier les dangers de la cybercriminalit\u00e9\"<\/strong><\/h3>\r\n<p>\"La connaissance de soi est le premier pas vers le changement - dans ce sens, notre test apporte une contribution importante pour que les PME reconnaissent les dangers de la cybercriminalit\u00e9 et prennent les mesures n\u00e9cessaires\". C'est ainsi que Reto Zumoberhaus r\u00e9sume les exp\u00e9riences des deux derni\u00e8res ann\u00e9es. Le test est toujours disponible en allemand, en fran\u00e7ais et en anglais sur le site Internet de l'association : <a href=\"https:\/\/control.forthub.io\/surveys\/df341c07-4399-4070-a346-1cfdaf054f64\">Contr\u00f4le de la cybers\u00e9curit\u00e9<\/a><\/p>\r\n<p><em>Source : <a href=\"https:\/\/www.suissedigital.ch\/\">www.suissedigital.ch<\/a><\/em><\/p>\n<p class=\"syndicated-attribution\">Cet article est paru initialement sur m-q.ch - <a href=\"https:\/\/www.m-q.ch\/de\/cybersecurity-test-fuer-kmu-ist-gefragt-und-bewaehrt\/\" target=\"_blank\">https:\/\/www.m-q.ch\/de\/cybersecurity-test-fuer-kmu-ist-gefragt-und-bewaehrt\/<\/a><\/p>","protected":false},"excerpt":{"rendered":"<p>Il y a deux ans, l'association \u00e9conomique Suissedigital a lanc\u00e9 un test de cybers\u00e9curit\u00e9 qui sensibilise les petites et moyennes entreprises (PME) aux dangers du cyberespace tout en leur permettant de faire le point. Jusqu'\u00e0 pr\u00e9sent, le test en ligne a \u00e9t\u00e9 effectu\u00e9 plus de 330 fois. Les r\u00e9sultats montrent que la plupart des entreprises ont un retard \u00e0 rattraper.<\/p>","protected":false},"author":80,"featured_media":0,"comment_status":"closed","ping_status":"closed","sticky":false,"template":"","format":"standard","meta":{"_acf_changed":false,"_yoast_wpseo_focuskw":"Cybersecurity-Test f\u00fcr KMU","_yoast_wpseo_metadesc":"Suissedigital sensibilisiert KMU mit einem Cybersecurity-Test f\u00fcr Risiken. Die Ergebnisse zeigen: Es gibt noch viel zu tun.","articlekey":"","footnotes":""},"categories":[582],"tags":[3047,5213,301,418,461,480,492],"class_list":["post-37001","post","type-post","status-publish","format-standard","hentry","category-operational-excellence","tag-cybersecurity","tag-gefahren","tag-kmu","tag-risikomanagement","tag-suissedigital","tag-test","tag-unternehmen"],"acf":[],"yoast_head":"<!-- This site is optimized with the Yoast SEO plugin v27.4 - https:\/\/yoast.com\/product\/yoast-seo-wordpress\/ -->\n<title>Cybersecurity-Test f\u00fcr KMU ist gefragt und bew\u00e4hrt - Organisator<\/title>\n<meta name=\"description\" content=\"Suissedigital sensibilisiert KMU mit einem Cybersecurity-Test f\u00fcr Risiken. Die Ergebnisse zeigen: Es gibt noch viel zu tun.\" \/>\n<meta name=\"robots\" content=\"index, follow, max-snippet:-1, max-image-preview:large, max-video-preview:-1\" \/>\n<link rel=\"canonical\" href=\"https:\/\/www.organisator.ch\/fr\/excellence-operationnelle\/2025-03-19\/cybersecurity-test-fuer-kmu-ist-gefragt-und-bewaehrt\/\" \/>\n<meta property=\"og:locale\" content=\"fr_FR\" \/>\n<meta property=\"og:type\" content=\"article\" \/>\n<meta property=\"og:title\" content=\"Cybersecurity-Test f\u00fcr KMU ist gefragt und bew\u00e4hrt - Organisator\" \/>\n<meta property=\"og:description\" content=\"Suissedigital sensibilisiert KMU mit einem Cybersecurity-Test f\u00fcr Risiken. Die Ergebnisse zeigen: Es gibt noch viel zu tun.\" \/>\n<meta property=\"og:url\" content=\"https:\/\/www.organisator.ch\/fr\/excellence-operationnelle\/2025-03-19\/cybersecurity-test-fuer-kmu-ist-gefragt-und-bewaehrt\/\" \/>\n<meta property=\"og:site_name\" content=\"Organisator\" \/>\n<meta property=\"article:publisher\" content=\"https:\/\/www.facebook.com\/OrganisatorFachmagazin\" \/>\n<meta property=\"article:published_time\" content=\"2025-03-19T09:30:57+00:00\" \/>\n<meta property=\"article:modified_time\" content=\"2025-03-19T09:35:37+00:00\" \/>\n<meta property=\"og:image\" content=\"https:\/\/www.organisator.ch\/wp-content\/uploads\/2023\/08\/OpEx_Troxler_Bild1_organisator_56448-scaled.jpg\" \/>\n\t<meta property=\"og:image:width\" content=\"1246\" \/>\n\t<meta property=\"og:image:height\" content=\"1400\" \/>\n\t<meta property=\"og:image:type\" content=\"image\/jpeg\" \/>\n<meta name=\"author\" content=\"Dzana Muminovic\" \/>\n<meta name=\"twitter:card\" content=\"summary_large_image\" \/>\n<script type=\"application\/ld+json\" class=\"yoast-schema-graph\">{\"@context\":\"https:\\\/\\\/schema.org\",\"@graph\":[{\"@type\":\"Article\",\"@id\":\"https:\\\/\\\/www.organisator.ch\\\/operational-excellence\\\/2025-03-19\\\/cybersecurity-test-fuer-kmu-ist-gefragt-und-bewaehrt\\\/#article\",\"isPartOf\":{\"@id\":\"https:\\\/\\\/www.organisator.ch\\\/operational-excellence\\\/2025-03-19\\\/cybersecurity-test-fuer-kmu-ist-gefragt-und-bewaehrt\\\/\"},\"author\":{\"name\":\"Dzana Muminovic\",\"@id\":\"https:\\\/\\\/www.organisator.ch\\\/#\\\/schema\\\/person\\\/afccda3a71c06d4be2ed9100dd163db7\"},\"headline\":\"Cybersecurity-Test f\u00fcr KMU ist gefragt und bew\u00e4hrt\",\"datePublished\":\"2025-03-19T09:30:57+00:00\",\"dateModified\":\"2025-03-19T09:35:37+00:00\",\"mainEntityOfPage\":{\"@id\":\"https:\\\/\\\/www.organisator.ch\\\/operational-excellence\\\/2025-03-19\\\/cybersecurity-test-fuer-kmu-ist-gefragt-und-bewaehrt\\\/\"},\"wordCount\":376,\"publisher\":{\"@id\":\"https:\\\/\\\/www.organisator.ch\\\/#organization\"},\"image\":{\"@id\":\"https:\\\/\\\/www.organisator.ch\\\/operational-excellence\\\/2025-03-19\\\/cybersecurity-test-fuer-kmu-ist-gefragt-und-bewaehrt\\\/#primaryimage\"},\"thumbnailUrl\":\"https:\\\/\\\/www.m-q.ch\\\/wp-content\\\/uploads\\\/2025\\\/03\\\/Cybersecurity-Test_Bild_ps.jpg\",\"keywords\":[\"Cybersecurity\",\"Gefahren\",\"KMU\",\"Risikomanagement\",\"SUISSEDIGITAL\",\"Test\",\"Unternehmen\"],\"articleSection\":[\"OPERATIONAL EXCELLENCE\"],\"inLanguage\":\"fr-FR\"},{\"@type\":\"WebPage\",\"@id\":\"https:\\\/\\\/www.organisator.ch\\\/operational-excellence\\\/2025-03-19\\\/cybersecurity-test-fuer-kmu-ist-gefragt-und-bewaehrt\\\/\",\"url\":\"https:\\\/\\\/www.organisator.ch\\\/operational-excellence\\\/2025-03-19\\\/cybersecurity-test-fuer-kmu-ist-gefragt-und-bewaehrt\\\/\",\"name\":\"Cybersecurity-Test f\u00fcr KMU ist gefragt und bew\u00e4hrt - Organisator\",\"isPartOf\":{\"@id\":\"https:\\\/\\\/www.organisator.ch\\\/#website\"},\"primaryImageOfPage\":{\"@id\":\"https:\\\/\\\/www.organisator.ch\\\/operational-excellence\\\/2025-03-19\\\/cybersecurity-test-fuer-kmu-ist-gefragt-und-bewaehrt\\\/#primaryimage\"},\"image\":{\"@id\":\"https:\\\/\\\/www.organisator.ch\\\/operational-excellence\\\/2025-03-19\\\/cybersecurity-test-fuer-kmu-ist-gefragt-und-bewaehrt\\\/#primaryimage\"},\"thumbnailUrl\":\"https:\\\/\\\/www.m-q.ch\\\/wp-content\\\/uploads\\\/2025\\\/03\\\/Cybersecurity-Test_Bild_ps.jpg\",\"datePublished\":\"2025-03-19T09:30:57+00:00\",\"dateModified\":\"2025-03-19T09:35:37+00:00\",\"description\":\"Suissedigital sensibilisiert KMU mit einem Cybersecurity-Test f\u00fcr Risiken. Die Ergebnisse zeigen: Es gibt noch viel zu tun.\",\"breadcrumb\":{\"@id\":\"https:\\\/\\\/www.organisator.ch\\\/operational-excellence\\\/2025-03-19\\\/cybersecurity-test-fuer-kmu-ist-gefragt-und-bewaehrt\\\/#breadcrumb\"},\"inLanguage\":\"fr-FR\",\"potentialAction\":[{\"@type\":\"ReadAction\",\"target\":[\"https:\\\/\\\/www.organisator.ch\\\/operational-excellence\\\/2025-03-19\\\/cybersecurity-test-fuer-kmu-ist-gefragt-und-bewaehrt\\\/\"]}]},{\"@type\":\"ImageObject\",\"inLanguage\":\"fr-FR\",\"@id\":\"https:\\\/\\\/www.organisator.ch\\\/operational-excellence\\\/2025-03-19\\\/cybersecurity-test-fuer-kmu-ist-gefragt-und-bewaehrt\\\/#primaryimage\",\"url\":\"https:\\\/\\\/www.m-q.ch\\\/wp-content\\\/uploads\\\/2025\\\/03\\\/Cybersecurity-Test_Bild_ps.jpg\",\"contentUrl\":\"https:\\\/\\\/www.m-q.ch\\\/wp-content\\\/uploads\\\/2025\\\/03\\\/Cybersecurity-Test_Bild_ps.jpg\"},{\"@type\":\"BreadcrumbList\",\"@id\":\"https:\\\/\\\/www.organisator.ch\\\/operational-excellence\\\/2025-03-19\\\/cybersecurity-test-fuer-kmu-ist-gefragt-und-bewaehrt\\\/#breadcrumb\",\"itemListElement\":[{\"@type\":\"ListItem\",\"position\":1,\"name\":\"Home\",\"item\":\"https:\\\/\\\/www.organisator.ch\\\/\"},{\"@type\":\"ListItem\",\"position\":2,\"name\":\"Cybersecurity-Test f\u00fcr KMU ist gefragt und bew\u00e4hrt\"}]},{\"@type\":\"WebSite\",\"@id\":\"https:\\\/\\\/www.organisator.ch\\\/#website\",\"url\":\"https:\\\/\\\/www.organisator.ch\\\/\",\"name\":\"Organisator\",\"description\":\"Kompetent. Praxisnah. Der ORGANISATOR bereitet in 10 Ausgaben pro Jahr die wesentlichen Themen f\u00fcr F\u00fchrungskr\u00e4fte von KMU auf.\",\"publisher\":{\"@id\":\"https:\\\/\\\/www.organisator.ch\\\/#organization\"},\"potentialAction\":[{\"@type\":\"SearchAction\",\"target\":{\"@type\":\"EntryPoint\",\"urlTemplate\":\"https:\\\/\\\/www.organisator.ch\\\/?s={search_term_string}\"},\"query-input\":{\"@type\":\"PropertyValueSpecification\",\"valueRequired\":true,\"valueName\":\"search_term_string\"}}],\"inLanguage\":\"fr-FR\"},{\"@type\":\"Organization\",\"@id\":\"https:\\\/\\\/www.organisator.ch\\\/#organization\",\"name\":\"Organisator\",\"url\":\"https:\\\/\\\/www.organisator.ch\\\/\",\"logo\":{\"@type\":\"ImageObject\",\"inLanguage\":\"fr-FR\",\"@id\":\"https:\\\/\\\/www.organisator.ch\\\/#\\\/schema\\\/logo\\\/image\\\/\",\"url\":\"https:\\\/\\\/www.organisator.ch\\\/wp-content\\\/uploads\\\/2022\\\/01\\\/Logo_Organisator_Website.png\",\"contentUrl\":\"https:\\\/\\\/www.organisator.ch\\\/wp-content\\\/uploads\\\/2022\\\/01\\\/Logo_Organisator_Website.png\",\"width\":800,\"height\":77,\"caption\":\"Organisator\"},\"image\":{\"@id\":\"https:\\\/\\\/www.organisator.ch\\\/#\\\/schema\\\/logo\\\/image\\\/\"},\"sameAs\":[\"https:\\\/\\\/www.facebook.com\\\/OrganisatorFachmagazin\",\"https:\\\/\\\/www.linkedin.com\\\/showcase\\\/organisator-das-magazin-fr-kmu\",\"https:\\\/\\\/www.xing.com\\\/news\\\/pages\\\/organisator-ch-695\",\"https:\\\/\\\/www.youtube.com\\\/channel\\\/UCGP2Sq0iWaZwT3BdIAQFYpw\"]},{\"@type\":\"Person\",\"@id\":\"https:\\\/\\\/www.organisator.ch\\\/#\\\/schema\\\/person\\\/afccda3a71c06d4be2ed9100dd163db7\",\"name\":\"Dzana Muminovic\",\"image\":{\"@type\":\"ImageObject\",\"inLanguage\":\"fr-FR\",\"@id\":\"https:\\\/\\\/secure.gravatar.com\\\/avatar\\\/909c5c71aff4b38e88686f2ab2f1ba152571f394f41ed8bae431ea56ced93050?s=96&d=mm&r=g\",\"url\":\"https:\\\/\\\/secure.gravatar.com\\\/avatar\\\/909c5c71aff4b38e88686f2ab2f1ba152571f394f41ed8bae431ea56ced93050?s=96&d=mm&r=g\",\"contentUrl\":\"https:\\\/\\\/secure.gravatar.com\\\/avatar\\\/909c5c71aff4b38e88686f2ab2f1ba152571f394f41ed8bae431ea56ced93050?s=96&d=mm&r=g\",\"caption\":\"Dzana Muminovic\"},\"url\":\"https:\\\/\\\/www.organisator.ch\\\/fr\\\/author\\\/dzana-muminovic\\\/\"}]}<\/script>\n<!-- \/ Yoast SEO plugin. -->","yoast_head_json":{"title":"Le test de cybers\u00e9curit\u00e9 pour PME est demand\u00e9 et a fait ses preuves - Organisateur","description":"Suissedigital sensibilise les PME aux risques avec un test de cybers\u00e9curit\u00e9. Les r\u00e9sultats le montrent : Il y a encore beaucoup \u00e0 faire.","robots":{"index":"index","follow":"follow","max-snippet":"max-snippet:-1","max-image-preview":"max-image-preview:large","max-video-preview":"max-video-preview:-1"},"canonical":"https:\/\/www.organisator.ch\/fr\/excellence-operationnelle\/2025-03-19\/cybersecurity-test-fuer-kmu-ist-gefragt-und-bewaehrt\/","og_locale":"fr_FR","og_type":"article","og_title":"Cybersecurity-Test f\u00fcr KMU ist gefragt und bew\u00e4hrt - Organisator","og_description":"Suissedigital sensibilisiert KMU mit einem Cybersecurity-Test f\u00fcr Risiken. Die Ergebnisse zeigen: Es gibt noch viel zu tun.","og_url":"https:\/\/www.organisator.ch\/fr\/excellence-operationnelle\/2025-03-19\/cybersecurity-test-fuer-kmu-ist-gefragt-und-bewaehrt\/","og_site_name":"Organisator","article_publisher":"https:\/\/www.facebook.com\/OrganisatorFachmagazin","article_published_time":"2025-03-19T09:30:57+00:00","article_modified_time":"2025-03-19T09:35:37+00:00","og_image":[{"width":1246,"height":1400,"url":"https:\/\/www.organisator.ch\/wp-content\/uploads\/2023\/08\/OpEx_Troxler_Bild1_organisator_56448-scaled.jpg","type":"image\/jpeg"}],"author":"Dzana Muminovic","twitter_card":"summary_large_image","schema":{"@context":"https:\/\/schema.org","@graph":[{"@type":"Article","@id":"https:\/\/www.organisator.ch\/operational-excellence\/2025-03-19\/cybersecurity-test-fuer-kmu-ist-gefragt-und-bewaehrt\/#article","isPartOf":{"@id":"https:\/\/www.organisator.ch\/operational-excellence\/2025-03-19\/cybersecurity-test-fuer-kmu-ist-gefragt-und-bewaehrt\/"},"author":{"name":"Dzana Muminovic","@id":"https:\/\/www.organisator.ch\/#\/schema\/person\/afccda3a71c06d4be2ed9100dd163db7"},"headline":"Cybersecurity-Test f\u00fcr KMU ist gefragt und bew\u00e4hrt","datePublished":"2025-03-19T09:30:57+00:00","dateModified":"2025-03-19T09:35:37+00:00","mainEntityOfPage":{"@id":"https:\/\/www.organisator.ch\/operational-excellence\/2025-03-19\/cybersecurity-test-fuer-kmu-ist-gefragt-und-bewaehrt\/"},"wordCount":376,"publisher":{"@id":"https:\/\/www.organisator.ch\/#organization"},"image":{"@id":"https:\/\/www.organisator.ch\/operational-excellence\/2025-03-19\/cybersecurity-test-fuer-kmu-ist-gefragt-und-bewaehrt\/#primaryimage"},"thumbnailUrl":"https:\/\/www.m-q.ch\/wp-content\/uploads\/2025\/03\/Cybersecurity-Test_Bild_ps.jpg","keywords":["Cybersecurity","Gefahren","KMU","Risikomanagement","SUISSEDIGITAL","Test","Unternehmen"],"articleSection":["OPERATIONAL EXCELLENCE"],"inLanguage":"fr-FR"},{"@type":"WebPage","@id":"https:\/\/www.organisator.ch\/operational-excellence\/2025-03-19\/cybersecurity-test-fuer-kmu-ist-gefragt-und-bewaehrt\/","url":"https:\/\/www.organisator.ch\/operational-excellence\/2025-03-19\/cybersecurity-test-fuer-kmu-ist-gefragt-und-bewaehrt\/","name":"Le test de cybers\u00e9curit\u00e9 pour PME est demand\u00e9 et a fait ses preuves - Organisateur","isPartOf":{"@id":"https:\/\/www.organisator.ch\/#website"},"primaryImageOfPage":{"@id":"https:\/\/www.organisator.ch\/operational-excellence\/2025-03-19\/cybersecurity-test-fuer-kmu-ist-gefragt-und-bewaehrt\/#primaryimage"},"image":{"@id":"https:\/\/www.organisator.ch\/operational-excellence\/2025-03-19\/cybersecurity-test-fuer-kmu-ist-gefragt-und-bewaehrt\/#primaryimage"},"thumbnailUrl":"https:\/\/www.m-q.ch\/wp-content\/uploads\/2025\/03\/Cybersecurity-Test_Bild_ps.jpg","datePublished":"2025-03-19T09:30:57+00:00","dateModified":"2025-03-19T09:35:37+00:00","description":"Suissedigital sensibilise les PME aux risques avec un test de cybers\u00e9curit\u00e9. Les r\u00e9sultats le montrent : Il y a encore beaucoup \u00e0 faire.","breadcrumb":{"@id":"https:\/\/www.organisator.ch\/operational-excellence\/2025-03-19\/cybersecurity-test-fuer-kmu-ist-gefragt-und-bewaehrt\/#breadcrumb"},"inLanguage":"fr-FR","potentialAction":[{"@type":"ReadAction","target":["https:\/\/www.organisator.ch\/operational-excellence\/2025-03-19\/cybersecurity-test-fuer-kmu-ist-gefragt-und-bewaehrt\/"]}]},{"@type":"ImageObject","inLanguage":"fr-FR","@id":"https:\/\/www.organisator.ch\/operational-excellence\/2025-03-19\/cybersecurity-test-fuer-kmu-ist-gefragt-und-bewaehrt\/#primaryimage","url":"https:\/\/www.m-q.ch\/wp-content\/uploads\/2025\/03\/Cybersecurity-Test_Bild_ps.jpg","contentUrl":"https:\/\/www.m-q.ch\/wp-content\/uploads\/2025\/03\/Cybersecurity-Test_Bild_ps.jpg"},{"@type":"BreadcrumbList","@id":"https:\/\/www.organisator.ch\/operational-excellence\/2025-03-19\/cybersecurity-test-fuer-kmu-ist-gefragt-und-bewaehrt\/#breadcrumb","itemListElement":[{"@type":"ListItem","position":1,"name":"Home","item":"https:\/\/www.organisator.ch\/"},{"@type":"ListItem","position":2,"name":"Cybersecurity-Test f\u00fcr KMU ist gefragt und bew\u00e4hrt"}]},{"@type":"WebSite","@id":"https:\/\/www.organisator.ch\/#website","url":"https:\/\/www.organisator.ch\/","name":"Organisateur","description":"Comp\u00e9tence et comp\u00e9tence. Proches de la pratique. L'ORGANISATEUR pr\u00e9pare 10 num\u00e9ros par an sur les th\u00e8mes essentiels pour les dirigeants de PME.","publisher":{"@id":"https:\/\/www.organisator.ch\/#organization"},"potentialAction":[{"@type":"SearchAction","target":{"@type":"EntryPoint","urlTemplate":"https:\/\/www.organisator.ch\/?s={search_term_string}"},"query-input":{"@type":"PropertyValueSpecification","valueRequired":true,"valueName":"search_term_string"}}],"inLanguage":"fr-FR"},{"@type":"Organization","@id":"https:\/\/www.organisator.ch\/#organization","name":"Organisateur","url":"https:\/\/www.organisator.ch\/","logo":{"@type":"ImageObject","inLanguage":"fr-FR","@id":"https:\/\/www.organisator.ch\/#\/schema\/logo\/image\/","url":"https:\/\/www.organisator.ch\/wp-content\/uploads\/2022\/01\/Logo_Organisator_Website.png","contentUrl":"https:\/\/www.organisator.ch\/wp-content\/uploads\/2022\/01\/Logo_Organisator_Website.png","width":800,"height":77,"caption":"Organisator"},"image":{"@id":"https:\/\/www.organisator.ch\/#\/schema\/logo\/image\/"},"sameAs":["https:\/\/www.facebook.com\/OrganisatorFachmagazin","https:\/\/www.linkedin.com\/showcase\/organisator-das-magazin-fr-kmu","https:\/\/www.xing.com\/news\/pages\/organisator-ch-695","https:\/\/www.youtube.com\/channel\/UCGP2Sq0iWaZwT3BdIAQFYpw"]},{"@type":"Person","@id":"https:\/\/www.organisator.ch\/#\/schema\/person\/afccda3a71c06d4be2ed9100dd163db7","name":"Dzana Muminovic","image":{"@type":"ImageObject","inLanguage":"fr-FR","@id":"https:\/\/secure.gravatar.com\/avatar\/909c5c71aff4b38e88686f2ab2f1ba152571f394f41ed8bae431ea56ced93050?s=96&d=mm&r=g","url":"https:\/\/secure.gravatar.com\/avatar\/909c5c71aff4b38e88686f2ab2f1ba152571f394f41ed8bae431ea56ced93050?s=96&d=mm&r=g","contentUrl":"https:\/\/secure.gravatar.com\/avatar\/909c5c71aff4b38e88686f2ab2f1ba152571f394f41ed8bae431ea56ced93050?s=96&d=mm&r=g","caption":"Dzana Muminovic"},"url":"https:\/\/www.organisator.ch\/fr\/author\/dzana-muminovic\/"}]}},"_links":{"self":[{"href":"https:\/\/www.organisator.ch\/fr\/wp-json\/wp\/v2\/posts\/37001","targetHints":{"allow":["GET"]}}],"collection":[{"href":"https:\/\/www.organisator.ch\/fr\/wp-json\/wp\/v2\/posts"}],"about":[{"href":"https:\/\/www.organisator.ch\/fr\/wp-json\/wp\/v2\/types\/post"}],"author":[{"embeddable":true,"href":"https:\/\/www.organisator.ch\/fr\/wp-json\/wp\/v2\/users\/80"}],"replies":[{"embeddable":true,"href":"https:\/\/www.organisator.ch\/fr\/wp-json\/wp\/v2\/comments?post=37001"}],"version-history":[{"count":5,"href":"https:\/\/www.organisator.ch\/fr\/wp-json\/wp\/v2\/posts\/37001\/revisions"}],"predecessor-version":[{"id":37007,"href":"https:\/\/www.organisator.ch\/fr\/wp-json\/wp\/v2\/posts\/37001\/revisions\/37007"}],"wp:attachment":[{"href":"https:\/\/www.organisator.ch\/fr\/wp-json\/wp\/v2\/media?parent=37001"}],"wp:term":[{"taxonomy":"category","embeddable":true,"href":"https:\/\/www.organisator.ch\/fr\/wp-json\/wp\/v2\/categories?post=37001"},{"taxonomy":"post_tag","embeddable":true,"href":"https:\/\/www.organisator.ch\/fr\/wp-json\/wp\/v2\/tags?post=37001"}],"curies":[{"name":"wp","href":"https:\/\/api.w.org\/{rel}","templated":true}]}}