{"id":37018,"date":"2025-03-19T14:24:28","date_gmt":"2025-03-19T13:24:28","guid":{"rendered":"https:\/\/www.organisator.ch\/?p=37018"},"modified":"2025-03-19T12:25:14","modified_gmt":"2025-03-19T11:25:14","slug":"equipa-gewinnt-den-prix-social-beider-basel-2025","status":"publish","type":"post","link":"https:\/\/www.organisator.ch\/fr\/management\/2025-03-19\/equipa-gewinnt-den-prix-social-beider-basel-2025\/","title":{"rendered":"Equipa remporte le Prix Social des deux B\u00e2le 2025"},"content":{"rendered":"<figure id=\"attachment_37019\" aria-describedby=\"caption-attachment-37019\" style=\"width: 680px\" class=\"wp-caption alignnone\"><img loading=\"lazy\" decoding=\"async\" class=\"size-full wp-image-37019\" src=\"https:\/\/www.organisator.ch\/wp-content\/uploads\/2025\/03\/Equipa_Bild_ps.jpg\" alt=\"\" width=\"680\" height=\"485\" srcset=\"https:\/\/www.organisator.ch\/wp-content\/uploads\/2025\/03\/Equipa_Bild_ps.jpg 680w, https:\/\/www.organisator.ch\/wp-content\/uploads\/2025\/03\/Equipa_Bild_ps-18x12.jpg 18w, https:\/\/www.organisator.ch\/wp-content\/uploads\/2025\/03\/Equipa_Bild_ps-375x267.jpg 375w, https:\/\/www.organisator.ch\/wp-content\/uploads\/2025\/03\/Equipa_Bild_ps-491x350.jpg 491w\" sizes=\"auto, (max-width: 680px) 100vw, 680px\" \/><figcaption id=\"caption-attachment-37019\" class=\"wp-caption-text\">De gauche \u00e0 droite : Billy Ostertag, Nadia Bisang, Aysen Karaman, Sabin M\u00fcller, Halyna Ryha, Denise Bieniossek, Mariam Ciss\u00e9. (Image : Equipa)<\/figcaption><\/figure>\n<p>Le jury, compos\u00e9 d'Aysen Karaman (pairs), Zsolt Temesvary (sciences), Mariam Ciss\u00e9 (pratique) et Billy Ostertag (politique), a rendu hommage, par sa d\u00e9cision, au projet Equipa de Crescenda pour le travail important qu'il a accompli dans le domaine du travail social dans la r\u00e9gion.<\/p>\n<p>Le projet Equipa de Crescenda soutient les femmes issues de l'immigration \u00e0 diff\u00e9rents niveaux, en tenant compte des facteurs sociaux, \u00e9conomiques et politiques. Equipa agit comme une soci\u00e9t\u00e9 de nettoyage qui fonctionne sous la forme d'une entreprise sociale. Les femmes qui y participent ne b\u00e9n\u00e9ficient pas seulement d'un emploi s\u00fbr, mais re\u00e7oivent \u00e9galement un salaire \u00e9quitable pour leur travail. Ceci est particuli\u00e8rement important dans le secteur du nettoyage, qui se caract\u00e9rise souvent par de bas salaires et des conditions de travail d\u00e9favorables. En revanche, Equipa promeut l'\u00e9galit\u00e9 des chances et une int\u00e9gration compl\u00e8te au travail. Les femmes organisent leur temps de travail et leurs activit\u00e9s dans des groupes autog\u00e9r\u00e9s, ce qui leur permet d'\u00eatre plus autonomes et de participer aux d\u00e9cisions.<\/p>\n<h3>Soutien aux femmes issues de l'immigration<\/h3>\n<p>Le mod\u00e8le de la coop\u00e9rative de nettoyage en tant que projet d'entrepreneuriat social rec\u00e8le un potentiel d'extension consid\u00e9rable, de sorte que davantage de femmes pourront \u00eatre impliqu\u00e9es \u00e0 l'avenir sur diff\u00e9rents sites. Le projet contribue en m\u00eame temps \u00e0 promouvoir l'autonomie \u00e9conomique, la croissance personnelle et la participation sociale des femmes participantes. Un avantage important d'Equipa est que les femmes ne sont pas oblig\u00e9es de rester dans le secteur du nettoyage. Gr\u00e2ce \u00e0 des conseils personnalis\u00e9s et \u00e0 des formations continues, elles ont la possibilit\u00e9 de d\u00e9velopper des comp\u00e9tences suppl\u00e9mentaires et de se tester plus tard dans d'autres domaines de travail. Cela augmente consid\u00e9rablement le potentiel d'autod\u00e9termination et, conform\u00e9ment au principe d'empowerment du travail social, renforce les femmes non seulement sur le plan professionnel, mais aussi dans d'autres domaines de la vie. Ainsi, Equipa r\u00e9unit de mani\u00e8re exceptionnelle des \u00e9l\u00e9ments du travail social individuel et du travail communautaire et cr\u00e9e ainsi un soutien global pour les femmes ayant v\u00e9cu la migration.<\/p>\n<p>La remise des prix a eu lieu hier, mardi 18 mars 2025, au Humbug (Klybeck-Areal) \u00e0 B\u00e2le, en pr\u00e9sence de pr\u00e8s de 100 invit\u00e9s enthousiastes. Le programme a \u00e9t\u00e9 enrichi par Nadia Bisang (co-directrice d'Avenir Social, Franziska Roth-Br\u00e4m (d\u00e9put\u00e9e au Grand Conseil de B\u00e2le-Ville SP) et le Tres Vencejos Band, flamenco oriental. Enfin, la remise des prix s'est termin\u00e9e par un ap\u00e9ritif offert par \"Migranten helfen Migranten\". Le jury d'experts et l'\u00e9quipe organisatrice se sont r\u00e9jouis des nombreux projets de tr\u00e8s bonne qualit\u00e9 et tr\u00e8s diversifi\u00e9s qui ont \u00e9t\u00e9 soumis.<\/p>\n<p><em>Source : <a href=\"https:\/\/equipa.ch\/\">www.equipa.ch<\/a><\/em><\/p>","protected":false},"excerpt":{"rendered":"<p>Le 18 mars 2025, journ\u00e9e internationale du travail social, le projet Equipa - la coop\u00e9rative de nettoyage \u00e9quitable de Crescenda a \u00e9t\u00e9 r\u00e9compens\u00e9 par le Prix Social des deux B\u00e2le 2025. Depuis 2012, l'association professionnelle AvenirSocial beider Basel rend hommage tous les deux ans \u00e0 une contribution particuli\u00e8re au travail social professionnel en lui d\u00e9cernant le Prix Social. <\/p>","protected":false},"author":80,"featured_media":0,"comment_status":"closed","ping_status":"closed","sticky":false,"template":"","format":"standard","meta":{"_acf_changed":false,"_yoast_wpseo_focuskw":"Equipa Reinigungskooperative","_yoast_wpseo_metadesc":"Equipa gewinnt den Prix Social 2025. Die Reinigungskooperative st\u00e4rkt Frauen mit Migrationserfahrung durch faire Arbeit und Integration.","articlekey":"","footnotes":""},"categories":[28],"tags":[1946,5217,424,5216],"class_list":["post-37018","post","type-post","status-publish","format-standard","hentry","category-management","tag-preisverleihung","tag-prix-social","tag-schweiz","tag-social-work-day"],"acf":[],"yoast_head":"<!-- This site is optimized with the Yoast SEO plugin v27.4 - https:\/\/yoast.com\/product\/yoast-seo-wordpress\/ -->\n<title>Equipa gewinnt den Prix Social beider Basel 2025 - Organisator<\/title>\n<meta name=\"description\" content=\"Equipa gewinnt den Prix Social 2025. Die Reinigungskooperative st\u00e4rkt Frauen mit Migrationserfahrung durch faire Arbeit und Integration.\" \/>\n<meta name=\"robots\" content=\"index, follow, max-snippet:-1, max-image-preview:large, max-video-preview:-1\" \/>\n<link rel=\"canonical\" href=\"https:\/\/www.organisator.ch\/fr\/gestion-2\/2025-03-19\/equipa-gewinnt-den-prix-social-beider-basel-2025\/\" \/>\n<meta property=\"og:locale\" content=\"fr_FR\" \/>\n<meta property=\"og:type\" content=\"article\" \/>\n<meta property=\"og:title\" content=\"Equipa gewinnt den Prix Social beider Basel 2025\" \/>\n<meta property=\"og:description\" content=\"Equipa gewinnt den Prix Social 2025. Die Reinigungskooperative st\u00e4rkt Frauen mit Migrationserfahrung durch faire Arbeit und Integration.\" \/>\n<meta property=\"og:url\" content=\"https:\/\/www.organisator.ch\/fr\/gestion-2\/2025-03-19\/equipa-gewinnt-den-prix-social-beider-basel-2025\/\" \/>\n<meta property=\"og:site_name\" content=\"Organisator\" \/>\n<meta property=\"article:publisher\" content=\"https:\/\/www.facebook.com\/OrganisatorFachmagazin\" \/>\n<meta property=\"article:published_time\" content=\"2025-03-19T13:24:28+00:00\" \/>\n<meta property=\"og:image\" content=\"https:\/\/www.organisator.ch\/wp-content\/uploads\/2025\/03\/Equipa_Bild_ps.jpg\" \/>\n\t<meta property=\"og:image:width\" content=\"680\" \/>\n\t<meta property=\"og:image:height\" content=\"485\" \/>\n\t<meta property=\"og:image:type\" content=\"image\/jpeg\" \/>\n<meta name=\"author\" content=\"Dzana Muminovic\" \/>\n<meta name=\"twitter:card\" content=\"summary_large_image\" \/>\n<meta name=\"twitter:title\" content=\"Equipa gewinnt den Prix Social beider Basel 2025\" \/>\n<meta name=\"twitter:description\" content=\"#Equipa gewinnt den #Prix #Social 2025. Die #Reinigungskooperative st\u00e4rkt Frauen mit #Migrationserfahrung durch faire Arbeit und Integration.\" \/>\n<meta name=\"twitter:image\" content=\"https:\/\/www.organisator.ch\/wp-content\/uploads\/2025\/03\/Equipa_Bild_ps.jpg\" \/>\n<script type=\"application\/ld+json\" class=\"yoast-schema-graph\">{\"@context\":\"https:\\\/\\\/schema.org\",\"@graph\":[{\"@type\":\"Article\",\"@id\":\"https:\\\/\\\/www.organisator.ch\\\/management\\\/2025-03-19\\\/equipa-gewinnt-den-prix-social-beider-basel-2025\\\/#article\",\"isPartOf\":{\"@id\":\"https:\\\/\\\/www.organisator.ch\\\/management\\\/2025-03-19\\\/equipa-gewinnt-den-prix-social-beider-basel-2025\\\/\"},\"author\":{\"name\":\"Dzana Muminovic\",\"@id\":\"https:\\\/\\\/www.organisator.ch\\\/#\\\/schema\\\/person\\\/afccda3a71c06d4be2ed9100dd163db7\"},\"headline\":\"Equipa gewinnt den Prix Social beider Basel 2025\",\"datePublished\":\"2025-03-19T13:24:28+00:00\",\"mainEntityOfPage\":{\"@id\":\"https:\\\/\\\/www.organisator.ch\\\/management\\\/2025-03-19\\\/equipa-gewinnt-den-prix-social-beider-basel-2025\\\/\"},\"wordCount\":402,\"publisher\":{\"@id\":\"https:\\\/\\\/www.organisator.ch\\\/#organization\"},\"image\":{\"@id\":\"https:\\\/\\\/www.organisator.ch\\\/management\\\/2025-03-19\\\/equipa-gewinnt-den-prix-social-beider-basel-2025\\\/#primaryimage\"},\"thumbnailUrl\":\"https:\\\/\\\/www.organisator.ch\\\/wp-content\\\/uploads\\\/2025\\\/03\\\/Equipa_Bild_ps.jpg\",\"keywords\":[\"Preisverleihung\",\"Prix Social\",\"Schweiz\",\"Social Work Day\"],\"articleSection\":[\"MANAGEMENT\"],\"inLanguage\":\"fr-FR\"},{\"@type\":\"WebPage\",\"@id\":\"https:\\\/\\\/www.organisator.ch\\\/management\\\/2025-03-19\\\/equipa-gewinnt-den-prix-social-beider-basel-2025\\\/\",\"url\":\"https:\\\/\\\/www.organisator.ch\\\/management\\\/2025-03-19\\\/equipa-gewinnt-den-prix-social-beider-basel-2025\\\/\",\"name\":\"Equipa gewinnt den Prix Social beider Basel 2025 - Organisator\",\"isPartOf\":{\"@id\":\"https:\\\/\\\/www.organisator.ch\\\/#website\"},\"primaryImageOfPage\":{\"@id\":\"https:\\\/\\\/www.organisator.ch\\\/management\\\/2025-03-19\\\/equipa-gewinnt-den-prix-social-beider-basel-2025\\\/#primaryimage\"},\"image\":{\"@id\":\"https:\\\/\\\/www.organisator.ch\\\/management\\\/2025-03-19\\\/equipa-gewinnt-den-prix-social-beider-basel-2025\\\/#primaryimage\"},\"thumbnailUrl\":\"https:\\\/\\\/www.organisator.ch\\\/wp-content\\\/uploads\\\/2025\\\/03\\\/Equipa_Bild_ps.jpg\",\"datePublished\":\"2025-03-19T13:24:28+00:00\",\"description\":\"Equipa gewinnt den Prix Social 2025. Die Reinigungskooperative st\u00e4rkt Frauen mit Migrationserfahrung durch faire Arbeit und Integration.\",\"breadcrumb\":{\"@id\":\"https:\\\/\\\/www.organisator.ch\\\/management\\\/2025-03-19\\\/equipa-gewinnt-den-prix-social-beider-basel-2025\\\/#breadcrumb\"},\"inLanguage\":\"fr-FR\",\"potentialAction\":[{\"@type\":\"ReadAction\",\"target\":[\"https:\\\/\\\/www.organisator.ch\\\/management\\\/2025-03-19\\\/equipa-gewinnt-den-prix-social-beider-basel-2025\\\/\"]}]},{\"@type\":\"ImageObject\",\"inLanguage\":\"fr-FR\",\"@id\":\"https:\\\/\\\/www.organisator.ch\\\/management\\\/2025-03-19\\\/equipa-gewinnt-den-prix-social-beider-basel-2025\\\/#primaryimage\",\"url\":\"https:\\\/\\\/www.organisator.ch\\\/wp-content\\\/uploads\\\/2025\\\/03\\\/Equipa_Bild_ps.jpg\",\"contentUrl\":\"https:\\\/\\\/www.organisator.ch\\\/wp-content\\\/uploads\\\/2025\\\/03\\\/Equipa_Bild_ps.jpg\"},{\"@type\":\"BreadcrumbList\",\"@id\":\"https:\\\/\\\/www.organisator.ch\\\/management\\\/2025-03-19\\\/equipa-gewinnt-den-prix-social-beider-basel-2025\\\/#breadcrumb\",\"itemListElement\":[{\"@type\":\"ListItem\",\"position\":1,\"name\":\"Home\",\"item\":\"https:\\\/\\\/www.organisator.ch\\\/\"},{\"@type\":\"ListItem\",\"position\":2,\"name\":\"Equipa gewinnt den Prix Social beider Basel 2025\"}]},{\"@type\":\"WebSite\",\"@id\":\"https:\\\/\\\/www.organisator.ch\\\/#website\",\"url\":\"https:\\\/\\\/www.organisator.ch\\\/\",\"name\":\"Organisator\",\"description\":\"Kompetent. Praxisnah. Der ORGANISATOR bereitet in 10 Ausgaben pro Jahr die wesentlichen Themen f\u00fcr F\u00fchrungskr\u00e4fte von KMU auf.\",\"publisher\":{\"@id\":\"https:\\\/\\\/www.organisator.ch\\\/#organization\"},\"potentialAction\":[{\"@type\":\"SearchAction\",\"target\":{\"@type\":\"EntryPoint\",\"urlTemplate\":\"https:\\\/\\\/www.organisator.ch\\\/?s={search_term_string}\"},\"query-input\":{\"@type\":\"PropertyValueSpecification\",\"valueRequired\":true,\"valueName\":\"search_term_string\"}}],\"inLanguage\":\"fr-FR\"},{\"@type\":\"Organization\",\"@id\":\"https:\\\/\\\/www.organisator.ch\\\/#organization\",\"name\":\"Organisator\",\"url\":\"https:\\\/\\\/www.organisator.ch\\\/\",\"logo\":{\"@type\":\"ImageObject\",\"inLanguage\":\"fr-FR\",\"@id\":\"https:\\\/\\\/www.organisator.ch\\\/#\\\/schema\\\/logo\\\/image\\\/\",\"url\":\"https:\\\/\\\/www.organisator.ch\\\/wp-content\\\/uploads\\\/2022\\\/01\\\/Logo_Organisator_Website.png\",\"contentUrl\":\"https:\\\/\\\/www.organisator.ch\\\/wp-content\\\/uploads\\\/2022\\\/01\\\/Logo_Organisator_Website.png\",\"width\":800,\"height\":77,\"caption\":\"Organisator\"},\"image\":{\"@id\":\"https:\\\/\\\/www.organisator.ch\\\/#\\\/schema\\\/logo\\\/image\\\/\"},\"sameAs\":[\"https:\\\/\\\/www.facebook.com\\\/OrganisatorFachmagazin\",\"https:\\\/\\\/www.linkedin.com\\\/showcase\\\/organisator-das-magazin-fr-kmu\",\"https:\\\/\\\/www.xing.com\\\/news\\\/pages\\\/organisator-ch-695\",\"https:\\\/\\\/www.youtube.com\\\/channel\\\/UCGP2Sq0iWaZwT3BdIAQFYpw\"]},{\"@type\":\"Person\",\"@id\":\"https:\\\/\\\/www.organisator.ch\\\/#\\\/schema\\\/person\\\/afccda3a71c06d4be2ed9100dd163db7\",\"name\":\"Dzana Muminovic\",\"image\":{\"@type\":\"ImageObject\",\"inLanguage\":\"fr-FR\",\"@id\":\"https:\\\/\\\/secure.gravatar.com\\\/avatar\\\/909c5c71aff4b38e88686f2ab2f1ba152571f394f41ed8bae431ea56ced93050?s=96&d=mm&r=g\",\"url\":\"https:\\\/\\\/secure.gravatar.com\\\/avatar\\\/909c5c71aff4b38e88686f2ab2f1ba152571f394f41ed8bae431ea56ced93050?s=96&d=mm&r=g\",\"contentUrl\":\"https:\\\/\\\/secure.gravatar.com\\\/avatar\\\/909c5c71aff4b38e88686f2ab2f1ba152571f394f41ed8bae431ea56ced93050?s=96&d=mm&r=g\",\"caption\":\"Dzana Muminovic\"},\"url\":\"https:\\\/\\\/www.organisator.ch\\\/fr\\\/author\\\/dzana-muminovic\\\/\"}]}<\/script>\n<!-- \/ Yoast SEO plugin. -->","yoast_head_json":{"title":"Equipa remporte le Prix Social des deux B\u00e2le 2025 - Organisateur","description":"Equipa remporte le Prix Social 2025. La coop\u00e9rative de nettoyage renforce les femmes ayant une exp\u00e9rience de migration gr\u00e2ce \u00e0 un travail \u00e9quitable et \u00e0 l'int\u00e9gration.","robots":{"index":"index","follow":"follow","max-snippet":"max-snippet:-1","max-image-preview":"max-image-preview:large","max-video-preview":"max-video-preview:-1"},"canonical":"https:\/\/www.organisator.ch\/fr\/gestion-2\/2025-03-19\/equipa-gewinnt-den-prix-social-beider-basel-2025\/","og_locale":"fr_FR","og_type":"article","og_title":"Equipa gewinnt den Prix Social beider Basel 2025","og_description":"Equipa gewinnt den Prix Social 2025. Die Reinigungskooperative st\u00e4rkt Frauen mit Migrationserfahrung durch faire Arbeit und Integration.","og_url":"https:\/\/www.organisator.ch\/fr\/gestion-2\/2025-03-19\/equipa-gewinnt-den-prix-social-beider-basel-2025\/","og_site_name":"Organisator","article_publisher":"https:\/\/www.facebook.com\/OrganisatorFachmagazin","article_published_time":"2025-03-19T13:24:28+00:00","og_image":[{"width":680,"height":485,"url":"https:\/\/www.organisator.ch\/wp-content\/uploads\/2025\/03\/Equipa_Bild_ps.jpg","type":"image\/jpeg"}],"author":"Dzana Muminovic","twitter_card":"summary_large_image","twitter_title":"Equipa gewinnt den Prix Social beider Basel 2025","twitter_description":"#Equipa gewinnt den #Prix #Social 2025. Die #Reinigungskooperative st\u00e4rkt Frauen mit #Migrationserfahrung durch faire Arbeit und Integration.","twitter_image":"https:\/\/www.organisator.ch\/wp-content\/uploads\/2025\/03\/Equipa_Bild_ps.jpg","schema":{"@context":"https:\/\/schema.org","@graph":[{"@type":"Article","@id":"https:\/\/www.organisator.ch\/management\/2025-03-19\/equipa-gewinnt-den-prix-social-beider-basel-2025\/#article","isPartOf":{"@id":"https:\/\/www.organisator.ch\/management\/2025-03-19\/equipa-gewinnt-den-prix-social-beider-basel-2025\/"},"author":{"name":"Dzana Muminovic","@id":"https:\/\/www.organisator.ch\/#\/schema\/person\/afccda3a71c06d4be2ed9100dd163db7"},"headline":"Equipa gewinnt den Prix Social beider Basel 2025","datePublished":"2025-03-19T13:24:28+00:00","mainEntityOfPage":{"@id":"https:\/\/www.organisator.ch\/management\/2025-03-19\/equipa-gewinnt-den-prix-social-beider-basel-2025\/"},"wordCount":402,"publisher":{"@id":"https:\/\/www.organisator.ch\/#organization"},"image":{"@id":"https:\/\/www.organisator.ch\/management\/2025-03-19\/equipa-gewinnt-den-prix-social-beider-basel-2025\/#primaryimage"},"thumbnailUrl":"https:\/\/www.organisator.ch\/wp-content\/uploads\/2025\/03\/Equipa_Bild_ps.jpg","keywords":["Preisverleihung","Prix Social","Schweiz","Social Work Day"],"articleSection":["MANAGEMENT"],"inLanguage":"fr-FR"},{"@type":"WebPage","@id":"https:\/\/www.organisator.ch\/management\/2025-03-19\/equipa-gewinnt-den-prix-social-beider-basel-2025\/","url":"https:\/\/www.organisator.ch\/management\/2025-03-19\/equipa-gewinnt-den-prix-social-beider-basel-2025\/","name":"Equipa remporte le Prix Social des deux B\u00e2le 2025 - Organisateur","isPartOf":{"@id":"https:\/\/www.organisator.ch\/#website"},"primaryImageOfPage":{"@id":"https:\/\/www.organisator.ch\/management\/2025-03-19\/equipa-gewinnt-den-prix-social-beider-basel-2025\/#primaryimage"},"image":{"@id":"https:\/\/www.organisator.ch\/management\/2025-03-19\/equipa-gewinnt-den-prix-social-beider-basel-2025\/#primaryimage"},"thumbnailUrl":"https:\/\/www.organisator.ch\/wp-content\/uploads\/2025\/03\/Equipa_Bild_ps.jpg","datePublished":"2025-03-19T13:24:28+00:00","description":"Equipa remporte le Prix Social 2025. La coop\u00e9rative de nettoyage renforce les femmes ayant une exp\u00e9rience de migration gr\u00e2ce \u00e0 un travail \u00e9quitable et \u00e0 l'int\u00e9gration.","breadcrumb":{"@id":"https:\/\/www.organisator.ch\/management\/2025-03-19\/equipa-gewinnt-den-prix-social-beider-basel-2025\/#breadcrumb"},"inLanguage":"fr-FR","potentialAction":[{"@type":"ReadAction","target":["https:\/\/www.organisator.ch\/management\/2025-03-19\/equipa-gewinnt-den-prix-social-beider-basel-2025\/"]}]},{"@type":"ImageObject","inLanguage":"fr-FR","@id":"https:\/\/www.organisator.ch\/management\/2025-03-19\/equipa-gewinnt-den-prix-social-beider-basel-2025\/#primaryimage","url":"https:\/\/www.organisator.ch\/wp-content\/uploads\/2025\/03\/Equipa_Bild_ps.jpg","contentUrl":"https:\/\/www.organisator.ch\/wp-content\/uploads\/2025\/03\/Equipa_Bild_ps.jpg"},{"@type":"BreadcrumbList","@id":"https:\/\/www.organisator.ch\/management\/2025-03-19\/equipa-gewinnt-den-prix-social-beider-basel-2025\/#breadcrumb","itemListElement":[{"@type":"ListItem","position":1,"name":"Home","item":"https:\/\/www.organisator.ch\/"},{"@type":"ListItem","position":2,"name":"Equipa gewinnt den Prix Social beider Basel 2025"}]},{"@type":"WebSite","@id":"https:\/\/www.organisator.ch\/#website","url":"https:\/\/www.organisator.ch\/","name":"Organisateur","description":"Comp\u00e9tence et comp\u00e9tence. Proches de la pratique. L'ORGANISATEUR pr\u00e9pare 10 num\u00e9ros par an sur les th\u00e8mes essentiels pour les dirigeants de PME.","publisher":{"@id":"https:\/\/www.organisator.ch\/#organization"},"potentialAction":[{"@type":"SearchAction","target":{"@type":"EntryPoint","urlTemplate":"https:\/\/www.organisator.ch\/?s={search_term_string}"},"query-input":{"@type":"PropertyValueSpecification","valueRequired":true,"valueName":"search_term_string"}}],"inLanguage":"fr-FR"},{"@type":"Organization","@id":"https:\/\/www.organisator.ch\/#organization","name":"Organisateur","url":"https:\/\/www.organisator.ch\/","logo":{"@type":"ImageObject","inLanguage":"fr-FR","@id":"https:\/\/www.organisator.ch\/#\/schema\/logo\/image\/","url":"https:\/\/www.organisator.ch\/wp-content\/uploads\/2022\/01\/Logo_Organisator_Website.png","contentUrl":"https:\/\/www.organisator.ch\/wp-content\/uploads\/2022\/01\/Logo_Organisator_Website.png","width":800,"height":77,"caption":"Organisator"},"image":{"@id":"https:\/\/www.organisator.ch\/#\/schema\/logo\/image\/"},"sameAs":["https:\/\/www.facebook.com\/OrganisatorFachmagazin","https:\/\/www.linkedin.com\/showcase\/organisator-das-magazin-fr-kmu","https:\/\/www.xing.com\/news\/pages\/organisator-ch-695","https:\/\/www.youtube.com\/channel\/UCGP2Sq0iWaZwT3BdIAQFYpw"]},{"@type":"Person","@id":"https:\/\/www.organisator.ch\/#\/schema\/person\/afccda3a71c06d4be2ed9100dd163db7","name":"Dzana Muminovic","image":{"@type":"ImageObject","inLanguage":"fr-FR","@id":"https:\/\/secure.gravatar.com\/avatar\/909c5c71aff4b38e88686f2ab2f1ba152571f394f41ed8bae431ea56ced93050?s=96&d=mm&r=g","url":"https:\/\/secure.gravatar.com\/avatar\/909c5c71aff4b38e88686f2ab2f1ba152571f394f41ed8bae431ea56ced93050?s=96&d=mm&r=g","contentUrl":"https:\/\/secure.gravatar.com\/avatar\/909c5c71aff4b38e88686f2ab2f1ba152571f394f41ed8bae431ea56ced93050?s=96&d=mm&r=g","caption":"Dzana Muminovic"},"url":"https:\/\/www.organisator.ch\/fr\/author\/dzana-muminovic\/"}]}},"_links":{"self":[{"href":"https:\/\/www.organisator.ch\/fr\/wp-json\/wp\/v2\/posts\/37018","targetHints":{"allow":["GET"]}}],"collection":[{"href":"https:\/\/www.organisator.ch\/fr\/wp-json\/wp\/v2\/posts"}],"about":[{"href":"https:\/\/www.organisator.ch\/fr\/wp-json\/wp\/v2\/types\/post"}],"author":[{"embeddable":true,"href":"https:\/\/www.organisator.ch\/fr\/wp-json\/wp\/v2\/users\/80"}],"replies":[{"embeddable":true,"href":"https:\/\/www.organisator.ch\/fr\/wp-json\/wp\/v2\/comments?post=37018"}],"version-history":[{"count":3,"href":"https:\/\/www.organisator.ch\/fr\/wp-json\/wp\/v2\/posts\/37018\/revisions"}],"predecessor-version":[{"id":37111,"href":"https:\/\/www.organisator.ch\/fr\/wp-json\/wp\/v2\/posts\/37018\/revisions\/37111"}],"wp:attachment":[{"href":"https:\/\/www.organisator.ch\/fr\/wp-json\/wp\/v2\/media?parent=37018"}],"wp:term":[{"taxonomy":"category","embeddable":true,"href":"https:\/\/www.organisator.ch\/fr\/wp-json\/wp\/v2\/categories?post=37018"},{"taxonomy":"post_tag","embeddable":true,"href":"https:\/\/www.organisator.ch\/fr\/wp-json\/wp\/v2\/tags?post=37018"}],"curies":[{"name":"wp","href":"https:\/\/api.w.org\/{rel}","templated":true}]}}