{"id":37044,"date":"2025-03-20T09:45:50","date_gmt":"2025-03-20T08:45:50","guid":{"rendered":"https:\/\/www.m-q.ch\/?p=21222"},"modified":"2025-03-20T09:51:17","modified_gmt":"2025-03-20T08:51:17","slug":"nach-10-jahren-swiss-igf-verein-swiss-internet-digital-governance-gegruendet","status":"publish","type":"post","link":"https:\/\/www.organisator.ch\/fr\/operational-excellence\/2025-03-20\/nach-10-jahren-swiss-igf-verein-swiss-internet-digital-governance-gegruendet\/","title":{"rendered":"Apr\u00e8s 10 ans de Swiss IGF : l'association \"Swiss Internet &amp; Digital Governance\" est fond\u00e9e"},"content":{"rendered":"<figure id=\"attachment_21223\" class=\"wp-caption alignnone\" style=\"width: 680px;\" aria-describedby=\"caption-attachment-21223\"><img class=\"size-full wp-image-21223\" src=\"https:\/\/www.m-q.ch\/wp-content\/uploads\/2025\/03\/SIDG_Bild_ps.jpg\" sizes=\"(max-width: 680px) 100vw, 680px\" srcset=\"https:\/\/www.m-q.ch\/wp-content\/uploads\/2025\/03\/SIDG_Bild_ps.jpg 680w, https:\/\/www.m-q.ch\/wp-content\/uploads\/2025\/03\/SIDG_Bild_ps-18x10.jpg 18w, https:\/\/www.m-q.ch\/wp-content\/uploads\/2025\/03\/SIDG_Bild_ps-375x200.jpg 375w, https:\/\/www.m-q.ch\/wp-content\/uploads\/2025\/03\/SIDG_Bild_ps-657x350.jpg 657w\" alt=\"\" width=\"680\" height=\"362\" \/>\r\n<figcaption id=\"caption-attachment-21223\" class=\"wp-caption-text\">Le Swiss IGF devient l'association \"Swiss Internet &amp; Digital Governance\" - pour un avenir durable du dialogue num\u00e9rique en Suisse. (Image : www.depositphotos.com)<\/figcaption>\r\n<\/figure>\r\n<p>Le Swiss IGF est la branche nationale du Forum sur la gouvernance de l'Internet des Nations unies (UN IGF). Il a \u00e9t\u00e9 cr\u00e9\u00e9 en 2005 lors du Sommet mondial de la soci\u00e9t\u00e9 de l'information de l'ONU. Depuis 2015, le Swiss IGF offre, sous l'\u00e9gide de l'Office f\u00e9d\u00e9ral de la communication (OFCOM), une plateforme centrale pour le dialogue multipartite sur les th\u00e8mes de la politique Internet et num\u00e9rique en Suisse et jouit d'un nombre de participants en constante augmentation.<\/p>\r\n<p>Le Swiss IGF se caract\u00e9rise par son approche inclusive \"bottom-up\". Des repr\u00e9sentants de la politique, de l'\u00e9conomie, de la science et de la soci\u00e9t\u00e9 civile discutent d'\u00e9gal \u00e0 \u00e9gal des chances et des d\u00e9fis de la num\u00e9risation en Suisse. Toute personne ou institution int\u00e9ress\u00e9e peut participer au Swiss IGF. L'ordre du jour est d\u00e9termin\u00e9 par un \"Call for Issues\". Celui-ci permet \u00e0 tous les groupes d'int\u00e9r\u00eat de proposer des th\u00e8mes - de la cybers\u00e9curit\u00e9 \u00e0 l'intelligence artificielle en passant par la neutralit\u00e9 du r\u00e9seau et la r\u00e9glementation des plateformes. En tant qu'initiative nationale, le forum se d\u00e9roulera principalement en plusieurs langues : allemand, fran\u00e7ais et anglais.<\/p>\r\n<h3>Ind\u00e9pendance financi\u00e8re et structurelle<\/h3>\r\n<p>La cr\u00e9ation de l'association permet d\u00e9sormais de soutenir plus largement le Swiss IGF au sein de la communaut\u00e9 nationale et facilite un cofinancement \u00e0 long terme par des tiers. La Fondation Mercator Suisse pose la premi\u00e8re pierre de ce projet en accordant un g\u00e9n\u00e9reux soutien financier sur trois ans. Celle-ci a pour objectif la mise en place d'une structure soutenue par la communaut\u00e9. \"L'objectif de ce soutien est de garantir \u00e0 long terme l'ind\u00e9pendance financi\u00e8re et structurelle du Swiss IGF. C'est essentiel pour la cr\u00e9dibilit\u00e9 de la conf\u00e9rence en tant que plateforme neutre pour le dialogue intersectoriel en mati\u00e8re de politique num\u00e9rique\", estime Riccardo Ramacci. Il est gestionnaire de portefeuille pour la num\u00e9risation et la d\u00e9mocratie chez Mercator.<\/p>\r\n<p>\"Apr\u00e8s dix ans de travail de d\u00e9veloppement informel r\u00e9ussi, le moment \u00e9tait venu de franchir cette \u00e9tape\", explique Thomas Schneider, vice-directeur de l'OFCOM et co-initiateur de Swiss IGF il y a 10 ans. \"La nouvelle association poursuivra les principes de base \u00e9prouv\u00e9s du dialogue ouvert et de la participation inclusive de tous les groupes d'int\u00e9r\u00eat. L'OFCOM continue de soutenir l'organisation de la conf\u00e9rence et se r\u00e9jouit que le nouveau set-up permette d'impliquer encore mieux la communaut\u00e9 ainsi que d'autres projets en plus de la conf\u00e9rence annuelle\". L'OFCOM continue d'assumer le patronage du Swiss IGF et de contribuer \u00e0 son financement.<\/p>\r\n<h3>La nouvelle structure renforce Swiss IGF \u00e0 long terme<\/h3>\r\n<p>D'un point de vue ex\u00e9cutif, la cr\u00e9ation de l'association marque la fin du travail de mise en place r\u00e9ussi du co-secr\u00e9tariat avec Jacques Beglinger et Livia Walpen, qui ont port\u00e9 avec beaucoup de circonspection le Swiss IGF \u00e0 son importance actuelle. Nicolas Zahn, membre de longue date de l'\u00e9quipe centrale du Swiss IGF, reprend la direction de la nouvelle structure. \"C'est un grand plaisir pour moi d'assumer cette t\u00e2che. Le Swiss IGF a connu une croissance continue au cours des derni\u00e8res ann\u00e9es et la compr\u00e9hension de l'importance d'une plateforme aussi unique pour un \u00e9change constructif en mati\u00e8re de politique num\u00e9rique ne cesse de cro\u00eetre. La nouvelle structure nous permettra de cro\u00eetre durablement et d'approfondir encore cet \u00e9change en impliquant toutes les parties prenantes. L'objectif pour 2025 est clairement d'\u00e9tablir cette nouvelle structure et de d\u00e9velopper activement notre base de membres, notamment pour \u00e9largir le comit\u00e9 directeur lors de la prochaine assembl\u00e9e g\u00e9n\u00e9rale et lui donner une plus large assise. Un autre objectif important sera l'\u00e9laboration d'un mod\u00e8le de financement durable. Le Swiss IGF a prouv\u00e9 au fil des ans qu'il cr\u00e9e de la valeur pour la communaut\u00e9 de la gouvernance num\u00e9rique, c'est pourquoi je suis confiant que nous trouverons un mod\u00e8le solide dans ce domaine\".<\/p>\r\n<p>Dans sa nouvelle structure, l'association organisera comme auparavant la conf\u00e9rence du Swiss Internet Governance Forum. Elle aura lieu cette ann\u00e9e en octobre. Apr\u00e8s sa cr\u00e9ation et une premi\u00e8re assembl\u00e9e g\u00e9n\u00e9rale, l'association invite les acteurs int\u00e9ress\u00e9s de la communaut\u00e9 de la gouvernance num\u00e9rique \u00e0 se joindre \u00e0 elle. La prochaine assembl\u00e9e g\u00e9n\u00e9rale aura lieu d\u00e9but octobre 2025 dans le cadre de la conf\u00e9rence Swiss IGF et sera l'occasion d'une large participation des diff\u00e9rentes parties prenantes.<\/p>\r\n<p><em><a href=\"https:\/\/igf.swiss\/\">Plus d'informations<\/a><\/em><\/p>\n<p class=\"syndicated-attribution\">Cet article est paru initialement sur m-q.ch - <a href=\"https:\/\/www.m-q.ch\/de\/nach-10-jahren-swiss-igf-verein-swiss-internet-digital-governance-gegruendet\/\" target=\"_blank\">https:\/\/www.m-q.ch\/de\/nach-10-jahren-swiss-igf-verein-swiss-internet-digital-governance-gegruendet\/<\/a><\/p>","protected":false},"excerpt":{"rendered":"<p>La communaut\u00e9 suisse de la gouvernance de l'internet franchit une \u00e9tape importante : avec la cr\u00e9ation de l'association \"Swiss Internet &amp; Digital Governance\", la plateforme de dialogue Swiss Internet Governance Forum (Swiss IGF), qui conna\u00eet un grand succ\u00e8s, est transf\u00e9r\u00e9e dans une nouvelle structure. Le patronage de l'OFCOM sur le Swiss IGF sera maintenu.<\/p>","protected":false},"author":80,"featured_media":0,"comment_status":"closed","ping_status":"closed","sticky":false,"template":"","format":"standard","meta":{"_acf_changed":false,"_yoast_wpseo_focuskw":"Swiss Internet & Digital Governance","_yoast_wpseo_metadesc":"Das Swiss IGF wird zum Verein \u00abSwiss Internet & Digital Governance\u00bb \u2013 f\u00fcr eine nachhaltige Zukunft des digitalen Dialogs in der Schweiz.","articlekey":"","footnotes":""},"categories":[582],"tags":[4546,103,1310,5218,281,424],"class_list":["post-37044","post","type-post","status-publish","format-standard","hentry","category-operational-excellence","tag-bakom","tag-business-excellence","tag-governance","tag-igf","tag-internet","tag-schweiz"],"acf":[],"yoast_head":"<!-- This site is optimized with the Yoast SEO plugin v27.4 - https:\/\/yoast.com\/product\/yoast-seo-wordpress\/ -->\n<title>Nach 10 Jahren Swiss IGF: Verein \u00abSwiss Internet &amp; Digital Governance\u00bb gegr\u00fcndet - Organisator<\/title>\n<meta name=\"description\" content=\"Das Swiss IGF wird zum Verein \u00abSwiss Internet &amp; Digital Governance\u00bb \u2013 f\u00fcr eine nachhaltige Zukunft des digitalen Dialogs in der Schweiz.\" \/>\n<meta name=\"robots\" content=\"index, follow, max-snippet:-1, max-image-preview:large, max-video-preview:-1\" \/>\n<link rel=\"canonical\" href=\"https:\/\/www.organisator.ch\/fr\/excellence-operationnelle\/2025-03-20\/nach-10-jahren-swiss-igf-verein-swiss-internet-digital-governance-gegruendet\/\" \/>\n<meta property=\"og:locale\" content=\"fr_FR\" \/>\n<meta property=\"og:type\" content=\"article\" \/>\n<meta property=\"og:title\" content=\"Nach 10 Jahren Swiss IGF: Verein \u00abSwiss Internet &amp; Digital Governance\u00bb gegr\u00fcndet - Organisator\" \/>\n<meta property=\"og:description\" content=\"Das Swiss IGF wird zum Verein \u00abSwiss Internet &amp; Digital Governance\u00bb \u2013 f\u00fcr eine nachhaltige Zukunft des digitalen Dialogs in der Schweiz.\" \/>\n<meta property=\"og:url\" content=\"https:\/\/www.organisator.ch\/fr\/excellence-operationnelle\/2025-03-20\/nach-10-jahren-swiss-igf-verein-swiss-internet-digital-governance-gegruendet\/\" \/>\n<meta property=\"og:site_name\" content=\"Organisator\" \/>\n<meta property=\"article:publisher\" content=\"https:\/\/www.facebook.com\/OrganisatorFachmagazin\" \/>\n<meta property=\"article:published_time\" content=\"2025-03-20T08:45:50+00:00\" \/>\n<meta property=\"article:modified_time\" content=\"2025-03-20T08:51:17+00:00\" \/>\n<meta property=\"og:image\" content=\"https:\/\/www.organisator.ch\/wp-content\/uploads\/2023\/08\/Sustainability_Wasserstoff_Bild2_organisator_57227.jpg\" \/>\n\t<meta property=\"og:image:width\" content=\"666\" \/>\n\t<meta property=\"og:image:height\" content=\"480\" \/>\n\t<meta property=\"og:image:type\" content=\"image\/jpeg\" \/>\n<meta name=\"author\" content=\"Dzana Muminovic\" \/>\n<meta name=\"twitter:card\" content=\"summary_large_image\" \/>\n<script type=\"application\/ld+json\" class=\"yoast-schema-graph\">{\"@context\":\"https:\\\/\\\/schema.org\",\"@graph\":[{\"@type\":\"Article\",\"@id\":\"https:\\\/\\\/www.organisator.ch\\\/operational-excellence\\\/2025-03-20\\\/nach-10-jahren-swiss-igf-verein-swiss-internet-digital-governance-gegruendet\\\/#article\",\"isPartOf\":{\"@id\":\"https:\\\/\\\/www.organisator.ch\\\/operational-excellence\\\/2025-03-20\\\/nach-10-jahren-swiss-igf-verein-swiss-internet-digital-governance-gegruendet\\\/\"},\"author\":{\"name\":\"Dzana Muminovic\",\"@id\":\"https:\\\/\\\/www.organisator.ch\\\/#\\\/schema\\\/person\\\/afccda3a71c06d4be2ed9100dd163db7\"},\"headline\":\"Nach 10 Jahren Swiss IGF: Verein \u00abSwiss Internet &amp; Digital Governance\u00bb gegr\u00fcndet\",\"datePublished\":\"2025-03-20T08:45:50+00:00\",\"dateModified\":\"2025-03-20T08:51:17+00:00\",\"mainEntityOfPage\":{\"@id\":\"https:\\\/\\\/www.organisator.ch\\\/operational-excellence\\\/2025-03-20\\\/nach-10-jahren-swiss-igf-verein-swiss-internet-digital-governance-gegruendet\\\/\"},\"wordCount\":644,\"publisher\":{\"@id\":\"https:\\\/\\\/www.organisator.ch\\\/#organization\"},\"image\":{\"@id\":\"https:\\\/\\\/www.organisator.ch\\\/operational-excellence\\\/2025-03-20\\\/nach-10-jahren-swiss-igf-verein-swiss-internet-digital-governance-gegruendet\\\/#primaryimage\"},\"thumbnailUrl\":\"https:\\\/\\\/www.m-q.ch\\\/wp-content\\\/uploads\\\/2025\\\/03\\\/SIDG_Bild_ps.jpg\",\"keywords\":[\"Bakom\",\"Business Excellence\",\"Governance\",\"IGF\",\"Internet\",\"Schweiz\"],\"articleSection\":[\"OPERATIONAL EXCELLENCE\"],\"inLanguage\":\"fr-FR\"},{\"@type\":\"WebPage\",\"@id\":\"https:\\\/\\\/www.organisator.ch\\\/operational-excellence\\\/2025-03-20\\\/nach-10-jahren-swiss-igf-verein-swiss-internet-digital-governance-gegruendet\\\/\",\"url\":\"https:\\\/\\\/www.organisator.ch\\\/operational-excellence\\\/2025-03-20\\\/nach-10-jahren-swiss-igf-verein-swiss-internet-digital-governance-gegruendet\\\/\",\"name\":\"Nach 10 Jahren Swiss IGF: Verein \u00abSwiss Internet &amp; Digital Governance\u00bb gegr\u00fcndet - Organisator\",\"isPartOf\":{\"@id\":\"https:\\\/\\\/www.organisator.ch\\\/#website\"},\"primaryImageOfPage\":{\"@id\":\"https:\\\/\\\/www.organisator.ch\\\/operational-excellence\\\/2025-03-20\\\/nach-10-jahren-swiss-igf-verein-swiss-internet-digital-governance-gegruendet\\\/#primaryimage\"},\"image\":{\"@id\":\"https:\\\/\\\/www.organisator.ch\\\/operational-excellence\\\/2025-03-20\\\/nach-10-jahren-swiss-igf-verein-swiss-internet-digital-governance-gegruendet\\\/#primaryimage\"},\"thumbnailUrl\":\"https:\\\/\\\/www.m-q.ch\\\/wp-content\\\/uploads\\\/2025\\\/03\\\/SIDG_Bild_ps.jpg\",\"datePublished\":\"2025-03-20T08:45:50+00:00\",\"dateModified\":\"2025-03-20T08:51:17+00:00\",\"description\":\"Das Swiss IGF wird zum Verein \u00abSwiss Internet & Digital Governance\u00bb \u2013 f\u00fcr eine nachhaltige Zukunft des digitalen Dialogs in der Schweiz.\",\"breadcrumb\":{\"@id\":\"https:\\\/\\\/www.organisator.ch\\\/operational-excellence\\\/2025-03-20\\\/nach-10-jahren-swiss-igf-verein-swiss-internet-digital-governance-gegruendet\\\/#breadcrumb\"},\"inLanguage\":\"fr-FR\",\"potentialAction\":[{\"@type\":\"ReadAction\",\"target\":[\"https:\\\/\\\/www.organisator.ch\\\/operational-excellence\\\/2025-03-20\\\/nach-10-jahren-swiss-igf-verein-swiss-internet-digital-governance-gegruendet\\\/\"]}]},{\"@type\":\"ImageObject\",\"inLanguage\":\"fr-FR\",\"@id\":\"https:\\\/\\\/www.organisator.ch\\\/operational-excellence\\\/2025-03-20\\\/nach-10-jahren-swiss-igf-verein-swiss-internet-digital-governance-gegruendet\\\/#primaryimage\",\"url\":\"https:\\\/\\\/www.m-q.ch\\\/wp-content\\\/uploads\\\/2025\\\/03\\\/SIDG_Bild_ps.jpg\",\"contentUrl\":\"https:\\\/\\\/www.m-q.ch\\\/wp-content\\\/uploads\\\/2025\\\/03\\\/SIDG_Bild_ps.jpg\"},{\"@type\":\"BreadcrumbList\",\"@id\":\"https:\\\/\\\/www.organisator.ch\\\/operational-excellence\\\/2025-03-20\\\/nach-10-jahren-swiss-igf-verein-swiss-internet-digital-governance-gegruendet\\\/#breadcrumb\",\"itemListElement\":[{\"@type\":\"ListItem\",\"position\":1,\"name\":\"Home\",\"item\":\"https:\\\/\\\/www.organisator.ch\\\/\"},{\"@type\":\"ListItem\",\"position\":2,\"name\":\"Nach 10 Jahren Swiss IGF: Verein \u00abSwiss Internet &amp; Digital Governance\u00bb gegr\u00fcndet\"}]},{\"@type\":\"WebSite\",\"@id\":\"https:\\\/\\\/www.organisator.ch\\\/#website\",\"url\":\"https:\\\/\\\/www.organisator.ch\\\/\",\"name\":\"Organisator\",\"description\":\"Kompetent. Praxisnah. Der ORGANISATOR bereitet in 10 Ausgaben pro Jahr die wesentlichen Themen f\u00fcr F\u00fchrungskr\u00e4fte von KMU auf.\",\"publisher\":{\"@id\":\"https:\\\/\\\/www.organisator.ch\\\/#organization\"},\"potentialAction\":[{\"@type\":\"SearchAction\",\"target\":{\"@type\":\"EntryPoint\",\"urlTemplate\":\"https:\\\/\\\/www.organisator.ch\\\/?s={search_term_string}\"},\"query-input\":{\"@type\":\"PropertyValueSpecification\",\"valueRequired\":true,\"valueName\":\"search_term_string\"}}],\"inLanguage\":\"fr-FR\"},{\"@type\":\"Organization\",\"@id\":\"https:\\\/\\\/www.organisator.ch\\\/#organization\",\"name\":\"Organisator\",\"url\":\"https:\\\/\\\/www.organisator.ch\\\/\",\"logo\":{\"@type\":\"ImageObject\",\"inLanguage\":\"fr-FR\",\"@id\":\"https:\\\/\\\/www.organisator.ch\\\/#\\\/schema\\\/logo\\\/image\\\/\",\"url\":\"https:\\\/\\\/www.organisator.ch\\\/wp-content\\\/uploads\\\/2022\\\/01\\\/Logo_Organisator_Website.png\",\"contentUrl\":\"https:\\\/\\\/www.organisator.ch\\\/wp-content\\\/uploads\\\/2022\\\/01\\\/Logo_Organisator_Website.png\",\"width\":800,\"height\":77,\"caption\":\"Organisator\"},\"image\":{\"@id\":\"https:\\\/\\\/www.organisator.ch\\\/#\\\/schema\\\/logo\\\/image\\\/\"},\"sameAs\":[\"https:\\\/\\\/www.facebook.com\\\/OrganisatorFachmagazin\",\"https:\\\/\\\/www.linkedin.com\\\/showcase\\\/organisator-das-magazin-fr-kmu\",\"https:\\\/\\\/www.xing.com\\\/news\\\/pages\\\/organisator-ch-695\",\"https:\\\/\\\/www.youtube.com\\\/channel\\\/UCGP2Sq0iWaZwT3BdIAQFYpw\"]},{\"@type\":\"Person\",\"@id\":\"https:\\\/\\\/www.organisator.ch\\\/#\\\/schema\\\/person\\\/afccda3a71c06d4be2ed9100dd163db7\",\"name\":\"Dzana Muminovic\",\"image\":{\"@type\":\"ImageObject\",\"inLanguage\":\"fr-FR\",\"@id\":\"https:\\\/\\\/secure.gravatar.com\\\/avatar\\\/909c5c71aff4b38e88686f2ab2f1ba152571f394f41ed8bae431ea56ced93050?s=96&d=mm&r=g\",\"url\":\"https:\\\/\\\/secure.gravatar.com\\\/avatar\\\/909c5c71aff4b38e88686f2ab2f1ba152571f394f41ed8bae431ea56ced93050?s=96&d=mm&r=g\",\"contentUrl\":\"https:\\\/\\\/secure.gravatar.com\\\/avatar\\\/909c5c71aff4b38e88686f2ab2f1ba152571f394f41ed8bae431ea56ced93050?s=96&d=mm&r=g\",\"caption\":\"Dzana Muminovic\"},\"url\":\"https:\\\/\\\/www.organisator.ch\\\/fr\\\/author\\\/dzana-muminovic\\\/\"}]}<\/script>\n<!-- \/ Yoast SEO plugin. -->","yoast_head_json":{"title":"Apr\u00e8s 10 ans de Swiss IGF : cr\u00e9ation de l'association \"Swiss Internet &amp; Digital Governance\" - Organisateur","description":"Le Swiss IGF devient l'association \"Swiss Internet &amp; Digital Governance\" - pour un avenir durable du dialogue num\u00e9rique en Suisse.","robots":{"index":"index","follow":"follow","max-snippet":"max-snippet:-1","max-image-preview":"max-image-preview:large","max-video-preview":"max-video-preview:-1"},"canonical":"https:\/\/www.organisator.ch\/fr\/excellence-operationnelle\/2025-03-20\/nach-10-jahren-swiss-igf-verein-swiss-internet-digital-governance-gegruendet\/","og_locale":"fr_FR","og_type":"article","og_title":"Nach 10 Jahren Swiss IGF: Verein \u00abSwiss Internet &amp; Digital Governance\u00bb gegr\u00fcndet - Organisator","og_description":"Das Swiss IGF wird zum Verein \u00abSwiss Internet & Digital Governance\u00bb \u2013 f\u00fcr eine nachhaltige Zukunft des digitalen Dialogs in der Schweiz.","og_url":"https:\/\/www.organisator.ch\/fr\/excellence-operationnelle\/2025-03-20\/nach-10-jahren-swiss-igf-verein-swiss-internet-digital-governance-gegruendet\/","og_site_name":"Organisator","article_publisher":"https:\/\/www.facebook.com\/OrganisatorFachmagazin","article_published_time":"2025-03-20T08:45:50+00:00","article_modified_time":"2025-03-20T08:51:17+00:00","og_image":[{"width":666,"height":480,"url":"https:\/\/www.organisator.ch\/wp-content\/uploads\/2023\/08\/Sustainability_Wasserstoff_Bild2_organisator_57227.jpg","type":"image\/jpeg"}],"author":"Dzana Muminovic","twitter_card":"summary_large_image","schema":{"@context":"https:\/\/schema.org","@graph":[{"@type":"Article","@id":"https:\/\/www.organisator.ch\/operational-excellence\/2025-03-20\/nach-10-jahren-swiss-igf-verein-swiss-internet-digital-governance-gegruendet\/#article","isPartOf":{"@id":"https:\/\/www.organisator.ch\/operational-excellence\/2025-03-20\/nach-10-jahren-swiss-igf-verein-swiss-internet-digital-governance-gegruendet\/"},"author":{"name":"Dzana Muminovic","@id":"https:\/\/www.organisator.ch\/#\/schema\/person\/afccda3a71c06d4be2ed9100dd163db7"},"headline":"Nach 10 Jahren Swiss IGF: Verein \u00abSwiss Internet &amp; Digital Governance\u00bb gegr\u00fcndet","datePublished":"2025-03-20T08:45:50+00:00","dateModified":"2025-03-20T08:51:17+00:00","mainEntityOfPage":{"@id":"https:\/\/www.organisator.ch\/operational-excellence\/2025-03-20\/nach-10-jahren-swiss-igf-verein-swiss-internet-digital-governance-gegruendet\/"},"wordCount":644,"publisher":{"@id":"https:\/\/www.organisator.ch\/#organization"},"image":{"@id":"https:\/\/www.organisator.ch\/operational-excellence\/2025-03-20\/nach-10-jahren-swiss-igf-verein-swiss-internet-digital-governance-gegruendet\/#primaryimage"},"thumbnailUrl":"https:\/\/www.m-q.ch\/wp-content\/uploads\/2025\/03\/SIDG_Bild_ps.jpg","keywords":["Bakom","Business Excellence","Governance","IGF","Internet","Schweiz"],"articleSection":["OPERATIONAL EXCELLENCE"],"inLanguage":"fr-FR"},{"@type":"WebPage","@id":"https:\/\/www.organisator.ch\/operational-excellence\/2025-03-20\/nach-10-jahren-swiss-igf-verein-swiss-internet-digital-governance-gegruendet\/","url":"https:\/\/www.organisator.ch\/operational-excellence\/2025-03-20\/nach-10-jahren-swiss-igf-verein-swiss-internet-digital-governance-gegruendet\/","name":"Apr\u00e8s 10 ans de Swiss IGF : cr\u00e9ation de l'association \"Swiss Internet &amp; Digital Governance\" - Organisateur","isPartOf":{"@id":"https:\/\/www.organisator.ch\/#website"},"primaryImageOfPage":{"@id":"https:\/\/www.organisator.ch\/operational-excellence\/2025-03-20\/nach-10-jahren-swiss-igf-verein-swiss-internet-digital-governance-gegruendet\/#primaryimage"},"image":{"@id":"https:\/\/www.organisator.ch\/operational-excellence\/2025-03-20\/nach-10-jahren-swiss-igf-verein-swiss-internet-digital-governance-gegruendet\/#primaryimage"},"thumbnailUrl":"https:\/\/www.m-q.ch\/wp-content\/uploads\/2025\/03\/SIDG_Bild_ps.jpg","datePublished":"2025-03-20T08:45:50+00:00","dateModified":"2025-03-20T08:51:17+00:00","description":"Le Swiss IGF devient l'association \"Swiss Internet &amp; Digital Governance\" - pour un avenir durable du dialogue num\u00e9rique en Suisse.","breadcrumb":{"@id":"https:\/\/www.organisator.ch\/operational-excellence\/2025-03-20\/nach-10-jahren-swiss-igf-verein-swiss-internet-digital-governance-gegruendet\/#breadcrumb"},"inLanguage":"fr-FR","potentialAction":[{"@type":"ReadAction","target":["https:\/\/www.organisator.ch\/operational-excellence\/2025-03-20\/nach-10-jahren-swiss-igf-verein-swiss-internet-digital-governance-gegruendet\/"]}]},{"@type":"ImageObject","inLanguage":"fr-FR","@id":"https:\/\/www.organisator.ch\/operational-excellence\/2025-03-20\/nach-10-jahren-swiss-igf-verein-swiss-internet-digital-governance-gegruendet\/#primaryimage","url":"https:\/\/www.m-q.ch\/wp-content\/uploads\/2025\/03\/SIDG_Bild_ps.jpg","contentUrl":"https:\/\/www.m-q.ch\/wp-content\/uploads\/2025\/03\/SIDG_Bild_ps.jpg"},{"@type":"BreadcrumbList","@id":"https:\/\/www.organisator.ch\/operational-excellence\/2025-03-20\/nach-10-jahren-swiss-igf-verein-swiss-internet-digital-governance-gegruendet\/#breadcrumb","itemListElement":[{"@type":"ListItem","position":1,"name":"Home","item":"https:\/\/www.organisator.ch\/"},{"@type":"ListItem","position":2,"name":"Nach 10 Jahren Swiss IGF: Verein \u00abSwiss Internet &amp; Digital Governance\u00bb gegr\u00fcndet"}]},{"@type":"WebSite","@id":"https:\/\/www.organisator.ch\/#website","url":"https:\/\/www.organisator.ch\/","name":"Organisateur","description":"Comp\u00e9tence et comp\u00e9tence. Proches de la pratique. L'ORGANISATEUR pr\u00e9pare 10 num\u00e9ros par an sur les th\u00e8mes essentiels pour les dirigeants de PME.","publisher":{"@id":"https:\/\/www.organisator.ch\/#organization"},"potentialAction":[{"@type":"SearchAction","target":{"@type":"EntryPoint","urlTemplate":"https:\/\/www.organisator.ch\/?s={search_term_string}"},"query-input":{"@type":"PropertyValueSpecification","valueRequired":true,"valueName":"search_term_string"}}],"inLanguage":"fr-FR"},{"@type":"Organization","@id":"https:\/\/www.organisator.ch\/#organization","name":"Organisateur","url":"https:\/\/www.organisator.ch\/","logo":{"@type":"ImageObject","inLanguage":"fr-FR","@id":"https:\/\/www.organisator.ch\/#\/schema\/logo\/image\/","url":"https:\/\/www.organisator.ch\/wp-content\/uploads\/2022\/01\/Logo_Organisator_Website.png","contentUrl":"https:\/\/www.organisator.ch\/wp-content\/uploads\/2022\/01\/Logo_Organisator_Website.png","width":800,"height":77,"caption":"Organisator"},"image":{"@id":"https:\/\/www.organisator.ch\/#\/schema\/logo\/image\/"},"sameAs":["https:\/\/www.facebook.com\/OrganisatorFachmagazin","https:\/\/www.linkedin.com\/showcase\/organisator-das-magazin-fr-kmu","https:\/\/www.xing.com\/news\/pages\/organisator-ch-695","https:\/\/www.youtube.com\/channel\/UCGP2Sq0iWaZwT3BdIAQFYpw"]},{"@type":"Person","@id":"https:\/\/www.organisator.ch\/#\/schema\/person\/afccda3a71c06d4be2ed9100dd163db7","name":"Dzana Muminovic","image":{"@type":"ImageObject","inLanguage":"fr-FR","@id":"https:\/\/secure.gravatar.com\/avatar\/909c5c71aff4b38e88686f2ab2f1ba152571f394f41ed8bae431ea56ced93050?s=96&d=mm&r=g","url":"https:\/\/secure.gravatar.com\/avatar\/909c5c71aff4b38e88686f2ab2f1ba152571f394f41ed8bae431ea56ced93050?s=96&d=mm&r=g","contentUrl":"https:\/\/secure.gravatar.com\/avatar\/909c5c71aff4b38e88686f2ab2f1ba152571f394f41ed8bae431ea56ced93050?s=96&d=mm&r=g","caption":"Dzana Muminovic"},"url":"https:\/\/www.organisator.ch\/fr\/author\/dzana-muminovic\/"}]}},"_links":{"self":[{"href":"https:\/\/www.organisator.ch\/fr\/wp-json\/wp\/v2\/posts\/37044","targetHints":{"allow":["GET"]}}],"collection":[{"href":"https:\/\/www.organisator.ch\/fr\/wp-json\/wp\/v2\/posts"}],"about":[{"href":"https:\/\/www.organisator.ch\/fr\/wp-json\/wp\/v2\/types\/post"}],"author":[{"embeddable":true,"href":"https:\/\/www.organisator.ch\/fr\/wp-json\/wp\/v2\/users\/80"}],"replies":[{"embeddable":true,"href":"https:\/\/www.organisator.ch\/fr\/wp-json\/wp\/v2\/comments?post=37044"}],"version-history":[{"count":5,"href":"https:\/\/www.organisator.ch\/fr\/wp-json\/wp\/v2\/posts\/37044\/revisions"}],"predecessor-version":[{"id":37048,"href":"https:\/\/www.organisator.ch\/fr\/wp-json\/wp\/v2\/posts\/37044\/revisions\/37048"}],"wp:attachment":[{"href":"https:\/\/www.organisator.ch\/fr\/wp-json\/wp\/v2\/media?parent=37044"}],"wp:term":[{"taxonomy":"category","embeddable":true,"href":"https:\/\/www.organisator.ch\/fr\/wp-json\/wp\/v2\/categories?post=37044"},{"taxonomy":"post_tag","embeddable":true,"href":"https:\/\/www.organisator.ch\/fr\/wp-json\/wp\/v2\/tags?post=37044"}],"curies":[{"name":"wp","href":"https:\/\/api.w.org\/{rel}","templated":true}]}}