{"id":37097,"date":"2025-03-24T07:53:50","date_gmt":"2025-03-24T06:53:50","guid":{"rendered":"https:\/\/www.markt-kom.com\/?p=232295"},"modified":"2025-03-24T07:41:01","modified_gmt":"2025-03-24T06:41:01","slug":"langzeit-studie-zu-ki-im-marketing-wachstum-ja-aber-potenzial-bleibt-liegen","status":"publish","type":"post","link":"https:\/\/www.organisator.ch\/fr\/marketing\/2025-03-24\/langzeit-studie-zu-ki-im-marketing-wachstum-ja-aber-potenzial-bleibt-liegen\/","title":{"rendered":"\u00c9tude \u00e0 long terme sur l'IA dans le marketing : oui \u00e0 la croissance, mais le potentiel reste inexploit\u00e9"},"content":{"rendered":"<figure id=\"attachment_232299\" class=\"wp-caption aligncenter\" style=\"width: 1200px;\" aria-describedby=\"caption-attachment-232299\"><a href=\"https:\/\/www.markt-kom.com\/wp-content\/uploads\/2025\/03\/2025-Studie-KI-im-Marketing-Welle-5-final-1.jpg\"><img class=\"size-full wp-image-232299\" src=\"https:\/\/www.markt-kom.com\/wp-content\/uploads\/2025\/03\/2025-Studie-KI-im-Marketing-Welle-5-final-1.jpg\" sizes=\"(max-width: 1200px) 100vw, 1200px\" srcset=\"https:\/\/www.markt-kom.com\/wp-content\/uploads\/2025\/03\/2025-Studie-KI-im-Marketing-Welle-5-final-1.jpg 1200w, https:\/\/www.markt-kom.com\/wp-content\/uploads\/2025\/03\/2025-Studie-KI-im-Marketing-Welle-5-final-1-600x450.jpg 600w, https:\/\/www.markt-kom.com\/wp-content\/uploads\/2025\/03\/2025-Studie-KI-im-Marketing-Welle-5-final-1-1024x768.jpg 1024w, https:\/\/www.markt-kom.com\/wp-content\/uploads\/2025\/03\/2025-Studie-KI-im-Marketing-Welle-5-final-1-768x576.jpg 768w, https:\/\/www.markt-kom.com\/wp-content\/uploads\/2025\/03\/2025-Studie-KI-im-Marketing-Welle-5-final-1-16x12.jpg 16w, https:\/\/www.markt-kom.com\/wp-content\/uploads\/2025\/03\/2025-Studie-KI-im-Marketing-Welle-5-final-1-233x175.jpg 233w, https:\/\/www.markt-kom.com\/wp-content\/uploads\/2025\/03\/2025-Studie-KI-im-Marketing-Welle-5-final-1-467x350.jpg 467w, https:\/\/www.markt-kom.com\/wp-content\/uploads\/2025\/03\/2025-Studie-KI-im-Marketing-Welle-5-final-1-1000x750.jpg 1000w\" alt=\"\" width=\"1200\" height=\"900\" \/><\/a>\r\n<figcaption id=\"caption-attachment-232299\" class=\"wp-caption-text\">(Graphiques : Claudia B\u00fcnte)<\/figcaption>\r\n<\/figure>\r\n<p>Claudia B\u00fcnte de la SRH Berlin University of Applied Sciences montre une \u00e9volution claire : 73 % des responsables marketing de la zone DACH utilisent l'IA, mais seule une fraction exploite tout son potentiel. Alors que certains leaders du march\u00e9 obtiennent des avantages concurrentiels gr\u00e2ce \u00e0 l'utilisation cibl\u00e9e de l'IA, environ 20 % des effets possibles restent inexploit\u00e9s dans de nombreuses entreprises. Dans la cinqui\u00e8me vague de l'\u00e9tude \u00e0 long terme, les responsables marketing ont \u00e9t\u00e9 interrog\u00e9s sur l'importance et l'utilisation actuelles et futures de l'IA dans le marketing ainsi que sur les effets de l'IA sur le succ\u00e8s de l'entreprise et la composition des \u00e9quipes dans le marketing.<\/p>\r\n<p><a href=\"https:\/\/www.markt-kom.com\/wp-content\/uploads\/2025\/03\/2025-Studie-KI-im-Marketing-Welle-5-final-8.jpg\"><img class=\"aligncenter size-full wp-image-232300\" src=\"https:\/\/www.markt-kom.com\/wp-content\/uploads\/2025\/03\/2025-Studie-KI-im-Marketing-Welle-5-final-8.jpg\" sizes=\"(max-width: 1200px) 100vw, 1200px\" srcset=\"https:\/\/www.markt-kom.com\/wp-content\/uploads\/2025\/03\/2025-Studie-KI-im-Marketing-Welle-5-final-8.jpg 1200w, https:\/\/www.markt-kom.com\/wp-content\/uploads\/2025\/03\/2025-Studie-KI-im-Marketing-Welle-5-final-8-600x317.jpg 600w, https:\/\/www.markt-kom.com\/wp-content\/uploads\/2025\/03\/2025-Studie-KI-im-Marketing-Welle-5-final-8-1024x540.jpg 1024w, https:\/\/www.markt-kom.com\/wp-content\/uploads\/2025\/03\/2025-Studie-KI-im-Marketing-Welle-5-final-8-768x405.jpg 768w, https:\/\/www.markt-kom.com\/wp-content\/uploads\/2025\/03\/2025-Studie-KI-im-Marketing-Welle-5-final-8-18x9.jpg 18w, https:\/\/www.markt-kom.com\/wp-content\/uploads\/2025\/03\/2025-Studie-KI-im-Marketing-Welle-5-final-8-332x175.jpg 332w, https:\/\/www.markt-kom.com\/wp-content\/uploads\/2025\/03\/2025-Studie-KI-im-Marketing-Welle-5-final-8-664x350.jpg 664w, https:\/\/www.markt-kom.com\/wp-content\/uploads\/2025\/03\/2025-Studie-KI-im-Marketing-Welle-5-final-8-1000x528.jpg 1000w\" alt=\"\" width=\"1200\" height=\"633\" \/><\/a><\/p>\r\n<h3>Manque de savoir-faire<\/h3>\r\n<p>Le plus grand d\u00e9fi est le manque de formation. 60 % des personnes interrog\u00e9es indiquent un manque de formation, 58 % se sentent d\u00e9pass\u00e9s par la multitude d'outils d'IA. On constate \u00e9galement un manque de connaissances au niveau de la direction : les managers ma\u00eetrisent 21 % moins d'outils d'IA que leurs \u00e9quipes et ont moins de vue d'ensemble sur le paysage informatique - ce qui freine la transformation potentielle. 79 % des entreprises confirment que leurs d\u00e9partements marketing ne sont pas suffisamment form\u00e9s \u00e0 l'utilisation de l'IA.<\/p>\r\n<p><a href=\"https:\/\/www.markt-kom.com\/wp-content\/uploads\/2025\/03\/2025-Studie-KI-im-Marketing-Welle-5-final-12.jpg\"><img class=\"aligncenter size-full wp-image-232301\" src=\"https:\/\/www.markt-kom.com\/wp-content\/uploads\/2025\/03\/2025-Studie-KI-im-Marketing-Welle-5-final-12.jpg\" sizes=\"(max-width: 1200px) 100vw, 1200px\" srcset=\"https:\/\/www.markt-kom.com\/wp-content\/uploads\/2025\/03\/2025-Studie-KI-im-Marketing-Welle-5-final-12.jpg 1200w, https:\/\/www.markt-kom.com\/wp-content\/uploads\/2025\/03\/2025-Studie-KI-im-Marketing-Welle-5-final-12-600x322.jpg 600w, https:\/\/www.markt-kom.com\/wp-content\/uploads\/2025\/03\/2025-Studie-KI-im-Marketing-Welle-5-final-12-1024x550.jpg 1024w, https:\/\/www.markt-kom.com\/wp-content\/uploads\/2025\/03\/2025-Studie-KI-im-Marketing-Welle-5-final-12-768x412.jpg 768w, https:\/\/www.markt-kom.com\/wp-content\/uploads\/2025\/03\/2025-Studie-KI-im-Marketing-Welle-5-final-12-18x10.jpg 18w, https:\/\/www.markt-kom.com\/wp-content\/uploads\/2025\/03\/2025-Studie-KI-im-Marketing-Welle-5-final-12-326x175.jpg 326w, https:\/\/www.markt-kom.com\/wp-content\/uploads\/2025\/03\/2025-Studie-KI-im-Marketing-Welle-5-final-12-652x350.jpg 652w, https:\/\/www.markt-kom.com\/wp-content\/uploads\/2025\/03\/2025-Studie-KI-im-Marketing-Welle-5-final-12-1000x537.jpg 1000w\" alt=\"\" width=\"1200\" height=\"644\" \/><\/a> <a href=\"https:\/\/www.markt-kom.com\/wp-content\/uploads\/2025\/03\/2025-Studie-KI-im-Marketing-Welle-5-final-18.jpg\"><img class=\"aligncenter size-full wp-image-232297\" src=\"https:\/\/www.markt-kom.com\/wp-content\/uploads\/2025\/03\/2025-Studie-KI-im-Marketing-Welle-5-final-18.jpg\" sizes=\"(max-width: 1200px) 100vw, 1200px\" srcset=\"https:\/\/www.markt-kom.com\/wp-content\/uploads\/2025\/03\/2025-Studie-KI-im-Marketing-Welle-5-final-18.jpg 1200w, https:\/\/www.markt-kom.com\/wp-content\/uploads\/2025\/03\/2025-Studie-KI-im-Marketing-Welle-5-final-18-600x338.jpg 600w, https:\/\/www.markt-kom.com\/wp-content\/uploads\/2025\/03\/2025-Studie-KI-im-Marketing-Welle-5-final-18-1024x576.jpg 1024w, https:\/\/www.markt-kom.com\/wp-content\/uploads\/2025\/03\/2025-Studie-KI-im-Marketing-Welle-5-final-18-768x432.jpg 768w, https:\/\/www.markt-kom.com\/wp-content\/uploads\/2025\/03\/2025-Studie-KI-im-Marketing-Welle-5-final-18-18x10.jpg 18w, https:\/\/www.markt-kom.com\/wp-content\/uploads\/2025\/03\/2025-Studie-KI-im-Marketing-Welle-5-final-18-311x175.jpg 311w, https:\/\/www.markt-kom.com\/wp-content\/uploads\/2025\/03\/2025-Studie-KI-im-Marketing-Welle-5-final-18-622x350.jpg 622w, https:\/\/www.markt-kom.com\/wp-content\/uploads\/2025\/03\/2025-Studie-KI-im-Marketing-Welle-5-final-18-1000x563.jpg 1000w\" alt=\"\" width=\"1200\" height=\"675\" \/><\/a><\/p>\r\n<h3>L'IA comme facteur de r\u00e9ussite - mais seulement avec du savoir-faire<\/h3>\r\n<p>L'\u00e9tude montre \u00e9galement que les entreprises qui utilisent l'IA de mani\u00e8re syst\u00e9matique ont souvent plus de succ\u00e8s. Plus de deux tiers des personnes interrog\u00e9es consid\u00e8rent l'IA comme un facteur de r\u00e9ussite d\u00e9cisif. L'IA d\u00e9cidera en outre de l'avenir des entreprises, selon les personnes interrog\u00e9es.<\/p>\r\n<p>\"Mais sans formation continue cibl\u00e9e et sans int\u00e9gration strat\u00e9gique, le potentiel reste limit\u00e9\", estime la directrice de l'\u00e9tude, le professeur Claudia B\u00fcnte. \"Les entreprises doivent investir d\u00e8s maintenant dans les connaissances en IA pour rester comp\u00e9titives \u00e0 long terme\".<\/p>\r\n<p><a href=\"https:\/\/www.markt-kom.com\/wp-content\/uploads\/2025\/03\/2025-Studie-KI-im-Marketing-Welle-5-final-40.jpg\"><img class=\"aligncenter size-full wp-image-232298\" src=\"https:\/\/www.markt-kom.com\/wp-content\/uploads\/2025\/03\/2025-Studie-KI-im-Marketing-Welle-5-final-40.jpg\" sizes=\"(max-width: 1200px) 100vw, 1200px\" srcset=\"https:\/\/www.markt-kom.com\/wp-content\/uploads\/2025\/03\/2025-Studie-KI-im-Marketing-Welle-5-final-40.jpg 1200w, https:\/\/www.markt-kom.com\/wp-content\/uploads\/2025\/03\/2025-Studie-KI-im-Marketing-Welle-5-final-40-600x351.jpg 600w, https:\/\/www.markt-kom.com\/wp-content\/uploads\/2025\/03\/2025-Studie-KI-im-Marketing-Welle-5-final-40-1024x598.jpg 1024w, https:\/\/www.markt-kom.com\/wp-content\/uploads\/2025\/03\/2025-Studie-KI-im-Marketing-Welle-5-final-40-768x449.jpg 768w, https:\/\/www.markt-kom.com\/wp-content\/uploads\/2025\/03\/2025-Studie-KI-im-Marketing-Welle-5-final-40-18x12.jpg 18w, https:\/\/www.markt-kom.com\/wp-content\/uploads\/2025\/03\/2025-Studie-KI-im-Marketing-Welle-5-final-40-300x175.jpg 300w, https:\/\/www.markt-kom.com\/wp-content\/uploads\/2025\/03\/2025-Studie-KI-im-Marketing-Welle-5-final-40-599x350.jpg 599w, https:\/\/www.markt-kom.com\/wp-content\/uploads\/2025\/03\/2025-Studie-KI-im-Marketing-Welle-5-final-40-1000x584.jpg 1000w\" alt=\"\" width=\"1200\" height=\"701\" \/><\/a><\/p>\r\n<hr \/>\r\n<p><em>L'\u00e9tude se base sur un sondage r\u00e9alis\u00e9 aupr\u00e8s de 208 responsables marketing de la r\u00e9gion DACH et constitue la plus longue enqu\u00eate continue sur l'utilisation de l'IA dans le marketing dans les pays germanophones.<\/em><\/p>","protected":false},"excerpt":{"rendered":"<p>La cinqui\u00e8me vague de l'\u00e9tude \u00e0 long terme \"IA - l'avenir du marketing\" montre que l'intelligence artificielle (IA) est bien \u00e9tablie dans le marketing. Depuis 2018, son utilisation a augment\u00e9 de 176 %, mais de nombreuses entreprises n'en exploitent pas toutes les possibilit\u00e9s, principalement en raison d'un manque de comp\u00e9tences et d'une formation insuffisante.<\/p>","protected":false},"author":8,"featured_media":0,"comment_status":"closed","ping_status":"closed","sticky":false,"template":"","format":"standard","meta":{"_acf_changed":false,"_yoast_wpseo_focuskw":"KI-Nutzung im Marketing","_yoast_wpseo_metadesc":"Studie zeigt: KI ist im Marketing etabliert, doch fehlendes Know-how bremst das volle Potenzial in vielen Unternehmen.","articlekey":"","footnotes":""},"categories":[29],"tags":[4351,319,4343,459],"class_list":["post-37097","post","type-post","status-publish","format-standard","hentry","category-marketing","tag-dexat","tag-kuenstliche-intelligenz","tag-markom","tag-studie"],"acf":[],"yoast_head":"<!-- This site is optimized with the Yoast SEO plugin v27.4 - https:\/\/yoast.com\/product\/yoast-seo-wordpress\/ -->\n<title>Langzeit-Studie zu KI im Marketing: Wachstum ja, aber Potenzial bleibt liegen - Organisator<\/title>\n<meta name=\"description\" content=\"Studie zeigt: KI ist im Marketing etabliert, doch fehlendes Know-how bremst das volle Potenzial in vielen Unternehmen.\" \/>\n<meta name=\"robots\" content=\"index, follow, max-snippet:-1, max-image-preview:large, max-video-preview:-1\" \/>\n<link rel=\"canonical\" href=\"https:\/\/www.organisator.ch\/fr\/marketing\/2025-03-24\/langzeit-studie-zu-ki-im-marketing-wachstum-ja-aber-potenzial-bleibt-liegen\/\" \/>\n<meta property=\"og:locale\" content=\"fr_FR\" \/>\n<meta property=\"og:type\" content=\"article\" \/>\n<meta property=\"og:title\" content=\"Langzeit-Studie zu KI im Marketing: Wachstum ja, aber Potenzial bleibt liegen - Organisator\" \/>\n<meta property=\"og:description\" content=\"Studie zeigt: KI ist im Marketing etabliert, doch fehlendes Know-how bremst das volle Potenzial in vielen Unternehmen.\" \/>\n<meta property=\"og:url\" content=\"https:\/\/www.organisator.ch\/fr\/marketing\/2025-03-24\/langzeit-studie-zu-ki-im-marketing-wachstum-ja-aber-potenzial-bleibt-liegen\/\" \/>\n<meta property=\"og:site_name\" content=\"Organisator\" \/>\n<meta property=\"article:publisher\" content=\"https:\/\/www.facebook.com\/OrganisatorFachmagazin\" \/>\n<meta property=\"article:published_time\" content=\"2025-03-24T06:53:50+00:00\" \/>\n<meta name=\"author\" content=\"galledia\" \/>\n<meta name=\"twitter:card\" content=\"summary_large_image\" \/>\n<meta name=\"twitter:creator\" content=\"@admin\" \/>\n<script type=\"application\/ld+json\" class=\"yoast-schema-graph\">{\"@context\":\"https:\\\/\\\/schema.org\",\"@graph\":[{\"@type\":\"Article\",\"@id\":\"https:\\\/\\\/www.organisator.ch\\\/marketing\\\/2025-03-24\\\/langzeit-studie-zu-ki-im-marketing-wachstum-ja-aber-potenzial-bleibt-liegen\\\/#article\",\"isPartOf\":{\"@id\":\"https:\\\/\\\/www.organisator.ch\\\/marketing\\\/2025-03-24\\\/langzeit-studie-zu-ki-im-marketing-wachstum-ja-aber-potenzial-bleibt-liegen\\\/\"},\"author\":{\"name\":\"galledia\",\"@id\":\"https:\\\/\\\/www.organisator.ch\\\/#\\\/schema\\\/person\\\/4e51799071cd2dd1232ac003643ef5f0\"},\"headline\":\"Langzeit-Studie zu KI im Marketing: Wachstum ja, aber Potenzial bleibt liegen\",\"datePublished\":\"2025-03-24T06:53:50+00:00\",\"mainEntityOfPage\":{\"@id\":\"https:\\\/\\\/www.organisator.ch\\\/marketing\\\/2025-03-24\\\/langzeit-studie-zu-ki-im-marketing-wachstum-ja-aber-potenzial-bleibt-liegen\\\/\"},\"wordCount\":285,\"publisher\":{\"@id\":\"https:\\\/\\\/www.organisator.ch\\\/#organization\"},\"image\":{\"@id\":\"https:\\\/\\\/www.organisator.ch\\\/marketing\\\/2025-03-24\\\/langzeit-studie-zu-ki-im-marketing-wachstum-ja-aber-potenzial-bleibt-liegen\\\/#primaryimage\"},\"thumbnailUrl\":\"https:\\\/\\\/www.markt-kom.com\\\/wp-content\\\/uploads\\\/2025\\\/03\\\/2025-Studie-KI-im-Marketing-Welle-5-final-1.jpg\",\"keywords\":[\"DExAT\",\"K\u00fcnstliche Intelligenz\",\"MarKom\",\"Studie\"],\"articleSection\":[\"MARKETING\"],\"inLanguage\":\"fr-FR\"},{\"@type\":\"WebPage\",\"@id\":\"https:\\\/\\\/www.organisator.ch\\\/marketing\\\/2025-03-24\\\/langzeit-studie-zu-ki-im-marketing-wachstum-ja-aber-potenzial-bleibt-liegen\\\/\",\"url\":\"https:\\\/\\\/www.organisator.ch\\\/marketing\\\/2025-03-24\\\/langzeit-studie-zu-ki-im-marketing-wachstum-ja-aber-potenzial-bleibt-liegen\\\/\",\"name\":\"Langzeit-Studie zu KI im Marketing: Wachstum ja, aber Potenzial bleibt liegen - Organisator\",\"isPartOf\":{\"@id\":\"https:\\\/\\\/www.organisator.ch\\\/#website\"},\"primaryImageOfPage\":{\"@id\":\"https:\\\/\\\/www.organisator.ch\\\/marketing\\\/2025-03-24\\\/langzeit-studie-zu-ki-im-marketing-wachstum-ja-aber-potenzial-bleibt-liegen\\\/#primaryimage\"},\"image\":{\"@id\":\"https:\\\/\\\/www.organisator.ch\\\/marketing\\\/2025-03-24\\\/langzeit-studie-zu-ki-im-marketing-wachstum-ja-aber-potenzial-bleibt-liegen\\\/#primaryimage\"},\"thumbnailUrl\":\"https:\\\/\\\/www.markt-kom.com\\\/wp-content\\\/uploads\\\/2025\\\/03\\\/2025-Studie-KI-im-Marketing-Welle-5-final-1.jpg\",\"datePublished\":\"2025-03-24T06:53:50+00:00\",\"description\":\"Studie zeigt: KI ist im Marketing etabliert, doch fehlendes Know-how bremst das volle Potenzial in vielen Unternehmen.\",\"breadcrumb\":{\"@id\":\"https:\\\/\\\/www.organisator.ch\\\/marketing\\\/2025-03-24\\\/langzeit-studie-zu-ki-im-marketing-wachstum-ja-aber-potenzial-bleibt-liegen\\\/#breadcrumb\"},\"inLanguage\":\"fr-FR\",\"potentialAction\":[{\"@type\":\"ReadAction\",\"target\":[\"https:\\\/\\\/www.organisator.ch\\\/marketing\\\/2025-03-24\\\/langzeit-studie-zu-ki-im-marketing-wachstum-ja-aber-potenzial-bleibt-liegen\\\/\"]}]},{\"@type\":\"ImageObject\",\"inLanguage\":\"fr-FR\",\"@id\":\"https:\\\/\\\/www.organisator.ch\\\/marketing\\\/2025-03-24\\\/langzeit-studie-zu-ki-im-marketing-wachstum-ja-aber-potenzial-bleibt-liegen\\\/#primaryimage\",\"url\":\"https:\\\/\\\/www.markt-kom.com\\\/wp-content\\\/uploads\\\/2025\\\/03\\\/2025-Studie-KI-im-Marketing-Welle-5-final-1.jpg\",\"contentUrl\":\"https:\\\/\\\/www.markt-kom.com\\\/wp-content\\\/uploads\\\/2025\\\/03\\\/2025-Studie-KI-im-Marketing-Welle-5-final-1.jpg\"},{\"@type\":\"BreadcrumbList\",\"@id\":\"https:\\\/\\\/www.organisator.ch\\\/marketing\\\/2025-03-24\\\/langzeit-studie-zu-ki-im-marketing-wachstum-ja-aber-potenzial-bleibt-liegen\\\/#breadcrumb\",\"itemListElement\":[{\"@type\":\"ListItem\",\"position\":1,\"name\":\"Home\",\"item\":\"https:\\\/\\\/www.organisator.ch\\\/\"},{\"@type\":\"ListItem\",\"position\":2,\"name\":\"Langzeit-Studie zu KI im Marketing: Wachstum ja, aber Potenzial bleibt liegen\"}]},{\"@type\":\"WebSite\",\"@id\":\"https:\\\/\\\/www.organisator.ch\\\/#website\",\"url\":\"https:\\\/\\\/www.organisator.ch\\\/\",\"name\":\"Organisator\",\"description\":\"Kompetent. Praxisnah. Der ORGANISATOR bereitet in 10 Ausgaben pro Jahr die wesentlichen Themen f\u00fcr F\u00fchrungskr\u00e4fte von KMU auf.\",\"publisher\":{\"@id\":\"https:\\\/\\\/www.organisator.ch\\\/#organization\"},\"potentialAction\":[{\"@type\":\"SearchAction\",\"target\":{\"@type\":\"EntryPoint\",\"urlTemplate\":\"https:\\\/\\\/www.organisator.ch\\\/?s={search_term_string}\"},\"query-input\":{\"@type\":\"PropertyValueSpecification\",\"valueRequired\":true,\"valueName\":\"search_term_string\"}}],\"inLanguage\":\"fr-FR\"},{\"@type\":\"Organization\",\"@id\":\"https:\\\/\\\/www.organisator.ch\\\/#organization\",\"name\":\"Organisator\",\"url\":\"https:\\\/\\\/www.organisator.ch\\\/\",\"logo\":{\"@type\":\"ImageObject\",\"inLanguage\":\"fr-FR\",\"@id\":\"https:\\\/\\\/www.organisator.ch\\\/#\\\/schema\\\/logo\\\/image\\\/\",\"url\":\"https:\\\/\\\/www.organisator.ch\\\/wp-content\\\/uploads\\\/2022\\\/01\\\/Logo_Organisator_Website.png\",\"contentUrl\":\"https:\\\/\\\/www.organisator.ch\\\/wp-content\\\/uploads\\\/2022\\\/01\\\/Logo_Organisator_Website.png\",\"width\":800,\"height\":77,\"caption\":\"Organisator\"},\"image\":{\"@id\":\"https:\\\/\\\/www.organisator.ch\\\/#\\\/schema\\\/logo\\\/image\\\/\"},\"sameAs\":[\"https:\\\/\\\/www.facebook.com\\\/OrganisatorFachmagazin\",\"https:\\\/\\\/www.linkedin.com\\\/showcase\\\/organisator-das-magazin-fr-kmu\",\"https:\\\/\\\/www.xing.com\\\/news\\\/pages\\\/organisator-ch-695\",\"https:\\\/\\\/www.youtube.com\\\/channel\\\/UCGP2Sq0iWaZwT3BdIAQFYpw\"]},{\"@type\":\"Person\",\"@id\":\"https:\\\/\\\/www.organisator.ch\\\/#\\\/schema\\\/person\\\/4e51799071cd2dd1232ac003643ef5f0\",\"name\":\"galledia\",\"image\":{\"@type\":\"ImageObject\",\"inLanguage\":\"fr-FR\",\"@id\":\"https:\\\/\\\/secure.gravatar.com\\\/avatar\\\/78a7f90c01fc2bfc875782a0d4922b37cde2cf184ce347b91316d23cd7f69a36?s=96&d=mm&r=g\",\"url\":\"https:\\\/\\\/secure.gravatar.com\\\/avatar\\\/78a7f90c01fc2bfc875782a0d4922b37cde2cf184ce347b91316d23cd7f69a36?s=96&d=mm&r=g\",\"contentUrl\":\"https:\\\/\\\/secure.gravatar.com\\\/avatar\\\/78a7f90c01fc2bfc875782a0d4922b37cde2cf184ce347b91316d23cd7f69a36?s=96&d=mm&r=g\",\"caption\":\"galledia\"},\"sameAs\":[\"https:\\\/\\\/x.com\\\/admin\"],\"url\":\"https:\\\/\\\/www.organisator.ch\\\/fr\\\/author\\\/galledia\\\/\"}]}<\/script>\n<!-- \/ Yoast SEO plugin. -->","yoast_head_json":{"title":"\u00c9tude \u00e0 long terme sur l'IA dans le marketing : oui \u00e0 la croissance, mais le potentiel reste inexploit\u00e9 - Organisator","description":"Une \u00e9tude montre que l'IA est bien \u00e9tablie dans le marketing, mais que le manque de savoir-faire freine son plein potentiel dans de nombreuses entreprises.","robots":{"index":"index","follow":"follow","max-snippet":"max-snippet:-1","max-image-preview":"max-image-preview:large","max-video-preview":"max-video-preview:-1"},"canonical":"https:\/\/www.organisator.ch\/fr\/marketing\/2025-03-24\/langzeit-studie-zu-ki-im-marketing-wachstum-ja-aber-potenzial-bleibt-liegen\/","og_locale":"fr_FR","og_type":"article","og_title":"Langzeit-Studie zu KI im Marketing: Wachstum ja, aber Potenzial bleibt liegen - Organisator","og_description":"Studie zeigt: KI ist im Marketing etabliert, doch fehlendes Know-how bremst das volle Potenzial in vielen Unternehmen.","og_url":"https:\/\/www.organisator.ch\/fr\/marketing\/2025-03-24\/langzeit-studie-zu-ki-im-marketing-wachstum-ja-aber-potenzial-bleibt-liegen\/","og_site_name":"Organisator","article_publisher":"https:\/\/www.facebook.com\/OrganisatorFachmagazin","article_published_time":"2025-03-24T06:53:50+00:00","author":"galledia","twitter_card":"summary_large_image","twitter_creator":"@admin","schema":{"@context":"https:\/\/schema.org","@graph":[{"@type":"Article","@id":"https:\/\/www.organisator.ch\/marketing\/2025-03-24\/langzeit-studie-zu-ki-im-marketing-wachstum-ja-aber-potenzial-bleibt-liegen\/#article","isPartOf":{"@id":"https:\/\/www.organisator.ch\/marketing\/2025-03-24\/langzeit-studie-zu-ki-im-marketing-wachstum-ja-aber-potenzial-bleibt-liegen\/"},"author":{"name":"galledia","@id":"https:\/\/www.organisator.ch\/#\/schema\/person\/4e51799071cd2dd1232ac003643ef5f0"},"headline":"Langzeit-Studie zu KI im Marketing: Wachstum ja, aber Potenzial bleibt liegen","datePublished":"2025-03-24T06:53:50+00:00","mainEntityOfPage":{"@id":"https:\/\/www.organisator.ch\/marketing\/2025-03-24\/langzeit-studie-zu-ki-im-marketing-wachstum-ja-aber-potenzial-bleibt-liegen\/"},"wordCount":285,"publisher":{"@id":"https:\/\/www.organisator.ch\/#organization"},"image":{"@id":"https:\/\/www.organisator.ch\/marketing\/2025-03-24\/langzeit-studie-zu-ki-im-marketing-wachstum-ja-aber-potenzial-bleibt-liegen\/#primaryimage"},"thumbnailUrl":"https:\/\/www.markt-kom.com\/wp-content\/uploads\/2025\/03\/2025-Studie-KI-im-Marketing-Welle-5-final-1.jpg","keywords":["DExAT","K\u00fcnstliche Intelligenz","MarKom","Studie"],"articleSection":["MARKETING"],"inLanguage":"fr-FR"},{"@type":"WebPage","@id":"https:\/\/www.organisator.ch\/marketing\/2025-03-24\/langzeit-studie-zu-ki-im-marketing-wachstum-ja-aber-potenzial-bleibt-liegen\/","url":"https:\/\/www.organisator.ch\/marketing\/2025-03-24\/langzeit-studie-zu-ki-im-marketing-wachstum-ja-aber-potenzial-bleibt-liegen\/","name":"\u00c9tude \u00e0 long terme sur l'IA dans le marketing : oui \u00e0 la croissance, mais le potentiel reste inexploit\u00e9 - Organisator","isPartOf":{"@id":"https:\/\/www.organisator.ch\/#website"},"primaryImageOfPage":{"@id":"https:\/\/www.organisator.ch\/marketing\/2025-03-24\/langzeit-studie-zu-ki-im-marketing-wachstum-ja-aber-potenzial-bleibt-liegen\/#primaryimage"},"image":{"@id":"https:\/\/www.organisator.ch\/marketing\/2025-03-24\/langzeit-studie-zu-ki-im-marketing-wachstum-ja-aber-potenzial-bleibt-liegen\/#primaryimage"},"thumbnailUrl":"https:\/\/www.markt-kom.com\/wp-content\/uploads\/2025\/03\/2025-Studie-KI-im-Marketing-Welle-5-final-1.jpg","datePublished":"2025-03-24T06:53:50+00:00","description":"Une \u00e9tude montre que l'IA est bien \u00e9tablie dans le marketing, mais que le manque de savoir-faire freine son plein potentiel dans de nombreuses entreprises.","breadcrumb":{"@id":"https:\/\/www.organisator.ch\/marketing\/2025-03-24\/langzeit-studie-zu-ki-im-marketing-wachstum-ja-aber-potenzial-bleibt-liegen\/#breadcrumb"},"inLanguage":"fr-FR","potentialAction":[{"@type":"ReadAction","target":["https:\/\/www.organisator.ch\/marketing\/2025-03-24\/langzeit-studie-zu-ki-im-marketing-wachstum-ja-aber-potenzial-bleibt-liegen\/"]}]},{"@type":"ImageObject","inLanguage":"fr-FR","@id":"https:\/\/www.organisator.ch\/marketing\/2025-03-24\/langzeit-studie-zu-ki-im-marketing-wachstum-ja-aber-potenzial-bleibt-liegen\/#primaryimage","url":"https:\/\/www.markt-kom.com\/wp-content\/uploads\/2025\/03\/2025-Studie-KI-im-Marketing-Welle-5-final-1.jpg","contentUrl":"https:\/\/www.markt-kom.com\/wp-content\/uploads\/2025\/03\/2025-Studie-KI-im-Marketing-Welle-5-final-1.jpg"},{"@type":"BreadcrumbList","@id":"https:\/\/www.organisator.ch\/marketing\/2025-03-24\/langzeit-studie-zu-ki-im-marketing-wachstum-ja-aber-potenzial-bleibt-liegen\/#breadcrumb","itemListElement":[{"@type":"ListItem","position":1,"name":"Home","item":"https:\/\/www.organisator.ch\/"},{"@type":"ListItem","position":2,"name":"Langzeit-Studie zu KI im Marketing: Wachstum ja, aber Potenzial bleibt liegen"}]},{"@type":"WebSite","@id":"https:\/\/www.organisator.ch\/#website","url":"https:\/\/www.organisator.ch\/","name":"Organisateur","description":"Comp\u00e9tence et comp\u00e9tence. Proches de la pratique. L'ORGANISATEUR pr\u00e9pare 10 num\u00e9ros par an sur les th\u00e8mes essentiels pour les dirigeants de PME.","publisher":{"@id":"https:\/\/www.organisator.ch\/#organization"},"potentialAction":[{"@type":"SearchAction","target":{"@type":"EntryPoint","urlTemplate":"https:\/\/www.organisator.ch\/?s={search_term_string}"},"query-input":{"@type":"PropertyValueSpecification","valueRequired":true,"valueName":"search_term_string"}}],"inLanguage":"fr-FR"},{"@type":"Organization","@id":"https:\/\/www.organisator.ch\/#organization","name":"Organisateur","url":"https:\/\/www.organisator.ch\/","logo":{"@type":"ImageObject","inLanguage":"fr-FR","@id":"https:\/\/www.organisator.ch\/#\/schema\/logo\/image\/","url":"https:\/\/www.organisator.ch\/wp-content\/uploads\/2022\/01\/Logo_Organisator_Website.png","contentUrl":"https:\/\/www.organisator.ch\/wp-content\/uploads\/2022\/01\/Logo_Organisator_Website.png","width":800,"height":77,"caption":"Organisator"},"image":{"@id":"https:\/\/www.organisator.ch\/#\/schema\/logo\/image\/"},"sameAs":["https:\/\/www.facebook.com\/OrganisatorFachmagazin","https:\/\/www.linkedin.com\/showcase\/organisator-das-magazin-fr-kmu","https:\/\/www.xing.com\/news\/pages\/organisator-ch-695","https:\/\/www.youtube.com\/channel\/UCGP2Sq0iWaZwT3BdIAQFYpw"]},{"@type":"Person","@id":"https:\/\/www.organisator.ch\/#\/schema\/person\/4e51799071cd2dd1232ac003643ef5f0","name":"galledia","image":{"@type":"ImageObject","inLanguage":"fr-FR","@id":"https:\/\/secure.gravatar.com\/avatar\/78a7f90c01fc2bfc875782a0d4922b37cde2cf184ce347b91316d23cd7f69a36?s=96&d=mm&r=g","url":"https:\/\/secure.gravatar.com\/avatar\/78a7f90c01fc2bfc875782a0d4922b37cde2cf184ce347b91316d23cd7f69a36?s=96&d=mm&r=g","contentUrl":"https:\/\/secure.gravatar.com\/avatar\/78a7f90c01fc2bfc875782a0d4922b37cde2cf184ce347b91316d23cd7f69a36?s=96&d=mm&r=g","caption":"galledia"},"sameAs":["https:\/\/x.com\/admin"],"url":"https:\/\/www.organisator.ch\/fr\/author\/galledia\/"}]}},"_links":{"self":[{"href":"https:\/\/www.organisator.ch\/fr\/wp-json\/wp\/v2\/posts\/37097","targetHints":{"allow":["GET"]}}],"collection":[{"href":"https:\/\/www.organisator.ch\/fr\/wp-json\/wp\/v2\/posts"}],"about":[{"href":"https:\/\/www.organisator.ch\/fr\/wp-json\/wp\/v2\/types\/post"}],"author":[{"embeddable":true,"href":"https:\/\/www.organisator.ch\/fr\/wp-json\/wp\/v2\/users\/8"}],"replies":[{"embeddable":true,"href":"https:\/\/www.organisator.ch\/fr\/wp-json\/wp\/v2\/comments?post=37097"}],"version-history":[{"count":3,"href":"https:\/\/www.organisator.ch\/fr\/wp-json\/wp\/v2\/posts\/37097\/revisions"}],"predecessor-version":[{"id":37135,"href":"https:\/\/www.organisator.ch\/fr\/wp-json\/wp\/v2\/posts\/37097\/revisions\/37135"}],"wp:attachment":[{"href":"https:\/\/www.organisator.ch\/fr\/wp-json\/wp\/v2\/media?parent=37097"}],"wp:term":[{"taxonomy":"category","embeddable":true,"href":"https:\/\/www.organisator.ch\/fr\/wp-json\/wp\/v2\/categories?post=37097"},{"taxonomy":"post_tag","embeddable":true,"href":"https:\/\/www.organisator.ch\/fr\/wp-json\/wp\/v2\/tags?post=37097"}],"curies":[{"name":"wp","href":"https:\/\/api.w.org\/{rel}","templated":true}]}}