{"id":37151,"date":"2025-03-25T08:25:58","date_gmt":"2025-03-25T07:25:58","guid":{"rendered":"https:\/\/www.organisator.ch\/?p=37151"},"modified":"2025-03-31T07:56:10","modified_gmt":"2025-03-31T05:56:10","slug":"gemeinsam-zukunftsfaehig-zuercher-kmu-innovationstag-2025","status":"publish","type":"post","link":"https:\/\/www.organisator.ch\/fr\/management\/2025-03-25\/gemeinsam-zukunftsfaehig-zuercher-kmu-innovationstag-2025\/","title":{"rendered":"Ensemble pour l'avenir : Journ\u00e9e de l'innovation 2025 des PME zurichoises"},"content":{"rendered":"<p><img loading=\"lazy\" decoding=\"async\" class=\"alignnone wp-image-37152 size-full\" src=\"https:\/\/www.organisator.ch\/wp-content\/uploads\/2025\/03\/Gemeinsam-zukunftsfaehig-Zuercher-KMU-Innovationstag-2025_Organisator.jpg\" alt=\"\" width=\"680\" height=\"410\" srcset=\"https:\/\/www.organisator.ch\/wp-content\/uploads\/2025\/03\/Gemeinsam-zukunftsfaehig-Zuercher-KMU-Innovationstag-2025_Organisator.jpg 680w, https:\/\/www.organisator.ch\/wp-content\/uploads\/2025\/03\/Gemeinsam-zukunftsfaehig-Zuercher-KMU-Innovationstag-2025_Organisator-18x12.jpg 18w, https:\/\/www.organisator.ch\/wp-content\/uploads\/2025\/03\/Gemeinsam-zukunftsfaehig-Zuercher-KMU-Innovationstag-2025_Organisator-375x226.jpg 375w, https:\/\/www.organisator.ch\/wp-content\/uploads\/2025\/03\/Gemeinsam-zukunftsfaehig-Zuercher-KMU-Innovationstag-2025_Organisator-580x350.jpg 580w\" sizes=\"auto, (max-width: 680px) 100vw, 680px\" \/><\/p>\n<p>Le 3 juillet 2025, la troisi\u00e8me Journ\u00e9e zurichoise de l'innovation pour les PME 2025 aura lieu au ZHdK Toni Campus. \u00c0 cette occasion, les visiteurs d\u00e9couvriront, avec d'autres PME des secteurs les plus divers, comment g\u00e9rer leur entreprise de mani\u00e8re plus durable, plus innovante et plus comp\u00e9titive gr\u00e2ce \u00e0 des mesures cibl\u00e9es. Les quatre th\u00e8mes suivants seront au centre de la journ\u00e9e :<\/p>\n<ul>\n<li><strong>\u00c9conomie circulaire &amp; pr\u00e9servation des ressources<\/strong> - Rendre les cha\u00eenes de valeur plus durables tout en r\u00e9duisant les co\u00fbts.<\/li>\n<li><strong>Transformation num\u00e9rique &amp; IA<\/strong> - Des exemples d'applications concr\u00e8tes de l'industrie suisse \u00e0 la question de savoir comment votre PME peut concr\u00e8tement profiter des nouvelles technologies.<\/li>\n<li><strong>Promotion de l'innovation &amp; financement<\/strong> - Comment trouver de nouvelles sources de financement pour concr\u00e9tiser des id\u00e9es avec succ\u00e8s ?<\/li>\n<li><strong>Attractivit\u00e9 de l'employeur <\/strong>- Comment pouvez-vous motiver vos collaborateurs, fid\u00e9liser les talents et g\u00e9rer ensemble les processus de changement, en particulier en p\u00e9riode d'incertitude \u00e9conomique ?<\/li>\n<\/ul>\n<p>Le programme comprend des keynotes passionnantes, des ateliers interactifs ainsi que des discussions pratiques. Olmar Albers, de l'\u00f6bu Verband f\u00fcr nachhaltiges Wirtschaften, parlera par exemple de la \"Cr\u00e9ation de valeur r\u00e9ussie gr\u00e2ce \u00e0 des solutions circulaires\" ou Nicholas H\u00e4nny, de la c\u00e9l\u00e8bre start-up NIKIN AG, abordera dans son expos\u00e9 la question suivante : \"Comment r\u00e9ussir, en tant qu'entreprise, \u00e0 concilier durabilit\u00e9 et innovation\" ? Des explications sur le th\u00e8me \"Succession d'entreprise : acheter au lieu de fonder - la strat\u00e9gie du succ\u00e8s sous-estim\u00e9e\" constitueront un autre point du programme. La conf\u00e9rence sera anim\u00e9e par Stephan Lendi.\u00a0<\/p>\n<p>Les participants \u00e0 la troisi\u00e8me Journ\u00e9e zurichoise de l'innovation pour les PME recevront donc des informations compl\u00e8tes pour guider leur entreprise vers l'avenir avec des mesures efficaces.<\/p>\n<p><em><a href=\"https:\/\/www.cbs-online.ch\/secure\/conreg_kmu2025\/\">Inscrivez-vous ici !<\/a><\/em><\/p>","protected":false},"excerpt":{"rendered":"<p>PROMOTION Obtenir de grands r\u00e9sultats avec de petits leviers : C'est sous cette devise que se d\u00e9roulera le 3 juillet 2025 la troisi\u00e8me \u00e9dition de la Journ\u00e9e zurichoise de l'innovation des PME 2025. L'\u00e9v\u00e9nement est organis\u00e9 par l'Office de l'\u00e9conomie du canton de Zurich. <\/p>","protected":false},"author":4,"featured_media":37152,"comment_status":"closed","ping_status":"closed","sticky":false,"template":"","format":"standard","meta":{"_acf_changed":false,"_yoast_wpseo_focuskw":"Z\u00fcrcher KMU Innovationstag","_yoast_wpseo_metadesc":"Mit kleinen Hebeln grosse Wirkung erzielen: Unter diesem Motto findet am 3. Juli 2025 der dritte Z\u00fcrcher KMU Innovationstag 2025 statt.","articlekey":"","footnotes":""},"categories":[28],"tags":[193,274,335,502,531],"class_list":["post-37151","post","type-post","status-publish","format-standard","has-post-thumbnail","hentry","category-management","tag-fachkongressfachmesse","tag-innovation","tag-management-und-unternehmensfuehrung","tag-veranstaltungen","tag-wirtschaftspolitik"],"acf":[],"yoast_head":"<!-- This site is optimized with the Yoast SEO plugin v27.5 - https:\/\/yoast.com\/product\/yoast-seo-wordpress\/ -->\n<title>Gemeinsam zukunftsf\u00e4hig: Z\u00fcrcher KMU Innovationstag 2025 - Organisator<\/title>\n<meta name=\"description\" content=\"Mit kleinen Hebeln grosse Wirkung erzielen: Unter diesem Motto findet am 3. Juli 2025 der dritte Z\u00fcrcher KMU Innovationstag 2025 statt.\" \/>\n<meta name=\"robots\" content=\"index, follow, max-snippet:-1, max-image-preview:large, max-video-preview:-1\" \/>\n<link rel=\"canonical\" href=\"https:\/\/www.organisator.ch\/fr\/gestion-2\/2025-03-25\/gemeinsam-zukunftsfaehig-zuercher-kmu-innovationstag-2025\/\" \/>\n<meta property=\"og:locale\" content=\"fr_FR\" \/>\n<meta property=\"og:type\" content=\"article\" \/>\n<meta property=\"og:title\" content=\"Gemeinsam zukunftsf\u00e4hig: Z\u00fcrcher KMU Innovationstag 2025\" \/>\n<meta property=\"og:description\" content=\"Mit kleinen Hebeln grosse Wirkung erzielen: Unter diesem Motto findet am 3. Juli 2025 der dritte Z\u00fcrcher KMU Innovationstag 2025 statt.\" \/>\n<meta property=\"og:url\" content=\"https:\/\/www.organisator.ch\/fr\/gestion-2\/2025-03-25\/gemeinsam-zukunftsfaehig-zuercher-kmu-innovationstag-2025\/\" \/>\n<meta property=\"og:site_name\" content=\"Organisator\" \/>\n<meta property=\"article:publisher\" content=\"https:\/\/www.facebook.com\/OrganisatorFachmagazin\" \/>\n<meta property=\"article:published_time\" content=\"2025-03-25T07:25:58+00:00\" \/>\n<meta property=\"article:modified_time\" content=\"2025-03-31T05:56:10+00:00\" \/>\n<meta property=\"og:image\" content=\"https:\/\/www.organisator.ch\/wp-content\/uploads\/2025\/03\/Gemeinsam-zukunftsfaehig-Zuercher-KMU-Innovationstag-2025_Organisator.jpg\" \/>\n\t<meta property=\"og:image:width\" content=\"680\" \/>\n\t<meta property=\"og:image:height\" content=\"410\" \/>\n\t<meta property=\"og:image:type\" content=\"image\/jpeg\" \/>\n<meta name=\"author\" content=\"thomas.berner\" \/>\n<meta name=\"twitter:card\" content=\"summary_large_image\" \/>\n<meta name=\"twitter:title\" content=\"Gemeinsam #zukunftsf\u00e4hig: Z\u00fcrcher KMU #Innovationstag 2025\" \/>\n<meta name=\"twitter:description\" content=\"Mit kleinen Hebeln grosse Wirkung erzielen: Unter diesem Motto findet am 3. Juli 2025 der dritte Z\u00fcrcher KMU Innovationstag 2025 statt. #KMUInnovationstag #Nachhaltigkeit #Innovation #DigitaleTransformation #F\u00fchrung\" \/>\n<meta name=\"twitter:image\" content=\"https:\/\/www.organisator.ch\/wp-content\/uploads\/2025\/03\/Gemeinsam-zukunftsfaehig-Zuercher-KMU-Innovationstag-2025_Organisator.jpg\" \/>\n<script type=\"application\/ld+json\" class=\"yoast-schema-graph\">{\"@context\":\"https:\\\/\\\/schema.org\",\"@graph\":[{\"@type\":\"Article\",\"@id\":\"https:\\\/\\\/www.organisator.ch\\\/management\\\/2025-03-25\\\/gemeinsam-zukunftsfaehig-zuercher-kmu-innovationstag-2025\\\/#article\",\"isPartOf\":{\"@id\":\"https:\\\/\\\/www.organisator.ch\\\/management\\\/2025-03-25\\\/gemeinsam-zukunftsfaehig-zuercher-kmu-innovationstag-2025\\\/\"},\"author\":{\"name\":\"thomas.berner\",\"@id\":\"https:\\\/\\\/www.organisator.ch\\\/#\\\/schema\\\/person\\\/6f650f90b2842cd4c0cc334b4e36f67e\"},\"headline\":\"Gemeinsam zukunftsf\u00e4hig: Z\u00fcrcher KMU Innovationstag 2025\",\"datePublished\":\"2025-03-25T07:25:58+00:00\",\"dateModified\":\"2025-03-31T05:56:10+00:00\",\"mainEntityOfPage\":{\"@id\":\"https:\\\/\\\/www.organisator.ch\\\/management\\\/2025-03-25\\\/gemeinsam-zukunftsfaehig-zuercher-kmu-innovationstag-2025\\\/\"},\"wordCount\":241,\"publisher\":{\"@id\":\"https:\\\/\\\/www.organisator.ch\\\/#organization\"},\"image\":{\"@id\":\"https:\\\/\\\/www.organisator.ch\\\/management\\\/2025-03-25\\\/gemeinsam-zukunftsfaehig-zuercher-kmu-innovationstag-2025\\\/#primaryimage\"},\"thumbnailUrl\":\"https:\\\/\\\/www.organisator.ch\\\/wp-content\\\/uploads\\\/2025\\\/03\\\/Gemeinsam-zukunftsfaehig-Zuercher-KMU-Innovationstag-2025_Organisator.jpg\",\"keywords\":[\"Fachkongress\\\/Fachmesse\",\"Innovation\",\"Management und Unternehmensf\u00fchrung\",\"Veranstaltungen\",\"Wirtschaftspolitik\"],\"articleSection\":[\"MANAGEMENT\"],\"inLanguage\":\"fr-FR\"},{\"@type\":\"WebPage\",\"@id\":\"https:\\\/\\\/www.organisator.ch\\\/management\\\/2025-03-25\\\/gemeinsam-zukunftsfaehig-zuercher-kmu-innovationstag-2025\\\/\",\"url\":\"https:\\\/\\\/www.organisator.ch\\\/management\\\/2025-03-25\\\/gemeinsam-zukunftsfaehig-zuercher-kmu-innovationstag-2025\\\/\",\"name\":\"Gemeinsam zukunftsf\u00e4hig: Z\u00fcrcher KMU Innovationstag 2025 - Organisator\",\"isPartOf\":{\"@id\":\"https:\\\/\\\/www.organisator.ch\\\/#website\"},\"primaryImageOfPage\":{\"@id\":\"https:\\\/\\\/www.organisator.ch\\\/management\\\/2025-03-25\\\/gemeinsam-zukunftsfaehig-zuercher-kmu-innovationstag-2025\\\/#primaryimage\"},\"image\":{\"@id\":\"https:\\\/\\\/www.organisator.ch\\\/management\\\/2025-03-25\\\/gemeinsam-zukunftsfaehig-zuercher-kmu-innovationstag-2025\\\/#primaryimage\"},\"thumbnailUrl\":\"https:\\\/\\\/www.organisator.ch\\\/wp-content\\\/uploads\\\/2025\\\/03\\\/Gemeinsam-zukunftsfaehig-Zuercher-KMU-Innovationstag-2025_Organisator.jpg\",\"datePublished\":\"2025-03-25T07:25:58+00:00\",\"dateModified\":\"2025-03-31T05:56:10+00:00\",\"description\":\"Mit kleinen Hebeln grosse Wirkung erzielen: Unter diesem Motto findet am 3. Juli 2025 der dritte Z\u00fcrcher KMU Innovationstag 2025 statt.\",\"breadcrumb\":{\"@id\":\"https:\\\/\\\/www.organisator.ch\\\/management\\\/2025-03-25\\\/gemeinsam-zukunftsfaehig-zuercher-kmu-innovationstag-2025\\\/#breadcrumb\"},\"inLanguage\":\"fr-FR\",\"potentialAction\":[{\"@type\":\"ReadAction\",\"target\":[\"https:\\\/\\\/www.organisator.ch\\\/management\\\/2025-03-25\\\/gemeinsam-zukunftsfaehig-zuercher-kmu-innovationstag-2025\\\/\"]}]},{\"@type\":\"ImageObject\",\"inLanguage\":\"fr-FR\",\"@id\":\"https:\\\/\\\/www.organisator.ch\\\/management\\\/2025-03-25\\\/gemeinsam-zukunftsfaehig-zuercher-kmu-innovationstag-2025\\\/#primaryimage\",\"url\":\"https:\\\/\\\/www.organisator.ch\\\/wp-content\\\/uploads\\\/2025\\\/03\\\/Gemeinsam-zukunftsfaehig-Zuercher-KMU-Innovationstag-2025_Organisator.jpg\",\"contentUrl\":\"https:\\\/\\\/www.organisator.ch\\\/wp-content\\\/uploads\\\/2025\\\/03\\\/Gemeinsam-zukunftsfaehig-Zuercher-KMU-Innovationstag-2025_Organisator.jpg\",\"width\":680,\"height\":410},{\"@type\":\"BreadcrumbList\",\"@id\":\"https:\\\/\\\/www.organisator.ch\\\/management\\\/2025-03-25\\\/gemeinsam-zukunftsfaehig-zuercher-kmu-innovationstag-2025\\\/#breadcrumb\",\"itemListElement\":[{\"@type\":\"ListItem\",\"position\":1,\"name\":\"Home\",\"item\":\"https:\\\/\\\/www.organisator.ch\\\/\"},{\"@type\":\"ListItem\",\"position\":2,\"name\":\"Gemeinsam zukunftsf\u00e4hig: Z\u00fcrcher KMU Innovationstag 2025\"}]},{\"@type\":\"WebSite\",\"@id\":\"https:\\\/\\\/www.organisator.ch\\\/#website\",\"url\":\"https:\\\/\\\/www.organisator.ch\\\/\",\"name\":\"Organisator\",\"description\":\"Kompetent. Praxisnah. Der ORGANISATOR bereitet in 10 Ausgaben pro Jahr die wesentlichen Themen f\u00fcr F\u00fchrungskr\u00e4fte von KMU auf.\",\"publisher\":{\"@id\":\"https:\\\/\\\/www.organisator.ch\\\/#organization\"},\"potentialAction\":[{\"@type\":\"SearchAction\",\"target\":{\"@type\":\"EntryPoint\",\"urlTemplate\":\"https:\\\/\\\/www.organisator.ch\\\/?s={search_term_string}\"},\"query-input\":{\"@type\":\"PropertyValueSpecification\",\"valueRequired\":true,\"valueName\":\"search_term_string\"}}],\"inLanguage\":\"fr-FR\"},{\"@type\":\"Organization\",\"@id\":\"https:\\\/\\\/www.organisator.ch\\\/#organization\",\"name\":\"Organisator\",\"url\":\"https:\\\/\\\/www.organisator.ch\\\/\",\"logo\":{\"@type\":\"ImageObject\",\"inLanguage\":\"fr-FR\",\"@id\":\"https:\\\/\\\/www.organisator.ch\\\/#\\\/schema\\\/logo\\\/image\\\/\",\"url\":\"https:\\\/\\\/www.organisator.ch\\\/wp-content\\\/uploads\\\/2022\\\/01\\\/Logo_Organisator_Website.png\",\"contentUrl\":\"https:\\\/\\\/www.organisator.ch\\\/wp-content\\\/uploads\\\/2022\\\/01\\\/Logo_Organisator_Website.png\",\"width\":800,\"height\":77,\"caption\":\"Organisator\"},\"image\":{\"@id\":\"https:\\\/\\\/www.organisator.ch\\\/#\\\/schema\\\/logo\\\/image\\\/\"},\"sameAs\":[\"https:\\\/\\\/www.facebook.com\\\/OrganisatorFachmagazin\",\"https:\\\/\\\/www.linkedin.com\\\/showcase\\\/organisator-das-magazin-fr-kmu\",\"https:\\\/\\\/www.xing.com\\\/news\\\/pages\\\/organisator-ch-695\",\"https:\\\/\\\/www.youtube.com\\\/channel\\\/UCGP2Sq0iWaZwT3BdIAQFYpw\"]},{\"@type\":\"Person\",\"@id\":\"https:\\\/\\\/www.organisator.ch\\\/#\\\/schema\\\/person\\\/6f650f90b2842cd4c0cc334b4e36f67e\",\"name\":\"thomas.berner\",\"image\":{\"@type\":\"ImageObject\",\"inLanguage\":\"fr-FR\",\"@id\":\"https:\\\/\\\/secure.gravatar.com\\\/avatar\\\/ac5001d2a36cb6c6cd3e50789007ffca834b477b74a2144564522e944eabff61?s=96&d=mm&r=g\",\"url\":\"https:\\\/\\\/secure.gravatar.com\\\/avatar\\\/ac5001d2a36cb6c6cd3e50789007ffca834b477b74a2144564522e944eabff61?s=96&d=mm&r=g\",\"contentUrl\":\"https:\\\/\\\/secure.gravatar.com\\\/avatar\\\/ac5001d2a36cb6c6cd3e50789007ffca834b477b74a2144564522e944eabff61?s=96&d=mm&r=g\",\"caption\":\"thomas.berner\"},\"url\":\"https:\\\/\\\/www.organisator.ch\\\/fr\\\/author\\\/thomas-berner\\\/\"}]}<\/script>\n<!-- \/ Yoast SEO plugin. -->","yoast_head_json":{"title":"Ensemble pour l'avenir : Journ\u00e9e zurichoise de l'innovation des PME 2025 - Organisateur","description":"Obtenir de grands r\u00e9sultats avec de petits leviers : C'est sous cette devise qu'aura lieu le 3 juillet 2025 la troisi\u00e8me Journ\u00e9e zurichoise de l'innovation des PME 2025.","robots":{"index":"index","follow":"follow","max-snippet":"max-snippet:-1","max-image-preview":"max-image-preview:large","max-video-preview":"max-video-preview:-1"},"canonical":"https:\/\/www.organisator.ch\/fr\/gestion-2\/2025-03-25\/gemeinsam-zukunftsfaehig-zuercher-kmu-innovationstag-2025\/","og_locale":"fr_FR","og_type":"article","og_title":"Gemeinsam zukunftsf\u00e4hig: Z\u00fcrcher KMU Innovationstag 2025","og_description":"Mit kleinen Hebeln grosse Wirkung erzielen: Unter diesem Motto findet am 3. Juli 2025 der dritte Z\u00fcrcher KMU Innovationstag 2025 statt.","og_url":"https:\/\/www.organisator.ch\/fr\/gestion-2\/2025-03-25\/gemeinsam-zukunftsfaehig-zuercher-kmu-innovationstag-2025\/","og_site_name":"Organisator","article_publisher":"https:\/\/www.facebook.com\/OrganisatorFachmagazin","article_published_time":"2025-03-25T07:25:58+00:00","article_modified_time":"2025-03-31T05:56:10+00:00","og_image":[{"width":680,"height":410,"url":"https:\/\/www.organisator.ch\/wp-content\/uploads\/2025\/03\/Gemeinsam-zukunftsfaehig-Zuercher-KMU-Innovationstag-2025_Organisator.jpg","type":"image\/jpeg"}],"author":"thomas.berner","twitter_card":"summary_large_image","twitter_title":"Gemeinsam #zukunftsf\u00e4hig: Z\u00fcrcher KMU #Innovationstag 2025","twitter_description":"Mit kleinen Hebeln grosse Wirkung erzielen: Unter diesem Motto findet am 3. Juli 2025 der dritte Z\u00fcrcher KMU Innovationstag 2025 statt. #KMUInnovationstag #Nachhaltigkeit #Innovation #DigitaleTransformation #F\u00fchrung","twitter_image":"https:\/\/www.organisator.ch\/wp-content\/uploads\/2025\/03\/Gemeinsam-zukunftsfaehig-Zuercher-KMU-Innovationstag-2025_Organisator.jpg","schema":{"@context":"https:\/\/schema.org","@graph":[{"@type":"Article","@id":"https:\/\/www.organisator.ch\/management\/2025-03-25\/gemeinsam-zukunftsfaehig-zuercher-kmu-innovationstag-2025\/#article","isPartOf":{"@id":"https:\/\/www.organisator.ch\/management\/2025-03-25\/gemeinsam-zukunftsfaehig-zuercher-kmu-innovationstag-2025\/"},"author":{"name":"thomas.berner","@id":"https:\/\/www.organisator.ch\/#\/schema\/person\/6f650f90b2842cd4c0cc334b4e36f67e"},"headline":"Gemeinsam zukunftsf\u00e4hig: Z\u00fcrcher KMU Innovationstag 2025","datePublished":"2025-03-25T07:25:58+00:00","dateModified":"2025-03-31T05:56:10+00:00","mainEntityOfPage":{"@id":"https:\/\/www.organisator.ch\/management\/2025-03-25\/gemeinsam-zukunftsfaehig-zuercher-kmu-innovationstag-2025\/"},"wordCount":241,"publisher":{"@id":"https:\/\/www.organisator.ch\/#organization"},"image":{"@id":"https:\/\/www.organisator.ch\/management\/2025-03-25\/gemeinsam-zukunftsfaehig-zuercher-kmu-innovationstag-2025\/#primaryimage"},"thumbnailUrl":"https:\/\/www.organisator.ch\/wp-content\/uploads\/2025\/03\/Gemeinsam-zukunftsfaehig-Zuercher-KMU-Innovationstag-2025_Organisator.jpg","keywords":["Fachkongress\/Fachmesse","Innovation","Management und Unternehmensf\u00fchrung","Veranstaltungen","Wirtschaftspolitik"],"articleSection":["MANAGEMENT"],"inLanguage":"fr-FR"},{"@type":"WebPage","@id":"https:\/\/www.organisator.ch\/management\/2025-03-25\/gemeinsam-zukunftsfaehig-zuercher-kmu-innovationstag-2025\/","url":"https:\/\/www.organisator.ch\/management\/2025-03-25\/gemeinsam-zukunftsfaehig-zuercher-kmu-innovationstag-2025\/","name":"Ensemble pour l'avenir : Journ\u00e9e zurichoise de l'innovation des PME 2025 - Organisateur","isPartOf":{"@id":"https:\/\/www.organisator.ch\/#website"},"primaryImageOfPage":{"@id":"https:\/\/www.organisator.ch\/management\/2025-03-25\/gemeinsam-zukunftsfaehig-zuercher-kmu-innovationstag-2025\/#primaryimage"},"image":{"@id":"https:\/\/www.organisator.ch\/management\/2025-03-25\/gemeinsam-zukunftsfaehig-zuercher-kmu-innovationstag-2025\/#primaryimage"},"thumbnailUrl":"https:\/\/www.organisator.ch\/wp-content\/uploads\/2025\/03\/Gemeinsam-zukunftsfaehig-Zuercher-KMU-Innovationstag-2025_Organisator.jpg","datePublished":"2025-03-25T07:25:58+00:00","dateModified":"2025-03-31T05:56:10+00:00","description":"Obtenir de grands r\u00e9sultats avec de petits leviers : C'est sous cette devise qu'aura lieu le 3 juillet 2025 la troisi\u00e8me Journ\u00e9e zurichoise de l'innovation des PME 2025.","breadcrumb":{"@id":"https:\/\/www.organisator.ch\/management\/2025-03-25\/gemeinsam-zukunftsfaehig-zuercher-kmu-innovationstag-2025\/#breadcrumb"},"inLanguage":"fr-FR","potentialAction":[{"@type":"ReadAction","target":["https:\/\/www.organisator.ch\/management\/2025-03-25\/gemeinsam-zukunftsfaehig-zuercher-kmu-innovationstag-2025\/"]}]},{"@type":"ImageObject","inLanguage":"fr-FR","@id":"https:\/\/www.organisator.ch\/management\/2025-03-25\/gemeinsam-zukunftsfaehig-zuercher-kmu-innovationstag-2025\/#primaryimage","url":"https:\/\/www.organisator.ch\/wp-content\/uploads\/2025\/03\/Gemeinsam-zukunftsfaehig-Zuercher-KMU-Innovationstag-2025_Organisator.jpg","contentUrl":"https:\/\/www.organisator.ch\/wp-content\/uploads\/2025\/03\/Gemeinsam-zukunftsfaehig-Zuercher-KMU-Innovationstag-2025_Organisator.jpg","width":680,"height":410},{"@type":"BreadcrumbList","@id":"https:\/\/www.organisator.ch\/management\/2025-03-25\/gemeinsam-zukunftsfaehig-zuercher-kmu-innovationstag-2025\/#breadcrumb","itemListElement":[{"@type":"ListItem","position":1,"name":"Home","item":"https:\/\/www.organisator.ch\/"},{"@type":"ListItem","position":2,"name":"Gemeinsam zukunftsf\u00e4hig: Z\u00fcrcher KMU Innovationstag 2025"}]},{"@type":"WebSite","@id":"https:\/\/www.organisator.ch\/#website","url":"https:\/\/www.organisator.ch\/","name":"Organisateur","description":"Comp\u00e9tence et comp\u00e9tence. Proches de la pratique. L'ORGANISATEUR pr\u00e9pare 10 num\u00e9ros par an sur les th\u00e8mes essentiels pour les dirigeants de PME.","publisher":{"@id":"https:\/\/www.organisator.ch\/#organization"},"potentialAction":[{"@type":"SearchAction","target":{"@type":"EntryPoint","urlTemplate":"https:\/\/www.organisator.ch\/?s={search_term_string}"},"query-input":{"@type":"PropertyValueSpecification","valueRequired":true,"valueName":"search_term_string"}}],"inLanguage":"fr-FR"},{"@type":"Organization","@id":"https:\/\/www.organisator.ch\/#organization","name":"Organisateur","url":"https:\/\/www.organisator.ch\/","logo":{"@type":"ImageObject","inLanguage":"fr-FR","@id":"https:\/\/www.organisator.ch\/#\/schema\/logo\/image\/","url":"https:\/\/www.organisator.ch\/wp-content\/uploads\/2022\/01\/Logo_Organisator_Website.png","contentUrl":"https:\/\/www.organisator.ch\/wp-content\/uploads\/2022\/01\/Logo_Organisator_Website.png","width":800,"height":77,"caption":"Organisator"},"image":{"@id":"https:\/\/www.organisator.ch\/#\/schema\/logo\/image\/"},"sameAs":["https:\/\/www.facebook.com\/OrganisatorFachmagazin","https:\/\/www.linkedin.com\/showcase\/organisator-das-magazin-fr-kmu","https:\/\/www.xing.com\/news\/pages\/organisator-ch-695","https:\/\/www.youtube.com\/channel\/UCGP2Sq0iWaZwT3BdIAQFYpw"]},{"@type":"Person","@id":"https:\/\/www.organisator.ch\/#\/schema\/person\/6f650f90b2842cd4c0cc334b4e36f67e","name":"thomas.berner","image":{"@type":"ImageObject","inLanguage":"fr-FR","@id":"https:\/\/secure.gravatar.com\/avatar\/ac5001d2a36cb6c6cd3e50789007ffca834b477b74a2144564522e944eabff61?s=96&d=mm&r=g","url":"https:\/\/secure.gravatar.com\/avatar\/ac5001d2a36cb6c6cd3e50789007ffca834b477b74a2144564522e944eabff61?s=96&d=mm&r=g","contentUrl":"https:\/\/secure.gravatar.com\/avatar\/ac5001d2a36cb6c6cd3e50789007ffca834b477b74a2144564522e944eabff61?s=96&d=mm&r=g","caption":"thomas.berner"},"url":"https:\/\/www.organisator.ch\/fr\/author\/thomas-berner\/"}]}},"_links":{"self":[{"href":"https:\/\/www.organisator.ch\/fr\/wp-json\/wp\/v2\/posts\/37151","targetHints":{"allow":["GET"]}}],"collection":[{"href":"https:\/\/www.organisator.ch\/fr\/wp-json\/wp\/v2\/posts"}],"about":[{"href":"https:\/\/www.organisator.ch\/fr\/wp-json\/wp\/v2\/types\/post"}],"author":[{"embeddable":true,"href":"https:\/\/www.organisator.ch\/fr\/wp-json\/wp\/v2\/users\/4"}],"replies":[{"embeddable":true,"href":"https:\/\/www.organisator.ch\/fr\/wp-json\/wp\/v2\/comments?post=37151"}],"version-history":[{"count":4,"href":"https:\/\/www.organisator.ch\/fr\/wp-json\/wp\/v2\/posts\/37151\/revisions"}],"predecessor-version":[{"id":37312,"href":"https:\/\/www.organisator.ch\/fr\/wp-json\/wp\/v2\/posts\/37151\/revisions\/37312"}],"wp:featuredmedia":[{"embeddable":true,"href":"https:\/\/www.organisator.ch\/fr\/wp-json\/wp\/v2\/media\/37152"}],"wp:attachment":[{"href":"https:\/\/www.organisator.ch\/fr\/wp-json\/wp\/v2\/media?parent=37151"}],"wp:term":[{"taxonomy":"category","embeddable":true,"href":"https:\/\/www.organisator.ch\/fr\/wp-json\/wp\/v2\/categories?post=37151"},{"taxonomy":"post_tag","embeddable":true,"href":"https:\/\/www.organisator.ch\/fr\/wp-json\/wp\/v2\/tags?post=37151"}],"curies":[{"name":"wp","href":"https:\/\/api.w.org\/{rel}","templated":true}]}}