{"id":37155,"date":"2025-03-25T09:29:09","date_gmt":"2025-03-25T08:29:09","guid":{"rendered":"https:\/\/www.organisator.ch\/?p=37155"},"modified":"2025-03-25T10:04:34","modified_gmt":"2025-03-25T09:04:34","slug":"die-xp-konferenz-kommt-zum-ersten-mal-in-die-schweiz","status":"publish","type":"post","link":"https:\/\/www.organisator.ch\/fr\/weiterbildung\/2025-03-25\/die-xp-konferenz-kommt-zum-ersten-mal-in-die-schweiz\/","title":{"rendered":"La conf\u00e9rence XP arrive pour la premi\u00e8re fois en Suisse"},"content":{"rendered":"<figure id=\"attachment_37156\" aria-describedby=\"caption-attachment-37156\" style=\"width: 596px\" class=\"wp-caption alignnone\"><img loading=\"lazy\" decoding=\"async\" class=\"wp-image-37156 size-full\" src=\"https:\/\/www.organisator.ch\/wp-content\/uploads\/2025\/03\/FHNW_Bild_ps-e1742893470368.jpg\" alt=\"\" width=\"596\" height=\"357\" srcset=\"https:\/\/www.organisator.ch\/wp-content\/uploads\/2025\/03\/FHNW_Bild_ps-e1742893470368.jpg 596w, https:\/\/www.organisator.ch\/wp-content\/uploads\/2025\/03\/FHNW_Bild_ps-e1742893470368-18x12.jpg 18w, https:\/\/www.organisator.ch\/wp-content\/uploads\/2025\/03\/FHNW_Bild_ps-e1742893470368-375x225.jpg 375w, https:\/\/www.organisator.ch\/wp-content\/uploads\/2025\/03\/FHNW_Bild_ps-e1742893470368-584x350.jpg 584w\" sizes=\"auto, (max-width: 596px) 100vw, 596px\" \/><figcaption id=\"caption-attachment-37156\" class=\"wp-caption-text\">La communaut\u00e9 Agile se r\u00e9unit du 2 au 5 juin 2025 \u00e0 la FHNW. Focus sur l'IA, l'ing\u00e9nierie de plateforme et les innovations. (Image : www.conf.researchr.org)<\/figcaption><\/figure>\n<p>Du 2 au 5 juin 2025, des chercheurs agiles, des praticiens, des penseurs, des coachs et des formateurs se r\u00e9uniront sur le campus FHNW de Brugg-Windisch pour pr\u00e9senter leurs derni\u00e8res recherches et innovations. L'XP attire des personnes du monde entier et offre un environnement diversifi\u00e9 et inclusif pour l'apprentissage et les discussions inspirantes.<\/p>\n<h3><strong>Accent sur l'intelligence artificielle (IA)<\/strong><\/h3>\n<p>En l'espace de quelques ann\u00e9es seulement, les outils d'IA se sont impos\u00e9s dans l'industrie et leurs performances ont augment\u00e9 de mani\u00e8re fulgurante. Avec des tendances telles que l'ing\u00e9nierie des plateformes, les applications conversationnelles, le d\u00e9veloppement durable de logiciels et d'autres innovations, la mani\u00e8re dont nous concevons, d\u00e9veloppons et exploitons les logiciels est en train de changer fondamentalement. Parall\u00e8lement, les logiciels font depuis longtemps partie de l'infrastructure critique - ils constituent l'\u00e9pine dorsale de nombreuses entreprises et sont d\u00e9cisifs pour leur succ\u00e8s.<\/p>\n<p>Le th\u00e8me principal de XP 2025 est donc : \"Adapt - Trouver de meilleurs moyens pour cr\u00e9er des produits logiciels de valeur\". L'accent sera mis sur la mani\u00e8re dont le d\u00e9veloppement logiciel agile peut \u00e9voluer - et sur les possibilit\u00e9s de conception active qui s'ouvrent \u00e0 cet \u00e9gard.<\/p>\n<h3><strong>Points forts de la conf\u00e9rence<\/strong><\/h3>\n<p>L'\u00e9quipe organisatrice a pu s'assurer la pr\u00e9sence de quatre orateurs cl\u00e9s passionnants :<\/p>\n<ul>\n<li><strong>Birgitta B\u00f6ckeler<\/strong>La directrice technique de Thought-Works, d\u00e9veloppeuse et architecte de logiciels, explique comment l'IA permet aux \u00e9quipes de d\u00e9veloppement agiles de progresser, et pas seulement au niveau du code.<\/li>\n<li><strong>Darja \u0160mite<\/strong>, professeur de d\u00e9veloppement logiciel au Blekinge Institute of Technology su\u00e9dois, parle des opportunit\u00e9s et des risques des formes de travail \u00e0 distance et hybrides pour la collaboration agile en \u00e9quipe.<\/li>\n<li><strong>Emily Bache<\/strong>Dans sa conf\u00e9rence, elle expliquera comment le coaching technique permet aux \u00e9quipes de d\u00e9veloppement agiles d'atteindre des niveaux de performance \u00e9lev\u00e9s, tout en am\u00e9liorant les comp\u00e9tences des d\u00e9veloppeurs et la culture de la qualit\u00e9.<\/li>\n<li><strong>Joshua Kerievsky<\/strong>, auteur, d\u00e9veloppeur de logiciels et fondateur d'Industrial Logic, parle de la gestion des risques dans le d\u00e9veloppement de logiciels commerciaux.<\/li>\n<\/ul>\n<p>Les keynotes seront compl\u00e9t\u00e9es par un programme vari\u00e9 : des ateliers pratiques et scientifiques, des rapports d'exp\u00e9rience, des documents de recherche et des formations pour les sp\u00e9cialistes de l'industrie et de la pratique.<\/p>\n<p>L'open space du mercredi est un point fort particulier : sous la devise \"Bring your topic\", il offre un espace pour des discussions auto-organis\u00e9es - autour des th\u00e8mes qui pr\u00e9occupent actuellement la communaut\u00e9.<\/p>\n<h3><strong>La R\u00e9publique tch\u00e8que en bref<\/strong><\/h3>\n<ul>\n<li>XP 2025<\/li>\n<li>2 - 5 juin 2025<\/li>\n<li>Lieu : FHNW Campus Brugg-Windisch<\/li>\n<li>Langue : anglais<\/li>\n<\/ul>\n<p><em><a href=\"https:\/\/conf.researchr.org\/home\/xp-2025\">Les inscriptions \u00e0 la conf\u00e9rence XP sont ouvertes d\u00e8s maintenant. <\/a><\/em><\/p>","protected":false},"excerpt":{"rendered":"<p>Le d\u00e9veloppement de logiciels agiles est en constante \u00e9volution. Une fois par an, la communaut\u00e9 internationale se r\u00e9unit lors de la conf\u00e9rence XP - l'\u00e9v\u00e9nement phare qui r\u00e9unit la recherche et la pratique dans l'environnement agile. La toute nouvelle Haute \u00e9cole d'informatique de la Haute \u00e9cole sp\u00e9cialis\u00e9e du Nord-Ouest de la Suisse FHNW a r\u00e9ussi \u00e0 faire venir la conf\u00e9rence en Suisse pour la premi\u00e8re fois en 26 ans d'histoire.<\/p>","protected":false},"author":80,"featured_media":37156,"comment_status":"closed","ping_status":"closed","sticky":false,"template":"","format":"standard","meta":{"_acf_changed":false,"_yoast_wpseo_focuskw":"XP 2025","_yoast_wpseo_metadesc":"Agile-Community trifft sich vom 2.\u20135. Juni 2025 an der FHNW. Fokus auf KI, Plattform-Engineering und Innovationen.","articlekey":"","footnotes":""},"categories":[30],"tags":[1168,274,298,2698,5228],"class_list":["post-37155","post","type-post","status-publish","format-standard","has-post-thumbnail","hentry","category-weiterbildung","tag-fhnw","tag-innovation","tag-ki","tag-softwareentwicklung","tag-xp-konferenz"],"acf":[],"yoast_head":"<!-- This site is optimized with the Yoast SEO plugin v27.5 - https:\/\/yoast.com\/product\/yoast-seo-wordpress\/ -->\n<title>Die XP-Konferenz kommt zum ersten Mal in die Schweiz - Organisator<\/title>\n<meta name=\"description\" content=\"Agile-Community trifft sich vom 2.\u20135. Juni 2025 an der FHNW. Fokus auf KI, Plattform-Engineering und Innovationen.\" \/>\n<meta name=\"robots\" content=\"index, follow, max-snippet:-1, max-image-preview:large, max-video-preview:-1\" \/>\n<link rel=\"canonical\" href=\"https:\/\/www.organisator.ch\/fr\/formation-continue-2\/2025-03-25\/die-xp-konferenz-kommt-zum-ersten-mal-in-die-schweiz\/\" \/>\n<meta property=\"og:locale\" content=\"fr_FR\" \/>\n<meta property=\"og:type\" content=\"article\" \/>\n<meta property=\"og:title\" content=\"Die XP-Konferenz kommt zum ersten Mal in die Schweiz\" \/>\n<meta property=\"og:description\" content=\"Agile-Community trifft sich vom 2.\u20135. Juni 2025 an der FHNW. Fokus auf KI, Plattform-Engineering und Innovationen.\" \/>\n<meta property=\"og:url\" content=\"https:\/\/www.organisator.ch\/fr\/formation-continue-2\/2025-03-25\/die-xp-konferenz-kommt-zum-ersten-mal-in-die-schweiz\/\" \/>\n<meta property=\"og:site_name\" content=\"Organisator\" \/>\n<meta property=\"article:publisher\" content=\"https:\/\/www.facebook.com\/OrganisatorFachmagazin\" \/>\n<meta property=\"article:published_time\" content=\"2025-03-25T08:29:09+00:00\" \/>\n<meta property=\"article:modified_time\" content=\"2025-03-25T09:04:34+00:00\" \/>\n<meta property=\"og:image\" content=\"https:\/\/www.organisator.ch\/wp-content\/uploads\/2025\/03\/FHNW_Bild_ps-e1742893470368.jpg\" \/>\n\t<meta property=\"og:image:width\" content=\"596\" \/>\n\t<meta property=\"og:image:height\" content=\"357\" \/>\n\t<meta property=\"og:image:type\" content=\"image\/jpeg\" \/>\n<meta name=\"author\" content=\"Dzana Muminovic\" \/>\n<meta name=\"twitter:card\" content=\"summary_large_image\" \/>\n<meta name=\"twitter:title\" content=\"Die XP-Konferenz kommt zum ersten Mal in die Schweiz\" \/>\n<meta name=\"twitter:description\" content=\"#Agile-#Community trifft sich vom 2.\u20135. Juni 2025 an der #FHNW. Fokus auf #KI, #Plattform-#Engineering und #Innovationen.\" \/>\n<meta name=\"twitter:image\" content=\"https:\/\/www.organisator.ch\/wp-content\/uploads\/2025\/03\/FHNW_Bild_ps-e1742893470368.jpg\" \/>\n<script type=\"application\/ld+json\" class=\"yoast-schema-graph\">{\"@context\":\"https:\\\/\\\/schema.org\",\"@graph\":[{\"@type\":\"Article\",\"@id\":\"https:\\\/\\\/www.organisator.ch\\\/weiterbildung\\\/2025-03-25\\\/die-xp-konferenz-kommt-zum-ersten-mal-in-die-schweiz\\\/#article\",\"isPartOf\":{\"@id\":\"https:\\\/\\\/www.organisator.ch\\\/weiterbildung\\\/2025-03-25\\\/die-xp-konferenz-kommt-zum-ersten-mal-in-die-schweiz\\\/\"},\"author\":{\"name\":\"Dzana Muminovic\",\"@id\":\"https:\\\/\\\/www.organisator.ch\\\/#\\\/schema\\\/person\\\/afccda3a71c06d4be2ed9100dd163db7\"},\"headline\":\"Die XP-Konferenz kommt zum ersten Mal in die Schweiz\",\"datePublished\":\"2025-03-25T08:29:09+00:00\",\"dateModified\":\"2025-03-25T09:04:34+00:00\",\"mainEntityOfPage\":{\"@id\":\"https:\\\/\\\/www.organisator.ch\\\/weiterbildung\\\/2025-03-25\\\/die-xp-konferenz-kommt-zum-ersten-mal-in-die-schweiz\\\/\"},\"wordCount\":384,\"publisher\":{\"@id\":\"https:\\\/\\\/www.organisator.ch\\\/#organization\"},\"image\":{\"@id\":\"https:\\\/\\\/www.organisator.ch\\\/weiterbildung\\\/2025-03-25\\\/die-xp-konferenz-kommt-zum-ersten-mal-in-die-schweiz\\\/#primaryimage\"},\"thumbnailUrl\":\"https:\\\/\\\/www.organisator.ch\\\/wp-content\\\/uploads\\\/2025\\\/03\\\/FHNW_Bild_ps-e1742893470368.jpg\",\"keywords\":[\"FHNW\",\"Innovation\",\"KI\",\"Softwareentwicklung\",\"XP-Konferenz\"],\"articleSection\":[\"WEITERBILDUNG\"],\"inLanguage\":\"fr-FR\"},{\"@type\":\"WebPage\",\"@id\":\"https:\\\/\\\/www.organisator.ch\\\/weiterbildung\\\/2025-03-25\\\/die-xp-konferenz-kommt-zum-ersten-mal-in-die-schweiz\\\/\",\"url\":\"https:\\\/\\\/www.organisator.ch\\\/weiterbildung\\\/2025-03-25\\\/die-xp-konferenz-kommt-zum-ersten-mal-in-die-schweiz\\\/\",\"name\":\"Die XP-Konferenz kommt zum ersten Mal in die Schweiz - Organisator\",\"isPartOf\":{\"@id\":\"https:\\\/\\\/www.organisator.ch\\\/#website\"},\"primaryImageOfPage\":{\"@id\":\"https:\\\/\\\/www.organisator.ch\\\/weiterbildung\\\/2025-03-25\\\/die-xp-konferenz-kommt-zum-ersten-mal-in-die-schweiz\\\/#primaryimage\"},\"image\":{\"@id\":\"https:\\\/\\\/www.organisator.ch\\\/weiterbildung\\\/2025-03-25\\\/die-xp-konferenz-kommt-zum-ersten-mal-in-die-schweiz\\\/#primaryimage\"},\"thumbnailUrl\":\"https:\\\/\\\/www.organisator.ch\\\/wp-content\\\/uploads\\\/2025\\\/03\\\/FHNW_Bild_ps-e1742893470368.jpg\",\"datePublished\":\"2025-03-25T08:29:09+00:00\",\"dateModified\":\"2025-03-25T09:04:34+00:00\",\"description\":\"Agile-Community trifft sich vom 2.\u20135. Juni 2025 an der FHNW. Fokus auf KI, Plattform-Engineering und Innovationen.\",\"breadcrumb\":{\"@id\":\"https:\\\/\\\/www.organisator.ch\\\/weiterbildung\\\/2025-03-25\\\/die-xp-konferenz-kommt-zum-ersten-mal-in-die-schweiz\\\/#breadcrumb\"},\"inLanguage\":\"fr-FR\",\"potentialAction\":[{\"@type\":\"ReadAction\",\"target\":[\"https:\\\/\\\/www.organisator.ch\\\/weiterbildung\\\/2025-03-25\\\/die-xp-konferenz-kommt-zum-ersten-mal-in-die-schweiz\\\/\"]}]},{\"@type\":\"ImageObject\",\"inLanguage\":\"fr-FR\",\"@id\":\"https:\\\/\\\/www.organisator.ch\\\/weiterbildung\\\/2025-03-25\\\/die-xp-konferenz-kommt-zum-ersten-mal-in-die-schweiz\\\/#primaryimage\",\"url\":\"https:\\\/\\\/www.organisator.ch\\\/wp-content\\\/uploads\\\/2025\\\/03\\\/FHNW_Bild_ps-e1742893470368.jpg\",\"contentUrl\":\"https:\\\/\\\/www.organisator.ch\\\/wp-content\\\/uploads\\\/2025\\\/03\\\/FHNW_Bild_ps-e1742893470368.jpg\",\"width\":596,\"height\":357,\"caption\":\"Agile-Community trifft sich vom 2.\u20135. Juni 2025 an der FHNW. Fokus auf KI, Plattform-Engineering und Innovationen. (Bild: www.conf.researchr.org)\"},{\"@type\":\"BreadcrumbList\",\"@id\":\"https:\\\/\\\/www.organisator.ch\\\/weiterbildung\\\/2025-03-25\\\/die-xp-konferenz-kommt-zum-ersten-mal-in-die-schweiz\\\/#breadcrumb\",\"itemListElement\":[{\"@type\":\"ListItem\",\"position\":1,\"name\":\"Home\",\"item\":\"https:\\\/\\\/www.organisator.ch\\\/\"},{\"@type\":\"ListItem\",\"position\":2,\"name\":\"Die XP-Konferenz kommt zum ersten Mal in die Schweiz\"}]},{\"@type\":\"WebSite\",\"@id\":\"https:\\\/\\\/www.organisator.ch\\\/#website\",\"url\":\"https:\\\/\\\/www.organisator.ch\\\/\",\"name\":\"Organisator\",\"description\":\"Kompetent. Praxisnah. Der ORGANISATOR bereitet in 10 Ausgaben pro Jahr die wesentlichen Themen f\u00fcr F\u00fchrungskr\u00e4fte von KMU auf.\",\"publisher\":{\"@id\":\"https:\\\/\\\/www.organisator.ch\\\/#organization\"},\"potentialAction\":[{\"@type\":\"SearchAction\",\"target\":{\"@type\":\"EntryPoint\",\"urlTemplate\":\"https:\\\/\\\/www.organisator.ch\\\/?s={search_term_string}\"},\"query-input\":{\"@type\":\"PropertyValueSpecification\",\"valueRequired\":true,\"valueName\":\"search_term_string\"}}],\"inLanguage\":\"fr-FR\"},{\"@type\":\"Organization\",\"@id\":\"https:\\\/\\\/www.organisator.ch\\\/#organization\",\"name\":\"Organisator\",\"url\":\"https:\\\/\\\/www.organisator.ch\\\/\",\"logo\":{\"@type\":\"ImageObject\",\"inLanguage\":\"fr-FR\",\"@id\":\"https:\\\/\\\/www.organisator.ch\\\/#\\\/schema\\\/logo\\\/image\\\/\",\"url\":\"https:\\\/\\\/www.organisator.ch\\\/wp-content\\\/uploads\\\/2022\\\/01\\\/Logo_Organisator_Website.png\",\"contentUrl\":\"https:\\\/\\\/www.organisator.ch\\\/wp-content\\\/uploads\\\/2022\\\/01\\\/Logo_Organisator_Website.png\",\"width\":800,\"height\":77,\"caption\":\"Organisator\"},\"image\":{\"@id\":\"https:\\\/\\\/www.organisator.ch\\\/#\\\/schema\\\/logo\\\/image\\\/\"},\"sameAs\":[\"https:\\\/\\\/www.facebook.com\\\/OrganisatorFachmagazin\",\"https:\\\/\\\/www.linkedin.com\\\/showcase\\\/organisator-das-magazin-fr-kmu\",\"https:\\\/\\\/www.xing.com\\\/news\\\/pages\\\/organisator-ch-695\",\"https:\\\/\\\/www.youtube.com\\\/channel\\\/UCGP2Sq0iWaZwT3BdIAQFYpw\"]},{\"@type\":\"Person\",\"@id\":\"https:\\\/\\\/www.organisator.ch\\\/#\\\/schema\\\/person\\\/afccda3a71c06d4be2ed9100dd163db7\",\"name\":\"Dzana Muminovic\",\"image\":{\"@type\":\"ImageObject\",\"inLanguage\":\"fr-FR\",\"@id\":\"https:\\\/\\\/secure.gravatar.com\\\/avatar\\\/909c5c71aff4b38e88686f2ab2f1ba152571f394f41ed8bae431ea56ced93050?s=96&d=mm&r=g\",\"url\":\"https:\\\/\\\/secure.gravatar.com\\\/avatar\\\/909c5c71aff4b38e88686f2ab2f1ba152571f394f41ed8bae431ea56ced93050?s=96&d=mm&r=g\",\"contentUrl\":\"https:\\\/\\\/secure.gravatar.com\\\/avatar\\\/909c5c71aff4b38e88686f2ab2f1ba152571f394f41ed8bae431ea56ced93050?s=96&d=mm&r=g\",\"caption\":\"Dzana Muminovic\"},\"url\":\"https:\\\/\\\/www.organisator.ch\\\/fr\\\/author\\\/dzana-muminovic\\\/\"}]}<\/script>\n<!-- \/ Yoast SEO plugin. -->","yoast_head_json":{"title":"La conf\u00e9rence XP arrive pour la premi\u00e8re fois en Suisse - Organisateur","description":"La communaut\u00e9 Agile se r\u00e9unit du 2 au 5 juin 2025 \u00e0 la FHNW. Focus sur l'IA, l'ing\u00e9nierie de plateforme et les innovations.","robots":{"index":"index","follow":"follow","max-snippet":"max-snippet:-1","max-image-preview":"max-image-preview:large","max-video-preview":"max-video-preview:-1"},"canonical":"https:\/\/www.organisator.ch\/fr\/formation-continue-2\/2025-03-25\/die-xp-konferenz-kommt-zum-ersten-mal-in-die-schweiz\/","og_locale":"fr_FR","og_type":"article","og_title":"Die XP-Konferenz kommt zum ersten Mal in die Schweiz","og_description":"Agile-Community trifft sich vom 2.\u20135. Juni 2025 an der FHNW. Fokus auf KI, Plattform-Engineering und Innovationen.","og_url":"https:\/\/www.organisator.ch\/fr\/formation-continue-2\/2025-03-25\/die-xp-konferenz-kommt-zum-ersten-mal-in-die-schweiz\/","og_site_name":"Organisator","article_publisher":"https:\/\/www.facebook.com\/OrganisatorFachmagazin","article_published_time":"2025-03-25T08:29:09+00:00","article_modified_time":"2025-03-25T09:04:34+00:00","og_image":[{"width":596,"height":357,"url":"https:\/\/www.organisator.ch\/wp-content\/uploads\/2025\/03\/FHNW_Bild_ps-e1742893470368.jpg","type":"image\/jpeg"}],"author":"Dzana Muminovic","twitter_card":"summary_large_image","twitter_title":"Die XP-Konferenz kommt zum ersten Mal in die Schweiz","twitter_description":"#Agile-#Community trifft sich vom 2.\u20135. Juni 2025 an der #FHNW. Fokus auf #KI, #Plattform-#Engineering und #Innovationen.","twitter_image":"https:\/\/www.organisator.ch\/wp-content\/uploads\/2025\/03\/FHNW_Bild_ps-e1742893470368.jpg","schema":{"@context":"https:\/\/schema.org","@graph":[{"@type":"Article","@id":"https:\/\/www.organisator.ch\/weiterbildung\/2025-03-25\/die-xp-konferenz-kommt-zum-ersten-mal-in-die-schweiz\/#article","isPartOf":{"@id":"https:\/\/www.organisator.ch\/weiterbildung\/2025-03-25\/die-xp-konferenz-kommt-zum-ersten-mal-in-die-schweiz\/"},"author":{"name":"Dzana Muminovic","@id":"https:\/\/www.organisator.ch\/#\/schema\/person\/afccda3a71c06d4be2ed9100dd163db7"},"headline":"Die XP-Konferenz kommt zum ersten Mal in die Schweiz","datePublished":"2025-03-25T08:29:09+00:00","dateModified":"2025-03-25T09:04:34+00:00","mainEntityOfPage":{"@id":"https:\/\/www.organisator.ch\/weiterbildung\/2025-03-25\/die-xp-konferenz-kommt-zum-ersten-mal-in-die-schweiz\/"},"wordCount":384,"publisher":{"@id":"https:\/\/www.organisator.ch\/#organization"},"image":{"@id":"https:\/\/www.organisator.ch\/weiterbildung\/2025-03-25\/die-xp-konferenz-kommt-zum-ersten-mal-in-die-schweiz\/#primaryimage"},"thumbnailUrl":"https:\/\/www.organisator.ch\/wp-content\/uploads\/2025\/03\/FHNW_Bild_ps-e1742893470368.jpg","keywords":["FHNW","Innovation","KI","Softwareentwicklung","XP-Konferenz"],"articleSection":["WEITERBILDUNG"],"inLanguage":"fr-FR"},{"@type":"WebPage","@id":"https:\/\/www.organisator.ch\/weiterbildung\/2025-03-25\/die-xp-konferenz-kommt-zum-ersten-mal-in-die-schweiz\/","url":"https:\/\/www.organisator.ch\/weiterbildung\/2025-03-25\/die-xp-konferenz-kommt-zum-ersten-mal-in-die-schweiz\/","name":"La conf\u00e9rence XP arrive pour la premi\u00e8re fois en Suisse - Organisateur","isPartOf":{"@id":"https:\/\/www.organisator.ch\/#website"},"primaryImageOfPage":{"@id":"https:\/\/www.organisator.ch\/weiterbildung\/2025-03-25\/die-xp-konferenz-kommt-zum-ersten-mal-in-die-schweiz\/#primaryimage"},"image":{"@id":"https:\/\/www.organisator.ch\/weiterbildung\/2025-03-25\/die-xp-konferenz-kommt-zum-ersten-mal-in-die-schweiz\/#primaryimage"},"thumbnailUrl":"https:\/\/www.organisator.ch\/wp-content\/uploads\/2025\/03\/FHNW_Bild_ps-e1742893470368.jpg","datePublished":"2025-03-25T08:29:09+00:00","dateModified":"2025-03-25T09:04:34+00:00","description":"La communaut\u00e9 Agile se r\u00e9unit du 2 au 5 juin 2025 \u00e0 la FHNW. Focus sur l'IA, l'ing\u00e9nierie de plateforme et les innovations.","breadcrumb":{"@id":"https:\/\/www.organisator.ch\/weiterbildung\/2025-03-25\/die-xp-konferenz-kommt-zum-ersten-mal-in-die-schweiz\/#breadcrumb"},"inLanguage":"fr-FR","potentialAction":[{"@type":"ReadAction","target":["https:\/\/www.organisator.ch\/weiterbildung\/2025-03-25\/die-xp-konferenz-kommt-zum-ersten-mal-in-die-schweiz\/"]}]},{"@type":"ImageObject","inLanguage":"fr-FR","@id":"https:\/\/www.organisator.ch\/weiterbildung\/2025-03-25\/die-xp-konferenz-kommt-zum-ersten-mal-in-die-schweiz\/#primaryimage","url":"https:\/\/www.organisator.ch\/wp-content\/uploads\/2025\/03\/FHNW_Bild_ps-e1742893470368.jpg","contentUrl":"https:\/\/www.organisator.ch\/wp-content\/uploads\/2025\/03\/FHNW_Bild_ps-e1742893470368.jpg","width":596,"height":357,"caption":"Agile-Community trifft sich vom 2.\u20135. Juni 2025 an der FHNW. Fokus auf KI, Plattform-Engineering und Innovationen. (Bild: www.conf.researchr.org)"},{"@type":"BreadcrumbList","@id":"https:\/\/www.organisator.ch\/weiterbildung\/2025-03-25\/die-xp-konferenz-kommt-zum-ersten-mal-in-die-schweiz\/#breadcrumb","itemListElement":[{"@type":"ListItem","position":1,"name":"Home","item":"https:\/\/www.organisator.ch\/"},{"@type":"ListItem","position":2,"name":"Die XP-Konferenz kommt zum ersten Mal in die Schweiz"}]},{"@type":"WebSite","@id":"https:\/\/www.organisator.ch\/#website","url":"https:\/\/www.organisator.ch\/","name":"Organisateur","description":"Comp\u00e9tence et comp\u00e9tence. Proches de la pratique. L'ORGANISATEUR pr\u00e9pare 10 num\u00e9ros par an sur les th\u00e8mes essentiels pour les dirigeants de PME.","publisher":{"@id":"https:\/\/www.organisator.ch\/#organization"},"potentialAction":[{"@type":"SearchAction","target":{"@type":"EntryPoint","urlTemplate":"https:\/\/www.organisator.ch\/?s={search_term_string}"},"query-input":{"@type":"PropertyValueSpecification","valueRequired":true,"valueName":"search_term_string"}}],"inLanguage":"fr-FR"},{"@type":"Organization","@id":"https:\/\/www.organisator.ch\/#organization","name":"Organisateur","url":"https:\/\/www.organisator.ch\/","logo":{"@type":"ImageObject","inLanguage":"fr-FR","@id":"https:\/\/www.organisator.ch\/#\/schema\/logo\/image\/","url":"https:\/\/www.organisator.ch\/wp-content\/uploads\/2022\/01\/Logo_Organisator_Website.png","contentUrl":"https:\/\/www.organisator.ch\/wp-content\/uploads\/2022\/01\/Logo_Organisator_Website.png","width":800,"height":77,"caption":"Organisator"},"image":{"@id":"https:\/\/www.organisator.ch\/#\/schema\/logo\/image\/"},"sameAs":["https:\/\/www.facebook.com\/OrganisatorFachmagazin","https:\/\/www.linkedin.com\/showcase\/organisator-das-magazin-fr-kmu","https:\/\/www.xing.com\/news\/pages\/organisator-ch-695","https:\/\/www.youtube.com\/channel\/UCGP2Sq0iWaZwT3BdIAQFYpw"]},{"@type":"Person","@id":"https:\/\/www.organisator.ch\/#\/schema\/person\/afccda3a71c06d4be2ed9100dd163db7","name":"Dzana Muminovic","image":{"@type":"ImageObject","inLanguage":"fr-FR","@id":"https:\/\/secure.gravatar.com\/avatar\/909c5c71aff4b38e88686f2ab2f1ba152571f394f41ed8bae431ea56ced93050?s=96&d=mm&r=g","url":"https:\/\/secure.gravatar.com\/avatar\/909c5c71aff4b38e88686f2ab2f1ba152571f394f41ed8bae431ea56ced93050?s=96&d=mm&r=g","contentUrl":"https:\/\/secure.gravatar.com\/avatar\/909c5c71aff4b38e88686f2ab2f1ba152571f394f41ed8bae431ea56ced93050?s=96&d=mm&r=g","caption":"Dzana Muminovic"},"url":"https:\/\/www.organisator.ch\/fr\/author\/dzana-muminovic\/"}]}},"_links":{"self":[{"href":"https:\/\/www.organisator.ch\/fr\/wp-json\/wp\/v2\/posts\/37155","targetHints":{"allow":["GET"]}}],"collection":[{"href":"https:\/\/www.organisator.ch\/fr\/wp-json\/wp\/v2\/posts"}],"about":[{"href":"https:\/\/www.organisator.ch\/fr\/wp-json\/wp\/v2\/types\/post"}],"author":[{"embeddable":true,"href":"https:\/\/www.organisator.ch\/fr\/wp-json\/wp\/v2\/users\/80"}],"replies":[{"embeddable":true,"href":"https:\/\/www.organisator.ch\/fr\/wp-json\/wp\/v2\/comments?post=37155"}],"version-history":[{"count":6,"href":"https:\/\/www.organisator.ch\/fr\/wp-json\/wp\/v2\/posts\/37155\/revisions"}],"predecessor-version":[{"id":37175,"href":"https:\/\/www.organisator.ch\/fr\/wp-json\/wp\/v2\/posts\/37155\/revisions\/37175"}],"wp:featuredmedia":[{"embeddable":true,"href":"https:\/\/www.organisator.ch\/fr\/wp-json\/wp\/v2\/media\/37156"}],"wp:attachment":[{"href":"https:\/\/www.organisator.ch\/fr\/wp-json\/wp\/v2\/media?parent=37155"}],"wp:term":[{"taxonomy":"category","embeddable":true,"href":"https:\/\/www.organisator.ch\/fr\/wp-json\/wp\/v2\/categories?post=37155"},{"taxonomy":"post_tag","embeddable":true,"href":"https:\/\/www.organisator.ch\/fr\/wp-json\/wp\/v2\/tags?post=37155"}],"curies":[{"name":"wp","href":"https:\/\/api.w.org\/{rel}","templated":true}]}}