{"id":37180,"date":"2025-03-25T11:40:43","date_gmt":"2025-03-25T10:40:43","guid":{"rendered":"https:\/\/www.organisator.ch\/?p=37180"},"modified":"2025-03-25T11:18:43","modified_gmt":"2025-03-25T10:18:43","slug":"umfrage-deckt-auf-in-diesen-berufen-rauchen-die-meisten-schweizer","status":"publish","type":"post","link":"https:\/\/www.organisator.ch\/fr\/human-resources\/2025-03-25\/umfrage-deckt-auf-in-diesen-berufen-rauchen-die-meisten-schweizer\/","title":{"rendered":"Une enqu\u00eate r\u00e9v\u00e8le que : La plupart des Suisses fument dans ces professions"},"content":{"rendered":"<figure id=\"attachment_37181\" aria-describedby=\"caption-attachment-37181\" style=\"width: 680px\" class=\"wp-caption alignnone\"><img loading=\"lazy\" decoding=\"async\" class=\"size-full wp-image-37181\" src=\"https:\/\/www.organisator.ch\/wp-content\/uploads\/2025\/03\/Raucherberufe_Bild_ps.jpg\" alt=\"\" width=\"680\" height=\"454\" srcset=\"https:\/\/www.organisator.ch\/wp-content\/uploads\/2025\/03\/Raucherberufe_Bild_ps.jpg 680w, https:\/\/www.organisator.ch\/wp-content\/uploads\/2025\/03\/Raucherberufe_Bild_ps-18x12.jpg 18w, https:\/\/www.organisator.ch\/wp-content\/uploads\/2025\/03\/Raucherberufe_Bild_ps-375x250.jpg 375w, https:\/\/www.organisator.ch\/wp-content\/uploads\/2025\/03\/Raucherberufe_Bild_ps-524x350.jpg 524w\" sizes=\"auto, (max-width: 680px) 100vw, 680px\" \/><figcaption id=\"caption-attachment-37181\" class=\"wp-caption-text\">La sant\u00e9 et la finance fument le plus : une nouvelle enqu\u00eate montre des diff\u00e9rences de comportement tabagique selon les professions en Suisse. (Image : www.depositphotos.com)<\/figcaption><\/figure>\n<p>Le stress est bien connu comme d\u00e9clencheur de l'envie de fumer. Mais les raisons qui poussent les Suisses \u00e0 prendre une cigarette avant, pendant et apr\u00e8s le travail vont au-del\u00e0 de ce facteur. Dans l'enqu\u00eate men\u00e9e en mars, deux fumeurs suisses sur trois (70 pour cent) ont indiqu\u00e9 que certaines conditions de travail favorisaient leur consommation. Mais pourquoi les gens fument-ils plus dans certaines professions que dans d'autres ? Markus Lindblad explique : \"Outre le stress et la pression du temps, les horaires de travail et l'environnement social jouent \u00e9galement un r\u00f4le important. Dans les \u00e9quipes o\u00f9 de nombreux coll\u00e8gues fument, il est souvent difficile de r\u00e9sister \u00e0 la tentation. Les horaires irr\u00e9guliers, comme c'est le cas dans le travail en \u00e9quipe, incitent \u00e9galement beaucoup de gens \u00e0 se tourner vers la cigarette\".<\/p>\n<h3><strong>Les secteurs de la sant\u00e9 et de la finance en t\u00eate : le stress comme moteur<\/strong><\/h3>\n<p>O\u00f9 trouve-t-on le plus grand nombre de fumeurs ? La premi\u00e8re place est occup\u00e9e par le secteur de la sant\u00e9, avec quatorze pour cent. \"La p\u00e9nurie de personnel qualifi\u00e9 persiste en Suisse. Selon l'Office f\u00e9d\u00e9ral de la sant\u00e9 publique (OFSP), il manquera environ 65.000 soignants en 2025. Moins de personnel signifie plus de stress pour les employ\u00e9s. De plus, les travailleurs de nuit ont souvent recours \u00e0 la cigarette pour se tenir \u00e9veill\u00e9s\", explique Lindblad. Il est suivi de pr\u00e8s par le secteur financier, o\u00f9 treize pour cent des personnes interrog\u00e9es fument. L'expert identifie \u00e9galement des facteurs de stress qui peuvent favoriser la consommation : \"De longs horaires de travail, une forte pression de rendement et des d\u00e9lais serr\u00e9s poussent de nombreux employ\u00e9s du monde de la finance \u00e0 prendre une cigarette. Dans les professions o\u00f9 l'on assume de nombreuses responsabilit\u00e9s, le tabagisme est souvent utilis\u00e9 comme un exutoire \u00e0 court terme\".<\/p>\n<p>Environ une personne sur dix fume dans le secteur \"informatique et t\u00e9l\u00e9communication\" (11 pour cent) et \"architecture, ing\u00e9nierie et construction\" (9 pour cent). \"Dans le b\u00e2timent en particulier, la cigarette est une image habituelle. Ici, la pause cigarette fait partie d'une certaine tradition, afin de pouvoir se soulager bri\u00e8vement entre un dur travail physique. Une enqu\u00eate que nous avons command\u00e9e l'ann\u00e9e derni\u00e8re montre en outre que les Suisses font en moyenne trois pauses d'environ dix minutes chacune au cours d'une journ\u00e9e de travail. Extrapol\u00e9 \u00e0 une semaine, cela repr\u00e9sente deux heures et demie pass\u00e9es \u00e0 fumer\", ajoute l'expert.<\/p>\n<h3><strong>Intellectuelles, mon cul ! La cigarette n'est plus de mise dans les professions cr\u00e9atives.<\/strong><\/h3>\n<p>Ce qui est surprenant, c'est que dans les professions cr\u00e9atives, o\u00f9 la \"cigarette\" est souvent associ\u00e9e \u00e0 la force d'expression et \u00e0 l'inspiration, le tabagisme n'a plus du tout la cote. Dans l'art et la culture, on ne trouve que cinq pour cent de salari\u00e9s, et dans la vente, les m\u00e9dias et le marketing, ils ne sont m\u00eame que quatre pour cent. \"On constate ici une \u00e9volution de la soci\u00e9t\u00e9 : alors que fumer \u00e9tait autrefois consid\u00e9r\u00e9 comme rebelle ou intellectuel, il a perdu son facteur de coolitude dans ces secteurs. Aujourd'hui, la sant\u00e9, la forme physique et un style de vie conscient sont davantage mis en avant\", estime Lindblad.<\/p>\n<h3><strong>20 cigares par jour : dans ces professions, on fume \u00e0 tout va <\/strong><\/h3>\n<p>En moyenne, les personnes interrog\u00e9es consomment environ dix cigarettes par jour. Mais la quantit\u00e9 de tabac consomm\u00e9e d\u00e9pend fortement du secteur professionnel, comme l'explique Lindblad : \"Les diff\u00e9rences entre les secteurs sont nettes\". Les secteurs o\u00f9 l'on fume le plus sont \"le commerce de d\u00e9tail, la restauration et les loisirs\" (12,35 cigarettes\/jour), suivis par \"les voyages et les transports\" (12,09 cigarettes\/jour), \"la production et les services publics\" (11,86 cigarettes\/jour), et \"l'architecture, l'ing\u00e9nierie et la construction\" (11,64 cigarettes\/jour).<\/p>\n<p>Mais il existe aussi des secteurs o\u00f9 l'on fume moins. Dans le domaine des arts et de la culture, du marketing, des m\u00e9dias et de la vente ainsi que dans le secteur juridique, la consommation se situe autour de huit \u00e0 neuf cigarettes par jour. Particuli\u00e8rement surprenant : le secteur financier, o\u00f9 certes beaucoup de gens fument, se situe dans la moyenne inf\u00e9rieure avec environ huit cigarettes par jour.<\/p>\n<p>Tout aussi frappant : dans le secteur de la construction, 32 pour cent des personnes interrog\u00e9es ont d\u00e9clar\u00e9 fumer entre 15 et 20 cigarettes par jour. \"Dans ce secteur, la pause cigarette est souvent per\u00e7ue comme un court moment de d\u00e9tente et c'est la raison pour laquelle beaucoup prennent plus souvent la cigarette\", explique Lindblad. Le secteur de la sant\u00e9, o\u00f9 l'on trouve le plus de fumeurs, se situe en revanche dans la moyenne. Ici, seuls 17 pour cent consomment un nombre aussi \u00e9lev\u00e9 de cigarettes, la plupart (40 pour cent) se situent dans la moyenne avec six \u00e0 dix cigarettes.<\/p>\n<h3><strong>Journ\u00e9e de travail ou temps libre ? Fumer reste une habitude bien ancr\u00e9e<\/strong><\/h3>\n<p>Le stress au travail est un d\u00e9clencheur \u00e9vident de la prise du vice - mais la consommation reste \u00e9lev\u00e9e m\u00eame les jours de cong\u00e9. Alors que 37 pour cent des personnes interrog\u00e9es fument davantage les jours de travail, 41 pour cent indiquent qu'elles allument plus souvent une cigarette pendant leur temps libre. Une personne sur cinq fume autant chaque jour. \"La consommation commence souvent en raison du stress et devient rapidement une simple habitude - beaucoup prennent une cigarette ind\u00e9pendamment du jour de la semaine\", explique Lindblad. Et c'est pr\u00e9cis\u00e9ment ce qui fait qu'il est si difficile de se d\u00e9barrasser de la \"clope\". \"Une fois que l'on commence \u00e0 fumer, on l'associe souvent \u00e0 certaines routines. Il est donc difficile pour beaucoup d'entre eux d'arr\u00eater\", explique-t-il. Les alternatives sans fum\u00e9e comme le snus peuvent ici offrir une possibilit\u00e9 d'organiser diff\u00e9remment la consommation de nicotine.<\/p>\n<p><em><a href=\"https:\/\/www.snusmarkt.ch\/\">Plus d'informations<\/a><\/em><\/p>","protected":false},"excerpt":{"rendered":"<p>Alors qu'en Suisse, dans certaines professions, le tabagisme semble presque avoir disparu, dans d'autres, il fait toujours partie du quotidien professionnel. Une r\u00e9cente enqu\u00eate men\u00e9e par Censuswide pour le compte du distributeur en ligne SnusMarkt aupr\u00e8s de 500 fumeurs professionnels suisses r\u00e9v\u00e8le que c'est dans le secteur de la sant\u00e9 et de la finance que l'on fume le plus souvent !<\/p>","protected":false},"author":80,"featured_media":37181,"comment_status":"closed","ping_status":"closed","sticky":false,"template":"","format":"standard","meta":{"_acf_changed":false,"_yoast_wpseo_focuskw":"Raucherberufe Schweiz","_yoast_wpseo_metadesc":"Gesundheit und Finanzen rauchen am meisten: Neue Umfrage zeigt Unterschiede im Rauchverhalten je nach Beruf in der Schweiz.","articlekey":"","footnotes":""},"categories":[579],"tags":[4202,5234,5235,424,5074,487],"class_list":["post-37180","post","type-post","status-publish","format-standard","has-post-thumbnail","hentry","category-human-resources","tag-gesundheitsbranche","tag-rauchen","tag-raucherpause","tag-schweiz","tag-stress","tag-umfrage"],"acf":[],"yoast_head":"<!-- This site is optimized with the Yoast SEO plugin v27.4 - https:\/\/yoast.com\/product\/yoast-seo-wordpress\/ -->\n<title>Umfrage deckt auf: In diesen Berufen rauchen die meisten Schweizer - Organisator<\/title>\n<meta name=\"description\" content=\"Gesundheit und Finanzen rauchen am meisten: Neue Umfrage zeigt Unterschiede im Rauchverhalten je nach Beruf in der Schweiz.\" \/>\n<meta name=\"robots\" content=\"index, follow, max-snippet:-1, max-image-preview:large, max-video-preview:-1\" \/>\n<link rel=\"canonical\" href=\"https:\/\/www.organisator.ch\/fr\/ressources-humaines\/2025-03-25\/umfrage-deckt-auf-in-diesen-berufen-rauchen-die-meisten-schweizer\/\" \/>\n<meta property=\"og:locale\" content=\"fr_FR\" \/>\n<meta property=\"og:type\" content=\"article\" \/>\n<meta property=\"og:title\" content=\"In diesen Berufen rauchen die meisten Schweizer\" \/>\n<meta property=\"og:description\" content=\"Gesundheit und Finanzen rauchen am meisten: Neue Umfrage zeigt Unterschiede im Rauchverhalten je nach Beruf in der Schweiz.\" \/>\n<meta property=\"og:url\" content=\"https:\/\/www.organisator.ch\/fr\/ressources-humaines\/2025-03-25\/umfrage-deckt-auf-in-diesen-berufen-rauchen-die-meisten-schweizer\/\" \/>\n<meta property=\"og:site_name\" content=\"Organisator\" \/>\n<meta property=\"article:publisher\" content=\"https:\/\/www.facebook.com\/OrganisatorFachmagazin\" \/>\n<meta property=\"article:published_time\" content=\"2025-03-25T10:40:43+00:00\" \/>\n<meta property=\"og:image\" content=\"https:\/\/www.organisator.ch\/wp-content\/uploads\/2025\/03\/Raucherberufe_Bild_ps.jpg\" \/>\n\t<meta property=\"og:image:width\" content=\"680\" \/>\n\t<meta property=\"og:image:height\" content=\"454\" \/>\n\t<meta property=\"og:image:type\" content=\"image\/jpeg\" \/>\n<meta name=\"author\" content=\"Dzana Muminovic\" \/>\n<meta name=\"twitter:card\" content=\"summary_large_image\" \/>\n<meta name=\"twitter:title\" content=\"In diesen Berufen rauchen die meisten Schweizer\" \/>\n<meta name=\"twitter:description\" content=\"#Gesundheit und #Finanzen rauchen am meisten: Neue #Umfrage zeigt Unterschiede im #Rauchverhalten je nach #Beruf in der #Schweiz.\" \/>\n<meta name=\"twitter:image\" content=\"https:\/\/www.organisator.ch\/wp-content\/uploads\/2025\/03\/Raucherberufe_Bild_ps.jpg\" \/>\n<script type=\"application\/ld+json\" class=\"yoast-schema-graph\">{\"@context\":\"https:\\\/\\\/schema.org\",\"@graph\":[{\"@type\":\"Article\",\"@id\":\"https:\\\/\\\/www.organisator.ch\\\/human-resources\\\/2025-03-25\\\/umfrage-deckt-auf-in-diesen-berufen-rauchen-die-meisten-schweizer\\\/#article\",\"isPartOf\":{\"@id\":\"https:\\\/\\\/www.organisator.ch\\\/human-resources\\\/2025-03-25\\\/umfrage-deckt-auf-in-diesen-berufen-rauchen-die-meisten-schweizer\\\/\"},\"author\":{\"name\":\"Dzana Muminovic\",\"@id\":\"https:\\\/\\\/www.organisator.ch\\\/#\\\/schema\\\/person\\\/afccda3a71c06d4be2ed9100dd163db7\"},\"headline\":\"Umfrage deckt auf: In diesen Berufen rauchen die meisten Schweizer\",\"datePublished\":\"2025-03-25T10:40:43+00:00\",\"mainEntityOfPage\":{\"@id\":\"https:\\\/\\\/www.organisator.ch\\\/human-resources\\\/2025-03-25\\\/umfrage-deckt-auf-in-diesen-berufen-rauchen-die-meisten-schweizer\\\/\"},\"wordCount\":822,\"publisher\":{\"@id\":\"https:\\\/\\\/www.organisator.ch\\\/#organization\"},\"image\":{\"@id\":\"https:\\\/\\\/www.organisator.ch\\\/human-resources\\\/2025-03-25\\\/umfrage-deckt-auf-in-diesen-berufen-rauchen-die-meisten-schweizer\\\/#primaryimage\"},\"thumbnailUrl\":\"https:\\\/\\\/www.organisator.ch\\\/wp-content\\\/uploads\\\/2025\\\/03\\\/Raucherberufe_Bild_ps.jpg\",\"keywords\":[\"Gesundheitsbranche\",\"Rauchen\",\"Raucherpause\",\"Schweiz\",\"Stress\",\"Umfrage\"],\"articleSection\":[\"HUMAN RESOURCES\"],\"inLanguage\":\"fr-FR\"},{\"@type\":\"WebPage\",\"@id\":\"https:\\\/\\\/www.organisator.ch\\\/human-resources\\\/2025-03-25\\\/umfrage-deckt-auf-in-diesen-berufen-rauchen-die-meisten-schweizer\\\/\",\"url\":\"https:\\\/\\\/www.organisator.ch\\\/human-resources\\\/2025-03-25\\\/umfrage-deckt-auf-in-diesen-berufen-rauchen-die-meisten-schweizer\\\/\",\"name\":\"Umfrage deckt auf: In diesen Berufen rauchen die meisten Schweizer - Organisator\",\"isPartOf\":{\"@id\":\"https:\\\/\\\/www.organisator.ch\\\/#website\"},\"primaryImageOfPage\":{\"@id\":\"https:\\\/\\\/www.organisator.ch\\\/human-resources\\\/2025-03-25\\\/umfrage-deckt-auf-in-diesen-berufen-rauchen-die-meisten-schweizer\\\/#primaryimage\"},\"image\":{\"@id\":\"https:\\\/\\\/www.organisator.ch\\\/human-resources\\\/2025-03-25\\\/umfrage-deckt-auf-in-diesen-berufen-rauchen-die-meisten-schweizer\\\/#primaryimage\"},\"thumbnailUrl\":\"https:\\\/\\\/www.organisator.ch\\\/wp-content\\\/uploads\\\/2025\\\/03\\\/Raucherberufe_Bild_ps.jpg\",\"datePublished\":\"2025-03-25T10:40:43+00:00\",\"description\":\"Gesundheit und Finanzen rauchen am meisten: Neue Umfrage zeigt Unterschiede im Rauchverhalten je nach Beruf in der Schweiz.\",\"breadcrumb\":{\"@id\":\"https:\\\/\\\/www.organisator.ch\\\/human-resources\\\/2025-03-25\\\/umfrage-deckt-auf-in-diesen-berufen-rauchen-die-meisten-schweizer\\\/#breadcrumb\"},\"inLanguage\":\"fr-FR\",\"potentialAction\":[{\"@type\":\"ReadAction\",\"target\":[\"https:\\\/\\\/www.organisator.ch\\\/human-resources\\\/2025-03-25\\\/umfrage-deckt-auf-in-diesen-berufen-rauchen-die-meisten-schweizer\\\/\"]}]},{\"@type\":\"ImageObject\",\"inLanguage\":\"fr-FR\",\"@id\":\"https:\\\/\\\/www.organisator.ch\\\/human-resources\\\/2025-03-25\\\/umfrage-deckt-auf-in-diesen-berufen-rauchen-die-meisten-schweizer\\\/#primaryimage\",\"url\":\"https:\\\/\\\/www.organisator.ch\\\/wp-content\\\/uploads\\\/2025\\\/03\\\/Raucherberufe_Bild_ps.jpg\",\"contentUrl\":\"https:\\\/\\\/www.organisator.ch\\\/wp-content\\\/uploads\\\/2025\\\/03\\\/Raucherberufe_Bild_ps.jpg\",\"width\":680,\"height\":454,\"caption\":\"Gesundheit und Finanzen rauchen am meisten: Neue Umfrage zeigt Unterschiede im Rauchverhalten je nach Beruf in der Schweiz. (Bild: www.depositphotos.com)\"},{\"@type\":\"BreadcrumbList\",\"@id\":\"https:\\\/\\\/www.organisator.ch\\\/human-resources\\\/2025-03-25\\\/umfrage-deckt-auf-in-diesen-berufen-rauchen-die-meisten-schweizer\\\/#breadcrumb\",\"itemListElement\":[{\"@type\":\"ListItem\",\"position\":1,\"name\":\"Home\",\"item\":\"https:\\\/\\\/www.organisator.ch\\\/\"},{\"@type\":\"ListItem\",\"position\":2,\"name\":\"Umfrage deckt auf: In diesen Berufen rauchen die meisten Schweizer\"}]},{\"@type\":\"WebSite\",\"@id\":\"https:\\\/\\\/www.organisator.ch\\\/#website\",\"url\":\"https:\\\/\\\/www.organisator.ch\\\/\",\"name\":\"Organisator\",\"description\":\"Kompetent. Praxisnah. Der ORGANISATOR bereitet in 10 Ausgaben pro Jahr die wesentlichen Themen f\u00fcr F\u00fchrungskr\u00e4fte von KMU auf.\",\"publisher\":{\"@id\":\"https:\\\/\\\/www.organisator.ch\\\/#organization\"},\"potentialAction\":[{\"@type\":\"SearchAction\",\"target\":{\"@type\":\"EntryPoint\",\"urlTemplate\":\"https:\\\/\\\/www.organisator.ch\\\/?s={search_term_string}\"},\"query-input\":{\"@type\":\"PropertyValueSpecification\",\"valueRequired\":true,\"valueName\":\"search_term_string\"}}],\"inLanguage\":\"fr-FR\"},{\"@type\":\"Organization\",\"@id\":\"https:\\\/\\\/www.organisator.ch\\\/#organization\",\"name\":\"Organisator\",\"url\":\"https:\\\/\\\/www.organisator.ch\\\/\",\"logo\":{\"@type\":\"ImageObject\",\"inLanguage\":\"fr-FR\",\"@id\":\"https:\\\/\\\/www.organisator.ch\\\/#\\\/schema\\\/logo\\\/image\\\/\",\"url\":\"https:\\\/\\\/www.organisator.ch\\\/wp-content\\\/uploads\\\/2022\\\/01\\\/Logo_Organisator_Website.png\",\"contentUrl\":\"https:\\\/\\\/www.organisator.ch\\\/wp-content\\\/uploads\\\/2022\\\/01\\\/Logo_Organisator_Website.png\",\"width\":800,\"height\":77,\"caption\":\"Organisator\"},\"image\":{\"@id\":\"https:\\\/\\\/www.organisator.ch\\\/#\\\/schema\\\/logo\\\/image\\\/\"},\"sameAs\":[\"https:\\\/\\\/www.facebook.com\\\/OrganisatorFachmagazin\",\"https:\\\/\\\/www.linkedin.com\\\/showcase\\\/organisator-das-magazin-fr-kmu\",\"https:\\\/\\\/www.xing.com\\\/news\\\/pages\\\/organisator-ch-695\",\"https:\\\/\\\/www.youtube.com\\\/channel\\\/UCGP2Sq0iWaZwT3BdIAQFYpw\"]},{\"@type\":\"Person\",\"@id\":\"https:\\\/\\\/www.organisator.ch\\\/#\\\/schema\\\/person\\\/afccda3a71c06d4be2ed9100dd163db7\",\"name\":\"Dzana Muminovic\",\"image\":{\"@type\":\"ImageObject\",\"inLanguage\":\"fr-FR\",\"@id\":\"https:\\\/\\\/secure.gravatar.com\\\/avatar\\\/909c5c71aff4b38e88686f2ab2f1ba152571f394f41ed8bae431ea56ced93050?s=96&d=mm&r=g\",\"url\":\"https:\\\/\\\/secure.gravatar.com\\\/avatar\\\/909c5c71aff4b38e88686f2ab2f1ba152571f394f41ed8bae431ea56ced93050?s=96&d=mm&r=g\",\"contentUrl\":\"https:\\\/\\\/secure.gravatar.com\\\/avatar\\\/909c5c71aff4b38e88686f2ab2f1ba152571f394f41ed8bae431ea56ced93050?s=96&d=mm&r=g\",\"caption\":\"Dzana Muminovic\"},\"url\":\"https:\\\/\\\/www.organisator.ch\\\/fr\\\/author\\\/dzana-muminovic\\\/\"}]}<\/script>\n<!-- \/ Yoast SEO plugin. -->","yoast_head_json":{"title":"Une enqu\u00eate r\u00e9v\u00e8le que : La plupart des Suisses fument dans ces professions - Organisateur","description":"La sant\u00e9 et la finance fument le plus : une nouvelle enqu\u00eate r\u00e9v\u00e8le des diff\u00e9rences de comportement tabagique selon les professions en Suisse.","robots":{"index":"index","follow":"follow","max-snippet":"max-snippet:-1","max-image-preview":"max-image-preview:large","max-video-preview":"max-video-preview:-1"},"canonical":"https:\/\/www.organisator.ch\/fr\/ressources-humaines\/2025-03-25\/umfrage-deckt-auf-in-diesen-berufen-rauchen-die-meisten-schweizer\/","og_locale":"fr_FR","og_type":"article","og_title":"In diesen Berufen rauchen die meisten Schweizer","og_description":"Gesundheit und Finanzen rauchen am meisten: Neue Umfrage zeigt Unterschiede im Rauchverhalten je nach Beruf in der Schweiz.","og_url":"https:\/\/www.organisator.ch\/fr\/ressources-humaines\/2025-03-25\/umfrage-deckt-auf-in-diesen-berufen-rauchen-die-meisten-schweizer\/","og_site_name":"Organisator","article_publisher":"https:\/\/www.facebook.com\/OrganisatorFachmagazin","article_published_time":"2025-03-25T10:40:43+00:00","og_image":[{"width":680,"height":454,"url":"https:\/\/www.organisator.ch\/wp-content\/uploads\/2025\/03\/Raucherberufe_Bild_ps.jpg","type":"image\/jpeg"}],"author":"Dzana Muminovic","twitter_card":"summary_large_image","twitter_title":"In diesen Berufen rauchen die meisten Schweizer","twitter_description":"#Gesundheit und #Finanzen rauchen am meisten: Neue #Umfrage zeigt Unterschiede im #Rauchverhalten je nach #Beruf in der #Schweiz.","twitter_image":"https:\/\/www.organisator.ch\/wp-content\/uploads\/2025\/03\/Raucherberufe_Bild_ps.jpg","schema":{"@context":"https:\/\/schema.org","@graph":[{"@type":"Article","@id":"https:\/\/www.organisator.ch\/human-resources\/2025-03-25\/umfrage-deckt-auf-in-diesen-berufen-rauchen-die-meisten-schweizer\/#article","isPartOf":{"@id":"https:\/\/www.organisator.ch\/human-resources\/2025-03-25\/umfrage-deckt-auf-in-diesen-berufen-rauchen-die-meisten-schweizer\/"},"author":{"name":"Dzana Muminovic","@id":"https:\/\/www.organisator.ch\/#\/schema\/person\/afccda3a71c06d4be2ed9100dd163db7"},"headline":"Umfrage deckt auf: In diesen Berufen rauchen die meisten Schweizer","datePublished":"2025-03-25T10:40:43+00:00","mainEntityOfPage":{"@id":"https:\/\/www.organisator.ch\/human-resources\/2025-03-25\/umfrage-deckt-auf-in-diesen-berufen-rauchen-die-meisten-schweizer\/"},"wordCount":822,"publisher":{"@id":"https:\/\/www.organisator.ch\/#organization"},"image":{"@id":"https:\/\/www.organisator.ch\/human-resources\/2025-03-25\/umfrage-deckt-auf-in-diesen-berufen-rauchen-die-meisten-schweizer\/#primaryimage"},"thumbnailUrl":"https:\/\/www.organisator.ch\/wp-content\/uploads\/2025\/03\/Raucherberufe_Bild_ps.jpg","keywords":["Gesundheitsbranche","Rauchen","Raucherpause","Schweiz","Stress","Umfrage"],"articleSection":["HUMAN RESOURCES"],"inLanguage":"fr-FR"},{"@type":"WebPage","@id":"https:\/\/www.organisator.ch\/human-resources\/2025-03-25\/umfrage-deckt-auf-in-diesen-berufen-rauchen-die-meisten-schweizer\/","url":"https:\/\/www.organisator.ch\/human-resources\/2025-03-25\/umfrage-deckt-auf-in-diesen-berufen-rauchen-die-meisten-schweizer\/","name":"Une enqu\u00eate r\u00e9v\u00e8le que : La plupart des Suisses fument dans ces professions - Organisateur","isPartOf":{"@id":"https:\/\/www.organisator.ch\/#website"},"primaryImageOfPage":{"@id":"https:\/\/www.organisator.ch\/human-resources\/2025-03-25\/umfrage-deckt-auf-in-diesen-berufen-rauchen-die-meisten-schweizer\/#primaryimage"},"image":{"@id":"https:\/\/www.organisator.ch\/human-resources\/2025-03-25\/umfrage-deckt-auf-in-diesen-berufen-rauchen-die-meisten-schweizer\/#primaryimage"},"thumbnailUrl":"https:\/\/www.organisator.ch\/wp-content\/uploads\/2025\/03\/Raucherberufe_Bild_ps.jpg","datePublished":"2025-03-25T10:40:43+00:00","description":"La sant\u00e9 et la finance fument le plus : une nouvelle enqu\u00eate r\u00e9v\u00e8le des diff\u00e9rences de comportement tabagique selon les professions en Suisse.","breadcrumb":{"@id":"https:\/\/www.organisator.ch\/human-resources\/2025-03-25\/umfrage-deckt-auf-in-diesen-berufen-rauchen-die-meisten-schweizer\/#breadcrumb"},"inLanguage":"fr-FR","potentialAction":[{"@type":"ReadAction","target":["https:\/\/www.organisator.ch\/human-resources\/2025-03-25\/umfrage-deckt-auf-in-diesen-berufen-rauchen-die-meisten-schweizer\/"]}]},{"@type":"ImageObject","inLanguage":"fr-FR","@id":"https:\/\/www.organisator.ch\/human-resources\/2025-03-25\/umfrage-deckt-auf-in-diesen-berufen-rauchen-die-meisten-schweizer\/#primaryimage","url":"https:\/\/www.organisator.ch\/wp-content\/uploads\/2025\/03\/Raucherberufe_Bild_ps.jpg","contentUrl":"https:\/\/www.organisator.ch\/wp-content\/uploads\/2025\/03\/Raucherberufe_Bild_ps.jpg","width":680,"height":454,"caption":"Gesundheit und Finanzen rauchen am meisten: Neue Umfrage zeigt Unterschiede im Rauchverhalten je nach Beruf in der Schweiz. (Bild: www.depositphotos.com)"},{"@type":"BreadcrumbList","@id":"https:\/\/www.organisator.ch\/human-resources\/2025-03-25\/umfrage-deckt-auf-in-diesen-berufen-rauchen-die-meisten-schweizer\/#breadcrumb","itemListElement":[{"@type":"ListItem","position":1,"name":"Home","item":"https:\/\/www.organisator.ch\/"},{"@type":"ListItem","position":2,"name":"Umfrage deckt auf: In diesen Berufen rauchen die meisten Schweizer"}]},{"@type":"WebSite","@id":"https:\/\/www.organisator.ch\/#website","url":"https:\/\/www.organisator.ch\/","name":"Organisateur","description":"Comp\u00e9tence et comp\u00e9tence. Proches de la pratique. L'ORGANISATEUR pr\u00e9pare 10 num\u00e9ros par an sur les th\u00e8mes essentiels pour les dirigeants de PME.","publisher":{"@id":"https:\/\/www.organisator.ch\/#organization"},"potentialAction":[{"@type":"SearchAction","target":{"@type":"EntryPoint","urlTemplate":"https:\/\/www.organisator.ch\/?s={search_term_string}"},"query-input":{"@type":"PropertyValueSpecification","valueRequired":true,"valueName":"search_term_string"}}],"inLanguage":"fr-FR"},{"@type":"Organization","@id":"https:\/\/www.organisator.ch\/#organization","name":"Organisateur","url":"https:\/\/www.organisator.ch\/","logo":{"@type":"ImageObject","inLanguage":"fr-FR","@id":"https:\/\/www.organisator.ch\/#\/schema\/logo\/image\/","url":"https:\/\/www.organisator.ch\/wp-content\/uploads\/2022\/01\/Logo_Organisator_Website.png","contentUrl":"https:\/\/www.organisator.ch\/wp-content\/uploads\/2022\/01\/Logo_Organisator_Website.png","width":800,"height":77,"caption":"Organisator"},"image":{"@id":"https:\/\/www.organisator.ch\/#\/schema\/logo\/image\/"},"sameAs":["https:\/\/www.facebook.com\/OrganisatorFachmagazin","https:\/\/www.linkedin.com\/showcase\/organisator-das-magazin-fr-kmu","https:\/\/www.xing.com\/news\/pages\/organisator-ch-695","https:\/\/www.youtube.com\/channel\/UCGP2Sq0iWaZwT3BdIAQFYpw"]},{"@type":"Person","@id":"https:\/\/www.organisator.ch\/#\/schema\/person\/afccda3a71c06d4be2ed9100dd163db7","name":"Dzana Muminovic","image":{"@type":"ImageObject","inLanguage":"fr-FR","@id":"https:\/\/secure.gravatar.com\/avatar\/909c5c71aff4b38e88686f2ab2f1ba152571f394f41ed8bae431ea56ced93050?s=96&d=mm&r=g","url":"https:\/\/secure.gravatar.com\/avatar\/909c5c71aff4b38e88686f2ab2f1ba152571f394f41ed8bae431ea56ced93050?s=96&d=mm&r=g","contentUrl":"https:\/\/secure.gravatar.com\/avatar\/909c5c71aff4b38e88686f2ab2f1ba152571f394f41ed8bae431ea56ced93050?s=96&d=mm&r=g","caption":"Dzana Muminovic"},"url":"https:\/\/www.organisator.ch\/fr\/author\/dzana-muminovic\/"}]}},"_links":{"self":[{"href":"https:\/\/www.organisator.ch\/fr\/wp-json\/wp\/v2\/posts\/37180","targetHints":{"allow":["GET"]}}],"collection":[{"href":"https:\/\/www.organisator.ch\/fr\/wp-json\/wp\/v2\/posts"}],"about":[{"href":"https:\/\/www.organisator.ch\/fr\/wp-json\/wp\/v2\/types\/post"}],"author":[{"embeddable":true,"href":"https:\/\/www.organisator.ch\/fr\/wp-json\/wp\/v2\/users\/80"}],"replies":[{"embeddable":true,"href":"https:\/\/www.organisator.ch\/fr\/wp-json\/wp\/v2\/comments?post=37180"}],"version-history":[{"count":4,"href":"https:\/\/www.organisator.ch\/fr\/wp-json\/wp\/v2\/posts\/37180\/revisions"}],"predecessor-version":[{"id":37225,"href":"https:\/\/www.organisator.ch\/fr\/wp-json\/wp\/v2\/posts\/37180\/revisions\/37225"}],"wp:featuredmedia":[{"embeddable":true,"href":"https:\/\/www.organisator.ch\/fr\/wp-json\/wp\/v2\/media\/37181"}],"wp:attachment":[{"href":"https:\/\/www.organisator.ch\/fr\/wp-json\/wp\/v2\/media?parent=37180"}],"wp:term":[{"taxonomy":"category","embeddable":true,"href":"https:\/\/www.organisator.ch\/fr\/wp-json\/wp\/v2\/categories?post=37180"},{"taxonomy":"post_tag","embeddable":true,"href":"https:\/\/www.organisator.ch\/fr\/wp-json\/wp\/v2\/tags?post=37180"}],"curies":[{"name":"wp","href":"https:\/\/api.w.org\/{rel}","templated":true}]}}