{"id":37193,"date":"2025-03-25T13:42:54","date_gmt":"2025-03-25T12:42:54","guid":{"rendered":"https:\/\/www.markt-kom.com\/?p=232432"},"modified":"2025-03-25T13:35:25","modified_gmt":"2025-03-25T12:35:25","slug":"dmexco-2025-setzt-auf-mut-und-fortschritt","status":"publish","type":"post","link":"https:\/\/www.organisator.ch\/fr\/marketing\/2025-03-25\/dmexco-2025-setzt-auf-mut-und-fortschritt\/","title":{"rendered":"Dmexco 2025 mise sur l'audace et le progr\u00e8s"},"content":{"rendered":"<p><a href=\"https:\/\/www.markt-kom.com\/wp-content\/uploads\/2025\/03\/Dmexco-Keyvisual-2025.jpg\"><img class=\"aligncenter size-full wp-image-232434\" src=\"https:\/\/www.markt-kom.com\/wp-content\/uploads\/2025\/03\/Dmexco-Keyvisual-2025.jpg\" sizes=\"(max-width: 1200px) 100vw, 1200px\" srcset=\"https:\/\/www.markt-kom.com\/wp-content\/uploads\/2025\/03\/Dmexco-Keyvisual-2025.jpg 1200w, https:\/\/www.markt-kom.com\/wp-content\/uploads\/2025\/03\/Dmexco-Keyvisual-2025-600x343.jpg 600w, https:\/\/www.markt-kom.com\/wp-content\/uploads\/2025\/03\/Dmexco-Keyvisual-2025-1024x585.jpg 1024w, https:\/\/www.markt-kom.com\/wp-content\/uploads\/2025\/03\/Dmexco-Keyvisual-2025-768x439.jpg 768w, https:\/\/www.markt-kom.com\/wp-content\/uploads\/2025\/03\/Dmexco-Keyvisual-2025-18x10.jpg 18w, https:\/\/www.markt-kom.com\/wp-content\/uploads\/2025\/03\/Dmexco-Keyvisual-2025-306x175.jpg 306w, https:\/\/www.markt-kom.com\/wp-content\/uploads\/2025\/03\/Dmexco-Keyvisual-2025-612x350.jpg 612w, https:\/\/www.markt-kom.com\/wp-content\/uploads\/2025\/03\/Dmexco-Keyvisual-2025-1000x572.jpg 1000w\" alt=\"\" width=\"1200\" height=\"686\" \/><\/a><\/p>\r\n<p>L'\u00e9conomie num\u00e9rique se trouve dans un processus de transformation - marqu\u00e9 par l'intelligence artificielle, les incertitudes g\u00e9opolitiques et l'\u00e9volution des conditions du march\u00e9. Avec son th\u00e8me principal de cette ann\u00e9e, Dmexco 2025 veut encourager les entreprises \u00e0 investir dans l'innovation et \u00e0 participer activement \u00e0 la construction de l'avenir. Le salon aura lieu les 17 et 18 septembre 2025 \u00e0 Cologne.<\/p>\r\n<p>\"Be Bold. Move Forward. est plus qu'un slogan. C'est une attitude et une invitation\", explique Verena Gr\u00fcndel, Brand &amp; Communications Director de Dmexco. \"Des \u00e9tudes montrent que les entreprises qui investissent et innovent avec d\u00e9termination dans les p\u00e9riodes de ralentissement \u00e9conomique connaissent une croissance plus rapide que leurs concurrents sur le long terme\". Dmexco veut r\u00e9unir ces hommes et femmes d'action afin de cr\u00e9er des tendances et de d\u00e9velopper des solutions d'avenir, poursuit Verena Gr\u00fcndel.<\/p>\r\n<p>L'association allemande de l'\u00e9conomie num\u00e9rique (BVDW), qui soutient le salon, souligne \u00e9galement l'importance de la prise de risque : \"Les nouvelles technologies offrent des possibilit\u00e9s r\u00e9volutionnaires. L'\u00e9conomie num\u00e9rique a toujours \u00e9t\u00e9 une branche de cr\u00e9ateurs et de constructeurs de ponts\", d\u00e9clare le pr\u00e9sident Dirk Freytag.<\/p>\r\n<h3>Premiers intervenants et exposants confirm\u00e9s<\/h3>\r\n<p>\u00c0 Cologne, le public professionnel pourra assister aux conf\u00e9rences d'experts internationaux, dont Carsten Maschmeyer (Maschmeyer Group), Jean-Remy von Matt (Jung von Matt), Vanessa St\u00fctzle (Luqom), Alma Lipa (L'Or\u00e9al DACH), Sir Martin Sorrell (S4 Capital), Rezo (Nindo) et Dora Osinde (Ogilvy Group Germany).<\/p>\r\n<p>De nombreuses entreprises ont \u00e9galement d\u00e9j\u00e0 confirm\u00e9 leur participation. Parmi elles, Shopware, Otto Advertising, Disney, Criteo, HubSpot, Douglas Marketing Solutions, United Internet Media, Media Impact et IQ Digital.<\/p>\r\n<h3>Expansion en Asie<\/h3>\r\n<p>Pour la premi\u00e8re fois cette ann\u00e9e, le salon Dmexco sera \u00e9galement pr\u00e9sent sur le march\u00e9 asiatique. Les 8 et 9 octobre 2025, l'eCommerce Expo | Dmexco Asia f\u00eatera sa premi\u00e8re \u00e0 Singapour et entend y donner de nouvelles impulsions \u00e0 l'\u00e9conomie num\u00e9rique dans la r\u00e9gion du Sud-Est asiatique.<\/p>","protected":false},"excerpt":{"rendered":"<p>Sous le slogan \"Be Bold. Move Forward.\" Dmexco 2025 met l'accent sur la n\u00e9cessit\u00e9 d'agir avec courage. Le salon europ\u00e9en du marketing num\u00e9rique et de la technologie r\u00e9unit \u00e0 Cologne des penseurs et des d\u00e9cideurs afin de promouvoir l'innovation et de d\u00e9velopper des solutions pour une \u00e9conomie de plus en plus marqu\u00e9e par l'IA.<\/p>","protected":false},"author":8,"featured_media":0,"comment_status":"closed","ping_status":"closed","sticky":false,"template":"","format":"standard","meta":{"_acf_changed":false,"_yoast_wpseo_focuskw":"Dmexco 2025","_yoast_wpseo_metadesc":"Dmexco 2025 in K\u00f6ln: Mutiges Handeln f\u00fcr die digitale Zukunft. Jetzt f\u00fcr Innovationen und KI-L\u00f6sungen in der Wirtschaft investieren.","articlekey":"","footnotes":""},"categories":[29],"tags":[4351,4083,4343,2799],"class_list":["post-37193","post","type-post","status-publish","format-standard","hentry","category-marketing","tag-dexat","tag-dmexco","tag-markom","tag-messen-und-events"],"acf":[],"yoast_head":"<!-- This site is optimized with the Yoast SEO plugin v27.5 - https:\/\/yoast.com\/product\/yoast-seo-wordpress\/ -->\n<title>Dmexco 2025 setzt auf Mut und Fortschritt - Organisator<\/title>\n<meta name=\"description\" content=\"Dmexco 2025 in K\u00f6ln: Mutiges Handeln f\u00fcr die digitale Zukunft. Jetzt f\u00fcr Innovationen und KI-L\u00f6sungen in der Wirtschaft investieren.\" \/>\n<meta name=\"robots\" content=\"index, follow, max-snippet:-1, max-image-preview:large, max-video-preview:-1\" \/>\n<link rel=\"canonical\" href=\"https:\/\/www.organisator.ch\/fr\/marketing\/2025-03-25\/dmexco-2025-setzt-auf-mut-und-fortschritt\/\" \/>\n<meta property=\"og:locale\" content=\"fr_FR\" \/>\n<meta property=\"og:type\" content=\"article\" \/>\n<meta property=\"og:title\" content=\"Dmexco 2025 setzt auf Mut und Fortschritt - Organisator\" \/>\n<meta property=\"og:description\" content=\"Dmexco 2025 in K\u00f6ln: Mutiges Handeln f\u00fcr die digitale Zukunft. Jetzt f\u00fcr Innovationen und KI-L\u00f6sungen in der Wirtschaft investieren.\" \/>\n<meta property=\"og:url\" content=\"https:\/\/www.organisator.ch\/fr\/marketing\/2025-03-25\/dmexco-2025-setzt-auf-mut-und-fortschritt\/\" \/>\n<meta property=\"og:site_name\" content=\"Organisator\" \/>\n<meta property=\"article:publisher\" content=\"https:\/\/www.facebook.com\/OrganisatorFachmagazin\" \/>\n<meta property=\"article:published_time\" content=\"2025-03-25T12:42:54+00:00\" \/>\n<meta name=\"author\" content=\"galledia\" \/>\n<meta name=\"twitter:card\" content=\"summary_large_image\" \/>\n<meta name=\"twitter:creator\" content=\"@admin\" \/>\n<script type=\"application\/ld+json\" class=\"yoast-schema-graph\">{\"@context\":\"https:\\\/\\\/schema.org\",\"@graph\":[{\"@type\":\"Article\",\"@id\":\"https:\\\/\\\/www.organisator.ch\\\/marketing\\\/2025-03-25\\\/dmexco-2025-setzt-auf-mut-und-fortschritt\\\/#article\",\"isPartOf\":{\"@id\":\"https:\\\/\\\/www.organisator.ch\\\/marketing\\\/2025-03-25\\\/dmexco-2025-setzt-auf-mut-und-fortschritt\\\/\"},\"author\":{\"name\":\"galledia\",\"@id\":\"https:\\\/\\\/www.organisator.ch\\\/#\\\/schema\\\/person\\\/4e51799071cd2dd1232ac003643ef5f0\"},\"headline\":\"Dmexco 2025 setzt auf Mut und Fortschritt\",\"datePublished\":\"2025-03-25T12:42:54+00:00\",\"mainEntityOfPage\":{\"@id\":\"https:\\\/\\\/www.organisator.ch\\\/marketing\\\/2025-03-25\\\/dmexco-2025-setzt-auf-mut-und-fortschritt\\\/\"},\"wordCount\":289,\"publisher\":{\"@id\":\"https:\\\/\\\/www.organisator.ch\\\/#organization\"},\"image\":{\"@id\":\"https:\\\/\\\/www.organisator.ch\\\/marketing\\\/2025-03-25\\\/dmexco-2025-setzt-auf-mut-und-fortschritt\\\/#primaryimage\"},\"thumbnailUrl\":\"https:\\\/\\\/www.markt-kom.com\\\/wp-content\\\/uploads\\\/2025\\\/03\\\/Dmexco-Keyvisual-2025.jpg\",\"keywords\":[\"DExAT\",\"Dmexco\",\"MarKom\",\"Messen und Events\"],\"articleSection\":[\"MARKETING\"],\"inLanguage\":\"fr-FR\"},{\"@type\":\"WebPage\",\"@id\":\"https:\\\/\\\/www.organisator.ch\\\/marketing\\\/2025-03-25\\\/dmexco-2025-setzt-auf-mut-und-fortschritt\\\/\",\"url\":\"https:\\\/\\\/www.organisator.ch\\\/marketing\\\/2025-03-25\\\/dmexco-2025-setzt-auf-mut-und-fortschritt\\\/\",\"name\":\"Dmexco 2025 setzt auf Mut und Fortschritt - Organisator\",\"isPartOf\":{\"@id\":\"https:\\\/\\\/www.organisator.ch\\\/#website\"},\"primaryImageOfPage\":{\"@id\":\"https:\\\/\\\/www.organisator.ch\\\/marketing\\\/2025-03-25\\\/dmexco-2025-setzt-auf-mut-und-fortschritt\\\/#primaryimage\"},\"image\":{\"@id\":\"https:\\\/\\\/www.organisator.ch\\\/marketing\\\/2025-03-25\\\/dmexco-2025-setzt-auf-mut-und-fortschritt\\\/#primaryimage\"},\"thumbnailUrl\":\"https:\\\/\\\/www.markt-kom.com\\\/wp-content\\\/uploads\\\/2025\\\/03\\\/Dmexco-Keyvisual-2025.jpg\",\"datePublished\":\"2025-03-25T12:42:54+00:00\",\"description\":\"Dmexco 2025 in K\u00f6ln: Mutiges Handeln f\u00fcr die digitale Zukunft. Jetzt f\u00fcr Innovationen und KI-L\u00f6sungen in der Wirtschaft investieren.\",\"breadcrumb\":{\"@id\":\"https:\\\/\\\/www.organisator.ch\\\/marketing\\\/2025-03-25\\\/dmexco-2025-setzt-auf-mut-und-fortschritt\\\/#breadcrumb\"},\"inLanguage\":\"fr-FR\",\"potentialAction\":[{\"@type\":\"ReadAction\",\"target\":[\"https:\\\/\\\/www.organisator.ch\\\/marketing\\\/2025-03-25\\\/dmexco-2025-setzt-auf-mut-und-fortschritt\\\/\"]}]},{\"@type\":\"ImageObject\",\"inLanguage\":\"fr-FR\",\"@id\":\"https:\\\/\\\/www.organisator.ch\\\/marketing\\\/2025-03-25\\\/dmexco-2025-setzt-auf-mut-und-fortschritt\\\/#primaryimage\",\"url\":\"https:\\\/\\\/www.markt-kom.com\\\/wp-content\\\/uploads\\\/2025\\\/03\\\/Dmexco-Keyvisual-2025.jpg\",\"contentUrl\":\"https:\\\/\\\/www.markt-kom.com\\\/wp-content\\\/uploads\\\/2025\\\/03\\\/Dmexco-Keyvisual-2025.jpg\"},{\"@type\":\"BreadcrumbList\",\"@id\":\"https:\\\/\\\/www.organisator.ch\\\/marketing\\\/2025-03-25\\\/dmexco-2025-setzt-auf-mut-und-fortschritt\\\/#breadcrumb\",\"itemListElement\":[{\"@type\":\"ListItem\",\"position\":1,\"name\":\"Home\",\"item\":\"https:\\\/\\\/www.organisator.ch\\\/\"},{\"@type\":\"ListItem\",\"position\":2,\"name\":\"Dmexco 2025 setzt auf Mut und Fortschritt\"}]},{\"@type\":\"WebSite\",\"@id\":\"https:\\\/\\\/www.organisator.ch\\\/#website\",\"url\":\"https:\\\/\\\/www.organisator.ch\\\/\",\"name\":\"Organisator\",\"description\":\"Kompetent. Praxisnah. Der ORGANISATOR bereitet in 10 Ausgaben pro Jahr die wesentlichen Themen f\u00fcr F\u00fchrungskr\u00e4fte von KMU auf.\",\"publisher\":{\"@id\":\"https:\\\/\\\/www.organisator.ch\\\/#organization\"},\"potentialAction\":[{\"@type\":\"SearchAction\",\"target\":{\"@type\":\"EntryPoint\",\"urlTemplate\":\"https:\\\/\\\/www.organisator.ch\\\/?s={search_term_string}\"},\"query-input\":{\"@type\":\"PropertyValueSpecification\",\"valueRequired\":true,\"valueName\":\"search_term_string\"}}],\"inLanguage\":\"fr-FR\"},{\"@type\":\"Organization\",\"@id\":\"https:\\\/\\\/www.organisator.ch\\\/#organization\",\"name\":\"Organisator\",\"url\":\"https:\\\/\\\/www.organisator.ch\\\/\",\"logo\":{\"@type\":\"ImageObject\",\"inLanguage\":\"fr-FR\",\"@id\":\"https:\\\/\\\/www.organisator.ch\\\/#\\\/schema\\\/logo\\\/image\\\/\",\"url\":\"https:\\\/\\\/www.organisator.ch\\\/wp-content\\\/uploads\\\/2022\\\/01\\\/Logo_Organisator_Website.png\",\"contentUrl\":\"https:\\\/\\\/www.organisator.ch\\\/wp-content\\\/uploads\\\/2022\\\/01\\\/Logo_Organisator_Website.png\",\"width\":800,\"height\":77,\"caption\":\"Organisator\"},\"image\":{\"@id\":\"https:\\\/\\\/www.organisator.ch\\\/#\\\/schema\\\/logo\\\/image\\\/\"},\"sameAs\":[\"https:\\\/\\\/www.facebook.com\\\/OrganisatorFachmagazin\",\"https:\\\/\\\/www.linkedin.com\\\/showcase\\\/organisator-das-magazin-fr-kmu\",\"https:\\\/\\\/www.xing.com\\\/news\\\/pages\\\/organisator-ch-695\",\"https:\\\/\\\/www.youtube.com\\\/channel\\\/UCGP2Sq0iWaZwT3BdIAQFYpw\"]},{\"@type\":\"Person\",\"@id\":\"https:\\\/\\\/www.organisator.ch\\\/#\\\/schema\\\/person\\\/4e51799071cd2dd1232ac003643ef5f0\",\"name\":\"galledia\",\"image\":{\"@type\":\"ImageObject\",\"inLanguage\":\"fr-FR\",\"@id\":\"https:\\\/\\\/secure.gravatar.com\\\/avatar\\\/78a7f90c01fc2bfc875782a0d4922b37cde2cf184ce347b91316d23cd7f69a36?s=96&d=mm&r=g\",\"url\":\"https:\\\/\\\/secure.gravatar.com\\\/avatar\\\/78a7f90c01fc2bfc875782a0d4922b37cde2cf184ce347b91316d23cd7f69a36?s=96&d=mm&r=g\",\"contentUrl\":\"https:\\\/\\\/secure.gravatar.com\\\/avatar\\\/78a7f90c01fc2bfc875782a0d4922b37cde2cf184ce347b91316d23cd7f69a36?s=96&d=mm&r=g\",\"caption\":\"galledia\"},\"sameAs\":[\"https:\\\/\\\/x.com\\\/admin\"],\"url\":\"https:\\\/\\\/www.organisator.ch\\\/fr\\\/author\\\/galledia\\\/\"}]}<\/script>\n<!-- \/ Yoast SEO plugin. -->","yoast_head_json":{"title":"Dmexco 2025 mise sur l'audace et le progr\u00e8s - Organisateur","description":"Dmexco 2025 \u00e0 Cologne : agir avec courage pour l'avenir num\u00e9rique. Investir maintenant pour l'innovation et les solutions d'IA dans l'\u00e9conomie.","robots":{"index":"index","follow":"follow","max-snippet":"max-snippet:-1","max-image-preview":"max-image-preview:large","max-video-preview":"max-video-preview:-1"},"canonical":"https:\/\/www.organisator.ch\/fr\/marketing\/2025-03-25\/dmexco-2025-setzt-auf-mut-und-fortschritt\/","og_locale":"fr_FR","og_type":"article","og_title":"Dmexco 2025 setzt auf Mut und Fortschritt - Organisator","og_description":"Dmexco 2025 in K\u00f6ln: Mutiges Handeln f\u00fcr die digitale Zukunft. Jetzt f\u00fcr Innovationen und KI-L\u00f6sungen in der Wirtschaft investieren.","og_url":"https:\/\/www.organisator.ch\/fr\/marketing\/2025-03-25\/dmexco-2025-setzt-auf-mut-und-fortschritt\/","og_site_name":"Organisator","article_publisher":"https:\/\/www.facebook.com\/OrganisatorFachmagazin","article_published_time":"2025-03-25T12:42:54+00:00","author":"galledia","twitter_card":"summary_large_image","twitter_creator":"@admin","schema":{"@context":"https:\/\/schema.org","@graph":[{"@type":"Article","@id":"https:\/\/www.organisator.ch\/marketing\/2025-03-25\/dmexco-2025-setzt-auf-mut-und-fortschritt\/#article","isPartOf":{"@id":"https:\/\/www.organisator.ch\/marketing\/2025-03-25\/dmexco-2025-setzt-auf-mut-und-fortschritt\/"},"author":{"name":"galledia","@id":"https:\/\/www.organisator.ch\/#\/schema\/person\/4e51799071cd2dd1232ac003643ef5f0"},"headline":"Dmexco 2025 setzt auf Mut und Fortschritt","datePublished":"2025-03-25T12:42:54+00:00","mainEntityOfPage":{"@id":"https:\/\/www.organisator.ch\/marketing\/2025-03-25\/dmexco-2025-setzt-auf-mut-und-fortschritt\/"},"wordCount":289,"publisher":{"@id":"https:\/\/www.organisator.ch\/#organization"},"image":{"@id":"https:\/\/www.organisator.ch\/marketing\/2025-03-25\/dmexco-2025-setzt-auf-mut-und-fortschritt\/#primaryimage"},"thumbnailUrl":"https:\/\/www.markt-kom.com\/wp-content\/uploads\/2025\/03\/Dmexco-Keyvisual-2025.jpg","keywords":["DExAT","Dmexco","MarKom","Messen und Events"],"articleSection":["MARKETING"],"inLanguage":"fr-FR"},{"@type":"WebPage","@id":"https:\/\/www.organisator.ch\/marketing\/2025-03-25\/dmexco-2025-setzt-auf-mut-und-fortschritt\/","url":"https:\/\/www.organisator.ch\/marketing\/2025-03-25\/dmexco-2025-setzt-auf-mut-und-fortschritt\/","name":"Dmexco 2025 mise sur l'audace et le progr\u00e8s - Organisateur","isPartOf":{"@id":"https:\/\/www.organisator.ch\/#website"},"primaryImageOfPage":{"@id":"https:\/\/www.organisator.ch\/marketing\/2025-03-25\/dmexco-2025-setzt-auf-mut-und-fortschritt\/#primaryimage"},"image":{"@id":"https:\/\/www.organisator.ch\/marketing\/2025-03-25\/dmexco-2025-setzt-auf-mut-und-fortschritt\/#primaryimage"},"thumbnailUrl":"https:\/\/www.markt-kom.com\/wp-content\/uploads\/2025\/03\/Dmexco-Keyvisual-2025.jpg","datePublished":"2025-03-25T12:42:54+00:00","description":"Dmexco 2025 \u00e0 Cologne : agir avec courage pour l'avenir num\u00e9rique. Investir maintenant pour l'innovation et les solutions d'IA dans l'\u00e9conomie.","breadcrumb":{"@id":"https:\/\/www.organisator.ch\/marketing\/2025-03-25\/dmexco-2025-setzt-auf-mut-und-fortschritt\/#breadcrumb"},"inLanguage":"fr-FR","potentialAction":[{"@type":"ReadAction","target":["https:\/\/www.organisator.ch\/marketing\/2025-03-25\/dmexco-2025-setzt-auf-mut-und-fortschritt\/"]}]},{"@type":"ImageObject","inLanguage":"fr-FR","@id":"https:\/\/www.organisator.ch\/marketing\/2025-03-25\/dmexco-2025-setzt-auf-mut-und-fortschritt\/#primaryimage","url":"https:\/\/www.markt-kom.com\/wp-content\/uploads\/2025\/03\/Dmexco-Keyvisual-2025.jpg","contentUrl":"https:\/\/www.markt-kom.com\/wp-content\/uploads\/2025\/03\/Dmexco-Keyvisual-2025.jpg"},{"@type":"BreadcrumbList","@id":"https:\/\/www.organisator.ch\/marketing\/2025-03-25\/dmexco-2025-setzt-auf-mut-und-fortschritt\/#breadcrumb","itemListElement":[{"@type":"ListItem","position":1,"name":"Home","item":"https:\/\/www.organisator.ch\/"},{"@type":"ListItem","position":2,"name":"Dmexco 2025 setzt auf Mut und Fortschritt"}]},{"@type":"WebSite","@id":"https:\/\/www.organisator.ch\/#website","url":"https:\/\/www.organisator.ch\/","name":"Organisateur","description":"Comp\u00e9tence et comp\u00e9tence. Proches de la pratique. L'ORGANISATEUR pr\u00e9pare 10 num\u00e9ros par an sur les th\u00e8mes essentiels pour les dirigeants de PME.","publisher":{"@id":"https:\/\/www.organisator.ch\/#organization"},"potentialAction":[{"@type":"SearchAction","target":{"@type":"EntryPoint","urlTemplate":"https:\/\/www.organisator.ch\/?s={search_term_string}"},"query-input":{"@type":"PropertyValueSpecification","valueRequired":true,"valueName":"search_term_string"}}],"inLanguage":"fr-FR"},{"@type":"Organization","@id":"https:\/\/www.organisator.ch\/#organization","name":"Organisateur","url":"https:\/\/www.organisator.ch\/","logo":{"@type":"ImageObject","inLanguage":"fr-FR","@id":"https:\/\/www.organisator.ch\/#\/schema\/logo\/image\/","url":"https:\/\/www.organisator.ch\/wp-content\/uploads\/2022\/01\/Logo_Organisator_Website.png","contentUrl":"https:\/\/www.organisator.ch\/wp-content\/uploads\/2022\/01\/Logo_Organisator_Website.png","width":800,"height":77,"caption":"Organisator"},"image":{"@id":"https:\/\/www.organisator.ch\/#\/schema\/logo\/image\/"},"sameAs":["https:\/\/www.facebook.com\/OrganisatorFachmagazin","https:\/\/www.linkedin.com\/showcase\/organisator-das-magazin-fr-kmu","https:\/\/www.xing.com\/news\/pages\/organisator-ch-695","https:\/\/www.youtube.com\/channel\/UCGP2Sq0iWaZwT3BdIAQFYpw"]},{"@type":"Person","@id":"https:\/\/www.organisator.ch\/#\/schema\/person\/4e51799071cd2dd1232ac003643ef5f0","name":"galledia","image":{"@type":"ImageObject","inLanguage":"fr-FR","@id":"https:\/\/secure.gravatar.com\/avatar\/78a7f90c01fc2bfc875782a0d4922b37cde2cf184ce347b91316d23cd7f69a36?s=96&d=mm&r=g","url":"https:\/\/secure.gravatar.com\/avatar\/78a7f90c01fc2bfc875782a0d4922b37cde2cf184ce347b91316d23cd7f69a36?s=96&d=mm&r=g","contentUrl":"https:\/\/secure.gravatar.com\/avatar\/78a7f90c01fc2bfc875782a0d4922b37cde2cf184ce347b91316d23cd7f69a36?s=96&d=mm&r=g","caption":"galledia"},"sameAs":["https:\/\/x.com\/admin"],"url":"https:\/\/www.organisator.ch\/fr\/author\/galledia\/"}]}},"_links":{"self":[{"href":"https:\/\/www.organisator.ch\/fr\/wp-json\/wp\/v2\/posts\/37193","targetHints":{"allow":["GET"]}}],"collection":[{"href":"https:\/\/www.organisator.ch\/fr\/wp-json\/wp\/v2\/posts"}],"about":[{"href":"https:\/\/www.organisator.ch\/fr\/wp-json\/wp\/v2\/types\/post"}],"author":[{"embeddable":true,"href":"https:\/\/www.organisator.ch\/fr\/wp-json\/wp\/v2\/users\/8"}],"replies":[{"embeddable":true,"href":"https:\/\/www.organisator.ch\/fr\/wp-json\/wp\/v2\/comments?post=37193"}],"version-history":[{"count":4,"href":"https:\/\/www.organisator.ch\/fr\/wp-json\/wp\/v2\/posts\/37193\/revisions"}],"predecessor-version":[{"id":37197,"href":"https:\/\/www.organisator.ch\/fr\/wp-json\/wp\/v2\/posts\/37193\/revisions\/37197"}],"wp:attachment":[{"href":"https:\/\/www.organisator.ch\/fr\/wp-json\/wp\/v2\/media?parent=37193"}],"wp:term":[{"taxonomy":"category","embeddable":true,"href":"https:\/\/www.organisator.ch\/fr\/wp-json\/wp\/v2\/categories?post=37193"},{"taxonomy":"post_tag","embeddable":true,"href":"https:\/\/www.organisator.ch\/fr\/wp-json\/wp\/v2\/tags?post=37193"}],"curies":[{"name":"wp","href":"https:\/\/api.w.org\/{rel}","templated":true}]}}