{"id":37205,"date":"2025-03-26T08:10:19","date_gmt":"2025-03-26T07:10:19","guid":{"rendered":"https:\/\/www.m-q.ch\/?p=21242"},"modified":"2025-03-26T09:22:18","modified_gmt":"2025-03-26T08:22:18","slug":"leuchtturmprojekte-mehrwert-durch-logistik","status":"publish","type":"post","link":"https:\/\/www.organisator.ch\/fr\/operational-excellence\/2025-03-26\/leuchtturmprojekte-mehrwert-durch-logistik\/","title":{"rendered":"Projets phares : La valeur ajout\u00e9e de la logistique"},"content":{"rendered":"<p><img class=\"alignnone size-full wp-image-21244\" src=\"https:\/\/www.m-q.ch\/wp-content\/uploads\/2025\/03\/Leuchtturmprojekte-Mehrwert-durch-Logistik_MQ.png\" sizes=\"(max-width: 680px) 100vw, 680px\" srcset=\"https:\/\/www.m-q.ch\/wp-content\/uploads\/2025\/03\/Leuchtturmprojekte-Mehrwert-durch-Logistik_MQ.png 680w, https:\/\/www.m-q.ch\/wp-content\/uploads\/2025\/03\/Leuchtturmprojekte-Mehrwert-durch-Logistik_MQ-14x12.png 14w, https:\/\/www.m-q.ch\/wp-content\/uploads\/2025\/03\/Leuchtturmprojekte-Mehrwert-durch-Logistik_MQ-356x300.png 356w, https:\/\/www.m-q.ch\/wp-content\/uploads\/2025\/03\/Leuchtturmprojekte-Mehrwert-durch-Logistik_MQ-415x350.png 415w\" alt=\"\" width=\"680\" height=\"573\" \/><\/p>\r\n<p>Le traditionnel colloque zurichois sur la logistique f\u00eate sa 40e \u00e9dition : le 8 mai 2025, trois personnalit\u00e9s dirigeantes pr\u00e9senteront, dans le cadre de contributions passionnantes issues de la pratique, les approches de solutions cr\u00e9atives et l'utilisation habile des potentiels individuels qui conduisent constamment leurs entreprises vers de nouveaux succ\u00e8s. Les participants profiteront ainsi d'impulsions innovantes et d'id\u00e9es novatrices issues de ces projets phares.<\/p>\r\n<p>Cette ann\u00e9e, les experts s'exprimeront sur le th\u00e8me suivant <strong>\"<\/strong><strong>La valeur ajout\u00e9e de la logistique<\/strong><strong>\". <\/strong>Les th\u00e8mes en d\u00e9tail :<\/p>\r\n<table width=\"671\">\r\n<tbody>\r\n<tr>\r\n<td width=\"378\">\r\n<p><strong>Hautement complexe, co\u00fbteux, indispensable<\/strong><\/p>\r\n<p>Logistique intelligente pour l'industrie des machines-outils, pression \u00e9lev\u00e9e en mati\u00e8re d'innovation et de performance<\/p>\r\n<\/td>\r\n<td width=\"293\">\r\n<p><strong>Dr. Fabian Stoop<\/strong><\/p>\r\n<p>Directeur technique<\/p>\r\n<p>Lestoprex AG, St. Gallenkappel<\/p>\r\n<\/td>\r\n<\/tr>\r\n<tr>\r\n<td width=\"378\">\r\n<p><strong>L'\u00e9conomie circulaire en action<\/strong><\/p>\r\n<p>Collecte des appareils \u00e9lectriques et \u00e9lectroniques dans toute la Suisse, facteurs de succ\u00e8s<\/p>\r\n<\/td>\r\n<td width=\"293\">\r\n<p><strong>Pasqual Zopp<\/strong><\/p>\r\n<p>Directeur g\u00e9n\u00e9ral<br \/>\r\nSENS eRecycling, Zurich<\/p>\r\n<\/td>\r\n<\/tr>\r\n<tr>\r\n<td width=\"378\">\r\n<p><strong>Le recyclage commence \u00e0 la source<\/strong><\/p>\r\n<p>L'information et la logistique comme cl\u00e9s,<\/p>\r\n<p>Exemple pratique de ferraille d'acier tri\u00e9e<\/p>\r\n<\/td>\r\n<td width=\"293\">\r\n<p><strong>Nicolai Solenthaler<\/strong><\/p>\r\n<p>COO<\/p>\r\n<p>soRec AG, Gossau SG<\/p>\r\n<\/td>\r\n<\/tr>\r\n<\/tbody>\r\n<\/table>\r\n<p>Les expos\u00e9s fourniront de nouvelles pistes de r\u00e9flexion, des potentiels et des id\u00e9es. L'ap\u00e9ro riche qui suivra sera l'occasion d'un \u00e9change anim\u00e9 avec les conf\u00e9renciers, d'autres experts et des invit\u00e9s.<\/p>\r\n<p><em>Plus d'informations : <a href=\"http:\/\/www.acel.ch\/\">www.acel.ch<\/a><\/em><\/p>\r\n<p>&nbsp;<\/p>\r\n<blockquote>\r\n<h3><strong>L'essentiel en bref<\/strong><\/h3>\r\n<p>Date <strong>Jeudi 8 mai 2025, 17h15<\/strong><\/p>\r\n<p>Lieu <strong>Dozentenfoyer de l'ETH Zurich, R\u00e4mistrasse 101, 8092 Zurich<\/strong><\/p>\r\n<p>Participation : 120 CHF<\/p>\r\n<p>Votre inscription - rapide, simple et pratique par code QR, sous <a href=\"http:\/\/www.acel.ch\/aktuelles\/veranstaltungen\/\">www.acel.ch\/aktuelles\/veranstaltungen\/<\/a> ou par e-mail \u00e0 info@acel.ch<\/p>\r\n<p>Date limite d'inscription : jeudi 1er mai 2025<\/p>\r\n<p>Le nombre de participants est limit\u00e9.<\/p>\r\n<\/blockquote>\n<p class=\"syndicated-attribution\">Cet article est paru initialement sur m-q.ch - <a href=\"https:\/\/www.m-q.ch\/de\/leuchtturmprojekte-mehrwert-durch-logistik\/\" target=\"_blank\">https:\/\/www.m-q.ch\/de\/leuchtturmprojekte-mehrwert-durch-logistik\/<\/a><\/p>","protected":false},"excerpt":{"rendered":"<p>Le 40e colloque zurichois de logistique aura lieu le jeudi 8 mai 2025 et pr\u00e9sentera \u00e0 nouveau diff\u00e9rents projets phares de logistique. L'organisateur, Dr. Ac\u00e9l &amp; Partner AG, compte \u00e0 nouveau sur la collaboration de l'ETH Zurich pour cette \u00e9dition anniversaire.<\/p>","protected":false},"author":8,"featured_media":0,"comment_status":"closed","ping_status":"closed","sticky":false,"template":"","format":"standard","meta":{"_acf_changed":false,"_yoast_wpseo_focuskw":"Leuchtturmprojekte","_yoast_wpseo_metadesc":"Am 8. Mai 2025 findet zum 40. Mal das Z\u00fcrcher Logistik-Kolloquium statt. Pr\u00e4sentiert werden verschiedene Logistik-Leuchtturmprojekte.","articlekey":"","footnotes":""},"categories":[582],"tags":[103,193,274,328],"class_list":["post-37205","post","type-post","status-publish","format-standard","hentry","category-operational-excellence","tag-business-excellence","tag-fachkongressfachmesse","tag-innovation","tag-logistik"],"acf":[],"yoast_head":"<!-- This site is optimized with the Yoast SEO plugin v27.5 - https:\/\/yoast.com\/product\/yoast-seo-wordpress\/ -->\n<title>Leuchtturmprojekte: Mehrwert durch Logistik - Organisator<\/title>\n<meta name=\"description\" content=\"Am 8. Mai 2025 findet zum 40. Mal das Z\u00fcrcher Logistik-Kolloquium statt. Pr\u00e4sentiert werden verschiedene Logistik-Leuchtturmprojekte.\" \/>\n<meta name=\"robots\" content=\"index, follow, max-snippet:-1, max-image-preview:large, max-video-preview:-1\" \/>\n<link rel=\"canonical\" href=\"https:\/\/www.organisator.ch\/fr\/excellence-operationnelle\/2025-03-26\/leuchtturmprojekte-mehrwert-durch-logistik\/\" \/>\n<meta property=\"og:locale\" content=\"fr_FR\" \/>\n<meta property=\"og:type\" content=\"article\" \/>\n<meta property=\"og:title\" content=\"Leuchtturmprojekte: Mehrwert durch Logistik - Organisator\" \/>\n<meta property=\"og:description\" content=\"Am 8. Mai 2025 findet zum 40. Mal das Z\u00fcrcher Logistik-Kolloquium statt. Pr\u00e4sentiert werden verschiedene Logistik-Leuchtturmprojekte.\" \/>\n<meta property=\"og:url\" content=\"https:\/\/www.organisator.ch\/fr\/excellence-operationnelle\/2025-03-26\/leuchtturmprojekte-mehrwert-durch-logistik\/\" \/>\n<meta property=\"og:site_name\" content=\"Organisator\" \/>\n<meta property=\"article:publisher\" content=\"https:\/\/www.facebook.com\/OrganisatorFachmagazin\" \/>\n<meta property=\"article:published_time\" content=\"2025-03-26T07:10:19+00:00\" \/>\n<meta property=\"article:modified_time\" content=\"2025-03-26T08:22:18+00:00\" \/>\n<meta property=\"og:image\" content=\"https:\/\/www.organisator.ch\/wp-content\/uploads\/2023\/08\/Weiterbildung_Getabstract_Bild_organisator_56283.jpg\" \/>\n\t<meta property=\"og:image:width\" content=\"1240\" \/>\n\t<meta property=\"og:image:height\" content=\"876\" \/>\n\t<meta property=\"og:image:type\" content=\"image\/jpeg\" \/>\n<meta name=\"author\" content=\"galledia\" \/>\n<meta name=\"twitter:card\" content=\"summary_large_image\" \/>\n<meta name=\"twitter:creator\" content=\"@admin\" \/>\n<script type=\"application\/ld+json\" class=\"yoast-schema-graph\">{\"@context\":\"https:\\\/\\\/schema.org\",\"@graph\":[{\"@type\":\"Article\",\"@id\":\"https:\\\/\\\/www.organisator.ch\\\/operational-excellence\\\/2025-03-26\\\/leuchtturmprojekte-mehrwert-durch-logistik\\\/#article\",\"isPartOf\":{\"@id\":\"https:\\\/\\\/www.organisator.ch\\\/operational-excellence\\\/2025-03-26\\\/leuchtturmprojekte-mehrwert-durch-logistik\\\/\"},\"author\":{\"name\":\"galledia\",\"@id\":\"https:\\\/\\\/www.organisator.ch\\\/#\\\/schema\\\/person\\\/4e51799071cd2dd1232ac003643ef5f0\"},\"headline\":\"Leuchtturmprojekte: Mehrwert durch Logistik\",\"datePublished\":\"2025-03-26T07:10:19+00:00\",\"dateModified\":\"2025-03-26T08:22:18+00:00\",\"mainEntityOfPage\":{\"@id\":\"https:\\\/\\\/www.organisator.ch\\\/operational-excellence\\\/2025-03-26\\\/leuchtturmprojekte-mehrwert-durch-logistik\\\/\"},\"wordCount\":224,\"publisher\":{\"@id\":\"https:\\\/\\\/www.organisator.ch\\\/#organization\"},\"image\":{\"@id\":\"https:\\\/\\\/www.organisator.ch\\\/operational-excellence\\\/2025-03-26\\\/leuchtturmprojekte-mehrwert-durch-logistik\\\/#primaryimage\"},\"thumbnailUrl\":\"https:\\\/\\\/www.m-q.ch\\\/wp-content\\\/uploads\\\/2025\\\/03\\\/Leuchtturmprojekte-Mehrwert-durch-Logistik_MQ.png\",\"keywords\":[\"Business Excellence\",\"Fachkongress\\\/Fachmesse\",\"Innovation\",\"Logistik\"],\"articleSection\":[\"OPERATIONAL EXCELLENCE\"],\"inLanguage\":\"fr-FR\"},{\"@type\":\"WebPage\",\"@id\":\"https:\\\/\\\/www.organisator.ch\\\/operational-excellence\\\/2025-03-26\\\/leuchtturmprojekte-mehrwert-durch-logistik\\\/\",\"url\":\"https:\\\/\\\/www.organisator.ch\\\/operational-excellence\\\/2025-03-26\\\/leuchtturmprojekte-mehrwert-durch-logistik\\\/\",\"name\":\"Leuchtturmprojekte: Mehrwert durch Logistik - Organisator\",\"isPartOf\":{\"@id\":\"https:\\\/\\\/www.organisator.ch\\\/#website\"},\"primaryImageOfPage\":{\"@id\":\"https:\\\/\\\/www.organisator.ch\\\/operational-excellence\\\/2025-03-26\\\/leuchtturmprojekte-mehrwert-durch-logistik\\\/#primaryimage\"},\"image\":{\"@id\":\"https:\\\/\\\/www.organisator.ch\\\/operational-excellence\\\/2025-03-26\\\/leuchtturmprojekte-mehrwert-durch-logistik\\\/#primaryimage\"},\"thumbnailUrl\":\"https:\\\/\\\/www.m-q.ch\\\/wp-content\\\/uploads\\\/2025\\\/03\\\/Leuchtturmprojekte-Mehrwert-durch-Logistik_MQ.png\",\"datePublished\":\"2025-03-26T07:10:19+00:00\",\"dateModified\":\"2025-03-26T08:22:18+00:00\",\"description\":\"Am 8. Mai 2025 findet zum 40. Mal das Z\u00fcrcher Logistik-Kolloquium statt. Pr\u00e4sentiert werden verschiedene Logistik-Leuchtturmprojekte.\",\"breadcrumb\":{\"@id\":\"https:\\\/\\\/www.organisator.ch\\\/operational-excellence\\\/2025-03-26\\\/leuchtturmprojekte-mehrwert-durch-logistik\\\/#breadcrumb\"},\"inLanguage\":\"fr-FR\",\"potentialAction\":[{\"@type\":\"ReadAction\",\"target\":[\"https:\\\/\\\/www.organisator.ch\\\/operational-excellence\\\/2025-03-26\\\/leuchtturmprojekte-mehrwert-durch-logistik\\\/\"]}]},{\"@type\":\"ImageObject\",\"inLanguage\":\"fr-FR\",\"@id\":\"https:\\\/\\\/www.organisator.ch\\\/operational-excellence\\\/2025-03-26\\\/leuchtturmprojekte-mehrwert-durch-logistik\\\/#primaryimage\",\"url\":\"https:\\\/\\\/www.m-q.ch\\\/wp-content\\\/uploads\\\/2025\\\/03\\\/Leuchtturmprojekte-Mehrwert-durch-Logistik_MQ.png\",\"contentUrl\":\"https:\\\/\\\/www.m-q.ch\\\/wp-content\\\/uploads\\\/2025\\\/03\\\/Leuchtturmprojekte-Mehrwert-durch-Logistik_MQ.png\"},{\"@type\":\"BreadcrumbList\",\"@id\":\"https:\\\/\\\/www.organisator.ch\\\/operational-excellence\\\/2025-03-26\\\/leuchtturmprojekte-mehrwert-durch-logistik\\\/#breadcrumb\",\"itemListElement\":[{\"@type\":\"ListItem\",\"position\":1,\"name\":\"Home\",\"item\":\"https:\\\/\\\/www.organisator.ch\\\/\"},{\"@type\":\"ListItem\",\"position\":2,\"name\":\"Leuchtturmprojekte: Mehrwert durch Logistik\"}]},{\"@type\":\"WebSite\",\"@id\":\"https:\\\/\\\/www.organisator.ch\\\/#website\",\"url\":\"https:\\\/\\\/www.organisator.ch\\\/\",\"name\":\"Organisator\",\"description\":\"Kompetent. Praxisnah. Der ORGANISATOR bereitet in 10 Ausgaben pro Jahr die wesentlichen Themen f\u00fcr F\u00fchrungskr\u00e4fte von KMU auf.\",\"publisher\":{\"@id\":\"https:\\\/\\\/www.organisator.ch\\\/#organization\"},\"potentialAction\":[{\"@type\":\"SearchAction\",\"target\":{\"@type\":\"EntryPoint\",\"urlTemplate\":\"https:\\\/\\\/www.organisator.ch\\\/?s={search_term_string}\"},\"query-input\":{\"@type\":\"PropertyValueSpecification\",\"valueRequired\":true,\"valueName\":\"search_term_string\"}}],\"inLanguage\":\"fr-FR\"},{\"@type\":\"Organization\",\"@id\":\"https:\\\/\\\/www.organisator.ch\\\/#organization\",\"name\":\"Organisator\",\"url\":\"https:\\\/\\\/www.organisator.ch\\\/\",\"logo\":{\"@type\":\"ImageObject\",\"inLanguage\":\"fr-FR\",\"@id\":\"https:\\\/\\\/www.organisator.ch\\\/#\\\/schema\\\/logo\\\/image\\\/\",\"url\":\"https:\\\/\\\/www.organisator.ch\\\/wp-content\\\/uploads\\\/2022\\\/01\\\/Logo_Organisator_Website.png\",\"contentUrl\":\"https:\\\/\\\/www.organisator.ch\\\/wp-content\\\/uploads\\\/2022\\\/01\\\/Logo_Organisator_Website.png\",\"width\":800,\"height\":77,\"caption\":\"Organisator\"},\"image\":{\"@id\":\"https:\\\/\\\/www.organisator.ch\\\/#\\\/schema\\\/logo\\\/image\\\/\"},\"sameAs\":[\"https:\\\/\\\/www.facebook.com\\\/OrganisatorFachmagazin\",\"https:\\\/\\\/www.linkedin.com\\\/showcase\\\/organisator-das-magazin-fr-kmu\",\"https:\\\/\\\/www.xing.com\\\/news\\\/pages\\\/organisator-ch-695\",\"https:\\\/\\\/www.youtube.com\\\/channel\\\/UCGP2Sq0iWaZwT3BdIAQFYpw\"]},{\"@type\":\"Person\",\"@id\":\"https:\\\/\\\/www.organisator.ch\\\/#\\\/schema\\\/person\\\/4e51799071cd2dd1232ac003643ef5f0\",\"name\":\"galledia\",\"image\":{\"@type\":\"ImageObject\",\"inLanguage\":\"fr-FR\",\"@id\":\"https:\\\/\\\/secure.gravatar.com\\\/avatar\\\/78a7f90c01fc2bfc875782a0d4922b37cde2cf184ce347b91316d23cd7f69a36?s=96&d=mm&r=g\",\"url\":\"https:\\\/\\\/secure.gravatar.com\\\/avatar\\\/78a7f90c01fc2bfc875782a0d4922b37cde2cf184ce347b91316d23cd7f69a36?s=96&d=mm&r=g\",\"contentUrl\":\"https:\\\/\\\/secure.gravatar.com\\\/avatar\\\/78a7f90c01fc2bfc875782a0d4922b37cde2cf184ce347b91316d23cd7f69a36?s=96&d=mm&r=g\",\"caption\":\"galledia\"},\"sameAs\":[\"https:\\\/\\\/x.com\\\/admin\"],\"url\":\"https:\\\/\\\/www.organisator.ch\\\/fr\\\/author\\\/galledia\\\/\"}]}<\/script>\n<!-- \/ Yoast SEO plugin. -->","yoast_head_json":{"title":"Projets phares : La valeur ajout\u00e9e de la logistique - Organisateur","description":"Le 8 mai 2025 aura lieu la 40e \u00e9dition du colloque zurichois sur la logistique. Diff\u00e9rents projets phares de la logistique y seront pr\u00e9sent\u00e9s.","robots":{"index":"index","follow":"follow","max-snippet":"max-snippet:-1","max-image-preview":"max-image-preview:large","max-video-preview":"max-video-preview:-1"},"canonical":"https:\/\/www.organisator.ch\/fr\/excellence-operationnelle\/2025-03-26\/leuchtturmprojekte-mehrwert-durch-logistik\/","og_locale":"fr_FR","og_type":"article","og_title":"Leuchtturmprojekte: Mehrwert durch Logistik - Organisator","og_description":"Am 8. Mai 2025 findet zum 40. Mal das Z\u00fcrcher Logistik-Kolloquium statt. Pr\u00e4sentiert werden verschiedene Logistik-Leuchtturmprojekte.","og_url":"https:\/\/www.organisator.ch\/fr\/excellence-operationnelle\/2025-03-26\/leuchtturmprojekte-mehrwert-durch-logistik\/","og_site_name":"Organisator","article_publisher":"https:\/\/www.facebook.com\/OrganisatorFachmagazin","article_published_time":"2025-03-26T07:10:19+00:00","article_modified_time":"2025-03-26T08:22:18+00:00","og_image":[{"width":1240,"height":876,"url":"https:\/\/www.organisator.ch\/wp-content\/uploads\/2023\/08\/Weiterbildung_Getabstract_Bild_organisator_56283.jpg","type":"image\/jpeg"}],"author":"galledia","twitter_card":"summary_large_image","twitter_creator":"@admin","schema":{"@context":"https:\/\/schema.org","@graph":[{"@type":"Article","@id":"https:\/\/www.organisator.ch\/operational-excellence\/2025-03-26\/leuchtturmprojekte-mehrwert-durch-logistik\/#article","isPartOf":{"@id":"https:\/\/www.organisator.ch\/operational-excellence\/2025-03-26\/leuchtturmprojekte-mehrwert-durch-logistik\/"},"author":{"name":"galledia","@id":"https:\/\/www.organisator.ch\/#\/schema\/person\/4e51799071cd2dd1232ac003643ef5f0"},"headline":"Leuchtturmprojekte: Mehrwert durch Logistik","datePublished":"2025-03-26T07:10:19+00:00","dateModified":"2025-03-26T08:22:18+00:00","mainEntityOfPage":{"@id":"https:\/\/www.organisator.ch\/operational-excellence\/2025-03-26\/leuchtturmprojekte-mehrwert-durch-logistik\/"},"wordCount":224,"publisher":{"@id":"https:\/\/www.organisator.ch\/#organization"},"image":{"@id":"https:\/\/www.organisator.ch\/operational-excellence\/2025-03-26\/leuchtturmprojekte-mehrwert-durch-logistik\/#primaryimage"},"thumbnailUrl":"https:\/\/www.m-q.ch\/wp-content\/uploads\/2025\/03\/Leuchtturmprojekte-Mehrwert-durch-Logistik_MQ.png","keywords":["Business Excellence","Fachkongress\/Fachmesse","Innovation","Logistik"],"articleSection":["OPERATIONAL EXCELLENCE"],"inLanguage":"fr-FR"},{"@type":"WebPage","@id":"https:\/\/www.organisator.ch\/operational-excellence\/2025-03-26\/leuchtturmprojekte-mehrwert-durch-logistik\/","url":"https:\/\/www.organisator.ch\/operational-excellence\/2025-03-26\/leuchtturmprojekte-mehrwert-durch-logistik\/","name":"Projets phares : La valeur ajout\u00e9e de la logistique - Organisateur","isPartOf":{"@id":"https:\/\/www.organisator.ch\/#website"},"primaryImageOfPage":{"@id":"https:\/\/www.organisator.ch\/operational-excellence\/2025-03-26\/leuchtturmprojekte-mehrwert-durch-logistik\/#primaryimage"},"image":{"@id":"https:\/\/www.organisator.ch\/operational-excellence\/2025-03-26\/leuchtturmprojekte-mehrwert-durch-logistik\/#primaryimage"},"thumbnailUrl":"https:\/\/www.m-q.ch\/wp-content\/uploads\/2025\/03\/Leuchtturmprojekte-Mehrwert-durch-Logistik_MQ.png","datePublished":"2025-03-26T07:10:19+00:00","dateModified":"2025-03-26T08:22:18+00:00","description":"Le 8 mai 2025 aura lieu la 40e \u00e9dition du colloque zurichois sur la logistique. Diff\u00e9rents projets phares de la logistique y seront pr\u00e9sent\u00e9s.","breadcrumb":{"@id":"https:\/\/www.organisator.ch\/operational-excellence\/2025-03-26\/leuchtturmprojekte-mehrwert-durch-logistik\/#breadcrumb"},"inLanguage":"fr-FR","potentialAction":[{"@type":"ReadAction","target":["https:\/\/www.organisator.ch\/operational-excellence\/2025-03-26\/leuchtturmprojekte-mehrwert-durch-logistik\/"]}]},{"@type":"ImageObject","inLanguage":"fr-FR","@id":"https:\/\/www.organisator.ch\/operational-excellence\/2025-03-26\/leuchtturmprojekte-mehrwert-durch-logistik\/#primaryimage","url":"https:\/\/www.m-q.ch\/wp-content\/uploads\/2025\/03\/Leuchtturmprojekte-Mehrwert-durch-Logistik_MQ.png","contentUrl":"https:\/\/www.m-q.ch\/wp-content\/uploads\/2025\/03\/Leuchtturmprojekte-Mehrwert-durch-Logistik_MQ.png"},{"@type":"BreadcrumbList","@id":"https:\/\/www.organisator.ch\/operational-excellence\/2025-03-26\/leuchtturmprojekte-mehrwert-durch-logistik\/#breadcrumb","itemListElement":[{"@type":"ListItem","position":1,"name":"Home","item":"https:\/\/www.organisator.ch\/"},{"@type":"ListItem","position":2,"name":"Leuchtturmprojekte: Mehrwert durch Logistik"}]},{"@type":"WebSite","@id":"https:\/\/www.organisator.ch\/#website","url":"https:\/\/www.organisator.ch\/","name":"Organisateur","description":"Comp\u00e9tence et comp\u00e9tence. Proches de la pratique. L'ORGANISATEUR pr\u00e9pare 10 num\u00e9ros par an sur les th\u00e8mes essentiels pour les dirigeants de PME.","publisher":{"@id":"https:\/\/www.organisator.ch\/#organization"},"potentialAction":[{"@type":"SearchAction","target":{"@type":"EntryPoint","urlTemplate":"https:\/\/www.organisator.ch\/?s={search_term_string}"},"query-input":{"@type":"PropertyValueSpecification","valueRequired":true,"valueName":"search_term_string"}}],"inLanguage":"fr-FR"},{"@type":"Organization","@id":"https:\/\/www.organisator.ch\/#organization","name":"Organisateur","url":"https:\/\/www.organisator.ch\/","logo":{"@type":"ImageObject","inLanguage":"fr-FR","@id":"https:\/\/www.organisator.ch\/#\/schema\/logo\/image\/","url":"https:\/\/www.organisator.ch\/wp-content\/uploads\/2022\/01\/Logo_Organisator_Website.png","contentUrl":"https:\/\/www.organisator.ch\/wp-content\/uploads\/2022\/01\/Logo_Organisator_Website.png","width":800,"height":77,"caption":"Organisator"},"image":{"@id":"https:\/\/www.organisator.ch\/#\/schema\/logo\/image\/"},"sameAs":["https:\/\/www.facebook.com\/OrganisatorFachmagazin","https:\/\/www.linkedin.com\/showcase\/organisator-das-magazin-fr-kmu","https:\/\/www.xing.com\/news\/pages\/organisator-ch-695","https:\/\/www.youtube.com\/channel\/UCGP2Sq0iWaZwT3BdIAQFYpw"]},{"@type":"Person","@id":"https:\/\/www.organisator.ch\/#\/schema\/person\/4e51799071cd2dd1232ac003643ef5f0","name":"galledia","image":{"@type":"ImageObject","inLanguage":"fr-FR","@id":"https:\/\/secure.gravatar.com\/avatar\/78a7f90c01fc2bfc875782a0d4922b37cde2cf184ce347b91316d23cd7f69a36?s=96&d=mm&r=g","url":"https:\/\/secure.gravatar.com\/avatar\/78a7f90c01fc2bfc875782a0d4922b37cde2cf184ce347b91316d23cd7f69a36?s=96&d=mm&r=g","contentUrl":"https:\/\/secure.gravatar.com\/avatar\/78a7f90c01fc2bfc875782a0d4922b37cde2cf184ce347b91316d23cd7f69a36?s=96&d=mm&r=g","caption":"galledia"},"sameAs":["https:\/\/x.com\/admin"],"url":"https:\/\/www.organisator.ch\/fr\/author\/galledia\/"}]}},"_links":{"self":[{"href":"https:\/\/www.organisator.ch\/fr\/wp-json\/wp\/v2\/posts\/37205","targetHints":{"allow":["GET"]}}],"collection":[{"href":"https:\/\/www.organisator.ch\/fr\/wp-json\/wp\/v2\/posts"}],"about":[{"href":"https:\/\/www.organisator.ch\/fr\/wp-json\/wp\/v2\/types\/post"}],"author":[{"embeddable":true,"href":"https:\/\/www.organisator.ch\/fr\/wp-json\/wp\/v2\/users\/8"}],"replies":[{"embeddable":true,"href":"https:\/\/www.organisator.ch\/fr\/wp-json\/wp\/v2\/comments?post=37205"}],"version-history":[{"count":6,"href":"https:\/\/www.organisator.ch\/fr\/wp-json\/wp\/v2\/posts\/37205\/revisions"}],"predecessor-version":[{"id":37210,"href":"https:\/\/www.organisator.ch\/fr\/wp-json\/wp\/v2\/posts\/37205\/revisions\/37210"}],"wp:attachment":[{"href":"https:\/\/www.organisator.ch\/fr\/wp-json\/wp\/v2\/media?parent=37205"}],"wp:term":[{"taxonomy":"category","embeddable":true,"href":"https:\/\/www.organisator.ch\/fr\/wp-json\/wp\/v2\/categories?post=37205"},{"taxonomy":"post_tag","embeddable":true,"href":"https:\/\/www.organisator.ch\/fr\/wp-json\/wp\/v2\/tags?post=37205"}],"curies":[{"name":"wp","href":"https:\/\/api.w.org\/{rel}","templated":true}]}}