{"id":37227,"date":"2025-03-26T15:37:10","date_gmt":"2025-03-26T14:37:10","guid":{"rendered":"https:\/\/www.markt-kom.com\/?p=232534"},"modified":"2025-03-27T07:02:02","modified_gmt":"2025-03-27T06:02:02","slug":"werbemarkt-im-februar-2025-ooh-trotzt-dem-negativtrend","status":"publish","type":"post","link":"https:\/\/www.organisator.ch\/fr\/marketing\/2025-03-26\/werbemarkt-im-februar-2025-ooh-trotzt-dem-negativtrend\/","title":{"rendered":"Le march\u00e9 publicitaire en f\u00e9vrier 2025 : l'OOH d\u00e9fie la tendance n\u00e9gative"},"content":{"rendered":"<figure id=\"attachment_232538\" class=\"wp-caption aligncenter\" style=\"width: 1024px;\" aria-describedby=\"caption-attachment-232538\"><a href=\"https:\/\/www.markt-kom.com\/wp-content\/uploads\/2025\/03\/DE-Werbemarkt-Trend-Feb.-2025-Gesamtmarkt-Grafik-digital-1-1024x584-1.png\"><img class=\"size-full wp-image-232538\" src=\"https:\/\/www.markt-kom.com\/wp-content\/uploads\/2025\/03\/DE-Werbemarkt-Trend-Feb.-2025-Gesamtmarkt-Grafik-digital-1-1024x584-1.png\" sizes=\"(max-width: 1024px) 100vw, 1024px\" srcset=\"https:\/\/www.markt-kom.com\/wp-content\/uploads\/2025\/03\/DE-Werbemarkt-Trend-Feb.-2025-Gesamtmarkt-Grafik-digital-1-1024x584-1.png 1024w, https:\/\/www.markt-kom.com\/wp-content\/uploads\/2025\/03\/DE-Werbemarkt-Trend-Feb.-2025-Gesamtmarkt-Grafik-digital-1-1024x584-1-600x342.png 600w, https:\/\/www.markt-kom.com\/wp-content\/uploads\/2025\/03\/DE-Werbemarkt-Trend-Feb.-2025-Gesamtmarkt-Grafik-digital-1-1024x584-1-768x438.png 768w, https:\/\/www.markt-kom.com\/wp-content\/uploads\/2025\/03\/DE-Werbemarkt-Trend-Feb.-2025-Gesamtmarkt-Grafik-digital-1-1024x584-1-18x10.png 18w, https:\/\/www.markt-kom.com\/wp-content\/uploads\/2025\/03\/DE-Werbemarkt-Trend-Feb.-2025-Gesamtmarkt-Grafik-digital-1-1024x584-1-307x175.png 307w, https:\/\/www.markt-kom.com\/wp-content\/uploads\/2025\/03\/DE-Werbemarkt-Trend-Feb.-2025-Gesamtmarkt-Grafik-digital-1-1024x584-1-614x350.png 614w, https:\/\/www.markt-kom.com\/wp-content\/uploads\/2025\/03\/DE-Werbemarkt-Trend-Feb.-2025-Gesamtmarkt-Grafik-digital-1-1024x584-1-1000x570.png 1000w\" alt=\"\" width=\"1024\" height=\"584\" \/><\/a>\r\n<figcaption id=\"caption-attachment-232538\" class=\"wp-caption-text\">(Graphiques : Media Focus)<\/figcaption>\r\n<\/figure>\r\n<p>En f\u00e9vrier 2025, le march\u00e9 publicitaire en Suisse se termine \u00e9galement sur une note n\u00e9gative. La pression publicitaire des m\u00e9dias \"classiques\" s'est \u00e9lev\u00e9e \u00e0 255,8 millions de francs bruts, ce qui correspond \u00e0 un recul de 3,6 pour cent par rapport au m\u00eame mois de l'ann\u00e9e pr\u00e9c\u00e9dente. La presse, la t\u00e9l\u00e9vision, la radio et le cin\u00e9ma sont particuli\u00e8rement touch\u00e9s, tandis que l'out-of-home est le seul genre de m\u00e9dia \u00e0 avoir progress\u00e9 avec une croissance de 8,7 pour cent. N\u00e9anmoins, le classement dans le mix m\u00e9dia reste inchang\u00e9, la TV devant la presse, avant l'out-of-home, la radio et le cin\u00e9ma.<\/p>\r\n<p>Apr\u00e8s les deux premiers mois de l'ann\u00e9e, l'impression publicitaire classique cumul\u00e9e s'\u00e9l\u00e8ve \u00e0 517,3 millions de francs, ce qui correspond \u00e0 un recul de 4,8 pour cent par rapport \u00e0 l'ann\u00e9e pr\u00e9c\u00e9dente.<\/p>\r\n<h3>Publicit\u00e9 num\u00e9rique : le search reste en t\u00eate, YouTube continue de progresser<\/h3>\r\n<p>Sur le march\u00e9 de la publicit\u00e9 num\u00e9rique, le search conserve sa position de leader avec une part de 45,4 pour cent, bien que les adaptations de Google aient entra\u00een\u00e9 une baisse de la pression publicitaire. La publicit\u00e9 display suit avec 35,5 pour cent, tandis que YouTube est la seule cat\u00e9gorie \u00e0 enregistrer une \u00e9volution positive avec 19,1 pour cent.<\/p>\r\n<p><a href=\"https:\/\/www.markt-kom.com\/wp-content\/uploads\/2025\/03\/DE-Werbemarkt-Trend-Feb.-2025-Monatsentwicklung-Media-Mix-klassisch-1-1024x584-1.png\"><img class=\"aligncenter size-full wp-image-232541\" src=\"https:\/\/www.markt-kom.com\/wp-content\/uploads\/2025\/03\/DE-Werbemarkt-Trend-Feb.-2025-Monatsentwicklung-Media-Mix-klassisch-1-1024x584-1.png\" sizes=\"(max-width: 1024px) 100vw, 1024px\" srcset=\"https:\/\/www.markt-kom.com\/wp-content\/uploads\/2025\/03\/DE-Werbemarkt-Trend-Feb.-2025-Monatsentwicklung-Media-Mix-klassisch-1-1024x584-1.png 1024w, https:\/\/www.markt-kom.com\/wp-content\/uploads\/2025\/03\/DE-Werbemarkt-Trend-Feb.-2025-Monatsentwicklung-Media-Mix-klassisch-1-1024x584-1-600x342.png 600w, https:\/\/www.markt-kom.com\/wp-content\/uploads\/2025\/03\/DE-Werbemarkt-Trend-Feb.-2025-Monatsentwicklung-Media-Mix-klassisch-1-1024x584-1-768x438.png 768w, https:\/\/www.markt-kom.com\/wp-content\/uploads\/2025\/03\/DE-Werbemarkt-Trend-Feb.-2025-Monatsentwicklung-Media-Mix-klassisch-1-1024x584-1-18x10.png 18w, https:\/\/www.markt-kom.com\/wp-content\/uploads\/2025\/03\/DE-Werbemarkt-Trend-Feb.-2025-Monatsentwicklung-Media-Mix-klassisch-1-1024x584-1-307x175.png 307w, https:\/\/www.markt-kom.com\/wp-content\/uploads\/2025\/03\/DE-Werbemarkt-Trend-Feb.-2025-Monatsentwicklung-Media-Mix-klassisch-1-1024x584-1-614x350.png 614w, https:\/\/www.markt-kom.com\/wp-content\/uploads\/2025\/03\/DE-Werbemarkt-Trend-Feb.-2025-Monatsentwicklung-Media-Mix-klassisch-1-1024x584-1-1000x570.png 1000w\" alt=\"\" width=\"1024\" height=\"584\" \/><\/a><\/p>\r\n<h3>Le commerce de d\u00e9tail domine le march\u00e9 publicitaire classique<\/h3>\r\n<p>Sur les 21 secteurs analys\u00e9s, seuls sept ont pu \u00e9chapper \u00e0 la tendance n\u00e9gative g\u00e9n\u00e9rale. Le commerce de d\u00e9tail est en t\u00eate du classement avec une croissance de 32% et continue de consolider son avance. Le secteur des t\u00e9l\u00e9communications (+15,6 %), les services financiers (+13,6 %) et le secteur de l'\u00e9nergie (+38,4 %) affichent \u00e9galement une \u00e9volution positive.<\/p>\r\n<p>Le secteur du tabac a enregistr\u00e9 les pertes les plus importantes (-84,3 %), en raison des nouvelles interdictions de publicit\u00e9. L'alimentation (-8,5 %), les loisirs\/la gastronomie\/le tourisme (-24,7 %) et la pharmacie\/sant\u00e9 (-17,2 %) ont \u00e9galement subi des baisses importantes.<\/p>\r\n<figure id=\"attachment_232540\" class=\"wp-caption aligncenter\" style=\"width: 1024px;\" aria-describedby=\"caption-attachment-232540\"><a href=\"https:\/\/www.markt-kom.com\/wp-content\/uploads\/2025\/03\/DE-Werbemarkt-Trend-Feb.-2025-Branchenranking-klassisch-1-1024x584-1.png\"><img class=\"wp-image-232540 size-full\" src=\"https:\/\/www.markt-kom.com\/wp-content\/uploads\/2025\/03\/DE-Werbemarkt-Trend-Feb.-2025-Branchenranking-klassisch-1-1024x584-1.png\" sizes=\"(max-width: 1024px) 100vw, 1024px\" srcset=\"https:\/\/www.markt-kom.com\/wp-content\/uploads\/2025\/03\/DE-Werbemarkt-Trend-Feb.-2025-Branchenranking-klassisch-1-1024x584-1.png 1024w, https:\/\/www.markt-kom.com\/wp-content\/uploads\/2025\/03\/DE-Werbemarkt-Trend-Feb.-2025-Branchenranking-klassisch-1-1024x584-1-600x342.png 600w, https:\/\/www.markt-kom.com\/wp-content\/uploads\/2025\/03\/DE-Werbemarkt-Trend-Feb.-2025-Branchenranking-klassisch-1-1024x584-1-768x438.png 768w, https:\/\/www.markt-kom.com\/wp-content\/uploads\/2025\/03\/DE-Werbemarkt-Trend-Feb.-2025-Branchenranking-klassisch-1-1024x584-1-18x10.png 18w, https:\/\/www.markt-kom.com\/wp-content\/uploads\/2025\/03\/DE-Werbemarkt-Trend-Feb.-2025-Branchenranking-klassisch-1-1024x584-1-307x175.png 307w, https:\/\/www.markt-kom.com\/wp-content\/uploads\/2025\/03\/DE-Werbemarkt-Trend-Feb.-2025-Branchenranking-klassisch-1-1024x584-1-614x350.png 614w, https:\/\/www.markt-kom.com\/wp-content\/uploads\/2025\/03\/DE-Werbemarkt-Trend-Feb.-2025-Branchenranking-klassisch-1-1024x584-1-1000x570.png 1000w\" alt=\"\" width=\"1024\" height=\"584\" \/><\/a>\r\n<figcaption id=\"caption-attachment-232540\" class=\"wp-caption-text\">Classement sectoriel des m\u00e9dias classiques.<\/figcaption>\r\n<\/figure>\r\n<p><a href=\"https:\/\/www.markt-kom.com\/wp-content\/uploads\/2025\/03\/DE-Werbemarkt-Trend-Feb.-2025-Top-Advertiser-Produkte-klassisch-1.png\"><img class=\"aligncenter size-full wp-image-232539\" src=\"https:\/\/www.markt-kom.com\/wp-content\/uploads\/2025\/03\/DE-Werbemarkt-Trend-Feb.-2025-Top-Advertiser-Produkte-klassisch-1.png\" sizes=\"(max-width: 1300px) 100vw, 1300px\" srcset=\"https:\/\/www.markt-kom.com\/wp-content\/uploads\/2025\/03\/DE-Werbemarkt-Trend-Feb.-2025-Top-Advertiser-Produkte-klassisch-1.png 1300w, https:\/\/www.markt-kom.com\/wp-content\/uploads\/2025\/03\/DE-Werbemarkt-Trend-Feb.-2025-Top-Advertiser-Produkte-klassisch-1-600x236.png 600w, https:\/\/www.markt-kom.com\/wp-content\/uploads\/2025\/03\/DE-Werbemarkt-Trend-Feb.-2025-Top-Advertiser-Produkte-klassisch-1-1024x403.png 1024w, https:\/\/www.markt-kom.com\/wp-content\/uploads\/2025\/03\/DE-Werbemarkt-Trend-Feb.-2025-Top-Advertiser-Produkte-klassisch-1-768x302.png 768w, https:\/\/www.markt-kom.com\/wp-content\/uploads\/2025\/03\/DE-Werbemarkt-Trend-Feb.-2025-Top-Advertiser-Produkte-klassisch-1-1536x604.png 1536w, https:\/\/www.markt-kom.com\/wp-content\/uploads\/2025\/03\/DE-Werbemarkt-Trend-Feb.-2025-Top-Advertiser-Produkte-klassisch-1-2048x805.png 2048w, https:\/\/www.markt-kom.com\/wp-content\/uploads\/2025\/03\/DE-Werbemarkt-Trend-Feb.-2025-Top-Advertiser-Produkte-klassisch-1-18x7.png 18w, https:\/\/www.markt-kom.com\/wp-content\/uploads\/2025\/03\/DE-Werbemarkt-Trend-Feb.-2025-Top-Advertiser-Produkte-klassisch-1-375x147.png 375w, https:\/\/www.markt-kom.com\/wp-content\/uploads\/2025\/03\/DE-Werbemarkt-Trend-Feb.-2025-Top-Advertiser-Produkte-klassisch-1-760x299.png 760w, https:\/\/www.markt-kom.com\/wp-content\/uploads\/2025\/03\/DE-Werbemarkt-Trend-Feb.-2025-Top-Advertiser-Produkte-klassisch-1-1000x393.png 1000w\" alt=\"\" width=\"1300\" height=\"511\" \/><\/a><a href=\"https:\/\/www.markt-kom.com\/wp-content\/uploads\/2025\/03\/DE-Werbemarkt-Trend-Feb.-2025-Media-Mix-klassisch-1-1024x584-1.png\"><img class=\"aligncenter size-full wp-image-232544\" src=\"https:\/\/www.markt-kom.com\/wp-content\/uploads\/2025\/03\/DE-Werbemarkt-Trend-Feb.-2025-Media-Mix-klassisch-1-1024x584-1.png\" sizes=\"(max-width: 1024px) 100vw, 1024px\" srcset=\"https:\/\/www.markt-kom.com\/wp-content\/uploads\/2025\/03\/DE-Werbemarkt-Trend-Feb.-2025-Media-Mix-klassisch-1-1024x584-1.png 1024w, https:\/\/www.markt-kom.com\/wp-content\/uploads\/2025\/03\/DE-Werbemarkt-Trend-Feb.-2025-Media-Mix-klassisch-1-1024x584-1-600x342.png 600w, https:\/\/www.markt-kom.com\/wp-content\/uploads\/2025\/03\/DE-Werbemarkt-Trend-Feb.-2025-Media-Mix-klassisch-1-1024x584-1-768x438.png 768w, https:\/\/www.markt-kom.com\/wp-content\/uploads\/2025\/03\/DE-Werbemarkt-Trend-Feb.-2025-Media-Mix-klassisch-1-1024x584-1-18x10.png 18w, https:\/\/www.markt-kom.com\/wp-content\/uploads\/2025\/03\/DE-Werbemarkt-Trend-Feb.-2025-Media-Mix-klassisch-1-1024x584-1-307x175.png 307w, https:\/\/www.markt-kom.com\/wp-content\/uploads\/2025\/03\/DE-Werbemarkt-Trend-Feb.-2025-Media-Mix-klassisch-1-1024x584-1-614x350.png 614w, https:\/\/www.markt-kom.com\/wp-content\/uploads\/2025\/03\/DE-Werbemarkt-Trend-Feb.-2025-Media-Mix-klassisch-1-1024x584-1-1000x570.png 1000w\" alt=\"\" width=\"1024\" height=\"584\" \/><\/a><\/p>\r\n<h3>Publicit\u00e9 num\u00e9rique vs. publicit\u00e9 classique : comparaison entre les branches<\/h3>\r\n<p>Sur le march\u00e9 publicitaire num\u00e9rique, la branche loisirs, gastronomie, tourisme est en t\u00eate, suivie par le commerce de d\u00e9tail et les services financiers. Sur le march\u00e9 publicitaire classique, c'est en revanche le commerce de d\u00e9tail qui est en t\u00eate, tandis que le secteur financier ne se maintient qu'en 5e position.<\/p>\r\n<p>Les produits du tabac, les \u00e9v\u00e9nements et les produits de nettoyage occupent les derni\u00e8res places du march\u00e9 publicitaire num\u00e9rique, bien que certains d'entre eux aient progress\u00e9 par rapport \u00e0 l'ann\u00e9e pr\u00e9c\u00e9dente. Sur le march\u00e9 classique, le secteur du tabac reste en queue de peloton, suivi directement par les secteurs de l'\u00e9nergie, des m\u00e9dias et des entreprises de transport.<\/p>\r\n<figure id=\"attachment_232536\" class=\"wp-caption aligncenter\" style=\"width: 1024px;\" aria-describedby=\"caption-attachment-232536\"><a href=\"https:\/\/www.markt-kom.com\/wp-content\/uploads\/2025\/03\/DE-Werbemarkt-Trend-Feb.-2025-Branchenranking-SoA-digital-1-1024x584-1.png\"><img class=\"wp-image-232536 size-full\" src=\"https:\/\/www.markt-kom.com\/wp-content\/uploads\/2025\/03\/DE-Werbemarkt-Trend-Feb.-2025-Branchenranking-SoA-digital-1-1024x584-1.png\" sizes=\"(max-width: 1024px) 100vw, 1024px\" srcset=\"https:\/\/www.markt-kom.com\/wp-content\/uploads\/2025\/03\/DE-Werbemarkt-Trend-Feb.-2025-Branchenranking-SoA-digital-1-1024x584-1.png 1024w, https:\/\/www.markt-kom.com\/wp-content\/uploads\/2025\/03\/DE-Werbemarkt-Trend-Feb.-2025-Branchenranking-SoA-digital-1-1024x584-1-600x342.png 600w, https:\/\/www.markt-kom.com\/wp-content\/uploads\/2025\/03\/DE-Werbemarkt-Trend-Feb.-2025-Branchenranking-SoA-digital-1-1024x584-1-768x438.png 768w, https:\/\/www.markt-kom.com\/wp-content\/uploads\/2025\/03\/DE-Werbemarkt-Trend-Feb.-2025-Branchenranking-SoA-digital-1-1024x584-1-18x10.png 18w, https:\/\/www.markt-kom.com\/wp-content\/uploads\/2025\/03\/DE-Werbemarkt-Trend-Feb.-2025-Branchenranking-SoA-digital-1-1024x584-1-307x175.png 307w, https:\/\/www.markt-kom.com\/wp-content\/uploads\/2025\/03\/DE-Werbemarkt-Trend-Feb.-2025-Branchenranking-SoA-digital-1-1024x584-1-614x350.png 614w, https:\/\/www.markt-kom.com\/wp-content\/uploads\/2025\/03\/DE-Werbemarkt-Trend-Feb.-2025-Branchenranking-SoA-digital-1-1024x584-1-1000x570.png 1000w\" alt=\"\" width=\"1024\" height=\"584\" \/><\/a>\r\n<figcaption id=\"caption-attachment-232536\" class=\"wp-caption-text\">Classement sectoriel des m\u00e9dias num\u00e9riques.<\/figcaption>\r\n<\/figure>\r\n<p>&nbsp;<\/p>\r\n<figure id=\"attachment_232538\" class=\"wp-caption aligncenter\" style=\"width: 1024px;\" aria-describedby=\"caption-attachment-232538\"><a href=\"https:\/\/www.markt-kom.com\/wp-content\/uploads\/2025\/03\/DE-Werbemarkt-Trend-Feb.-2025-Gesamtmarkt-Grafik-digital-1-1024x584-1.png\"><img class=\"size-full wp-image-232538\" src=\"https:\/\/www.markt-kom.com\/wp-content\/uploads\/2025\/03\/DE-Werbemarkt-Trend-Feb.-2025-Gesamtmarkt-Grafik-digital-1-1024x584-1.png\" sizes=\"(max-width: 1024px) 100vw, 1024px\" srcset=\"https:\/\/www.markt-kom.com\/wp-content\/uploads\/2025\/03\/DE-Werbemarkt-Trend-Feb.-2025-Gesamtmarkt-Grafik-digital-1-1024x584-1.png 1024w, https:\/\/www.markt-kom.com\/wp-content\/uploads\/2025\/03\/DE-Werbemarkt-Trend-Feb.-2025-Gesamtmarkt-Grafik-digital-1-1024x584-1-600x342.png 600w, https:\/\/www.markt-kom.com\/wp-content\/uploads\/2025\/03\/DE-Werbemarkt-Trend-Feb.-2025-Gesamtmarkt-Grafik-digital-1-1024x584-1-768x438.png 768w, https:\/\/www.markt-kom.com\/wp-content\/uploads\/2025\/03\/DE-Werbemarkt-Trend-Feb.-2025-Gesamtmarkt-Grafik-digital-1-1024x584-1-18x10.png 18w, https:\/\/www.markt-kom.com\/wp-content\/uploads\/2025\/03\/DE-Werbemarkt-Trend-Feb.-2025-Gesamtmarkt-Grafik-digital-1-1024x584-1-307x175.png 307w, https:\/\/www.markt-kom.com\/wp-content\/uploads\/2025\/03\/DE-Werbemarkt-Trend-Feb.-2025-Gesamtmarkt-Grafik-digital-1-1024x584-1-614x350.png 614w, https:\/\/www.markt-kom.com\/wp-content\/uploads\/2025\/03\/DE-Werbemarkt-Trend-Feb.-2025-Gesamtmarkt-Grafik-digital-1-1024x584-1-1000x570.png 1000w\" alt=\"\" width=\"1024\" height=\"584\" \/><\/a>\r\n<figcaption id=\"caption-attachment-232538\" class=\"wp-caption-text\">(Graphiques : Media Focus)<\/figcaption>\r\n<\/figure>\r\n<p><a href=\"https:\/\/www.markt-kom.com\/wp-content\/uploads\/2025\/03\/DE-Werbemarkt-Trend-Feb.-2025-Monatsentwicklung-Media-Mix-digital-1-1024x584-1.png\"><img class=\"aligncenter size-full wp-image-232537\" src=\"https:\/\/www.markt-kom.com\/wp-content\/uploads\/2025\/03\/DE-Werbemarkt-Trend-Feb.-2025-Monatsentwicklung-Media-Mix-digital-1-1024x584-1.png\" sizes=\"(max-width: 1024px) 100vw, 1024px\" srcset=\"https:\/\/www.markt-kom.com\/wp-content\/uploads\/2025\/03\/DE-Werbemarkt-Trend-Feb.-2025-Monatsentwicklung-Media-Mix-digital-1-1024x584-1.png 1024w, https:\/\/www.markt-kom.com\/wp-content\/uploads\/2025\/03\/DE-Werbemarkt-Trend-Feb.-2025-Monatsentwicklung-Media-Mix-digital-1-1024x584-1-600x342.png 600w, https:\/\/www.markt-kom.com\/wp-content\/uploads\/2025\/03\/DE-Werbemarkt-Trend-Feb.-2025-Monatsentwicklung-Media-Mix-digital-1-1024x584-1-768x438.png 768w, https:\/\/www.markt-kom.com\/wp-content\/uploads\/2025\/03\/DE-Werbemarkt-Trend-Feb.-2025-Monatsentwicklung-Media-Mix-digital-1-1024x584-1-18x10.png 18w, https:\/\/www.markt-kom.com\/wp-content\/uploads\/2025\/03\/DE-Werbemarkt-Trend-Feb.-2025-Monatsentwicklung-Media-Mix-digital-1-1024x584-1-307x175.png 307w, https:\/\/www.markt-kom.com\/wp-content\/uploads\/2025\/03\/DE-Werbemarkt-Trend-Feb.-2025-Monatsentwicklung-Media-Mix-digital-1-1024x584-1-614x350.png 614w, https:\/\/www.markt-kom.com\/wp-content\/uploads\/2025\/03\/DE-Werbemarkt-Trend-Feb.-2025-Monatsentwicklung-Media-Mix-digital-1-1024x584-1-1000x570.png 1000w\" alt=\"\" width=\"1024\" height=\"584\" \/><\/a><\/p>\r\n<h3>Produits les plus demand\u00e9s en f\u00e9vrier<\/h3>\r\n<p>Dans le domaine de l'affichage, c'est spusu.ch qui arrive en t\u00eate, tandis que dans le domaine de la recherche, c'est booking.com qui a la plus forte pr\u00e9sence publicitaire. Sur YouTube, c'est l'Audi A6 E-Tron qui occupe la premi\u00e8re place. Tui Reisen et Tui.ch ont \u00e9galement r\u00e9ussi \u00e0 se hisser dans le top 10 des campagnes publicitaires num\u00e9riques.<\/p>\r\n<p><a href=\"https:\/\/www.markt-kom.com\/wp-content\/uploads\/2025\/03\/DE-Werbemarkt-Trend-Feb.-2025-Top-Produkte-digital-1024x370-1.png\"><img class=\"aligncenter size-full wp-image-232535\" src=\"https:\/\/www.markt-kom.com\/wp-content\/uploads\/2025\/03\/DE-Werbemarkt-Trend-Feb.-2025-Top-Produkte-digital-1024x370-1.png\" sizes=\"(max-width: 1024px) 100vw, 1024px\" srcset=\"https:\/\/www.markt-kom.com\/wp-content\/uploads\/2025\/03\/DE-Werbemarkt-Trend-Feb.-2025-Top-Produkte-digital-1024x370-1.png 1024w, https:\/\/www.markt-kom.com\/wp-content\/uploads\/2025\/03\/DE-Werbemarkt-Trend-Feb.-2025-Top-Produkte-digital-1024x370-1-600x217.png 600w, https:\/\/www.markt-kom.com\/wp-content\/uploads\/2025\/03\/DE-Werbemarkt-Trend-Feb.-2025-Top-Produkte-digital-1024x370-1-768x278.png 768w, https:\/\/www.markt-kom.com\/wp-content\/uploads\/2025\/03\/DE-Werbemarkt-Trend-Feb.-2025-Top-Produkte-digital-1024x370-1-18x7.png 18w, https:\/\/www.markt-kom.com\/wp-content\/uploads\/2025\/03\/DE-Werbemarkt-Trend-Feb.-2025-Top-Produkte-digital-1024x370-1-375x135.png 375w, https:\/\/www.markt-kom.com\/wp-content\/uploads\/2025\/03\/DE-Werbemarkt-Trend-Feb.-2025-Top-Produkte-digital-1024x370-1-760x275.png 760w, https:\/\/www.markt-kom.com\/wp-content\/uploads\/2025\/03\/DE-Werbemarkt-Trend-Feb.-2025-Top-Produkte-digital-1024x370-1-1000x361.png 1000w\" alt=\"\" width=\"1024\" height=\"370\" \/><\/a><a href=\"https:\/\/www.markt-kom.com\/wp-content\/uploads\/2025\/03\/DE-Werbemarkt-Trend-Feb.-2025-Media-Mix-digital-1.jpg\"><img class=\"aligncenter size-full wp-image-232543\" src=\"https:\/\/www.markt-kom.com\/wp-content\/uploads\/2025\/03\/DE-Werbemarkt-Trend-Feb.-2025-Media-Mix-digital-1.jpg\" sizes=\"(max-width: 1200px) 100vw, 1200px\" srcset=\"https:\/\/www.markt-kom.com\/wp-content\/uploads\/2025\/03\/DE-Werbemarkt-Trend-Feb.-2025-Media-Mix-digital-1.jpg 1200w, https:\/\/www.markt-kom.com\/wp-content\/uploads\/2025\/03\/DE-Werbemarkt-Trend-Feb.-2025-Media-Mix-digital-1-600x342.jpg 600w, https:\/\/www.markt-kom.com\/wp-content\/uploads\/2025\/03\/DE-Werbemarkt-Trend-Feb.-2025-Media-Mix-digital-1-1024x584.jpg 1024w, https:\/\/www.markt-kom.com\/wp-content\/uploads\/2025\/03\/DE-Werbemarkt-Trend-Feb.-2025-Media-Mix-digital-1-768x438.jpg 768w, https:\/\/www.markt-kom.com\/wp-content\/uploads\/2025\/03\/DE-Werbemarkt-Trend-Feb.-2025-Media-Mix-digital-1-18x10.jpg 18w, https:\/\/www.markt-kom.com\/wp-content\/uploads\/2025\/03\/DE-Werbemarkt-Trend-Feb.-2025-Media-Mix-digital-1-307x175.jpg 307w, https:\/\/www.markt-kom.com\/wp-content\/uploads\/2025\/03\/DE-Werbemarkt-Trend-Feb.-2025-Media-Mix-digital-1-614x350.jpg 614w, https:\/\/www.markt-kom.com\/wp-content\/uploads\/2025\/03\/DE-Werbemarkt-Trend-Feb.-2025-Media-Mix-digital-1-1000x570.jpg 1000w\" alt=\"\" width=\"1200\" height=\"684\" \/><\/a><\/p>","protected":false},"excerpt":{"rendered":"<p>Le march\u00e9 publicitaire classique reste sous pression, tandis que l'out-of-home est le seul type de m\u00e9dia \u00e0 progresser. Dans le domaine num\u00e9rique, Search reste en t\u00eate malgr\u00e9 des reculs, tandis que YouTube continue de cro\u00eetre. C'est ce que montrent les chiffres de Media Focus pour le mois de f\u00e9vrier.<\/p>","protected":false},"author":8,"featured_media":0,"comment_status":"closed","ping_status":"closed","sticky":false,"template":"","format":"standard","meta":{"_acf_changed":false,"_yoast_wpseo_focuskw":"Werbemarkt","_yoast_wpseo_metadesc":"Der klassische Werbemarkt bleibt unter Druck. Als einzige Mediengattung kann Out-of-Home zulegen. Dies zeigen neue Zahlen von Media Focus.","articlekey":"","footnotes":""},"categories":[29],"tags":[4343,3132,3401],"class_list":["post-37227","post","type-post","status-publish","format-standard","hentry","category-marketing","tag-markom","tag-media-focus","tag-werbemarkt"],"acf":[],"yoast_head":"<!-- This site is optimized with the Yoast SEO plugin v27.5 - https:\/\/yoast.com\/product\/yoast-seo-wordpress\/ -->\n<title>Werbemarkt im Februar 2025: OOH trotzt dem Negativtrend - Organisator<\/title>\n<meta name=\"description\" content=\"Der klassische Werbemarkt bleibt unter Druck. Als einzige Mediengattung kann Out-of-Home zulegen. Dies zeigen neue Zahlen von Media Focus.\" \/>\n<meta name=\"robots\" content=\"index, follow, max-snippet:-1, max-image-preview:large, max-video-preview:-1\" \/>\n<link rel=\"canonical\" href=\"https:\/\/www.organisator.ch\/fr\/marketing\/2025-03-26\/werbemarkt-im-februar-2025-ooh-trotzt-dem-negativtrend\/\" \/>\n<meta property=\"og:locale\" content=\"fr_FR\" \/>\n<meta property=\"og:type\" content=\"article\" \/>\n<meta property=\"og:title\" content=\"Werbemarkt im Februar 2025: OOH trotzt dem Negativtrend - Organisator\" \/>\n<meta property=\"og:description\" content=\"Der klassische Werbemarkt bleibt unter Druck. Als einzige Mediengattung kann Out-of-Home zulegen. Dies zeigen neue Zahlen von Media Focus.\" \/>\n<meta property=\"og:url\" content=\"https:\/\/www.organisator.ch\/fr\/marketing\/2025-03-26\/werbemarkt-im-februar-2025-ooh-trotzt-dem-negativtrend\/\" \/>\n<meta property=\"og:site_name\" content=\"Organisator\" \/>\n<meta property=\"article:publisher\" content=\"https:\/\/www.facebook.com\/OrganisatorFachmagazin\" \/>\n<meta property=\"article:published_time\" content=\"2025-03-26T14:37:10+00:00\" \/>\n<meta property=\"article:modified_time\" content=\"2025-03-27T06:02:02+00:00\" \/>\n<meta name=\"author\" content=\"galledia\" \/>\n<meta name=\"twitter:card\" content=\"summary_large_image\" \/>\n<meta name=\"twitter:creator\" content=\"@admin\" \/>\n<script type=\"application\/ld+json\" class=\"yoast-schema-graph\">{\"@context\":\"https:\\\/\\\/schema.org\",\"@graph\":[{\"@type\":\"Article\",\"@id\":\"https:\\\/\\\/www.organisator.ch\\\/marketing\\\/2025-03-26\\\/werbemarkt-im-februar-2025-ooh-trotzt-dem-negativtrend\\\/#article\",\"isPartOf\":{\"@id\":\"https:\\\/\\\/www.organisator.ch\\\/marketing\\\/2025-03-26\\\/werbemarkt-im-februar-2025-ooh-trotzt-dem-negativtrend\\\/\"},\"author\":{\"name\":\"galledia\",\"@id\":\"https:\\\/\\\/www.organisator.ch\\\/#\\\/schema\\\/person\\\/4e51799071cd2dd1232ac003643ef5f0\"},\"headline\":\"Werbemarkt im Februar 2025: OOH trotzt dem Negativtrend\",\"datePublished\":\"2025-03-26T14:37:10+00:00\",\"dateModified\":\"2025-03-27T06:02:02+00:00\",\"mainEntityOfPage\":{\"@id\":\"https:\\\/\\\/www.organisator.ch\\\/marketing\\\/2025-03-26\\\/werbemarkt-im-februar-2025-ooh-trotzt-dem-negativtrend\\\/\"},\"wordCount\":372,\"publisher\":{\"@id\":\"https:\\\/\\\/www.organisator.ch\\\/#organization\"},\"image\":{\"@id\":\"https:\\\/\\\/www.organisator.ch\\\/marketing\\\/2025-03-26\\\/werbemarkt-im-februar-2025-ooh-trotzt-dem-negativtrend\\\/#primaryimage\"},\"thumbnailUrl\":\"https:\\\/\\\/www.markt-kom.com\\\/wp-content\\\/uploads\\\/2025\\\/03\\\/DE-Werbemarkt-Trend-Feb.-2025-Gesamtmarkt-Grafik-digital-1-1024x584-1.png\",\"keywords\":[\"MarKom\",\"Media Focus\",\"Werbemarkt\"],\"articleSection\":[\"MARKETING\"],\"inLanguage\":\"fr-FR\"},{\"@type\":\"WebPage\",\"@id\":\"https:\\\/\\\/www.organisator.ch\\\/marketing\\\/2025-03-26\\\/werbemarkt-im-februar-2025-ooh-trotzt-dem-negativtrend\\\/\",\"url\":\"https:\\\/\\\/www.organisator.ch\\\/marketing\\\/2025-03-26\\\/werbemarkt-im-februar-2025-ooh-trotzt-dem-negativtrend\\\/\",\"name\":\"Werbemarkt im Februar 2025: OOH trotzt dem Negativtrend - Organisator\",\"isPartOf\":{\"@id\":\"https:\\\/\\\/www.organisator.ch\\\/#website\"},\"primaryImageOfPage\":{\"@id\":\"https:\\\/\\\/www.organisator.ch\\\/marketing\\\/2025-03-26\\\/werbemarkt-im-februar-2025-ooh-trotzt-dem-negativtrend\\\/#primaryimage\"},\"image\":{\"@id\":\"https:\\\/\\\/www.organisator.ch\\\/marketing\\\/2025-03-26\\\/werbemarkt-im-februar-2025-ooh-trotzt-dem-negativtrend\\\/#primaryimage\"},\"thumbnailUrl\":\"https:\\\/\\\/www.markt-kom.com\\\/wp-content\\\/uploads\\\/2025\\\/03\\\/DE-Werbemarkt-Trend-Feb.-2025-Gesamtmarkt-Grafik-digital-1-1024x584-1.png\",\"datePublished\":\"2025-03-26T14:37:10+00:00\",\"dateModified\":\"2025-03-27T06:02:02+00:00\",\"description\":\"Der klassische Werbemarkt bleibt unter Druck. Als einzige Mediengattung kann Out-of-Home zulegen. Dies zeigen neue Zahlen von Media Focus.\",\"breadcrumb\":{\"@id\":\"https:\\\/\\\/www.organisator.ch\\\/marketing\\\/2025-03-26\\\/werbemarkt-im-februar-2025-ooh-trotzt-dem-negativtrend\\\/#breadcrumb\"},\"inLanguage\":\"fr-FR\",\"potentialAction\":[{\"@type\":\"ReadAction\",\"target\":[\"https:\\\/\\\/www.organisator.ch\\\/marketing\\\/2025-03-26\\\/werbemarkt-im-februar-2025-ooh-trotzt-dem-negativtrend\\\/\"]}]},{\"@type\":\"ImageObject\",\"inLanguage\":\"fr-FR\",\"@id\":\"https:\\\/\\\/www.organisator.ch\\\/marketing\\\/2025-03-26\\\/werbemarkt-im-februar-2025-ooh-trotzt-dem-negativtrend\\\/#primaryimage\",\"url\":\"https:\\\/\\\/www.markt-kom.com\\\/wp-content\\\/uploads\\\/2025\\\/03\\\/DE-Werbemarkt-Trend-Feb.-2025-Gesamtmarkt-Grafik-digital-1-1024x584-1.png\",\"contentUrl\":\"https:\\\/\\\/www.markt-kom.com\\\/wp-content\\\/uploads\\\/2025\\\/03\\\/DE-Werbemarkt-Trend-Feb.-2025-Gesamtmarkt-Grafik-digital-1-1024x584-1.png\"},{\"@type\":\"BreadcrumbList\",\"@id\":\"https:\\\/\\\/www.organisator.ch\\\/marketing\\\/2025-03-26\\\/werbemarkt-im-februar-2025-ooh-trotzt-dem-negativtrend\\\/#breadcrumb\",\"itemListElement\":[{\"@type\":\"ListItem\",\"position\":1,\"name\":\"Home\",\"item\":\"https:\\\/\\\/www.organisator.ch\\\/\"},{\"@type\":\"ListItem\",\"position\":2,\"name\":\"Werbemarkt im Februar 2025: OOH trotzt dem Negativtrend\"}]},{\"@type\":\"WebSite\",\"@id\":\"https:\\\/\\\/www.organisator.ch\\\/#website\",\"url\":\"https:\\\/\\\/www.organisator.ch\\\/\",\"name\":\"Organisator\",\"description\":\"Kompetent. Praxisnah. Der ORGANISATOR bereitet in 10 Ausgaben pro Jahr die wesentlichen Themen f\u00fcr F\u00fchrungskr\u00e4fte von KMU auf.\",\"publisher\":{\"@id\":\"https:\\\/\\\/www.organisator.ch\\\/#organization\"},\"potentialAction\":[{\"@type\":\"SearchAction\",\"target\":{\"@type\":\"EntryPoint\",\"urlTemplate\":\"https:\\\/\\\/www.organisator.ch\\\/?s={search_term_string}\"},\"query-input\":{\"@type\":\"PropertyValueSpecification\",\"valueRequired\":true,\"valueName\":\"search_term_string\"}}],\"inLanguage\":\"fr-FR\"},{\"@type\":\"Organization\",\"@id\":\"https:\\\/\\\/www.organisator.ch\\\/#organization\",\"name\":\"Organisator\",\"url\":\"https:\\\/\\\/www.organisator.ch\\\/\",\"logo\":{\"@type\":\"ImageObject\",\"inLanguage\":\"fr-FR\",\"@id\":\"https:\\\/\\\/www.organisator.ch\\\/#\\\/schema\\\/logo\\\/image\\\/\",\"url\":\"https:\\\/\\\/www.organisator.ch\\\/wp-content\\\/uploads\\\/2022\\\/01\\\/Logo_Organisator_Website.png\",\"contentUrl\":\"https:\\\/\\\/www.organisator.ch\\\/wp-content\\\/uploads\\\/2022\\\/01\\\/Logo_Organisator_Website.png\",\"width\":800,\"height\":77,\"caption\":\"Organisator\"},\"image\":{\"@id\":\"https:\\\/\\\/www.organisator.ch\\\/#\\\/schema\\\/logo\\\/image\\\/\"},\"sameAs\":[\"https:\\\/\\\/www.facebook.com\\\/OrganisatorFachmagazin\",\"https:\\\/\\\/www.linkedin.com\\\/showcase\\\/organisator-das-magazin-fr-kmu\",\"https:\\\/\\\/www.xing.com\\\/news\\\/pages\\\/organisator-ch-695\",\"https:\\\/\\\/www.youtube.com\\\/channel\\\/UCGP2Sq0iWaZwT3BdIAQFYpw\"]},{\"@type\":\"Person\",\"@id\":\"https:\\\/\\\/www.organisator.ch\\\/#\\\/schema\\\/person\\\/4e51799071cd2dd1232ac003643ef5f0\",\"name\":\"galledia\",\"image\":{\"@type\":\"ImageObject\",\"inLanguage\":\"fr-FR\",\"@id\":\"https:\\\/\\\/secure.gravatar.com\\\/avatar\\\/78a7f90c01fc2bfc875782a0d4922b37cde2cf184ce347b91316d23cd7f69a36?s=96&d=mm&r=g\",\"url\":\"https:\\\/\\\/secure.gravatar.com\\\/avatar\\\/78a7f90c01fc2bfc875782a0d4922b37cde2cf184ce347b91316d23cd7f69a36?s=96&d=mm&r=g\",\"contentUrl\":\"https:\\\/\\\/secure.gravatar.com\\\/avatar\\\/78a7f90c01fc2bfc875782a0d4922b37cde2cf184ce347b91316d23cd7f69a36?s=96&d=mm&r=g\",\"caption\":\"galledia\"},\"sameAs\":[\"https:\\\/\\\/x.com\\\/admin\"],\"url\":\"https:\\\/\\\/www.organisator.ch\\\/fr\\\/author\\\/galledia\\\/\"}]}<\/script>\n<!-- \/ Yoast SEO plugin. -->","yoast_head_json":{"title":"Le march\u00e9 publicitaire en f\u00e9vrier 2025 : l'OOH d\u00e9fie la tendance n\u00e9gative - Organisateur","description":"Le march\u00e9 publicitaire classique reste sous pression. L'out-of-home est le seul type de m\u00e9dia \u00e0 pouvoir progresser. C'est ce que montrent les nouveaux chiffres de Media Focus.","robots":{"index":"index","follow":"follow","max-snippet":"max-snippet:-1","max-image-preview":"max-image-preview:large","max-video-preview":"max-video-preview:-1"},"canonical":"https:\/\/www.organisator.ch\/fr\/marketing\/2025-03-26\/werbemarkt-im-februar-2025-ooh-trotzt-dem-negativtrend\/","og_locale":"fr_FR","og_type":"article","og_title":"Werbemarkt im Februar 2025: OOH trotzt dem Negativtrend - Organisator","og_description":"Der klassische Werbemarkt bleibt unter Druck. Als einzige Mediengattung kann Out-of-Home zulegen. Dies zeigen neue Zahlen von Media Focus.","og_url":"https:\/\/www.organisator.ch\/fr\/marketing\/2025-03-26\/werbemarkt-im-februar-2025-ooh-trotzt-dem-negativtrend\/","og_site_name":"Organisator","article_publisher":"https:\/\/www.facebook.com\/OrganisatorFachmagazin","article_published_time":"2025-03-26T14:37:10+00:00","article_modified_time":"2025-03-27T06:02:02+00:00","author":"galledia","twitter_card":"summary_large_image","twitter_creator":"@admin","schema":{"@context":"https:\/\/schema.org","@graph":[{"@type":"Article","@id":"https:\/\/www.organisator.ch\/marketing\/2025-03-26\/werbemarkt-im-februar-2025-ooh-trotzt-dem-negativtrend\/#article","isPartOf":{"@id":"https:\/\/www.organisator.ch\/marketing\/2025-03-26\/werbemarkt-im-februar-2025-ooh-trotzt-dem-negativtrend\/"},"author":{"name":"galledia","@id":"https:\/\/www.organisator.ch\/#\/schema\/person\/4e51799071cd2dd1232ac003643ef5f0"},"headline":"Werbemarkt im Februar 2025: OOH trotzt dem Negativtrend","datePublished":"2025-03-26T14:37:10+00:00","dateModified":"2025-03-27T06:02:02+00:00","mainEntityOfPage":{"@id":"https:\/\/www.organisator.ch\/marketing\/2025-03-26\/werbemarkt-im-februar-2025-ooh-trotzt-dem-negativtrend\/"},"wordCount":372,"publisher":{"@id":"https:\/\/www.organisator.ch\/#organization"},"image":{"@id":"https:\/\/www.organisator.ch\/marketing\/2025-03-26\/werbemarkt-im-februar-2025-ooh-trotzt-dem-negativtrend\/#primaryimage"},"thumbnailUrl":"https:\/\/www.markt-kom.com\/wp-content\/uploads\/2025\/03\/DE-Werbemarkt-Trend-Feb.-2025-Gesamtmarkt-Grafik-digital-1-1024x584-1.png","keywords":["MarKom","Media Focus","Werbemarkt"],"articleSection":["MARKETING"],"inLanguage":"fr-FR"},{"@type":"WebPage","@id":"https:\/\/www.organisator.ch\/marketing\/2025-03-26\/werbemarkt-im-februar-2025-ooh-trotzt-dem-negativtrend\/","url":"https:\/\/www.organisator.ch\/marketing\/2025-03-26\/werbemarkt-im-februar-2025-ooh-trotzt-dem-negativtrend\/","name":"Le march\u00e9 publicitaire en f\u00e9vrier 2025 : l'OOH d\u00e9fie la tendance n\u00e9gative - Organisateur","isPartOf":{"@id":"https:\/\/www.organisator.ch\/#website"},"primaryImageOfPage":{"@id":"https:\/\/www.organisator.ch\/marketing\/2025-03-26\/werbemarkt-im-februar-2025-ooh-trotzt-dem-negativtrend\/#primaryimage"},"image":{"@id":"https:\/\/www.organisator.ch\/marketing\/2025-03-26\/werbemarkt-im-februar-2025-ooh-trotzt-dem-negativtrend\/#primaryimage"},"thumbnailUrl":"https:\/\/www.markt-kom.com\/wp-content\/uploads\/2025\/03\/DE-Werbemarkt-Trend-Feb.-2025-Gesamtmarkt-Grafik-digital-1-1024x584-1.png","datePublished":"2025-03-26T14:37:10+00:00","dateModified":"2025-03-27T06:02:02+00:00","description":"Le march\u00e9 publicitaire classique reste sous pression. L'out-of-home est le seul type de m\u00e9dia \u00e0 pouvoir progresser. C'est ce que montrent les nouveaux chiffres de Media Focus.","breadcrumb":{"@id":"https:\/\/www.organisator.ch\/marketing\/2025-03-26\/werbemarkt-im-februar-2025-ooh-trotzt-dem-negativtrend\/#breadcrumb"},"inLanguage":"fr-FR","potentialAction":[{"@type":"ReadAction","target":["https:\/\/www.organisator.ch\/marketing\/2025-03-26\/werbemarkt-im-februar-2025-ooh-trotzt-dem-negativtrend\/"]}]},{"@type":"ImageObject","inLanguage":"fr-FR","@id":"https:\/\/www.organisator.ch\/marketing\/2025-03-26\/werbemarkt-im-februar-2025-ooh-trotzt-dem-negativtrend\/#primaryimage","url":"https:\/\/www.markt-kom.com\/wp-content\/uploads\/2025\/03\/DE-Werbemarkt-Trend-Feb.-2025-Gesamtmarkt-Grafik-digital-1-1024x584-1.png","contentUrl":"https:\/\/www.markt-kom.com\/wp-content\/uploads\/2025\/03\/DE-Werbemarkt-Trend-Feb.-2025-Gesamtmarkt-Grafik-digital-1-1024x584-1.png"},{"@type":"BreadcrumbList","@id":"https:\/\/www.organisator.ch\/marketing\/2025-03-26\/werbemarkt-im-februar-2025-ooh-trotzt-dem-negativtrend\/#breadcrumb","itemListElement":[{"@type":"ListItem","position":1,"name":"Home","item":"https:\/\/www.organisator.ch\/"},{"@type":"ListItem","position":2,"name":"Werbemarkt im Februar 2025: OOH trotzt dem Negativtrend"}]},{"@type":"WebSite","@id":"https:\/\/www.organisator.ch\/#website","url":"https:\/\/www.organisator.ch\/","name":"Organisateur","description":"Comp\u00e9tence et comp\u00e9tence. Proches de la pratique. L'ORGANISATEUR pr\u00e9pare 10 num\u00e9ros par an sur les th\u00e8mes essentiels pour les dirigeants de PME.","publisher":{"@id":"https:\/\/www.organisator.ch\/#organization"},"potentialAction":[{"@type":"SearchAction","target":{"@type":"EntryPoint","urlTemplate":"https:\/\/www.organisator.ch\/?s={search_term_string}"},"query-input":{"@type":"PropertyValueSpecification","valueRequired":true,"valueName":"search_term_string"}}],"inLanguage":"fr-FR"},{"@type":"Organization","@id":"https:\/\/www.organisator.ch\/#organization","name":"Organisateur","url":"https:\/\/www.organisator.ch\/","logo":{"@type":"ImageObject","inLanguage":"fr-FR","@id":"https:\/\/www.organisator.ch\/#\/schema\/logo\/image\/","url":"https:\/\/www.organisator.ch\/wp-content\/uploads\/2022\/01\/Logo_Organisator_Website.png","contentUrl":"https:\/\/www.organisator.ch\/wp-content\/uploads\/2022\/01\/Logo_Organisator_Website.png","width":800,"height":77,"caption":"Organisator"},"image":{"@id":"https:\/\/www.organisator.ch\/#\/schema\/logo\/image\/"},"sameAs":["https:\/\/www.facebook.com\/OrganisatorFachmagazin","https:\/\/www.linkedin.com\/showcase\/organisator-das-magazin-fr-kmu","https:\/\/www.xing.com\/news\/pages\/organisator-ch-695","https:\/\/www.youtube.com\/channel\/UCGP2Sq0iWaZwT3BdIAQFYpw"]},{"@type":"Person","@id":"https:\/\/www.organisator.ch\/#\/schema\/person\/4e51799071cd2dd1232ac003643ef5f0","name":"galledia","image":{"@type":"ImageObject","inLanguage":"fr-FR","@id":"https:\/\/secure.gravatar.com\/avatar\/78a7f90c01fc2bfc875782a0d4922b37cde2cf184ce347b91316d23cd7f69a36?s=96&d=mm&r=g","url":"https:\/\/secure.gravatar.com\/avatar\/78a7f90c01fc2bfc875782a0d4922b37cde2cf184ce347b91316d23cd7f69a36?s=96&d=mm&r=g","contentUrl":"https:\/\/secure.gravatar.com\/avatar\/78a7f90c01fc2bfc875782a0d4922b37cde2cf184ce347b91316d23cd7f69a36?s=96&d=mm&r=g","caption":"galledia"},"sameAs":["https:\/\/x.com\/admin"],"url":"https:\/\/www.organisator.ch\/fr\/author\/galledia\/"}]}},"_links":{"self":[{"href":"https:\/\/www.organisator.ch\/fr\/wp-json\/wp\/v2\/posts\/37227","targetHints":{"allow":["GET"]}}],"collection":[{"href":"https:\/\/www.organisator.ch\/fr\/wp-json\/wp\/v2\/posts"}],"about":[{"href":"https:\/\/www.organisator.ch\/fr\/wp-json\/wp\/v2\/types\/post"}],"author":[{"embeddable":true,"href":"https:\/\/www.organisator.ch\/fr\/wp-json\/wp\/v2\/users\/8"}],"replies":[{"embeddable":true,"href":"https:\/\/www.organisator.ch\/fr\/wp-json\/wp\/v2\/comments?post=37227"}],"version-history":[{"count":4,"href":"https:\/\/www.organisator.ch\/fr\/wp-json\/wp\/v2\/posts\/37227\/revisions"}],"predecessor-version":[{"id":37236,"href":"https:\/\/www.organisator.ch\/fr\/wp-json\/wp\/v2\/posts\/37227\/revisions\/37236"}],"wp:attachment":[{"href":"https:\/\/www.organisator.ch\/fr\/wp-json\/wp\/v2\/media?parent=37227"}],"wp:term":[{"taxonomy":"category","embeddable":true,"href":"https:\/\/www.organisator.ch\/fr\/wp-json\/wp\/v2\/categories?post=37227"},{"taxonomy":"post_tag","embeddable":true,"href":"https:\/\/www.organisator.ch\/fr\/wp-json\/wp\/v2\/tags?post=37227"}],"curies":[{"name":"wp","href":"https:\/\/api.w.org\/{rel}","templated":true}]}}