{"id":37230,"date":"2025-03-27T13:07:36","date_gmt":"2025-03-27T12:07:36","guid":{"rendered":"https:\/\/www.markt-kom.com\/?p=232568"},"modified":"2025-03-27T07:05:31","modified_gmt":"2025-03-27T06:05:31","slug":"ki-videos-maz-tagung-beleuchtet-chancen-herausforderungen-und-ethische-fragen","status":"publish","type":"post","link":"https:\/\/www.organisator.ch\/fr\/marketing\/2025-03-27\/ki-videos-maz-tagung-beleuchtet-chancen-herausforderungen-und-ethische-fragen\/","title":{"rendered":"Vid\u00e9os sur l'IA : Le congr\u00e8s Maz met en lumi\u00e8re les opportunit\u00e9s, les d\u00e9fis et les questions \u00e9thiques"},"content":{"rendered":"<figure id=\"attachment_232570\" class=\"wp-caption aligncenter\" style=\"width: 1200px;\" aria-describedby=\"caption-attachment-232570\"><a href=\"https:\/\/www.markt-kom.com\/wp-content\/uploads\/2025\/03\/Video-Symbolbild-Unsplash.jpg\"><img class=\"size-full wp-image-232570\" src=\"https:\/\/www.markt-kom.com\/wp-content\/uploads\/2025\/03\/Video-Symbolbild-Unsplash.jpg\" sizes=\"(max-width: 1200px) 100vw, 1200px\" srcset=\"https:\/\/www.markt-kom.com\/wp-content\/uploads\/2025\/03\/Video-Symbolbild-Unsplash.jpg 1200w, https:\/\/www.markt-kom.com\/wp-content\/uploads\/2025\/03\/Video-Symbolbild-Unsplash-600x450.jpg 600w, https:\/\/www.markt-kom.com\/wp-content\/uploads\/2025\/03\/Video-Symbolbild-Unsplash-1024x768.jpg 1024w, https:\/\/www.markt-kom.com\/wp-content\/uploads\/2025\/03\/Video-Symbolbild-Unsplash-768x576.jpg 768w, https:\/\/www.markt-kom.com\/wp-content\/uploads\/2025\/03\/Video-Symbolbild-Unsplash-16x12.jpg 16w, https:\/\/www.markt-kom.com\/wp-content\/uploads\/2025\/03\/Video-Symbolbild-Unsplash-233x175.jpg 233w, https:\/\/www.markt-kom.com\/wp-content\/uploads\/2025\/03\/Video-Symbolbild-Unsplash-467x350.jpg 467w, https:\/\/www.markt-kom.com\/wp-content\/uploads\/2025\/03\/Video-Symbolbild-Unsplash-1000x750.jpg 1000w\" alt=\"\" width=\"1200\" height=\"900\" \/><\/a>\r\n<figcaption id=\"caption-attachment-232570\" class=\"wp-caption-text\">(Image symbolique : Unsplash.com)<\/figcaption>\r\n<\/figure>\r\n<p>Les vid\u00e9os bas\u00e9es sur l'IA ouvrent de nouvelles perspectives aux m\u00e9dias, aux entreprises et aux cr\u00e9atifs. Mais les progr\u00e8s technologiques s'accompagnent aussi de d\u00e9fis croissants : Comment l'IA modifie-t-elle le storytelling ? Quels sont les risques li\u00e9s \u00e0 l'automatisation ? Et comment garantir la qualit\u00e9, l'\u00e9thique et la cr\u00e9dibilit\u00e9 dans un monde m\u00e9diatique de plus en plus marqu\u00e9 par l'IA ?<\/p>\r\n<p>Ces questions sont au c\u0153ur de la <a href=\"https:\/\/www.maz.ch\/kurs\/maz-thementagung-ki-videos\" rel=\"noopener\">Journ\u00e9e th\u00e9matique \"Vid\u00e9os d'intelligence artificielle - Opportunit\u00e9s et dangers\".<\/a>Le Maz organisera cette conf\u00e9rence le 21 mai 2025 \u00e0 Lucerne. L'\u00e9v\u00e9nement s'adresse aux professionnels des m\u00e9dias et de la communication, aux cr\u00e9atifs, aux scientifiques et aux d\u00e9cideurs qui souhaitent se familiariser avec les derniers d\u00e9veloppements dans le domaine de l'IA et de la vid\u00e9o.<\/p>\r\n<h3>Cas d'utilisation et perspectives g\u00e9n\u00e9rales<\/h3>\r\n<p>En ouverture, le satiriste et r\u00e9alisateur Patrick \"Karpi\" Karpiczenko mettra en lumi\u00e8re l'impact des vid\u00e9os g\u00e9n\u00e9r\u00e9es par l'IA sur le journalisme - avec un regard critique, mais aussi humoristique, sur le paysage m\u00e9diatique. Ensuite, le cin\u00e9aste Jan Janutin et la communicatrice Antonia Zahner montreront dans quelle mesure les vid\u00e9os d'IA sont d\u00e9j\u00e0 pr\u00e9sentes dans la production de films, le marketing et la communication d'entreprise.<\/p>\r\n<p>Le professeur Touradj Ebrahimi de l'EPFL Lausanne et le Dr Patrick Raemy de l'Universit\u00e9 de Fribourg introduiront la partie technique et scientifique de la conf\u00e9rence. Ils analyseront les possibilit\u00e9s et les limites actuelles des vid\u00e9os bas\u00e9es sur l'IA et discuteront de leur impact sur la cr\u00e9dibilit\u00e9 et l'\u00e9thique des m\u00e9dias.<\/p>\r\n<p>La journ\u00e9e se terminera par une table ronde au cours de laquelle tous les intervenants d\u00e9battront des potentiels et des risques des vid\u00e9os d'intelligence artificielle pour les entreprises de m\u00e9dias et les entreprises.<\/p>","protected":false},"excerpt":{"rendered":"<p>L'IA modifie fondamentalement la production vid\u00e9o - des clips d'information aux contenus personnalis\u00e9s en passant par les spots publicitaires. Une conf\u00e9rence organis\u00e9e le Maz \u00e0 Lucerne sera consacr\u00e9e aux possibilit\u00e9s technologiques, aux r\u00e9percussions sur le journalisme et aux questions \u00e9thiques li\u00e9es aux vid\u00e9os g\u00e9n\u00e9r\u00e9es par l'IA.<\/p>","protected":false},"author":8,"featured_media":0,"comment_status":"closed","ping_status":"closed","sticky":false,"template":"","format":"standard","meta":{"_acf_changed":false,"_yoast_wpseo_focuskw":"KI-Videos","_yoast_wpseo_metadesc":"Eine Tagung am Maz in Luzern widmet sich den technologischen M\u00f6glichkeiten von KI-Videos, aber auch ethischen Fragen.","articlekey":"","footnotes":""},"categories":[29],"tags":[319,4343,4008,2799],"class_list":["post-37230","post","type-post","status-publish","format-standard","hentry","category-marketing","tag-kuenstliche-intelligenz","tag-markom","tag-maz","tag-messen-und-events"],"acf":[],"yoast_head":"<!-- This site is optimized with the Yoast SEO plugin v27.4 - https:\/\/yoast.com\/product\/yoast-seo-wordpress\/ -->\n<title>KI-Videos: Maz-Tagung beleuchtet Chancen, Herausforderungen und ethische Fragen - Organisator<\/title>\n<meta name=\"description\" content=\"Eine Tagung am Maz in Luzern widmet sich den technologischen M\u00f6glichkeiten von KI-Videos, aber auch ethischen Fragen.\" \/>\n<meta name=\"robots\" content=\"index, follow, max-snippet:-1, max-image-preview:large, max-video-preview:-1\" \/>\n<link rel=\"canonical\" href=\"https:\/\/www.organisator.ch\/fr\/marketing\/2025-03-27\/ki-videos-maz-tagung-beleuchtet-chancen-herausforderungen-und-ethische-fragen\/\" \/>\n<meta property=\"og:locale\" content=\"fr_FR\" \/>\n<meta property=\"og:type\" content=\"article\" \/>\n<meta property=\"og:title\" content=\"KI-Videos: Maz-Tagung beleuchtet Chancen, Herausforderungen und ethische Fragen - Organisator\" \/>\n<meta property=\"og:description\" content=\"Eine Tagung am Maz in Luzern widmet sich den technologischen M\u00f6glichkeiten von KI-Videos, aber auch ethischen Fragen.\" \/>\n<meta property=\"og:url\" content=\"https:\/\/www.organisator.ch\/fr\/marketing\/2025-03-27\/ki-videos-maz-tagung-beleuchtet-chancen-herausforderungen-und-ethische-fragen\/\" \/>\n<meta property=\"og:site_name\" content=\"Organisator\" \/>\n<meta property=\"article:publisher\" content=\"https:\/\/www.facebook.com\/OrganisatorFachmagazin\" \/>\n<meta property=\"article:published_time\" content=\"2025-03-27T12:07:36+00:00\" \/>\n<meta name=\"author\" content=\"galledia\" \/>\n<meta name=\"twitter:card\" content=\"summary_large_image\" \/>\n<meta name=\"twitter:creator\" content=\"@admin\" \/>\n<script type=\"application\/ld+json\" class=\"yoast-schema-graph\">{\"@context\":\"https:\\\/\\\/schema.org\",\"@graph\":[{\"@type\":\"Article\",\"@id\":\"https:\\\/\\\/www.organisator.ch\\\/marketing\\\/2025-03-27\\\/ki-videos-maz-tagung-beleuchtet-chancen-herausforderungen-und-ethische-fragen\\\/#article\",\"isPartOf\":{\"@id\":\"https:\\\/\\\/www.organisator.ch\\\/marketing\\\/2025-03-27\\\/ki-videos-maz-tagung-beleuchtet-chancen-herausforderungen-und-ethische-fragen\\\/\"},\"author\":{\"name\":\"galledia\",\"@id\":\"https:\\\/\\\/www.organisator.ch\\\/#\\\/schema\\\/person\\\/4e51799071cd2dd1232ac003643ef5f0\"},\"headline\":\"KI-Videos: Maz-Tagung beleuchtet Chancen, Herausforderungen und ethische Fragen\",\"datePublished\":\"2025-03-27T12:07:36+00:00\",\"mainEntityOfPage\":{\"@id\":\"https:\\\/\\\/www.organisator.ch\\\/marketing\\\/2025-03-27\\\/ki-videos-maz-tagung-beleuchtet-chancen-herausforderungen-und-ethische-fragen\\\/\"},\"wordCount\":239,\"publisher\":{\"@id\":\"https:\\\/\\\/www.organisator.ch\\\/#organization\"},\"image\":{\"@id\":\"https:\\\/\\\/www.organisator.ch\\\/marketing\\\/2025-03-27\\\/ki-videos-maz-tagung-beleuchtet-chancen-herausforderungen-und-ethische-fragen\\\/#primaryimage\"},\"thumbnailUrl\":\"https:\\\/\\\/www.markt-kom.com\\\/wp-content\\\/uploads\\\/2025\\\/03\\\/Video-Symbolbild-Unsplash.jpg\",\"keywords\":[\"K\u00fcnstliche Intelligenz\",\"MarKom\",\"Maz\",\"Messen und Events\"],\"articleSection\":[\"MARKETING\"],\"inLanguage\":\"fr-FR\"},{\"@type\":\"WebPage\",\"@id\":\"https:\\\/\\\/www.organisator.ch\\\/marketing\\\/2025-03-27\\\/ki-videos-maz-tagung-beleuchtet-chancen-herausforderungen-und-ethische-fragen\\\/\",\"url\":\"https:\\\/\\\/www.organisator.ch\\\/marketing\\\/2025-03-27\\\/ki-videos-maz-tagung-beleuchtet-chancen-herausforderungen-und-ethische-fragen\\\/\",\"name\":\"KI-Videos: Maz-Tagung beleuchtet Chancen, Herausforderungen und ethische Fragen - Organisator\",\"isPartOf\":{\"@id\":\"https:\\\/\\\/www.organisator.ch\\\/#website\"},\"primaryImageOfPage\":{\"@id\":\"https:\\\/\\\/www.organisator.ch\\\/marketing\\\/2025-03-27\\\/ki-videos-maz-tagung-beleuchtet-chancen-herausforderungen-und-ethische-fragen\\\/#primaryimage\"},\"image\":{\"@id\":\"https:\\\/\\\/www.organisator.ch\\\/marketing\\\/2025-03-27\\\/ki-videos-maz-tagung-beleuchtet-chancen-herausforderungen-und-ethische-fragen\\\/#primaryimage\"},\"thumbnailUrl\":\"https:\\\/\\\/www.markt-kom.com\\\/wp-content\\\/uploads\\\/2025\\\/03\\\/Video-Symbolbild-Unsplash.jpg\",\"datePublished\":\"2025-03-27T12:07:36+00:00\",\"description\":\"Eine Tagung am Maz in Luzern widmet sich den technologischen M\u00f6glichkeiten von KI-Videos, aber auch ethischen Fragen.\",\"breadcrumb\":{\"@id\":\"https:\\\/\\\/www.organisator.ch\\\/marketing\\\/2025-03-27\\\/ki-videos-maz-tagung-beleuchtet-chancen-herausforderungen-und-ethische-fragen\\\/#breadcrumb\"},\"inLanguage\":\"fr-FR\",\"potentialAction\":[{\"@type\":\"ReadAction\",\"target\":[\"https:\\\/\\\/www.organisator.ch\\\/marketing\\\/2025-03-27\\\/ki-videos-maz-tagung-beleuchtet-chancen-herausforderungen-und-ethische-fragen\\\/\"]}]},{\"@type\":\"ImageObject\",\"inLanguage\":\"fr-FR\",\"@id\":\"https:\\\/\\\/www.organisator.ch\\\/marketing\\\/2025-03-27\\\/ki-videos-maz-tagung-beleuchtet-chancen-herausforderungen-und-ethische-fragen\\\/#primaryimage\",\"url\":\"https:\\\/\\\/www.markt-kom.com\\\/wp-content\\\/uploads\\\/2025\\\/03\\\/Video-Symbolbild-Unsplash.jpg\",\"contentUrl\":\"https:\\\/\\\/www.markt-kom.com\\\/wp-content\\\/uploads\\\/2025\\\/03\\\/Video-Symbolbild-Unsplash.jpg\"},{\"@type\":\"BreadcrumbList\",\"@id\":\"https:\\\/\\\/www.organisator.ch\\\/marketing\\\/2025-03-27\\\/ki-videos-maz-tagung-beleuchtet-chancen-herausforderungen-und-ethische-fragen\\\/#breadcrumb\",\"itemListElement\":[{\"@type\":\"ListItem\",\"position\":1,\"name\":\"Home\",\"item\":\"https:\\\/\\\/www.organisator.ch\\\/\"},{\"@type\":\"ListItem\",\"position\":2,\"name\":\"KI-Videos: Maz-Tagung beleuchtet Chancen, Herausforderungen und ethische Fragen\"}]},{\"@type\":\"WebSite\",\"@id\":\"https:\\\/\\\/www.organisator.ch\\\/#website\",\"url\":\"https:\\\/\\\/www.organisator.ch\\\/\",\"name\":\"Organisator\",\"description\":\"Kompetent. Praxisnah. Der ORGANISATOR bereitet in 10 Ausgaben pro Jahr die wesentlichen Themen f\u00fcr F\u00fchrungskr\u00e4fte von KMU auf.\",\"publisher\":{\"@id\":\"https:\\\/\\\/www.organisator.ch\\\/#organization\"},\"potentialAction\":[{\"@type\":\"SearchAction\",\"target\":{\"@type\":\"EntryPoint\",\"urlTemplate\":\"https:\\\/\\\/www.organisator.ch\\\/?s={search_term_string}\"},\"query-input\":{\"@type\":\"PropertyValueSpecification\",\"valueRequired\":true,\"valueName\":\"search_term_string\"}}],\"inLanguage\":\"fr-FR\"},{\"@type\":\"Organization\",\"@id\":\"https:\\\/\\\/www.organisator.ch\\\/#organization\",\"name\":\"Organisator\",\"url\":\"https:\\\/\\\/www.organisator.ch\\\/\",\"logo\":{\"@type\":\"ImageObject\",\"inLanguage\":\"fr-FR\",\"@id\":\"https:\\\/\\\/www.organisator.ch\\\/#\\\/schema\\\/logo\\\/image\\\/\",\"url\":\"https:\\\/\\\/www.organisator.ch\\\/wp-content\\\/uploads\\\/2022\\\/01\\\/Logo_Organisator_Website.png\",\"contentUrl\":\"https:\\\/\\\/www.organisator.ch\\\/wp-content\\\/uploads\\\/2022\\\/01\\\/Logo_Organisator_Website.png\",\"width\":800,\"height\":77,\"caption\":\"Organisator\"},\"image\":{\"@id\":\"https:\\\/\\\/www.organisator.ch\\\/#\\\/schema\\\/logo\\\/image\\\/\"},\"sameAs\":[\"https:\\\/\\\/www.facebook.com\\\/OrganisatorFachmagazin\",\"https:\\\/\\\/www.linkedin.com\\\/showcase\\\/organisator-das-magazin-fr-kmu\",\"https:\\\/\\\/www.xing.com\\\/news\\\/pages\\\/organisator-ch-695\",\"https:\\\/\\\/www.youtube.com\\\/channel\\\/UCGP2Sq0iWaZwT3BdIAQFYpw\"]},{\"@type\":\"Person\",\"@id\":\"https:\\\/\\\/www.organisator.ch\\\/#\\\/schema\\\/person\\\/4e51799071cd2dd1232ac003643ef5f0\",\"name\":\"galledia\",\"image\":{\"@type\":\"ImageObject\",\"inLanguage\":\"fr-FR\",\"@id\":\"https:\\\/\\\/secure.gravatar.com\\\/avatar\\\/78a7f90c01fc2bfc875782a0d4922b37cde2cf184ce347b91316d23cd7f69a36?s=96&d=mm&r=g\",\"url\":\"https:\\\/\\\/secure.gravatar.com\\\/avatar\\\/78a7f90c01fc2bfc875782a0d4922b37cde2cf184ce347b91316d23cd7f69a36?s=96&d=mm&r=g\",\"contentUrl\":\"https:\\\/\\\/secure.gravatar.com\\\/avatar\\\/78a7f90c01fc2bfc875782a0d4922b37cde2cf184ce347b91316d23cd7f69a36?s=96&d=mm&r=g\",\"caption\":\"galledia\"},\"sameAs\":[\"https:\\\/\\\/x.com\\\/admin\"],\"url\":\"https:\\\/\\\/www.organisator.ch\\\/fr\\\/author\\\/galledia\\\/\"}]}<\/script>\n<!-- \/ Yoast SEO plugin. -->","yoast_head_json":{"title":"Vid\u00e9os sur l'IA : Le congr\u00e8s Maz met en lumi\u00e8re les opportunit\u00e9s, les d\u00e9fis et les questions \u00e9thiques - Organisateur","description":"Une conf\u00e9rence organis\u00e9e le Maz \u00e0 Lucerne est consacr\u00e9e aux possibilit\u00e9s technologiques des vid\u00e9os d'intelligence artificielle, mais aussi aux questions \u00e9thiques.","robots":{"index":"index","follow":"follow","max-snippet":"max-snippet:-1","max-image-preview":"max-image-preview:large","max-video-preview":"max-video-preview:-1"},"canonical":"https:\/\/www.organisator.ch\/fr\/marketing\/2025-03-27\/ki-videos-maz-tagung-beleuchtet-chancen-herausforderungen-und-ethische-fragen\/","og_locale":"fr_FR","og_type":"article","og_title":"KI-Videos: Maz-Tagung beleuchtet Chancen, Herausforderungen und ethische Fragen - Organisator","og_description":"Eine Tagung am Maz in Luzern widmet sich den technologischen M\u00f6glichkeiten von KI-Videos, aber auch ethischen Fragen.","og_url":"https:\/\/www.organisator.ch\/fr\/marketing\/2025-03-27\/ki-videos-maz-tagung-beleuchtet-chancen-herausforderungen-und-ethische-fragen\/","og_site_name":"Organisator","article_publisher":"https:\/\/www.facebook.com\/OrganisatorFachmagazin","article_published_time":"2025-03-27T12:07:36+00:00","author":"galledia","twitter_card":"summary_large_image","twitter_creator":"@admin","schema":{"@context":"https:\/\/schema.org","@graph":[{"@type":"Article","@id":"https:\/\/www.organisator.ch\/marketing\/2025-03-27\/ki-videos-maz-tagung-beleuchtet-chancen-herausforderungen-und-ethische-fragen\/#article","isPartOf":{"@id":"https:\/\/www.organisator.ch\/marketing\/2025-03-27\/ki-videos-maz-tagung-beleuchtet-chancen-herausforderungen-und-ethische-fragen\/"},"author":{"name":"galledia","@id":"https:\/\/www.organisator.ch\/#\/schema\/person\/4e51799071cd2dd1232ac003643ef5f0"},"headline":"KI-Videos: Maz-Tagung beleuchtet Chancen, Herausforderungen und ethische Fragen","datePublished":"2025-03-27T12:07:36+00:00","mainEntityOfPage":{"@id":"https:\/\/www.organisator.ch\/marketing\/2025-03-27\/ki-videos-maz-tagung-beleuchtet-chancen-herausforderungen-und-ethische-fragen\/"},"wordCount":239,"publisher":{"@id":"https:\/\/www.organisator.ch\/#organization"},"image":{"@id":"https:\/\/www.organisator.ch\/marketing\/2025-03-27\/ki-videos-maz-tagung-beleuchtet-chancen-herausforderungen-und-ethische-fragen\/#primaryimage"},"thumbnailUrl":"https:\/\/www.markt-kom.com\/wp-content\/uploads\/2025\/03\/Video-Symbolbild-Unsplash.jpg","keywords":["K\u00fcnstliche Intelligenz","MarKom","Maz","Messen und Events"],"articleSection":["MARKETING"],"inLanguage":"fr-FR"},{"@type":"WebPage","@id":"https:\/\/www.organisator.ch\/marketing\/2025-03-27\/ki-videos-maz-tagung-beleuchtet-chancen-herausforderungen-und-ethische-fragen\/","url":"https:\/\/www.organisator.ch\/marketing\/2025-03-27\/ki-videos-maz-tagung-beleuchtet-chancen-herausforderungen-und-ethische-fragen\/","name":"Vid\u00e9os sur l'IA : Le congr\u00e8s Maz met en lumi\u00e8re les opportunit\u00e9s, les d\u00e9fis et les questions \u00e9thiques - Organisateur","isPartOf":{"@id":"https:\/\/www.organisator.ch\/#website"},"primaryImageOfPage":{"@id":"https:\/\/www.organisator.ch\/marketing\/2025-03-27\/ki-videos-maz-tagung-beleuchtet-chancen-herausforderungen-und-ethische-fragen\/#primaryimage"},"image":{"@id":"https:\/\/www.organisator.ch\/marketing\/2025-03-27\/ki-videos-maz-tagung-beleuchtet-chancen-herausforderungen-und-ethische-fragen\/#primaryimage"},"thumbnailUrl":"https:\/\/www.markt-kom.com\/wp-content\/uploads\/2025\/03\/Video-Symbolbild-Unsplash.jpg","datePublished":"2025-03-27T12:07:36+00:00","description":"Une conf\u00e9rence organis\u00e9e le Maz \u00e0 Lucerne est consacr\u00e9e aux possibilit\u00e9s technologiques des vid\u00e9os d'intelligence artificielle, mais aussi aux questions \u00e9thiques.","breadcrumb":{"@id":"https:\/\/www.organisator.ch\/marketing\/2025-03-27\/ki-videos-maz-tagung-beleuchtet-chancen-herausforderungen-und-ethische-fragen\/#breadcrumb"},"inLanguage":"fr-FR","potentialAction":[{"@type":"ReadAction","target":["https:\/\/www.organisator.ch\/marketing\/2025-03-27\/ki-videos-maz-tagung-beleuchtet-chancen-herausforderungen-und-ethische-fragen\/"]}]},{"@type":"ImageObject","inLanguage":"fr-FR","@id":"https:\/\/www.organisator.ch\/marketing\/2025-03-27\/ki-videos-maz-tagung-beleuchtet-chancen-herausforderungen-und-ethische-fragen\/#primaryimage","url":"https:\/\/www.markt-kom.com\/wp-content\/uploads\/2025\/03\/Video-Symbolbild-Unsplash.jpg","contentUrl":"https:\/\/www.markt-kom.com\/wp-content\/uploads\/2025\/03\/Video-Symbolbild-Unsplash.jpg"},{"@type":"BreadcrumbList","@id":"https:\/\/www.organisator.ch\/marketing\/2025-03-27\/ki-videos-maz-tagung-beleuchtet-chancen-herausforderungen-und-ethische-fragen\/#breadcrumb","itemListElement":[{"@type":"ListItem","position":1,"name":"Home","item":"https:\/\/www.organisator.ch\/"},{"@type":"ListItem","position":2,"name":"KI-Videos: Maz-Tagung beleuchtet Chancen, Herausforderungen und ethische Fragen"}]},{"@type":"WebSite","@id":"https:\/\/www.organisator.ch\/#website","url":"https:\/\/www.organisator.ch\/","name":"Organisateur","description":"Comp\u00e9tence et comp\u00e9tence. Proches de la pratique. L'ORGANISATEUR pr\u00e9pare 10 num\u00e9ros par an sur les th\u00e8mes essentiels pour les dirigeants de PME.","publisher":{"@id":"https:\/\/www.organisator.ch\/#organization"},"potentialAction":[{"@type":"SearchAction","target":{"@type":"EntryPoint","urlTemplate":"https:\/\/www.organisator.ch\/?s={search_term_string}"},"query-input":{"@type":"PropertyValueSpecification","valueRequired":true,"valueName":"search_term_string"}}],"inLanguage":"fr-FR"},{"@type":"Organization","@id":"https:\/\/www.organisator.ch\/#organization","name":"Organisateur","url":"https:\/\/www.organisator.ch\/","logo":{"@type":"ImageObject","inLanguage":"fr-FR","@id":"https:\/\/www.organisator.ch\/#\/schema\/logo\/image\/","url":"https:\/\/www.organisator.ch\/wp-content\/uploads\/2022\/01\/Logo_Organisator_Website.png","contentUrl":"https:\/\/www.organisator.ch\/wp-content\/uploads\/2022\/01\/Logo_Organisator_Website.png","width":800,"height":77,"caption":"Organisator"},"image":{"@id":"https:\/\/www.organisator.ch\/#\/schema\/logo\/image\/"},"sameAs":["https:\/\/www.facebook.com\/OrganisatorFachmagazin","https:\/\/www.linkedin.com\/showcase\/organisator-das-magazin-fr-kmu","https:\/\/www.xing.com\/news\/pages\/organisator-ch-695","https:\/\/www.youtube.com\/channel\/UCGP2Sq0iWaZwT3BdIAQFYpw"]},{"@type":"Person","@id":"https:\/\/www.organisator.ch\/#\/schema\/person\/4e51799071cd2dd1232ac003643ef5f0","name":"galledia","image":{"@type":"ImageObject","inLanguage":"fr-FR","@id":"https:\/\/secure.gravatar.com\/avatar\/78a7f90c01fc2bfc875782a0d4922b37cde2cf184ce347b91316d23cd7f69a36?s=96&d=mm&r=g","url":"https:\/\/secure.gravatar.com\/avatar\/78a7f90c01fc2bfc875782a0d4922b37cde2cf184ce347b91316d23cd7f69a36?s=96&d=mm&r=g","contentUrl":"https:\/\/secure.gravatar.com\/avatar\/78a7f90c01fc2bfc875782a0d4922b37cde2cf184ce347b91316d23cd7f69a36?s=96&d=mm&r=g","caption":"galledia"},"sameAs":["https:\/\/x.com\/admin"],"url":"https:\/\/www.organisator.ch\/fr\/author\/galledia\/"}]}},"_links":{"self":[{"href":"https:\/\/www.organisator.ch\/fr\/wp-json\/wp\/v2\/posts\/37230","targetHints":{"allow":["GET"]}}],"collection":[{"href":"https:\/\/www.organisator.ch\/fr\/wp-json\/wp\/v2\/posts"}],"about":[{"href":"https:\/\/www.organisator.ch\/fr\/wp-json\/wp\/v2\/types\/post"}],"author":[{"embeddable":true,"href":"https:\/\/www.organisator.ch\/fr\/wp-json\/wp\/v2\/users\/8"}],"replies":[{"embeddable":true,"href":"https:\/\/www.organisator.ch\/fr\/wp-json\/wp\/v2\/comments?post=37230"}],"version-history":[{"count":4,"href":"https:\/\/www.organisator.ch\/fr\/wp-json\/wp\/v2\/posts\/37230\/revisions"}],"predecessor-version":[{"id":37282,"href":"https:\/\/www.organisator.ch\/fr\/wp-json\/wp\/v2\/posts\/37230\/revisions\/37282"}],"wp:attachment":[{"href":"https:\/\/www.organisator.ch\/fr\/wp-json\/wp\/v2\/media?parent=37230"}],"wp:term":[{"taxonomy":"category","embeddable":true,"href":"https:\/\/www.organisator.ch\/fr\/wp-json\/wp\/v2\/categories?post=37230"},{"taxonomy":"post_tag","embeddable":true,"href":"https:\/\/www.organisator.ch\/fr\/wp-json\/wp\/v2\/tags?post=37230"}],"curies":[{"name":"wp","href":"https:\/\/api.w.org\/{rel}","templated":true}]}}