{"id":37275,"date":"2025-03-28T07:58:13","date_gmt":"2025-03-28T06:58:13","guid":{"rendered":"https:\/\/www.organisator.ch\/?p=37275"},"modified":"2025-03-28T07:58:13","modified_gmt":"2025-03-28T06:58:13","slug":"prix-svc-aargau-solothurn-feiert-2026-premiere","status":"publish","type":"post","link":"https:\/\/www.organisator.ch\/fr\/management\/2025-03-28\/prix-svc-aargau-solothurn-feiert-2026-premiere\/","title":{"rendered":"Le Prix SVC Argovie Soleure f\u00eatera sa premi\u00e8re \u00e9dition en 2026"},"content":{"rendered":"<figure id=\"attachment_37276\" aria-describedby=\"caption-attachment-37276\" style=\"width: 680px\" class=\"wp-caption alignnone\"><img loading=\"lazy\" decoding=\"async\" class=\"size-full wp-image-37276\" src=\"https:\/\/www.organisator.ch\/wp-content\/uploads\/2025\/03\/Prix-SVC-Aargau-Solothurn-feiert-2026-Premiere_Organisator.png\" alt=\"\" width=\"680\" height=\"455\" srcset=\"https:\/\/www.organisator.ch\/wp-content\/uploads\/2025\/03\/Prix-SVC-Aargau-Solothurn-feiert-2026-Premiere_Organisator.png 680w, https:\/\/www.organisator.ch\/wp-content\/uploads\/2025\/03\/Prix-SVC-Aargau-Solothurn-feiert-2026-Premiere_Organisator-18x12.png 18w, https:\/\/www.organisator.ch\/wp-content\/uploads\/2025\/03\/Prix-SVC-Aargau-Solothurn-feiert-2026-Premiere_Organisator-375x251.png 375w, https:\/\/www.organisator.ch\/wp-content\/uploads\/2025\/03\/Prix-SVC-Aargau-Solothurn-feiert-2026-Premiere_Organisator-523x350.png 523w\" sizes=\"auto, (max-width: 680px) 100vw, 680px\" \/><figcaption id=\"caption-attachment-37276\" class=\"wp-caption-text\">Le Prix de l'Entreprise SVC sera \u00e9galement d\u00e9cern\u00e9 dans la r\u00e9gion d'Argovie Soleure \u00e0 partir de 2026. (Image : SVC)<\/figcaption><\/figure>\n<p>Le Swiss Venture Club SVC, une association ind\u00e9pendante \u00e0 but non lucratif cr\u00e9\u00e9e par des entrepreneurs pour des entrepreneurs, poursuit le d\u00e9veloppement de ses prix de l'entrepreneur : Avec le Prix SVC Argovie Soleure nouvellement cr\u00e9\u00e9, le SVC veut rendre encore plus visible cette r\u00e9gion \u00e9conomique importante et diversifi\u00e9e. Jusqu'\u00e0 pr\u00e9sent, les PME de ces deux cantons \u00e9taient int\u00e9gr\u00e9es dans diff\u00e9rents prix - de l'Espace Mittelland \u00e0 l'espace \u00e9conomique de Zurich en passant par la Suisse du Nord.<\/p>\n<h3>Attribution au printemps 2026<\/h3>\n<p>La premi\u00e8re \u00e9dition du Prix SVC dans la nouvelle r\u00e9gion du r\u00e9seau de PME, la neuvi\u00e8me au total, aura lieu au printemps 2026. Le CO a commenc\u00e9 les travaux pr\u00e9paratoires en \u00e9troite collaboration avec le secr\u00e9tariat du SVC. L'h\u00f4te et pr\u00e9sident du CO est Robin Wasser, qui dirige \u00e9galement le Corporate &amp; Real Estate Banking r\u00e9gional chez UBS, Presenting Partner du SVC.<\/p>\n<p>Robin Wasser se r\u00e9jouit du Prix SVC Argovie Soleure : \"Notre r\u00e9gion - avec le canton d'Argovie, producteur d'\u00e9nergie, et le canton de Soleure, qui brille entre autres par ses entreprises prosp\u00e8res dans les domaines de la technique de pr\u00e9cision et de l'horlogerie - fait partie des r\u00e9gions \u00e9conomiques les plus fortes de Suisse. Gr\u00e2ce \u00e0 sa forte base industrielle, \u00e0 son infrastructure bien d\u00e9velopp\u00e9e et \u00e0 la proximit\u00e9 des march\u00e9s internationaux, la r\u00e9gion apporte une contribution significative \u00e0 l'\u00e9conomie suisse. De plus, elle offre des emplois attrayants et b\u00e9n\u00e9ficie d'une base de personnel qualifi\u00e9 bien form\u00e9e. C'est pourquoi il est grand temps d'offrir aux meilleures PME des deux cantons une vitrine propre, \u00e9galement au sein du SVC, afin de valoriser leurs performances et de renforcer l'entrepreneuriat r\u00e9gional\".<\/p>\n<h3>S\u00e9lection par un jury d'experts<\/h3>\n<p>Comme pour tous les Prix SVC, la s\u00e9lection des entreprises nomin\u00e9es pour le Prix SVC est confi\u00e9e \u00e0 un jury d'experts. Ses membres sont ind\u00e9pendants, travaillent en fonction de la pratique et sont fortement ancr\u00e9s dans leur r\u00e9gion respective. De plus amples informations sur la composition du jury dans la r\u00e9gion d'Argovie-Soleure ainsi que sur le lieu et la date de la remise des prix suivront dans les semaines \u00e0 venir.<\/p>\n<p>Les cinq finalistes du 1er Prix SVC Argovie Soleure seront annonc\u00e9s d'ici la fin de l'ann\u00e9e.<\/p>\n<p><em>Source : <a href=\"http:\/\/www.svc.swiss\">Club suisse des entrepreneurs<\/a><\/em><\/p>","protected":false},"excerpt":{"rendered":"<p>D\u00e8s l'ann\u00e9e prochaine, le SVC (Swiss Venture Club) d\u00e9cernera son c\u00e9l\u00e8bre Prix PME dans une neuvi\u00e8me r\u00e9gion. Avec le Prix SVC Argovie Soleure, une nouvelle r\u00e9gion \u00e9conomique importante aura sa propre remise de prix. En tant que pr\u00e9sident du comit\u00e9 d'organisation, Robin Wasser (responsable Corporate &amp; Real Estate Aargau\/Solothurn, UBS Suisse) sera responsable de l'organisation de la remise des prix. <\/p>","protected":false},"author":4,"featured_media":37276,"comment_status":"closed","ping_status":"closed","sticky":false,"template":"","format":"standard","meta":{"_acf_changed":false,"_yoast_wpseo_focuskw":"Prix SVC Aargau Solothurn","_yoast_wpseo_metadesc":"Mit dem Prix SVC Aargau Solothurn wird eine neue, wichtige Wirtschaftsregion ihre eigene Preisverleihung erhalten.","articlekey":"","footnotes":""},"categories":[28],"tags":[66,492,503],"class_list":["post-37275","post","type-post","status-publish","format-standard","has-post-thumbnail","hentry","category-management","tag-awards","tag-unternehmen","tag-verbaende"],"acf":[],"yoast_head":"<!-- This site is optimized with the Yoast SEO plugin v27.5 - https:\/\/yoast.com\/product\/yoast-seo-wordpress\/ -->\n<title>Prix SVC Aargau Solothurn feiert 2026 Premiere - Organisator<\/title>\n<meta name=\"description\" content=\"Mit dem Prix SVC Aargau Solothurn wird eine neue, wichtige Wirtschaftsregion ihre eigene Preisverleihung erhalten.\" \/>\n<meta name=\"robots\" content=\"index, follow, max-snippet:-1, max-image-preview:large, max-video-preview:-1\" \/>\n<link rel=\"canonical\" href=\"https:\/\/www.organisator.ch\/fr\/gestion-2\/2025-03-28\/prix-svc-aargau-solothurn-feiert-2026-premiere\/\" \/>\n<meta property=\"og:locale\" content=\"fr_FR\" \/>\n<meta property=\"og:type\" content=\"article\" \/>\n<meta property=\"og:title\" content=\"Prix SVC Aargau Solothurn feiert 2026 Premiere\" \/>\n<meta property=\"og:description\" content=\"Mit dem Prix SVC Aargau Solothurn wird eine neue, wichtige Wirtschaftsregion ihre eigene Preisverleihung erhalten.\" \/>\n<meta property=\"og:url\" content=\"https:\/\/www.organisator.ch\/fr\/gestion-2\/2025-03-28\/prix-svc-aargau-solothurn-feiert-2026-premiere\/\" \/>\n<meta property=\"og:site_name\" content=\"Organisator\" \/>\n<meta property=\"article:publisher\" content=\"https:\/\/www.facebook.com\/OrganisatorFachmagazin\" \/>\n<meta property=\"article:published_time\" content=\"2025-03-28T06:58:13+00:00\" \/>\n<meta property=\"og:image\" content=\"https:\/\/www.organisator.ch\/wp-content\/uploads\/2025\/03\/Prix-SVC-Aargau-Solothurn-feiert-2026-Premiere_Organisator.png\" \/>\n\t<meta property=\"og:image:width\" content=\"680\" \/>\n\t<meta property=\"og:image:height\" content=\"455\" \/>\n\t<meta property=\"og:image:type\" content=\"image\/png\" \/>\n<meta name=\"author\" content=\"thomas.berner\" \/>\n<meta name=\"twitter:card\" content=\"summary_large_image\" \/>\n<meta name=\"twitter:title\" content=\"Prix #SVC Aargau Solothurn feiert 2026 Premiere\" \/>\n<meta name=\"twitter:description\" content=\"Mit dem Prix #SVC #AargauSolothurn wird eine neue, wichtige #Wirtschaftsregion ihre eigene #Preisverleihung erhalten.\" \/>\n<meta name=\"twitter:image\" content=\"https:\/\/www.organisator.ch\/wp-content\/uploads\/2025\/03\/Prix-SVC-Aargau-Solothurn-feiert-2026-Premiere_Organisator.png\" \/>\n<script type=\"application\/ld+json\" class=\"yoast-schema-graph\">{\"@context\":\"https:\\\/\\\/schema.org\",\"@graph\":[{\"@type\":\"Article\",\"@id\":\"https:\\\/\\\/www.organisator.ch\\\/management\\\/2025-03-28\\\/prix-svc-aargau-solothurn-feiert-2026-premiere\\\/#article\",\"isPartOf\":{\"@id\":\"https:\\\/\\\/www.organisator.ch\\\/management\\\/2025-03-28\\\/prix-svc-aargau-solothurn-feiert-2026-premiere\\\/\"},\"author\":{\"name\":\"thomas.berner\",\"@id\":\"https:\\\/\\\/www.organisator.ch\\\/#\\\/schema\\\/person\\\/6f650f90b2842cd4c0cc334b4e36f67e\"},\"headline\":\"Prix SVC Aargau Solothurn feiert 2026 Premiere\",\"datePublished\":\"2025-03-28T06:58:13+00:00\",\"mainEntityOfPage\":{\"@id\":\"https:\\\/\\\/www.organisator.ch\\\/management\\\/2025-03-28\\\/prix-svc-aargau-solothurn-feiert-2026-premiere\\\/\"},\"wordCount\":356,\"publisher\":{\"@id\":\"https:\\\/\\\/www.organisator.ch\\\/#organization\"},\"image\":{\"@id\":\"https:\\\/\\\/www.organisator.ch\\\/management\\\/2025-03-28\\\/prix-svc-aargau-solothurn-feiert-2026-premiere\\\/#primaryimage\"},\"thumbnailUrl\":\"https:\\\/\\\/www.organisator.ch\\\/wp-content\\\/uploads\\\/2025\\\/03\\\/Prix-SVC-Aargau-Solothurn-feiert-2026-Premiere_Organisator.png\",\"keywords\":[\"Awards\",\"Unternehmen\",\"Verb\u00e4nde\"],\"articleSection\":[\"MANAGEMENT\"],\"inLanguage\":\"fr-FR\"},{\"@type\":\"WebPage\",\"@id\":\"https:\\\/\\\/www.organisator.ch\\\/management\\\/2025-03-28\\\/prix-svc-aargau-solothurn-feiert-2026-premiere\\\/\",\"url\":\"https:\\\/\\\/www.organisator.ch\\\/management\\\/2025-03-28\\\/prix-svc-aargau-solothurn-feiert-2026-premiere\\\/\",\"name\":\"Prix SVC Aargau Solothurn feiert 2026 Premiere - Organisator\",\"isPartOf\":{\"@id\":\"https:\\\/\\\/www.organisator.ch\\\/#website\"},\"primaryImageOfPage\":{\"@id\":\"https:\\\/\\\/www.organisator.ch\\\/management\\\/2025-03-28\\\/prix-svc-aargau-solothurn-feiert-2026-premiere\\\/#primaryimage\"},\"image\":{\"@id\":\"https:\\\/\\\/www.organisator.ch\\\/management\\\/2025-03-28\\\/prix-svc-aargau-solothurn-feiert-2026-premiere\\\/#primaryimage\"},\"thumbnailUrl\":\"https:\\\/\\\/www.organisator.ch\\\/wp-content\\\/uploads\\\/2025\\\/03\\\/Prix-SVC-Aargau-Solothurn-feiert-2026-Premiere_Organisator.png\",\"datePublished\":\"2025-03-28T06:58:13+00:00\",\"description\":\"Mit dem Prix SVC Aargau Solothurn wird eine neue, wichtige Wirtschaftsregion ihre eigene Preisverleihung erhalten.\",\"breadcrumb\":{\"@id\":\"https:\\\/\\\/www.organisator.ch\\\/management\\\/2025-03-28\\\/prix-svc-aargau-solothurn-feiert-2026-premiere\\\/#breadcrumb\"},\"inLanguage\":\"fr-FR\",\"potentialAction\":[{\"@type\":\"ReadAction\",\"target\":[\"https:\\\/\\\/www.organisator.ch\\\/management\\\/2025-03-28\\\/prix-svc-aargau-solothurn-feiert-2026-premiere\\\/\"]}]},{\"@type\":\"ImageObject\",\"inLanguage\":\"fr-FR\",\"@id\":\"https:\\\/\\\/www.organisator.ch\\\/management\\\/2025-03-28\\\/prix-svc-aargau-solothurn-feiert-2026-premiere\\\/#primaryimage\",\"url\":\"https:\\\/\\\/www.organisator.ch\\\/wp-content\\\/uploads\\\/2025\\\/03\\\/Prix-SVC-Aargau-Solothurn-feiert-2026-Premiere_Organisator.png\",\"contentUrl\":\"https:\\\/\\\/www.organisator.ch\\\/wp-content\\\/uploads\\\/2025\\\/03\\\/Prix-SVC-Aargau-Solothurn-feiert-2026-Premiere_Organisator.png\",\"width\":680,\"height\":455,\"caption\":\"Der Unternehmerpreis Prix SVC wird ab 2026 auch in der Region Aargau Solothurn verliehen. (Bild: SVC)\"},{\"@type\":\"BreadcrumbList\",\"@id\":\"https:\\\/\\\/www.organisator.ch\\\/management\\\/2025-03-28\\\/prix-svc-aargau-solothurn-feiert-2026-premiere\\\/#breadcrumb\",\"itemListElement\":[{\"@type\":\"ListItem\",\"position\":1,\"name\":\"Home\",\"item\":\"https:\\\/\\\/www.organisator.ch\\\/\"},{\"@type\":\"ListItem\",\"position\":2,\"name\":\"Prix SVC Aargau Solothurn feiert 2026 Premiere\"}]},{\"@type\":\"WebSite\",\"@id\":\"https:\\\/\\\/www.organisator.ch\\\/#website\",\"url\":\"https:\\\/\\\/www.organisator.ch\\\/\",\"name\":\"Organisator\",\"description\":\"Kompetent. Praxisnah. Der ORGANISATOR bereitet in 10 Ausgaben pro Jahr die wesentlichen Themen f\u00fcr F\u00fchrungskr\u00e4fte von KMU auf.\",\"publisher\":{\"@id\":\"https:\\\/\\\/www.organisator.ch\\\/#organization\"},\"potentialAction\":[{\"@type\":\"SearchAction\",\"target\":{\"@type\":\"EntryPoint\",\"urlTemplate\":\"https:\\\/\\\/www.organisator.ch\\\/?s={search_term_string}\"},\"query-input\":{\"@type\":\"PropertyValueSpecification\",\"valueRequired\":true,\"valueName\":\"search_term_string\"}}],\"inLanguage\":\"fr-FR\"},{\"@type\":\"Organization\",\"@id\":\"https:\\\/\\\/www.organisator.ch\\\/#organization\",\"name\":\"Organisator\",\"url\":\"https:\\\/\\\/www.organisator.ch\\\/\",\"logo\":{\"@type\":\"ImageObject\",\"inLanguage\":\"fr-FR\",\"@id\":\"https:\\\/\\\/www.organisator.ch\\\/#\\\/schema\\\/logo\\\/image\\\/\",\"url\":\"https:\\\/\\\/www.organisator.ch\\\/wp-content\\\/uploads\\\/2022\\\/01\\\/Logo_Organisator_Website.png\",\"contentUrl\":\"https:\\\/\\\/www.organisator.ch\\\/wp-content\\\/uploads\\\/2022\\\/01\\\/Logo_Organisator_Website.png\",\"width\":800,\"height\":77,\"caption\":\"Organisator\"},\"image\":{\"@id\":\"https:\\\/\\\/www.organisator.ch\\\/#\\\/schema\\\/logo\\\/image\\\/\"},\"sameAs\":[\"https:\\\/\\\/www.facebook.com\\\/OrganisatorFachmagazin\",\"https:\\\/\\\/www.linkedin.com\\\/showcase\\\/organisator-das-magazin-fr-kmu\",\"https:\\\/\\\/www.xing.com\\\/news\\\/pages\\\/organisator-ch-695\",\"https:\\\/\\\/www.youtube.com\\\/channel\\\/UCGP2Sq0iWaZwT3BdIAQFYpw\"]},{\"@type\":\"Person\",\"@id\":\"https:\\\/\\\/www.organisator.ch\\\/#\\\/schema\\\/person\\\/6f650f90b2842cd4c0cc334b4e36f67e\",\"name\":\"thomas.berner\",\"image\":{\"@type\":\"ImageObject\",\"inLanguage\":\"fr-FR\",\"@id\":\"https:\\\/\\\/secure.gravatar.com\\\/avatar\\\/ac5001d2a36cb6c6cd3e50789007ffca834b477b74a2144564522e944eabff61?s=96&d=mm&r=g\",\"url\":\"https:\\\/\\\/secure.gravatar.com\\\/avatar\\\/ac5001d2a36cb6c6cd3e50789007ffca834b477b74a2144564522e944eabff61?s=96&d=mm&r=g\",\"contentUrl\":\"https:\\\/\\\/secure.gravatar.com\\\/avatar\\\/ac5001d2a36cb6c6cd3e50789007ffca834b477b74a2144564522e944eabff61?s=96&d=mm&r=g\",\"caption\":\"thomas.berner\"},\"url\":\"https:\\\/\\\/www.organisator.ch\\\/fr\\\/author\\\/thomas-berner\\\/\"}]}<\/script>\n<!-- \/ Yoast SEO plugin. -->","yoast_head_json":{"title":"Le Prix SVC Argovie Soleure f\u00eatera sa premi\u00e8re en 2026 - Organisateur","description":"Avec le Prix SVC Argovie Soleure, une nouvelle r\u00e9gion \u00e9conomique importante aura sa propre remise de prix.","robots":{"index":"index","follow":"follow","max-snippet":"max-snippet:-1","max-image-preview":"max-image-preview:large","max-video-preview":"max-video-preview:-1"},"canonical":"https:\/\/www.organisator.ch\/fr\/gestion-2\/2025-03-28\/prix-svc-aargau-solothurn-feiert-2026-premiere\/","og_locale":"fr_FR","og_type":"article","og_title":"Prix SVC Aargau Solothurn feiert 2026 Premiere","og_description":"Mit dem Prix SVC Aargau Solothurn wird eine neue, wichtige Wirtschaftsregion ihre eigene Preisverleihung erhalten.","og_url":"https:\/\/www.organisator.ch\/fr\/gestion-2\/2025-03-28\/prix-svc-aargau-solothurn-feiert-2026-premiere\/","og_site_name":"Organisator","article_publisher":"https:\/\/www.facebook.com\/OrganisatorFachmagazin","article_published_time":"2025-03-28T06:58:13+00:00","og_image":[{"width":680,"height":455,"url":"https:\/\/www.organisator.ch\/wp-content\/uploads\/2025\/03\/Prix-SVC-Aargau-Solothurn-feiert-2026-Premiere_Organisator.png","type":"image\/png"}],"author":"thomas.berner","twitter_card":"summary_large_image","twitter_title":"Prix #SVC Aargau Solothurn feiert 2026 Premiere","twitter_description":"Mit dem Prix #SVC #AargauSolothurn wird eine neue, wichtige #Wirtschaftsregion ihre eigene #Preisverleihung erhalten.","twitter_image":"https:\/\/www.organisator.ch\/wp-content\/uploads\/2025\/03\/Prix-SVC-Aargau-Solothurn-feiert-2026-Premiere_Organisator.png","schema":{"@context":"https:\/\/schema.org","@graph":[{"@type":"Article","@id":"https:\/\/www.organisator.ch\/management\/2025-03-28\/prix-svc-aargau-solothurn-feiert-2026-premiere\/#article","isPartOf":{"@id":"https:\/\/www.organisator.ch\/management\/2025-03-28\/prix-svc-aargau-solothurn-feiert-2026-premiere\/"},"author":{"name":"thomas.berner","@id":"https:\/\/www.organisator.ch\/#\/schema\/person\/6f650f90b2842cd4c0cc334b4e36f67e"},"headline":"Prix SVC Aargau Solothurn feiert 2026 Premiere","datePublished":"2025-03-28T06:58:13+00:00","mainEntityOfPage":{"@id":"https:\/\/www.organisator.ch\/management\/2025-03-28\/prix-svc-aargau-solothurn-feiert-2026-premiere\/"},"wordCount":356,"publisher":{"@id":"https:\/\/www.organisator.ch\/#organization"},"image":{"@id":"https:\/\/www.organisator.ch\/management\/2025-03-28\/prix-svc-aargau-solothurn-feiert-2026-premiere\/#primaryimage"},"thumbnailUrl":"https:\/\/www.organisator.ch\/wp-content\/uploads\/2025\/03\/Prix-SVC-Aargau-Solothurn-feiert-2026-Premiere_Organisator.png","keywords":["Awards","Unternehmen","Verb\u00e4nde"],"articleSection":["MANAGEMENT"],"inLanguage":"fr-FR"},{"@type":"WebPage","@id":"https:\/\/www.organisator.ch\/management\/2025-03-28\/prix-svc-aargau-solothurn-feiert-2026-premiere\/","url":"https:\/\/www.organisator.ch\/management\/2025-03-28\/prix-svc-aargau-solothurn-feiert-2026-premiere\/","name":"Le Prix SVC Argovie Soleure f\u00eatera sa premi\u00e8re en 2026 - Organisateur","isPartOf":{"@id":"https:\/\/www.organisator.ch\/#website"},"primaryImageOfPage":{"@id":"https:\/\/www.organisator.ch\/management\/2025-03-28\/prix-svc-aargau-solothurn-feiert-2026-premiere\/#primaryimage"},"image":{"@id":"https:\/\/www.organisator.ch\/management\/2025-03-28\/prix-svc-aargau-solothurn-feiert-2026-premiere\/#primaryimage"},"thumbnailUrl":"https:\/\/www.organisator.ch\/wp-content\/uploads\/2025\/03\/Prix-SVC-Aargau-Solothurn-feiert-2026-Premiere_Organisator.png","datePublished":"2025-03-28T06:58:13+00:00","description":"Avec le Prix SVC Argovie Soleure, une nouvelle r\u00e9gion \u00e9conomique importante aura sa propre remise de prix.","breadcrumb":{"@id":"https:\/\/www.organisator.ch\/management\/2025-03-28\/prix-svc-aargau-solothurn-feiert-2026-premiere\/#breadcrumb"},"inLanguage":"fr-FR","potentialAction":[{"@type":"ReadAction","target":["https:\/\/www.organisator.ch\/management\/2025-03-28\/prix-svc-aargau-solothurn-feiert-2026-premiere\/"]}]},{"@type":"ImageObject","inLanguage":"fr-FR","@id":"https:\/\/www.organisator.ch\/management\/2025-03-28\/prix-svc-aargau-solothurn-feiert-2026-premiere\/#primaryimage","url":"https:\/\/www.organisator.ch\/wp-content\/uploads\/2025\/03\/Prix-SVC-Aargau-Solothurn-feiert-2026-Premiere_Organisator.png","contentUrl":"https:\/\/www.organisator.ch\/wp-content\/uploads\/2025\/03\/Prix-SVC-Aargau-Solothurn-feiert-2026-Premiere_Organisator.png","width":680,"height":455,"caption":"Der Unternehmerpreis Prix SVC wird ab 2026 auch in der Region Aargau Solothurn verliehen. (Bild: SVC)"},{"@type":"BreadcrumbList","@id":"https:\/\/www.organisator.ch\/management\/2025-03-28\/prix-svc-aargau-solothurn-feiert-2026-premiere\/#breadcrumb","itemListElement":[{"@type":"ListItem","position":1,"name":"Home","item":"https:\/\/www.organisator.ch\/"},{"@type":"ListItem","position":2,"name":"Prix SVC Aargau Solothurn feiert 2026 Premiere"}]},{"@type":"WebSite","@id":"https:\/\/www.organisator.ch\/#website","url":"https:\/\/www.organisator.ch\/","name":"Organisateur","description":"Comp\u00e9tence et comp\u00e9tence. Proches de la pratique. L'ORGANISATEUR pr\u00e9pare 10 num\u00e9ros par an sur les th\u00e8mes essentiels pour les dirigeants de PME.","publisher":{"@id":"https:\/\/www.organisator.ch\/#organization"},"potentialAction":[{"@type":"SearchAction","target":{"@type":"EntryPoint","urlTemplate":"https:\/\/www.organisator.ch\/?s={search_term_string}"},"query-input":{"@type":"PropertyValueSpecification","valueRequired":true,"valueName":"search_term_string"}}],"inLanguage":"fr-FR"},{"@type":"Organization","@id":"https:\/\/www.organisator.ch\/#organization","name":"Organisateur","url":"https:\/\/www.organisator.ch\/","logo":{"@type":"ImageObject","inLanguage":"fr-FR","@id":"https:\/\/www.organisator.ch\/#\/schema\/logo\/image\/","url":"https:\/\/www.organisator.ch\/wp-content\/uploads\/2022\/01\/Logo_Organisator_Website.png","contentUrl":"https:\/\/www.organisator.ch\/wp-content\/uploads\/2022\/01\/Logo_Organisator_Website.png","width":800,"height":77,"caption":"Organisator"},"image":{"@id":"https:\/\/www.organisator.ch\/#\/schema\/logo\/image\/"},"sameAs":["https:\/\/www.facebook.com\/OrganisatorFachmagazin","https:\/\/www.linkedin.com\/showcase\/organisator-das-magazin-fr-kmu","https:\/\/www.xing.com\/news\/pages\/organisator-ch-695","https:\/\/www.youtube.com\/channel\/UCGP2Sq0iWaZwT3BdIAQFYpw"]},{"@type":"Person","@id":"https:\/\/www.organisator.ch\/#\/schema\/person\/6f650f90b2842cd4c0cc334b4e36f67e","name":"thomas.berner","image":{"@type":"ImageObject","inLanguage":"fr-FR","@id":"https:\/\/secure.gravatar.com\/avatar\/ac5001d2a36cb6c6cd3e50789007ffca834b477b74a2144564522e944eabff61?s=96&d=mm&r=g","url":"https:\/\/secure.gravatar.com\/avatar\/ac5001d2a36cb6c6cd3e50789007ffca834b477b74a2144564522e944eabff61?s=96&d=mm&r=g","contentUrl":"https:\/\/secure.gravatar.com\/avatar\/ac5001d2a36cb6c6cd3e50789007ffca834b477b74a2144564522e944eabff61?s=96&d=mm&r=g","caption":"thomas.berner"},"url":"https:\/\/www.organisator.ch\/fr\/author\/thomas-berner\/"}]}},"_links":{"self":[{"href":"https:\/\/www.organisator.ch\/fr\/wp-json\/wp\/v2\/posts\/37275","targetHints":{"allow":["GET"]}}],"collection":[{"href":"https:\/\/www.organisator.ch\/fr\/wp-json\/wp\/v2\/posts"}],"about":[{"href":"https:\/\/www.organisator.ch\/fr\/wp-json\/wp\/v2\/types\/post"}],"author":[{"embeddable":true,"href":"https:\/\/www.organisator.ch\/fr\/wp-json\/wp\/v2\/users\/4"}],"replies":[{"embeddable":true,"href":"https:\/\/www.organisator.ch\/fr\/wp-json\/wp\/v2\/comments?post=37275"}],"version-history":[{"count":3,"href":"https:\/\/www.organisator.ch\/fr\/wp-json\/wp\/v2\/posts\/37275\/revisions"}],"predecessor-version":[{"id":37298,"href":"https:\/\/www.organisator.ch\/fr\/wp-json\/wp\/v2\/posts\/37275\/revisions\/37298"}],"wp:featuredmedia":[{"embeddable":true,"href":"https:\/\/www.organisator.ch\/fr\/wp-json\/wp\/v2\/media\/37276"}],"wp:attachment":[{"href":"https:\/\/www.organisator.ch\/fr\/wp-json\/wp\/v2\/media?parent=37275"}],"wp:term":[{"taxonomy":"category","embeddable":true,"href":"https:\/\/www.organisator.ch\/fr\/wp-json\/wp\/v2\/categories?post=37275"},{"taxonomy":"post_tag","embeddable":true,"href":"https:\/\/www.organisator.ch\/fr\/wp-json\/wp\/v2\/tags?post=37275"}],"curies":[{"name":"wp","href":"https:\/\/api.w.org\/{rel}","templated":true}]}}