{"id":37307,"date":"2025-03-31T08:07:05","date_gmt":"2025-03-31T06:07:05","guid":{"rendered":"https:\/\/www.markt-kom.com\/?p=232675"},"modified":"2025-03-31T07:52:35","modified_gmt":"2025-03-31T05:52:35","slug":"digital-vernetzt-und-individuell-sport-tourismus-forum-beleuchtet-den-branchenwandel","status":"publish","type":"post","link":"https:\/\/www.organisator.ch\/fr\/marketing\/2025-03-31\/digital-vernetzt-und-individuell-sport-tourismus-forum-beleuchtet-den-branchenwandel\/","title":{"rendered":"Num\u00e9rique, en r\u00e9seau et individuel : le Forum du tourisme sportif met en lumi\u00e8re la mutation du secteur"},"content":{"rendered":"<figure id=\"attachment_232676\" class=\"wp-caption aligncenter\" style=\"width: 1200px;\" aria-describedby=\"caption-attachment-232676\"><a href=\"https:\/\/www.markt-kom.com\/wp-content\/uploads\/2025\/03\/Foto_Gabriele_Griessenboeck_187.jpg\"><img class=\"size-full wp-image-232676\" src=\"https:\/\/www.markt-kom.com\/wp-content\/uploads\/2025\/03\/Foto_Gabriele_Griessenboeck_187.jpg\" sizes=\"(max-width: 1200px) 100vw, 1200px\" srcset=\"https:\/\/www.markt-kom.com\/wp-content\/uploads\/2025\/03\/Foto_Gabriele_Griessenboeck_187.jpg 1200w, https:\/\/www.markt-kom.com\/wp-content\/uploads\/2025\/03\/Foto_Gabriele_Griessenboeck_187-600x450.jpg 600w, https:\/\/www.markt-kom.com\/wp-content\/uploads\/2025\/03\/Foto_Gabriele_Griessenboeck_187-1024x768.jpg 1024w, https:\/\/www.markt-kom.com\/wp-content\/uploads\/2025\/03\/Foto_Gabriele_Griessenboeck_187-768x576.jpg 768w, https:\/\/www.markt-kom.com\/wp-content\/uploads\/2025\/03\/Foto_Gabriele_Griessenboeck_187-16x12.jpg 16w, https:\/\/www.markt-kom.com\/wp-content\/uploads\/2025\/03\/Foto_Gabriele_Griessenboeck_187-233x175.jpg 233w, https:\/\/www.markt-kom.com\/wp-content\/uploads\/2025\/03\/Foto_Gabriele_Griessenboeck_187-467x350.jpg 467w, https:\/\/www.markt-kom.com\/wp-content\/uploads\/2025\/03\/Foto_Gabriele_Griessenboeck_187-1000x750.jpg 1000w\" alt=\"\" width=\"1200\" height=\"900\" \/><\/a>\r\n<figcaption id=\"caption-attachment-232676\" class=\"wp-caption-text\">(Image : Gabriele Griessenb\u00f6ck)<\/figcaption>\r\n<\/figure>\r\n<p>Le site <a href=\"https:\/\/esbmarketingnetzwerk.cmail19.com\/t\/r-l-thiyold-ultijjhuhk-j\/\" rel=\"noopener\">rencontre annuelle de la branche \"Sport Tourisme Forum\".<\/a> s'installe dans le Google Cloud et donne ainsi le ton de la transformation. Une quarantaine de sp\u00e9cialistes discuteront de la mani\u00e8re dont l'IA r\u00e9volutionne la planification des voyages, dont les plateformes num\u00e9riques red\u00e9finissent les sports de plein air et si la randonn\u00e9e, propos\u00e9e toute l'ann\u00e9e, peut \u00eatre une alternative durable au tourisme hivernal classique.<\/p>\r\n<h3><strong>L'IA et les plateformes num\u00e9riques comme moteurs<\/strong><\/h3>\r\n<p>Qu'il s'agisse de plateformes de r\u00e9servation, d'outils interactifs ou d'assistants techniques, les solutions bas\u00e9es sur les donn\u00e9es marquent de plus en plus la gestion des destinations. Le TTA-VConnector, un outil de mise en r\u00e9seau intelligente de la planification des voyages, montre entre autres comment les r\u00e9gions touristiques peuvent utiliser ces \u00e9volutions. Komoot et Decathlon pr\u00e9senteront \u00e9galement des strat\u00e9gies pour atteindre num\u00e9riquement les communaut\u00e9s d'outdoor. Des exemples pratiques illustreront la mani\u00e8re dont les innovations pilot\u00e9es par les donn\u00e9es marquent le tourisme sportif.<\/p>\r\n<h3><strong>La randonn\u00e9e toute l'ann\u00e9e, une alternative au ski de randonn\u00e9e ?<\/strong><\/h3>\r\n<p>La randonn\u00e9e hivernale, l'urban hiking et les villages de randonn\u00e9e sp\u00e9cialis\u00e9s s'\u00e9tablissent comme des alternatives au ski. Les repr\u00e9sentants de Suisse Rando, des villages de randonn\u00e9e autrichiens et de l'association allemande de la randonn\u00e9e discuteront de l'infrastructure n\u00e9cessaire et de la mani\u00e8re dont les destinations r\u00e9agissent \u00e0 cette tendance.<\/p>\r\n<h3><strong>G\u00e9n\u00e9ration Z : des voyageurs avec de nouvelles priorit\u00e9s<\/strong><\/h3>\r\n<p>La g\u00e9n\u00e9ration Z voyage diff\u00e9remment des g\u00e9n\u00e9rations pr\u00e9c\u00e9dentes. Des voyages plus courts mais plus fr\u00e9quents, un accent croissant sur l'individualit\u00e9 et la volont\u00e9 de d\u00e9penser plus pour des exp\u00e9riences hivernales caract\u00e9risent leur comportement. Alexander Dyskin de Simon-Kucher explique comment les destinations doivent r\u00e9agir \u00e0 cette \u00e9volution.<\/p>\r\n<h3><strong>De nouveaux formats : Du ski \u00e9lectronique \u00e0 la gamification<\/strong><\/h3>\r\n<p>La demande croissante de retraites de yoga, de festivals de fitness et de camps de sport classiques refl\u00e8te l'\u00e9volution des besoins des voyageurs. Avec quels formats les r\u00e9gions touristiques peuvent-elles cr\u00e9er de la valeur ajout\u00e9e ? Le ski \u00e9lectrique, par exemple, promet une nouvelle forme de mobilit\u00e9 en montagne, tandis que les syst\u00e8mes de r\u00e9compense num\u00e9riques, comme ceux de l'Alpenbrevet Extended, renforcent la fid\u00e9lisation des clients. Le forum montrera quels concepts ont d\u00e9j\u00e0 \u00e9t\u00e9 mis en \u0153uvre avec succ\u00e8s.<\/p>","protected":false},"excerpt":{"rendered":"<p>Les nouvelles technologies et l'\u00e9volution des besoins des clients marquent le tourisme sportif. La mani\u00e8re dont l'IA, les plateformes num\u00e9riques et les nouvelles tendances outdoor transforment le secteur sera au centre du Forum du tourisme sportif qui se tiendra le 20 mai \u00e0 Zurich.<\/p>","protected":false},"author":8,"featured_media":0,"comment_status":"closed","ping_status":"closed","sticky":false,"template":"","format":"standard","meta":{"_acf_changed":false,"_yoast_wpseo_focuskw":"Sport Tourismus Forum","_yoast_wpseo_metadesc":"Wie KI, digitale Plattformen und neue Outdoor-Trends die Branche transformieren, steht im Fokus des Sport Tourismus Forum am 20. Mai.","articlekey":"","footnotes":""},"categories":[29],"tags":[193,4343,4466,5244],"class_list":["post-37307","post","type-post","status-publish","format-standard","hentry","category-marketing","tag-fachkongressfachmesse","tag-markom","tag-showbiz","tag-sport-tourismus-forum"],"acf":[],"yoast_head":"<!-- This site is optimized with the Yoast SEO plugin v27.5 - https:\/\/yoast.com\/product\/yoast-seo-wordpress\/ -->\n<title>Digital, vernetzt und individuell: Sport Tourismus Forum beleuchtet den Branchenwandel - Organisator<\/title>\n<meta name=\"description\" content=\"Wie KI, digitale Plattformen und neue Outdoor-Trends die Branche transformieren, steht im Fokus des Sport Tourismus Forum am 20. Mai.\" \/>\n<meta name=\"robots\" content=\"index, follow, max-snippet:-1, max-image-preview:large, max-video-preview:-1\" \/>\n<link rel=\"canonical\" href=\"https:\/\/www.organisator.ch\/fr\/marketing\/2025-03-31\/digital-vernetzt-und-individuell-sport-tourismus-forum-beleuchtet-den-branchenwandel\/\" \/>\n<meta property=\"og:locale\" content=\"fr_FR\" \/>\n<meta property=\"og:type\" content=\"article\" \/>\n<meta property=\"og:title\" content=\"Digital, vernetzt und individuell: Sport Tourismus Forum beleuchtet den Branchenwandel - Organisator\" \/>\n<meta property=\"og:description\" content=\"Wie KI, digitale Plattformen und neue Outdoor-Trends die Branche transformieren, steht im Fokus des Sport Tourismus Forum am 20. Mai.\" \/>\n<meta property=\"og:url\" content=\"https:\/\/www.organisator.ch\/fr\/marketing\/2025-03-31\/digital-vernetzt-und-individuell-sport-tourismus-forum-beleuchtet-den-branchenwandel\/\" \/>\n<meta property=\"og:site_name\" content=\"Organisator\" \/>\n<meta property=\"article:publisher\" content=\"https:\/\/www.facebook.com\/OrganisatorFachmagazin\" \/>\n<meta property=\"article:published_time\" content=\"2025-03-31T06:07:05+00:00\" \/>\n<meta name=\"author\" content=\"galledia\" \/>\n<meta name=\"twitter:card\" content=\"summary_large_image\" \/>\n<meta name=\"twitter:creator\" content=\"@admin\" \/>\n<script type=\"application\/ld+json\" class=\"yoast-schema-graph\">{\"@context\":\"https:\\\/\\\/schema.org\",\"@graph\":[{\"@type\":\"Article\",\"@id\":\"https:\\\/\\\/www.organisator.ch\\\/marketing\\\/2025-03-31\\\/digital-vernetzt-und-individuell-sport-tourismus-forum-beleuchtet-den-branchenwandel\\\/#article\",\"isPartOf\":{\"@id\":\"https:\\\/\\\/www.organisator.ch\\\/marketing\\\/2025-03-31\\\/digital-vernetzt-und-individuell-sport-tourismus-forum-beleuchtet-den-branchenwandel\\\/\"},\"author\":{\"name\":\"galledia\",\"@id\":\"https:\\\/\\\/www.organisator.ch\\\/#\\\/schema\\\/person\\\/4e51799071cd2dd1232ac003643ef5f0\"},\"headline\":\"Digital, vernetzt und individuell: Sport Tourismus Forum beleuchtet den Branchenwandel\",\"datePublished\":\"2025-03-31T06:07:05+00:00\",\"mainEntityOfPage\":{\"@id\":\"https:\\\/\\\/www.organisator.ch\\\/marketing\\\/2025-03-31\\\/digital-vernetzt-und-individuell-sport-tourismus-forum-beleuchtet-den-branchenwandel\\\/\"},\"wordCount\":286,\"publisher\":{\"@id\":\"https:\\\/\\\/www.organisator.ch\\\/#organization\"},\"image\":{\"@id\":\"https:\\\/\\\/www.organisator.ch\\\/marketing\\\/2025-03-31\\\/digital-vernetzt-und-individuell-sport-tourismus-forum-beleuchtet-den-branchenwandel\\\/#primaryimage\"},\"thumbnailUrl\":\"https:\\\/\\\/www.markt-kom.com\\\/wp-content\\\/uploads\\\/2025\\\/03\\\/Foto_Gabriele_Griessenboeck_187.jpg\",\"keywords\":[\"Fachkongress\\\/Fachmesse\",\"MarKom\",\"ShowBiz\",\"Sport Tourismus Forum\"],\"articleSection\":[\"MARKETING\"],\"inLanguage\":\"fr-FR\"},{\"@type\":\"WebPage\",\"@id\":\"https:\\\/\\\/www.organisator.ch\\\/marketing\\\/2025-03-31\\\/digital-vernetzt-und-individuell-sport-tourismus-forum-beleuchtet-den-branchenwandel\\\/\",\"url\":\"https:\\\/\\\/www.organisator.ch\\\/marketing\\\/2025-03-31\\\/digital-vernetzt-und-individuell-sport-tourismus-forum-beleuchtet-den-branchenwandel\\\/\",\"name\":\"Digital, vernetzt und individuell: Sport Tourismus Forum beleuchtet den Branchenwandel - Organisator\",\"isPartOf\":{\"@id\":\"https:\\\/\\\/www.organisator.ch\\\/#website\"},\"primaryImageOfPage\":{\"@id\":\"https:\\\/\\\/www.organisator.ch\\\/marketing\\\/2025-03-31\\\/digital-vernetzt-und-individuell-sport-tourismus-forum-beleuchtet-den-branchenwandel\\\/#primaryimage\"},\"image\":{\"@id\":\"https:\\\/\\\/www.organisator.ch\\\/marketing\\\/2025-03-31\\\/digital-vernetzt-und-individuell-sport-tourismus-forum-beleuchtet-den-branchenwandel\\\/#primaryimage\"},\"thumbnailUrl\":\"https:\\\/\\\/www.markt-kom.com\\\/wp-content\\\/uploads\\\/2025\\\/03\\\/Foto_Gabriele_Griessenboeck_187.jpg\",\"datePublished\":\"2025-03-31T06:07:05+00:00\",\"description\":\"Wie KI, digitale Plattformen und neue Outdoor-Trends die Branche transformieren, steht im Fokus des Sport Tourismus Forum am 20. Mai.\",\"breadcrumb\":{\"@id\":\"https:\\\/\\\/www.organisator.ch\\\/marketing\\\/2025-03-31\\\/digital-vernetzt-und-individuell-sport-tourismus-forum-beleuchtet-den-branchenwandel\\\/#breadcrumb\"},\"inLanguage\":\"fr-FR\",\"potentialAction\":[{\"@type\":\"ReadAction\",\"target\":[\"https:\\\/\\\/www.organisator.ch\\\/marketing\\\/2025-03-31\\\/digital-vernetzt-und-individuell-sport-tourismus-forum-beleuchtet-den-branchenwandel\\\/\"]}]},{\"@type\":\"ImageObject\",\"inLanguage\":\"fr-FR\",\"@id\":\"https:\\\/\\\/www.organisator.ch\\\/marketing\\\/2025-03-31\\\/digital-vernetzt-und-individuell-sport-tourismus-forum-beleuchtet-den-branchenwandel\\\/#primaryimage\",\"url\":\"https:\\\/\\\/www.markt-kom.com\\\/wp-content\\\/uploads\\\/2025\\\/03\\\/Foto_Gabriele_Griessenboeck_187.jpg\",\"contentUrl\":\"https:\\\/\\\/www.markt-kom.com\\\/wp-content\\\/uploads\\\/2025\\\/03\\\/Foto_Gabriele_Griessenboeck_187.jpg\"},{\"@type\":\"BreadcrumbList\",\"@id\":\"https:\\\/\\\/www.organisator.ch\\\/marketing\\\/2025-03-31\\\/digital-vernetzt-und-individuell-sport-tourismus-forum-beleuchtet-den-branchenwandel\\\/#breadcrumb\",\"itemListElement\":[{\"@type\":\"ListItem\",\"position\":1,\"name\":\"Home\",\"item\":\"https:\\\/\\\/www.organisator.ch\\\/\"},{\"@type\":\"ListItem\",\"position\":2,\"name\":\"Digital, vernetzt und individuell: Sport Tourismus Forum beleuchtet den Branchenwandel\"}]},{\"@type\":\"WebSite\",\"@id\":\"https:\\\/\\\/www.organisator.ch\\\/#website\",\"url\":\"https:\\\/\\\/www.organisator.ch\\\/\",\"name\":\"Organisator\",\"description\":\"Kompetent. Praxisnah. Der ORGANISATOR bereitet in 10 Ausgaben pro Jahr die wesentlichen Themen f\u00fcr F\u00fchrungskr\u00e4fte von KMU auf.\",\"publisher\":{\"@id\":\"https:\\\/\\\/www.organisator.ch\\\/#organization\"},\"potentialAction\":[{\"@type\":\"SearchAction\",\"target\":{\"@type\":\"EntryPoint\",\"urlTemplate\":\"https:\\\/\\\/www.organisator.ch\\\/?s={search_term_string}\"},\"query-input\":{\"@type\":\"PropertyValueSpecification\",\"valueRequired\":true,\"valueName\":\"search_term_string\"}}],\"inLanguage\":\"fr-FR\"},{\"@type\":\"Organization\",\"@id\":\"https:\\\/\\\/www.organisator.ch\\\/#organization\",\"name\":\"Organisator\",\"url\":\"https:\\\/\\\/www.organisator.ch\\\/\",\"logo\":{\"@type\":\"ImageObject\",\"inLanguage\":\"fr-FR\",\"@id\":\"https:\\\/\\\/www.organisator.ch\\\/#\\\/schema\\\/logo\\\/image\\\/\",\"url\":\"https:\\\/\\\/www.organisator.ch\\\/wp-content\\\/uploads\\\/2022\\\/01\\\/Logo_Organisator_Website.png\",\"contentUrl\":\"https:\\\/\\\/www.organisator.ch\\\/wp-content\\\/uploads\\\/2022\\\/01\\\/Logo_Organisator_Website.png\",\"width\":800,\"height\":77,\"caption\":\"Organisator\"},\"image\":{\"@id\":\"https:\\\/\\\/www.organisator.ch\\\/#\\\/schema\\\/logo\\\/image\\\/\"},\"sameAs\":[\"https:\\\/\\\/www.facebook.com\\\/OrganisatorFachmagazin\",\"https:\\\/\\\/www.linkedin.com\\\/showcase\\\/organisator-das-magazin-fr-kmu\",\"https:\\\/\\\/www.xing.com\\\/news\\\/pages\\\/organisator-ch-695\",\"https:\\\/\\\/www.youtube.com\\\/channel\\\/UCGP2Sq0iWaZwT3BdIAQFYpw\"]},{\"@type\":\"Person\",\"@id\":\"https:\\\/\\\/www.organisator.ch\\\/#\\\/schema\\\/person\\\/4e51799071cd2dd1232ac003643ef5f0\",\"name\":\"galledia\",\"image\":{\"@type\":\"ImageObject\",\"inLanguage\":\"fr-FR\",\"@id\":\"https:\\\/\\\/secure.gravatar.com\\\/avatar\\\/78a7f90c01fc2bfc875782a0d4922b37cde2cf184ce347b91316d23cd7f69a36?s=96&d=mm&r=g\",\"url\":\"https:\\\/\\\/secure.gravatar.com\\\/avatar\\\/78a7f90c01fc2bfc875782a0d4922b37cde2cf184ce347b91316d23cd7f69a36?s=96&d=mm&r=g\",\"contentUrl\":\"https:\\\/\\\/secure.gravatar.com\\\/avatar\\\/78a7f90c01fc2bfc875782a0d4922b37cde2cf184ce347b91316d23cd7f69a36?s=96&d=mm&r=g\",\"caption\":\"galledia\"},\"sameAs\":[\"https:\\\/\\\/x.com\\\/admin\"],\"url\":\"https:\\\/\\\/www.organisator.ch\\\/fr\\\/author\\\/galledia\\\/\"}]}<\/script>\n<!-- \/ Yoast SEO plugin. -->","yoast_head_json":{"title":"Num\u00e9rique, en r\u00e9seau et individuel : le Forum du tourisme sportif met en lumi\u00e8re les mutations du secteur - Organisateur","description":"La mani\u00e8re dont l'IA, les plateformes num\u00e9riques et les nouvelles tendances en mati\u00e8re d'activit\u00e9s de plein air transforment le secteur sera au c\u0153ur du Forum du tourisme sportif qui se tiendra le 20 mai.","robots":{"index":"index","follow":"follow","max-snippet":"max-snippet:-1","max-image-preview":"max-image-preview:large","max-video-preview":"max-video-preview:-1"},"canonical":"https:\/\/www.organisator.ch\/fr\/marketing\/2025-03-31\/digital-vernetzt-und-individuell-sport-tourismus-forum-beleuchtet-den-branchenwandel\/","og_locale":"fr_FR","og_type":"article","og_title":"Digital, vernetzt und individuell: Sport Tourismus Forum beleuchtet den Branchenwandel - Organisator","og_description":"Wie KI, digitale Plattformen und neue Outdoor-Trends die Branche transformieren, steht im Fokus des Sport Tourismus Forum am 20. Mai.","og_url":"https:\/\/www.organisator.ch\/fr\/marketing\/2025-03-31\/digital-vernetzt-und-individuell-sport-tourismus-forum-beleuchtet-den-branchenwandel\/","og_site_name":"Organisator","article_publisher":"https:\/\/www.facebook.com\/OrganisatorFachmagazin","article_published_time":"2025-03-31T06:07:05+00:00","author":"galledia","twitter_card":"summary_large_image","twitter_creator":"@admin","schema":{"@context":"https:\/\/schema.org","@graph":[{"@type":"Article","@id":"https:\/\/www.organisator.ch\/marketing\/2025-03-31\/digital-vernetzt-und-individuell-sport-tourismus-forum-beleuchtet-den-branchenwandel\/#article","isPartOf":{"@id":"https:\/\/www.organisator.ch\/marketing\/2025-03-31\/digital-vernetzt-und-individuell-sport-tourismus-forum-beleuchtet-den-branchenwandel\/"},"author":{"name":"galledia","@id":"https:\/\/www.organisator.ch\/#\/schema\/person\/4e51799071cd2dd1232ac003643ef5f0"},"headline":"Digital, vernetzt und individuell: Sport Tourismus Forum beleuchtet den Branchenwandel","datePublished":"2025-03-31T06:07:05+00:00","mainEntityOfPage":{"@id":"https:\/\/www.organisator.ch\/marketing\/2025-03-31\/digital-vernetzt-und-individuell-sport-tourismus-forum-beleuchtet-den-branchenwandel\/"},"wordCount":286,"publisher":{"@id":"https:\/\/www.organisator.ch\/#organization"},"image":{"@id":"https:\/\/www.organisator.ch\/marketing\/2025-03-31\/digital-vernetzt-und-individuell-sport-tourismus-forum-beleuchtet-den-branchenwandel\/#primaryimage"},"thumbnailUrl":"https:\/\/www.markt-kom.com\/wp-content\/uploads\/2025\/03\/Foto_Gabriele_Griessenboeck_187.jpg","keywords":["Fachkongress\/Fachmesse","MarKom","ShowBiz","Sport Tourismus Forum"],"articleSection":["MARKETING"],"inLanguage":"fr-FR"},{"@type":"WebPage","@id":"https:\/\/www.organisator.ch\/marketing\/2025-03-31\/digital-vernetzt-und-individuell-sport-tourismus-forum-beleuchtet-den-branchenwandel\/","url":"https:\/\/www.organisator.ch\/marketing\/2025-03-31\/digital-vernetzt-und-individuell-sport-tourismus-forum-beleuchtet-den-branchenwandel\/","name":"Num\u00e9rique, en r\u00e9seau et individuel : le Forum du tourisme sportif met en lumi\u00e8re les mutations du secteur - Organisateur","isPartOf":{"@id":"https:\/\/www.organisator.ch\/#website"},"primaryImageOfPage":{"@id":"https:\/\/www.organisator.ch\/marketing\/2025-03-31\/digital-vernetzt-und-individuell-sport-tourismus-forum-beleuchtet-den-branchenwandel\/#primaryimage"},"image":{"@id":"https:\/\/www.organisator.ch\/marketing\/2025-03-31\/digital-vernetzt-und-individuell-sport-tourismus-forum-beleuchtet-den-branchenwandel\/#primaryimage"},"thumbnailUrl":"https:\/\/www.markt-kom.com\/wp-content\/uploads\/2025\/03\/Foto_Gabriele_Griessenboeck_187.jpg","datePublished":"2025-03-31T06:07:05+00:00","description":"La mani\u00e8re dont l'IA, les plateformes num\u00e9riques et les nouvelles tendances en mati\u00e8re d'activit\u00e9s de plein air transforment le secteur sera au c\u0153ur du Forum du tourisme sportif qui se tiendra le 20 mai.","breadcrumb":{"@id":"https:\/\/www.organisator.ch\/marketing\/2025-03-31\/digital-vernetzt-und-individuell-sport-tourismus-forum-beleuchtet-den-branchenwandel\/#breadcrumb"},"inLanguage":"fr-FR","potentialAction":[{"@type":"ReadAction","target":["https:\/\/www.organisator.ch\/marketing\/2025-03-31\/digital-vernetzt-und-individuell-sport-tourismus-forum-beleuchtet-den-branchenwandel\/"]}]},{"@type":"ImageObject","inLanguage":"fr-FR","@id":"https:\/\/www.organisator.ch\/marketing\/2025-03-31\/digital-vernetzt-und-individuell-sport-tourismus-forum-beleuchtet-den-branchenwandel\/#primaryimage","url":"https:\/\/www.markt-kom.com\/wp-content\/uploads\/2025\/03\/Foto_Gabriele_Griessenboeck_187.jpg","contentUrl":"https:\/\/www.markt-kom.com\/wp-content\/uploads\/2025\/03\/Foto_Gabriele_Griessenboeck_187.jpg"},{"@type":"BreadcrumbList","@id":"https:\/\/www.organisator.ch\/marketing\/2025-03-31\/digital-vernetzt-und-individuell-sport-tourismus-forum-beleuchtet-den-branchenwandel\/#breadcrumb","itemListElement":[{"@type":"ListItem","position":1,"name":"Home","item":"https:\/\/www.organisator.ch\/"},{"@type":"ListItem","position":2,"name":"Digital, vernetzt und individuell: Sport Tourismus Forum beleuchtet den Branchenwandel"}]},{"@type":"WebSite","@id":"https:\/\/www.organisator.ch\/#website","url":"https:\/\/www.organisator.ch\/","name":"Organisateur","description":"Comp\u00e9tence et comp\u00e9tence. Proches de la pratique. L'ORGANISATEUR pr\u00e9pare 10 num\u00e9ros par an sur les th\u00e8mes essentiels pour les dirigeants de PME.","publisher":{"@id":"https:\/\/www.organisator.ch\/#organization"},"potentialAction":[{"@type":"SearchAction","target":{"@type":"EntryPoint","urlTemplate":"https:\/\/www.organisator.ch\/?s={search_term_string}"},"query-input":{"@type":"PropertyValueSpecification","valueRequired":true,"valueName":"search_term_string"}}],"inLanguage":"fr-FR"},{"@type":"Organization","@id":"https:\/\/www.organisator.ch\/#organization","name":"Organisateur","url":"https:\/\/www.organisator.ch\/","logo":{"@type":"ImageObject","inLanguage":"fr-FR","@id":"https:\/\/www.organisator.ch\/#\/schema\/logo\/image\/","url":"https:\/\/www.organisator.ch\/wp-content\/uploads\/2022\/01\/Logo_Organisator_Website.png","contentUrl":"https:\/\/www.organisator.ch\/wp-content\/uploads\/2022\/01\/Logo_Organisator_Website.png","width":800,"height":77,"caption":"Organisator"},"image":{"@id":"https:\/\/www.organisator.ch\/#\/schema\/logo\/image\/"},"sameAs":["https:\/\/www.facebook.com\/OrganisatorFachmagazin","https:\/\/www.linkedin.com\/showcase\/organisator-das-magazin-fr-kmu","https:\/\/www.xing.com\/news\/pages\/organisator-ch-695","https:\/\/www.youtube.com\/channel\/UCGP2Sq0iWaZwT3BdIAQFYpw"]},{"@type":"Person","@id":"https:\/\/www.organisator.ch\/#\/schema\/person\/4e51799071cd2dd1232ac003643ef5f0","name":"galledia","image":{"@type":"ImageObject","inLanguage":"fr-FR","@id":"https:\/\/secure.gravatar.com\/avatar\/78a7f90c01fc2bfc875782a0d4922b37cde2cf184ce347b91316d23cd7f69a36?s=96&d=mm&r=g","url":"https:\/\/secure.gravatar.com\/avatar\/78a7f90c01fc2bfc875782a0d4922b37cde2cf184ce347b91316d23cd7f69a36?s=96&d=mm&r=g","contentUrl":"https:\/\/secure.gravatar.com\/avatar\/78a7f90c01fc2bfc875782a0d4922b37cde2cf184ce347b91316d23cd7f69a36?s=96&d=mm&r=g","caption":"galledia"},"sameAs":["https:\/\/x.com\/admin"],"url":"https:\/\/www.organisator.ch\/fr\/author\/galledia\/"}]}},"_links":{"self":[{"href":"https:\/\/www.organisator.ch\/fr\/wp-json\/wp\/v2\/posts\/37307","targetHints":{"allow":["GET"]}}],"collection":[{"href":"https:\/\/www.organisator.ch\/fr\/wp-json\/wp\/v2\/posts"}],"about":[{"href":"https:\/\/www.organisator.ch\/fr\/wp-json\/wp\/v2\/types\/post"}],"author":[{"embeddable":true,"href":"https:\/\/www.organisator.ch\/fr\/wp-json\/wp\/v2\/users\/8"}],"replies":[{"embeddable":true,"href":"https:\/\/www.organisator.ch\/fr\/wp-json\/wp\/v2\/comments?post=37307"}],"version-history":[{"count":4,"href":"https:\/\/www.organisator.ch\/fr\/wp-json\/wp\/v2\/posts\/37307\/revisions"}],"predecessor-version":[{"id":37317,"href":"https:\/\/www.organisator.ch\/fr\/wp-json\/wp\/v2\/posts\/37307\/revisions\/37317"}],"wp:attachment":[{"href":"https:\/\/www.organisator.ch\/fr\/wp-json\/wp\/v2\/media?parent=37307"}],"wp:term":[{"taxonomy":"category","embeddable":true,"href":"https:\/\/www.organisator.ch\/fr\/wp-json\/wp\/v2\/categories?post=37307"},{"taxonomy":"post_tag","embeddable":true,"href":"https:\/\/www.organisator.ch\/fr\/wp-json\/wp\/v2\/tags?post=37307"}],"curies":[{"name":"wp","href":"https:\/\/api.w.org\/{rel}","templated":true}]}}