{"id":37320,"date":"2025-03-31T11:50:21","date_gmt":"2025-03-31T09:50:21","guid":{"rendered":"https:\/\/www.m-q.ch\/?p=21254"},"modified":"2025-04-02T08:26:24","modified_gmt":"2025-04-02T06:26:24","slug":"rechtliche-aspekte-fuer-additive-fertigung","status":"publish","type":"post","link":"https:\/\/www.organisator.ch\/fr\/operational-excellence\/2025-03-31\/rechtliche-aspekte-fuer-additive-fertigung\/","title":{"rendered":"Aspects juridiques de la fabrication additive"},"content":{"rendered":"<figure id=\"attachment_21255\" class=\"wp-caption alignnone\" style=\"width: 680px;\" aria-describedby=\"caption-attachment-21255\"><img class=\"wp-image-21255 size-full\" src=\"https:\/\/www.m-q.ch\/wp-content\/uploads\/2025\/03\/Rechtliche-Aspekte-fuer-additive-Fertigung_MQ.jpg\" sizes=\"(max-width: 680px) 100vw, 680px\" srcset=\"https:\/\/www.m-q.ch\/wp-content\/uploads\/2025\/03\/Rechtliche-Aspekte-fuer-additive-Fertigung_MQ.jpg 680w, https:\/\/www.m-q.ch\/wp-content\/uploads\/2025\/03\/Rechtliche-Aspekte-fuer-additive-Fertigung_MQ-14x12.jpg 14w, https:\/\/www.m-q.ch\/wp-content\/uploads\/2025\/03\/Rechtliche-Aspekte-fuer-additive-Fertigung_MQ-356x300.jpg 356w, https:\/\/www.m-q.ch\/wp-content\/uploads\/2025\/03\/Rechtliche-Aspekte-fuer-additive-Fertigung_MQ-415x350.jpg 415w\" alt=\"\" width=\"680\" height=\"573\" \/>\r\n<figcaption id=\"caption-attachment-21255\" class=\"wp-caption-text\">La VDI a r\u00e9dig\u00e9 une nouvelle directive pour la fabrication additive, qui comprend \u00e9galement des aspects juridiques. (Image : Tom Claes \/ Unsplash.com)<\/figcaption>\r\n<\/figure>\r\n<p>L'association des ing\u00e9nieurs allemands (Verein Deutscher Ingenieure VDI e.V.), avec ses quelque 130 000 membres, constitue un r\u00e9seau multidisciplinaire qui contribue \u00e0 fa\u00e7onner et \u00e0 marquer de son empreinte les d\u00e9veloppements novateurs. En tant qu'important organisme allemand de r\u00e9glementation technique, l'association regroupe des comp\u00e9tences et apporte une contribution importante \u00e0 la garantie du progr\u00e8s et de la prosp\u00e9rit\u00e9. L'association, qui jouit \u00e9galement d'une renomm\u00e9e internationale, est active dans toute l'Allemagne, au niveau r\u00e9gional et local, dans des f\u00e9d\u00e9rations r\u00e9gionales et des associations de district. Ses fondations sont constitu\u00e9es d'environ 10 000 experts b\u00e9n\u00e9voles qui apportent leur savoir et leur exp\u00e9rience - notamment dans des directives publi\u00e9es r\u00e9guli\u00e8rement.<\/p>\r\n<p>Une telle directive, la directive VDI 3405 feuille 5.1, vient d'\u00eatre publi\u00e9e sur le th\u00e8me de la \"fabrication additive\" (par ex. l'impression 3D). La directive s'adresse \u00e0 tous les acteurs de la fabrication additive - des fournisseurs d'installations de fabrication additive aux juristes, en passant par les concepteurs et les prestataires de services de fabrication, qui sont confront\u00e9s aux d\u00e9fis sp\u00e9cifiques d'une cha\u00eene de fabrication num\u00e9ris\u00e9e. Elle comprend des informations de base sur le d\u00e9roulement des cha\u00eenes de processus, la gestion de la qualit\u00e9, ainsi que les particularit\u00e9s contractuelles et de responsabilit\u00e9.<\/p>\r\n<p>La base de la directive comprend \u00e9galement une pr\u00e9sentation explicative de la cha\u00eene de processus ainsi que des formats et types de donn\u00e9es correspondants. Ces informations de base et les connaissances d\u00e9taill\u00e9es favorisent la collaboration entre les juristes et les techniciens : Les juristes acqui\u00e8rent la compr\u00e9hension technique n\u00e9cessaire pour \u00e9valuer la pertinence juridique des diff\u00e9rentes \u00e9tapes de fabrication, tandis que les techniciens, les planificateurs, les concepteurs et les prestataires de services sont en mesure d'avoir une vue d'ensemble de la port\u00e9e juridique de leurs projets et de r\u00e9diger des contrats conformes \u00e0 la loi. Dans l'ensemble, cette directive est essentielle pour relever les d\u00e9fis de la fabrication additive.<\/p>\r\n<p>La directive <a href=\"https:\/\/www.vdi.de\/richtlinien\/details\/vdi-3405-blatt-51-additive-fertigungsverfahren-rechtliche-aspekte-der-prozesskette\" rel=\"noopener\">VDI 3405 feuille 5.1 \"Proc\u00e9d\u00e9s de fabrication additive - aspects juridiques de la cha\u00eene de processus\".<\/a> a \u00e9t\u00e9 publi\u00e9 en mars 2025 par la VDI-Gesellschaft Produktion und Logistik (GPL) et est disponible pour 153,50\u20ac chez <a href=\"https:\/\/www.dinmedia.de\/de\/technische-regel\/vdi-3405-blatt-5-1\/381640462\" rel=\"noopener\">DIN Media <\/a>disponible.<\/p>\n<p class=\"syndicated-attribution\">Cet article est paru initialement sur m-q.ch - <a href=\"https:\/\/www.m-q.ch\/de\/rechtliche-aspekte-fuer-additive-fertigung\/\" target=\"_blank\">https:\/\/www.m-q.ch\/de\/rechtliche-aspekte-fuer-additive-fertigung\/<\/a><\/p>","protected":false},"excerpt":{"rendered":"<p>Les proc\u00e9d\u00e9s de fabrication additive ouvrent des possibilit\u00e9s techniques impressionnantes, mais entra\u00eenent \u00e9galement de nombreuses questions juridiques. La directive VDI 3405 feuille 5.1 examine cette th\u00e9matique \u00e0 la loupe tout au long de la cha\u00eene de processus de fabrication et d\u00e9crit en d\u00e9tail les aspects juridiques \u00e0 prendre en compte \u00e0 chaque \u00e9tape.<\/p>","protected":false},"author":8,"featured_media":0,"comment_status":"closed","ping_status":"closed","sticky":false,"template":"","format":"standard","meta":{"_acf_changed":false,"_yoast_wpseo_focuskw":"additive Fertigung","_yoast_wpseo_metadesc":"Verfahren f\u00fcr additive Fertigung er\u00f6ffnen beeindruckende technische M\u00f6glichkeiten, bringen aber auch zahlreiche rechtliche Fragen mit sich.","articlekey":"","footnotes":""},"categories":[582],"tags":[5246,127,605,5247],"class_list":["post-37320","post","type-post","status-publish","format-standard","hentry","category-operational-excellence","tag-additive-fertigung","tag-compliance","tag-qualitaetsmanagement","tag-richtlinie"],"acf":[],"yoast_head":"<!-- This site is optimized with the Yoast SEO plugin v27.5 - https:\/\/yoast.com\/product\/yoast-seo-wordpress\/ -->\n<title>Rechtliche Aspekte f\u00fcr additive Fertigung - Organisator<\/title>\n<meta name=\"description\" content=\"Verfahren f\u00fcr additive Fertigung er\u00f6ffnen beeindruckende technische M\u00f6glichkeiten, bringen aber auch zahlreiche rechtliche Fragen mit sich.\" \/>\n<meta name=\"robots\" content=\"index, follow, max-snippet:-1, max-image-preview:large, max-video-preview:-1\" \/>\n<link rel=\"canonical\" href=\"https:\/\/www.organisator.ch\/fr\/excellence-operationnelle\/2025-03-31\/rechtliche-aspekte-fuer-additive-fertigung\/\" \/>\n<meta property=\"og:locale\" content=\"fr_FR\" \/>\n<meta property=\"og:type\" content=\"article\" \/>\n<meta property=\"og:title\" content=\"Rechtliche Aspekte f\u00fcr additive Fertigung - Organisator\" \/>\n<meta property=\"og:description\" content=\"Verfahren f\u00fcr additive Fertigung er\u00f6ffnen beeindruckende technische M\u00f6glichkeiten, bringen aber auch zahlreiche rechtliche Fragen mit sich.\" \/>\n<meta property=\"og:url\" content=\"https:\/\/www.organisator.ch\/fr\/excellence-operationnelle\/2025-03-31\/rechtliche-aspekte-fuer-additive-fertigung\/\" \/>\n<meta property=\"og:site_name\" content=\"Organisator\" \/>\n<meta property=\"article:publisher\" content=\"https:\/\/www.facebook.com\/OrganisatorFachmagazin\" \/>\n<meta property=\"article:published_time\" content=\"2025-03-31T09:50:21+00:00\" \/>\n<meta property=\"article:modified_time\" content=\"2025-04-02T06:26:24+00:00\" \/>\n<meta property=\"og:image\" content=\"https:\/\/www.organisator.ch\/wp-content\/uploads\/2023\/08\/Management_Nuetzi-Neosys_Bild1_organisator_54882-scaled.jpg\" \/>\n\t<meta property=\"og:image:width\" content=\"1248\" \/>\n\t<meta property=\"og:image:height\" content=\"1400\" \/>\n\t<meta property=\"og:image:type\" content=\"image\/jpeg\" \/>\n<meta name=\"author\" content=\"galledia\" \/>\n<meta name=\"twitter:card\" content=\"summary_large_image\" \/>\n<meta name=\"twitter:creator\" content=\"@admin\" \/>\n<script type=\"application\/ld+json\" class=\"yoast-schema-graph\">{\"@context\":\"https:\\\/\\\/schema.org\",\"@graph\":[{\"@type\":\"Article\",\"@id\":\"https:\\\/\\\/www.organisator.ch\\\/operational-excellence\\\/2025-03-31\\\/rechtliche-aspekte-fuer-additive-fertigung\\\/#article\",\"isPartOf\":{\"@id\":\"https:\\\/\\\/www.organisator.ch\\\/operational-excellence\\\/2025-03-31\\\/rechtliche-aspekte-fuer-additive-fertigung\\\/\"},\"author\":{\"name\":\"galledia\",\"@id\":\"https:\\\/\\\/www.organisator.ch\\\/#\\\/schema\\\/person\\\/4e51799071cd2dd1232ac003643ef5f0\"},\"headline\":\"Rechtliche Aspekte f\u00fcr additive Fertigung\",\"datePublished\":\"2025-03-31T09:50:21+00:00\",\"dateModified\":\"2025-04-02T06:26:24+00:00\",\"mainEntityOfPage\":{\"@id\":\"https:\\\/\\\/www.organisator.ch\\\/operational-excellence\\\/2025-03-31\\\/rechtliche-aspekte-fuer-additive-fertigung\\\/\"},\"wordCount\":301,\"publisher\":{\"@id\":\"https:\\\/\\\/www.organisator.ch\\\/#organization\"},\"image\":{\"@id\":\"https:\\\/\\\/www.organisator.ch\\\/operational-excellence\\\/2025-03-31\\\/rechtliche-aspekte-fuer-additive-fertigung\\\/#primaryimage\"},\"thumbnailUrl\":\"https:\\\/\\\/www.m-q.ch\\\/wp-content\\\/uploads\\\/2025\\\/03\\\/Rechtliche-Aspekte-fuer-additive-Fertigung_MQ.jpg\",\"keywords\":[\"Additive Fertigung\",\"Compliance\",\"Qualit\u00e4tsmanagement\",\"Richtlinie\"],\"articleSection\":[\"OPERATIONAL EXCELLENCE\"],\"inLanguage\":\"fr-FR\"},{\"@type\":\"WebPage\",\"@id\":\"https:\\\/\\\/www.organisator.ch\\\/operational-excellence\\\/2025-03-31\\\/rechtliche-aspekte-fuer-additive-fertigung\\\/\",\"url\":\"https:\\\/\\\/www.organisator.ch\\\/operational-excellence\\\/2025-03-31\\\/rechtliche-aspekte-fuer-additive-fertigung\\\/\",\"name\":\"Rechtliche Aspekte f\u00fcr additive Fertigung - Organisator\",\"isPartOf\":{\"@id\":\"https:\\\/\\\/www.organisator.ch\\\/#website\"},\"primaryImageOfPage\":{\"@id\":\"https:\\\/\\\/www.organisator.ch\\\/operational-excellence\\\/2025-03-31\\\/rechtliche-aspekte-fuer-additive-fertigung\\\/#primaryimage\"},\"image\":{\"@id\":\"https:\\\/\\\/www.organisator.ch\\\/operational-excellence\\\/2025-03-31\\\/rechtliche-aspekte-fuer-additive-fertigung\\\/#primaryimage\"},\"thumbnailUrl\":\"https:\\\/\\\/www.m-q.ch\\\/wp-content\\\/uploads\\\/2025\\\/03\\\/Rechtliche-Aspekte-fuer-additive-Fertigung_MQ.jpg\",\"datePublished\":\"2025-03-31T09:50:21+00:00\",\"dateModified\":\"2025-04-02T06:26:24+00:00\",\"description\":\"Verfahren f\u00fcr additive Fertigung er\u00f6ffnen beeindruckende technische M\u00f6glichkeiten, bringen aber auch zahlreiche rechtliche Fragen mit sich.\",\"breadcrumb\":{\"@id\":\"https:\\\/\\\/www.organisator.ch\\\/operational-excellence\\\/2025-03-31\\\/rechtliche-aspekte-fuer-additive-fertigung\\\/#breadcrumb\"},\"inLanguage\":\"fr-FR\",\"potentialAction\":[{\"@type\":\"ReadAction\",\"target\":[\"https:\\\/\\\/www.organisator.ch\\\/operational-excellence\\\/2025-03-31\\\/rechtliche-aspekte-fuer-additive-fertigung\\\/\"]}]},{\"@type\":\"ImageObject\",\"inLanguage\":\"fr-FR\",\"@id\":\"https:\\\/\\\/www.organisator.ch\\\/operational-excellence\\\/2025-03-31\\\/rechtliche-aspekte-fuer-additive-fertigung\\\/#primaryimage\",\"url\":\"https:\\\/\\\/www.m-q.ch\\\/wp-content\\\/uploads\\\/2025\\\/03\\\/Rechtliche-Aspekte-fuer-additive-Fertigung_MQ.jpg\",\"contentUrl\":\"https:\\\/\\\/www.m-q.ch\\\/wp-content\\\/uploads\\\/2025\\\/03\\\/Rechtliche-Aspekte-fuer-additive-Fertigung_MQ.jpg\"},{\"@type\":\"BreadcrumbList\",\"@id\":\"https:\\\/\\\/www.organisator.ch\\\/operational-excellence\\\/2025-03-31\\\/rechtliche-aspekte-fuer-additive-fertigung\\\/#breadcrumb\",\"itemListElement\":[{\"@type\":\"ListItem\",\"position\":1,\"name\":\"Home\",\"item\":\"https:\\\/\\\/www.organisator.ch\\\/\"},{\"@type\":\"ListItem\",\"position\":2,\"name\":\"Rechtliche Aspekte f\u00fcr additive Fertigung\"}]},{\"@type\":\"WebSite\",\"@id\":\"https:\\\/\\\/www.organisator.ch\\\/#website\",\"url\":\"https:\\\/\\\/www.organisator.ch\\\/\",\"name\":\"Organisator\",\"description\":\"Kompetent. Praxisnah. Der ORGANISATOR bereitet in 10 Ausgaben pro Jahr die wesentlichen Themen f\u00fcr F\u00fchrungskr\u00e4fte von KMU auf.\",\"publisher\":{\"@id\":\"https:\\\/\\\/www.organisator.ch\\\/#organization\"},\"potentialAction\":[{\"@type\":\"SearchAction\",\"target\":{\"@type\":\"EntryPoint\",\"urlTemplate\":\"https:\\\/\\\/www.organisator.ch\\\/?s={search_term_string}\"},\"query-input\":{\"@type\":\"PropertyValueSpecification\",\"valueRequired\":true,\"valueName\":\"search_term_string\"}}],\"inLanguage\":\"fr-FR\"},{\"@type\":\"Organization\",\"@id\":\"https:\\\/\\\/www.organisator.ch\\\/#organization\",\"name\":\"Organisator\",\"url\":\"https:\\\/\\\/www.organisator.ch\\\/\",\"logo\":{\"@type\":\"ImageObject\",\"inLanguage\":\"fr-FR\",\"@id\":\"https:\\\/\\\/www.organisator.ch\\\/#\\\/schema\\\/logo\\\/image\\\/\",\"url\":\"https:\\\/\\\/www.organisator.ch\\\/wp-content\\\/uploads\\\/2022\\\/01\\\/Logo_Organisator_Website.png\",\"contentUrl\":\"https:\\\/\\\/www.organisator.ch\\\/wp-content\\\/uploads\\\/2022\\\/01\\\/Logo_Organisator_Website.png\",\"width\":800,\"height\":77,\"caption\":\"Organisator\"},\"image\":{\"@id\":\"https:\\\/\\\/www.organisator.ch\\\/#\\\/schema\\\/logo\\\/image\\\/\"},\"sameAs\":[\"https:\\\/\\\/www.facebook.com\\\/OrganisatorFachmagazin\",\"https:\\\/\\\/www.linkedin.com\\\/showcase\\\/organisator-das-magazin-fr-kmu\",\"https:\\\/\\\/www.xing.com\\\/news\\\/pages\\\/organisator-ch-695\",\"https:\\\/\\\/www.youtube.com\\\/channel\\\/UCGP2Sq0iWaZwT3BdIAQFYpw\"]},{\"@type\":\"Person\",\"@id\":\"https:\\\/\\\/www.organisator.ch\\\/#\\\/schema\\\/person\\\/4e51799071cd2dd1232ac003643ef5f0\",\"name\":\"galledia\",\"image\":{\"@type\":\"ImageObject\",\"inLanguage\":\"fr-FR\",\"@id\":\"https:\\\/\\\/secure.gravatar.com\\\/avatar\\\/78a7f90c01fc2bfc875782a0d4922b37cde2cf184ce347b91316d23cd7f69a36?s=96&d=mm&r=g\",\"url\":\"https:\\\/\\\/secure.gravatar.com\\\/avatar\\\/78a7f90c01fc2bfc875782a0d4922b37cde2cf184ce347b91316d23cd7f69a36?s=96&d=mm&r=g\",\"contentUrl\":\"https:\\\/\\\/secure.gravatar.com\\\/avatar\\\/78a7f90c01fc2bfc875782a0d4922b37cde2cf184ce347b91316d23cd7f69a36?s=96&d=mm&r=g\",\"caption\":\"galledia\"},\"sameAs\":[\"https:\\\/\\\/x.com\\\/admin\"],\"url\":\"https:\\\/\\\/www.organisator.ch\\\/fr\\\/author\\\/galledia\\\/\"}]}<\/script>\n<!-- \/ Yoast SEO plugin. -->","yoast_head_json":{"title":"Aspects juridiques de la fabrication additive - Organisateur","description":"Les proc\u00e9d\u00e9s de fabrication additive ouvrent des possibilit\u00e9s techniques impressionnantes, mais soul\u00e8vent \u00e9galement de nombreuses questions juridiques.","robots":{"index":"index","follow":"follow","max-snippet":"max-snippet:-1","max-image-preview":"max-image-preview:large","max-video-preview":"max-video-preview:-1"},"canonical":"https:\/\/www.organisator.ch\/fr\/excellence-operationnelle\/2025-03-31\/rechtliche-aspekte-fuer-additive-fertigung\/","og_locale":"fr_FR","og_type":"article","og_title":"Rechtliche Aspekte f\u00fcr additive Fertigung - Organisator","og_description":"Verfahren f\u00fcr additive Fertigung er\u00f6ffnen beeindruckende technische M\u00f6glichkeiten, bringen aber auch zahlreiche rechtliche Fragen mit sich.","og_url":"https:\/\/www.organisator.ch\/fr\/excellence-operationnelle\/2025-03-31\/rechtliche-aspekte-fuer-additive-fertigung\/","og_site_name":"Organisator","article_publisher":"https:\/\/www.facebook.com\/OrganisatorFachmagazin","article_published_time":"2025-03-31T09:50:21+00:00","article_modified_time":"2025-04-02T06:26:24+00:00","og_image":[{"width":1248,"height":1400,"url":"https:\/\/www.organisator.ch\/wp-content\/uploads\/2023\/08\/Management_Nuetzi-Neosys_Bild1_organisator_54882-scaled.jpg","type":"image\/jpeg"}],"author":"galledia","twitter_card":"summary_large_image","twitter_creator":"@admin","schema":{"@context":"https:\/\/schema.org","@graph":[{"@type":"Article","@id":"https:\/\/www.organisator.ch\/operational-excellence\/2025-03-31\/rechtliche-aspekte-fuer-additive-fertigung\/#article","isPartOf":{"@id":"https:\/\/www.organisator.ch\/operational-excellence\/2025-03-31\/rechtliche-aspekte-fuer-additive-fertigung\/"},"author":{"name":"galledia","@id":"https:\/\/www.organisator.ch\/#\/schema\/person\/4e51799071cd2dd1232ac003643ef5f0"},"headline":"Rechtliche Aspekte f\u00fcr additive Fertigung","datePublished":"2025-03-31T09:50:21+00:00","dateModified":"2025-04-02T06:26:24+00:00","mainEntityOfPage":{"@id":"https:\/\/www.organisator.ch\/operational-excellence\/2025-03-31\/rechtliche-aspekte-fuer-additive-fertigung\/"},"wordCount":301,"publisher":{"@id":"https:\/\/www.organisator.ch\/#organization"},"image":{"@id":"https:\/\/www.organisator.ch\/operational-excellence\/2025-03-31\/rechtliche-aspekte-fuer-additive-fertigung\/#primaryimage"},"thumbnailUrl":"https:\/\/www.m-q.ch\/wp-content\/uploads\/2025\/03\/Rechtliche-Aspekte-fuer-additive-Fertigung_MQ.jpg","keywords":["Additive Fertigung","Compliance","Qualit\u00e4tsmanagement","Richtlinie"],"articleSection":["OPERATIONAL EXCELLENCE"],"inLanguage":"fr-FR"},{"@type":"WebPage","@id":"https:\/\/www.organisator.ch\/operational-excellence\/2025-03-31\/rechtliche-aspekte-fuer-additive-fertigung\/","url":"https:\/\/www.organisator.ch\/operational-excellence\/2025-03-31\/rechtliche-aspekte-fuer-additive-fertigung\/","name":"Aspects juridiques de la fabrication additive - Organisateur","isPartOf":{"@id":"https:\/\/www.organisator.ch\/#website"},"primaryImageOfPage":{"@id":"https:\/\/www.organisator.ch\/operational-excellence\/2025-03-31\/rechtliche-aspekte-fuer-additive-fertigung\/#primaryimage"},"image":{"@id":"https:\/\/www.organisator.ch\/operational-excellence\/2025-03-31\/rechtliche-aspekte-fuer-additive-fertigung\/#primaryimage"},"thumbnailUrl":"https:\/\/www.m-q.ch\/wp-content\/uploads\/2025\/03\/Rechtliche-Aspekte-fuer-additive-Fertigung_MQ.jpg","datePublished":"2025-03-31T09:50:21+00:00","dateModified":"2025-04-02T06:26:24+00:00","description":"Les proc\u00e9d\u00e9s de fabrication additive ouvrent des possibilit\u00e9s techniques impressionnantes, mais soul\u00e8vent \u00e9galement de nombreuses questions juridiques.","breadcrumb":{"@id":"https:\/\/www.organisator.ch\/operational-excellence\/2025-03-31\/rechtliche-aspekte-fuer-additive-fertigung\/#breadcrumb"},"inLanguage":"fr-FR","potentialAction":[{"@type":"ReadAction","target":["https:\/\/www.organisator.ch\/operational-excellence\/2025-03-31\/rechtliche-aspekte-fuer-additive-fertigung\/"]}]},{"@type":"ImageObject","inLanguage":"fr-FR","@id":"https:\/\/www.organisator.ch\/operational-excellence\/2025-03-31\/rechtliche-aspekte-fuer-additive-fertigung\/#primaryimage","url":"https:\/\/www.m-q.ch\/wp-content\/uploads\/2025\/03\/Rechtliche-Aspekte-fuer-additive-Fertigung_MQ.jpg","contentUrl":"https:\/\/www.m-q.ch\/wp-content\/uploads\/2025\/03\/Rechtliche-Aspekte-fuer-additive-Fertigung_MQ.jpg"},{"@type":"BreadcrumbList","@id":"https:\/\/www.organisator.ch\/operational-excellence\/2025-03-31\/rechtliche-aspekte-fuer-additive-fertigung\/#breadcrumb","itemListElement":[{"@type":"ListItem","position":1,"name":"Home","item":"https:\/\/www.organisator.ch\/"},{"@type":"ListItem","position":2,"name":"Rechtliche Aspekte f\u00fcr additive Fertigung"}]},{"@type":"WebSite","@id":"https:\/\/www.organisator.ch\/#website","url":"https:\/\/www.organisator.ch\/","name":"Organisateur","description":"Comp\u00e9tence et comp\u00e9tence. Proches de la pratique. L'ORGANISATEUR pr\u00e9pare 10 num\u00e9ros par an sur les th\u00e8mes essentiels pour les dirigeants de PME.","publisher":{"@id":"https:\/\/www.organisator.ch\/#organization"},"potentialAction":[{"@type":"SearchAction","target":{"@type":"EntryPoint","urlTemplate":"https:\/\/www.organisator.ch\/?s={search_term_string}"},"query-input":{"@type":"PropertyValueSpecification","valueRequired":true,"valueName":"search_term_string"}}],"inLanguage":"fr-FR"},{"@type":"Organization","@id":"https:\/\/www.organisator.ch\/#organization","name":"Organisateur","url":"https:\/\/www.organisator.ch\/","logo":{"@type":"ImageObject","inLanguage":"fr-FR","@id":"https:\/\/www.organisator.ch\/#\/schema\/logo\/image\/","url":"https:\/\/www.organisator.ch\/wp-content\/uploads\/2022\/01\/Logo_Organisator_Website.png","contentUrl":"https:\/\/www.organisator.ch\/wp-content\/uploads\/2022\/01\/Logo_Organisator_Website.png","width":800,"height":77,"caption":"Organisator"},"image":{"@id":"https:\/\/www.organisator.ch\/#\/schema\/logo\/image\/"},"sameAs":["https:\/\/www.facebook.com\/OrganisatorFachmagazin","https:\/\/www.linkedin.com\/showcase\/organisator-das-magazin-fr-kmu","https:\/\/www.xing.com\/news\/pages\/organisator-ch-695","https:\/\/www.youtube.com\/channel\/UCGP2Sq0iWaZwT3BdIAQFYpw"]},{"@type":"Person","@id":"https:\/\/www.organisator.ch\/#\/schema\/person\/4e51799071cd2dd1232ac003643ef5f0","name":"galledia","image":{"@type":"ImageObject","inLanguage":"fr-FR","@id":"https:\/\/secure.gravatar.com\/avatar\/78a7f90c01fc2bfc875782a0d4922b37cde2cf184ce347b91316d23cd7f69a36?s=96&d=mm&r=g","url":"https:\/\/secure.gravatar.com\/avatar\/78a7f90c01fc2bfc875782a0d4922b37cde2cf184ce347b91316d23cd7f69a36?s=96&d=mm&r=g","contentUrl":"https:\/\/secure.gravatar.com\/avatar\/78a7f90c01fc2bfc875782a0d4922b37cde2cf184ce347b91316d23cd7f69a36?s=96&d=mm&r=g","caption":"galledia"},"sameAs":["https:\/\/x.com\/admin"],"url":"https:\/\/www.organisator.ch\/fr\/author\/galledia\/"}]}},"_links":{"self":[{"href":"https:\/\/www.organisator.ch\/fr\/wp-json\/wp\/v2\/posts\/37320","targetHints":{"allow":["GET"]}}],"collection":[{"href":"https:\/\/www.organisator.ch\/fr\/wp-json\/wp\/v2\/posts"}],"about":[{"href":"https:\/\/www.organisator.ch\/fr\/wp-json\/wp\/v2\/types\/post"}],"author":[{"embeddable":true,"href":"https:\/\/www.organisator.ch\/fr\/wp-json\/wp\/v2\/users\/8"}],"replies":[{"embeddable":true,"href":"https:\/\/www.organisator.ch\/fr\/wp-json\/wp\/v2\/comments?post=37320"}],"version-history":[{"count":5,"href":"https:\/\/www.organisator.ch\/fr\/wp-json\/wp\/v2\/posts\/37320\/revisions"}],"predecessor-version":[{"id":37372,"href":"https:\/\/www.organisator.ch\/fr\/wp-json\/wp\/v2\/posts\/37320\/revisions\/37372"}],"wp:attachment":[{"href":"https:\/\/www.organisator.ch\/fr\/wp-json\/wp\/v2\/media?parent=37320"}],"wp:term":[{"taxonomy":"category","embeddable":true,"href":"https:\/\/www.organisator.ch\/fr\/wp-json\/wp\/v2\/categories?post=37320"},{"taxonomy":"post_tag","embeddable":true,"href":"https:\/\/www.organisator.ch\/fr\/wp-json\/wp\/v2\/tags?post=37320"}],"curies":[{"name":"wp","href":"https:\/\/api.w.org\/{rel}","templated":true}]}}