{"id":37349,"date":"2025-04-02T13:45:37","date_gmt":"2025-04-02T11:45:37","guid":{"rendered":"https:\/\/www.m-q.ch\/?p=21260"},"modified":"2025-04-02T13:20:58","modified_gmt":"2025-04-02T11:20:58","slug":"wo-visionaere-die-zukunft-gestalten","status":"publish","type":"post","link":"https:\/\/www.organisator.ch\/fr\/management\/2025-04-02\/wo-visionaere-die-zukunft-gestalten\/","title":{"rendered":"O\u00f9 les visionnaires fa\u00e7onnent l'avenir"},"content":{"rendered":"<figure id=\"attachment_21261\" class=\"wp-caption alignnone\" style=\"width: 680px;\" aria-describedby=\"caption-attachment-21261\"><img class=\"size-full wp-image-21261\" src=\"https:\/\/www.m-q.ch\/wp-content\/uploads\/2025\/04\/Wo-Visionaere-die-Zukunft-gestalten_MQ.jpg\" sizes=\"(max-width: 680px) 100vw, 680px\" srcset=\"https:\/\/www.m-q.ch\/wp-content\/uploads\/2025\/04\/Wo-Visionaere-die-Zukunft-gestalten_MQ.jpg 680w, https:\/\/www.m-q.ch\/wp-content\/uploads\/2025\/04\/Wo-Visionaere-die-Zukunft-gestalten_MQ-18x8.jpg 18w, https:\/\/www.m-q.ch\/wp-content\/uploads\/2025\/04\/Wo-Visionaere-die-Zukunft-gestalten_MQ-375x164.jpg 375w\" alt=\"\" width=\"680\" height=\"297\" \/>\r\n<figcaption id=\"caption-attachment-21261\" class=\"wp-caption-text\">Le 7 mai 2025, le Swiss Excellence Forum invite au Future Leadership Forum avec la remise du Swiss Ethics Award. (Image : zVg \/ Swiss Excellence Forum)<\/figcaption>\r\n<\/figure>\r\n<p>L'innovation \u00e9thique prend de plus en plus d'importance. L'innovation \u00e9thique d\u00e9crit la capacit\u00e9 des entreprises \u00e0 int\u00e9grer des valeurs et des principes dans leurs mod\u00e8les d'entreprise tout en continuant \u00e0 d\u00e9velopper leur comp\u00e9titivit\u00e9. Il ne s'agit pas seulement de respecter les prescriptions l\u00e9gales, mais d'apporter activement une contribution positive \u00e0 la soci\u00e9t\u00e9. C'est ce qu'\u00e9crit Werner von Allmen, CEO du Swiss Excellence Forum, dans l'introduction de la brochure du congr\u00e8s. Un comportement \u00e9thique ne peut pas seulement \u00eatre compris comme un devoir moral, mais apporte \u00e9galement des avantages concrets, poursuit von Allmen. Les entreprises qui sont conscientes de leur responsabilit\u00e9 et qui l'assument activement jouissent en outre d'un plus haut degr\u00e9 de confiance et de loyaut\u00e9 de la part des clients, des collaborateurs et des investisseurs, ce qui conduit \u00e0 long terme \u00e0 un avantage concurrentiel.<\/p>\r\n<h3>Des intervenants de renom - et des visionnaires<\/h3>\r\n<p>C'est dans ce sens qu'il faut comprendre le programme du Future Leadership Forum de cette ann\u00e9e, le 7 mai 2025. Thomas Schori, fondateur et CEO de Tide Ocean SA, pr\u00e9sentera ainsi le programme \u00e9thique innovant \u00e0 trois piliers de son entreprise. La philosophe et publiciste Isolde Charim parlera des paradoxes de l'\u00e9conomie actuelle via une connexion en ligne. Philipp von Michaelis, CEO Global Clearance Solutions AG, s'engage avec ses entreprises dans le monde entier pour la s\u00e9curit\u00e9 et la restauration des espaces de vie - notamment par l'\u00e9limination des mines terrestres. Il pr\u00e9sentera cette activit\u00e9 dans son expos\u00e9, puis s'exprimera \u00e9galement sur les boussoles morales et le leadership durable lors de la table ronde qui suivra, en compagnie de Mirjam Brach, directrice de la Recherche suisse pour parapl\u00e9giques SA, et du professeur Michael Hengarter, pr\u00e9sident du Conseil des EPF.<\/p>\r\n<h3>Swiss Ethics Award 2025 : Les nomin\u00e9s<\/h3>\r\n<p>Le Swiss Ethics Award sera \u00e9galement d\u00e9cern\u00e9 dans le cadre du Future Leadership Forum. Un jury a nomm\u00e9 cinq projets exceptionnels pour le Swiss Ethics Award 2025, qui convainquent par leur responsabilit\u00e9 \u00e9thique et leur force d'innovation :<\/p>\r\n<ul>\r\n\t<li>1001 Organic - The Honest Flavour. L'entreprise est synonyme d'\u00e9pices de premi\u00e8re qualit\u00e9 en provenance directe de Zanzibar et de commerce \u00e9thique avec les producteurs d'\u00e9pices locaux.<\/li>\r\n\t<li>E. Schellenberg Textildruck AG : Des technologies innovantes pour une production textile durable<\/li>\r\n\t<li>Lonza Group AG : Approvisionnement responsable<\/li>\r\n\t<li>Max Felchlin AG : Soins de sant\u00e9 \u00e0 l'origine du cacao<\/li>\r\n\t<li>mymyio GmbH : CircularOffice - Une r\u00e9volution gr\u00e2ce \u00e0 l'\u00e9conomie circulaire<\/li>\r\n<\/ul>\r\n<p>Le Swiss Ethics Award est une reconnaissance pour des projets \u00e9thiques dans l'\u00e9conomie. Tous ces projets sont des exemples de la mani\u00e8re dont les entreprises assument leur responsabilit\u00e9 de mani\u00e8re particuli\u00e8re et s'engagent pour une gestion d'entreprise durable et ax\u00e9e sur les valeurs.<\/p>\r\n<p><em>Plus d'informations et inscription \u00e0 l'\u00e9v\u00e9nement : <a href=\"https:\/\/www.swiss-excellence-forum.ch\/de\/events\/swiss-ethics-award-2025\">https:\/\/www.swiss-excellence-forum.ch\/de\/events\/swiss-ethics-award-2025<\/a><\/em><\/p>\n<p class=\"syndicated-attribution\">Cet article est paru initialement sur m-q.ch - <a href=\"https:\/\/www.m-q.ch\/de\/wo-visionaere-die-zukunft-gestalten\/\" target=\"_blank\">https:\/\/www.m-q.ch\/de\/wo-visionaere-die-zukunft-gestalten\/<\/a><\/p>","protected":false},"excerpt":{"rendered":"<p>Le 7 mai 2025, le Swiss Excellence Forum organise le \"Future Leadership Forum\" au KKL Luzern, en m\u00eame temps que la remise du Swiss Ethics Award. Avec le slogan \"L\u00e0 o\u00f9 les visionnaires fa\u00e7onnent l'avenir\", le congr\u00e8s met l'accent sur l'innovation \u00e9thique en tant que game changer.<\/p>","protected":false},"author":8,"featured_media":0,"comment_status":"closed","ping_status":"closed","sticky":false,"template":"","format":"standard","meta":{"_acf_changed":false,"_yoast_wpseo_focuskw":"Vision\u00e4re","_yoast_wpseo_metadesc":"Mit dem Motto \"Wo Vision\u00e4re die Zukunft gestalten\" stellt das Future Leadership Forum ethische Innovation als Game Changer in den Fokus.","articlekey":"","footnotes":""},"categories":[28],"tags":[66,103,1125,1129,274,320],"class_list":["post-37349","post","type-post","status-publish","format-standard","hentry","category-management","tag-awards","tag-business-excellence","tag-esg","tag-ethische-leistung","tag-innovation","tag-leadership"],"acf":[],"yoast_head":"<!-- This site is optimized with the Yoast SEO plugin v27.4 - https:\/\/yoast.com\/product\/yoast-seo-wordpress\/ -->\n<title>Wo Vision\u00e4re die Zukunft gestalten - Organisator<\/title>\n<meta name=\"description\" content=\"Mit dem Motto &quot;Wo Vision\u00e4re die Zukunft gestalten&quot; stellt das Future Leadership Forum ethische Innovation als Game Changer in den Fokus.\" \/>\n<meta name=\"robots\" content=\"index, follow, max-snippet:-1, max-image-preview:large, max-video-preview:-1\" \/>\n<link rel=\"canonical\" href=\"https:\/\/www.organisator.ch\/fr\/gestion-2\/2025-04-02\/wo-visionaere-die-zukunft-gestalten\/\" \/>\n<meta property=\"og:locale\" content=\"fr_FR\" \/>\n<meta property=\"og:type\" content=\"article\" \/>\n<meta property=\"og:title\" content=\"Wo Vision\u00e4re die Zukunft gestalten - Organisator\" \/>\n<meta property=\"og:description\" content=\"Mit dem Motto &quot;Wo Vision\u00e4re die Zukunft gestalten&quot; stellt das Future Leadership Forum ethische Innovation als Game Changer in den Fokus.\" \/>\n<meta property=\"og:url\" content=\"https:\/\/www.organisator.ch\/fr\/gestion-2\/2025-04-02\/wo-visionaere-die-zukunft-gestalten\/\" \/>\n<meta property=\"og:site_name\" content=\"Organisator\" \/>\n<meta property=\"article:publisher\" content=\"https:\/\/www.facebook.com\/OrganisatorFachmagazin\" \/>\n<meta property=\"article:published_time\" content=\"2025-04-02T11:45:37+00:00\" \/>\n<meta property=\"og:image\" content=\"https:\/\/www.organisator.ch\/wp-content\/uploads\/2023\/08\/Marketing_Auftakt_Bild2_organisator_54585.jpg\" \/>\n\t<meta property=\"og:image:width\" content=\"377\" \/>\n\t<meta property=\"og:image:height\" content=\"468\" \/>\n\t<meta property=\"og:image:type\" content=\"image\/jpeg\" \/>\n<meta name=\"author\" content=\"galledia\" \/>\n<meta name=\"twitter:card\" content=\"summary_large_image\" \/>\n<meta name=\"twitter:creator\" content=\"@admin\" \/>\n<script type=\"application\/ld+json\" class=\"yoast-schema-graph\">{\"@context\":\"https:\\\/\\\/schema.org\",\"@graph\":[{\"@type\":\"Article\",\"@id\":\"https:\\\/\\\/www.organisator.ch\\\/management\\\/2025-04-02\\\/wo-visionaere-die-zukunft-gestalten\\\/#article\",\"isPartOf\":{\"@id\":\"https:\\\/\\\/www.organisator.ch\\\/management\\\/2025-04-02\\\/wo-visionaere-die-zukunft-gestalten\\\/\"},\"author\":{\"name\":\"galledia\",\"@id\":\"https:\\\/\\\/www.organisator.ch\\\/#\\\/schema\\\/person\\\/4e51799071cd2dd1232ac003643ef5f0\"},\"headline\":\"Wo Vision\u00e4re die Zukunft gestalten\",\"datePublished\":\"2025-04-02T11:45:37+00:00\",\"mainEntityOfPage\":{\"@id\":\"https:\\\/\\\/www.organisator.ch\\\/management\\\/2025-04-02\\\/wo-visionaere-die-zukunft-gestalten\\\/\"},\"wordCount\":423,\"publisher\":{\"@id\":\"https:\\\/\\\/www.organisator.ch\\\/#organization\"},\"image\":{\"@id\":\"https:\\\/\\\/www.organisator.ch\\\/management\\\/2025-04-02\\\/wo-visionaere-die-zukunft-gestalten\\\/#primaryimage\"},\"thumbnailUrl\":\"https:\\\/\\\/www.m-q.ch\\\/wp-content\\\/uploads\\\/2025\\\/04\\\/Wo-Visionaere-die-Zukunft-gestalten_MQ.jpg\",\"keywords\":[\"Awards\",\"Business Excellence\",\"ESG\",\"ethische Leistung\",\"Innovation\",\"Leadership\"],\"articleSection\":[\"MANAGEMENT\"],\"inLanguage\":\"fr-FR\"},{\"@type\":\"WebPage\",\"@id\":\"https:\\\/\\\/www.organisator.ch\\\/management\\\/2025-04-02\\\/wo-visionaere-die-zukunft-gestalten\\\/\",\"url\":\"https:\\\/\\\/www.organisator.ch\\\/management\\\/2025-04-02\\\/wo-visionaere-die-zukunft-gestalten\\\/\",\"name\":\"Wo Vision\u00e4re die Zukunft gestalten - Organisator\",\"isPartOf\":{\"@id\":\"https:\\\/\\\/www.organisator.ch\\\/#website\"},\"primaryImageOfPage\":{\"@id\":\"https:\\\/\\\/www.organisator.ch\\\/management\\\/2025-04-02\\\/wo-visionaere-die-zukunft-gestalten\\\/#primaryimage\"},\"image\":{\"@id\":\"https:\\\/\\\/www.organisator.ch\\\/management\\\/2025-04-02\\\/wo-visionaere-die-zukunft-gestalten\\\/#primaryimage\"},\"thumbnailUrl\":\"https:\\\/\\\/www.m-q.ch\\\/wp-content\\\/uploads\\\/2025\\\/04\\\/Wo-Visionaere-die-Zukunft-gestalten_MQ.jpg\",\"datePublished\":\"2025-04-02T11:45:37+00:00\",\"description\":\"Mit dem Motto \\\"Wo Vision\u00e4re die Zukunft gestalten\\\" stellt das Future Leadership Forum ethische Innovation als Game Changer in den Fokus.\",\"breadcrumb\":{\"@id\":\"https:\\\/\\\/www.organisator.ch\\\/management\\\/2025-04-02\\\/wo-visionaere-die-zukunft-gestalten\\\/#breadcrumb\"},\"inLanguage\":\"fr-FR\",\"potentialAction\":[{\"@type\":\"ReadAction\",\"target\":[\"https:\\\/\\\/www.organisator.ch\\\/management\\\/2025-04-02\\\/wo-visionaere-die-zukunft-gestalten\\\/\"]}]},{\"@type\":\"ImageObject\",\"inLanguage\":\"fr-FR\",\"@id\":\"https:\\\/\\\/www.organisator.ch\\\/management\\\/2025-04-02\\\/wo-visionaere-die-zukunft-gestalten\\\/#primaryimage\",\"url\":\"https:\\\/\\\/www.m-q.ch\\\/wp-content\\\/uploads\\\/2025\\\/04\\\/Wo-Visionaere-die-Zukunft-gestalten_MQ.jpg\",\"contentUrl\":\"https:\\\/\\\/www.m-q.ch\\\/wp-content\\\/uploads\\\/2025\\\/04\\\/Wo-Visionaere-die-Zukunft-gestalten_MQ.jpg\"},{\"@type\":\"BreadcrumbList\",\"@id\":\"https:\\\/\\\/www.organisator.ch\\\/management\\\/2025-04-02\\\/wo-visionaere-die-zukunft-gestalten\\\/#breadcrumb\",\"itemListElement\":[{\"@type\":\"ListItem\",\"position\":1,\"name\":\"Home\",\"item\":\"https:\\\/\\\/www.organisator.ch\\\/\"},{\"@type\":\"ListItem\",\"position\":2,\"name\":\"Wo Vision\u00e4re die Zukunft gestalten\"}]},{\"@type\":\"WebSite\",\"@id\":\"https:\\\/\\\/www.organisator.ch\\\/#website\",\"url\":\"https:\\\/\\\/www.organisator.ch\\\/\",\"name\":\"Organisator\",\"description\":\"Kompetent. Praxisnah. Der ORGANISATOR bereitet in 10 Ausgaben pro Jahr die wesentlichen Themen f\u00fcr F\u00fchrungskr\u00e4fte von KMU auf.\",\"publisher\":{\"@id\":\"https:\\\/\\\/www.organisator.ch\\\/#organization\"},\"potentialAction\":[{\"@type\":\"SearchAction\",\"target\":{\"@type\":\"EntryPoint\",\"urlTemplate\":\"https:\\\/\\\/www.organisator.ch\\\/?s={search_term_string}\"},\"query-input\":{\"@type\":\"PropertyValueSpecification\",\"valueRequired\":true,\"valueName\":\"search_term_string\"}}],\"inLanguage\":\"fr-FR\"},{\"@type\":\"Organization\",\"@id\":\"https:\\\/\\\/www.organisator.ch\\\/#organization\",\"name\":\"Organisator\",\"url\":\"https:\\\/\\\/www.organisator.ch\\\/\",\"logo\":{\"@type\":\"ImageObject\",\"inLanguage\":\"fr-FR\",\"@id\":\"https:\\\/\\\/www.organisator.ch\\\/#\\\/schema\\\/logo\\\/image\\\/\",\"url\":\"https:\\\/\\\/www.organisator.ch\\\/wp-content\\\/uploads\\\/2022\\\/01\\\/Logo_Organisator_Website.png\",\"contentUrl\":\"https:\\\/\\\/www.organisator.ch\\\/wp-content\\\/uploads\\\/2022\\\/01\\\/Logo_Organisator_Website.png\",\"width\":800,\"height\":77,\"caption\":\"Organisator\"},\"image\":{\"@id\":\"https:\\\/\\\/www.organisator.ch\\\/#\\\/schema\\\/logo\\\/image\\\/\"},\"sameAs\":[\"https:\\\/\\\/www.facebook.com\\\/OrganisatorFachmagazin\",\"https:\\\/\\\/www.linkedin.com\\\/showcase\\\/organisator-das-magazin-fr-kmu\",\"https:\\\/\\\/www.xing.com\\\/news\\\/pages\\\/organisator-ch-695\",\"https:\\\/\\\/www.youtube.com\\\/channel\\\/UCGP2Sq0iWaZwT3BdIAQFYpw\"]},{\"@type\":\"Person\",\"@id\":\"https:\\\/\\\/www.organisator.ch\\\/#\\\/schema\\\/person\\\/4e51799071cd2dd1232ac003643ef5f0\",\"name\":\"galledia\",\"image\":{\"@type\":\"ImageObject\",\"inLanguage\":\"fr-FR\",\"@id\":\"https:\\\/\\\/secure.gravatar.com\\\/avatar\\\/78a7f90c01fc2bfc875782a0d4922b37cde2cf184ce347b91316d23cd7f69a36?s=96&d=mm&r=g\",\"url\":\"https:\\\/\\\/secure.gravatar.com\\\/avatar\\\/78a7f90c01fc2bfc875782a0d4922b37cde2cf184ce347b91316d23cd7f69a36?s=96&d=mm&r=g\",\"contentUrl\":\"https:\\\/\\\/secure.gravatar.com\\\/avatar\\\/78a7f90c01fc2bfc875782a0d4922b37cde2cf184ce347b91316d23cd7f69a36?s=96&d=mm&r=g\",\"caption\":\"galledia\"},\"sameAs\":[\"https:\\\/\\\/x.com\\\/admin\"],\"url\":\"https:\\\/\\\/www.organisator.ch\\\/fr\\\/author\\\/galledia\\\/\"}]}<\/script>\n<!-- \/ Yoast SEO plugin. -->","yoast_head_json":{"title":"L\u00e0 o\u00f9 les visionnaires fa\u00e7onnent l'avenir - Organisateur","description":"Avec le slogan \"L\u00e0 o\u00f9 les visionnaires fa\u00e7onnent l'avenir\", le Future Leadership Forum met l'accent sur l'innovation \u00e9thique en tant que game changer.","robots":{"index":"index","follow":"follow","max-snippet":"max-snippet:-1","max-image-preview":"max-image-preview:large","max-video-preview":"max-video-preview:-1"},"canonical":"https:\/\/www.organisator.ch\/fr\/gestion-2\/2025-04-02\/wo-visionaere-die-zukunft-gestalten\/","og_locale":"fr_FR","og_type":"article","og_title":"Wo Vision\u00e4re die Zukunft gestalten - Organisator","og_description":"Mit dem Motto \"Wo Vision\u00e4re die Zukunft gestalten\" stellt das Future Leadership Forum ethische Innovation als Game Changer in den Fokus.","og_url":"https:\/\/www.organisator.ch\/fr\/gestion-2\/2025-04-02\/wo-visionaere-die-zukunft-gestalten\/","og_site_name":"Organisator","article_publisher":"https:\/\/www.facebook.com\/OrganisatorFachmagazin","article_published_time":"2025-04-02T11:45:37+00:00","og_image":[{"width":377,"height":468,"url":"https:\/\/www.organisator.ch\/wp-content\/uploads\/2023\/08\/Marketing_Auftakt_Bild2_organisator_54585.jpg","type":"image\/jpeg"}],"author":"galledia","twitter_card":"summary_large_image","twitter_creator":"@admin","schema":{"@context":"https:\/\/schema.org","@graph":[{"@type":"Article","@id":"https:\/\/www.organisator.ch\/management\/2025-04-02\/wo-visionaere-die-zukunft-gestalten\/#article","isPartOf":{"@id":"https:\/\/www.organisator.ch\/management\/2025-04-02\/wo-visionaere-die-zukunft-gestalten\/"},"author":{"name":"galledia","@id":"https:\/\/www.organisator.ch\/#\/schema\/person\/4e51799071cd2dd1232ac003643ef5f0"},"headline":"Wo Vision\u00e4re die Zukunft gestalten","datePublished":"2025-04-02T11:45:37+00:00","mainEntityOfPage":{"@id":"https:\/\/www.organisator.ch\/management\/2025-04-02\/wo-visionaere-die-zukunft-gestalten\/"},"wordCount":423,"publisher":{"@id":"https:\/\/www.organisator.ch\/#organization"},"image":{"@id":"https:\/\/www.organisator.ch\/management\/2025-04-02\/wo-visionaere-die-zukunft-gestalten\/#primaryimage"},"thumbnailUrl":"https:\/\/www.m-q.ch\/wp-content\/uploads\/2025\/04\/Wo-Visionaere-die-Zukunft-gestalten_MQ.jpg","keywords":["Awards","Business Excellence","ESG","ethische Leistung","Innovation","Leadership"],"articleSection":["MANAGEMENT"],"inLanguage":"fr-FR"},{"@type":"WebPage","@id":"https:\/\/www.organisator.ch\/management\/2025-04-02\/wo-visionaere-die-zukunft-gestalten\/","url":"https:\/\/www.organisator.ch\/management\/2025-04-02\/wo-visionaere-die-zukunft-gestalten\/","name":"L\u00e0 o\u00f9 les visionnaires fa\u00e7onnent l'avenir - Organisateur","isPartOf":{"@id":"https:\/\/www.organisator.ch\/#website"},"primaryImageOfPage":{"@id":"https:\/\/www.organisator.ch\/management\/2025-04-02\/wo-visionaere-die-zukunft-gestalten\/#primaryimage"},"image":{"@id":"https:\/\/www.organisator.ch\/management\/2025-04-02\/wo-visionaere-die-zukunft-gestalten\/#primaryimage"},"thumbnailUrl":"https:\/\/www.m-q.ch\/wp-content\/uploads\/2025\/04\/Wo-Visionaere-die-Zukunft-gestalten_MQ.jpg","datePublished":"2025-04-02T11:45:37+00:00","description":"Avec le slogan \"L\u00e0 o\u00f9 les visionnaires fa\u00e7onnent l'avenir\", le Future Leadership Forum met l'accent sur l'innovation \u00e9thique en tant que game changer.","breadcrumb":{"@id":"https:\/\/www.organisator.ch\/management\/2025-04-02\/wo-visionaere-die-zukunft-gestalten\/#breadcrumb"},"inLanguage":"fr-FR","potentialAction":[{"@type":"ReadAction","target":["https:\/\/www.organisator.ch\/management\/2025-04-02\/wo-visionaere-die-zukunft-gestalten\/"]}]},{"@type":"ImageObject","inLanguage":"fr-FR","@id":"https:\/\/www.organisator.ch\/management\/2025-04-02\/wo-visionaere-die-zukunft-gestalten\/#primaryimage","url":"https:\/\/www.m-q.ch\/wp-content\/uploads\/2025\/04\/Wo-Visionaere-die-Zukunft-gestalten_MQ.jpg","contentUrl":"https:\/\/www.m-q.ch\/wp-content\/uploads\/2025\/04\/Wo-Visionaere-die-Zukunft-gestalten_MQ.jpg"},{"@type":"BreadcrumbList","@id":"https:\/\/www.organisator.ch\/management\/2025-04-02\/wo-visionaere-die-zukunft-gestalten\/#breadcrumb","itemListElement":[{"@type":"ListItem","position":1,"name":"Home","item":"https:\/\/www.organisator.ch\/"},{"@type":"ListItem","position":2,"name":"Wo Vision\u00e4re die Zukunft gestalten"}]},{"@type":"WebSite","@id":"https:\/\/www.organisator.ch\/#website","url":"https:\/\/www.organisator.ch\/","name":"Organisateur","description":"Comp\u00e9tence et comp\u00e9tence. Proches de la pratique. L'ORGANISATEUR pr\u00e9pare 10 num\u00e9ros par an sur les th\u00e8mes essentiels pour les dirigeants de PME.","publisher":{"@id":"https:\/\/www.organisator.ch\/#organization"},"potentialAction":[{"@type":"SearchAction","target":{"@type":"EntryPoint","urlTemplate":"https:\/\/www.organisator.ch\/?s={search_term_string}"},"query-input":{"@type":"PropertyValueSpecification","valueRequired":true,"valueName":"search_term_string"}}],"inLanguage":"fr-FR"},{"@type":"Organization","@id":"https:\/\/www.organisator.ch\/#organization","name":"Organisateur","url":"https:\/\/www.organisator.ch\/","logo":{"@type":"ImageObject","inLanguage":"fr-FR","@id":"https:\/\/www.organisator.ch\/#\/schema\/logo\/image\/","url":"https:\/\/www.organisator.ch\/wp-content\/uploads\/2022\/01\/Logo_Organisator_Website.png","contentUrl":"https:\/\/www.organisator.ch\/wp-content\/uploads\/2022\/01\/Logo_Organisator_Website.png","width":800,"height":77,"caption":"Organisator"},"image":{"@id":"https:\/\/www.organisator.ch\/#\/schema\/logo\/image\/"},"sameAs":["https:\/\/www.facebook.com\/OrganisatorFachmagazin","https:\/\/www.linkedin.com\/showcase\/organisator-das-magazin-fr-kmu","https:\/\/www.xing.com\/news\/pages\/organisator-ch-695","https:\/\/www.youtube.com\/channel\/UCGP2Sq0iWaZwT3BdIAQFYpw"]},{"@type":"Person","@id":"https:\/\/www.organisator.ch\/#\/schema\/person\/4e51799071cd2dd1232ac003643ef5f0","name":"galledia","image":{"@type":"ImageObject","inLanguage":"fr-FR","@id":"https:\/\/secure.gravatar.com\/avatar\/78a7f90c01fc2bfc875782a0d4922b37cde2cf184ce347b91316d23cd7f69a36?s=96&d=mm&r=g","url":"https:\/\/secure.gravatar.com\/avatar\/78a7f90c01fc2bfc875782a0d4922b37cde2cf184ce347b91316d23cd7f69a36?s=96&d=mm&r=g","contentUrl":"https:\/\/secure.gravatar.com\/avatar\/78a7f90c01fc2bfc875782a0d4922b37cde2cf184ce347b91316d23cd7f69a36?s=96&d=mm&r=g","caption":"galledia"},"sameAs":["https:\/\/x.com\/admin"],"url":"https:\/\/www.organisator.ch\/fr\/author\/galledia\/"}]}},"_links":{"self":[{"href":"https:\/\/www.organisator.ch\/fr\/wp-json\/wp\/v2\/posts\/37349","targetHints":{"allow":["GET"]}}],"collection":[{"href":"https:\/\/www.organisator.ch\/fr\/wp-json\/wp\/v2\/posts"}],"about":[{"href":"https:\/\/www.organisator.ch\/fr\/wp-json\/wp\/v2\/types\/post"}],"author":[{"embeddable":true,"href":"https:\/\/www.organisator.ch\/fr\/wp-json\/wp\/v2\/users\/8"}],"replies":[{"embeddable":true,"href":"https:\/\/www.organisator.ch\/fr\/wp-json\/wp\/v2\/comments?post=37349"}],"version-history":[{"count":6,"href":"https:\/\/www.organisator.ch\/fr\/wp-json\/wp\/v2\/posts\/37349\/revisions"}],"predecessor-version":[{"id":37390,"href":"https:\/\/www.organisator.ch\/fr\/wp-json\/wp\/v2\/posts\/37349\/revisions\/37390"}],"wp:attachment":[{"href":"https:\/\/www.organisator.ch\/fr\/wp-json\/wp\/v2\/media?parent=37349"}],"wp:term":[{"taxonomy":"category","embeddable":true,"href":"https:\/\/www.organisator.ch\/fr\/wp-json\/wp\/v2\/categories?post=37349"},{"taxonomy":"post_tag","embeddable":true,"href":"https:\/\/www.organisator.ch\/fr\/wp-json\/wp\/v2\/tags?post=37349"}],"curies":[{"name":"wp","href":"https:\/\/api.w.org\/{rel}","templated":true}]}}