{"id":37405,"date":"2025-04-03T08:53:30","date_gmt":"2025-04-03T06:53:30","guid":{"rendered":"https:\/\/www.organisator.ch\/?p=37405"},"modified":"2025-05-02T07:17:31","modified_gmt":"2025-05-02T05:17:31","slug":"die-wichtigsten-jobs-fuer-die-gesellschaft","status":"publish","type":"post","link":"https:\/\/www.organisator.ch\/fr\/human-resources\/2025-04-03\/die-wichtigsten-jobs-fuer-die-gesellschaft\/","title":{"rendered":"Les emplois les plus importants pour la soci\u00e9t\u00e9"},"content":{"rendered":"<figure id=\"attachment_37406\" aria-describedby=\"caption-attachment-37406\" style=\"width: 680px\" class=\"wp-caption alignnone\"><img loading=\"lazy\" decoding=\"async\" class=\"size-full wp-image-37406\" src=\"https:\/\/www.organisator.ch\/wp-content\/uploads\/2025\/04\/Die-wichtigsten-Jobs-fuer-die-Gesellschaft-1_Organisator.jpg\" alt=\"\" width=\"680\" height=\"454\" srcset=\"https:\/\/www.organisator.ch\/wp-content\/uploads\/2025\/04\/Die-wichtigsten-Jobs-fuer-die-Gesellschaft-1_Organisator.jpg 680w, https:\/\/www.organisator.ch\/wp-content\/uploads\/2025\/04\/Die-wichtigsten-Jobs-fuer-die-Gesellschaft-1_Organisator-18x12.jpg 18w, https:\/\/www.organisator.ch\/wp-content\/uploads\/2025\/04\/Die-wichtigsten-Jobs-fuer-die-Gesellschaft-1_Organisator-375x250.jpg 375w, https:\/\/www.organisator.ch\/wp-content\/uploads\/2025\/04\/Die-wichtigsten-Jobs-fuer-die-Gesellschaft-1_Organisator-524x350.jpg 524w\" sizes=\"auto, (max-width: 680px) 100vw, 680px\" \/><figcaption id=\"caption-attachment-37406\" class=\"wp-caption-text\">A \u00e9t\u00e9 \u00e9lu par les participants du HR Festival Europe comme le job le plus important pour la soci\u00e9t\u00e9 : La profession de sage-femme. (Image : Depositphotos.com)<\/figcaption><\/figure>\n<p>La plate-forme d'emploi Publicjobs.ch s'est sp\u00e9cialis\u00e9e dans les emplois dits \"porteurs de sens\" en Suisse. Elle propose des postes dans l'administration publique, l'enseignement, la sant\u00e9 et le social, les entreprises d'\u00e9lectricit\u00e9 et de transport ainsi que les fondations, les f\u00e9d\u00e9rations, les associations, les \u00e9glises et les entreprises proches de l'Etat. Selon ses propres indications, l'entreprise a pu g\u00e9n\u00e9rer ces derni\u00e8res ann\u00e9es une \u00e9norme croissance (plus de 500% au cours des 4 derni\u00e8res ann\u00e9es) du nombre de visiteurs\/visiteuses.\u00a0<\/p>\n<h3>Le sens avant le salaire et le prestige<\/h3>\n<p>Dans le discours social sur la vie professionnelle, le sens et la contribution \u00e0 la soci\u00e9t\u00e9 sont souvent cit\u00e9s comme des crit\u00e8res de d\u00e9cision pertinents pour le choix du lieu de travail\/de l'emploi. Les jeunes travailleurs et les d\u00e9butants, en particulier, pr\u00e9f\u00e8rent un tel champ d'action et sont pr\u00eats \u00e0 renoncer \u00e0 leur salaire et\/ou \u00e0 leur prestige. Il est int\u00e9ressant de se demander si la popularit\u00e9 du profil professionnel et l'importance sociale jouent \u00e9galement un r\u00f4le. Il existe ici de grandes diff\u00e9rences et ce sont souvent les emplois les moins visibles qui apportent une contribution importante \u00e0 la soci\u00e9t\u00e9. En menant une enqu\u00eate lors du salon \"HR Festival Europe\", Publicjobs a voulu savoir si l'importance \u00e9tait li\u00e9e \u00e0 la popularit\u00e9 et \u00e0 la visibilit\u00e9 des profils professionnels ou si les diff\u00e9rents profils \u00e9taient \u00e9valu\u00e9s de la m\u00eame mani\u00e8re. L'enqu\u00eate doit montrer quels sont les m\u00e9tiers et les domaines d'activit\u00e9 les plus pertinents du point de vue des professionnels des RH et des demandeurs d'emploi. Les plus de 400 participants ont ensuite d\u00e9sign\u00e9 un net favori parmi sept profils professionnels : Sage-femme a \u00e9t\u00e9 d\u00e9sign\u00e9e gagnante avec une large avance (31%), suivie d'\u00e9lectricien\/ne de r\u00e9seau (19%) et de psychologue scolaire (16%). Les autres profils professionnels \u00e9taient assistant(e) social(e), gardien(ne) de prison, collaborateur(trice) de l'entretien des routes et collecteur(trice) de fonds. Nous avons d\u00e9lib\u00e9r\u00e9ment choisi des professions\/possibilit\u00e9s de r\u00e9ponse qui ne sont en soi pas tr\u00e8s pr\u00e9sentes dans le discours public.<\/p>\n<figure id=\"attachment_37407\" aria-describedby=\"caption-attachment-37407\" style=\"width: 680px\" class=\"wp-caption alignnone\"><img loading=\"lazy\" decoding=\"async\" class=\"size-full wp-image-37407\" src=\"https:\/\/www.organisator.ch\/wp-content\/uploads\/2025\/04\/Die-wichtigsten-Jobs-fuer-die-Gesellschaft-2_Organisator.jpg\" alt=\"\" width=\"680\" height=\"382\" srcset=\"https:\/\/www.organisator.ch\/wp-content\/uploads\/2025\/04\/Die-wichtigsten-Jobs-fuer-die-Gesellschaft-2_Organisator.jpg 680w, https:\/\/www.organisator.ch\/wp-content\/uploads\/2025\/04\/Die-wichtigsten-Jobs-fuer-die-Gesellschaft-2_Organisator-18x10.jpg 18w, https:\/\/www.organisator.ch\/wp-content\/uploads\/2025\/04\/Die-wichtigsten-Jobs-fuer-die-Gesellschaft-2_Organisator-375x211.jpg 375w, https:\/\/www.organisator.ch\/wp-content\/uploads\/2025\/04\/Die-wichtigsten-Jobs-fuer-die-Gesellschaft-2_Organisator-623x350.jpg 623w\" sizes=\"auto, (max-width: 680px) 100vw, 680px\" \/><figcaption id=\"caption-attachment-37407\" class=\"wp-caption-text\">Source : Publicjobs.ch<\/figcaption><\/figure>\n<h3>Le r\u00e9sultat : un signal clair du monde des RH et de l'emploi<\/h3>\n<p>Les r\u00e9sultats du vote montrent que : Les sages-femmes ont \u00e9t\u00e9 clairement choisies par le public suisse sp\u00e9cialis\u00e9 (dans le domaine des ressources humaines \/ RH) comme l'emploi le plus pertinent pour la soci\u00e9t\u00e9, avec 31% des voix. En ce qui concerne le domaine d'activit\u00e9 le plus pertinent, le domaine de l'\u00e9ducation a re\u00e7u un nombre de voix particuli\u00e8rement \u00e9lev\u00e9 (40%). Ce domaine a r\u00e9cemment fait l'objet de nombreuses discussions sur la p\u00e9nurie d'enseignants et le manque de rel\u00e8ve. Pour la plate-forme d'emploi Publicjobs, qui se concentre comme nous l'avons dit sur les emplois qui ont un sens, ce r\u00e9sultat n'est pas une surprise. \"L'\u00e9l\u00e9ment porteur de sens est un crit\u00e8re important dans la recherche d'un emploi. Le domaine d'activit\u00e9 et la contribution qu'une organisation apporte \u00e0 la vie en soci\u00e9t\u00e9 sont aujourd'hui des crit\u00e8res de diff\u00e9renciation importants pour attirer des collaborateurs sur un march\u00e9 tr\u00e8s concurrentiel. Le fait que ce soit la sage-femme qui symbolise le mieux cet aspect est pour nous tout \u00e0 fait logique\", commente Olivier Diserens, Co-CEO de Publicjobs, \u00e0 propos des r\u00e9sultats de l'enqu\u00eate.<\/p>\n<figure id=\"attachment_37408\" aria-describedby=\"caption-attachment-37408\" style=\"width: 680px\" class=\"wp-caption alignnone\"><img loading=\"lazy\" decoding=\"async\" class=\"size-full wp-image-37408\" src=\"https:\/\/www.organisator.ch\/wp-content\/uploads\/2025\/04\/Die-wichtigsten-Jobs-fuer-die-Gesellschaft-3_Organisator.png\" alt=\"\" width=\"680\" height=\"382\" srcset=\"https:\/\/www.organisator.ch\/wp-content\/uploads\/2025\/04\/Die-wichtigsten-Jobs-fuer-die-Gesellschaft-3_Organisator.png 680w, https:\/\/www.organisator.ch\/wp-content\/uploads\/2025\/04\/Die-wichtigsten-Jobs-fuer-die-Gesellschaft-3_Organisator-18x10.png 18w, https:\/\/www.organisator.ch\/wp-content\/uploads\/2025\/04\/Die-wichtigsten-Jobs-fuer-die-Gesellschaft-3_Organisator-375x211.png 375w, https:\/\/www.organisator.ch\/wp-content\/uploads\/2025\/04\/Die-wichtigsten-Jobs-fuer-die-Gesellschaft-3_Organisator-623x350.png 623w\" sizes=\"auto, (max-width: 680px) 100vw, 680px\" \/><figcaption id=\"caption-attachment-37408\" class=\"wp-caption-text\">Source : Publicjobs.ch<\/figcaption><\/figure>\n<p><em>Source et informations compl\u00e9mentaires : <a href=\"https:\/\/www.publicjobs.ch\/\">Publicjobs.ch<\/a><\/em><\/p>","protected":false},"excerpt":{"rendered":"<p>Dans le cadre du salon \"HR Festival Europe\" \u00e0 Zurich, Publicjobs a demand\u00e9 aux visiteurs professionnels quel \u00e9tait, selon eux, le poste le plus important pour la soci\u00e9t\u00e9. Les participants avaient le choix entre sept m\u00e9tiers diff\u00e9rents ayant une port\u00e9e sociale.<\/p>","protected":false},"author":4,"featured_media":37406,"comment_status":"closed","ping_status":"closed","sticky":false,"template":"","format":"standard","meta":{"_acf_changed":false,"_yoast_wpseo_focuskw":"Die wichtigsten Jobs","_yoast_wpseo_metadesc":"Am \u00abHR Festival Europe\u00bb in Z\u00fcrich wurden die Fachbesucher\/-innen gefragt, welche die wichtigsten Jobs f\u00fcr die Gesellschaft seien.","articlekey":"","footnotes":""},"categories":[579],"tags":[193,1280,254,5253,459],"class_list":["post-37405","post","type-post","status-publish","format-standard","has-post-thumbnail","hentry","category-human-resources","tag-fachkongressfachmesse","tag-gesellschaft","tag-hrm","tag-sinnstiftende-jobs","tag-studie"],"acf":[],"yoast_head":"<!-- This site is optimized with the Yoast SEO plugin v27.4 - https:\/\/yoast.com\/product\/yoast-seo-wordpress\/ -->\n<title>Die wichtigsten Jobs f\u00fcr die Gesellschaft - Organisator<\/title>\n<meta name=\"description\" content=\"Am \u00abHR Festival Europe\u00bb in Z\u00fcrich wurden die Fachbesucher\/-innen gefragt, welche die wichtigsten Jobs f\u00fcr die Gesellschaft seien.\" \/>\n<meta name=\"robots\" content=\"index, follow, max-snippet:-1, max-image-preview:large, max-video-preview:-1\" \/>\n<link rel=\"canonical\" href=\"https:\/\/www.organisator.ch\/fr\/ressources-humaines\/2025-04-03\/die-wichtigsten-jobs-fuer-die-gesellschaft\/\" \/>\n<meta property=\"og:locale\" content=\"fr_FR\" \/>\n<meta property=\"og:type\" content=\"article\" \/>\n<meta property=\"og:title\" content=\"Die wichtigsten Jobs f\u00fcr die Gesellschaft\" \/>\n<meta property=\"og:description\" content=\"Am \u00abHR Festival Europe\u00bb in Z\u00fcrich wurden die Fachbesucher\/-innen gefragt, welche die wichtigsten Jobs f\u00fcr die Gesellschaft seien.\" \/>\n<meta property=\"og:url\" content=\"https:\/\/www.organisator.ch\/fr\/ressources-humaines\/2025-04-03\/die-wichtigsten-jobs-fuer-die-gesellschaft\/\" \/>\n<meta property=\"og:site_name\" content=\"Organisator\" \/>\n<meta property=\"article:publisher\" content=\"https:\/\/www.facebook.com\/OrganisatorFachmagazin\" \/>\n<meta property=\"article:published_time\" content=\"2025-04-03T06:53:30+00:00\" \/>\n<meta property=\"article:modified_time\" content=\"2025-05-02T05:17:31+00:00\" \/>\n<meta property=\"og:image\" content=\"https:\/\/www.organisator.ch\/wp-content\/uploads\/2025\/04\/Die-wichtigsten-Jobs-fuer-die-Gesellschaft-1_Organisator.jpg\" \/>\n\t<meta property=\"og:image:width\" content=\"680\" \/>\n\t<meta property=\"og:image:height\" content=\"454\" \/>\n\t<meta property=\"og:image:type\" content=\"image\/jpeg\" \/>\n<meta name=\"author\" content=\"thomas.berner\" \/>\n<meta name=\"twitter:card\" content=\"summary_large_image\" \/>\n<meta name=\"twitter:title\" content=\"Die wichtigsten Jobs f\u00fcr die #Gesellschaft\" \/>\n<meta name=\"twitter:description\" content=\"Am \u00abHR Festival Europe\u00bb in Z\u00fcrich wurden die Fachbesucher\/-innen gefragt, welche die wichtigsten #Jobs f\u00fcr die #Gesellschaft seien.\" \/>\n<meta name=\"twitter:image\" content=\"https:\/\/www.organisator.ch\/wp-content\/uploads\/2025\/04\/Die-wichtigsten-Jobs-fuer-die-Gesellschaft-1_Organisator.jpg\" \/>\n<script type=\"application\/ld+json\" class=\"yoast-schema-graph\">{\"@context\":\"https:\\\/\\\/schema.org\",\"@graph\":[{\"@type\":\"Article\",\"@id\":\"https:\\\/\\\/www.organisator.ch\\\/human-resources\\\/2025-04-03\\\/die-wichtigsten-jobs-fuer-die-gesellschaft\\\/#article\",\"isPartOf\":{\"@id\":\"https:\\\/\\\/www.organisator.ch\\\/human-resources\\\/2025-04-03\\\/die-wichtigsten-jobs-fuer-die-gesellschaft\\\/\"},\"author\":{\"name\":\"thomas.berner\",\"@id\":\"https:\\\/\\\/www.organisator.ch\\\/#\\\/schema\\\/person\\\/6f650f90b2842cd4c0cc334b4e36f67e\"},\"headline\":\"Die wichtigsten Jobs f\u00fcr die Gesellschaft\",\"datePublished\":\"2025-04-03T06:53:30+00:00\",\"dateModified\":\"2025-05-02T05:17:31+00:00\",\"mainEntityOfPage\":{\"@id\":\"https:\\\/\\\/www.organisator.ch\\\/human-resources\\\/2025-04-03\\\/die-wichtigsten-jobs-fuer-die-gesellschaft\\\/\"},\"wordCount\":497,\"publisher\":{\"@id\":\"https:\\\/\\\/www.organisator.ch\\\/#organization\"},\"image\":{\"@id\":\"https:\\\/\\\/www.organisator.ch\\\/human-resources\\\/2025-04-03\\\/die-wichtigsten-jobs-fuer-die-gesellschaft\\\/#primaryimage\"},\"thumbnailUrl\":\"https:\\\/\\\/www.organisator.ch\\\/wp-content\\\/uploads\\\/2025\\\/04\\\/Die-wichtigsten-Jobs-fuer-die-Gesellschaft-1_Organisator.jpg\",\"keywords\":[\"Fachkongress\\\/Fachmesse\",\"Gesellschaft\",\"HRM\",\"sinnstiftende Jobs\",\"Studie\"],\"articleSection\":[\"HUMAN RESOURCES\"],\"inLanguage\":\"fr-FR\"},{\"@type\":\"WebPage\",\"@id\":\"https:\\\/\\\/www.organisator.ch\\\/human-resources\\\/2025-04-03\\\/die-wichtigsten-jobs-fuer-die-gesellschaft\\\/\",\"url\":\"https:\\\/\\\/www.organisator.ch\\\/human-resources\\\/2025-04-03\\\/die-wichtigsten-jobs-fuer-die-gesellschaft\\\/\",\"name\":\"Die wichtigsten Jobs f\u00fcr die Gesellschaft - Organisator\",\"isPartOf\":{\"@id\":\"https:\\\/\\\/www.organisator.ch\\\/#website\"},\"primaryImageOfPage\":{\"@id\":\"https:\\\/\\\/www.organisator.ch\\\/human-resources\\\/2025-04-03\\\/die-wichtigsten-jobs-fuer-die-gesellschaft\\\/#primaryimage\"},\"image\":{\"@id\":\"https:\\\/\\\/www.organisator.ch\\\/human-resources\\\/2025-04-03\\\/die-wichtigsten-jobs-fuer-die-gesellschaft\\\/#primaryimage\"},\"thumbnailUrl\":\"https:\\\/\\\/www.organisator.ch\\\/wp-content\\\/uploads\\\/2025\\\/04\\\/Die-wichtigsten-Jobs-fuer-die-Gesellschaft-1_Organisator.jpg\",\"datePublished\":\"2025-04-03T06:53:30+00:00\",\"dateModified\":\"2025-05-02T05:17:31+00:00\",\"description\":\"Am \u00abHR Festival Europe\u00bb in Z\u00fcrich wurden die Fachbesucher\\\/-innen gefragt, welche die wichtigsten Jobs f\u00fcr die Gesellschaft seien.\",\"breadcrumb\":{\"@id\":\"https:\\\/\\\/www.organisator.ch\\\/human-resources\\\/2025-04-03\\\/die-wichtigsten-jobs-fuer-die-gesellschaft\\\/#breadcrumb\"},\"inLanguage\":\"fr-FR\",\"potentialAction\":[{\"@type\":\"ReadAction\",\"target\":[\"https:\\\/\\\/www.organisator.ch\\\/human-resources\\\/2025-04-03\\\/die-wichtigsten-jobs-fuer-die-gesellschaft\\\/\"]}]},{\"@type\":\"ImageObject\",\"inLanguage\":\"fr-FR\",\"@id\":\"https:\\\/\\\/www.organisator.ch\\\/human-resources\\\/2025-04-03\\\/die-wichtigsten-jobs-fuer-die-gesellschaft\\\/#primaryimage\",\"url\":\"https:\\\/\\\/www.organisator.ch\\\/wp-content\\\/uploads\\\/2025\\\/04\\\/Die-wichtigsten-Jobs-fuer-die-Gesellschaft-1_Organisator.jpg\",\"contentUrl\":\"https:\\\/\\\/www.organisator.ch\\\/wp-content\\\/uploads\\\/2025\\\/04\\\/Die-wichtigsten-Jobs-fuer-die-Gesellschaft-1_Organisator.jpg\",\"width\":680,\"height\":454,\"caption\":\"Wurde von Teilnehmenden des HR Festivals Europe zur gesellschaftlich wichtigsten Job gew\u00e4hlt: Die Hebamme. (Bild: Depositphotos.com)\"},{\"@type\":\"BreadcrumbList\",\"@id\":\"https:\\\/\\\/www.organisator.ch\\\/human-resources\\\/2025-04-03\\\/die-wichtigsten-jobs-fuer-die-gesellschaft\\\/#breadcrumb\",\"itemListElement\":[{\"@type\":\"ListItem\",\"position\":1,\"name\":\"Home\",\"item\":\"https:\\\/\\\/www.organisator.ch\\\/\"},{\"@type\":\"ListItem\",\"position\":2,\"name\":\"Die wichtigsten Jobs f\u00fcr die Gesellschaft\"}]},{\"@type\":\"WebSite\",\"@id\":\"https:\\\/\\\/www.organisator.ch\\\/#website\",\"url\":\"https:\\\/\\\/www.organisator.ch\\\/\",\"name\":\"Organisator\",\"description\":\"Kompetent. Praxisnah. Der ORGANISATOR bereitet in 10 Ausgaben pro Jahr die wesentlichen Themen f\u00fcr F\u00fchrungskr\u00e4fte von KMU auf.\",\"publisher\":{\"@id\":\"https:\\\/\\\/www.organisator.ch\\\/#organization\"},\"potentialAction\":[{\"@type\":\"SearchAction\",\"target\":{\"@type\":\"EntryPoint\",\"urlTemplate\":\"https:\\\/\\\/www.organisator.ch\\\/?s={search_term_string}\"},\"query-input\":{\"@type\":\"PropertyValueSpecification\",\"valueRequired\":true,\"valueName\":\"search_term_string\"}}],\"inLanguage\":\"fr-FR\"},{\"@type\":\"Organization\",\"@id\":\"https:\\\/\\\/www.organisator.ch\\\/#organization\",\"name\":\"Organisator\",\"url\":\"https:\\\/\\\/www.organisator.ch\\\/\",\"logo\":{\"@type\":\"ImageObject\",\"inLanguage\":\"fr-FR\",\"@id\":\"https:\\\/\\\/www.organisator.ch\\\/#\\\/schema\\\/logo\\\/image\\\/\",\"url\":\"https:\\\/\\\/www.organisator.ch\\\/wp-content\\\/uploads\\\/2022\\\/01\\\/Logo_Organisator_Website.png\",\"contentUrl\":\"https:\\\/\\\/www.organisator.ch\\\/wp-content\\\/uploads\\\/2022\\\/01\\\/Logo_Organisator_Website.png\",\"width\":800,\"height\":77,\"caption\":\"Organisator\"},\"image\":{\"@id\":\"https:\\\/\\\/www.organisator.ch\\\/#\\\/schema\\\/logo\\\/image\\\/\"},\"sameAs\":[\"https:\\\/\\\/www.facebook.com\\\/OrganisatorFachmagazin\",\"https:\\\/\\\/www.linkedin.com\\\/showcase\\\/organisator-das-magazin-fr-kmu\",\"https:\\\/\\\/www.xing.com\\\/news\\\/pages\\\/organisator-ch-695\",\"https:\\\/\\\/www.youtube.com\\\/channel\\\/UCGP2Sq0iWaZwT3BdIAQFYpw\"]},{\"@type\":\"Person\",\"@id\":\"https:\\\/\\\/www.organisator.ch\\\/#\\\/schema\\\/person\\\/6f650f90b2842cd4c0cc334b4e36f67e\",\"name\":\"thomas.berner\",\"image\":{\"@type\":\"ImageObject\",\"inLanguage\":\"fr-FR\",\"@id\":\"https:\\\/\\\/secure.gravatar.com\\\/avatar\\\/ac5001d2a36cb6c6cd3e50789007ffca834b477b74a2144564522e944eabff61?s=96&d=mm&r=g\",\"url\":\"https:\\\/\\\/secure.gravatar.com\\\/avatar\\\/ac5001d2a36cb6c6cd3e50789007ffca834b477b74a2144564522e944eabff61?s=96&d=mm&r=g\",\"contentUrl\":\"https:\\\/\\\/secure.gravatar.com\\\/avatar\\\/ac5001d2a36cb6c6cd3e50789007ffca834b477b74a2144564522e944eabff61?s=96&d=mm&r=g\",\"caption\":\"thomas.berner\"},\"url\":\"https:\\\/\\\/www.organisator.ch\\\/fr\\\/author\\\/thomas-berner\\\/\"}]}<\/script>\n<!-- \/ Yoast SEO plugin. -->","yoast_head_json":{"title":"Les emplois les plus importants pour la soci\u00e9t\u00e9 - Organisateur","description":"Lors du \"HR Festival Europe\" \u00e0 Zurich, on a demand\u00e9 aux visiteurs professionnels quels \u00e9taient les emplois les plus importants pour la soci\u00e9t\u00e9.","robots":{"index":"index","follow":"follow","max-snippet":"max-snippet:-1","max-image-preview":"max-image-preview:large","max-video-preview":"max-video-preview:-1"},"canonical":"https:\/\/www.organisator.ch\/fr\/ressources-humaines\/2025-04-03\/die-wichtigsten-jobs-fuer-die-gesellschaft\/","og_locale":"fr_FR","og_type":"article","og_title":"Die wichtigsten Jobs f\u00fcr die Gesellschaft","og_description":"Am \u00abHR Festival Europe\u00bb in Z\u00fcrich wurden die Fachbesucher\/-innen gefragt, welche die wichtigsten Jobs f\u00fcr die Gesellschaft seien.","og_url":"https:\/\/www.organisator.ch\/fr\/ressources-humaines\/2025-04-03\/die-wichtigsten-jobs-fuer-die-gesellschaft\/","og_site_name":"Organisator","article_publisher":"https:\/\/www.facebook.com\/OrganisatorFachmagazin","article_published_time":"2025-04-03T06:53:30+00:00","article_modified_time":"2025-05-02T05:17:31+00:00","og_image":[{"width":680,"height":454,"url":"https:\/\/www.organisator.ch\/wp-content\/uploads\/2025\/04\/Die-wichtigsten-Jobs-fuer-die-Gesellschaft-1_Organisator.jpg","type":"image\/jpeg"}],"author":"thomas.berner","twitter_card":"summary_large_image","twitter_title":"Die wichtigsten Jobs f\u00fcr die #Gesellschaft","twitter_description":"Am \u00abHR Festival Europe\u00bb in Z\u00fcrich wurden die Fachbesucher\/-innen gefragt, welche die wichtigsten #Jobs f\u00fcr die #Gesellschaft seien.","twitter_image":"https:\/\/www.organisator.ch\/wp-content\/uploads\/2025\/04\/Die-wichtigsten-Jobs-fuer-die-Gesellschaft-1_Organisator.jpg","schema":{"@context":"https:\/\/schema.org","@graph":[{"@type":"Article","@id":"https:\/\/www.organisator.ch\/human-resources\/2025-04-03\/die-wichtigsten-jobs-fuer-die-gesellschaft\/#article","isPartOf":{"@id":"https:\/\/www.organisator.ch\/human-resources\/2025-04-03\/die-wichtigsten-jobs-fuer-die-gesellschaft\/"},"author":{"name":"thomas.berner","@id":"https:\/\/www.organisator.ch\/#\/schema\/person\/6f650f90b2842cd4c0cc334b4e36f67e"},"headline":"Die wichtigsten Jobs f\u00fcr die Gesellschaft","datePublished":"2025-04-03T06:53:30+00:00","dateModified":"2025-05-02T05:17:31+00:00","mainEntityOfPage":{"@id":"https:\/\/www.organisator.ch\/human-resources\/2025-04-03\/die-wichtigsten-jobs-fuer-die-gesellschaft\/"},"wordCount":497,"publisher":{"@id":"https:\/\/www.organisator.ch\/#organization"},"image":{"@id":"https:\/\/www.organisator.ch\/human-resources\/2025-04-03\/die-wichtigsten-jobs-fuer-die-gesellschaft\/#primaryimage"},"thumbnailUrl":"https:\/\/www.organisator.ch\/wp-content\/uploads\/2025\/04\/Die-wichtigsten-Jobs-fuer-die-Gesellschaft-1_Organisator.jpg","keywords":["Fachkongress\/Fachmesse","Gesellschaft","HRM","sinnstiftende Jobs","Studie"],"articleSection":["HUMAN RESOURCES"],"inLanguage":"fr-FR"},{"@type":"WebPage","@id":"https:\/\/www.organisator.ch\/human-resources\/2025-04-03\/die-wichtigsten-jobs-fuer-die-gesellschaft\/","url":"https:\/\/www.organisator.ch\/human-resources\/2025-04-03\/die-wichtigsten-jobs-fuer-die-gesellschaft\/","name":"Les emplois les plus importants pour la soci\u00e9t\u00e9 - Organisateur","isPartOf":{"@id":"https:\/\/www.organisator.ch\/#website"},"primaryImageOfPage":{"@id":"https:\/\/www.organisator.ch\/human-resources\/2025-04-03\/die-wichtigsten-jobs-fuer-die-gesellschaft\/#primaryimage"},"image":{"@id":"https:\/\/www.organisator.ch\/human-resources\/2025-04-03\/die-wichtigsten-jobs-fuer-die-gesellschaft\/#primaryimage"},"thumbnailUrl":"https:\/\/www.organisator.ch\/wp-content\/uploads\/2025\/04\/Die-wichtigsten-Jobs-fuer-die-Gesellschaft-1_Organisator.jpg","datePublished":"2025-04-03T06:53:30+00:00","dateModified":"2025-05-02T05:17:31+00:00","description":"Lors du \"HR Festival Europe\" \u00e0 Zurich, on a demand\u00e9 aux visiteurs professionnels quels \u00e9taient les emplois les plus importants pour la soci\u00e9t\u00e9.","breadcrumb":{"@id":"https:\/\/www.organisator.ch\/human-resources\/2025-04-03\/die-wichtigsten-jobs-fuer-die-gesellschaft\/#breadcrumb"},"inLanguage":"fr-FR","potentialAction":[{"@type":"ReadAction","target":["https:\/\/www.organisator.ch\/human-resources\/2025-04-03\/die-wichtigsten-jobs-fuer-die-gesellschaft\/"]}]},{"@type":"ImageObject","inLanguage":"fr-FR","@id":"https:\/\/www.organisator.ch\/human-resources\/2025-04-03\/die-wichtigsten-jobs-fuer-die-gesellschaft\/#primaryimage","url":"https:\/\/www.organisator.ch\/wp-content\/uploads\/2025\/04\/Die-wichtigsten-Jobs-fuer-die-Gesellschaft-1_Organisator.jpg","contentUrl":"https:\/\/www.organisator.ch\/wp-content\/uploads\/2025\/04\/Die-wichtigsten-Jobs-fuer-die-Gesellschaft-1_Organisator.jpg","width":680,"height":454,"caption":"Wurde von Teilnehmenden des HR Festivals Europe zur gesellschaftlich wichtigsten Job gew\u00e4hlt: Die Hebamme. (Bild: Depositphotos.com)"},{"@type":"BreadcrumbList","@id":"https:\/\/www.organisator.ch\/human-resources\/2025-04-03\/die-wichtigsten-jobs-fuer-die-gesellschaft\/#breadcrumb","itemListElement":[{"@type":"ListItem","position":1,"name":"Home","item":"https:\/\/www.organisator.ch\/"},{"@type":"ListItem","position":2,"name":"Die wichtigsten Jobs f\u00fcr die Gesellschaft"}]},{"@type":"WebSite","@id":"https:\/\/www.organisator.ch\/#website","url":"https:\/\/www.organisator.ch\/","name":"Organisateur","description":"Comp\u00e9tence et comp\u00e9tence. Proches de la pratique. L'ORGANISATEUR pr\u00e9pare 10 num\u00e9ros par an sur les th\u00e8mes essentiels pour les dirigeants de PME.","publisher":{"@id":"https:\/\/www.organisator.ch\/#organization"},"potentialAction":[{"@type":"SearchAction","target":{"@type":"EntryPoint","urlTemplate":"https:\/\/www.organisator.ch\/?s={search_term_string}"},"query-input":{"@type":"PropertyValueSpecification","valueRequired":true,"valueName":"search_term_string"}}],"inLanguage":"fr-FR"},{"@type":"Organization","@id":"https:\/\/www.organisator.ch\/#organization","name":"Organisateur","url":"https:\/\/www.organisator.ch\/","logo":{"@type":"ImageObject","inLanguage":"fr-FR","@id":"https:\/\/www.organisator.ch\/#\/schema\/logo\/image\/","url":"https:\/\/www.organisator.ch\/wp-content\/uploads\/2022\/01\/Logo_Organisator_Website.png","contentUrl":"https:\/\/www.organisator.ch\/wp-content\/uploads\/2022\/01\/Logo_Organisator_Website.png","width":800,"height":77,"caption":"Organisator"},"image":{"@id":"https:\/\/www.organisator.ch\/#\/schema\/logo\/image\/"},"sameAs":["https:\/\/www.facebook.com\/OrganisatorFachmagazin","https:\/\/www.linkedin.com\/showcase\/organisator-das-magazin-fr-kmu","https:\/\/www.xing.com\/news\/pages\/organisator-ch-695","https:\/\/www.youtube.com\/channel\/UCGP2Sq0iWaZwT3BdIAQFYpw"]},{"@type":"Person","@id":"https:\/\/www.organisator.ch\/#\/schema\/person\/6f650f90b2842cd4c0cc334b4e36f67e","name":"thomas.berner","image":{"@type":"ImageObject","inLanguage":"fr-FR","@id":"https:\/\/secure.gravatar.com\/avatar\/ac5001d2a36cb6c6cd3e50789007ffca834b477b74a2144564522e944eabff61?s=96&d=mm&r=g","url":"https:\/\/secure.gravatar.com\/avatar\/ac5001d2a36cb6c6cd3e50789007ffca834b477b74a2144564522e944eabff61?s=96&d=mm&r=g","contentUrl":"https:\/\/secure.gravatar.com\/avatar\/ac5001d2a36cb6c6cd3e50789007ffca834b477b74a2144564522e944eabff61?s=96&d=mm&r=g","caption":"thomas.berner"},"url":"https:\/\/www.organisator.ch\/fr\/author\/thomas-berner\/"}]}},"_links":{"self":[{"href":"https:\/\/www.organisator.ch\/fr\/wp-json\/wp\/v2\/posts\/37405","targetHints":{"allow":["GET"]}}],"collection":[{"href":"https:\/\/www.organisator.ch\/fr\/wp-json\/wp\/v2\/posts"}],"about":[{"href":"https:\/\/www.organisator.ch\/fr\/wp-json\/wp\/v2\/types\/post"}],"author":[{"embeddable":true,"href":"https:\/\/www.organisator.ch\/fr\/wp-json\/wp\/v2\/users\/4"}],"replies":[{"embeddable":true,"href":"https:\/\/www.organisator.ch\/fr\/wp-json\/wp\/v2\/comments?post=37405"}],"version-history":[{"count":5,"href":"https:\/\/www.organisator.ch\/fr\/wp-json\/wp\/v2\/posts\/37405\/revisions"}],"predecessor-version":[{"id":37459,"href":"https:\/\/www.organisator.ch\/fr\/wp-json\/wp\/v2\/posts\/37405\/revisions\/37459"}],"wp:featuredmedia":[{"embeddable":true,"href":"https:\/\/www.organisator.ch\/fr\/wp-json\/wp\/v2\/media\/37406"}],"wp:attachment":[{"href":"https:\/\/www.organisator.ch\/fr\/wp-json\/wp\/v2\/media?parent=37405"}],"wp:term":[{"taxonomy":"category","embeddable":true,"href":"https:\/\/www.organisator.ch\/fr\/wp-json\/wp\/v2\/categories?post=37405"},{"taxonomy":"post_tag","embeddable":true,"href":"https:\/\/www.organisator.ch\/fr\/wp-json\/wp\/v2\/tags?post=37405"}],"curies":[{"name":"wp","href":"https:\/\/api.w.org\/{rel}","templated":true}]}}